{"id":143386,"date":"2024-09-07T22:23:04","date_gmt":"2024-09-08T01:23:04","guid":{"rendered":"https:\/\/noticiasmercedinas.com\/site\/?p=143386"},"modified":"2024-09-07T22:27:23","modified_gmt":"2024-09-08T01:27:23","slug":"chacinados-el-mercedino-y-un-homenaje-emocionante-en-la-fiesta-nacional-del-salame","status":"publish","type":"post","link":"https:\/\/noticiasmercedinas.com\/site\/2024\/09\/07\/chacinados-el-mercedino-y-un-homenaje-emocionante-en-la-fiesta-nacional-del-salame\/","title":{"rendered":"Chacinados El Mercedino y un homenaje emocionante en la Fiesta Nacional del Salame"},"content":{"rendered":"<p><img loading=\"lazy\" decoding=\"async\" class=\"alignnone size-full wp-image-143390\" src=\"https:\/\/noticiasmercedinas.com\/site\/wp-content\/uploads\/2024\/09\/elmercedino01.jpg\" alt=\"\" width=\"1600\" height=\"1204\" srcset=\"https:\/\/noticiasmercedinas.com\/site\/wp-content\/uploads\/2024\/09\/elmercedino01.jpg 1600w, https:\/\/noticiasmercedinas.com\/site\/wp-content\/uploads\/2024\/09\/elmercedino01-300x226.jpg 300w, https:\/\/noticiasmercedinas.com\/site\/wp-content\/uploads\/2024\/09\/elmercedino01-1024x771.jpg 1024w, https:\/\/noticiasmercedinas.com\/site\/wp-content\/uploads\/2024\/09\/elmercedino01-768x578.jpg 768w, https:\/\/noticiasmercedinas.com\/site\/wp-content\/uploads\/2024\/09\/elmercedino01-1536x1156.jpg 1536w, https:\/\/noticiasmercedinas.com\/site\/wp-content\/uploads\/2024\/09\/elmercedino01-80x60.jpg 80w, https:\/\/noticiasmercedinas.com\/site\/wp-content\/uploads\/2024\/09\/elmercedino01-160x120.jpg 160w, https:\/\/noticiasmercedinas.com\/site\/wp-content\/uploads\/2024\/09\/elmercedino01-100x75.jpg 100w, https:\/\/noticiasmercedinas.com\/site\/wp-content\/uploads\/2024\/09\/elmercedino01-200x150.jpg 200w, https:\/\/noticiasmercedinas.com\/site\/wp-content\/uploads\/2024\/09\/elmercedino01-180x135.jpg 180w, https:\/\/noticiasmercedinas.com\/site\/wp-content\/uploads\/2024\/09\/elmercedino01-360x270.jpg 360w, https:\/\/noticiasmercedinas.com\/site\/wp-content\/uploads\/2024\/09\/elmercedino01-238x178.jpg 238w, https:\/\/noticiasmercedinas.com\/site\/wp-content\/uploads\/2024\/09\/elmercedino01-640x482.jpg 640w, https:\/\/noticiasmercedinas.com\/site\/wp-content\/uploads\/2024\/09\/elmercedino01-1280x963.jpg 1280w, https:\/\/noticiasmercedinas.com\/site\/wp-content\/uploads\/2024\/09\/elmercedino01-681x512.jpg 681w, https:\/\/noticiasmercedinas.com\/site\/wp-content\/uploads\/2024\/09\/elmercedino01-1362x1025.jpg 1362w\" sizes=\"auto, (max-width: 1600px) 100vw, 1600px\" \/><\/p>\n<p>En la 49\u00ba edici\u00f3n de la Fiesta Nacional del Salame de Mercedes, Amanda, viuda del reconocido promotor del salame quintero Juan Carlos Berro expres\u00f3 su profunda emoci\u00f3n y agradecimiento por el homenaje recibido. La firme presencia de Amanda en el stand de Chacinados \u00abEl Mercedino\u00bb, junto a su familia, resalta la importancia del legado y los valores que su difunto esposo dej\u00f3 como herencia.<\/p>\n<p>En una entrevista con este medio, Amanda Berro destac\u00f3 el esfuerzo y la dedicaci\u00f3n que ella y su familia han invertido en esta fiesta que en esta edici\u00f3n 2024 lleva el nombre de su esposo. \u00abEs una fiesta hermosa que le da trabajo a todo Mercedes y a todos los productores. Estamos muy contentos con el homenaje que se le hizo. \u00c9l estar\u00eda feliz de ver a toda la familia trabajando y la respuesta del p\u00fablico\u00bb, expres\u00f3 Amanda, con voz cargada de emoci\u00f3n.<\/p>\n<blockquote><p>\u00abEstamos muy contentos con el homenaje que se le hizo. \u00c9l estar\u00eda feliz de ver a toda la familia trabajando y la respuesta del p\u00fablico\u00bb<\/p><\/blockquote>\n<p><img loading=\"lazy\" decoding=\"async\" class=\"alignnone size-full wp-image-143388\" src=\"https:\/\/noticiasmercedinas.com\/site\/wp-content\/uploads\/2024\/09\/elmercedino03.jpg\" alt=\"\" width=\"1600\" height=\"1204\" srcset=\"https:\/\/noticiasmercedinas.com\/site\/wp-content\/uploads\/2024\/09\/elmercedino03.jpg 1600w, https:\/\/noticiasmercedinas.com\/site\/wp-content\/uploads\/2024\/09\/elmercedino03-300x226.jpg 300w, https:\/\/noticiasmercedinas.com\/site\/wp-content\/uploads\/2024\/09\/elmercedino03-1024x771.jpg 1024w, https:\/\/noticiasmercedinas.com\/site\/wp-content\/uploads\/2024\/09\/elmercedino03-768x578.jpg 768w, https:\/\/noticiasmercedinas.com\/site\/wp-content\/uploads\/2024\/09\/elmercedino03-1536x1156.jpg 1536w, https:\/\/noticiasmercedinas.com\/site\/wp-content\/uploads\/2024\/09\/elmercedino03-80x60.jpg 80w, https:\/\/noticiasmercedinas.com\/site\/wp-content\/uploads\/2024\/09\/elmercedino03-160x120.jpg 160w, https:\/\/noticiasmercedinas.com\/site\/wp-content\/uploads\/2024\/09\/elmercedino03-100x75.jpg 100w, https:\/\/noticiasmercedinas.com\/site\/wp-content\/uploads\/2024\/09\/elmercedino03-200x150.jpg 200w, https:\/\/noticiasmercedinas.com\/site\/wp-content\/uploads\/2024\/09\/elmercedino03-180x135.jpg 180w, https:\/\/noticiasmercedinas.com\/site\/wp-content\/uploads\/2024\/09\/elmercedino03-360x270.jpg 360w, https:\/\/noticiasmercedinas.com\/site\/wp-content\/uploads\/2024\/09\/elmercedino03-238x178.jpg 238w, https:\/\/noticiasmercedinas.com\/site\/wp-content\/uploads\/2024\/09\/elmercedino03-640x482.jpg 640w, https:\/\/noticiasmercedinas.com\/site\/wp-content\/uploads\/2024\/09\/elmercedino03-1280x963.jpg 1280w, https:\/\/noticiasmercedinas.com\/site\/wp-content\/uploads\/2024\/09\/elmercedino03-681x512.jpg 681w, https:\/\/noticiasmercedinas.com\/site\/wp-content\/uploads\/2024\/09\/elmercedino03-1362x1025.jpg 1362w\" sizes=\"auto, (max-width: 1600px) 100vw, 1600px\" \/><\/p>\n<p>Amanda tambi\u00e9n agradeci\u00f3 a la comunidad por su apoyo y al intendente Juan Ignacio Ustarroz por su contribuci\u00f3n a la organizaci\u00f3n del evento. \u00abToda la familia ha puesto todo su esfuerzo en esto, y estamos muy agradecidos por el reconocimiento. \u00c9l siempre llam\u00f3 a la familia a trabajar, y ver a todos unidos en este evento es un sue\u00f1o hecho realidad\u00bb, a\u00f1adi\u00f3.<\/p>\n<p>El stand familiar, que exhibe videos de las presentaciones de Juan Carlos en programas de televisi\u00f3n como \u00abCocineros Argentinos\u00bb, se convirti\u00f3 en un punto de referencia en la fiesta. Amanda comparti\u00f3 que estos videos muestran c\u00f3mo \u00e9l presentaba la producci\u00f3n del salame e invitaba a la fiesta, un gesto que ella considera fundamental para mantener viva su memoria.<\/p>\n<p>La familia Berro sigue ofreciendo una variedad de productos tradicionales, entre ellos el ic\u00f3nico salame quintero, chorizo seco, longaniza, chorizo colorado y bondiola. Desde 1969, han mantenido la tradici\u00f3n artesanal heredada de los inmigrantes italianos y ahora esperan continuar con la cuarta generaci\u00f3n.<\/p>\n<p>Amanda concluy\u00f3 su intervenci\u00f3n resaltando el impacto positivo de la fiesta para la comunidad: \u00abEs un logro importante, especialmente en estos tiempos dif\u00edciles. La fiesta ha sido un \u00e9xito, y estamos muy agradecidos por el apoyo de la comunidad.\u00bb<\/p>\n<p>La Fiesta Nacional del Salame de Mercedes no solo celebra la tradici\u00f3n del salame quintero, sino que tambi\u00e9n rinde homenaje a quienes han dedicado su vida a promover y mantener viva esta rica tradici\u00f3n.<\/p>\n<p>Chacinados \u00abEl Mercedino\u00bb est\u00e1 en la esquina de avenida 16 y 19, Mercedes, y ofrece sus productos en CABA con servicio puerta a puerta. Adem\u00e1s vende por mayor y menor.<\/p>\n<p><strong>CHACINADOS EL MERCEDINO<\/strong><br \/>\n<strong>Instagram: <a href=\"https:\/\/www.instagram.com\/chacinadoselmercedino\/\">Chacinados El Mercedino<\/a><\/strong><br \/>\n<strong>Whats App: 2324 &#8211; 616509 \/ 690053 \/ 590647<\/strong><\/p>\n<p><img loading=\"lazy\" decoding=\"async\" class=\"alignnone size-full wp-image-143389\" src=\"https:\/\/noticiasmercedinas.com\/site\/wp-content\/uploads\/2024\/09\/elmercedino02.jpg\" alt=\"\" width=\"1600\" height=\"1204\" srcset=\"https:\/\/noticiasmercedinas.com\/site\/wp-content\/uploads\/2024\/09\/elmercedino02.jpg 1600w, https:\/\/noticiasmercedinas.com\/site\/wp-content\/uploads\/2024\/09\/elmercedino02-300x226.jpg 300w, https:\/\/noticiasmercedinas.com\/site\/wp-content\/uploads\/2024\/09\/elmercedino02-1024x771.jpg 1024w, https:\/\/noticiasmercedinas.com\/site\/wp-content\/uploads\/2024\/09\/elmercedino02-768x578.jpg 768w, https:\/\/noticiasmercedinas.com\/site\/wp-content\/uploads\/2024\/09\/elmercedino02-1536x1156.jpg 1536w, https:\/\/noticiasmercedinas.com\/site\/wp-content\/uploads\/2024\/09\/elmercedino02-80x60.jpg 80w, https:\/\/noticiasmercedinas.com\/site\/wp-content\/uploads\/2024\/09\/elmercedino02-160x120.jpg 160w, https:\/\/noticiasmercedinas.com\/site\/wp-content\/uploads\/2024\/09\/elmercedino02-100x75.jpg 100w, https:\/\/noticiasmercedinas.com\/site\/wp-content\/uploads\/2024\/09\/elmercedino02-200x150.jpg 200w, https:\/\/noticiasmercedinas.com\/site\/wp-content\/uploads\/2024\/09\/elmercedino02-180x135.jpg 180w, https:\/\/noticiasmercedinas.com\/site\/wp-content\/uploads\/2024\/09\/elmercedino02-360x270.jpg 360w, https:\/\/noticiasmercedinas.com\/site\/wp-content\/uploads\/2024\/09\/elmercedino02-238x178.jpg 238w, https:\/\/noticiasmercedinas.com\/site\/wp-content\/uploads\/2024\/09\/elmercedino02-640x482.jpg 640w, https:\/\/noticiasmercedinas.com\/site\/wp-content\/uploads\/2024\/09\/elmercedino02-1280x963.jpg 1280w, https:\/\/noticiasmercedinas.com\/site\/wp-content\/uploads\/2024\/09\/elmercedino02-681x512.jpg 681w, https:\/\/noticiasmercedinas.com\/site\/wp-content\/uploads\/2024\/09\/elmercedino02-1362x1025.jpg 1362w\" sizes=\"auto, (max-width: 1600px) 100vw, 1600px\" \/><\/p>\n","protected":false},"excerpt":{"rendered":"<p>\u25a0 El stand familiar, que exhibe videos de las presentaciones de Juan Carlos Berro en programas de televisi\u00f3n como \u00abCocineros Argentinos\u00bb, se convirti\u00f3 en un punto de referencia en la fiesta<\/p>\n","protected":false},"author":16,"featured_media":143390,"comment_status":"closed","ping_status":"closed","sticky":false,"template":"","format":"standard","meta":{"footnotes":""},"categories":[3],"tags":[978,31,862],"class_list":["post-143386","post","type-post","status-publish","format-standard","has-post-thumbnail","hentry","category-sociedad","tag-chacinados-el-mercedino","tag-fiesta-del-salame","tag-juan-carlos-berro"],"yoast_head":"<!-- This site is optimized with the Yoast SEO plugin v28.3 - https:\/\/yoast.com\/product\/yoast-seo-wordpress\/ -->\n<title>Chacinados El Mercedino y un homenaje emocionante en la Fiesta Nacional del Salame<\/title>\n<meta name=\"robots\" content=\"index, follow, max-snippet:-1, max-image-preview:large, max-video-preview:-1\" \/>\n<link rel=\"canonical\" href=\"https:\/\/noticiasmercedinas.com\/site\/2024\/09\/07\/chacinados-el-mercedino-y-un-homenaje-emocionante-en-la-fiesta-nacional-del-salame\/\" \/>\n<meta property=\"og:locale\" content=\"es_ES\" \/>\n<meta property=\"og:type\" content=\"article\" \/>\n<meta property=\"og:title\" content=\"Chacinados El Mercedino y un homenaje emocionante en la Fiesta Nacional del Salame\" \/>\n<meta property=\"og:description\" content=\"\u25a0 El stand familiar, que exhibe videos de las presentaciones de Juan Carlos Berro en programas de televisi\u00f3n como &quot;Cocineros Argentinos&quot;, se convirti\u00f3 en un punto de referencia en la fiesta\" \/>\n<meta property=\"og:url\" content=\"https:\/\/noticiasmercedinas.com\/site\/2024\/09\/07\/chacinados-el-mercedino-y-un-homenaje-emocionante-en-la-fiesta-nacional-del-salame\/\" \/>\n<meta property=\"og:site_name\" content=\"NOTICIASMERCEDINAS.COM\" \/>\n<meta property=\"article:publisher\" content=\"https:\/\/www.facebook.com\/noticiasmercedinas\/\" \/>\n<meta property=\"article:published_time\" content=\"2024-09-08T01:23:04+00:00\" \/>\n<meta property=\"article:modified_time\" content=\"2024-09-08T01:27:23+00:00\" \/>\n<meta property=\"og:image\" content=\"https:\/\/noticiasmercedinas.com\/site\/wp-content\/uploads\/2024\/09\/elmercedino01.jpg\" \/>\n\t<meta property=\"og:image:width\" content=\"1600\" \/>\n\t<meta property=\"og:image:height\" content=\"1204\" \/>\n\t<meta property=\"og:image:type\" content=\"image\/jpeg\" \/>\n<meta name=\"author\" content=\"NOTICIASMERCEDINAS.COM\" \/>\n<meta name=\"twitter:card\" content=\"summary_large_image\" \/>\n<meta name=\"twitter:creator\" content=\"@notmercedinas\" \/>\n<meta name=\"twitter:site\" content=\"@notmercedinas\" \/>\n<meta name=\"twitter:label1\" content=\"Escrito por\" \/>\n\t<meta name=\"twitter:data1\" content=\"NOTICIASMERCEDINAS.COM\" \/>\n\t<meta name=\"twitter:label2\" content=\"Tiempo de lectura\" \/>\n\t<meta name=\"twitter:data2\" content=\"2 minutos\" \/>\n<script type=\"application\/ld+json\" class=\"yoast-schema-graph\">{\"@context\":\"https:\\\/\\\/schema.org\",\"@graph\":[{\"@type\":\"Article\",\"@id\":\"https:\\\/\\\/noticiasmercedinas.com\\\/site\\\/2024\\\/09\\\/07\\\/chacinados-el-mercedino-y-un-homenaje-emocionante-en-la-fiesta-nacional-del-salame\\\/#article\",\"isPartOf\":{\"@id\":\"https:\\\/\\\/noticiasmercedinas.com\\\/site\\\/2024\\\/09\\\/07\\\/chacinados-el-mercedino-y-un-homenaje-emocionante-en-la-fiesta-nacional-del-salame\\\/\"},\"author\":{\"name\":\"NOTICIASMERCEDINAS.COM\",\"@id\":\"https:\\\/\\\/noticiasmercedinas.com\\\/site\\\/#\\\/schema\\\/person\\\/84b59c099c28ff2e8b77d4ceec5d8063\"},\"headline\":\"Chacinados El Mercedino y un homenaje emocionante en la Fiesta Nacional del Salame\",\"datePublished\":\"2024-09-08T01:23:04+00:00\",\"dateModified\":\"2024-09-08T01:27:23+00:00\",\"mainEntityOfPage\":{\"@id\":\"https:\\\/\\\/noticiasmercedinas.com\\\/site\\\/2024\\\/09\\\/07\\\/chacinados-el-mercedino-y-un-homenaje-emocionante-en-la-fiesta-nacional-del-salame\\\/\"},\"wordCount\":482,\"publisher\":{\"@id\":\"https:\\\/\\\/noticiasmercedinas.com\\\/site\\\/#organization\"},\"image\":{\"@id\":\"https:\\\/\\\/noticiasmercedinas.com\\\/site\\\/2024\\\/09\\\/07\\\/chacinados-el-mercedino-y-un-homenaje-emocionante-en-la-fiesta-nacional-del-salame\\\/#primaryimage\"},\"thumbnailUrl\":\"https:\\\/\\\/noticiasmercedinas.com\\\/site\\\/wp-content\\\/uploads\\\/2024\\\/09\\\/elmercedino01.jpg\",\"keywords\":[\"chacinados el mercedino\",\"fiesta del salame\",\"Juan Carlos Berro\"],\"articleSection\":[\"Sociedad\"],\"inLanguage\":\"es\"},{\"@type\":\"WebPage\",\"@id\":\"https:\\\/\\\/noticiasmercedinas.com\\\/site\\\/2024\\\/09\\\/07\\\/chacinados-el-mercedino-y-un-homenaje-emocionante-en-la-fiesta-nacional-del-salame\\\/\",\"url\":\"https:\\\/\\\/noticiasmercedinas.com\\\/site\\\/2024\\\/09\\\/07\\\/chacinados-el-mercedino-y-un-homenaje-emocionante-en-la-fiesta-nacional-del-salame\\\/\",\"name\":\"Chacinados El Mercedino y un homenaje emocionante en la Fiesta Nacional del Salame\",\"isPartOf\":{\"@id\":\"https:\\\/\\\/noticiasmercedinas.com\\\/site\\\/#website\"},\"primaryImageOfPage\":{\"@id\":\"https:\\\/\\\/noticiasmercedinas.com\\\/site\\\/2024\\\/09\\\/07\\\/chacinados-el-mercedino-y-un-homenaje-emocionante-en-la-fiesta-nacional-del-salame\\\/#primaryimage\"},\"image\":{\"@id\":\"https:\\\/\\\/noticiasmercedinas.com\\\/site\\\/2024\\\/09\\\/07\\\/chacinados-el-mercedino-y-un-homenaje-emocionante-en-la-fiesta-nacional-del-salame\\\/#primaryimage\"},\"thumbnailUrl\":\"https:\\\/\\\/noticiasmercedinas.com\\\/site\\\/wp-content\\\/uploads\\\/2024\\\/09\\\/elmercedino01.jpg\",\"datePublished\":\"2024-09-08T01:23:04+00:00\",\"dateModified\":\"2024-09-08T01:27:23+00:00\",\"breadcrumb\":{\"@id\":\"https:\\\/\\\/noticiasmercedinas.com\\\/site\\\/2024\\\/09\\\/07\\\/chacinados-el-mercedino-y-un-homenaje-emocionante-en-la-fiesta-nacional-del-salame\\\/#breadcrumb\"},\"inLanguage\":\"es\",\"potentialAction\":[{\"@type\":\"ReadAction\",\"target\":[\"https:\\\/\\\/noticiasmercedinas.com\\\/site\\\/2024\\\/09\\\/07\\\/chacinados-el-mercedino-y-un-homenaje-emocionante-en-la-fiesta-nacional-del-salame\\\/\"]}]},{\"@type\":\"ImageObject\",\"inLanguage\":\"es\",\"@id\":\"https:\\\/\\\/noticiasmercedinas.com\\\/site\\\/2024\\\/09\\\/07\\\/chacinados-el-mercedino-y-un-homenaje-emocionante-en-la-fiesta-nacional-del-salame\\\/#primaryimage\",\"url\":\"https:\\\/\\\/noticiasmercedinas.com\\\/site\\\/wp-content\\\/uploads\\\/2024\\\/09\\\/elmercedino01.jpg\",\"contentUrl\":\"https:\\\/\\\/noticiasmercedinas.com\\\/site\\\/wp-content\\\/uploads\\\/2024\\\/09\\\/elmercedino01.jpg\",\"width\":1600,\"height\":1204},{\"@type\":\"BreadcrumbList\",\"@id\":\"https:\\\/\\\/noticiasmercedinas.com\\\/site\\\/2024\\\/09\\\/07\\\/chacinados-el-mercedino-y-un-homenaje-emocionante-en-la-fiesta-nacional-del-salame\\\/#breadcrumb\",\"itemListElement\":[{\"@type\":\"ListItem\",\"position\":1,\"name\":\"Portada\",\"item\":\"https:\\\/\\\/noticiasmercedinas.com\\\/site\\\/\"},{\"@type\":\"ListItem\",\"position\":2,\"name\":\"Chacinados El Mercedino y un homenaje emocionante en la Fiesta Nacional del Salame\"}]},{\"@type\":\"WebSite\",\"@id\":\"https:\\\/\\\/noticiasmercedinas.com\\\/site\\\/#website\",\"url\":\"https:\\\/\\\/noticiasmercedinas.com\\\/site\\\/\",\"name\":\"NOTICIASMERCEDINAS.COM\",\"description\":\"Mercedes, Buenos Aires, Argentina\",\"publisher\":{\"@id\":\"https:\\\/\\\/noticiasmercedinas.com\\\/site\\\/#organization\"},\"potentialAction\":[{\"@type\":\"SearchAction\",\"target\":{\"@type\":\"EntryPoint\",\"urlTemplate\":\"https:\\\/\\\/noticiasmercedinas.com\\\/site\\\/?s={search_term_string}\"},\"query-input\":{\"@type\":\"PropertyValueSpecification\",\"valueRequired\":true,\"valueName\":\"search_term_string\"}}],\"inLanguage\":\"es\"},{\"@type\":\"Organization\",\"@id\":\"https:\\\/\\\/noticiasmercedinas.com\\\/site\\\/#organization\",\"name\":\"NOTICIASMERCEDINAS.COM\",\"url\":\"https:\\\/\\\/noticiasmercedinas.com\\\/site\\\/\",\"logo\":{\"@type\":\"ImageObject\",\"inLanguage\":\"es\",\"@id\":\"https:\\\/\\\/noticiasmercedinas.com\\\/site\\\/#\\\/schema\\\/logo\\\/image\\\/\",\"url\":\"https:\\\/\\\/noticiasmercedinas.com\\\/site\\\/wp-content\\\/uploads\\\/2020\\\/06\\\/LOGO-512.jpg\",\"contentUrl\":\"https:\\\/\\\/noticiasmercedinas.com\\\/site\\\/wp-content\\\/uploads\\\/2020\\\/06\\\/LOGO-512.jpg\",\"width\":512,\"height\":512,\"caption\":\"NOTICIASMERCEDINAS.COM\"},\"image\":{\"@id\":\"https:\\\/\\\/noticiasmercedinas.com\\\/site\\\/#\\\/schema\\\/logo\\\/image\\\/\"},\"sameAs\":[\"https:\\\/\\\/www.facebook.com\\\/noticiasmercedinas\\\/\",\"https:\\\/\\\/x.com\\\/notmercedinas\",\"https:\\\/\\\/www.instagram.com\\\/noticiasmercedinas\\\/\"]},{\"@type\":\"Person\",\"@id\":\"https:\\\/\\\/noticiasmercedinas.com\\\/site\\\/#\\\/schema\\\/person\\\/84b59c099c28ff2e8b77d4ceec5d8063\",\"name\":\"NOTICIASMERCEDINAS.COM\",\"image\":{\"@type\":\"ImageObject\",\"inLanguage\":\"es\",\"@id\":\"https:\\\/\\\/secure.gravatar.com\\\/avatar\\\/4dfbf16b4d17945bfb6341b2d19043457132fcf478a5ee04f42e959fd8f5df0a?s=96&d=mm&r=g\",\"url\":\"https:\\\/\\\/secure.gravatar.com\\\/avatar\\\/4dfbf16b4d17945bfb6341b2d19043457132fcf478a5ee04f42e959fd8f5df0a?s=96&d=mm&r=g\",\"contentUrl\":\"https:\\\/\\\/secure.gravatar.com\\\/avatar\\\/4dfbf16b4d17945bfb6341b2d19043457132fcf478a5ee04f42e959fd8f5df0a?s=96&d=mm&r=g\",\"caption\":\"NOTICIASMERCEDINAS.COM\"},\"url\":\"https:\\\/\\\/noticiasmercedinas.com\\\/site\\\/author\\\/anonimo\\\/\"}]}<\/script>\n<!-- \/ Yoast SEO plugin. -->","yoast_head_json":{"title":"Chacinados El Mercedino y un homenaje emocionante en la Fiesta Nacional del Salame","robots":{"index":"index","follow":"follow","max-snippet":"max-snippet:-1","max-image-preview":"max-image-preview:large","max-video-preview":"max-video-preview:-1"},"canonical":"https:\/\/noticiasmercedinas.com\/site\/2024\/09\/07\/chacinados-el-mercedino-y-un-homenaje-emocionante-en-la-fiesta-nacional-del-salame\/","og_locale":"es_ES","og_type":"article","og_title":"Chacinados El Mercedino y un homenaje emocionante en la Fiesta Nacional del Salame","og_description":"\u25a0 El stand familiar, que exhibe videos de las presentaciones de Juan Carlos Berro en programas de televisi\u00f3n como \"Cocineros Argentinos\", se convirti\u00f3 en un punto de referencia en la fiesta","og_url":"https:\/\/noticiasmercedinas.com\/site\/2024\/09\/07\/chacinados-el-mercedino-y-un-homenaje-emocionante-en-la-fiesta-nacional-del-salame\/","og_site_name":"NOTICIASMERCEDINAS.COM","article_publisher":"https:\/\/www.facebook.com\/noticiasmercedinas\/","article_published_time":"2024-09-08T01:23:04+00:00","article_modified_time":"2024-09-08T01:27:23+00:00","og_image":[{"width":1600,"height":1204,"url":"https:\/\/noticiasmercedinas.com\/site\/wp-content\/uploads\/2024\/09\/elmercedino01.jpg","type":"image\/jpeg"}],"author":"NOTICIASMERCEDINAS.COM","twitter_card":"summary_large_image","twitter_creator":"@notmercedinas","twitter_site":"@notmercedinas","twitter_misc":{"Escrito por":"NOTICIASMERCEDINAS.COM","Tiempo de lectura":"2 minutos"},"schema":{"@context":"https:\/\/schema.org","@graph":[{"@type":"Article","@id":"https:\/\/noticiasmercedinas.com\/site\/2024\/09\/07\/chacinados-el-mercedino-y-un-homenaje-emocionante-en-la-fiesta-nacional-del-salame\/#article","isPartOf":{"@id":"https:\/\/noticiasmercedinas.com\/site\/2024\/09\/07\/chacinados-el-mercedino-y-un-homenaje-emocionante-en-la-fiesta-nacional-del-salame\/"},"author":{"name":"NOTICIASMERCEDINAS.COM","@id":"https:\/\/noticiasmercedinas.com\/site\/#\/schema\/person\/84b59c099c28ff2e8b77d4ceec5d8063"},"headline":"Chacinados El Mercedino y un homenaje emocionante en la Fiesta Nacional del Salame","datePublished":"2024-09-08T01:23:04+00:00","dateModified":"2024-09-08T01:27:23+00:00","mainEntityOfPage":{"@id":"https:\/\/noticiasmercedinas.com\/site\/2024\/09\/07\/chacinados-el-mercedino-y-un-homenaje-emocionante-en-la-fiesta-nacional-del-salame\/"},"wordCount":482,"publisher":{"@id":"https:\/\/noticiasmercedinas.com\/site\/#organization"},"image":{"@id":"https:\/\/noticiasmercedinas.com\/site\/2024\/09\/07\/chacinados-el-mercedino-y-un-homenaje-emocionante-en-la-fiesta-nacional-del-salame\/#primaryimage"},"thumbnailUrl":"https:\/\/noticiasmercedinas.com\/site\/wp-content\/uploads\/2024\/09\/elmercedino01.jpg","keywords":["chacinados el mercedino","fiesta del salame","Juan Carlos Berro"],"articleSection":["Sociedad"],"inLanguage":"es"},{"@type":"WebPage","@id":"https:\/\/noticiasmercedinas.com\/site\/2024\/09\/07\/chacinados-el-mercedino-y-un-homenaje-emocionante-en-la-fiesta-nacional-del-salame\/","url":"https:\/\/noticiasmercedinas.com\/site\/2024\/09\/07\/chacinados-el-mercedino-y-un-homenaje-emocionante-en-la-fiesta-nacional-del-salame\/","name":"Chacinados El Mercedino y un homenaje emocionante en la Fiesta Nacional del Salame","isPartOf":{"@id":"https:\/\/noticiasmercedinas.com\/site\/#website"},"primaryImageOfPage":{"@id":"https:\/\/noticiasmercedinas.com\/site\/2024\/09\/07\/chacinados-el-mercedino-y-un-homenaje-emocionante-en-la-fiesta-nacional-del-salame\/#primaryimage"},"image":{"@id":"https:\/\/noticiasmercedinas.com\/site\/2024\/09\/07\/chacinados-el-mercedino-y-un-homenaje-emocionante-en-la-fiesta-nacional-del-salame\/#primaryimage"},"thumbnailUrl":"https:\/\/noticiasmercedinas.com\/site\/wp-content\/uploads\/2024\/09\/elmercedino01.jpg","datePublished":"2024-09-08T01:23:04+00:00","dateModified":"2024-09-08T01:27:23+00:00","breadcrumb":{"@id":"https:\/\/noticiasmercedinas.com\/site\/2024\/09\/07\/chacinados-el-mercedino-y-un-homenaje-emocionante-en-la-fiesta-nacional-del-salame\/#breadcrumb"},"inLanguage":"es","potentialAction":[{"@type":"ReadAction","target":["https:\/\/noticiasmercedinas.com\/site\/2024\/09\/07\/chacinados-el-mercedino-y-un-homenaje-emocionante-en-la-fiesta-nacional-del-salame\/"]}]},{"@type":"ImageObject","inLanguage":"es","@id":"https:\/\/noticiasmercedinas.com\/site\/2024\/09\/07\/chacinados-el-mercedino-y-un-homenaje-emocionante-en-la-fiesta-nacional-del-salame\/#primaryimage","url":"https:\/\/noticiasmercedinas.com\/site\/wp-content\/uploads\/2024\/09\/elmercedino01.jpg","contentUrl":"https:\/\/noticiasmercedinas.com\/site\/wp-content\/uploads\/2024\/09\/elmercedino01.jpg","width":1600,"height":1204},{"@type":"BreadcrumbList","@id":"https:\/\/noticiasmercedinas.com\/site\/2024\/09\/07\/chacinados-el-mercedino-y-un-homenaje-emocionante-en-la-fiesta-nacional-del-salame\/#breadcrumb","itemListElement":[{"@type":"ListItem","position":1,"name":"Portada","item":"https:\/\/noticiasmercedinas.com\/site\/"},{"@type":"ListItem","position":2,"name":"Chacinados El Mercedino y un homenaje emocionante en la Fiesta Nacional del Salame"}]},{"@type":"WebSite","@id":"https:\/\/noticiasmercedinas.com\/site\/#website","url":"https:\/\/noticiasmercedinas.com\/site\/","name":"NOTICIASMERCEDINAS.COM","description":"Mercedes, Buenos Aires, Argentina","publisher":{"@id":"https:\/\/noticiasmercedinas.com\/site\/#organization"},"potentialAction":[{"@type":"SearchAction","target":{"@type":"EntryPoint","urlTemplate":"https:\/\/noticiasmercedinas.com\/site\/?s={search_term_string}"},"query-input":{"@type":"PropertyValueSpecification","valueRequired":true,"valueName":"search_term_string"}}],"inLanguage":"es"},{"@type":"Organization","@id":"https:\/\/noticiasmercedinas.com\/site\/#organization","name":"NOTICIASMERCEDINAS.COM","url":"https:\/\/noticiasmercedinas.com\/site\/","logo":{"@type":"ImageObject","inLanguage":"es","@id":"https:\/\/noticiasmercedinas.com\/site\/#\/schema\/logo\/image\/","url":"https:\/\/noticiasmercedinas.com\/site\/wp-content\/uploads\/2020\/06\/LOGO-512.jpg","contentUrl":"https:\/\/noticiasmercedinas.com\/site\/wp-content\/uploads\/2020\/06\/LOGO-512.jpg","width":512,"height":512,"caption":"NOTICIASMERCEDINAS.COM"},"image":{"@id":"https:\/\/noticiasmercedinas.com\/site\/#\/schema\/logo\/image\/"},"sameAs":["https:\/\/www.facebook.com\/noticiasmercedinas\/","https:\/\/x.com\/notmercedinas","https:\/\/www.instagram.com\/noticiasmercedinas\/"]},{"@type":"Person","@id":"https:\/\/noticiasmercedinas.com\/site\/#\/schema\/person\/84b59c099c28ff2e8b77d4ceec5d8063","name":"NOTICIASMERCEDINAS.COM","image":{"@type":"ImageObject","inLanguage":"es","@id":"https:\/\/secure.gravatar.com\/avatar\/4dfbf16b4d17945bfb6341b2d19043457132fcf478a5ee04f42e959fd8f5df0a?s=96&d=mm&r=g","url":"https:\/\/secure.gravatar.com\/avatar\/4dfbf16b4d17945bfb6341b2d19043457132fcf478a5ee04f42e959fd8f5df0a?s=96&d=mm&r=g","contentUrl":"https:\/\/secure.gravatar.com\/avatar\/4dfbf16b4d17945bfb6341b2d19043457132fcf478a5ee04f42e959fd8f5df0a?s=96&d=mm&r=g","caption":"NOTICIASMERCEDINAS.COM"},"url":"https:\/\/noticiasmercedinas.com\/site\/author\/anonimo\/"}]}},"amp_enabled":true,"_links":{"self":[{"href":"https:\/\/noticiasmercedinas.com\/site\/wp-json\/wp\/v2\/posts\/143386","targetHints":{"allow":["GET"]}}],"collection":[{"href":"https:\/\/noticiasmercedinas.com\/site\/wp-json\/wp\/v2\/posts"}],"about":[{"href":"https:\/\/noticiasmercedinas.com\/site\/wp-json\/wp\/v2\/types\/post"}],"author":[{"embeddable":true,"href":"https:\/\/noticiasmercedinas.com\/site\/wp-json\/wp\/v2\/users\/16"}],"replies":[{"embeddable":true,"href":"https:\/\/noticiasmercedinas.com\/site\/wp-json\/wp\/v2\/comments?post=143386"}],"version-history":[{"count":2,"href":"https:\/\/noticiasmercedinas.com\/site\/wp-json\/wp\/v2\/posts\/143386\/revisions"}],"predecessor-version":[{"id":143392,"href":"https:\/\/noticiasmercedinas.com\/site\/wp-json\/wp\/v2\/posts\/143386\/revisions\/143392"}],"wp:featuredmedia":[{"embeddable":true,"href":"https:\/\/noticiasmercedinas.com\/site\/wp-json\/wp\/v2\/media\/143390"}],"wp:attachment":[{"href":"https:\/\/noticiasmercedinas.com\/site\/wp-json\/wp\/v2\/media?parent=143386"}],"wp:term":[{"taxonomy":"category","embeddable":true,"href":"https:\/\/noticiasmercedinas.com\/site\/wp-json\/wp\/v2\/categories?post=143386"},{"taxonomy":"post_tag","embeddable":true,"href":"https:\/\/noticiasmercedinas.com\/site\/wp-json\/wp\/v2\/tags?post=143386"}],"curies":[{"name":"wp","href":"https:\/\/api.w.org\/{rel}","templated":true}]}}