{"id":143393,"date":"2024-09-07T22:51:31","date_gmt":"2024-09-08T01:51:31","guid":{"rendered":"https:\/\/noticiasmercedinas.com\/site\/?p=143393"},"modified":"2024-09-07T22:51:48","modified_gmt":"2024-09-08T01:51:48","slug":"lucas-losino-joven-productor-agradecido-que-se-incorporo-hace-poco-a-la-fiesta-del-salame","status":"publish","type":"post","link":"https:\/\/noticiasmercedinas.com\/site\/2024\/09\/07\/lucas-losino-joven-productor-agradecido-que-se-incorporo-hace-poco-a-la-fiesta-del-salame\/","title":{"rendered":"Lucas Losinno: joven productor agradecido que se incorpor\u00f3 hace poco a la Fiesta del Salame"},"content":{"rendered":"<p><img loading=\"lazy\" decoding=\"async\" class=\"alignnone size-full wp-image-143397\" src=\"https:\/\/noticiasmercedinas.com\/site\/wp-content\/uploads\/2024\/09\/LOSINNO01.jpg\" alt=\"\" width=\"640\" height=\"431\" srcset=\"https:\/\/noticiasmercedinas.com\/site\/wp-content\/uploads\/2024\/09\/LOSINNO01.jpg 640w, https:\/\/noticiasmercedinas.com\/site\/wp-content\/uploads\/2024\/09\/LOSINNO01-300x202.jpg 300w\" sizes=\"auto, (max-width: 640px) 100vw, 640px\" \/><\/p>\n<p>La Fiesta Nacional del Salame Quintero de Mercedes, uno de los eventos gastron\u00f3micos m\u00e1s esperados del a\u00f1o, se encuentra en plena ebullici\u00f3n y uno de los protagonistas destacados de esta edici\u00f3n es <strong>Lucas Losinno<\/strong>, de Chacinados Losinno. A pesar de ser una de las empresas familiares m\u00e1s j\u00f3venes en el sector de producci\u00f3n de chacinados, Losinno ha logrado posicionarse como uno de los siete productores estrella de la celebraci\u00f3n popular que se lleva a cabo en el Parque Municipal.<\/p>\n<p>En una conversaci\u00f3n con este medio, Lucas Losinno comparti\u00f3 su entusiasmo y gratitud por formar parte de esta festividad. \u201cEs un honor y un orgullo estar aqu\u00ed\u201d, expres\u00f3 con humildad. \u201cAdem\u00e1s, esta fiesta est\u00e1 dedicada a Juan Carlos Berro, un productor del que aprend\u00ed mucho, lo que hace que este evento sea a\u00fan m\u00e1s especial para nosotros\u201d.<\/p>\n<p>Losinno destac\u00f3 la impresionante organizaci\u00f3n del evento y c\u00f3mo Mercedes se ha posicionado para atraer al turismo. \u201cLa fiesta est\u00e1 muy concurrida, y estamos solo en la segunda jornada. Estoy seguro de que ma\u00f1ana, domingo, veremos un aluvi\u00f3n de gente\u201d, coment\u00f3. Su entusiasmo es palpable al describir c\u00f3mo su stand ha sido un centro de atracci\u00f3n, lleno de visitantes que se han acercado para probar sus productos.<\/p>\n<p>La empresa, que para esta ocasi\u00f3n inici\u00f3 su producci\u00f3n hace casi un mes y medio, ha puesto un gran esfuerzo en preparar su oferta para el evento. \u201cApostamos mucho este a\u00f1o, porque aqu\u00ed invertir implica un gran riesgo. El clima, la humedad, todo puede jugar en contra. Pero, hasta ahora, todo ha salido como lo imaginamos\u201d, explic\u00f3 Losinno. Esta es la tercera vez que participan en la fiesta, y a pesar de ser el productor m\u00e1s joven y menos experimentado en comparaci\u00f3n con otros, la dedicaci\u00f3n y el esfuerzo est\u00e1n dando sus frutos.<\/p>\n<p><img loading=\"lazy\" decoding=\"async\" class=\"alignnone size-full wp-image-143394\" src=\"https:\/\/noticiasmercedinas.com\/site\/wp-content\/uploads\/2024\/09\/cf57332c-72a8-4366-acf1-32e184fffcca.jpg\" alt=\"\" width=\"1600\" height=\"1204\" srcset=\"https:\/\/noticiasmercedinas.com\/site\/wp-content\/uploads\/2024\/09\/cf57332c-72a8-4366-acf1-32e184fffcca.jpg 1600w, https:\/\/noticiasmercedinas.com\/site\/wp-content\/uploads\/2024\/09\/cf57332c-72a8-4366-acf1-32e184fffcca-300x226.jpg 300w, https:\/\/noticiasmercedinas.com\/site\/wp-content\/uploads\/2024\/09\/cf57332c-72a8-4366-acf1-32e184fffcca-1024x771.jpg 1024w, https:\/\/noticiasmercedinas.com\/site\/wp-content\/uploads\/2024\/09\/cf57332c-72a8-4366-acf1-32e184fffcca-768x578.jpg 768w, https:\/\/noticiasmercedinas.com\/site\/wp-content\/uploads\/2024\/09\/cf57332c-72a8-4366-acf1-32e184fffcca-1536x1156.jpg 1536w, https:\/\/noticiasmercedinas.com\/site\/wp-content\/uploads\/2024\/09\/cf57332c-72a8-4366-acf1-32e184fffcca-80x60.jpg 80w, https:\/\/noticiasmercedinas.com\/site\/wp-content\/uploads\/2024\/09\/cf57332c-72a8-4366-acf1-32e184fffcca-160x120.jpg 160w, https:\/\/noticiasmercedinas.com\/site\/wp-content\/uploads\/2024\/09\/cf57332c-72a8-4366-acf1-32e184fffcca-100x75.jpg 100w, https:\/\/noticiasmercedinas.com\/site\/wp-content\/uploads\/2024\/09\/cf57332c-72a8-4366-acf1-32e184fffcca-200x150.jpg 200w, https:\/\/noticiasmercedinas.com\/site\/wp-content\/uploads\/2024\/09\/cf57332c-72a8-4366-acf1-32e184fffcca-180x135.jpg 180w, https:\/\/noticiasmercedinas.com\/site\/wp-content\/uploads\/2024\/09\/cf57332c-72a8-4366-acf1-32e184fffcca-360x270.jpg 360w, https:\/\/noticiasmercedinas.com\/site\/wp-content\/uploads\/2024\/09\/cf57332c-72a8-4366-acf1-32e184fffcca-238x178.jpg 238w, https:\/\/noticiasmercedinas.com\/site\/wp-content\/uploads\/2024\/09\/cf57332c-72a8-4366-acf1-32e184fffcca-640x482.jpg 640w, https:\/\/noticiasmercedinas.com\/site\/wp-content\/uploads\/2024\/09\/cf57332c-72a8-4366-acf1-32e184fffcca-1280x963.jpg 1280w, https:\/\/noticiasmercedinas.com\/site\/wp-content\/uploads\/2024\/09\/cf57332c-72a8-4366-acf1-32e184fffcca-681x512.jpg 681w, https:\/\/noticiasmercedinas.com\/site\/wp-content\/uploads\/2024\/09\/cf57332c-72a8-4366-acf1-32e184fffcca-1362x1025.jpg 1362w\" sizes=\"auto, (max-width: 1600px) 100vw, 1600px\" \/><\/p>\n<p>Lucas tambi\u00e9n comparti\u00f3 con <em>Noticias Mercedinas<\/em> una reflexi\u00f3n personal sobre la influencia de su abuelo en su trabajo. \u201cMi abuelo no era productor, pero siempre so\u00f1\u00e9 con hacer algo grande en su honor. Cuando hago chorizo fresco, a veces siento como si \u00e9l me guiara, dici\u00e9ndome qu\u00e9 le falta o qu\u00e9 mejorar. Para m\u00ed, este trabajo es una manera de honrar su memoria y compartir mi pasi\u00f3n con mi familia\u201d, confes\u00f3 con emoci\u00f3n. Adem\u00e1s, a\u00f1adi\u00f3 que sus hijos est\u00e1n entusiasmados con la actividad y que el apoyo de amigos y familiares ha sido fundamental para el \u00e9xito de la empresa.<\/p>\n<p>En cuanto a los productos que ofrecen, Losinno destac\u00f3 algunas exclusividades que presentan en la fiesta, como las bochas de mortadela artesanal, un producto \u00fanico en su tipo. Adem\u00e1s, su stand cuenta con una variedad de chacinados, desde el tradicional salame hasta el jam\u00f3n crudo y una mortadela casera envejecida de vaca, que rompe con los esquemas de producci\u00f3n habituales en la regi\u00f3n.<\/p>\n<p>Fuera de la fiesta, Chacinados Losinno se encuentra en la calle 8 entre 51 y 53, donde tienen su f\u00e1brica y sala de expendio. Tambi\u00e9n est\u00e1n presentes en las redes sociales bajo el nombre de \u201cChacinados Losinno\u201d en Instagram, y ocasionalmente, realizan ventas en la Plaza de Jofr\u00e9. \u201cVamos creciendo de a poco, con amor y dedicaci\u00f3n. Creo que mostrar lo que hacemos es tambi\u00e9n una forma de vender nuestro producto\u201d, concluy\u00f3 Losinno.<\/p>\n<p>La participaci\u00f3n de Chacinados Losinno en la Fiesta Nacional del Salame Quintero es un testimonio del esfuerzo y la pasi\u00f3n que aportan a su trabajo, y su presencia en el evento subraya la importancia de la tradici\u00f3n y la calidad en la producci\u00f3n de chacinados.<\/p>\n<p>La fiesta continuar\u00e1 hasta el domingo, brindando a los visitantes la oportunidad de disfrutar de una amplia oferta gastron\u00f3mica y celebrando la rica herencia culinaria de la regi\u00f3n.<\/p>\n<p><strong>CHACINADOS LOSINNO<\/strong><br \/>\n<strong>Instagram:<a href=\"https:\/\/www.instagram.com\/chacinadoslosinno\/\"> Chacinados Losinno<\/a><\/strong><br \/>\n<strong>Facebook: <a href=\"https:\/\/www.facebook.com\/losinno1987\">Chacinados Losinno<\/a><\/strong><br \/>\n<strong>Whast App: 2324-646913<br \/>\nCalle 8 entre 51 y 53, Mercedes<br \/>\n<\/strong><\/p>\n<p><img loading=\"lazy\" decoding=\"async\" class=\"alignnone size-full wp-image-143395\" src=\"https:\/\/noticiasmercedinas.com\/site\/wp-content\/uploads\/2024\/09\/811671c6-7aed-4662-8190-c38142d4e7df.jpg\" alt=\"\" width=\"1600\" height=\"1204\" srcset=\"https:\/\/noticiasmercedinas.com\/site\/wp-content\/uploads\/2024\/09\/811671c6-7aed-4662-8190-c38142d4e7df.jpg 1600w, https:\/\/noticiasmercedinas.com\/site\/wp-content\/uploads\/2024\/09\/811671c6-7aed-4662-8190-c38142d4e7df-300x226.jpg 300w, https:\/\/noticiasmercedinas.com\/site\/wp-content\/uploads\/2024\/09\/811671c6-7aed-4662-8190-c38142d4e7df-1024x771.jpg 1024w, https:\/\/noticiasmercedinas.com\/site\/wp-content\/uploads\/2024\/09\/811671c6-7aed-4662-8190-c38142d4e7df-768x578.jpg 768w, https:\/\/noticiasmercedinas.com\/site\/wp-content\/uploads\/2024\/09\/811671c6-7aed-4662-8190-c38142d4e7df-1536x1156.jpg 1536w, https:\/\/noticiasmercedinas.com\/site\/wp-content\/uploads\/2024\/09\/811671c6-7aed-4662-8190-c38142d4e7df-80x60.jpg 80w, https:\/\/noticiasmercedinas.com\/site\/wp-content\/uploads\/2024\/09\/811671c6-7aed-4662-8190-c38142d4e7df-160x120.jpg 160w, https:\/\/noticiasmercedinas.com\/site\/wp-content\/uploads\/2024\/09\/811671c6-7aed-4662-8190-c38142d4e7df-100x75.jpg 100w, https:\/\/noticiasmercedinas.com\/site\/wp-content\/uploads\/2024\/09\/811671c6-7aed-4662-8190-c38142d4e7df-200x150.jpg 200w, https:\/\/noticiasmercedinas.com\/site\/wp-content\/uploads\/2024\/09\/811671c6-7aed-4662-8190-c38142d4e7df-180x135.jpg 180w, https:\/\/noticiasmercedinas.com\/site\/wp-content\/uploads\/2024\/09\/811671c6-7aed-4662-8190-c38142d4e7df-360x270.jpg 360w, https:\/\/noticiasmercedinas.com\/site\/wp-content\/uploads\/2024\/09\/811671c6-7aed-4662-8190-c38142d4e7df-238x178.jpg 238w, https:\/\/noticiasmercedinas.com\/site\/wp-content\/uploads\/2024\/09\/811671c6-7aed-4662-8190-c38142d4e7df-640x482.jpg 640w, https:\/\/noticiasmercedinas.com\/site\/wp-content\/uploads\/2024\/09\/811671c6-7aed-4662-8190-c38142d4e7df-1280x963.jpg 1280w, https:\/\/noticiasmercedinas.com\/site\/wp-content\/uploads\/2024\/09\/811671c6-7aed-4662-8190-c38142d4e7df-681x512.jpg 681w, https:\/\/noticiasmercedinas.com\/site\/wp-content\/uploads\/2024\/09\/811671c6-7aed-4662-8190-c38142d4e7df-1362x1025.jpg 1362w\" sizes=\"auto, (max-width: 1600px) 100vw, 1600px\" \/><\/p>\n","protected":false},"excerpt":{"rendered":"<p>\u25a0 Esta es la tercera vez que participan en la fiesta, y a pesar de ser el productor m\u00e1s joven y menos experimentado en comparaci\u00f3n con otros, la dedicaci\u00f3n y el esfuerzo est\u00e1n dando sus frutos.<\/p>\n","protected":false},"author":16,"featured_media":143397,"comment_status":"closed","ping_status":"closed","sticky":false,"template":"","format":"standard","meta":{"footnotes":""},"categories":[3],"tags":[18771,18770,31],"class_list":["post-143393","post","type-post","status-publish","format-standard","has-post-thumbnail","hentry","category-sociedad","tag-chacinados-losinno","tag-chacinados-lossino","tag-fiesta-del-salame"],"yoast_head":"<!-- This site is optimized with the Yoast SEO plugin v27.4 - https:\/\/yoast.com\/product\/yoast-seo-wordpress\/ -->\n<title>Lucas Losinno: joven productor agradecido que se incorpor\u00f3 hace poco a la Fiesta del Salame<\/title>\n<meta name=\"robots\" content=\"index, follow, max-snippet:-1, max-image-preview:large, max-video-preview:-1\" \/>\n<link rel=\"canonical\" href=\"https:\/\/noticiasmercedinas.com\/site\/2024\/09\/07\/lucas-losino-joven-productor-agradecido-que-se-incorporo-hace-poco-a-la-fiesta-del-salame\/\" \/>\n<meta property=\"og:locale\" content=\"es_ES\" \/>\n<meta property=\"og:type\" content=\"article\" \/>\n<meta property=\"og:title\" content=\"Lucas Losinno: joven productor agradecido que se incorpor\u00f3 hace poco a la Fiesta del Salame\" \/>\n<meta property=\"og:description\" content=\"\u25a0 Esta es la tercera vez que participan en la fiesta, y a pesar de ser el productor m\u00e1s joven y menos experimentado en comparaci\u00f3n con otros, la dedicaci\u00f3n y el esfuerzo est\u00e1n dando sus frutos.\" \/>\n<meta property=\"og:url\" content=\"https:\/\/noticiasmercedinas.com\/site\/2024\/09\/07\/lucas-losino-joven-productor-agradecido-que-se-incorporo-hace-poco-a-la-fiesta-del-salame\/\" \/>\n<meta property=\"og:site_name\" content=\"NOTICIASMERCEDINAS.COM\" \/>\n<meta property=\"article:publisher\" content=\"https:\/\/www.facebook.com\/noticiasmercedinas\/\" \/>\n<meta property=\"article:published_time\" content=\"2024-09-08T01:51:31+00:00\" \/>\n<meta property=\"article:modified_time\" content=\"2024-09-08T01:51:48+00:00\" \/>\n<meta property=\"og:image\" content=\"https:\/\/noticiasmercedinas.com\/site\/wp-content\/uploads\/2024\/09\/LOSINNO01.jpg\" \/>\n\t<meta property=\"og:image:width\" content=\"640\" \/>\n\t<meta property=\"og:image:height\" content=\"431\" \/>\n\t<meta property=\"og:image:type\" content=\"image\/jpeg\" \/>\n<meta name=\"author\" content=\"NOTICIASMERCEDINAS.COM\" \/>\n<meta name=\"twitter:card\" content=\"summary_large_image\" \/>\n<meta name=\"twitter:creator\" content=\"@notmercedinas\" \/>\n<meta name=\"twitter:site\" content=\"@notmercedinas\" \/>\n<meta name=\"twitter:label1\" content=\"Escrito por\" \/>\n\t<meta name=\"twitter:data1\" content=\"NOTICIASMERCEDINAS.COM\" \/>\n\t<meta name=\"twitter:label2\" content=\"Tiempo de lectura\" \/>\n\t<meta name=\"twitter:data2\" content=\"3 minutos\" \/>\n<script type=\"application\/ld+json\" class=\"yoast-schema-graph\">{\"@context\":\"https:\\\/\\\/schema.org\",\"@graph\":[{\"@type\":\"Article\",\"@id\":\"https:\\\/\\\/noticiasmercedinas.com\\\/site\\\/2024\\\/09\\\/07\\\/lucas-losino-joven-productor-agradecido-que-se-incorporo-hace-poco-a-la-fiesta-del-salame\\\/#article\",\"isPartOf\":{\"@id\":\"https:\\\/\\\/noticiasmercedinas.com\\\/site\\\/2024\\\/09\\\/07\\\/lucas-losino-joven-productor-agradecido-que-se-incorporo-hace-poco-a-la-fiesta-del-salame\\\/\"},\"author\":{\"name\":\"NOTICIASMERCEDINAS.COM\",\"@id\":\"https:\\\/\\\/noticiasmercedinas.com\\\/site\\\/#\\\/schema\\\/person\\\/84b59c099c28ff2e8b77d4ceec5d8063\"},\"headline\":\"Lucas Losinno: joven productor agradecido que se incorpor\u00f3 hace poco a la Fiesta del Salame\",\"datePublished\":\"2024-09-08T01:51:31+00:00\",\"dateModified\":\"2024-09-08T01:51:48+00:00\",\"mainEntityOfPage\":{\"@id\":\"https:\\\/\\\/noticiasmercedinas.com\\\/site\\\/2024\\\/09\\\/07\\\/lucas-losino-joven-productor-agradecido-que-se-incorporo-hace-poco-a-la-fiesta-del-salame\\\/\"},\"wordCount\":681,\"publisher\":{\"@id\":\"https:\\\/\\\/noticiasmercedinas.com\\\/site\\\/#organization\"},\"image\":{\"@id\":\"https:\\\/\\\/noticiasmercedinas.com\\\/site\\\/2024\\\/09\\\/07\\\/lucas-losino-joven-productor-agradecido-que-se-incorporo-hace-poco-a-la-fiesta-del-salame\\\/#primaryimage\"},\"thumbnailUrl\":\"https:\\\/\\\/noticiasmercedinas.com\\\/site\\\/wp-content\\\/uploads\\\/2024\\\/09\\\/LOSINNO01.jpg\",\"keywords\":[\"chacinados losinno\",\"Chacinados Lossino\",\"fiesta del salame\"],\"articleSection\":[\"Sociedad\"],\"inLanguage\":\"es\"},{\"@type\":\"WebPage\",\"@id\":\"https:\\\/\\\/noticiasmercedinas.com\\\/site\\\/2024\\\/09\\\/07\\\/lucas-losino-joven-productor-agradecido-que-se-incorporo-hace-poco-a-la-fiesta-del-salame\\\/\",\"url\":\"https:\\\/\\\/noticiasmercedinas.com\\\/site\\\/2024\\\/09\\\/07\\\/lucas-losino-joven-productor-agradecido-que-se-incorporo-hace-poco-a-la-fiesta-del-salame\\\/\",\"name\":\"Lucas Losinno: joven productor agradecido que se incorpor\u00f3 hace poco a la Fiesta del Salame\",\"isPartOf\":{\"@id\":\"https:\\\/\\\/noticiasmercedinas.com\\\/site\\\/#website\"},\"primaryImageOfPage\":{\"@id\":\"https:\\\/\\\/noticiasmercedinas.com\\\/site\\\/2024\\\/09\\\/07\\\/lucas-losino-joven-productor-agradecido-que-se-incorporo-hace-poco-a-la-fiesta-del-salame\\\/#primaryimage\"},\"image\":{\"@id\":\"https:\\\/\\\/noticiasmercedinas.com\\\/site\\\/2024\\\/09\\\/07\\\/lucas-losino-joven-productor-agradecido-que-se-incorporo-hace-poco-a-la-fiesta-del-salame\\\/#primaryimage\"},\"thumbnailUrl\":\"https:\\\/\\\/noticiasmercedinas.com\\\/site\\\/wp-content\\\/uploads\\\/2024\\\/09\\\/LOSINNO01.jpg\",\"datePublished\":\"2024-09-08T01:51:31+00:00\",\"dateModified\":\"2024-09-08T01:51:48+00:00\",\"breadcrumb\":{\"@id\":\"https:\\\/\\\/noticiasmercedinas.com\\\/site\\\/2024\\\/09\\\/07\\\/lucas-losino-joven-productor-agradecido-que-se-incorporo-hace-poco-a-la-fiesta-del-salame\\\/#breadcrumb\"},\"inLanguage\":\"es\",\"potentialAction\":[{\"@type\":\"ReadAction\",\"target\":[\"https:\\\/\\\/noticiasmercedinas.com\\\/site\\\/2024\\\/09\\\/07\\\/lucas-losino-joven-productor-agradecido-que-se-incorporo-hace-poco-a-la-fiesta-del-salame\\\/\"]}]},{\"@type\":\"ImageObject\",\"inLanguage\":\"es\",\"@id\":\"https:\\\/\\\/noticiasmercedinas.com\\\/site\\\/2024\\\/09\\\/07\\\/lucas-losino-joven-productor-agradecido-que-se-incorporo-hace-poco-a-la-fiesta-del-salame\\\/#primaryimage\",\"url\":\"https:\\\/\\\/noticiasmercedinas.com\\\/site\\\/wp-content\\\/uploads\\\/2024\\\/09\\\/LOSINNO01.jpg\",\"contentUrl\":\"https:\\\/\\\/noticiasmercedinas.com\\\/site\\\/wp-content\\\/uploads\\\/2024\\\/09\\\/LOSINNO01.jpg\",\"width\":640,\"height\":431},{\"@type\":\"BreadcrumbList\",\"@id\":\"https:\\\/\\\/noticiasmercedinas.com\\\/site\\\/2024\\\/09\\\/07\\\/lucas-losino-joven-productor-agradecido-que-se-incorporo-hace-poco-a-la-fiesta-del-salame\\\/#breadcrumb\",\"itemListElement\":[{\"@type\":\"ListItem\",\"position\":1,\"name\":\"Portada\",\"item\":\"https:\\\/\\\/noticiasmercedinas.com\\\/site\\\/\"},{\"@type\":\"ListItem\",\"position\":2,\"name\":\"Lucas Losinno: joven productor agradecido que se incorpor\u00f3 hace poco a la Fiesta del Salame\"}]},{\"@type\":\"WebSite\",\"@id\":\"https:\\\/\\\/noticiasmercedinas.com\\\/site\\\/#website\",\"url\":\"https:\\\/\\\/noticiasmercedinas.com\\\/site\\\/\",\"name\":\"NOTICIASMERCEDINAS.COM\",\"description\":\"Mercedes, Buenos Aires, Argentina\",\"publisher\":{\"@id\":\"https:\\\/\\\/noticiasmercedinas.com\\\/site\\\/#organization\"},\"potentialAction\":[{\"@type\":\"SearchAction\",\"target\":{\"@type\":\"EntryPoint\",\"urlTemplate\":\"https:\\\/\\\/noticiasmercedinas.com\\\/site\\\/?s={search_term_string}\"},\"query-input\":{\"@type\":\"PropertyValueSpecification\",\"valueRequired\":true,\"valueName\":\"search_term_string\"}}],\"inLanguage\":\"es\"},{\"@type\":\"Organization\",\"@id\":\"https:\\\/\\\/noticiasmercedinas.com\\\/site\\\/#organization\",\"name\":\"NOTICIASMERCEDINAS.COM\",\"url\":\"https:\\\/\\\/noticiasmercedinas.com\\\/site\\\/\",\"logo\":{\"@type\":\"ImageObject\",\"inLanguage\":\"es\",\"@id\":\"https:\\\/\\\/noticiasmercedinas.com\\\/site\\\/#\\\/schema\\\/logo\\\/image\\\/\",\"url\":\"https:\\\/\\\/noticiasmercedinas.com\\\/site\\\/wp-content\\\/uploads\\\/2020\\\/06\\\/LOGO-512.jpg\",\"contentUrl\":\"https:\\\/\\\/noticiasmercedinas.com\\\/site\\\/wp-content\\\/uploads\\\/2020\\\/06\\\/LOGO-512.jpg\",\"width\":512,\"height\":512,\"caption\":\"NOTICIASMERCEDINAS.COM\"},\"image\":{\"@id\":\"https:\\\/\\\/noticiasmercedinas.com\\\/site\\\/#\\\/schema\\\/logo\\\/image\\\/\"},\"sameAs\":[\"https:\\\/\\\/www.facebook.com\\\/noticiasmercedinas\\\/\",\"https:\\\/\\\/x.com\\\/notmercedinas\",\"https:\\\/\\\/www.instagram.com\\\/noticiasmercedinas\\\/\"]},{\"@type\":\"Person\",\"@id\":\"https:\\\/\\\/noticiasmercedinas.com\\\/site\\\/#\\\/schema\\\/person\\\/84b59c099c28ff2e8b77d4ceec5d8063\",\"name\":\"NOTICIASMERCEDINAS.COM\",\"image\":{\"@type\":\"ImageObject\",\"inLanguage\":\"es\",\"@id\":\"https:\\\/\\\/secure.gravatar.com\\\/avatar\\\/4dfbf16b4d17945bfb6341b2d19043457132fcf478a5ee04f42e959fd8f5df0a?s=96&d=mm&r=g\",\"url\":\"https:\\\/\\\/secure.gravatar.com\\\/avatar\\\/4dfbf16b4d17945bfb6341b2d19043457132fcf478a5ee04f42e959fd8f5df0a?s=96&d=mm&r=g\",\"contentUrl\":\"https:\\\/\\\/secure.gravatar.com\\\/avatar\\\/4dfbf16b4d17945bfb6341b2d19043457132fcf478a5ee04f42e959fd8f5df0a?s=96&d=mm&r=g\",\"caption\":\"NOTICIASMERCEDINAS.COM\"},\"url\":\"https:\\\/\\\/noticiasmercedinas.com\\\/site\\\/author\\\/anonimo\\\/\"}]}<\/script>\n<!-- \/ Yoast SEO plugin. -->","yoast_head_json":{"title":"Lucas Losinno: joven productor agradecido que se incorpor\u00f3 hace poco a la Fiesta del Salame","robots":{"index":"index","follow":"follow","max-snippet":"max-snippet:-1","max-image-preview":"max-image-preview:large","max-video-preview":"max-video-preview:-1"},"canonical":"https:\/\/noticiasmercedinas.com\/site\/2024\/09\/07\/lucas-losino-joven-productor-agradecido-que-se-incorporo-hace-poco-a-la-fiesta-del-salame\/","og_locale":"es_ES","og_type":"article","og_title":"Lucas Losinno: joven productor agradecido que se incorpor\u00f3 hace poco a la Fiesta del Salame","og_description":"\u25a0 Esta es la tercera vez que participan en la fiesta, y a pesar de ser el productor m\u00e1s joven y menos experimentado en comparaci\u00f3n con otros, la dedicaci\u00f3n y el esfuerzo est\u00e1n dando sus frutos.","og_url":"https:\/\/noticiasmercedinas.com\/site\/2024\/09\/07\/lucas-losino-joven-productor-agradecido-que-se-incorporo-hace-poco-a-la-fiesta-del-salame\/","og_site_name":"NOTICIASMERCEDINAS.COM","article_publisher":"https:\/\/www.facebook.com\/noticiasmercedinas\/","article_published_time":"2024-09-08T01:51:31+00:00","article_modified_time":"2024-09-08T01:51:48+00:00","og_image":[{"width":640,"height":431,"url":"https:\/\/noticiasmercedinas.com\/site\/wp-content\/uploads\/2024\/09\/LOSINNO01.jpg","type":"image\/jpeg"}],"author":"NOTICIASMERCEDINAS.COM","twitter_card":"summary_large_image","twitter_creator":"@notmercedinas","twitter_site":"@notmercedinas","twitter_misc":{"Escrito por":"NOTICIASMERCEDINAS.COM","Tiempo de lectura":"3 minutos"},"schema":{"@context":"https:\/\/schema.org","@graph":[{"@type":"Article","@id":"https:\/\/noticiasmercedinas.com\/site\/2024\/09\/07\/lucas-losino-joven-productor-agradecido-que-se-incorporo-hace-poco-a-la-fiesta-del-salame\/#article","isPartOf":{"@id":"https:\/\/noticiasmercedinas.com\/site\/2024\/09\/07\/lucas-losino-joven-productor-agradecido-que-se-incorporo-hace-poco-a-la-fiesta-del-salame\/"},"author":{"name":"NOTICIASMERCEDINAS.COM","@id":"https:\/\/noticiasmercedinas.com\/site\/#\/schema\/person\/84b59c099c28ff2e8b77d4ceec5d8063"},"headline":"Lucas Losinno: joven productor agradecido que se incorpor\u00f3 hace poco a la Fiesta del Salame","datePublished":"2024-09-08T01:51:31+00:00","dateModified":"2024-09-08T01:51:48+00:00","mainEntityOfPage":{"@id":"https:\/\/noticiasmercedinas.com\/site\/2024\/09\/07\/lucas-losino-joven-productor-agradecido-que-se-incorporo-hace-poco-a-la-fiesta-del-salame\/"},"wordCount":681,"publisher":{"@id":"https:\/\/noticiasmercedinas.com\/site\/#organization"},"image":{"@id":"https:\/\/noticiasmercedinas.com\/site\/2024\/09\/07\/lucas-losino-joven-productor-agradecido-que-se-incorporo-hace-poco-a-la-fiesta-del-salame\/#primaryimage"},"thumbnailUrl":"https:\/\/noticiasmercedinas.com\/site\/wp-content\/uploads\/2024\/09\/LOSINNO01.jpg","keywords":["chacinados losinno","Chacinados Lossino","fiesta del salame"],"articleSection":["Sociedad"],"inLanguage":"es"},{"@type":"WebPage","@id":"https:\/\/noticiasmercedinas.com\/site\/2024\/09\/07\/lucas-losino-joven-productor-agradecido-que-se-incorporo-hace-poco-a-la-fiesta-del-salame\/","url":"https:\/\/noticiasmercedinas.com\/site\/2024\/09\/07\/lucas-losino-joven-productor-agradecido-que-se-incorporo-hace-poco-a-la-fiesta-del-salame\/","name":"Lucas Losinno: joven productor agradecido que se incorpor\u00f3 hace poco a la Fiesta del Salame","isPartOf":{"@id":"https:\/\/noticiasmercedinas.com\/site\/#website"},"primaryImageOfPage":{"@id":"https:\/\/noticiasmercedinas.com\/site\/2024\/09\/07\/lucas-losino-joven-productor-agradecido-que-se-incorporo-hace-poco-a-la-fiesta-del-salame\/#primaryimage"},"image":{"@id":"https:\/\/noticiasmercedinas.com\/site\/2024\/09\/07\/lucas-losino-joven-productor-agradecido-que-se-incorporo-hace-poco-a-la-fiesta-del-salame\/#primaryimage"},"thumbnailUrl":"https:\/\/noticiasmercedinas.com\/site\/wp-content\/uploads\/2024\/09\/LOSINNO01.jpg","datePublished":"2024-09-08T01:51:31+00:00","dateModified":"2024-09-08T01:51:48+00:00","breadcrumb":{"@id":"https:\/\/noticiasmercedinas.com\/site\/2024\/09\/07\/lucas-losino-joven-productor-agradecido-que-se-incorporo-hace-poco-a-la-fiesta-del-salame\/#breadcrumb"},"inLanguage":"es","potentialAction":[{"@type":"ReadAction","target":["https:\/\/noticiasmercedinas.com\/site\/2024\/09\/07\/lucas-losino-joven-productor-agradecido-que-se-incorporo-hace-poco-a-la-fiesta-del-salame\/"]}]},{"@type":"ImageObject","inLanguage":"es","@id":"https:\/\/noticiasmercedinas.com\/site\/2024\/09\/07\/lucas-losino-joven-productor-agradecido-que-se-incorporo-hace-poco-a-la-fiesta-del-salame\/#primaryimage","url":"https:\/\/noticiasmercedinas.com\/site\/wp-content\/uploads\/2024\/09\/LOSINNO01.jpg","contentUrl":"https:\/\/noticiasmercedinas.com\/site\/wp-content\/uploads\/2024\/09\/LOSINNO01.jpg","width":640,"height":431},{"@type":"BreadcrumbList","@id":"https:\/\/noticiasmercedinas.com\/site\/2024\/09\/07\/lucas-losino-joven-productor-agradecido-que-se-incorporo-hace-poco-a-la-fiesta-del-salame\/#breadcrumb","itemListElement":[{"@type":"ListItem","position":1,"name":"Portada","item":"https:\/\/noticiasmercedinas.com\/site\/"},{"@type":"ListItem","position":2,"name":"Lucas Losinno: joven productor agradecido que se incorpor\u00f3 hace poco a la Fiesta del Salame"}]},{"@type":"WebSite","@id":"https:\/\/noticiasmercedinas.com\/site\/#website","url":"https:\/\/noticiasmercedinas.com\/site\/","name":"NOTICIASMERCEDINAS.COM","description":"Mercedes, Buenos Aires, Argentina","publisher":{"@id":"https:\/\/noticiasmercedinas.com\/site\/#organization"},"potentialAction":[{"@type":"SearchAction","target":{"@type":"EntryPoint","urlTemplate":"https:\/\/noticiasmercedinas.com\/site\/?s={search_term_string}"},"query-input":{"@type":"PropertyValueSpecification","valueRequired":true,"valueName":"search_term_string"}}],"inLanguage":"es"},{"@type":"Organization","@id":"https:\/\/noticiasmercedinas.com\/site\/#organization","name":"NOTICIASMERCEDINAS.COM","url":"https:\/\/noticiasmercedinas.com\/site\/","logo":{"@type":"ImageObject","inLanguage":"es","@id":"https:\/\/noticiasmercedinas.com\/site\/#\/schema\/logo\/image\/","url":"https:\/\/noticiasmercedinas.com\/site\/wp-content\/uploads\/2020\/06\/LOGO-512.jpg","contentUrl":"https:\/\/noticiasmercedinas.com\/site\/wp-content\/uploads\/2020\/06\/LOGO-512.jpg","width":512,"height":512,"caption":"NOTICIASMERCEDINAS.COM"},"image":{"@id":"https:\/\/noticiasmercedinas.com\/site\/#\/schema\/logo\/image\/"},"sameAs":["https:\/\/www.facebook.com\/noticiasmercedinas\/","https:\/\/x.com\/notmercedinas","https:\/\/www.instagram.com\/noticiasmercedinas\/"]},{"@type":"Person","@id":"https:\/\/noticiasmercedinas.com\/site\/#\/schema\/person\/84b59c099c28ff2e8b77d4ceec5d8063","name":"NOTICIASMERCEDINAS.COM","image":{"@type":"ImageObject","inLanguage":"es","@id":"https:\/\/secure.gravatar.com\/avatar\/4dfbf16b4d17945bfb6341b2d19043457132fcf478a5ee04f42e959fd8f5df0a?s=96&d=mm&r=g","url":"https:\/\/secure.gravatar.com\/avatar\/4dfbf16b4d17945bfb6341b2d19043457132fcf478a5ee04f42e959fd8f5df0a?s=96&d=mm&r=g","contentUrl":"https:\/\/secure.gravatar.com\/avatar\/4dfbf16b4d17945bfb6341b2d19043457132fcf478a5ee04f42e959fd8f5df0a?s=96&d=mm&r=g","caption":"NOTICIASMERCEDINAS.COM"},"url":"https:\/\/noticiasmercedinas.com\/site\/author\/anonimo\/"}]}},"amp_enabled":true,"_links":{"self":[{"href":"https:\/\/noticiasmercedinas.com\/site\/wp-json\/wp\/v2\/posts\/143393","targetHints":{"allow":["GET"]}}],"collection":[{"href":"https:\/\/noticiasmercedinas.com\/site\/wp-json\/wp\/v2\/posts"}],"about":[{"href":"https:\/\/noticiasmercedinas.com\/site\/wp-json\/wp\/v2\/types\/post"}],"author":[{"embeddable":true,"href":"https:\/\/noticiasmercedinas.com\/site\/wp-json\/wp\/v2\/users\/16"}],"replies":[{"embeddable":true,"href":"https:\/\/noticiasmercedinas.com\/site\/wp-json\/wp\/v2\/comments?post=143393"}],"version-history":[{"count":2,"href":"https:\/\/noticiasmercedinas.com\/site\/wp-json\/wp\/v2\/posts\/143393\/revisions"}],"predecessor-version":[{"id":143399,"href":"https:\/\/noticiasmercedinas.com\/site\/wp-json\/wp\/v2\/posts\/143393\/revisions\/143399"}],"wp:featuredmedia":[{"embeddable":true,"href":"https:\/\/noticiasmercedinas.com\/site\/wp-json\/wp\/v2\/media\/143397"}],"wp:attachment":[{"href":"https:\/\/noticiasmercedinas.com\/site\/wp-json\/wp\/v2\/media?parent=143393"}],"wp:term":[{"taxonomy":"category","embeddable":true,"href":"https:\/\/noticiasmercedinas.com\/site\/wp-json\/wp\/v2\/categories?post=143393"},{"taxonomy":"post_tag","embeddable":true,"href":"https:\/\/noticiasmercedinas.com\/site\/wp-json\/wp\/v2\/tags?post=143393"}],"curies":[{"name":"wp","href":"https:\/\/api.w.org\/{rel}","templated":true}]}}