{"id":143400,"date":"2024-09-07T23:13:12","date_gmt":"2024-09-08T02:13:12","guid":{"rendered":"https:\/\/noticiasmercedinas.com\/site\/?p=143400"},"modified":"2024-09-07T23:13:12","modified_gmt":"2024-09-08T02:13:12","slug":"hugo-dipieri-46-anos-de-trayectoria-y-un-legado-que-trasciende-generaciones-en-la-fiesta-del-salame","status":"publish","type":"post","link":"https:\/\/noticiasmercedinas.com\/site\/2024\/09\/07\/hugo-dipieri-46-anos-de-trayectoria-y-un-legado-que-trasciende-generaciones-en-la-fiesta-del-salame\/","title":{"rendered":"Hugo Dipieri: 46 a\u00f1os de trayectoria y un legado que trasciende generaciones en la Fiesta del Salame"},"content":{"rendered":"<p><img loading=\"lazy\" decoding=\"async\" class=\"alignnone size-full wp-image-143401\" src=\"https:\/\/noticiasmercedinas.com\/site\/wp-content\/uploads\/2024\/09\/DIPIERI01-e1725761274890.jpg\" alt=\"\" width=\"1528\" height=\"1034\" srcset=\"https:\/\/noticiasmercedinas.com\/site\/wp-content\/uploads\/2024\/09\/DIPIERI01-e1725761274890.jpg 1528w, https:\/\/noticiasmercedinas.com\/site\/wp-content\/uploads\/2024\/09\/DIPIERI01-e1725761274890-300x203.jpg 300w, https:\/\/noticiasmercedinas.com\/site\/wp-content\/uploads\/2024\/09\/DIPIERI01-e1725761274890-1024x693.jpg 1024w, https:\/\/noticiasmercedinas.com\/site\/wp-content\/uploads\/2024\/09\/DIPIERI01-e1725761274890-768x520.jpg 768w, https:\/\/noticiasmercedinas.com\/site\/wp-content\/uploads\/2024\/09\/DIPIERI01-e1725761274890-640x433.jpg 640w, https:\/\/noticiasmercedinas.com\/site\/wp-content\/uploads\/2024\/09\/DIPIERI01-e1725761274890-1280x866.jpg 1280w, https:\/\/noticiasmercedinas.com\/site\/wp-content\/uploads\/2024\/09\/DIPIERI01-e1725761274890-681x461.jpg 681w, https:\/\/noticiasmercedinas.com\/site\/wp-content\/uploads\/2024\/09\/DIPIERI01-e1725761274890-1362x922.jpg 1362w\" sizes=\"auto, (max-width: 1528px) 100vw, 1528px\" \/><\/p>\n<p><strong>Hugo Dipieri<\/strong>, figura emblem\u00e1tica de la Fiesta Nacional del Salame, vivi\u00f3 otra edici\u00f3n de la celebraci\u00f3n con una mezcla de nostalgia y satisfacci\u00f3n. A cargo de su empresa familiar de producci\u00f3n artesanal, Dipieri asegura que se encuentra en un proceso de retiro gradual para ceder el lugar a las nuevas generaciones.<\/p>\n<p>Sin embargo, el s\u00e1bado, mientras su stand se desbordaba de entusiasmo y clientes ansiosos por adquirir sus premiados productos, Dipieri comparti\u00f3 con este medio sus reflexiones sobre una carrera que lo llev\u00f3 de la alba\u00f1iler\u00eda a convertirse en un referente del salame.<\/p>\n<blockquote><p>\u00abProbablemente nos quedemos sin salame antes del mediod\u00eda de ma\u00f1ana\u00bb<\/p><\/blockquote>\n<p>\u00abEstamos viviendo una edici\u00f3n maravillosa de la fiesta. Este a\u00f1o ha sido fabuloso, tanto es as\u00ed que probablemente nos quedemos sin salame antes del mediod\u00eda de ma\u00f1ana\u00bb, coment\u00f3 Dipieri con una sonrisa. \u00abLa gente est\u00e1 encantada, y eso abre oportunidades para todos los productores. Todos est\u00e1n felices, y eso es lo m\u00e1s importante.\u00bb<\/p>\n<p><img loading=\"lazy\" decoding=\"async\" class=\"alignnone size-full wp-image-143403\" src=\"https:\/\/noticiasmercedinas.com\/site\/wp-content\/uploads\/2024\/09\/DIPIERI03.jpg\" alt=\"\" width=\"1600\" height=\"1204\" srcset=\"https:\/\/noticiasmercedinas.com\/site\/wp-content\/uploads\/2024\/09\/DIPIERI03.jpg 1600w, https:\/\/noticiasmercedinas.com\/site\/wp-content\/uploads\/2024\/09\/DIPIERI03-300x226.jpg 300w, https:\/\/noticiasmercedinas.com\/site\/wp-content\/uploads\/2024\/09\/DIPIERI03-1024x771.jpg 1024w, https:\/\/noticiasmercedinas.com\/site\/wp-content\/uploads\/2024\/09\/DIPIERI03-768x578.jpg 768w, https:\/\/noticiasmercedinas.com\/site\/wp-content\/uploads\/2024\/09\/DIPIERI03-1536x1156.jpg 1536w, https:\/\/noticiasmercedinas.com\/site\/wp-content\/uploads\/2024\/09\/DIPIERI03-80x60.jpg 80w, https:\/\/noticiasmercedinas.com\/site\/wp-content\/uploads\/2024\/09\/DIPIERI03-160x120.jpg 160w, https:\/\/noticiasmercedinas.com\/site\/wp-content\/uploads\/2024\/09\/DIPIERI03-100x75.jpg 100w, https:\/\/noticiasmercedinas.com\/site\/wp-content\/uploads\/2024\/09\/DIPIERI03-200x150.jpg 200w, https:\/\/noticiasmercedinas.com\/site\/wp-content\/uploads\/2024\/09\/DIPIERI03-180x135.jpg 180w, https:\/\/noticiasmercedinas.com\/site\/wp-content\/uploads\/2024\/09\/DIPIERI03-360x270.jpg 360w, https:\/\/noticiasmercedinas.com\/site\/wp-content\/uploads\/2024\/09\/DIPIERI03-238x178.jpg 238w, https:\/\/noticiasmercedinas.com\/site\/wp-content\/uploads\/2024\/09\/DIPIERI03-640x482.jpg 640w, https:\/\/noticiasmercedinas.com\/site\/wp-content\/uploads\/2024\/09\/DIPIERI03-1280x963.jpg 1280w, https:\/\/noticiasmercedinas.com\/site\/wp-content\/uploads\/2024\/09\/DIPIERI03-681x512.jpg 681w, https:\/\/noticiasmercedinas.com\/site\/wp-content\/uploads\/2024\/09\/DIPIERI03-1362x1025.jpg 1362w\" sizes=\"auto, (max-width: 1600px) 100vw, 1600px\" \/><\/p>\n<p>Dipieri, quien est\u00e1 a punto de cumplir 76 a\u00f1os y lleva 46 dedicados a la producci\u00f3n de salame, explic\u00f3 que la clave de su \u00e9xito radica en la calidad de los ingredientes y el proceso de secado.<\/p>\n<p>\u00abPara hacer un buen salame, necesit\u00e1s buena carne y cerdo. Aunque parezca sencillo, el verdadero desaf\u00edo es el secado. Es un proceso delicado que debe hacerse bajo condiciones \u00f3ptimas para evitar que el salame se humedezca y pierda su calidad. Nosotros usamos aire acondicionado y controlamos la temperatura para asegurar que el producto sea excelente todo el a\u00f1o, algo que antes era impensable.\u00bb<\/p>\n<p><img loading=\"lazy\" decoding=\"async\" class=\"alignnone size-full wp-image-143404\" src=\"https:\/\/noticiasmercedinas.com\/site\/wp-content\/uploads\/2024\/09\/DIPIERI02.jpg\" alt=\"\" width=\"1600\" height=\"1204\" srcset=\"https:\/\/noticiasmercedinas.com\/site\/wp-content\/uploads\/2024\/09\/DIPIERI02.jpg 1600w, https:\/\/noticiasmercedinas.com\/site\/wp-content\/uploads\/2024\/09\/DIPIERI02-300x226.jpg 300w, https:\/\/noticiasmercedinas.com\/site\/wp-content\/uploads\/2024\/09\/DIPIERI02-1024x771.jpg 1024w, https:\/\/noticiasmercedinas.com\/site\/wp-content\/uploads\/2024\/09\/DIPIERI02-768x578.jpg 768w, https:\/\/noticiasmercedinas.com\/site\/wp-content\/uploads\/2024\/09\/DIPIERI02-1536x1156.jpg 1536w, https:\/\/noticiasmercedinas.com\/site\/wp-content\/uploads\/2024\/09\/DIPIERI02-80x60.jpg 80w, https:\/\/noticiasmercedinas.com\/site\/wp-content\/uploads\/2024\/09\/DIPIERI02-160x120.jpg 160w, https:\/\/noticiasmercedinas.com\/site\/wp-content\/uploads\/2024\/09\/DIPIERI02-100x75.jpg 100w, https:\/\/noticiasmercedinas.com\/site\/wp-content\/uploads\/2024\/09\/DIPIERI02-200x150.jpg 200w, https:\/\/noticiasmercedinas.com\/site\/wp-content\/uploads\/2024\/09\/DIPIERI02-180x135.jpg 180w, https:\/\/noticiasmercedinas.com\/site\/wp-content\/uploads\/2024\/09\/DIPIERI02-360x270.jpg 360w, https:\/\/noticiasmercedinas.com\/site\/wp-content\/uploads\/2024\/09\/DIPIERI02-238x178.jpg 238w, https:\/\/noticiasmercedinas.com\/site\/wp-content\/uploads\/2024\/09\/DIPIERI02-640x482.jpg 640w, https:\/\/noticiasmercedinas.com\/site\/wp-content\/uploads\/2024\/09\/DIPIERI02-1280x963.jpg 1280w, https:\/\/noticiasmercedinas.com\/site\/wp-content\/uploads\/2024\/09\/DIPIERI02-681x512.jpg 681w, https:\/\/noticiasmercedinas.com\/site\/wp-content\/uploads\/2024\/09\/DIPIERI02-1362x1025.jpg 1362w\" sizes=\"auto, (max-width: 1600px) 100vw, 1600px\" \/><\/p>\n<p>Dipieri record\u00f3 sus inicios humildes, cuando su familia produc\u00eda salame para amigos y conocidos sin cobrar. \u00abEmpezamos con 50 kilos de salame y la gente empez\u00f3 a interesarse. Ahora, nuestra producci\u00f3n es conocida y apreciada\u00bb, dijo. La evoluci\u00f3n desde aquellos d\u00edas ha sido asombrosa, y Dipieri se mostr\u00f3 emocionado por el legado que deja a sus hijos, quienes continuar\u00e1n con el negocio familiar.<\/p>\n<blockquote><p>\u00abEmpezamos con 50 kilos de salame y la gente empez\u00f3 a interesarse. Ahora, nuestra producci\u00f3n es conocida y apreciada\u00bb<\/p><\/blockquote>\n<p>El productor tambi\u00e9n expres\u00f3 su admiraci\u00f3n por Juan Carlos Berro, a quien se rindi\u00f3 homenaje en esta edici\u00f3n de la fiesta. \u00abBerro hizo mucho por la fiesta y fue un gran amigo y colega. Su contribuci\u00f3n y dedicaci\u00f3n siempre ser\u00e1n recordadas\u00bb, afirm\u00f3 Dipieri.<\/p>\n<p>Con la mirada puesta en el futuro, Dipieri se siente satisfecho con el camino recorrido y conf\u00eda en que su familia continuar\u00e1 con el legado de calidad y tradici\u00f3n que \u00e9l comenz\u00f3 hace m\u00e1s de cuatro d\u00e9cadas.<\/p>\n<p><strong>CHACINADOS DIPIERI<\/strong><br \/>\n<strong>Instagram: <a href=\"https:\/\/www.instagram.com\/salames_dipieri\/\">salames_dipieri<\/a><\/strong><br \/>\n<strong>Whats App: 2324-525649 \/ 2324-527142<\/strong><br \/>\n<strong>Ruta 41 KM 110, Mercedes<\/strong><\/p>\n<p><img loading=\"lazy\" decoding=\"async\" class=\"alignnone size-full wp-image-143402\" src=\"https:\/\/noticiasmercedinas.com\/site\/wp-content\/uploads\/2024\/09\/DIPIERI04.jpg\" alt=\"\" width=\"1600\" height=\"1204\" srcset=\"https:\/\/noticiasmercedinas.com\/site\/wp-content\/uploads\/2024\/09\/DIPIERI04.jpg 1600w, https:\/\/noticiasmercedinas.com\/site\/wp-content\/uploads\/2024\/09\/DIPIERI04-300x226.jpg 300w, https:\/\/noticiasmercedinas.com\/site\/wp-content\/uploads\/2024\/09\/DIPIERI04-1024x771.jpg 1024w, https:\/\/noticiasmercedinas.com\/site\/wp-content\/uploads\/2024\/09\/DIPIERI04-768x578.jpg 768w, https:\/\/noticiasmercedinas.com\/site\/wp-content\/uploads\/2024\/09\/DIPIERI04-1536x1156.jpg 1536w, https:\/\/noticiasmercedinas.com\/site\/wp-content\/uploads\/2024\/09\/DIPIERI04-80x60.jpg 80w, https:\/\/noticiasmercedinas.com\/site\/wp-content\/uploads\/2024\/09\/DIPIERI04-160x120.jpg 160w, https:\/\/noticiasmercedinas.com\/site\/wp-content\/uploads\/2024\/09\/DIPIERI04-100x75.jpg 100w, https:\/\/noticiasmercedinas.com\/site\/wp-content\/uploads\/2024\/09\/DIPIERI04-200x150.jpg 200w, https:\/\/noticiasmercedinas.com\/site\/wp-content\/uploads\/2024\/09\/DIPIERI04-180x135.jpg 180w, https:\/\/noticiasmercedinas.com\/site\/wp-content\/uploads\/2024\/09\/DIPIERI04-360x270.jpg 360w, https:\/\/noticiasmercedinas.com\/site\/wp-content\/uploads\/2024\/09\/DIPIERI04-238x178.jpg 238w, https:\/\/noticiasmercedinas.com\/site\/wp-content\/uploads\/2024\/09\/DIPIERI04-640x482.jpg 640w, https:\/\/noticiasmercedinas.com\/site\/wp-content\/uploads\/2024\/09\/DIPIERI04-1280x963.jpg 1280w, https:\/\/noticiasmercedinas.com\/site\/wp-content\/uploads\/2024\/09\/DIPIERI04-681x512.jpg 681w, https:\/\/noticiasmercedinas.com\/site\/wp-content\/uploads\/2024\/09\/DIPIERI04-1362x1025.jpg 1362w\" sizes=\"auto, (max-width: 1600px) 100vw, 1600px\" \/><\/p>\n","protected":false},"excerpt":{"rendered":"<p>\u25a0 A los 76 a\u00f1os y a cargo de su empresa familiar de producci\u00f3n artesanal, Dipieri asegura que se encuentra en un proceso de retiro gradual para ceder el lugar a las nuevas generaciones.<\/p>\n","protected":false},"author":16,"featured_media":143401,"comment_status":"closed","ping_status":"closed","sticky":false,"template":"","format":"standard","meta":{"footnotes":""},"categories":[3],"tags":[18772,31,6343],"class_list":["post-143400","post","type-post","status-publish","format-standard","has-post-thumbnail","hentry","category-sociedad","tag-dipieri","tag-fiesta-del-salame","tag-hugo-dipieri"],"yoast_head":"<!-- This site is optimized with the Yoast SEO plugin v27.4 - https:\/\/yoast.com\/product\/yoast-seo-wordpress\/ -->\n<title>Hugo Dipieri: 46 a\u00f1os de trayectoria y un legado que trasciende generaciones en la Fiesta del Salame<\/title>\n<meta name=\"robots\" content=\"index, follow, max-snippet:-1, max-image-preview:large, max-video-preview:-1\" \/>\n<link rel=\"canonical\" href=\"https:\/\/noticiasmercedinas.com\/site\/2024\/09\/07\/hugo-dipieri-46-anos-de-trayectoria-y-un-legado-que-trasciende-generaciones-en-la-fiesta-del-salame\/\" \/>\n<meta property=\"og:locale\" content=\"es_ES\" \/>\n<meta property=\"og:type\" content=\"article\" \/>\n<meta property=\"og:title\" content=\"Hugo Dipieri: 46 a\u00f1os de trayectoria y un legado que trasciende generaciones en la Fiesta del Salame\" \/>\n<meta property=\"og:description\" content=\"\u25a0 A los 76 a\u00f1os y a cargo de su empresa familiar de producci\u00f3n artesanal, Dipieri asegura que se encuentra en un proceso de retiro gradual para ceder el lugar a las nuevas generaciones.\" \/>\n<meta property=\"og:url\" content=\"https:\/\/noticiasmercedinas.com\/site\/2024\/09\/07\/hugo-dipieri-46-anos-de-trayectoria-y-un-legado-que-trasciende-generaciones-en-la-fiesta-del-salame\/\" \/>\n<meta property=\"og:site_name\" content=\"NOTICIASMERCEDINAS.COM\" \/>\n<meta property=\"article:publisher\" content=\"https:\/\/www.facebook.com\/noticiasmercedinas\/\" \/>\n<meta property=\"article:published_time\" content=\"2024-09-08T02:13:12+00:00\" \/>\n<meta property=\"og:image\" content=\"https:\/\/noticiasmercedinas.com\/site\/wp-content\/uploads\/2024\/09\/DIPIERI01-e1725761274890.jpg\" \/>\n\t<meta property=\"og:image:width\" content=\"1528\" \/>\n\t<meta property=\"og:image:height\" content=\"1034\" \/>\n\t<meta property=\"og:image:type\" content=\"image\/jpeg\" \/>\n<meta name=\"author\" content=\"NOTICIASMERCEDINAS.COM\" \/>\n<meta name=\"twitter:card\" content=\"summary_large_image\" \/>\n<meta name=\"twitter:creator\" content=\"@notmercedinas\" \/>\n<meta name=\"twitter:site\" content=\"@notmercedinas\" \/>\n<meta name=\"twitter:label1\" content=\"Escrito por\" \/>\n\t<meta name=\"twitter:data1\" content=\"NOTICIASMERCEDINAS.COM\" \/>\n\t<meta name=\"twitter:label2\" content=\"Tiempo de lectura\" \/>\n\t<meta name=\"twitter:data2\" content=\"2 minutos\" \/>\n<script type=\"application\/ld+json\" class=\"yoast-schema-graph\">{\"@context\":\"https:\\\/\\\/schema.org\",\"@graph\":[{\"@type\":\"Article\",\"@id\":\"https:\\\/\\\/noticiasmercedinas.com\\\/site\\\/2024\\\/09\\\/07\\\/hugo-dipieri-46-anos-de-trayectoria-y-un-legado-que-trasciende-generaciones-en-la-fiesta-del-salame\\\/#article\",\"isPartOf\":{\"@id\":\"https:\\\/\\\/noticiasmercedinas.com\\\/site\\\/2024\\\/09\\\/07\\\/hugo-dipieri-46-anos-de-trayectoria-y-un-legado-que-trasciende-generaciones-en-la-fiesta-del-salame\\\/\"},\"author\":{\"name\":\"NOTICIASMERCEDINAS.COM\",\"@id\":\"https:\\\/\\\/noticiasmercedinas.com\\\/site\\\/#\\\/schema\\\/person\\\/84b59c099c28ff2e8b77d4ceec5d8063\"},\"headline\":\"Hugo Dipieri: 46 a\u00f1os de trayectoria y un legado que trasciende generaciones en la Fiesta del Salame\",\"datePublished\":\"2024-09-08T02:13:12+00:00\",\"mainEntityOfPage\":{\"@id\":\"https:\\\/\\\/noticiasmercedinas.com\\\/site\\\/2024\\\/09\\\/07\\\/hugo-dipieri-46-anos-de-trayectoria-y-un-legado-que-trasciende-generaciones-en-la-fiesta-del-salame\\\/\"},\"wordCount\":480,\"publisher\":{\"@id\":\"https:\\\/\\\/noticiasmercedinas.com\\\/site\\\/#organization\"},\"image\":{\"@id\":\"https:\\\/\\\/noticiasmercedinas.com\\\/site\\\/2024\\\/09\\\/07\\\/hugo-dipieri-46-anos-de-trayectoria-y-un-legado-que-trasciende-generaciones-en-la-fiesta-del-salame\\\/#primaryimage\"},\"thumbnailUrl\":\"https:\\\/\\\/noticiasmercedinas.com\\\/site\\\/wp-content\\\/uploads\\\/2024\\\/09\\\/DIPIERI01-e1725761274890.jpg\",\"keywords\":[\"dipieri\",\"fiesta del salame\",\"Hugo dipieri\"],\"articleSection\":[\"Sociedad\"],\"inLanguage\":\"es\"},{\"@type\":\"WebPage\",\"@id\":\"https:\\\/\\\/noticiasmercedinas.com\\\/site\\\/2024\\\/09\\\/07\\\/hugo-dipieri-46-anos-de-trayectoria-y-un-legado-que-trasciende-generaciones-en-la-fiesta-del-salame\\\/\",\"url\":\"https:\\\/\\\/noticiasmercedinas.com\\\/site\\\/2024\\\/09\\\/07\\\/hugo-dipieri-46-anos-de-trayectoria-y-un-legado-que-trasciende-generaciones-en-la-fiesta-del-salame\\\/\",\"name\":\"Hugo Dipieri: 46 a\u00f1os de trayectoria y un legado que trasciende generaciones en la Fiesta del Salame\",\"isPartOf\":{\"@id\":\"https:\\\/\\\/noticiasmercedinas.com\\\/site\\\/#website\"},\"primaryImageOfPage\":{\"@id\":\"https:\\\/\\\/noticiasmercedinas.com\\\/site\\\/2024\\\/09\\\/07\\\/hugo-dipieri-46-anos-de-trayectoria-y-un-legado-que-trasciende-generaciones-en-la-fiesta-del-salame\\\/#primaryimage\"},\"image\":{\"@id\":\"https:\\\/\\\/noticiasmercedinas.com\\\/site\\\/2024\\\/09\\\/07\\\/hugo-dipieri-46-anos-de-trayectoria-y-un-legado-que-trasciende-generaciones-en-la-fiesta-del-salame\\\/#primaryimage\"},\"thumbnailUrl\":\"https:\\\/\\\/noticiasmercedinas.com\\\/site\\\/wp-content\\\/uploads\\\/2024\\\/09\\\/DIPIERI01-e1725761274890.jpg\",\"datePublished\":\"2024-09-08T02:13:12+00:00\",\"breadcrumb\":{\"@id\":\"https:\\\/\\\/noticiasmercedinas.com\\\/site\\\/2024\\\/09\\\/07\\\/hugo-dipieri-46-anos-de-trayectoria-y-un-legado-que-trasciende-generaciones-en-la-fiesta-del-salame\\\/#breadcrumb\"},\"inLanguage\":\"es\",\"potentialAction\":[{\"@type\":\"ReadAction\",\"target\":[\"https:\\\/\\\/noticiasmercedinas.com\\\/site\\\/2024\\\/09\\\/07\\\/hugo-dipieri-46-anos-de-trayectoria-y-un-legado-que-trasciende-generaciones-en-la-fiesta-del-salame\\\/\"]}]},{\"@type\":\"ImageObject\",\"inLanguage\":\"es\",\"@id\":\"https:\\\/\\\/noticiasmercedinas.com\\\/site\\\/2024\\\/09\\\/07\\\/hugo-dipieri-46-anos-de-trayectoria-y-un-legado-que-trasciende-generaciones-en-la-fiesta-del-salame\\\/#primaryimage\",\"url\":\"https:\\\/\\\/noticiasmercedinas.com\\\/site\\\/wp-content\\\/uploads\\\/2024\\\/09\\\/DIPIERI01-e1725761274890.jpg\",\"contentUrl\":\"https:\\\/\\\/noticiasmercedinas.com\\\/site\\\/wp-content\\\/uploads\\\/2024\\\/09\\\/DIPIERI01-e1725761274890.jpg\",\"width\":1528,\"height\":1034},{\"@type\":\"BreadcrumbList\",\"@id\":\"https:\\\/\\\/noticiasmercedinas.com\\\/site\\\/2024\\\/09\\\/07\\\/hugo-dipieri-46-anos-de-trayectoria-y-un-legado-que-trasciende-generaciones-en-la-fiesta-del-salame\\\/#breadcrumb\",\"itemListElement\":[{\"@type\":\"ListItem\",\"position\":1,\"name\":\"Portada\",\"item\":\"https:\\\/\\\/noticiasmercedinas.com\\\/site\\\/\"},{\"@type\":\"ListItem\",\"position\":2,\"name\":\"Hugo Dipieri: 46 a\u00f1os de trayectoria y un legado que trasciende generaciones en la Fiesta del Salame\"}]},{\"@type\":\"WebSite\",\"@id\":\"https:\\\/\\\/noticiasmercedinas.com\\\/site\\\/#website\",\"url\":\"https:\\\/\\\/noticiasmercedinas.com\\\/site\\\/\",\"name\":\"NOTICIASMERCEDINAS.COM\",\"description\":\"Mercedes, Buenos Aires, Argentina\",\"publisher\":{\"@id\":\"https:\\\/\\\/noticiasmercedinas.com\\\/site\\\/#organization\"},\"potentialAction\":[{\"@type\":\"SearchAction\",\"target\":{\"@type\":\"EntryPoint\",\"urlTemplate\":\"https:\\\/\\\/noticiasmercedinas.com\\\/site\\\/?s={search_term_string}\"},\"query-input\":{\"@type\":\"PropertyValueSpecification\",\"valueRequired\":true,\"valueName\":\"search_term_string\"}}],\"inLanguage\":\"es\"},{\"@type\":\"Organization\",\"@id\":\"https:\\\/\\\/noticiasmercedinas.com\\\/site\\\/#organization\",\"name\":\"NOTICIASMERCEDINAS.COM\",\"url\":\"https:\\\/\\\/noticiasmercedinas.com\\\/site\\\/\",\"logo\":{\"@type\":\"ImageObject\",\"inLanguage\":\"es\",\"@id\":\"https:\\\/\\\/noticiasmercedinas.com\\\/site\\\/#\\\/schema\\\/logo\\\/image\\\/\",\"url\":\"https:\\\/\\\/noticiasmercedinas.com\\\/site\\\/wp-content\\\/uploads\\\/2020\\\/06\\\/LOGO-512.jpg\",\"contentUrl\":\"https:\\\/\\\/noticiasmercedinas.com\\\/site\\\/wp-content\\\/uploads\\\/2020\\\/06\\\/LOGO-512.jpg\",\"width\":512,\"height\":512,\"caption\":\"NOTICIASMERCEDINAS.COM\"},\"image\":{\"@id\":\"https:\\\/\\\/noticiasmercedinas.com\\\/site\\\/#\\\/schema\\\/logo\\\/image\\\/\"},\"sameAs\":[\"https:\\\/\\\/www.facebook.com\\\/noticiasmercedinas\\\/\",\"https:\\\/\\\/x.com\\\/notmercedinas\",\"https:\\\/\\\/www.instagram.com\\\/noticiasmercedinas\\\/\"]},{\"@type\":\"Person\",\"@id\":\"https:\\\/\\\/noticiasmercedinas.com\\\/site\\\/#\\\/schema\\\/person\\\/84b59c099c28ff2e8b77d4ceec5d8063\",\"name\":\"NOTICIASMERCEDINAS.COM\",\"image\":{\"@type\":\"ImageObject\",\"inLanguage\":\"es\",\"@id\":\"https:\\\/\\\/secure.gravatar.com\\\/avatar\\\/4dfbf16b4d17945bfb6341b2d19043457132fcf478a5ee04f42e959fd8f5df0a?s=96&d=mm&r=g\",\"url\":\"https:\\\/\\\/secure.gravatar.com\\\/avatar\\\/4dfbf16b4d17945bfb6341b2d19043457132fcf478a5ee04f42e959fd8f5df0a?s=96&d=mm&r=g\",\"contentUrl\":\"https:\\\/\\\/secure.gravatar.com\\\/avatar\\\/4dfbf16b4d17945bfb6341b2d19043457132fcf478a5ee04f42e959fd8f5df0a?s=96&d=mm&r=g\",\"caption\":\"NOTICIASMERCEDINAS.COM\"},\"url\":\"https:\\\/\\\/noticiasmercedinas.com\\\/site\\\/author\\\/anonimo\\\/\"}]}<\/script>\n<!-- \/ Yoast SEO plugin. -->","yoast_head_json":{"title":"Hugo Dipieri: 46 a\u00f1os de trayectoria y un legado que trasciende generaciones en la Fiesta del Salame","robots":{"index":"index","follow":"follow","max-snippet":"max-snippet:-1","max-image-preview":"max-image-preview:large","max-video-preview":"max-video-preview:-1"},"canonical":"https:\/\/noticiasmercedinas.com\/site\/2024\/09\/07\/hugo-dipieri-46-anos-de-trayectoria-y-un-legado-que-trasciende-generaciones-en-la-fiesta-del-salame\/","og_locale":"es_ES","og_type":"article","og_title":"Hugo Dipieri: 46 a\u00f1os de trayectoria y un legado que trasciende generaciones en la Fiesta del Salame","og_description":"\u25a0 A los 76 a\u00f1os y a cargo de su empresa familiar de producci\u00f3n artesanal, Dipieri asegura que se encuentra en un proceso de retiro gradual para ceder el lugar a las nuevas generaciones.","og_url":"https:\/\/noticiasmercedinas.com\/site\/2024\/09\/07\/hugo-dipieri-46-anos-de-trayectoria-y-un-legado-que-trasciende-generaciones-en-la-fiesta-del-salame\/","og_site_name":"NOTICIASMERCEDINAS.COM","article_publisher":"https:\/\/www.facebook.com\/noticiasmercedinas\/","article_published_time":"2024-09-08T02:13:12+00:00","og_image":[{"width":1528,"height":1034,"url":"https:\/\/noticiasmercedinas.com\/site\/wp-content\/uploads\/2024\/09\/DIPIERI01-e1725761274890.jpg","type":"image\/jpeg"}],"author":"NOTICIASMERCEDINAS.COM","twitter_card":"summary_large_image","twitter_creator":"@notmercedinas","twitter_site":"@notmercedinas","twitter_misc":{"Escrito por":"NOTICIASMERCEDINAS.COM","Tiempo de lectura":"2 minutos"},"schema":{"@context":"https:\/\/schema.org","@graph":[{"@type":"Article","@id":"https:\/\/noticiasmercedinas.com\/site\/2024\/09\/07\/hugo-dipieri-46-anos-de-trayectoria-y-un-legado-que-trasciende-generaciones-en-la-fiesta-del-salame\/#article","isPartOf":{"@id":"https:\/\/noticiasmercedinas.com\/site\/2024\/09\/07\/hugo-dipieri-46-anos-de-trayectoria-y-un-legado-que-trasciende-generaciones-en-la-fiesta-del-salame\/"},"author":{"name":"NOTICIASMERCEDINAS.COM","@id":"https:\/\/noticiasmercedinas.com\/site\/#\/schema\/person\/84b59c099c28ff2e8b77d4ceec5d8063"},"headline":"Hugo Dipieri: 46 a\u00f1os de trayectoria y un legado que trasciende generaciones en la Fiesta del Salame","datePublished":"2024-09-08T02:13:12+00:00","mainEntityOfPage":{"@id":"https:\/\/noticiasmercedinas.com\/site\/2024\/09\/07\/hugo-dipieri-46-anos-de-trayectoria-y-un-legado-que-trasciende-generaciones-en-la-fiesta-del-salame\/"},"wordCount":480,"publisher":{"@id":"https:\/\/noticiasmercedinas.com\/site\/#organization"},"image":{"@id":"https:\/\/noticiasmercedinas.com\/site\/2024\/09\/07\/hugo-dipieri-46-anos-de-trayectoria-y-un-legado-que-trasciende-generaciones-en-la-fiesta-del-salame\/#primaryimage"},"thumbnailUrl":"https:\/\/noticiasmercedinas.com\/site\/wp-content\/uploads\/2024\/09\/DIPIERI01-e1725761274890.jpg","keywords":["dipieri","fiesta del salame","Hugo dipieri"],"articleSection":["Sociedad"],"inLanguage":"es"},{"@type":"WebPage","@id":"https:\/\/noticiasmercedinas.com\/site\/2024\/09\/07\/hugo-dipieri-46-anos-de-trayectoria-y-un-legado-que-trasciende-generaciones-en-la-fiesta-del-salame\/","url":"https:\/\/noticiasmercedinas.com\/site\/2024\/09\/07\/hugo-dipieri-46-anos-de-trayectoria-y-un-legado-que-trasciende-generaciones-en-la-fiesta-del-salame\/","name":"Hugo Dipieri: 46 a\u00f1os de trayectoria y un legado que trasciende generaciones en la Fiesta del Salame","isPartOf":{"@id":"https:\/\/noticiasmercedinas.com\/site\/#website"},"primaryImageOfPage":{"@id":"https:\/\/noticiasmercedinas.com\/site\/2024\/09\/07\/hugo-dipieri-46-anos-de-trayectoria-y-un-legado-que-trasciende-generaciones-en-la-fiesta-del-salame\/#primaryimage"},"image":{"@id":"https:\/\/noticiasmercedinas.com\/site\/2024\/09\/07\/hugo-dipieri-46-anos-de-trayectoria-y-un-legado-que-trasciende-generaciones-en-la-fiesta-del-salame\/#primaryimage"},"thumbnailUrl":"https:\/\/noticiasmercedinas.com\/site\/wp-content\/uploads\/2024\/09\/DIPIERI01-e1725761274890.jpg","datePublished":"2024-09-08T02:13:12+00:00","breadcrumb":{"@id":"https:\/\/noticiasmercedinas.com\/site\/2024\/09\/07\/hugo-dipieri-46-anos-de-trayectoria-y-un-legado-que-trasciende-generaciones-en-la-fiesta-del-salame\/#breadcrumb"},"inLanguage":"es","potentialAction":[{"@type":"ReadAction","target":["https:\/\/noticiasmercedinas.com\/site\/2024\/09\/07\/hugo-dipieri-46-anos-de-trayectoria-y-un-legado-que-trasciende-generaciones-en-la-fiesta-del-salame\/"]}]},{"@type":"ImageObject","inLanguage":"es","@id":"https:\/\/noticiasmercedinas.com\/site\/2024\/09\/07\/hugo-dipieri-46-anos-de-trayectoria-y-un-legado-que-trasciende-generaciones-en-la-fiesta-del-salame\/#primaryimage","url":"https:\/\/noticiasmercedinas.com\/site\/wp-content\/uploads\/2024\/09\/DIPIERI01-e1725761274890.jpg","contentUrl":"https:\/\/noticiasmercedinas.com\/site\/wp-content\/uploads\/2024\/09\/DIPIERI01-e1725761274890.jpg","width":1528,"height":1034},{"@type":"BreadcrumbList","@id":"https:\/\/noticiasmercedinas.com\/site\/2024\/09\/07\/hugo-dipieri-46-anos-de-trayectoria-y-un-legado-que-trasciende-generaciones-en-la-fiesta-del-salame\/#breadcrumb","itemListElement":[{"@type":"ListItem","position":1,"name":"Portada","item":"https:\/\/noticiasmercedinas.com\/site\/"},{"@type":"ListItem","position":2,"name":"Hugo Dipieri: 46 a\u00f1os de trayectoria y un legado que trasciende generaciones en la Fiesta del Salame"}]},{"@type":"WebSite","@id":"https:\/\/noticiasmercedinas.com\/site\/#website","url":"https:\/\/noticiasmercedinas.com\/site\/","name":"NOTICIASMERCEDINAS.COM","description":"Mercedes, Buenos Aires, Argentina","publisher":{"@id":"https:\/\/noticiasmercedinas.com\/site\/#organization"},"potentialAction":[{"@type":"SearchAction","target":{"@type":"EntryPoint","urlTemplate":"https:\/\/noticiasmercedinas.com\/site\/?s={search_term_string}"},"query-input":{"@type":"PropertyValueSpecification","valueRequired":true,"valueName":"search_term_string"}}],"inLanguage":"es"},{"@type":"Organization","@id":"https:\/\/noticiasmercedinas.com\/site\/#organization","name":"NOTICIASMERCEDINAS.COM","url":"https:\/\/noticiasmercedinas.com\/site\/","logo":{"@type":"ImageObject","inLanguage":"es","@id":"https:\/\/noticiasmercedinas.com\/site\/#\/schema\/logo\/image\/","url":"https:\/\/noticiasmercedinas.com\/site\/wp-content\/uploads\/2020\/06\/LOGO-512.jpg","contentUrl":"https:\/\/noticiasmercedinas.com\/site\/wp-content\/uploads\/2020\/06\/LOGO-512.jpg","width":512,"height":512,"caption":"NOTICIASMERCEDINAS.COM"},"image":{"@id":"https:\/\/noticiasmercedinas.com\/site\/#\/schema\/logo\/image\/"},"sameAs":["https:\/\/www.facebook.com\/noticiasmercedinas\/","https:\/\/x.com\/notmercedinas","https:\/\/www.instagram.com\/noticiasmercedinas\/"]},{"@type":"Person","@id":"https:\/\/noticiasmercedinas.com\/site\/#\/schema\/person\/84b59c099c28ff2e8b77d4ceec5d8063","name":"NOTICIASMERCEDINAS.COM","image":{"@type":"ImageObject","inLanguage":"es","@id":"https:\/\/secure.gravatar.com\/avatar\/4dfbf16b4d17945bfb6341b2d19043457132fcf478a5ee04f42e959fd8f5df0a?s=96&d=mm&r=g","url":"https:\/\/secure.gravatar.com\/avatar\/4dfbf16b4d17945bfb6341b2d19043457132fcf478a5ee04f42e959fd8f5df0a?s=96&d=mm&r=g","contentUrl":"https:\/\/secure.gravatar.com\/avatar\/4dfbf16b4d17945bfb6341b2d19043457132fcf478a5ee04f42e959fd8f5df0a?s=96&d=mm&r=g","caption":"NOTICIASMERCEDINAS.COM"},"url":"https:\/\/noticiasmercedinas.com\/site\/author\/anonimo\/"}]}},"amp_enabled":true,"_links":{"self":[{"href":"https:\/\/noticiasmercedinas.com\/site\/wp-json\/wp\/v2\/posts\/143400","targetHints":{"allow":["GET"]}}],"collection":[{"href":"https:\/\/noticiasmercedinas.com\/site\/wp-json\/wp\/v2\/posts"}],"about":[{"href":"https:\/\/noticiasmercedinas.com\/site\/wp-json\/wp\/v2\/types\/post"}],"author":[{"embeddable":true,"href":"https:\/\/noticiasmercedinas.com\/site\/wp-json\/wp\/v2\/users\/16"}],"replies":[{"embeddable":true,"href":"https:\/\/noticiasmercedinas.com\/site\/wp-json\/wp\/v2\/comments?post=143400"}],"version-history":[{"count":1,"href":"https:\/\/noticiasmercedinas.com\/site\/wp-json\/wp\/v2\/posts\/143400\/revisions"}],"predecessor-version":[{"id":143405,"href":"https:\/\/noticiasmercedinas.com\/site\/wp-json\/wp\/v2\/posts\/143400\/revisions\/143405"}],"wp:featuredmedia":[{"embeddable":true,"href":"https:\/\/noticiasmercedinas.com\/site\/wp-json\/wp\/v2\/media\/143401"}],"wp:attachment":[{"href":"https:\/\/noticiasmercedinas.com\/site\/wp-json\/wp\/v2\/media?parent=143400"}],"wp:term":[{"taxonomy":"category","embeddable":true,"href":"https:\/\/noticiasmercedinas.com\/site\/wp-json\/wp\/v2\/categories?post=143400"},{"taxonomy":"post_tag","embeddable":true,"href":"https:\/\/noticiasmercedinas.com\/site\/wp-json\/wp\/v2\/tags?post=143400"}],"curies":[{"name":"wp","href":"https:\/\/api.w.org\/{rel}","templated":true}]}}