{"id":143492,"date":"2024-09-08T22:11:17","date_gmt":"2024-09-09T01:11:17","guid":{"rendered":"https:\/\/noticiasmercedinas.com\/site\/?p=143492"},"modified":"2024-09-08T22:11:17","modified_gmt":"2024-09-09T01:11:17","slug":"taller-de-huerta-en-primavera-una-jornada-educativa-organizada-por-el-cfl-401-cfp-403-y-la-municipalidad","status":"publish","type":"post","link":"https:\/\/noticiasmercedinas.com\/site\/2024\/09\/08\/taller-de-huerta-en-primavera-una-jornada-educativa-organizada-por-el-cfl-401-cfp-403-y-la-municipalidad\/","title":{"rendered":"Taller de Huerta en Primavera: una jornada educativa organizada por el CFL 401, CFP 403 y la Municipalidad"},"content":{"rendered":"<p><img loading=\"lazy\" decoding=\"async\" class=\"alignnone size-full wp-image-143493\" src=\"https:\/\/noticiasmercedinas.com\/site\/wp-content\/uploads\/2024\/09\/CFL401.jpg\" alt=\"\" width=\"640\" height=\"430\" srcset=\"https:\/\/noticiasmercedinas.com\/site\/wp-content\/uploads\/2024\/09\/CFL401.jpg 640w, https:\/\/noticiasmercedinas.com\/site\/wp-content\/uploads\/2024\/09\/CFL401-300x202.jpg 300w, https:\/\/noticiasmercedinas.com\/site\/wp-content\/uploads\/2024\/09\/CFL401-537x360.jpg 537w\" sizes=\"auto, (max-width: 640px) 100vw, 640px\" \/><\/p>\n<p>Se llev\u00f3 a cabo el \u00abTaller de Huerta en Primavera\u00bb, una iniciativa conjunta del Centro de Formaci\u00f3n Laboral 401, CFP 403 y la Direcci\u00f3n de Ambiente de la Municipalidad de Mercedes. El encuentro, impulsado por la instructora D\u00e9bora Pedemonte y sus alumnos, tuvo lugar en el vivero biotecnol\u00f3gico de la ciudad, con el objetivo de capacitar a docentes como agentes multiplicadores en t\u00e9cnicas de huerta urbana.<\/p>\n<p>La actividad cont\u00f3 con la participaci\u00f3n del Director de Espacios Verdes, Dar\u00edo Taramasco, y de Macarena, junto a todo el equipo del vivero biotecnol\u00f3gico, quienes brindaron su apoyo en la coordinaci\u00f3n del taller. Los alumnos del CFL se destacaron al guiar las distintas postas del vivero, explicando de manera pr\u00e1ctica los pasos para desarrollar una huerta de primavera, lo que fue muy valorado por los asistentes.<\/p>\n<p>Este proyecto no solo refuerza el compromiso educativo y ambiental de las instituciones participantes, sino que tambi\u00e9n subraya la importancia de formar a docentes en pr\u00e1cticas sostenibles que puedan ser replicadas en distintos espacios escolares.<\/p>\n<p>El taller fue un \u00e9xito y cont\u00f3 con una excelente participaci\u00f3n, lo que augura pr\u00f3ximas ediciones y un mayor impacto en la comunidad. Desde el CFL 401 agradecieron a todos los que hicieron posible esta jornada, destacando el trabajo en equipo y la dedicaci\u00f3n de los alumnos que llevaron adelante las explicaciones pr\u00e1cticas<\/p>\n","protected":false},"excerpt":{"rendered":"<p>Se llev\u00f3 a cabo el \u00abTaller de Huerta en Primavera\u00bb, una iniciativa conjunta del Centro de Formaci\u00f3n Laboral 401, CFP 403 y la Direcci\u00f3n de Ambiente de la Municipalidad de Mercedes. El encuentro, impulsado por la instructora D\u00e9bora Pedemonte y sus alumnos, tuvo lugar en el vivero biotecnol\u00f3gico de la ciudad, con el objetivo de [&hellip;]<\/p>\n","protected":false},"author":16,"featured_media":143493,"comment_status":"closed","ping_status":"closed","sticky":false,"template":"","format":"standard","meta":{"footnotes":""},"categories":[5754],"tags":[13504,1918],"class_list":["post-143492","post","type-post","status-publish","format-standard","has-post-thumbnail","hentry","category-medio-ambiente","tag-cfl-401","tag-huerta"],"yoast_head":"<!-- This site is optimized with the Yoast SEO plugin v27.4 - https:\/\/yoast.com\/product\/yoast-seo-wordpress\/ -->\n<title>Taller de Huerta en Primavera: una jornada educativa organizada por el CFL 401, CFP 403 y la Municipalidad<\/title>\n<meta name=\"robots\" content=\"index, follow, max-snippet:-1, max-image-preview:large, max-video-preview:-1\" \/>\n<link rel=\"canonical\" href=\"https:\/\/noticiasmercedinas.com\/site\/2024\/09\/08\/taller-de-huerta-en-primavera-una-jornada-educativa-organizada-por-el-cfl-401-cfp-403-y-la-municipalidad\/\" \/>\n<meta property=\"og:locale\" content=\"es_ES\" \/>\n<meta property=\"og:type\" content=\"article\" \/>\n<meta property=\"og:title\" content=\"Taller de Huerta en Primavera: una jornada educativa organizada por el CFL 401, CFP 403 y la Municipalidad\" \/>\n<meta property=\"og:description\" content=\"Se llev\u00f3 a cabo el \u00abTaller de Huerta en Primavera\u00bb, una iniciativa conjunta del Centro de Formaci\u00f3n Laboral 401, CFP 403 y la Direcci\u00f3n de Ambiente de la Municipalidad de Mercedes. El encuentro, impulsado por la instructora D\u00e9bora Pedemonte y sus alumnos, tuvo lugar en el vivero biotecnol\u00f3gico de la ciudad, con el objetivo de [&hellip;]\" \/>\n<meta property=\"og:url\" content=\"https:\/\/noticiasmercedinas.com\/site\/2024\/09\/08\/taller-de-huerta-en-primavera-una-jornada-educativa-organizada-por-el-cfl-401-cfp-403-y-la-municipalidad\/\" \/>\n<meta property=\"og:site_name\" content=\"NOTICIASMERCEDINAS.COM\" \/>\n<meta property=\"article:publisher\" content=\"https:\/\/www.facebook.com\/noticiasmercedinas\/\" \/>\n<meta property=\"article:published_time\" content=\"2024-09-09T01:11:17+00:00\" \/>\n<meta property=\"og:image\" content=\"https:\/\/noticiasmercedinas.com\/site\/wp-content\/uploads\/2024\/09\/CFL401.jpg\" \/>\n\t<meta property=\"og:image:width\" content=\"640\" \/>\n\t<meta property=\"og:image:height\" content=\"430\" \/>\n\t<meta property=\"og:image:type\" content=\"image\/jpeg\" \/>\n<meta name=\"author\" content=\"NOTICIASMERCEDINAS.COM\" \/>\n<meta name=\"twitter:card\" content=\"summary_large_image\" \/>\n<meta name=\"twitter:creator\" content=\"@notmercedinas\" \/>\n<meta name=\"twitter:site\" content=\"@notmercedinas\" \/>\n<meta name=\"twitter:label1\" content=\"Escrito por\" \/>\n\t<meta name=\"twitter:data1\" content=\"NOTICIASMERCEDINAS.COM\" \/>\n\t<meta name=\"twitter:label2\" content=\"Tiempo de lectura\" \/>\n\t<meta name=\"twitter:data2\" content=\"1 minuto\" \/>\n<script type=\"application\/ld+json\" class=\"yoast-schema-graph\">{\"@context\":\"https:\\\/\\\/schema.org\",\"@graph\":[{\"@type\":\"Article\",\"@id\":\"https:\\\/\\\/noticiasmercedinas.com\\\/site\\\/2024\\\/09\\\/08\\\/taller-de-huerta-en-primavera-una-jornada-educativa-organizada-por-el-cfl-401-cfp-403-y-la-municipalidad\\\/#article\",\"isPartOf\":{\"@id\":\"https:\\\/\\\/noticiasmercedinas.com\\\/site\\\/2024\\\/09\\\/08\\\/taller-de-huerta-en-primavera-una-jornada-educativa-organizada-por-el-cfl-401-cfp-403-y-la-municipalidad\\\/\"},\"author\":{\"name\":\"NOTICIASMERCEDINAS.COM\",\"@id\":\"https:\\\/\\\/noticiasmercedinas.com\\\/site\\\/#\\\/schema\\\/person\\\/84b59c099c28ff2e8b77d4ceec5d8063\"},\"headline\":\"Taller de Huerta en Primavera: una jornada educativa organizada por el CFL 401, CFP 403 y la Municipalidad\",\"datePublished\":\"2024-09-09T01:11:17+00:00\",\"mainEntityOfPage\":{\"@id\":\"https:\\\/\\\/noticiasmercedinas.com\\\/site\\\/2024\\\/09\\\/08\\\/taller-de-huerta-en-primavera-una-jornada-educativa-organizada-por-el-cfl-401-cfp-403-y-la-municipalidad\\\/\"},\"wordCount\":249,\"publisher\":{\"@id\":\"https:\\\/\\\/noticiasmercedinas.com\\\/site\\\/#organization\"},\"image\":{\"@id\":\"https:\\\/\\\/noticiasmercedinas.com\\\/site\\\/2024\\\/09\\\/08\\\/taller-de-huerta-en-primavera-una-jornada-educativa-organizada-por-el-cfl-401-cfp-403-y-la-municipalidad\\\/#primaryimage\"},\"thumbnailUrl\":\"https:\\\/\\\/noticiasmercedinas.com\\\/site\\\/wp-content\\\/uploads\\\/2024\\\/09\\\/CFL401.jpg\",\"keywords\":[\"cfl 401\",\"huerta\"],\"articleSection\":[\"Ambiente\"],\"inLanguage\":\"es\"},{\"@type\":\"WebPage\",\"@id\":\"https:\\\/\\\/noticiasmercedinas.com\\\/site\\\/2024\\\/09\\\/08\\\/taller-de-huerta-en-primavera-una-jornada-educativa-organizada-por-el-cfl-401-cfp-403-y-la-municipalidad\\\/\",\"url\":\"https:\\\/\\\/noticiasmercedinas.com\\\/site\\\/2024\\\/09\\\/08\\\/taller-de-huerta-en-primavera-una-jornada-educativa-organizada-por-el-cfl-401-cfp-403-y-la-municipalidad\\\/\",\"name\":\"Taller de Huerta en Primavera: una jornada educativa organizada por el CFL 401, CFP 403 y la Municipalidad\",\"isPartOf\":{\"@id\":\"https:\\\/\\\/noticiasmercedinas.com\\\/site\\\/#website\"},\"primaryImageOfPage\":{\"@id\":\"https:\\\/\\\/noticiasmercedinas.com\\\/site\\\/2024\\\/09\\\/08\\\/taller-de-huerta-en-primavera-una-jornada-educativa-organizada-por-el-cfl-401-cfp-403-y-la-municipalidad\\\/#primaryimage\"},\"image\":{\"@id\":\"https:\\\/\\\/noticiasmercedinas.com\\\/site\\\/2024\\\/09\\\/08\\\/taller-de-huerta-en-primavera-una-jornada-educativa-organizada-por-el-cfl-401-cfp-403-y-la-municipalidad\\\/#primaryimage\"},\"thumbnailUrl\":\"https:\\\/\\\/noticiasmercedinas.com\\\/site\\\/wp-content\\\/uploads\\\/2024\\\/09\\\/CFL401.jpg\",\"datePublished\":\"2024-09-09T01:11:17+00:00\",\"breadcrumb\":{\"@id\":\"https:\\\/\\\/noticiasmercedinas.com\\\/site\\\/2024\\\/09\\\/08\\\/taller-de-huerta-en-primavera-una-jornada-educativa-organizada-por-el-cfl-401-cfp-403-y-la-municipalidad\\\/#breadcrumb\"},\"inLanguage\":\"es\",\"potentialAction\":[{\"@type\":\"ReadAction\",\"target\":[\"https:\\\/\\\/noticiasmercedinas.com\\\/site\\\/2024\\\/09\\\/08\\\/taller-de-huerta-en-primavera-una-jornada-educativa-organizada-por-el-cfl-401-cfp-403-y-la-municipalidad\\\/\"]}]},{\"@type\":\"ImageObject\",\"inLanguage\":\"es\",\"@id\":\"https:\\\/\\\/noticiasmercedinas.com\\\/site\\\/2024\\\/09\\\/08\\\/taller-de-huerta-en-primavera-una-jornada-educativa-organizada-por-el-cfl-401-cfp-403-y-la-municipalidad\\\/#primaryimage\",\"url\":\"https:\\\/\\\/noticiasmercedinas.com\\\/site\\\/wp-content\\\/uploads\\\/2024\\\/09\\\/CFL401.jpg\",\"contentUrl\":\"https:\\\/\\\/noticiasmercedinas.com\\\/site\\\/wp-content\\\/uploads\\\/2024\\\/09\\\/CFL401.jpg\",\"width\":640,\"height\":430},{\"@type\":\"BreadcrumbList\",\"@id\":\"https:\\\/\\\/noticiasmercedinas.com\\\/site\\\/2024\\\/09\\\/08\\\/taller-de-huerta-en-primavera-una-jornada-educativa-organizada-por-el-cfl-401-cfp-403-y-la-municipalidad\\\/#breadcrumb\",\"itemListElement\":[{\"@type\":\"ListItem\",\"position\":1,\"name\":\"Portada\",\"item\":\"https:\\\/\\\/noticiasmercedinas.com\\\/site\\\/\"},{\"@type\":\"ListItem\",\"position\":2,\"name\":\"Taller de Huerta en Primavera: una jornada educativa organizada por el CFL 401, CFP 403 y la Municipalidad\"}]},{\"@type\":\"WebSite\",\"@id\":\"https:\\\/\\\/noticiasmercedinas.com\\\/site\\\/#website\",\"url\":\"https:\\\/\\\/noticiasmercedinas.com\\\/site\\\/\",\"name\":\"NOTICIASMERCEDINAS.COM\",\"description\":\"Mercedes, Buenos Aires, Argentina\",\"publisher\":{\"@id\":\"https:\\\/\\\/noticiasmercedinas.com\\\/site\\\/#organization\"},\"potentialAction\":[{\"@type\":\"SearchAction\",\"target\":{\"@type\":\"EntryPoint\",\"urlTemplate\":\"https:\\\/\\\/noticiasmercedinas.com\\\/site\\\/?s={search_term_string}\"},\"query-input\":{\"@type\":\"PropertyValueSpecification\",\"valueRequired\":true,\"valueName\":\"search_term_string\"}}],\"inLanguage\":\"es\"},{\"@type\":\"Organization\",\"@id\":\"https:\\\/\\\/noticiasmercedinas.com\\\/site\\\/#organization\",\"name\":\"NOTICIASMERCEDINAS.COM\",\"url\":\"https:\\\/\\\/noticiasmercedinas.com\\\/site\\\/\",\"logo\":{\"@type\":\"ImageObject\",\"inLanguage\":\"es\",\"@id\":\"https:\\\/\\\/noticiasmercedinas.com\\\/site\\\/#\\\/schema\\\/logo\\\/image\\\/\",\"url\":\"https:\\\/\\\/noticiasmercedinas.com\\\/site\\\/wp-content\\\/uploads\\\/2020\\\/06\\\/LOGO-512.jpg\",\"contentUrl\":\"https:\\\/\\\/noticiasmercedinas.com\\\/site\\\/wp-content\\\/uploads\\\/2020\\\/06\\\/LOGO-512.jpg\",\"width\":512,\"height\":512,\"caption\":\"NOTICIASMERCEDINAS.COM\"},\"image\":{\"@id\":\"https:\\\/\\\/noticiasmercedinas.com\\\/site\\\/#\\\/schema\\\/logo\\\/image\\\/\"},\"sameAs\":[\"https:\\\/\\\/www.facebook.com\\\/noticiasmercedinas\\\/\",\"https:\\\/\\\/x.com\\\/notmercedinas\",\"https:\\\/\\\/www.instagram.com\\\/noticiasmercedinas\\\/\"]},{\"@type\":\"Person\",\"@id\":\"https:\\\/\\\/noticiasmercedinas.com\\\/site\\\/#\\\/schema\\\/person\\\/84b59c099c28ff2e8b77d4ceec5d8063\",\"name\":\"NOTICIASMERCEDINAS.COM\",\"image\":{\"@type\":\"ImageObject\",\"inLanguage\":\"es\",\"@id\":\"https:\\\/\\\/secure.gravatar.com\\\/avatar\\\/4dfbf16b4d17945bfb6341b2d19043457132fcf478a5ee04f42e959fd8f5df0a?s=96&d=mm&r=g\",\"url\":\"https:\\\/\\\/secure.gravatar.com\\\/avatar\\\/4dfbf16b4d17945bfb6341b2d19043457132fcf478a5ee04f42e959fd8f5df0a?s=96&d=mm&r=g\",\"contentUrl\":\"https:\\\/\\\/secure.gravatar.com\\\/avatar\\\/4dfbf16b4d17945bfb6341b2d19043457132fcf478a5ee04f42e959fd8f5df0a?s=96&d=mm&r=g\",\"caption\":\"NOTICIASMERCEDINAS.COM\"},\"url\":\"https:\\\/\\\/noticiasmercedinas.com\\\/site\\\/author\\\/anonimo\\\/\"}]}<\/script>\n<!-- \/ Yoast SEO plugin. -->","yoast_head_json":{"title":"Taller de Huerta en Primavera: una jornada educativa organizada por el CFL 401, CFP 403 y la Municipalidad","robots":{"index":"index","follow":"follow","max-snippet":"max-snippet:-1","max-image-preview":"max-image-preview:large","max-video-preview":"max-video-preview:-1"},"canonical":"https:\/\/noticiasmercedinas.com\/site\/2024\/09\/08\/taller-de-huerta-en-primavera-una-jornada-educativa-organizada-por-el-cfl-401-cfp-403-y-la-municipalidad\/","og_locale":"es_ES","og_type":"article","og_title":"Taller de Huerta en Primavera: una jornada educativa organizada por el CFL 401, CFP 403 y la Municipalidad","og_description":"Se llev\u00f3 a cabo el \u00abTaller de Huerta en Primavera\u00bb, una iniciativa conjunta del Centro de Formaci\u00f3n Laboral 401, CFP 403 y la Direcci\u00f3n de Ambiente de la Municipalidad de Mercedes. El encuentro, impulsado por la instructora D\u00e9bora Pedemonte y sus alumnos, tuvo lugar en el vivero biotecnol\u00f3gico de la ciudad, con el objetivo de [&hellip;]","og_url":"https:\/\/noticiasmercedinas.com\/site\/2024\/09\/08\/taller-de-huerta-en-primavera-una-jornada-educativa-organizada-por-el-cfl-401-cfp-403-y-la-municipalidad\/","og_site_name":"NOTICIASMERCEDINAS.COM","article_publisher":"https:\/\/www.facebook.com\/noticiasmercedinas\/","article_published_time":"2024-09-09T01:11:17+00:00","og_image":[{"width":640,"height":430,"url":"https:\/\/noticiasmercedinas.com\/site\/wp-content\/uploads\/2024\/09\/CFL401.jpg","type":"image\/jpeg"}],"author":"NOTICIASMERCEDINAS.COM","twitter_card":"summary_large_image","twitter_creator":"@notmercedinas","twitter_site":"@notmercedinas","twitter_misc":{"Escrito por":"NOTICIASMERCEDINAS.COM","Tiempo de lectura":"1 minuto"},"schema":{"@context":"https:\/\/schema.org","@graph":[{"@type":"Article","@id":"https:\/\/noticiasmercedinas.com\/site\/2024\/09\/08\/taller-de-huerta-en-primavera-una-jornada-educativa-organizada-por-el-cfl-401-cfp-403-y-la-municipalidad\/#article","isPartOf":{"@id":"https:\/\/noticiasmercedinas.com\/site\/2024\/09\/08\/taller-de-huerta-en-primavera-una-jornada-educativa-organizada-por-el-cfl-401-cfp-403-y-la-municipalidad\/"},"author":{"name":"NOTICIASMERCEDINAS.COM","@id":"https:\/\/noticiasmercedinas.com\/site\/#\/schema\/person\/84b59c099c28ff2e8b77d4ceec5d8063"},"headline":"Taller de Huerta en Primavera: una jornada educativa organizada por el CFL 401, CFP 403 y la Municipalidad","datePublished":"2024-09-09T01:11:17+00:00","mainEntityOfPage":{"@id":"https:\/\/noticiasmercedinas.com\/site\/2024\/09\/08\/taller-de-huerta-en-primavera-una-jornada-educativa-organizada-por-el-cfl-401-cfp-403-y-la-municipalidad\/"},"wordCount":249,"publisher":{"@id":"https:\/\/noticiasmercedinas.com\/site\/#organization"},"image":{"@id":"https:\/\/noticiasmercedinas.com\/site\/2024\/09\/08\/taller-de-huerta-en-primavera-una-jornada-educativa-organizada-por-el-cfl-401-cfp-403-y-la-municipalidad\/#primaryimage"},"thumbnailUrl":"https:\/\/noticiasmercedinas.com\/site\/wp-content\/uploads\/2024\/09\/CFL401.jpg","keywords":["cfl 401","huerta"],"articleSection":["Ambiente"],"inLanguage":"es"},{"@type":"WebPage","@id":"https:\/\/noticiasmercedinas.com\/site\/2024\/09\/08\/taller-de-huerta-en-primavera-una-jornada-educativa-organizada-por-el-cfl-401-cfp-403-y-la-municipalidad\/","url":"https:\/\/noticiasmercedinas.com\/site\/2024\/09\/08\/taller-de-huerta-en-primavera-una-jornada-educativa-organizada-por-el-cfl-401-cfp-403-y-la-municipalidad\/","name":"Taller de Huerta en Primavera: una jornada educativa organizada por el CFL 401, CFP 403 y la Municipalidad","isPartOf":{"@id":"https:\/\/noticiasmercedinas.com\/site\/#website"},"primaryImageOfPage":{"@id":"https:\/\/noticiasmercedinas.com\/site\/2024\/09\/08\/taller-de-huerta-en-primavera-una-jornada-educativa-organizada-por-el-cfl-401-cfp-403-y-la-municipalidad\/#primaryimage"},"image":{"@id":"https:\/\/noticiasmercedinas.com\/site\/2024\/09\/08\/taller-de-huerta-en-primavera-una-jornada-educativa-organizada-por-el-cfl-401-cfp-403-y-la-municipalidad\/#primaryimage"},"thumbnailUrl":"https:\/\/noticiasmercedinas.com\/site\/wp-content\/uploads\/2024\/09\/CFL401.jpg","datePublished":"2024-09-09T01:11:17+00:00","breadcrumb":{"@id":"https:\/\/noticiasmercedinas.com\/site\/2024\/09\/08\/taller-de-huerta-en-primavera-una-jornada-educativa-organizada-por-el-cfl-401-cfp-403-y-la-municipalidad\/#breadcrumb"},"inLanguage":"es","potentialAction":[{"@type":"ReadAction","target":["https:\/\/noticiasmercedinas.com\/site\/2024\/09\/08\/taller-de-huerta-en-primavera-una-jornada-educativa-organizada-por-el-cfl-401-cfp-403-y-la-municipalidad\/"]}]},{"@type":"ImageObject","inLanguage":"es","@id":"https:\/\/noticiasmercedinas.com\/site\/2024\/09\/08\/taller-de-huerta-en-primavera-una-jornada-educativa-organizada-por-el-cfl-401-cfp-403-y-la-municipalidad\/#primaryimage","url":"https:\/\/noticiasmercedinas.com\/site\/wp-content\/uploads\/2024\/09\/CFL401.jpg","contentUrl":"https:\/\/noticiasmercedinas.com\/site\/wp-content\/uploads\/2024\/09\/CFL401.jpg","width":640,"height":430},{"@type":"BreadcrumbList","@id":"https:\/\/noticiasmercedinas.com\/site\/2024\/09\/08\/taller-de-huerta-en-primavera-una-jornada-educativa-organizada-por-el-cfl-401-cfp-403-y-la-municipalidad\/#breadcrumb","itemListElement":[{"@type":"ListItem","position":1,"name":"Portada","item":"https:\/\/noticiasmercedinas.com\/site\/"},{"@type":"ListItem","position":2,"name":"Taller de Huerta en Primavera: una jornada educativa organizada por el CFL 401, CFP 403 y la Municipalidad"}]},{"@type":"WebSite","@id":"https:\/\/noticiasmercedinas.com\/site\/#website","url":"https:\/\/noticiasmercedinas.com\/site\/","name":"NOTICIASMERCEDINAS.COM","description":"Mercedes, Buenos Aires, Argentina","publisher":{"@id":"https:\/\/noticiasmercedinas.com\/site\/#organization"},"potentialAction":[{"@type":"SearchAction","target":{"@type":"EntryPoint","urlTemplate":"https:\/\/noticiasmercedinas.com\/site\/?s={search_term_string}"},"query-input":{"@type":"PropertyValueSpecification","valueRequired":true,"valueName":"search_term_string"}}],"inLanguage":"es"},{"@type":"Organization","@id":"https:\/\/noticiasmercedinas.com\/site\/#organization","name":"NOTICIASMERCEDINAS.COM","url":"https:\/\/noticiasmercedinas.com\/site\/","logo":{"@type":"ImageObject","inLanguage":"es","@id":"https:\/\/noticiasmercedinas.com\/site\/#\/schema\/logo\/image\/","url":"https:\/\/noticiasmercedinas.com\/site\/wp-content\/uploads\/2020\/06\/LOGO-512.jpg","contentUrl":"https:\/\/noticiasmercedinas.com\/site\/wp-content\/uploads\/2020\/06\/LOGO-512.jpg","width":512,"height":512,"caption":"NOTICIASMERCEDINAS.COM"},"image":{"@id":"https:\/\/noticiasmercedinas.com\/site\/#\/schema\/logo\/image\/"},"sameAs":["https:\/\/www.facebook.com\/noticiasmercedinas\/","https:\/\/x.com\/notmercedinas","https:\/\/www.instagram.com\/noticiasmercedinas\/"]},{"@type":"Person","@id":"https:\/\/noticiasmercedinas.com\/site\/#\/schema\/person\/84b59c099c28ff2e8b77d4ceec5d8063","name":"NOTICIASMERCEDINAS.COM","image":{"@type":"ImageObject","inLanguage":"es","@id":"https:\/\/secure.gravatar.com\/avatar\/4dfbf16b4d17945bfb6341b2d19043457132fcf478a5ee04f42e959fd8f5df0a?s=96&d=mm&r=g","url":"https:\/\/secure.gravatar.com\/avatar\/4dfbf16b4d17945bfb6341b2d19043457132fcf478a5ee04f42e959fd8f5df0a?s=96&d=mm&r=g","contentUrl":"https:\/\/secure.gravatar.com\/avatar\/4dfbf16b4d17945bfb6341b2d19043457132fcf478a5ee04f42e959fd8f5df0a?s=96&d=mm&r=g","caption":"NOTICIASMERCEDINAS.COM"},"url":"https:\/\/noticiasmercedinas.com\/site\/author\/anonimo\/"}]}},"amp_enabled":true,"_links":{"self":[{"href":"https:\/\/noticiasmercedinas.com\/site\/wp-json\/wp\/v2\/posts\/143492","targetHints":{"allow":["GET"]}}],"collection":[{"href":"https:\/\/noticiasmercedinas.com\/site\/wp-json\/wp\/v2\/posts"}],"about":[{"href":"https:\/\/noticiasmercedinas.com\/site\/wp-json\/wp\/v2\/types\/post"}],"author":[{"embeddable":true,"href":"https:\/\/noticiasmercedinas.com\/site\/wp-json\/wp\/v2\/users\/16"}],"replies":[{"embeddable":true,"href":"https:\/\/noticiasmercedinas.com\/site\/wp-json\/wp\/v2\/comments?post=143492"}],"version-history":[{"count":1,"href":"https:\/\/noticiasmercedinas.com\/site\/wp-json\/wp\/v2\/posts\/143492\/revisions"}],"predecessor-version":[{"id":143494,"href":"https:\/\/noticiasmercedinas.com\/site\/wp-json\/wp\/v2\/posts\/143492\/revisions\/143494"}],"wp:featuredmedia":[{"embeddable":true,"href":"https:\/\/noticiasmercedinas.com\/site\/wp-json\/wp\/v2\/media\/143493"}],"wp:attachment":[{"href":"https:\/\/noticiasmercedinas.com\/site\/wp-json\/wp\/v2\/media?parent=143492"}],"wp:term":[{"taxonomy":"category","embeddable":true,"href":"https:\/\/noticiasmercedinas.com\/site\/wp-json\/wp\/v2\/categories?post=143492"},{"taxonomy":"post_tag","embeddable":true,"href":"https:\/\/noticiasmercedinas.com\/site\/wp-json\/wp\/v2\/tags?post=143492"}],"curies":[{"name":"wp","href":"https:\/\/api.w.org\/{rel}","templated":true}]}}