{"id":143719,"date":"2024-09-10T16:54:41","date_gmt":"2024-09-10T19:54:41","guid":{"rendered":"https:\/\/noticiasmercedinas.com\/site\/?p=143719"},"modified":"2024-09-10T16:54:41","modified_gmt":"2024-09-10T19:54:41","slug":"tradicional-te-en-el-centro-de-formacion-laboral-401-una-jornada-de-gratitud-y-colaboracion","status":"publish","type":"post","link":"https:\/\/noticiasmercedinas.com\/site\/2024\/09\/10\/tradicional-te-en-el-centro-de-formacion-laboral-401-una-jornada-de-gratitud-y-colaboracion\/","title":{"rendered":"Tradicional T\u00e9 en el Centro de Formaci\u00f3n Laboral 401: una jornada de gratitud y colaboraci\u00f3n"},"content":{"rendered":"<p><img loading=\"lazy\" decoding=\"async\" class=\"alignnone size-full wp-image-143721\" src=\"https:\/\/noticiasmercedinas.com\/site\/wp-content\/uploads\/2024\/09\/TE01.jpg\" alt=\"\" width=\"683\" height=\"531\" srcset=\"https:\/\/noticiasmercedinas.com\/site\/wp-content\/uploads\/2024\/09\/TE01.jpg 683w, https:\/\/noticiasmercedinas.com\/site\/wp-content\/uploads\/2024\/09\/TE01-300x233.jpg 300w, https:\/\/noticiasmercedinas.com\/site\/wp-content\/uploads\/2024\/09\/TE01-640x498.jpg 640w, https:\/\/noticiasmercedinas.com\/site\/wp-content\/uploads\/2024\/09\/TE01-681x529.jpg 681w\" sizes=\"auto, (max-width: 683px) 100vw, 683px\" \/><\/p>\n<p>El pasado s\u00e1bado 7 de septiembre, el Centro de Formaci\u00f3n Laboral (CFL) 401 celebr\u00f3 su tradicional T\u00e9, un evento que reuni\u00f3 a la comunidad y destac\u00f3 la colaboraci\u00f3n y el esfuerzo de todos los participantes.<\/p>\n<p>Durante la tarde, los asistentes disfrutaron de una variedad de delicias preparadas por los estudiantes de los cursos de gastronom\u00eda, bajo la coordinaci\u00f3n de la instructora Marianela Resquin, quienes tambi\u00e9n ofrecieron un servicio de atenci\u00f3n excepcional.<\/p>\n<p>Adem\u00e1s, la jornada estuvo marcada por la generosidad de instructores y alumnos de otros cursos que realizaron regalos para la ocasi\u00f3n. Entre ellos se destacaron Luciana Rinaldi, Juan Carlos Real, Johnny Tyrrell y Karina Desanzo, cuyas creaciones fueron un aporte importante para el evento.<\/p>\n<p>El trabajo colaborativo fue esencial para el \u00e9xito de la tarde. Especial agradecimiento fue dirigido a Gisela, Silvia, Viviana, Miguel y Maria Luisa, quienes ayudaron en la organizaci\u00f3n del t\u00e9, as\u00ed como a la Asociaci\u00f3n Cooperadora del CFL 401, que gestion\u00f3 diversas donaciones.<\/p>\n<p>Entre los comercios y personas que brindaron su apoyo figuran Verduler\u00eda Los Hermanos, Omm Centro de Bienestar y Est\u00e9tica, Madre Selva, Acuario Cotill\u00f3n, Julio Vitale y Andrea Arzani, Juan Carlos Ortiz y Beto Bondanza Coifeur.<\/p>\n<p>El CFL 401 agradeci\u00f3 a todos los que asistieron y colaboraron, destacando el esp\u00edritu comunitario que hace posible este tipo de eventos.<\/p>\n<p><img loading=\"lazy\" decoding=\"async\" class=\"alignnone size-full wp-image-143720\" src=\"https:\/\/noticiasmercedinas.com\/site\/wp-content\/uploads\/2024\/09\/TE02.jpg\" alt=\"\" width=\"683\" height=\"531\" srcset=\"https:\/\/noticiasmercedinas.com\/site\/wp-content\/uploads\/2024\/09\/TE02.jpg 683w, https:\/\/noticiasmercedinas.com\/site\/wp-content\/uploads\/2024\/09\/TE02-300x233.jpg 300w, https:\/\/noticiasmercedinas.com\/site\/wp-content\/uploads\/2024\/09\/TE02-640x498.jpg 640w, https:\/\/noticiasmercedinas.com\/site\/wp-content\/uploads\/2024\/09\/TE02-681x529.jpg 681w\" sizes=\"auto, (max-width: 683px) 100vw, 683px\" \/><\/p>\n","protected":false},"excerpt":{"rendered":"<p>El pasado s\u00e1bado 7 de septiembre, el Centro de Formaci\u00f3n Laboral (CFL) 401 celebr\u00f3 su tradicional T\u00e9, un evento que reuni\u00f3 a la comunidad y destac\u00f3 la colaboraci\u00f3n y el esfuerzo de todos los participantes. Durante la tarde, los asistentes disfrutaron de una variedad de delicias preparadas por los estudiantes de los cursos de gastronom\u00eda, [&hellip;]<\/p>\n","protected":false},"author":16,"featured_media":143721,"comment_status":"closed","ping_status":"closed","sticky":false,"template":"","format":"standard","meta":{"footnotes":""},"categories":[15755],"tags":[17834,13504,4942],"class_list":["post-143719","post","type-post","status-publish","format-standard","has-post-thumbnail","hentry","category-educacion","tag-centro-de-formacion-laboral-401","tag-cfl-401","tag-te"],"yoast_head":"<!-- This site is optimized with the Yoast SEO plugin v27.4 - https:\/\/yoast.com\/product\/yoast-seo-wordpress\/ -->\n<title>Tradicional T\u00e9 en el Centro de Formaci\u00f3n Laboral 401: una jornada de gratitud y colaboraci\u00f3n<\/title>\n<meta name=\"robots\" content=\"index, follow, max-snippet:-1, max-image-preview:large, max-video-preview:-1\" \/>\n<link rel=\"canonical\" href=\"https:\/\/noticiasmercedinas.com\/site\/2024\/09\/10\/tradicional-te-en-el-centro-de-formacion-laboral-401-una-jornada-de-gratitud-y-colaboracion\/\" \/>\n<meta property=\"og:locale\" content=\"es_ES\" \/>\n<meta property=\"og:type\" content=\"article\" \/>\n<meta property=\"og:title\" content=\"Tradicional T\u00e9 en el Centro de Formaci\u00f3n Laboral 401: una jornada de gratitud y colaboraci\u00f3n\" \/>\n<meta property=\"og:description\" content=\"El pasado s\u00e1bado 7 de septiembre, el Centro de Formaci\u00f3n Laboral (CFL) 401 celebr\u00f3 su tradicional T\u00e9, un evento que reuni\u00f3 a la comunidad y destac\u00f3 la colaboraci\u00f3n y el esfuerzo de todos los participantes. Durante la tarde, los asistentes disfrutaron de una variedad de delicias preparadas por los estudiantes de los cursos de gastronom\u00eda, [&hellip;]\" \/>\n<meta property=\"og:url\" content=\"https:\/\/noticiasmercedinas.com\/site\/2024\/09\/10\/tradicional-te-en-el-centro-de-formacion-laboral-401-una-jornada-de-gratitud-y-colaboracion\/\" \/>\n<meta property=\"og:site_name\" content=\"NOTICIASMERCEDINAS.COM\" \/>\n<meta property=\"article:publisher\" content=\"https:\/\/www.facebook.com\/noticiasmercedinas\/\" \/>\n<meta property=\"article:published_time\" content=\"2024-09-10T19:54:41+00:00\" \/>\n<meta property=\"og:image\" content=\"https:\/\/noticiasmercedinas.com\/site\/wp-content\/uploads\/2024\/09\/TE01.jpg\" \/>\n\t<meta property=\"og:image:width\" content=\"683\" \/>\n\t<meta property=\"og:image:height\" content=\"531\" \/>\n\t<meta property=\"og:image:type\" content=\"image\/jpeg\" \/>\n<meta name=\"author\" content=\"NOTICIASMERCEDINAS.COM\" \/>\n<meta name=\"twitter:card\" content=\"summary_large_image\" \/>\n<meta name=\"twitter:creator\" content=\"@notmercedinas\" \/>\n<meta name=\"twitter:site\" content=\"@notmercedinas\" \/>\n<meta name=\"twitter:label1\" content=\"Escrito por\" \/>\n\t<meta name=\"twitter:data1\" content=\"NOTICIASMERCEDINAS.COM\" \/>\n\t<meta name=\"twitter:label2\" content=\"Tiempo de lectura\" \/>\n\t<meta name=\"twitter:data2\" content=\"1 minuto\" \/>\n<script type=\"application\/ld+json\" class=\"yoast-schema-graph\">{\"@context\":\"https:\\\/\\\/schema.org\",\"@graph\":[{\"@type\":\"Article\",\"@id\":\"https:\\\/\\\/noticiasmercedinas.com\\\/site\\\/2024\\\/09\\\/10\\\/tradicional-te-en-el-centro-de-formacion-laboral-401-una-jornada-de-gratitud-y-colaboracion\\\/#article\",\"isPartOf\":{\"@id\":\"https:\\\/\\\/noticiasmercedinas.com\\\/site\\\/2024\\\/09\\\/10\\\/tradicional-te-en-el-centro-de-formacion-laboral-401-una-jornada-de-gratitud-y-colaboracion\\\/\"},\"author\":{\"name\":\"NOTICIASMERCEDINAS.COM\",\"@id\":\"https:\\\/\\\/noticiasmercedinas.com\\\/site\\\/#\\\/schema\\\/person\\\/84b59c099c28ff2e8b77d4ceec5d8063\"},\"headline\":\"Tradicional T\u00e9 en el Centro de Formaci\u00f3n Laboral 401: una jornada de gratitud y colaboraci\u00f3n\",\"datePublished\":\"2024-09-10T19:54:41+00:00\",\"mainEntityOfPage\":{\"@id\":\"https:\\\/\\\/noticiasmercedinas.com\\\/site\\\/2024\\\/09\\\/10\\\/tradicional-te-en-el-centro-de-formacion-laboral-401-una-jornada-de-gratitud-y-colaboracion\\\/\"},\"wordCount\":242,\"publisher\":{\"@id\":\"https:\\\/\\\/noticiasmercedinas.com\\\/site\\\/#organization\"},\"image\":{\"@id\":\"https:\\\/\\\/noticiasmercedinas.com\\\/site\\\/2024\\\/09\\\/10\\\/tradicional-te-en-el-centro-de-formacion-laboral-401-una-jornada-de-gratitud-y-colaboracion\\\/#primaryimage\"},\"thumbnailUrl\":\"https:\\\/\\\/noticiasmercedinas.com\\\/site\\\/wp-content\\\/uploads\\\/2024\\\/09\\\/TE01.jpg\",\"keywords\":[\"Centro de Formaci\u00f3n Laboral 401\",\"cfl 401\",\"te\"],\"articleSection\":[\"Educacion\"],\"inLanguage\":\"es\"},{\"@type\":\"WebPage\",\"@id\":\"https:\\\/\\\/noticiasmercedinas.com\\\/site\\\/2024\\\/09\\\/10\\\/tradicional-te-en-el-centro-de-formacion-laboral-401-una-jornada-de-gratitud-y-colaboracion\\\/\",\"url\":\"https:\\\/\\\/noticiasmercedinas.com\\\/site\\\/2024\\\/09\\\/10\\\/tradicional-te-en-el-centro-de-formacion-laboral-401-una-jornada-de-gratitud-y-colaboracion\\\/\",\"name\":\"Tradicional T\u00e9 en el Centro de Formaci\u00f3n Laboral 401: una jornada de gratitud y colaboraci\u00f3n\",\"isPartOf\":{\"@id\":\"https:\\\/\\\/noticiasmercedinas.com\\\/site\\\/#website\"},\"primaryImageOfPage\":{\"@id\":\"https:\\\/\\\/noticiasmercedinas.com\\\/site\\\/2024\\\/09\\\/10\\\/tradicional-te-en-el-centro-de-formacion-laboral-401-una-jornada-de-gratitud-y-colaboracion\\\/#primaryimage\"},\"image\":{\"@id\":\"https:\\\/\\\/noticiasmercedinas.com\\\/site\\\/2024\\\/09\\\/10\\\/tradicional-te-en-el-centro-de-formacion-laboral-401-una-jornada-de-gratitud-y-colaboracion\\\/#primaryimage\"},\"thumbnailUrl\":\"https:\\\/\\\/noticiasmercedinas.com\\\/site\\\/wp-content\\\/uploads\\\/2024\\\/09\\\/TE01.jpg\",\"datePublished\":\"2024-09-10T19:54:41+00:00\",\"breadcrumb\":{\"@id\":\"https:\\\/\\\/noticiasmercedinas.com\\\/site\\\/2024\\\/09\\\/10\\\/tradicional-te-en-el-centro-de-formacion-laboral-401-una-jornada-de-gratitud-y-colaboracion\\\/#breadcrumb\"},\"inLanguage\":\"es\",\"potentialAction\":[{\"@type\":\"ReadAction\",\"target\":[\"https:\\\/\\\/noticiasmercedinas.com\\\/site\\\/2024\\\/09\\\/10\\\/tradicional-te-en-el-centro-de-formacion-laboral-401-una-jornada-de-gratitud-y-colaboracion\\\/\"]}]},{\"@type\":\"ImageObject\",\"inLanguage\":\"es\",\"@id\":\"https:\\\/\\\/noticiasmercedinas.com\\\/site\\\/2024\\\/09\\\/10\\\/tradicional-te-en-el-centro-de-formacion-laboral-401-una-jornada-de-gratitud-y-colaboracion\\\/#primaryimage\",\"url\":\"https:\\\/\\\/noticiasmercedinas.com\\\/site\\\/wp-content\\\/uploads\\\/2024\\\/09\\\/TE01.jpg\",\"contentUrl\":\"https:\\\/\\\/noticiasmercedinas.com\\\/site\\\/wp-content\\\/uploads\\\/2024\\\/09\\\/TE01.jpg\",\"width\":683,\"height\":531},{\"@type\":\"BreadcrumbList\",\"@id\":\"https:\\\/\\\/noticiasmercedinas.com\\\/site\\\/2024\\\/09\\\/10\\\/tradicional-te-en-el-centro-de-formacion-laboral-401-una-jornada-de-gratitud-y-colaboracion\\\/#breadcrumb\",\"itemListElement\":[{\"@type\":\"ListItem\",\"position\":1,\"name\":\"Portada\",\"item\":\"https:\\\/\\\/noticiasmercedinas.com\\\/site\\\/\"},{\"@type\":\"ListItem\",\"position\":2,\"name\":\"Tradicional T\u00e9 en el Centro de Formaci\u00f3n Laboral 401: una jornada de gratitud y colaboraci\u00f3n\"}]},{\"@type\":\"WebSite\",\"@id\":\"https:\\\/\\\/noticiasmercedinas.com\\\/site\\\/#website\",\"url\":\"https:\\\/\\\/noticiasmercedinas.com\\\/site\\\/\",\"name\":\"NOTICIASMERCEDINAS.COM\",\"description\":\"Mercedes, Buenos Aires, Argentina\",\"publisher\":{\"@id\":\"https:\\\/\\\/noticiasmercedinas.com\\\/site\\\/#organization\"},\"potentialAction\":[{\"@type\":\"SearchAction\",\"target\":{\"@type\":\"EntryPoint\",\"urlTemplate\":\"https:\\\/\\\/noticiasmercedinas.com\\\/site\\\/?s={search_term_string}\"},\"query-input\":{\"@type\":\"PropertyValueSpecification\",\"valueRequired\":true,\"valueName\":\"search_term_string\"}}],\"inLanguage\":\"es\"},{\"@type\":\"Organization\",\"@id\":\"https:\\\/\\\/noticiasmercedinas.com\\\/site\\\/#organization\",\"name\":\"NOTICIASMERCEDINAS.COM\",\"url\":\"https:\\\/\\\/noticiasmercedinas.com\\\/site\\\/\",\"logo\":{\"@type\":\"ImageObject\",\"inLanguage\":\"es\",\"@id\":\"https:\\\/\\\/noticiasmercedinas.com\\\/site\\\/#\\\/schema\\\/logo\\\/image\\\/\",\"url\":\"https:\\\/\\\/noticiasmercedinas.com\\\/site\\\/wp-content\\\/uploads\\\/2020\\\/06\\\/LOGO-512.jpg\",\"contentUrl\":\"https:\\\/\\\/noticiasmercedinas.com\\\/site\\\/wp-content\\\/uploads\\\/2020\\\/06\\\/LOGO-512.jpg\",\"width\":512,\"height\":512,\"caption\":\"NOTICIASMERCEDINAS.COM\"},\"image\":{\"@id\":\"https:\\\/\\\/noticiasmercedinas.com\\\/site\\\/#\\\/schema\\\/logo\\\/image\\\/\"},\"sameAs\":[\"https:\\\/\\\/www.facebook.com\\\/noticiasmercedinas\\\/\",\"https:\\\/\\\/x.com\\\/notmercedinas\",\"https:\\\/\\\/www.instagram.com\\\/noticiasmercedinas\\\/\"]},{\"@type\":\"Person\",\"@id\":\"https:\\\/\\\/noticiasmercedinas.com\\\/site\\\/#\\\/schema\\\/person\\\/84b59c099c28ff2e8b77d4ceec5d8063\",\"name\":\"NOTICIASMERCEDINAS.COM\",\"image\":{\"@type\":\"ImageObject\",\"inLanguage\":\"es\",\"@id\":\"https:\\\/\\\/secure.gravatar.com\\\/avatar\\\/4dfbf16b4d17945bfb6341b2d19043457132fcf478a5ee04f42e959fd8f5df0a?s=96&d=mm&r=g\",\"url\":\"https:\\\/\\\/secure.gravatar.com\\\/avatar\\\/4dfbf16b4d17945bfb6341b2d19043457132fcf478a5ee04f42e959fd8f5df0a?s=96&d=mm&r=g\",\"contentUrl\":\"https:\\\/\\\/secure.gravatar.com\\\/avatar\\\/4dfbf16b4d17945bfb6341b2d19043457132fcf478a5ee04f42e959fd8f5df0a?s=96&d=mm&r=g\",\"caption\":\"NOTICIASMERCEDINAS.COM\"},\"url\":\"https:\\\/\\\/noticiasmercedinas.com\\\/site\\\/author\\\/anonimo\\\/\"}]}<\/script>\n<!-- \/ Yoast SEO plugin. -->","yoast_head_json":{"title":"Tradicional T\u00e9 en el Centro de Formaci\u00f3n Laboral 401: una jornada de gratitud y colaboraci\u00f3n","robots":{"index":"index","follow":"follow","max-snippet":"max-snippet:-1","max-image-preview":"max-image-preview:large","max-video-preview":"max-video-preview:-1"},"canonical":"https:\/\/noticiasmercedinas.com\/site\/2024\/09\/10\/tradicional-te-en-el-centro-de-formacion-laboral-401-una-jornada-de-gratitud-y-colaboracion\/","og_locale":"es_ES","og_type":"article","og_title":"Tradicional T\u00e9 en el Centro de Formaci\u00f3n Laboral 401: una jornada de gratitud y colaboraci\u00f3n","og_description":"El pasado s\u00e1bado 7 de septiembre, el Centro de Formaci\u00f3n Laboral (CFL) 401 celebr\u00f3 su tradicional T\u00e9, un evento que reuni\u00f3 a la comunidad y destac\u00f3 la colaboraci\u00f3n y el esfuerzo de todos los participantes. Durante la tarde, los asistentes disfrutaron de una variedad de delicias preparadas por los estudiantes de los cursos de gastronom\u00eda, [&hellip;]","og_url":"https:\/\/noticiasmercedinas.com\/site\/2024\/09\/10\/tradicional-te-en-el-centro-de-formacion-laboral-401-una-jornada-de-gratitud-y-colaboracion\/","og_site_name":"NOTICIASMERCEDINAS.COM","article_publisher":"https:\/\/www.facebook.com\/noticiasmercedinas\/","article_published_time":"2024-09-10T19:54:41+00:00","og_image":[{"width":683,"height":531,"url":"https:\/\/noticiasmercedinas.com\/site\/wp-content\/uploads\/2024\/09\/TE01.jpg","type":"image\/jpeg"}],"author":"NOTICIASMERCEDINAS.COM","twitter_card":"summary_large_image","twitter_creator":"@notmercedinas","twitter_site":"@notmercedinas","twitter_misc":{"Escrito por":"NOTICIASMERCEDINAS.COM","Tiempo de lectura":"1 minuto"},"schema":{"@context":"https:\/\/schema.org","@graph":[{"@type":"Article","@id":"https:\/\/noticiasmercedinas.com\/site\/2024\/09\/10\/tradicional-te-en-el-centro-de-formacion-laboral-401-una-jornada-de-gratitud-y-colaboracion\/#article","isPartOf":{"@id":"https:\/\/noticiasmercedinas.com\/site\/2024\/09\/10\/tradicional-te-en-el-centro-de-formacion-laboral-401-una-jornada-de-gratitud-y-colaboracion\/"},"author":{"name":"NOTICIASMERCEDINAS.COM","@id":"https:\/\/noticiasmercedinas.com\/site\/#\/schema\/person\/84b59c099c28ff2e8b77d4ceec5d8063"},"headline":"Tradicional T\u00e9 en el Centro de Formaci\u00f3n Laboral 401: una jornada de gratitud y colaboraci\u00f3n","datePublished":"2024-09-10T19:54:41+00:00","mainEntityOfPage":{"@id":"https:\/\/noticiasmercedinas.com\/site\/2024\/09\/10\/tradicional-te-en-el-centro-de-formacion-laboral-401-una-jornada-de-gratitud-y-colaboracion\/"},"wordCount":242,"publisher":{"@id":"https:\/\/noticiasmercedinas.com\/site\/#organization"},"image":{"@id":"https:\/\/noticiasmercedinas.com\/site\/2024\/09\/10\/tradicional-te-en-el-centro-de-formacion-laboral-401-una-jornada-de-gratitud-y-colaboracion\/#primaryimage"},"thumbnailUrl":"https:\/\/noticiasmercedinas.com\/site\/wp-content\/uploads\/2024\/09\/TE01.jpg","keywords":["Centro de Formaci\u00f3n Laboral 401","cfl 401","te"],"articleSection":["Educacion"],"inLanguage":"es"},{"@type":"WebPage","@id":"https:\/\/noticiasmercedinas.com\/site\/2024\/09\/10\/tradicional-te-en-el-centro-de-formacion-laboral-401-una-jornada-de-gratitud-y-colaboracion\/","url":"https:\/\/noticiasmercedinas.com\/site\/2024\/09\/10\/tradicional-te-en-el-centro-de-formacion-laboral-401-una-jornada-de-gratitud-y-colaboracion\/","name":"Tradicional T\u00e9 en el Centro de Formaci\u00f3n Laboral 401: una jornada de gratitud y colaboraci\u00f3n","isPartOf":{"@id":"https:\/\/noticiasmercedinas.com\/site\/#website"},"primaryImageOfPage":{"@id":"https:\/\/noticiasmercedinas.com\/site\/2024\/09\/10\/tradicional-te-en-el-centro-de-formacion-laboral-401-una-jornada-de-gratitud-y-colaboracion\/#primaryimage"},"image":{"@id":"https:\/\/noticiasmercedinas.com\/site\/2024\/09\/10\/tradicional-te-en-el-centro-de-formacion-laboral-401-una-jornada-de-gratitud-y-colaboracion\/#primaryimage"},"thumbnailUrl":"https:\/\/noticiasmercedinas.com\/site\/wp-content\/uploads\/2024\/09\/TE01.jpg","datePublished":"2024-09-10T19:54:41+00:00","breadcrumb":{"@id":"https:\/\/noticiasmercedinas.com\/site\/2024\/09\/10\/tradicional-te-en-el-centro-de-formacion-laboral-401-una-jornada-de-gratitud-y-colaboracion\/#breadcrumb"},"inLanguage":"es","potentialAction":[{"@type":"ReadAction","target":["https:\/\/noticiasmercedinas.com\/site\/2024\/09\/10\/tradicional-te-en-el-centro-de-formacion-laboral-401-una-jornada-de-gratitud-y-colaboracion\/"]}]},{"@type":"ImageObject","inLanguage":"es","@id":"https:\/\/noticiasmercedinas.com\/site\/2024\/09\/10\/tradicional-te-en-el-centro-de-formacion-laboral-401-una-jornada-de-gratitud-y-colaboracion\/#primaryimage","url":"https:\/\/noticiasmercedinas.com\/site\/wp-content\/uploads\/2024\/09\/TE01.jpg","contentUrl":"https:\/\/noticiasmercedinas.com\/site\/wp-content\/uploads\/2024\/09\/TE01.jpg","width":683,"height":531},{"@type":"BreadcrumbList","@id":"https:\/\/noticiasmercedinas.com\/site\/2024\/09\/10\/tradicional-te-en-el-centro-de-formacion-laboral-401-una-jornada-de-gratitud-y-colaboracion\/#breadcrumb","itemListElement":[{"@type":"ListItem","position":1,"name":"Portada","item":"https:\/\/noticiasmercedinas.com\/site\/"},{"@type":"ListItem","position":2,"name":"Tradicional T\u00e9 en el Centro de Formaci\u00f3n Laboral 401: una jornada de gratitud y colaboraci\u00f3n"}]},{"@type":"WebSite","@id":"https:\/\/noticiasmercedinas.com\/site\/#website","url":"https:\/\/noticiasmercedinas.com\/site\/","name":"NOTICIASMERCEDINAS.COM","description":"Mercedes, Buenos Aires, Argentina","publisher":{"@id":"https:\/\/noticiasmercedinas.com\/site\/#organization"},"potentialAction":[{"@type":"SearchAction","target":{"@type":"EntryPoint","urlTemplate":"https:\/\/noticiasmercedinas.com\/site\/?s={search_term_string}"},"query-input":{"@type":"PropertyValueSpecification","valueRequired":true,"valueName":"search_term_string"}}],"inLanguage":"es"},{"@type":"Organization","@id":"https:\/\/noticiasmercedinas.com\/site\/#organization","name":"NOTICIASMERCEDINAS.COM","url":"https:\/\/noticiasmercedinas.com\/site\/","logo":{"@type":"ImageObject","inLanguage":"es","@id":"https:\/\/noticiasmercedinas.com\/site\/#\/schema\/logo\/image\/","url":"https:\/\/noticiasmercedinas.com\/site\/wp-content\/uploads\/2020\/06\/LOGO-512.jpg","contentUrl":"https:\/\/noticiasmercedinas.com\/site\/wp-content\/uploads\/2020\/06\/LOGO-512.jpg","width":512,"height":512,"caption":"NOTICIASMERCEDINAS.COM"},"image":{"@id":"https:\/\/noticiasmercedinas.com\/site\/#\/schema\/logo\/image\/"},"sameAs":["https:\/\/www.facebook.com\/noticiasmercedinas\/","https:\/\/x.com\/notmercedinas","https:\/\/www.instagram.com\/noticiasmercedinas\/"]},{"@type":"Person","@id":"https:\/\/noticiasmercedinas.com\/site\/#\/schema\/person\/84b59c099c28ff2e8b77d4ceec5d8063","name":"NOTICIASMERCEDINAS.COM","image":{"@type":"ImageObject","inLanguage":"es","@id":"https:\/\/secure.gravatar.com\/avatar\/4dfbf16b4d17945bfb6341b2d19043457132fcf478a5ee04f42e959fd8f5df0a?s=96&d=mm&r=g","url":"https:\/\/secure.gravatar.com\/avatar\/4dfbf16b4d17945bfb6341b2d19043457132fcf478a5ee04f42e959fd8f5df0a?s=96&d=mm&r=g","contentUrl":"https:\/\/secure.gravatar.com\/avatar\/4dfbf16b4d17945bfb6341b2d19043457132fcf478a5ee04f42e959fd8f5df0a?s=96&d=mm&r=g","caption":"NOTICIASMERCEDINAS.COM"},"url":"https:\/\/noticiasmercedinas.com\/site\/author\/anonimo\/"}]}},"amp_enabled":true,"_links":{"self":[{"href":"https:\/\/noticiasmercedinas.com\/site\/wp-json\/wp\/v2\/posts\/143719","targetHints":{"allow":["GET"]}}],"collection":[{"href":"https:\/\/noticiasmercedinas.com\/site\/wp-json\/wp\/v2\/posts"}],"about":[{"href":"https:\/\/noticiasmercedinas.com\/site\/wp-json\/wp\/v2\/types\/post"}],"author":[{"embeddable":true,"href":"https:\/\/noticiasmercedinas.com\/site\/wp-json\/wp\/v2\/users\/16"}],"replies":[{"embeddable":true,"href":"https:\/\/noticiasmercedinas.com\/site\/wp-json\/wp\/v2\/comments?post=143719"}],"version-history":[{"count":1,"href":"https:\/\/noticiasmercedinas.com\/site\/wp-json\/wp\/v2\/posts\/143719\/revisions"}],"predecessor-version":[{"id":143722,"href":"https:\/\/noticiasmercedinas.com\/site\/wp-json\/wp\/v2\/posts\/143719\/revisions\/143722"}],"wp:featuredmedia":[{"embeddable":true,"href":"https:\/\/noticiasmercedinas.com\/site\/wp-json\/wp\/v2\/media\/143721"}],"wp:attachment":[{"href":"https:\/\/noticiasmercedinas.com\/site\/wp-json\/wp\/v2\/media?parent=143719"}],"wp:term":[{"taxonomy":"category","embeddable":true,"href":"https:\/\/noticiasmercedinas.com\/site\/wp-json\/wp\/v2\/categories?post=143719"},{"taxonomy":"post_tag","embeddable":true,"href":"https:\/\/noticiasmercedinas.com\/site\/wp-json\/wp\/v2\/tags?post=143719"}],"curies":[{"name":"wp","href":"https:\/\/api.w.org\/{rel}","templated":true}]}}