{"id":143738,"date":"2024-09-10T21:53:13","date_gmt":"2024-09-11T00:53:13","guid":{"rendered":"https:\/\/noticiasmercedinas.com\/site\/?p=143738"},"modified":"2024-09-10T21:53:13","modified_gmt":"2024-09-11T00:53:13","slug":"con-nuevo-horario-mercedes-recibe-a-el-porvenir","status":"publish","type":"post","link":"https:\/\/noticiasmercedinas.com\/site\/2024\/09\/10\/con-nuevo-horario-mercedes-recibe-a-el-porvenir\/","title":{"rendered":"Con nuevo horario Mercedes recibe a El Porvenir"},"content":{"rendered":"<figure id=\"attachment_143739\" aria-describedby=\"caption-attachment-143739\" style=\"width: 640px\" class=\"wp-caption alignnone\"><img loading=\"lazy\" decoding=\"async\" class=\"wp-image-143739 size-full\" src=\"https:\/\/noticiasmercedinas.com\/site\/wp-content\/uploads\/2024\/09\/IMG_0773.jpg\" alt=\"\" width=\"640\" height=\"427\" srcset=\"https:\/\/noticiasmercedinas.com\/site\/wp-content\/uploads\/2024\/09\/IMG_0773.jpg 640w, https:\/\/noticiasmercedinas.com\/site\/wp-content\/uploads\/2024\/09\/IMG_0773-300x200.jpg 300w\" sizes=\"auto, (max-width: 640px) 100vw, 640px\" \/><figcaption id=\"caption-attachment-143739\" class=\"wp-caption-text\">Mercedes y El Porvenir vuelve a enfrentarse.<\/figcaption><\/figure>\n<p>Con escaso margen de entrenamientos entre partidos las Primera C afrontar\u00e1 este mi\u00e9rcoles 10 de septiembre once encuentros y el jueves s\u00f3lo uno, donde el actual puntero, Real Pilar, con todos los resultados visitar\u00e1 a Alem en General Rodr\u00edguez. Club Mercedes, algo m\u00e1s tarde de lo que ven\u00eda jugando, ser\u00e1 desde las 16.30, recibir\u00e1 en la Liga a El Porvenir en el marco de la 12\u00b0 fecha que tendr\u00e1 los restantes cruces desde las 15.<\/p>\n<p>El \u201cBlanquinegro\u201d viene de caer el \u00faltimo s\u00e1bado en su visita a Luj\u00e1n 2-0, necesitando un resultado, que buscar\u00e1 frente a un rival que viene de empatar sin goles ante Deportivo Mu\u00f1iz en Gerli. Antes cay\u00f3 frente a Lamadrid en Devoto 3-1 y empat\u00f3 sin tantos frente a Ituzaing\u00f3 y Luj\u00e1n, el 9 de agosto fue la \u00faltima vez que gan\u00f3 ante Sportivo Barracas por 1-0. En el Clausura est\u00e1n separados de s\u00f3lo un punto y en la General 4 unidades arriba est\u00e1 el \u201cPorve\u201d.<\/p>\n<p>La ida, en medio del descanso para algunos titulares, fue a favor de El Porvenir que ten\u00eda en ese tiempo a Horacio Fabregat como DT, ganado 4 a 0. Hoy el presente es otro, empez\u00e1ndose a jugar la permanencia en la categor\u00eda. Para el encuentro de este mi\u00e9rcoles se vender\u00e1n bonos en el campo de deportes de 12 a 15 horas a un valor de $ 4000, tras el encuentro con El Porvenir se vendr\u00e1 para Mercedes la visita a Ituzaing\u00f3 en el oeste desde las 15 del domingo 15.<\/p>\n<p>Los citados para enfrentar a El Porvenir son: Mat\u00edas Caputo y Rodrigo Nicasio (arqueros), Mart\u00edn Zuccaro, Juli\u00e1n Correa, Agust\u00edn Rivera, Hern\u00e1n Pineda, Rodrigo Torres y Joaqu\u00edn Cejas (defensores), Franco Cruz, Ulises Bustos, Gast\u00f3n Maidana, Ian Gerez, Tom\u00e1s Chaparro, Isa\u00edas Bai, Pablo Almada, Franco Ortigosa y Romagnoli (volantes), Franco Gatti, Lucas Rey y Santiago Auteri (delanteros). Los mencionada almorzar\u00e1n a las 13 en el campo de deportes.<\/p>\n<p><img loading=\"lazy\" decoding=\"async\" class=\"alignnone size-full wp-image-143740\" src=\"https:\/\/noticiasmercedinas.com\/site\/wp-content\/uploads\/2024\/09\/Primera-C-6.jpg\" alt=\"\" width=\"640\" height=\"751\" srcset=\"https:\/\/noticiasmercedinas.com\/site\/wp-content\/uploads\/2024\/09\/Primera-C-6.jpg 640w, https:\/\/noticiasmercedinas.com\/site\/wp-content\/uploads\/2024\/09\/Primera-C-6-256x300.jpg 256w\" sizes=\"auto, (max-width: 640px) 100vw, 640px\" \/><br \/>\n<strong><br \/>\nMi\u00e9rcoles 11<br \/>\n<\/strong>A las 16.30 Club Mercedes vs. El Porvenir.<br \/>\n<strong>Arbitro:<\/strong> Ignacio Cuicchi.<br \/>\n<strong>Asistente 1:<\/strong> Cristian Rodr\u00edguez.<br \/>\n<strong>Asistente 2:<\/strong> Sof\u00eda Curto.<br \/>\n<strong>Cuarto \u00e1rbitro:<\/strong> Agust\u00edn Panizza.<\/p>\n<p>A las 15 Central C\u00f3rdoba vs. Luj\u00e1n.<br \/>\nA las 15 Puerto Nuevo vs. Sportivo Barracas.<br \/>\nA las 15 Lugano vs. Berazategui.<br \/>\nA las 15 Juventud Unida vs. Yupanqui.<br \/>\nA las 15 Claypole vs. JJ Urquiza.<br \/>\nA las 15 Central Ballester vs. Deportivo Paraguayo.<br \/>\nA las 15 Victoriano Arenas vs. Argentino (Rosario).<br \/>\nA las 15 Centro Espa\u00f1ol vs. Defensores de Cambaceres (en Midland).<br \/>\nA las 15 Deportivo Espa\u00f1ol vs. Atlas.<br \/>\nA las 15 Deportivo Mu\u00f1iz vs. Ituzaing\u00f3 (en Atlas).<\/p>\n<p><strong>Jueves 12<\/strong><br \/>\nA las 15 Leandro Alem vs. Real Pilar.<br \/>\n<strong><br \/>\nLibre:<\/strong> General Lamadrid.<\/p>\n<p><img loading=\"lazy\" decoding=\"async\" class=\"alignnone size-full wp-image-143741\" src=\"https:\/\/noticiasmercedinas.com\/site\/wp-content\/uploads\/2024\/09\/Primera-C-General-6.jpg\" alt=\"\" width=\"640\" height=\"759\" srcset=\"https:\/\/noticiasmercedinas.com\/site\/wp-content\/uploads\/2024\/09\/Primera-C-General-6.jpg 640w, https:\/\/noticiasmercedinas.com\/site\/wp-content\/uploads\/2024\/09\/Primera-C-General-6-253x300.jpg 253w\" sizes=\"auto, (max-width: 640px) 100vw, 640px\" \/><br \/>\n* Ganador del Apertura.<br \/>\nEl \u00faltimo de la tabla perder\u00e1 la categor\u00eda.<\/p>\n","protected":false},"excerpt":{"rendered":"<p>\u25a0 Desde las 16.30 de este mi\u00e9rcoles 11 jugar\u00e1n en la Liga. Urge lograr un resultado luego de encuentros sin poder sumar. Los dos equipos llegan con campa\u00f1as muy similares. <\/p>\n","protected":false},"author":6,"featured_media":143739,"comment_status":"closed","ping_status":"closed","sticky":false,"template":"","format":"standard","meta":{"footnotes":""},"categories":[5],"tags":[6424,135,10499,6434],"class_list":["post-143738","post","type-post","status-publish","format-standard","has-post-thumbnail","hentry","category-deportes","tag-afa","tag-club-mercedes","tag-el-porvenir","tag-primera-c"],"yoast_head":"<!-- This site is optimized with the Yoast SEO plugin v27.4 - https:\/\/yoast.com\/product\/yoast-seo-wordpress\/ -->\n<title>Con nuevo horario Mercedes recibe a El Porvenir<\/title>\n<meta name=\"robots\" content=\"index, follow, max-snippet:-1, max-image-preview:large, max-video-preview:-1\" \/>\n<link rel=\"canonical\" href=\"https:\/\/noticiasmercedinas.com\/site\/2024\/09\/10\/con-nuevo-horario-mercedes-recibe-a-el-porvenir\/\" \/>\n<meta property=\"og:locale\" content=\"es_ES\" \/>\n<meta property=\"og:type\" content=\"article\" \/>\n<meta property=\"og:title\" content=\"Con nuevo horario Mercedes recibe a El Porvenir\" \/>\n<meta property=\"og:description\" content=\"\u25a0 Desde las 16.30 de este mi\u00e9rcoles 11 jugar\u00e1n en la Liga. Urge lograr un resultado luego de encuentros sin poder sumar. Los dos equipos llegan con campa\u00f1as muy similares.\" \/>\n<meta property=\"og:url\" content=\"https:\/\/noticiasmercedinas.com\/site\/2024\/09\/10\/con-nuevo-horario-mercedes-recibe-a-el-porvenir\/\" \/>\n<meta property=\"og:site_name\" content=\"NOTICIASMERCEDINAS.COM\" \/>\n<meta property=\"article:publisher\" content=\"https:\/\/www.facebook.com\/noticiasmercedinas\/\" \/>\n<meta property=\"article:published_time\" content=\"2024-09-11T00:53:13+00:00\" \/>\n<meta property=\"og:image\" content=\"https:\/\/noticiasmercedinas.com\/site\/wp-content\/uploads\/2024\/09\/IMG_0773.jpg\" \/>\n\t<meta property=\"og:image:width\" content=\"640\" \/>\n\t<meta property=\"og:image:height\" content=\"427\" \/>\n\t<meta property=\"og:image:type\" content=\"image\/jpeg\" \/>\n<meta name=\"author\" content=\"Juan Dagnino NOTICIASMERCEDINAS.COM\" \/>\n<meta name=\"twitter:card\" content=\"summary_large_image\" \/>\n<meta name=\"twitter:creator\" content=\"@notmercedinas\" \/>\n<meta name=\"twitter:site\" content=\"@notmercedinas\" \/>\n<meta name=\"twitter:label1\" content=\"Escrito por\" \/>\n\t<meta name=\"twitter:data1\" content=\"Juan Dagnino NOTICIASMERCEDINAS.COM\" \/>\n\t<meta name=\"twitter:label2\" content=\"Tiempo de lectura\" \/>\n\t<meta name=\"twitter:data2\" content=\"2 minutos\" \/>\n<script type=\"application\/ld+json\" class=\"yoast-schema-graph\">{\"@context\":\"https:\\\/\\\/schema.org\",\"@graph\":[{\"@type\":\"Article\",\"@id\":\"https:\\\/\\\/noticiasmercedinas.com\\\/site\\\/2024\\\/09\\\/10\\\/con-nuevo-horario-mercedes-recibe-a-el-porvenir\\\/#article\",\"isPartOf\":{\"@id\":\"https:\\\/\\\/noticiasmercedinas.com\\\/site\\\/2024\\\/09\\\/10\\\/con-nuevo-horario-mercedes-recibe-a-el-porvenir\\\/\"},\"author\":{\"name\":\"Juan Dagnino NOTICIASMERCEDINAS.COM\",\"@id\":\"https:\\\/\\\/noticiasmercedinas.com\\\/site\\\/#\\\/schema\\\/person\\\/8f2f09d666ef40986eba4a5e6f2a06f9\"},\"headline\":\"Con nuevo horario Mercedes recibe a El Porvenir\",\"datePublished\":\"2024-09-11T00:53:13+00:00\",\"mainEntityOfPage\":{\"@id\":\"https:\\\/\\\/noticiasmercedinas.com\\\/site\\\/2024\\\/09\\\/10\\\/con-nuevo-horario-mercedes-recibe-a-el-porvenir\\\/\"},\"wordCount\":470,\"publisher\":{\"@id\":\"https:\\\/\\\/noticiasmercedinas.com\\\/site\\\/#organization\"},\"image\":{\"@id\":\"https:\\\/\\\/noticiasmercedinas.com\\\/site\\\/2024\\\/09\\\/10\\\/con-nuevo-horario-mercedes-recibe-a-el-porvenir\\\/#primaryimage\"},\"thumbnailUrl\":\"https:\\\/\\\/noticiasmercedinas.com\\\/site\\\/wp-content\\\/uploads\\\/2024\\\/09\\\/IMG_0773.jpg\",\"keywords\":[\"AFA\",\"club mercedes\",\"El Porvenir\",\"Primera C\"],\"articleSection\":[\"Deportes\"],\"inLanguage\":\"es\"},{\"@type\":\"WebPage\",\"@id\":\"https:\\\/\\\/noticiasmercedinas.com\\\/site\\\/2024\\\/09\\\/10\\\/con-nuevo-horario-mercedes-recibe-a-el-porvenir\\\/\",\"url\":\"https:\\\/\\\/noticiasmercedinas.com\\\/site\\\/2024\\\/09\\\/10\\\/con-nuevo-horario-mercedes-recibe-a-el-porvenir\\\/\",\"name\":\"Con nuevo horario Mercedes recibe a El Porvenir\",\"isPartOf\":{\"@id\":\"https:\\\/\\\/noticiasmercedinas.com\\\/site\\\/#website\"},\"primaryImageOfPage\":{\"@id\":\"https:\\\/\\\/noticiasmercedinas.com\\\/site\\\/2024\\\/09\\\/10\\\/con-nuevo-horario-mercedes-recibe-a-el-porvenir\\\/#primaryimage\"},\"image\":{\"@id\":\"https:\\\/\\\/noticiasmercedinas.com\\\/site\\\/2024\\\/09\\\/10\\\/con-nuevo-horario-mercedes-recibe-a-el-porvenir\\\/#primaryimage\"},\"thumbnailUrl\":\"https:\\\/\\\/noticiasmercedinas.com\\\/site\\\/wp-content\\\/uploads\\\/2024\\\/09\\\/IMG_0773.jpg\",\"datePublished\":\"2024-09-11T00:53:13+00:00\",\"breadcrumb\":{\"@id\":\"https:\\\/\\\/noticiasmercedinas.com\\\/site\\\/2024\\\/09\\\/10\\\/con-nuevo-horario-mercedes-recibe-a-el-porvenir\\\/#breadcrumb\"},\"inLanguage\":\"es\",\"potentialAction\":[{\"@type\":\"ReadAction\",\"target\":[\"https:\\\/\\\/noticiasmercedinas.com\\\/site\\\/2024\\\/09\\\/10\\\/con-nuevo-horario-mercedes-recibe-a-el-porvenir\\\/\"]}]},{\"@type\":\"ImageObject\",\"inLanguage\":\"es\",\"@id\":\"https:\\\/\\\/noticiasmercedinas.com\\\/site\\\/2024\\\/09\\\/10\\\/con-nuevo-horario-mercedes-recibe-a-el-porvenir\\\/#primaryimage\",\"url\":\"https:\\\/\\\/noticiasmercedinas.com\\\/site\\\/wp-content\\\/uploads\\\/2024\\\/09\\\/IMG_0773.jpg\",\"contentUrl\":\"https:\\\/\\\/noticiasmercedinas.com\\\/site\\\/wp-content\\\/uploads\\\/2024\\\/09\\\/IMG_0773.jpg\",\"width\":640,\"height\":427},{\"@type\":\"BreadcrumbList\",\"@id\":\"https:\\\/\\\/noticiasmercedinas.com\\\/site\\\/2024\\\/09\\\/10\\\/con-nuevo-horario-mercedes-recibe-a-el-porvenir\\\/#breadcrumb\",\"itemListElement\":[{\"@type\":\"ListItem\",\"position\":1,\"name\":\"Portada\",\"item\":\"https:\\\/\\\/noticiasmercedinas.com\\\/site\\\/\"},{\"@type\":\"ListItem\",\"position\":2,\"name\":\"Con nuevo horario Mercedes recibe a El Porvenir\"}]},{\"@type\":\"WebSite\",\"@id\":\"https:\\\/\\\/noticiasmercedinas.com\\\/site\\\/#website\",\"url\":\"https:\\\/\\\/noticiasmercedinas.com\\\/site\\\/\",\"name\":\"NOTICIASMERCEDINAS.COM\",\"description\":\"Mercedes, Buenos Aires, Argentina\",\"publisher\":{\"@id\":\"https:\\\/\\\/noticiasmercedinas.com\\\/site\\\/#organization\"},\"potentialAction\":[{\"@type\":\"SearchAction\",\"target\":{\"@type\":\"EntryPoint\",\"urlTemplate\":\"https:\\\/\\\/noticiasmercedinas.com\\\/site\\\/?s={search_term_string}\"},\"query-input\":{\"@type\":\"PropertyValueSpecification\",\"valueRequired\":true,\"valueName\":\"search_term_string\"}}],\"inLanguage\":\"es\"},{\"@type\":\"Organization\",\"@id\":\"https:\\\/\\\/noticiasmercedinas.com\\\/site\\\/#organization\",\"name\":\"NOTICIASMERCEDINAS.COM\",\"url\":\"https:\\\/\\\/noticiasmercedinas.com\\\/site\\\/\",\"logo\":{\"@type\":\"ImageObject\",\"inLanguage\":\"es\",\"@id\":\"https:\\\/\\\/noticiasmercedinas.com\\\/site\\\/#\\\/schema\\\/logo\\\/image\\\/\",\"url\":\"https:\\\/\\\/noticiasmercedinas.com\\\/site\\\/wp-content\\\/uploads\\\/2020\\\/06\\\/LOGO-512.jpg\",\"contentUrl\":\"https:\\\/\\\/noticiasmercedinas.com\\\/site\\\/wp-content\\\/uploads\\\/2020\\\/06\\\/LOGO-512.jpg\",\"width\":512,\"height\":512,\"caption\":\"NOTICIASMERCEDINAS.COM\"},\"image\":{\"@id\":\"https:\\\/\\\/noticiasmercedinas.com\\\/site\\\/#\\\/schema\\\/logo\\\/image\\\/\"},\"sameAs\":[\"https:\\\/\\\/www.facebook.com\\\/noticiasmercedinas\\\/\",\"https:\\\/\\\/x.com\\\/notmercedinas\",\"https:\\\/\\\/www.instagram.com\\\/noticiasmercedinas\\\/\"]},{\"@type\":\"Person\",\"@id\":\"https:\\\/\\\/noticiasmercedinas.com\\\/site\\\/#\\\/schema\\\/person\\\/8f2f09d666ef40986eba4a5e6f2a06f9\",\"name\":\"Juan Dagnino NOTICIASMERCEDINAS.COM\",\"image\":{\"@type\":\"ImageObject\",\"inLanguage\":\"es\",\"@id\":\"https:\\\/\\\/secure.gravatar.com\\\/avatar\\\/fc7059a769f5a3cae65fadb228a3e4accf3a64b4b2305020d0a27e6d5333c91b?s=96&d=mm&r=g\",\"url\":\"https:\\\/\\\/secure.gravatar.com\\\/avatar\\\/fc7059a769f5a3cae65fadb228a3e4accf3a64b4b2305020d0a27e6d5333c91b?s=96&d=mm&r=g\",\"contentUrl\":\"https:\\\/\\\/secure.gravatar.com\\\/avatar\\\/fc7059a769f5a3cae65fadb228a3e4accf3a64b4b2305020d0a27e6d5333c91b?s=96&d=mm&r=g\",\"caption\":\"Juan Dagnino NOTICIASMERCEDINAS.COM\"},\"url\":\"https:\\\/\\\/noticiasmercedinas.com\\\/site\\\/author\\\/juandagnino\\\/\"}]}<\/script>\n<!-- \/ Yoast SEO plugin. -->","yoast_head_json":{"title":"Con nuevo horario Mercedes recibe a El Porvenir","robots":{"index":"index","follow":"follow","max-snippet":"max-snippet:-1","max-image-preview":"max-image-preview:large","max-video-preview":"max-video-preview:-1"},"canonical":"https:\/\/noticiasmercedinas.com\/site\/2024\/09\/10\/con-nuevo-horario-mercedes-recibe-a-el-porvenir\/","og_locale":"es_ES","og_type":"article","og_title":"Con nuevo horario Mercedes recibe a El Porvenir","og_description":"\u25a0 Desde las 16.30 de este mi\u00e9rcoles 11 jugar\u00e1n en la Liga. Urge lograr un resultado luego de encuentros sin poder sumar. Los dos equipos llegan con campa\u00f1as muy similares.","og_url":"https:\/\/noticiasmercedinas.com\/site\/2024\/09\/10\/con-nuevo-horario-mercedes-recibe-a-el-porvenir\/","og_site_name":"NOTICIASMERCEDINAS.COM","article_publisher":"https:\/\/www.facebook.com\/noticiasmercedinas\/","article_published_time":"2024-09-11T00:53:13+00:00","og_image":[{"width":640,"height":427,"url":"https:\/\/noticiasmercedinas.com\/site\/wp-content\/uploads\/2024\/09\/IMG_0773.jpg","type":"image\/jpeg"}],"author":"Juan Dagnino NOTICIASMERCEDINAS.COM","twitter_card":"summary_large_image","twitter_creator":"@notmercedinas","twitter_site":"@notmercedinas","twitter_misc":{"Escrito por":"Juan Dagnino NOTICIASMERCEDINAS.COM","Tiempo de lectura":"2 minutos"},"schema":{"@context":"https:\/\/schema.org","@graph":[{"@type":"Article","@id":"https:\/\/noticiasmercedinas.com\/site\/2024\/09\/10\/con-nuevo-horario-mercedes-recibe-a-el-porvenir\/#article","isPartOf":{"@id":"https:\/\/noticiasmercedinas.com\/site\/2024\/09\/10\/con-nuevo-horario-mercedes-recibe-a-el-porvenir\/"},"author":{"name":"Juan Dagnino NOTICIASMERCEDINAS.COM","@id":"https:\/\/noticiasmercedinas.com\/site\/#\/schema\/person\/8f2f09d666ef40986eba4a5e6f2a06f9"},"headline":"Con nuevo horario Mercedes recibe a El Porvenir","datePublished":"2024-09-11T00:53:13+00:00","mainEntityOfPage":{"@id":"https:\/\/noticiasmercedinas.com\/site\/2024\/09\/10\/con-nuevo-horario-mercedes-recibe-a-el-porvenir\/"},"wordCount":470,"publisher":{"@id":"https:\/\/noticiasmercedinas.com\/site\/#organization"},"image":{"@id":"https:\/\/noticiasmercedinas.com\/site\/2024\/09\/10\/con-nuevo-horario-mercedes-recibe-a-el-porvenir\/#primaryimage"},"thumbnailUrl":"https:\/\/noticiasmercedinas.com\/site\/wp-content\/uploads\/2024\/09\/IMG_0773.jpg","keywords":["AFA","club mercedes","El Porvenir","Primera C"],"articleSection":["Deportes"],"inLanguage":"es"},{"@type":"WebPage","@id":"https:\/\/noticiasmercedinas.com\/site\/2024\/09\/10\/con-nuevo-horario-mercedes-recibe-a-el-porvenir\/","url":"https:\/\/noticiasmercedinas.com\/site\/2024\/09\/10\/con-nuevo-horario-mercedes-recibe-a-el-porvenir\/","name":"Con nuevo horario Mercedes recibe a El Porvenir","isPartOf":{"@id":"https:\/\/noticiasmercedinas.com\/site\/#website"},"primaryImageOfPage":{"@id":"https:\/\/noticiasmercedinas.com\/site\/2024\/09\/10\/con-nuevo-horario-mercedes-recibe-a-el-porvenir\/#primaryimage"},"image":{"@id":"https:\/\/noticiasmercedinas.com\/site\/2024\/09\/10\/con-nuevo-horario-mercedes-recibe-a-el-porvenir\/#primaryimage"},"thumbnailUrl":"https:\/\/noticiasmercedinas.com\/site\/wp-content\/uploads\/2024\/09\/IMG_0773.jpg","datePublished":"2024-09-11T00:53:13+00:00","breadcrumb":{"@id":"https:\/\/noticiasmercedinas.com\/site\/2024\/09\/10\/con-nuevo-horario-mercedes-recibe-a-el-porvenir\/#breadcrumb"},"inLanguage":"es","potentialAction":[{"@type":"ReadAction","target":["https:\/\/noticiasmercedinas.com\/site\/2024\/09\/10\/con-nuevo-horario-mercedes-recibe-a-el-porvenir\/"]}]},{"@type":"ImageObject","inLanguage":"es","@id":"https:\/\/noticiasmercedinas.com\/site\/2024\/09\/10\/con-nuevo-horario-mercedes-recibe-a-el-porvenir\/#primaryimage","url":"https:\/\/noticiasmercedinas.com\/site\/wp-content\/uploads\/2024\/09\/IMG_0773.jpg","contentUrl":"https:\/\/noticiasmercedinas.com\/site\/wp-content\/uploads\/2024\/09\/IMG_0773.jpg","width":640,"height":427},{"@type":"BreadcrumbList","@id":"https:\/\/noticiasmercedinas.com\/site\/2024\/09\/10\/con-nuevo-horario-mercedes-recibe-a-el-porvenir\/#breadcrumb","itemListElement":[{"@type":"ListItem","position":1,"name":"Portada","item":"https:\/\/noticiasmercedinas.com\/site\/"},{"@type":"ListItem","position":2,"name":"Con nuevo horario Mercedes recibe a El Porvenir"}]},{"@type":"WebSite","@id":"https:\/\/noticiasmercedinas.com\/site\/#website","url":"https:\/\/noticiasmercedinas.com\/site\/","name":"NOTICIASMERCEDINAS.COM","description":"Mercedes, Buenos Aires, Argentina","publisher":{"@id":"https:\/\/noticiasmercedinas.com\/site\/#organization"},"potentialAction":[{"@type":"SearchAction","target":{"@type":"EntryPoint","urlTemplate":"https:\/\/noticiasmercedinas.com\/site\/?s={search_term_string}"},"query-input":{"@type":"PropertyValueSpecification","valueRequired":true,"valueName":"search_term_string"}}],"inLanguage":"es"},{"@type":"Organization","@id":"https:\/\/noticiasmercedinas.com\/site\/#organization","name":"NOTICIASMERCEDINAS.COM","url":"https:\/\/noticiasmercedinas.com\/site\/","logo":{"@type":"ImageObject","inLanguage":"es","@id":"https:\/\/noticiasmercedinas.com\/site\/#\/schema\/logo\/image\/","url":"https:\/\/noticiasmercedinas.com\/site\/wp-content\/uploads\/2020\/06\/LOGO-512.jpg","contentUrl":"https:\/\/noticiasmercedinas.com\/site\/wp-content\/uploads\/2020\/06\/LOGO-512.jpg","width":512,"height":512,"caption":"NOTICIASMERCEDINAS.COM"},"image":{"@id":"https:\/\/noticiasmercedinas.com\/site\/#\/schema\/logo\/image\/"},"sameAs":["https:\/\/www.facebook.com\/noticiasmercedinas\/","https:\/\/x.com\/notmercedinas","https:\/\/www.instagram.com\/noticiasmercedinas\/"]},{"@type":"Person","@id":"https:\/\/noticiasmercedinas.com\/site\/#\/schema\/person\/8f2f09d666ef40986eba4a5e6f2a06f9","name":"Juan Dagnino NOTICIASMERCEDINAS.COM","image":{"@type":"ImageObject","inLanguage":"es","@id":"https:\/\/secure.gravatar.com\/avatar\/fc7059a769f5a3cae65fadb228a3e4accf3a64b4b2305020d0a27e6d5333c91b?s=96&d=mm&r=g","url":"https:\/\/secure.gravatar.com\/avatar\/fc7059a769f5a3cae65fadb228a3e4accf3a64b4b2305020d0a27e6d5333c91b?s=96&d=mm&r=g","contentUrl":"https:\/\/secure.gravatar.com\/avatar\/fc7059a769f5a3cae65fadb228a3e4accf3a64b4b2305020d0a27e6d5333c91b?s=96&d=mm&r=g","caption":"Juan Dagnino NOTICIASMERCEDINAS.COM"},"url":"https:\/\/noticiasmercedinas.com\/site\/author\/juandagnino\/"}]}},"amp_enabled":true,"_links":{"self":[{"href":"https:\/\/noticiasmercedinas.com\/site\/wp-json\/wp\/v2\/posts\/143738","targetHints":{"allow":["GET"]}}],"collection":[{"href":"https:\/\/noticiasmercedinas.com\/site\/wp-json\/wp\/v2\/posts"}],"about":[{"href":"https:\/\/noticiasmercedinas.com\/site\/wp-json\/wp\/v2\/types\/post"}],"author":[{"embeddable":true,"href":"https:\/\/noticiasmercedinas.com\/site\/wp-json\/wp\/v2\/users\/6"}],"replies":[{"embeddable":true,"href":"https:\/\/noticiasmercedinas.com\/site\/wp-json\/wp\/v2\/comments?post=143738"}],"version-history":[{"count":1,"href":"https:\/\/noticiasmercedinas.com\/site\/wp-json\/wp\/v2\/posts\/143738\/revisions"}],"predecessor-version":[{"id":143742,"href":"https:\/\/noticiasmercedinas.com\/site\/wp-json\/wp\/v2\/posts\/143738\/revisions\/143742"}],"wp:featuredmedia":[{"embeddable":true,"href":"https:\/\/noticiasmercedinas.com\/site\/wp-json\/wp\/v2\/media\/143739"}],"wp:attachment":[{"href":"https:\/\/noticiasmercedinas.com\/site\/wp-json\/wp\/v2\/media?parent=143738"}],"wp:term":[{"taxonomy":"category","embeddable":true,"href":"https:\/\/noticiasmercedinas.com\/site\/wp-json\/wp\/v2\/categories?post=143738"},{"taxonomy":"post_tag","embeddable":true,"href":"https:\/\/noticiasmercedinas.com\/site\/wp-json\/wp\/v2\/tags?post=143738"}],"curies":[{"name":"wp","href":"https:\/\/api.w.org\/{rel}","templated":true}]}}