{"id":143762,"date":"2024-09-11T12:13:48","date_gmt":"2024-09-11T15:13:48","guid":{"rendered":"https:\/\/noticiasmercedinas.com\/site\/?p=143762"},"modified":"2024-09-11T12:16:00","modified_gmt":"2024-09-11T15:16:00","slug":"siguen-sin-contestarnos-y-estamos-cansados-de-esperar-expreso-suarez-en-visperas-de-nueva-protesta-en-peaje","status":"publish","type":"post","link":"https:\/\/noticiasmercedinas.com\/site\/2024\/09\/11\/siguen-sin-contestarnos-y-estamos-cansados-de-esperar-expreso-suarez-en-visperas-de-nueva-protesta-en-peaje\/","title":{"rendered":"Marcelo Su\u00e1rez: \u00abSiguen sin contestarnos y estamos cansados de esperar\u00bb"},"content":{"rendered":"<p><img loading=\"lazy\" decoding=\"async\" class=\"alignnone size-full wp-image-102760\" src=\"https:\/\/noticiasmercedinas.com\/site\/wp-content\/uploads\/2022\/10\/NOALPEAJE.jpg\" alt=\"\" width=\"640\" height=\"348\" srcset=\"https:\/\/noticiasmercedinas.com\/site\/wp-content\/uploads\/2022\/10\/NOALPEAJE.jpg 640w, https:\/\/noticiasmercedinas.com\/site\/wp-content\/uploads\/2022\/10\/NOALPEAJE-300x163.jpg 300w\" sizes=\"auto, (max-width: 640px) 100vw, 640px\" \/><\/p>\n<p>En el marco de la pr\u00f3xima jornada de protesta en las cabinas de peaje de Olivera, sobre la ruta 5, <strong>Marcelo Su\u00e1rez<\/strong>, integrante de la Comisi\u00f3n de Vecinos contra el Peaje, manifest\u00f3 su frustraci\u00f3n ante la falta de respuestas a los reclamos vecinales.<\/p>\n<p>\u00abEl domingo vamos de vuelta, y esta vez ya somos muchos los que nos sumamos a la marcha. Hay bastante indignaci\u00f3n porque le han otorgado a Beruti un descuento en las tarifas de peaje, y no solo no nos han dado a nosotros lo mismo, sino que nos aumentaron el 85%. Es m\u00e1s de lo que nos hab\u00edan prometido y, mientras tanto, seguimos sin recibir ninguna respuesta\u00bb, expres\u00f3 Su\u00e1rez.<\/p>\n<blockquote><p>\u00abHay bastante indignaci\u00f3n porque le han otorgado a Beruti un descuento en las tarifas de peaje, y no solo no nos han dado a nosotros lo mismo, sino que nos aumentaron el 85%\u00bb<\/p><\/blockquote>\n<p>La cuarta marcha de protesta, que tendr\u00e1 lugar este domingo, promete ser contundente, y los organizadores repartir\u00e1n volantes para informar a los conductores sobre los incrementos desproporcionados de las tarifas.<\/p>\n<p>\u00abHace un a\u00f1o, el peaje costaba 150 pesos, y hoy est\u00e1 en 1.200, lo que significa un incremento de m\u00e1s del 700%\u00bb, explic\u00f3 Su\u00e1rez.<\/p>\n<blockquote><p>\u00abNosotros siempre tratamos de no politizar la cuesti\u00f3n, pero parece que somos castigados por tener una intendencia de otro signo pol\u00edtico\u00bb<\/p><\/blockquote>\n<p>El reclamo tambi\u00e9n gira en torno a la desigualdad en el trato recibido por los vecinos de Mercedes en comparaci\u00f3n con otras localidades. \u00abLa empresa Corredores Viales no parece tener una actitud igualitaria con todos. Para otros s\u00ed, para Mercedes no\u00bb, afirm\u00f3 Su\u00e1rez, aludiendo a la reciente rebaja obtenida por los residentes de Beruti, en Trenque Lauquen, quienes ahora pagan un 85% menos en las tarifas de peaje.<\/p>\n<p>Su\u00e1rez concluy\u00f3 sugiriendo que la falta de respuesta podr\u00eda estar relacionada con cuestiones pol\u00edticas. \u00abNosotros siempre tratamos de no politizar la cuesti\u00f3n, pero parece que somos castigados por tener una intendencia de otro signo pol\u00edtico\u00bb, a\u00f1adi\u00f3, e inst\u00f3 al defensor de la ciudad y a los concejales a que planteen una denuncia por discriminaci\u00f3n.<\/p>\n","protected":false},"excerpt":{"rendered":"<p>\u25a0 \u00abEl domingo vamos de vuelta, y esta vez ya somos muchos los que nos sumamos a la marcha\u00bb, anticip\u00f3 el integrante de la Comisi\u00f3n de Vecinos contra el Peaje.<\/p>\n","protected":false},"author":16,"featured_media":102760,"comment_status":"closed","ping_status":"closed","sticky":false,"template":"","format":"standard","meta":{"footnotes":""},"categories":[3],"tags":[890,1774,665],"class_list":["post-143762","post","type-post","status-publish","format-standard","has-post-thumbnail","hentry","category-sociedad","tag-marcelo-suarez","tag-peaje","tag-ruta-5"],"yoast_head":"<!-- This site is optimized with the Yoast SEO plugin v27.4 - https:\/\/yoast.com\/product\/yoast-seo-wordpress\/ -->\n<title>Marcelo Su\u00e1rez: &quot;Siguen sin contestarnos y estamos cansados de esperar&quot;<\/title>\n<meta name=\"robots\" content=\"index, follow, max-snippet:-1, max-image-preview:large, max-video-preview:-1\" \/>\n<link rel=\"canonical\" href=\"https:\/\/noticiasmercedinas.com\/site\/2024\/09\/11\/siguen-sin-contestarnos-y-estamos-cansados-de-esperar-expreso-suarez-en-visperas-de-nueva-protesta-en-peaje\/\" \/>\n<meta property=\"og:locale\" content=\"es_ES\" \/>\n<meta property=\"og:type\" content=\"article\" \/>\n<meta property=\"og:title\" content=\"Marcelo Su\u00e1rez: &quot;Siguen sin contestarnos y estamos cansados de esperar&quot;\" \/>\n<meta property=\"og:description\" content=\"\u25a0 &quot;El domingo vamos de vuelta, y esta vez ya somos muchos los que nos sumamos a la marcha&quot;, anticip\u00f3 el integrante de la Comisi\u00f3n de Vecinos contra el Peaje.\" \/>\n<meta property=\"og:url\" content=\"https:\/\/noticiasmercedinas.com\/site\/2024\/09\/11\/siguen-sin-contestarnos-y-estamos-cansados-de-esperar-expreso-suarez-en-visperas-de-nueva-protesta-en-peaje\/\" \/>\n<meta property=\"og:site_name\" content=\"NOTICIASMERCEDINAS.COM\" \/>\n<meta property=\"article:publisher\" content=\"https:\/\/www.facebook.com\/noticiasmercedinas\/\" \/>\n<meta property=\"article:published_time\" content=\"2024-09-11T15:13:48+00:00\" \/>\n<meta property=\"article:modified_time\" content=\"2024-09-11T15:16:00+00:00\" \/>\n<meta property=\"og:image\" content=\"https:\/\/noticiasmercedinas.com\/site\/wp-content\/uploads\/2022\/10\/NOALPEAJE.jpg\" \/>\n\t<meta property=\"og:image:width\" content=\"640\" \/>\n\t<meta property=\"og:image:height\" content=\"348\" \/>\n\t<meta property=\"og:image:type\" content=\"image\/jpeg\" \/>\n<meta name=\"author\" content=\"NOTICIASMERCEDINAS.COM\" \/>\n<meta name=\"twitter:card\" content=\"summary_large_image\" \/>\n<meta name=\"twitter:creator\" content=\"@notmercedinas\" \/>\n<meta name=\"twitter:site\" content=\"@notmercedinas\" \/>\n<meta name=\"twitter:label1\" content=\"Escrito por\" \/>\n\t<meta name=\"twitter:data1\" content=\"NOTICIASMERCEDINAS.COM\" \/>\n\t<meta name=\"twitter:label2\" content=\"Tiempo de lectura\" \/>\n\t<meta name=\"twitter:data2\" content=\"2 minutos\" \/>\n<script type=\"application\/ld+json\" class=\"yoast-schema-graph\">{\"@context\":\"https:\\\/\\\/schema.org\",\"@graph\":[{\"@type\":\"Article\",\"@id\":\"https:\\\/\\\/noticiasmercedinas.com\\\/site\\\/2024\\\/09\\\/11\\\/siguen-sin-contestarnos-y-estamos-cansados-de-esperar-expreso-suarez-en-visperas-de-nueva-protesta-en-peaje\\\/#article\",\"isPartOf\":{\"@id\":\"https:\\\/\\\/noticiasmercedinas.com\\\/site\\\/2024\\\/09\\\/11\\\/siguen-sin-contestarnos-y-estamos-cansados-de-esperar-expreso-suarez-en-visperas-de-nueva-protesta-en-peaje\\\/\"},\"author\":{\"name\":\"NOTICIASMERCEDINAS.COM\",\"@id\":\"https:\\\/\\\/noticiasmercedinas.com\\\/site\\\/#\\\/schema\\\/person\\\/84b59c099c28ff2e8b77d4ceec5d8063\"},\"headline\":\"Marcelo Su\u00e1rez: \u00abSiguen sin contestarnos y estamos cansados de esperar\u00bb\",\"datePublished\":\"2024-09-11T15:13:48+00:00\",\"dateModified\":\"2024-09-11T15:16:00+00:00\",\"mainEntityOfPage\":{\"@id\":\"https:\\\/\\\/noticiasmercedinas.com\\\/site\\\/2024\\\/09\\\/11\\\/siguen-sin-contestarnos-y-estamos-cansados-de-esperar-expreso-suarez-en-visperas-de-nueva-protesta-en-peaje\\\/\"},\"wordCount\":371,\"publisher\":{\"@id\":\"https:\\\/\\\/noticiasmercedinas.com\\\/site\\\/#organization\"},\"image\":{\"@id\":\"https:\\\/\\\/noticiasmercedinas.com\\\/site\\\/2024\\\/09\\\/11\\\/siguen-sin-contestarnos-y-estamos-cansados-de-esperar-expreso-suarez-en-visperas-de-nueva-protesta-en-peaje\\\/#primaryimage\"},\"thumbnailUrl\":\"https:\\\/\\\/noticiasmercedinas.com\\\/site\\\/wp-content\\\/uploads\\\/2022\\\/10\\\/NOALPEAJE.jpg\",\"keywords\":[\"Marcelo suarez\",\"peaje\",\"ruta 5\"],\"articleSection\":[\"Sociedad\"],\"inLanguage\":\"es\"},{\"@type\":\"WebPage\",\"@id\":\"https:\\\/\\\/noticiasmercedinas.com\\\/site\\\/2024\\\/09\\\/11\\\/siguen-sin-contestarnos-y-estamos-cansados-de-esperar-expreso-suarez-en-visperas-de-nueva-protesta-en-peaje\\\/\",\"url\":\"https:\\\/\\\/noticiasmercedinas.com\\\/site\\\/2024\\\/09\\\/11\\\/siguen-sin-contestarnos-y-estamos-cansados-de-esperar-expreso-suarez-en-visperas-de-nueva-protesta-en-peaje\\\/\",\"name\":\"Marcelo Su\u00e1rez: \\\"Siguen sin contestarnos y estamos cansados de esperar\\\"\",\"isPartOf\":{\"@id\":\"https:\\\/\\\/noticiasmercedinas.com\\\/site\\\/#website\"},\"primaryImageOfPage\":{\"@id\":\"https:\\\/\\\/noticiasmercedinas.com\\\/site\\\/2024\\\/09\\\/11\\\/siguen-sin-contestarnos-y-estamos-cansados-de-esperar-expreso-suarez-en-visperas-de-nueva-protesta-en-peaje\\\/#primaryimage\"},\"image\":{\"@id\":\"https:\\\/\\\/noticiasmercedinas.com\\\/site\\\/2024\\\/09\\\/11\\\/siguen-sin-contestarnos-y-estamos-cansados-de-esperar-expreso-suarez-en-visperas-de-nueva-protesta-en-peaje\\\/#primaryimage\"},\"thumbnailUrl\":\"https:\\\/\\\/noticiasmercedinas.com\\\/site\\\/wp-content\\\/uploads\\\/2022\\\/10\\\/NOALPEAJE.jpg\",\"datePublished\":\"2024-09-11T15:13:48+00:00\",\"dateModified\":\"2024-09-11T15:16:00+00:00\",\"breadcrumb\":{\"@id\":\"https:\\\/\\\/noticiasmercedinas.com\\\/site\\\/2024\\\/09\\\/11\\\/siguen-sin-contestarnos-y-estamos-cansados-de-esperar-expreso-suarez-en-visperas-de-nueva-protesta-en-peaje\\\/#breadcrumb\"},\"inLanguage\":\"es\",\"potentialAction\":[{\"@type\":\"ReadAction\",\"target\":[\"https:\\\/\\\/noticiasmercedinas.com\\\/site\\\/2024\\\/09\\\/11\\\/siguen-sin-contestarnos-y-estamos-cansados-de-esperar-expreso-suarez-en-visperas-de-nueva-protesta-en-peaje\\\/\"]}]},{\"@type\":\"ImageObject\",\"inLanguage\":\"es\",\"@id\":\"https:\\\/\\\/noticiasmercedinas.com\\\/site\\\/2024\\\/09\\\/11\\\/siguen-sin-contestarnos-y-estamos-cansados-de-esperar-expreso-suarez-en-visperas-de-nueva-protesta-en-peaje\\\/#primaryimage\",\"url\":\"https:\\\/\\\/noticiasmercedinas.com\\\/site\\\/wp-content\\\/uploads\\\/2022\\\/10\\\/NOALPEAJE.jpg\",\"contentUrl\":\"https:\\\/\\\/noticiasmercedinas.com\\\/site\\\/wp-content\\\/uploads\\\/2022\\\/10\\\/NOALPEAJE.jpg\",\"width\":640,\"height\":348},{\"@type\":\"BreadcrumbList\",\"@id\":\"https:\\\/\\\/noticiasmercedinas.com\\\/site\\\/2024\\\/09\\\/11\\\/siguen-sin-contestarnos-y-estamos-cansados-de-esperar-expreso-suarez-en-visperas-de-nueva-protesta-en-peaje\\\/#breadcrumb\",\"itemListElement\":[{\"@type\":\"ListItem\",\"position\":1,\"name\":\"Portada\",\"item\":\"https:\\\/\\\/noticiasmercedinas.com\\\/site\\\/\"},{\"@type\":\"ListItem\",\"position\":2,\"name\":\"Marcelo Su\u00e1rez: \u00abSiguen sin contestarnos y estamos cansados de esperar\u00bb\"}]},{\"@type\":\"WebSite\",\"@id\":\"https:\\\/\\\/noticiasmercedinas.com\\\/site\\\/#website\",\"url\":\"https:\\\/\\\/noticiasmercedinas.com\\\/site\\\/\",\"name\":\"NOTICIASMERCEDINAS.COM\",\"description\":\"Mercedes, Buenos Aires, Argentina\",\"publisher\":{\"@id\":\"https:\\\/\\\/noticiasmercedinas.com\\\/site\\\/#organization\"},\"potentialAction\":[{\"@type\":\"SearchAction\",\"target\":{\"@type\":\"EntryPoint\",\"urlTemplate\":\"https:\\\/\\\/noticiasmercedinas.com\\\/site\\\/?s={search_term_string}\"},\"query-input\":{\"@type\":\"PropertyValueSpecification\",\"valueRequired\":true,\"valueName\":\"search_term_string\"}}],\"inLanguage\":\"es\"},{\"@type\":\"Organization\",\"@id\":\"https:\\\/\\\/noticiasmercedinas.com\\\/site\\\/#organization\",\"name\":\"NOTICIASMERCEDINAS.COM\",\"url\":\"https:\\\/\\\/noticiasmercedinas.com\\\/site\\\/\",\"logo\":{\"@type\":\"ImageObject\",\"inLanguage\":\"es\",\"@id\":\"https:\\\/\\\/noticiasmercedinas.com\\\/site\\\/#\\\/schema\\\/logo\\\/image\\\/\",\"url\":\"https:\\\/\\\/noticiasmercedinas.com\\\/site\\\/wp-content\\\/uploads\\\/2020\\\/06\\\/LOGO-512.jpg\",\"contentUrl\":\"https:\\\/\\\/noticiasmercedinas.com\\\/site\\\/wp-content\\\/uploads\\\/2020\\\/06\\\/LOGO-512.jpg\",\"width\":512,\"height\":512,\"caption\":\"NOTICIASMERCEDINAS.COM\"},\"image\":{\"@id\":\"https:\\\/\\\/noticiasmercedinas.com\\\/site\\\/#\\\/schema\\\/logo\\\/image\\\/\"},\"sameAs\":[\"https:\\\/\\\/www.facebook.com\\\/noticiasmercedinas\\\/\",\"https:\\\/\\\/x.com\\\/notmercedinas\",\"https:\\\/\\\/www.instagram.com\\\/noticiasmercedinas\\\/\"]},{\"@type\":\"Person\",\"@id\":\"https:\\\/\\\/noticiasmercedinas.com\\\/site\\\/#\\\/schema\\\/person\\\/84b59c099c28ff2e8b77d4ceec5d8063\",\"name\":\"NOTICIASMERCEDINAS.COM\",\"image\":{\"@type\":\"ImageObject\",\"inLanguage\":\"es\",\"@id\":\"https:\\\/\\\/secure.gravatar.com\\\/avatar\\\/4dfbf16b4d17945bfb6341b2d19043457132fcf478a5ee04f42e959fd8f5df0a?s=96&d=mm&r=g\",\"url\":\"https:\\\/\\\/secure.gravatar.com\\\/avatar\\\/4dfbf16b4d17945bfb6341b2d19043457132fcf478a5ee04f42e959fd8f5df0a?s=96&d=mm&r=g\",\"contentUrl\":\"https:\\\/\\\/secure.gravatar.com\\\/avatar\\\/4dfbf16b4d17945bfb6341b2d19043457132fcf478a5ee04f42e959fd8f5df0a?s=96&d=mm&r=g\",\"caption\":\"NOTICIASMERCEDINAS.COM\"},\"url\":\"https:\\\/\\\/noticiasmercedinas.com\\\/site\\\/author\\\/anonimo\\\/\"}]}<\/script>\n<!-- \/ Yoast SEO plugin. -->","yoast_head_json":{"title":"Marcelo Su\u00e1rez: \"Siguen sin contestarnos y estamos cansados de esperar\"","robots":{"index":"index","follow":"follow","max-snippet":"max-snippet:-1","max-image-preview":"max-image-preview:large","max-video-preview":"max-video-preview:-1"},"canonical":"https:\/\/noticiasmercedinas.com\/site\/2024\/09\/11\/siguen-sin-contestarnos-y-estamos-cansados-de-esperar-expreso-suarez-en-visperas-de-nueva-protesta-en-peaje\/","og_locale":"es_ES","og_type":"article","og_title":"Marcelo Su\u00e1rez: \"Siguen sin contestarnos y estamos cansados de esperar\"","og_description":"\u25a0 \"El domingo vamos de vuelta, y esta vez ya somos muchos los que nos sumamos a la marcha\", anticip\u00f3 el integrante de la Comisi\u00f3n de Vecinos contra el Peaje.","og_url":"https:\/\/noticiasmercedinas.com\/site\/2024\/09\/11\/siguen-sin-contestarnos-y-estamos-cansados-de-esperar-expreso-suarez-en-visperas-de-nueva-protesta-en-peaje\/","og_site_name":"NOTICIASMERCEDINAS.COM","article_publisher":"https:\/\/www.facebook.com\/noticiasmercedinas\/","article_published_time":"2024-09-11T15:13:48+00:00","article_modified_time":"2024-09-11T15:16:00+00:00","og_image":[{"width":640,"height":348,"url":"https:\/\/noticiasmercedinas.com\/site\/wp-content\/uploads\/2022\/10\/NOALPEAJE.jpg","type":"image\/jpeg"}],"author":"NOTICIASMERCEDINAS.COM","twitter_card":"summary_large_image","twitter_creator":"@notmercedinas","twitter_site":"@notmercedinas","twitter_misc":{"Escrito por":"NOTICIASMERCEDINAS.COM","Tiempo de lectura":"2 minutos"},"schema":{"@context":"https:\/\/schema.org","@graph":[{"@type":"Article","@id":"https:\/\/noticiasmercedinas.com\/site\/2024\/09\/11\/siguen-sin-contestarnos-y-estamos-cansados-de-esperar-expreso-suarez-en-visperas-de-nueva-protesta-en-peaje\/#article","isPartOf":{"@id":"https:\/\/noticiasmercedinas.com\/site\/2024\/09\/11\/siguen-sin-contestarnos-y-estamos-cansados-de-esperar-expreso-suarez-en-visperas-de-nueva-protesta-en-peaje\/"},"author":{"name":"NOTICIASMERCEDINAS.COM","@id":"https:\/\/noticiasmercedinas.com\/site\/#\/schema\/person\/84b59c099c28ff2e8b77d4ceec5d8063"},"headline":"Marcelo Su\u00e1rez: \u00abSiguen sin contestarnos y estamos cansados de esperar\u00bb","datePublished":"2024-09-11T15:13:48+00:00","dateModified":"2024-09-11T15:16:00+00:00","mainEntityOfPage":{"@id":"https:\/\/noticiasmercedinas.com\/site\/2024\/09\/11\/siguen-sin-contestarnos-y-estamos-cansados-de-esperar-expreso-suarez-en-visperas-de-nueva-protesta-en-peaje\/"},"wordCount":371,"publisher":{"@id":"https:\/\/noticiasmercedinas.com\/site\/#organization"},"image":{"@id":"https:\/\/noticiasmercedinas.com\/site\/2024\/09\/11\/siguen-sin-contestarnos-y-estamos-cansados-de-esperar-expreso-suarez-en-visperas-de-nueva-protesta-en-peaje\/#primaryimage"},"thumbnailUrl":"https:\/\/noticiasmercedinas.com\/site\/wp-content\/uploads\/2022\/10\/NOALPEAJE.jpg","keywords":["Marcelo suarez","peaje","ruta 5"],"articleSection":["Sociedad"],"inLanguage":"es"},{"@type":"WebPage","@id":"https:\/\/noticiasmercedinas.com\/site\/2024\/09\/11\/siguen-sin-contestarnos-y-estamos-cansados-de-esperar-expreso-suarez-en-visperas-de-nueva-protesta-en-peaje\/","url":"https:\/\/noticiasmercedinas.com\/site\/2024\/09\/11\/siguen-sin-contestarnos-y-estamos-cansados-de-esperar-expreso-suarez-en-visperas-de-nueva-protesta-en-peaje\/","name":"Marcelo Su\u00e1rez: \"Siguen sin contestarnos y estamos cansados de esperar\"","isPartOf":{"@id":"https:\/\/noticiasmercedinas.com\/site\/#website"},"primaryImageOfPage":{"@id":"https:\/\/noticiasmercedinas.com\/site\/2024\/09\/11\/siguen-sin-contestarnos-y-estamos-cansados-de-esperar-expreso-suarez-en-visperas-de-nueva-protesta-en-peaje\/#primaryimage"},"image":{"@id":"https:\/\/noticiasmercedinas.com\/site\/2024\/09\/11\/siguen-sin-contestarnos-y-estamos-cansados-de-esperar-expreso-suarez-en-visperas-de-nueva-protesta-en-peaje\/#primaryimage"},"thumbnailUrl":"https:\/\/noticiasmercedinas.com\/site\/wp-content\/uploads\/2022\/10\/NOALPEAJE.jpg","datePublished":"2024-09-11T15:13:48+00:00","dateModified":"2024-09-11T15:16:00+00:00","breadcrumb":{"@id":"https:\/\/noticiasmercedinas.com\/site\/2024\/09\/11\/siguen-sin-contestarnos-y-estamos-cansados-de-esperar-expreso-suarez-en-visperas-de-nueva-protesta-en-peaje\/#breadcrumb"},"inLanguage":"es","potentialAction":[{"@type":"ReadAction","target":["https:\/\/noticiasmercedinas.com\/site\/2024\/09\/11\/siguen-sin-contestarnos-y-estamos-cansados-de-esperar-expreso-suarez-en-visperas-de-nueva-protesta-en-peaje\/"]}]},{"@type":"ImageObject","inLanguage":"es","@id":"https:\/\/noticiasmercedinas.com\/site\/2024\/09\/11\/siguen-sin-contestarnos-y-estamos-cansados-de-esperar-expreso-suarez-en-visperas-de-nueva-protesta-en-peaje\/#primaryimage","url":"https:\/\/noticiasmercedinas.com\/site\/wp-content\/uploads\/2022\/10\/NOALPEAJE.jpg","contentUrl":"https:\/\/noticiasmercedinas.com\/site\/wp-content\/uploads\/2022\/10\/NOALPEAJE.jpg","width":640,"height":348},{"@type":"BreadcrumbList","@id":"https:\/\/noticiasmercedinas.com\/site\/2024\/09\/11\/siguen-sin-contestarnos-y-estamos-cansados-de-esperar-expreso-suarez-en-visperas-de-nueva-protesta-en-peaje\/#breadcrumb","itemListElement":[{"@type":"ListItem","position":1,"name":"Portada","item":"https:\/\/noticiasmercedinas.com\/site\/"},{"@type":"ListItem","position":2,"name":"Marcelo Su\u00e1rez: \u00abSiguen sin contestarnos y estamos cansados de esperar\u00bb"}]},{"@type":"WebSite","@id":"https:\/\/noticiasmercedinas.com\/site\/#website","url":"https:\/\/noticiasmercedinas.com\/site\/","name":"NOTICIASMERCEDINAS.COM","description":"Mercedes, Buenos Aires, Argentina","publisher":{"@id":"https:\/\/noticiasmercedinas.com\/site\/#organization"},"potentialAction":[{"@type":"SearchAction","target":{"@type":"EntryPoint","urlTemplate":"https:\/\/noticiasmercedinas.com\/site\/?s={search_term_string}"},"query-input":{"@type":"PropertyValueSpecification","valueRequired":true,"valueName":"search_term_string"}}],"inLanguage":"es"},{"@type":"Organization","@id":"https:\/\/noticiasmercedinas.com\/site\/#organization","name":"NOTICIASMERCEDINAS.COM","url":"https:\/\/noticiasmercedinas.com\/site\/","logo":{"@type":"ImageObject","inLanguage":"es","@id":"https:\/\/noticiasmercedinas.com\/site\/#\/schema\/logo\/image\/","url":"https:\/\/noticiasmercedinas.com\/site\/wp-content\/uploads\/2020\/06\/LOGO-512.jpg","contentUrl":"https:\/\/noticiasmercedinas.com\/site\/wp-content\/uploads\/2020\/06\/LOGO-512.jpg","width":512,"height":512,"caption":"NOTICIASMERCEDINAS.COM"},"image":{"@id":"https:\/\/noticiasmercedinas.com\/site\/#\/schema\/logo\/image\/"},"sameAs":["https:\/\/www.facebook.com\/noticiasmercedinas\/","https:\/\/x.com\/notmercedinas","https:\/\/www.instagram.com\/noticiasmercedinas\/"]},{"@type":"Person","@id":"https:\/\/noticiasmercedinas.com\/site\/#\/schema\/person\/84b59c099c28ff2e8b77d4ceec5d8063","name":"NOTICIASMERCEDINAS.COM","image":{"@type":"ImageObject","inLanguage":"es","@id":"https:\/\/secure.gravatar.com\/avatar\/4dfbf16b4d17945bfb6341b2d19043457132fcf478a5ee04f42e959fd8f5df0a?s=96&d=mm&r=g","url":"https:\/\/secure.gravatar.com\/avatar\/4dfbf16b4d17945bfb6341b2d19043457132fcf478a5ee04f42e959fd8f5df0a?s=96&d=mm&r=g","contentUrl":"https:\/\/secure.gravatar.com\/avatar\/4dfbf16b4d17945bfb6341b2d19043457132fcf478a5ee04f42e959fd8f5df0a?s=96&d=mm&r=g","caption":"NOTICIASMERCEDINAS.COM"},"url":"https:\/\/noticiasmercedinas.com\/site\/author\/anonimo\/"}]}},"amp_enabled":true,"_links":{"self":[{"href":"https:\/\/noticiasmercedinas.com\/site\/wp-json\/wp\/v2\/posts\/143762","targetHints":{"allow":["GET"]}}],"collection":[{"href":"https:\/\/noticiasmercedinas.com\/site\/wp-json\/wp\/v2\/posts"}],"about":[{"href":"https:\/\/noticiasmercedinas.com\/site\/wp-json\/wp\/v2\/types\/post"}],"author":[{"embeddable":true,"href":"https:\/\/noticiasmercedinas.com\/site\/wp-json\/wp\/v2\/users\/16"}],"replies":[{"embeddable":true,"href":"https:\/\/noticiasmercedinas.com\/site\/wp-json\/wp\/v2\/comments?post=143762"}],"version-history":[{"count":2,"href":"https:\/\/noticiasmercedinas.com\/site\/wp-json\/wp\/v2\/posts\/143762\/revisions"}],"predecessor-version":[{"id":143764,"href":"https:\/\/noticiasmercedinas.com\/site\/wp-json\/wp\/v2\/posts\/143762\/revisions\/143764"}],"wp:featuredmedia":[{"embeddable":true,"href":"https:\/\/noticiasmercedinas.com\/site\/wp-json\/wp\/v2\/media\/102760"}],"wp:attachment":[{"href":"https:\/\/noticiasmercedinas.com\/site\/wp-json\/wp\/v2\/media?parent=143762"}],"wp:term":[{"taxonomy":"category","embeddable":true,"href":"https:\/\/noticiasmercedinas.com\/site\/wp-json\/wp\/v2\/categories?post=143762"},{"taxonomy":"post_tag","embeddable":true,"href":"https:\/\/noticiasmercedinas.com\/site\/wp-json\/wp\/v2\/tags?post=143762"}],"curies":[{"name":"wp","href":"https:\/\/api.w.org\/{rel}","templated":true}]}}