{"id":143790,"date":"2024-09-11T20:29:07","date_gmt":"2024-09-11T23:29:07","guid":{"rendered":"https:\/\/noticiasmercedinas.com\/site\/?p=143790"},"modified":"2024-09-11T20:41:09","modified_gmt":"2024-09-11T23:41:09","slug":"se-constituyo-el-forum-infancias-suipacha-mercedes-un-espacio-para-reflexionar-sobre-las-infancias-libres-de-etiquetas","status":"publish","type":"post","link":"https:\/\/noticiasmercedinas.com\/site\/2024\/09\/11\/se-constituyo-el-forum-infancias-suipacha-mercedes-un-espacio-para-reflexionar-sobre-las-infancias-libres-de-etiquetas\/","title":{"rendered":"Se constituy\u00f3 el Forum Infancias Suipacha-Mercedes, un espacio para reflexionar sobre las infancias libres de etiquetas"},"content":{"rendered":"<p><img loading=\"lazy\" decoding=\"async\" class=\"alignnone wp-image-143792\" src=\"https:\/\/noticiasmercedinas.com\/site\/wp-content\/uploads\/2024\/09\/FI64.jpg\" alt=\"\" width=\"640\" height=\"485\" srcset=\"https:\/\/noticiasmercedinas.com\/site\/wp-content\/uploads\/2024\/09\/FI64.jpg 595w, https:\/\/noticiasmercedinas.com\/site\/wp-content\/uploads\/2024\/09\/FI64-300x227.jpg 300w, https:\/\/noticiasmercedinas.com\/site\/wp-content\/uploads\/2024\/09\/FI64-80x60.jpg 80w, https:\/\/noticiasmercedinas.com\/site\/wp-content\/uploads\/2024\/09\/FI64-160x120.jpg 160w, https:\/\/noticiasmercedinas.com\/site\/wp-content\/uploads\/2024\/09\/FI64-100x75.jpg 100w, https:\/\/noticiasmercedinas.com\/site\/wp-content\/uploads\/2024\/09\/FI64-180x135.jpg 180w\" sizes=\"auto, (max-width: 640px) 100vw, 640px\" \/><\/p>\n<p>Desde este mes de septiembre, qued\u00f3 conformado el <strong>Forum Infancias Suipacha-Mercedes<\/strong>, con la participaci\u00f3n de profesionales de la salud y la educaci\u00f3n de ambas localidades. Este nuevo espacio al que invitan a unirse <strong>se suma a la red federal Forum Infancias<\/strong> (<a href=\"https:\/\/foruminfancias.com.ar\/\"><strong>https:\/\/foruminfancias.com.ar\/<\/strong><\/a>), un movimiento que trabaja desde 2005 para promover pr\u00e1cticas y pol\u00edticas p\u00fablicas que protejan los derechos de las infancias y adolescencias.<\/p>\n<p>El Forum Infancias es un \u00e1mbito de encuentro y reflexi\u00f3n donde se busca prevenir y erradicar la patologizaci\u00f3n y medicalizaci\u00f3n de ni\u00f1os, ni\u00f1as y adolescentes. La red defiende la idea de pensar las dificultades infantiles como expresiones de malestares con m\u00faltiples causas, adoptando una perspectiva de derecho que respeta los tiempos singulares de cada ni\u00f1o en su desarrollo ps\u00edquico y social.<\/p>\n<blockquote><p>El Forum Infancias es un \u00e1mbito de encuentro y reflexi\u00f3n donde se busca prevenir y erradicar la patologizaci\u00f3n y medicalizaci\u00f3n de ni\u00f1os, ni\u00f1as y adolescentes.<\/p><\/blockquote>\n<p>Los profesionales que forman parte de este movimiento federal provienen de diversas disciplinas del \u00e1mbito de la salud, la educaci\u00f3n y las ciencias sociales. En su labor, apuntan a crear enfoques integrales y respetuosos en el tratamiento de las infancias, fomentando la participaci\u00f3n y el empoderamiento de ni\u00f1os, ni\u00f1as y sus familias.<\/p>\n<p>El Forum Infancias Suipacha-Mercedes invita a colegas y estudiantes de educaci\u00f3n, salud y ciencias sociales a participar en el IX Encuentro Nacional del Forum Infancias, que se celebrar\u00e1 el 4 y 5 de octubre en Santiago del Estero. Entre los disertantes confirmados para el evento se encuentran destacados especialistas como Beatriz Janin, Gisela Untoiglich, Esteban Levin, Juan Vasen y Carlos Rozanski, entre otros.<\/p>\n<blockquote><p>Se invita a colegas y estudiantes de educaci\u00f3n, salud y ciencias sociales a participar en el IX Encuentro Nacional del Forum Infancias, que se celebrar\u00e1 el 4 y 5 de octubre en Santiago del Estero<\/p><\/blockquote>\n<p>Las inscripciones para el congreso ya est\u00e1n abiertas, y se espera la participaci\u00f3n de profesionales interesados en reflexionar sobre nuevas formas de acompa\u00f1ar a las infancias y adolescencias, alejadas de la excesiva medicalizaci\u00f3n. El evento tendr\u00e1 lugar en el Forum Centro de Convenciones de Santiago del Estero, ubicado en Per\u00fa 510.<\/p>\n<p>Para conocer m\u00e1s datos sobre el Forum Infancias Suipacha-Mercedes y sumarse se puede contactar con las referentes de Suipacha al <strong>2324-543818<\/strong>, o de Mercedes al <strong>2324-471183<\/strong>. Adem\u00e1s, es posible seguir las actividades de este espacio a trav\u00e9s de sus redes sociales en Instagram <a href=\"https:\/\/www.instagram.com\/foruminfanciassuipachamercedes\/\">@foruminfanciassuipachamercedes<\/a> y Facebook \u00ab<a href=\"https:\/\/www.facebook.com\/foruminfanciassuipachamercedes\/\">Forum Infancias Suipacha Mercedes<\/a>\u00ab.<\/p>\n","protected":false},"excerpt":{"rendered":"<p>Desde este mes de septiembre, qued\u00f3 conformado el Forum Infancias Suipacha-Mercedes, con la participaci\u00f3n de profesionales de la salud y la educaci\u00f3n de ambas localidades. Este nuevo espacio al que invitan a unirse se suma a la red federal Forum Infancias (https:\/\/foruminfancias.com.ar\/), un movimiento que trabaja desde 2005 para promover pr\u00e1cticas y pol\u00edticas p\u00fablicas que [&hellip;]<\/p>\n","protected":false},"author":16,"featured_media":143792,"comment_status":"closed","ping_status":"closed","sticky":false,"template":"","format":"standard","meta":{"footnotes":""},"categories":[8992],"tags":[18805,10033,18806,23,18807,1095],"class_list":["post-143790","post","type-post","status-publish","format-standard","has-post-thumbnail","hentry","category-bienestar","tag-forum-infancias-suipacha-mercedes","tag-infancias","tag-medicalizacion","tag-mercedes","tag-patologizacion","tag-suipacha"],"yoast_head":"<!-- This site is optimized with the Yoast SEO plugin v27.4 - https:\/\/yoast.com\/product\/yoast-seo-wordpress\/ -->\n<title>Se constituy\u00f3 el Forum Infancias Suipacha-Mercedes, un espacio para reflexionar sobre las infancias libres de etiquetas<\/title>\n<meta name=\"robots\" content=\"index, follow, max-snippet:-1, max-image-preview:large, max-video-preview:-1\" \/>\n<link rel=\"canonical\" href=\"https:\/\/noticiasmercedinas.com\/site\/2024\/09\/11\/se-constituyo-el-forum-infancias-suipacha-mercedes-un-espacio-para-reflexionar-sobre-las-infancias-libres-de-etiquetas\/\" \/>\n<meta property=\"og:locale\" content=\"es_ES\" \/>\n<meta property=\"og:type\" content=\"article\" \/>\n<meta property=\"og:title\" content=\"Se constituy\u00f3 el Forum Infancias Suipacha-Mercedes, un espacio para reflexionar sobre las infancias libres de etiquetas\" \/>\n<meta property=\"og:description\" content=\"Desde este mes de septiembre, qued\u00f3 conformado el Forum Infancias Suipacha-Mercedes, con la participaci\u00f3n de profesionales de la salud y la educaci\u00f3n de ambas localidades. Este nuevo espacio al que invitan a unirse se suma a la red federal Forum Infancias (https:\/\/foruminfancias.com.ar\/), un movimiento que trabaja desde 2005 para promover pr\u00e1cticas y pol\u00edticas p\u00fablicas que [&hellip;]\" \/>\n<meta property=\"og:url\" content=\"https:\/\/noticiasmercedinas.com\/site\/2024\/09\/11\/se-constituyo-el-forum-infancias-suipacha-mercedes-un-espacio-para-reflexionar-sobre-las-infancias-libres-de-etiquetas\/\" \/>\n<meta property=\"og:site_name\" content=\"NOTICIASMERCEDINAS.COM\" \/>\n<meta property=\"article:publisher\" content=\"https:\/\/www.facebook.com\/noticiasmercedinas\/\" \/>\n<meta property=\"article:published_time\" content=\"2024-09-11T23:29:07+00:00\" \/>\n<meta property=\"article:modified_time\" content=\"2024-09-11T23:41:09+00:00\" \/>\n<meta property=\"og:image\" content=\"https:\/\/noticiasmercedinas.com\/site\/wp-content\/uploads\/2024\/09\/FI64.jpg\" \/>\n\t<meta property=\"og:image:width\" content=\"595\" \/>\n\t<meta property=\"og:image:height\" content=\"451\" \/>\n\t<meta property=\"og:image:type\" content=\"image\/jpeg\" \/>\n<meta name=\"author\" content=\"NOTICIASMERCEDINAS.COM\" \/>\n<meta name=\"twitter:card\" content=\"summary_large_image\" \/>\n<meta name=\"twitter:creator\" content=\"@notmercedinas\" \/>\n<meta name=\"twitter:site\" content=\"@notmercedinas\" \/>\n<meta name=\"twitter:label1\" content=\"Escrito por\" \/>\n\t<meta name=\"twitter:data1\" content=\"NOTICIASMERCEDINAS.COM\" \/>\n\t<meta name=\"twitter:label2\" content=\"Tiempo de lectura\" \/>\n\t<meta name=\"twitter:data2\" content=\"2 minutos\" \/>\n<script type=\"application\/ld+json\" class=\"yoast-schema-graph\">{\"@context\":\"https:\\\/\\\/schema.org\",\"@graph\":[{\"@type\":\"Article\",\"@id\":\"https:\\\/\\\/noticiasmercedinas.com\\\/site\\\/2024\\\/09\\\/11\\\/se-constituyo-el-forum-infancias-suipacha-mercedes-un-espacio-para-reflexionar-sobre-las-infancias-libres-de-etiquetas\\\/#article\",\"isPartOf\":{\"@id\":\"https:\\\/\\\/noticiasmercedinas.com\\\/site\\\/2024\\\/09\\\/11\\\/se-constituyo-el-forum-infancias-suipacha-mercedes-un-espacio-para-reflexionar-sobre-las-infancias-libres-de-etiquetas\\\/\"},\"author\":{\"name\":\"NOTICIASMERCEDINAS.COM\",\"@id\":\"https:\\\/\\\/noticiasmercedinas.com\\\/site\\\/#\\\/schema\\\/person\\\/84b59c099c28ff2e8b77d4ceec5d8063\"},\"headline\":\"Se constituy\u00f3 el Forum Infancias Suipacha-Mercedes, un espacio para reflexionar sobre las infancias libres de etiquetas\",\"datePublished\":\"2024-09-11T23:29:07+00:00\",\"dateModified\":\"2024-09-11T23:41:09+00:00\",\"mainEntityOfPage\":{\"@id\":\"https:\\\/\\\/noticiasmercedinas.com\\\/site\\\/2024\\\/09\\\/11\\\/se-constituyo-el-forum-infancias-suipacha-mercedes-un-espacio-para-reflexionar-sobre-las-infancias-libres-de-etiquetas\\\/\"},\"wordCount\":444,\"publisher\":{\"@id\":\"https:\\\/\\\/noticiasmercedinas.com\\\/site\\\/#organization\"},\"image\":{\"@id\":\"https:\\\/\\\/noticiasmercedinas.com\\\/site\\\/2024\\\/09\\\/11\\\/se-constituyo-el-forum-infancias-suipacha-mercedes-un-espacio-para-reflexionar-sobre-las-infancias-libres-de-etiquetas\\\/#primaryimage\"},\"thumbnailUrl\":\"https:\\\/\\\/noticiasmercedinas.com\\\/site\\\/wp-content\\\/uploads\\\/2024\\\/09\\\/FI64.jpg\",\"keywords\":[\"Forum Infancias Suipacha-Mercedes\",\"infancias\",\"medicalizaci\u00f3n\",\"mercedes\",\"patologizaci\u00f3n\",\"suipacha\"],\"articleSection\":[\"Bienestar\"],\"inLanguage\":\"es\"},{\"@type\":\"WebPage\",\"@id\":\"https:\\\/\\\/noticiasmercedinas.com\\\/site\\\/2024\\\/09\\\/11\\\/se-constituyo-el-forum-infancias-suipacha-mercedes-un-espacio-para-reflexionar-sobre-las-infancias-libres-de-etiquetas\\\/\",\"url\":\"https:\\\/\\\/noticiasmercedinas.com\\\/site\\\/2024\\\/09\\\/11\\\/se-constituyo-el-forum-infancias-suipacha-mercedes-un-espacio-para-reflexionar-sobre-las-infancias-libres-de-etiquetas\\\/\",\"name\":\"Se constituy\u00f3 el Forum Infancias Suipacha-Mercedes, un espacio para reflexionar sobre las infancias libres de etiquetas\",\"isPartOf\":{\"@id\":\"https:\\\/\\\/noticiasmercedinas.com\\\/site\\\/#website\"},\"primaryImageOfPage\":{\"@id\":\"https:\\\/\\\/noticiasmercedinas.com\\\/site\\\/2024\\\/09\\\/11\\\/se-constituyo-el-forum-infancias-suipacha-mercedes-un-espacio-para-reflexionar-sobre-las-infancias-libres-de-etiquetas\\\/#primaryimage\"},\"image\":{\"@id\":\"https:\\\/\\\/noticiasmercedinas.com\\\/site\\\/2024\\\/09\\\/11\\\/se-constituyo-el-forum-infancias-suipacha-mercedes-un-espacio-para-reflexionar-sobre-las-infancias-libres-de-etiquetas\\\/#primaryimage\"},\"thumbnailUrl\":\"https:\\\/\\\/noticiasmercedinas.com\\\/site\\\/wp-content\\\/uploads\\\/2024\\\/09\\\/FI64.jpg\",\"datePublished\":\"2024-09-11T23:29:07+00:00\",\"dateModified\":\"2024-09-11T23:41:09+00:00\",\"breadcrumb\":{\"@id\":\"https:\\\/\\\/noticiasmercedinas.com\\\/site\\\/2024\\\/09\\\/11\\\/se-constituyo-el-forum-infancias-suipacha-mercedes-un-espacio-para-reflexionar-sobre-las-infancias-libres-de-etiquetas\\\/#breadcrumb\"},\"inLanguage\":\"es\",\"potentialAction\":[{\"@type\":\"ReadAction\",\"target\":[\"https:\\\/\\\/noticiasmercedinas.com\\\/site\\\/2024\\\/09\\\/11\\\/se-constituyo-el-forum-infancias-suipacha-mercedes-un-espacio-para-reflexionar-sobre-las-infancias-libres-de-etiquetas\\\/\"]}]},{\"@type\":\"ImageObject\",\"inLanguage\":\"es\",\"@id\":\"https:\\\/\\\/noticiasmercedinas.com\\\/site\\\/2024\\\/09\\\/11\\\/se-constituyo-el-forum-infancias-suipacha-mercedes-un-espacio-para-reflexionar-sobre-las-infancias-libres-de-etiquetas\\\/#primaryimage\",\"url\":\"https:\\\/\\\/noticiasmercedinas.com\\\/site\\\/wp-content\\\/uploads\\\/2024\\\/09\\\/FI64.jpg\",\"contentUrl\":\"https:\\\/\\\/noticiasmercedinas.com\\\/site\\\/wp-content\\\/uploads\\\/2024\\\/09\\\/FI64.jpg\",\"width\":595,\"height\":451},{\"@type\":\"BreadcrumbList\",\"@id\":\"https:\\\/\\\/noticiasmercedinas.com\\\/site\\\/2024\\\/09\\\/11\\\/se-constituyo-el-forum-infancias-suipacha-mercedes-un-espacio-para-reflexionar-sobre-las-infancias-libres-de-etiquetas\\\/#breadcrumb\",\"itemListElement\":[{\"@type\":\"ListItem\",\"position\":1,\"name\":\"Portada\",\"item\":\"https:\\\/\\\/noticiasmercedinas.com\\\/site\\\/\"},{\"@type\":\"ListItem\",\"position\":2,\"name\":\"Se constituy\u00f3 el Forum Infancias Suipacha-Mercedes, un espacio para reflexionar sobre las infancias libres de etiquetas\"}]},{\"@type\":\"WebSite\",\"@id\":\"https:\\\/\\\/noticiasmercedinas.com\\\/site\\\/#website\",\"url\":\"https:\\\/\\\/noticiasmercedinas.com\\\/site\\\/\",\"name\":\"NOTICIASMERCEDINAS.COM\",\"description\":\"Mercedes, Buenos Aires, Argentina\",\"publisher\":{\"@id\":\"https:\\\/\\\/noticiasmercedinas.com\\\/site\\\/#organization\"},\"potentialAction\":[{\"@type\":\"SearchAction\",\"target\":{\"@type\":\"EntryPoint\",\"urlTemplate\":\"https:\\\/\\\/noticiasmercedinas.com\\\/site\\\/?s={search_term_string}\"},\"query-input\":{\"@type\":\"PropertyValueSpecification\",\"valueRequired\":true,\"valueName\":\"search_term_string\"}}],\"inLanguage\":\"es\"},{\"@type\":\"Organization\",\"@id\":\"https:\\\/\\\/noticiasmercedinas.com\\\/site\\\/#organization\",\"name\":\"NOTICIASMERCEDINAS.COM\",\"url\":\"https:\\\/\\\/noticiasmercedinas.com\\\/site\\\/\",\"logo\":{\"@type\":\"ImageObject\",\"inLanguage\":\"es\",\"@id\":\"https:\\\/\\\/noticiasmercedinas.com\\\/site\\\/#\\\/schema\\\/logo\\\/image\\\/\",\"url\":\"https:\\\/\\\/noticiasmercedinas.com\\\/site\\\/wp-content\\\/uploads\\\/2020\\\/06\\\/LOGO-512.jpg\",\"contentUrl\":\"https:\\\/\\\/noticiasmercedinas.com\\\/site\\\/wp-content\\\/uploads\\\/2020\\\/06\\\/LOGO-512.jpg\",\"width\":512,\"height\":512,\"caption\":\"NOTICIASMERCEDINAS.COM\"},\"image\":{\"@id\":\"https:\\\/\\\/noticiasmercedinas.com\\\/site\\\/#\\\/schema\\\/logo\\\/image\\\/\"},\"sameAs\":[\"https:\\\/\\\/www.facebook.com\\\/noticiasmercedinas\\\/\",\"https:\\\/\\\/x.com\\\/notmercedinas\",\"https:\\\/\\\/www.instagram.com\\\/noticiasmercedinas\\\/\"]},{\"@type\":\"Person\",\"@id\":\"https:\\\/\\\/noticiasmercedinas.com\\\/site\\\/#\\\/schema\\\/person\\\/84b59c099c28ff2e8b77d4ceec5d8063\",\"name\":\"NOTICIASMERCEDINAS.COM\",\"image\":{\"@type\":\"ImageObject\",\"inLanguage\":\"es\",\"@id\":\"https:\\\/\\\/secure.gravatar.com\\\/avatar\\\/4dfbf16b4d17945bfb6341b2d19043457132fcf478a5ee04f42e959fd8f5df0a?s=96&d=mm&r=g\",\"url\":\"https:\\\/\\\/secure.gravatar.com\\\/avatar\\\/4dfbf16b4d17945bfb6341b2d19043457132fcf478a5ee04f42e959fd8f5df0a?s=96&d=mm&r=g\",\"contentUrl\":\"https:\\\/\\\/secure.gravatar.com\\\/avatar\\\/4dfbf16b4d17945bfb6341b2d19043457132fcf478a5ee04f42e959fd8f5df0a?s=96&d=mm&r=g\",\"caption\":\"NOTICIASMERCEDINAS.COM\"},\"url\":\"https:\\\/\\\/noticiasmercedinas.com\\\/site\\\/author\\\/anonimo\\\/\"}]}<\/script>\n<!-- \/ Yoast SEO plugin. -->","yoast_head_json":{"title":"Se constituy\u00f3 el Forum Infancias Suipacha-Mercedes, un espacio para reflexionar sobre las infancias libres de etiquetas","robots":{"index":"index","follow":"follow","max-snippet":"max-snippet:-1","max-image-preview":"max-image-preview:large","max-video-preview":"max-video-preview:-1"},"canonical":"https:\/\/noticiasmercedinas.com\/site\/2024\/09\/11\/se-constituyo-el-forum-infancias-suipacha-mercedes-un-espacio-para-reflexionar-sobre-las-infancias-libres-de-etiquetas\/","og_locale":"es_ES","og_type":"article","og_title":"Se constituy\u00f3 el Forum Infancias Suipacha-Mercedes, un espacio para reflexionar sobre las infancias libres de etiquetas","og_description":"Desde este mes de septiembre, qued\u00f3 conformado el Forum Infancias Suipacha-Mercedes, con la participaci\u00f3n de profesionales de la salud y la educaci\u00f3n de ambas localidades. Este nuevo espacio al que invitan a unirse se suma a la red federal Forum Infancias (https:\/\/foruminfancias.com.ar\/), un movimiento que trabaja desde 2005 para promover pr\u00e1cticas y pol\u00edticas p\u00fablicas que [&hellip;]","og_url":"https:\/\/noticiasmercedinas.com\/site\/2024\/09\/11\/se-constituyo-el-forum-infancias-suipacha-mercedes-un-espacio-para-reflexionar-sobre-las-infancias-libres-de-etiquetas\/","og_site_name":"NOTICIASMERCEDINAS.COM","article_publisher":"https:\/\/www.facebook.com\/noticiasmercedinas\/","article_published_time":"2024-09-11T23:29:07+00:00","article_modified_time":"2024-09-11T23:41:09+00:00","og_image":[{"width":595,"height":451,"url":"https:\/\/noticiasmercedinas.com\/site\/wp-content\/uploads\/2024\/09\/FI64.jpg","type":"image\/jpeg"}],"author":"NOTICIASMERCEDINAS.COM","twitter_card":"summary_large_image","twitter_creator":"@notmercedinas","twitter_site":"@notmercedinas","twitter_misc":{"Escrito por":"NOTICIASMERCEDINAS.COM","Tiempo de lectura":"2 minutos"},"schema":{"@context":"https:\/\/schema.org","@graph":[{"@type":"Article","@id":"https:\/\/noticiasmercedinas.com\/site\/2024\/09\/11\/se-constituyo-el-forum-infancias-suipacha-mercedes-un-espacio-para-reflexionar-sobre-las-infancias-libres-de-etiquetas\/#article","isPartOf":{"@id":"https:\/\/noticiasmercedinas.com\/site\/2024\/09\/11\/se-constituyo-el-forum-infancias-suipacha-mercedes-un-espacio-para-reflexionar-sobre-las-infancias-libres-de-etiquetas\/"},"author":{"name":"NOTICIASMERCEDINAS.COM","@id":"https:\/\/noticiasmercedinas.com\/site\/#\/schema\/person\/84b59c099c28ff2e8b77d4ceec5d8063"},"headline":"Se constituy\u00f3 el Forum Infancias Suipacha-Mercedes, un espacio para reflexionar sobre las infancias libres de etiquetas","datePublished":"2024-09-11T23:29:07+00:00","dateModified":"2024-09-11T23:41:09+00:00","mainEntityOfPage":{"@id":"https:\/\/noticiasmercedinas.com\/site\/2024\/09\/11\/se-constituyo-el-forum-infancias-suipacha-mercedes-un-espacio-para-reflexionar-sobre-las-infancias-libres-de-etiquetas\/"},"wordCount":444,"publisher":{"@id":"https:\/\/noticiasmercedinas.com\/site\/#organization"},"image":{"@id":"https:\/\/noticiasmercedinas.com\/site\/2024\/09\/11\/se-constituyo-el-forum-infancias-suipacha-mercedes-un-espacio-para-reflexionar-sobre-las-infancias-libres-de-etiquetas\/#primaryimage"},"thumbnailUrl":"https:\/\/noticiasmercedinas.com\/site\/wp-content\/uploads\/2024\/09\/FI64.jpg","keywords":["Forum Infancias Suipacha-Mercedes","infancias","medicalizaci\u00f3n","mercedes","patologizaci\u00f3n","suipacha"],"articleSection":["Bienestar"],"inLanguage":"es"},{"@type":"WebPage","@id":"https:\/\/noticiasmercedinas.com\/site\/2024\/09\/11\/se-constituyo-el-forum-infancias-suipacha-mercedes-un-espacio-para-reflexionar-sobre-las-infancias-libres-de-etiquetas\/","url":"https:\/\/noticiasmercedinas.com\/site\/2024\/09\/11\/se-constituyo-el-forum-infancias-suipacha-mercedes-un-espacio-para-reflexionar-sobre-las-infancias-libres-de-etiquetas\/","name":"Se constituy\u00f3 el Forum Infancias Suipacha-Mercedes, un espacio para reflexionar sobre las infancias libres de etiquetas","isPartOf":{"@id":"https:\/\/noticiasmercedinas.com\/site\/#website"},"primaryImageOfPage":{"@id":"https:\/\/noticiasmercedinas.com\/site\/2024\/09\/11\/se-constituyo-el-forum-infancias-suipacha-mercedes-un-espacio-para-reflexionar-sobre-las-infancias-libres-de-etiquetas\/#primaryimage"},"image":{"@id":"https:\/\/noticiasmercedinas.com\/site\/2024\/09\/11\/se-constituyo-el-forum-infancias-suipacha-mercedes-un-espacio-para-reflexionar-sobre-las-infancias-libres-de-etiquetas\/#primaryimage"},"thumbnailUrl":"https:\/\/noticiasmercedinas.com\/site\/wp-content\/uploads\/2024\/09\/FI64.jpg","datePublished":"2024-09-11T23:29:07+00:00","dateModified":"2024-09-11T23:41:09+00:00","breadcrumb":{"@id":"https:\/\/noticiasmercedinas.com\/site\/2024\/09\/11\/se-constituyo-el-forum-infancias-suipacha-mercedes-un-espacio-para-reflexionar-sobre-las-infancias-libres-de-etiquetas\/#breadcrumb"},"inLanguage":"es","potentialAction":[{"@type":"ReadAction","target":["https:\/\/noticiasmercedinas.com\/site\/2024\/09\/11\/se-constituyo-el-forum-infancias-suipacha-mercedes-un-espacio-para-reflexionar-sobre-las-infancias-libres-de-etiquetas\/"]}]},{"@type":"ImageObject","inLanguage":"es","@id":"https:\/\/noticiasmercedinas.com\/site\/2024\/09\/11\/se-constituyo-el-forum-infancias-suipacha-mercedes-un-espacio-para-reflexionar-sobre-las-infancias-libres-de-etiquetas\/#primaryimage","url":"https:\/\/noticiasmercedinas.com\/site\/wp-content\/uploads\/2024\/09\/FI64.jpg","contentUrl":"https:\/\/noticiasmercedinas.com\/site\/wp-content\/uploads\/2024\/09\/FI64.jpg","width":595,"height":451},{"@type":"BreadcrumbList","@id":"https:\/\/noticiasmercedinas.com\/site\/2024\/09\/11\/se-constituyo-el-forum-infancias-suipacha-mercedes-un-espacio-para-reflexionar-sobre-las-infancias-libres-de-etiquetas\/#breadcrumb","itemListElement":[{"@type":"ListItem","position":1,"name":"Portada","item":"https:\/\/noticiasmercedinas.com\/site\/"},{"@type":"ListItem","position":2,"name":"Se constituy\u00f3 el Forum Infancias Suipacha-Mercedes, un espacio para reflexionar sobre las infancias libres de etiquetas"}]},{"@type":"WebSite","@id":"https:\/\/noticiasmercedinas.com\/site\/#website","url":"https:\/\/noticiasmercedinas.com\/site\/","name":"NOTICIASMERCEDINAS.COM","description":"Mercedes, Buenos Aires, Argentina","publisher":{"@id":"https:\/\/noticiasmercedinas.com\/site\/#organization"},"potentialAction":[{"@type":"SearchAction","target":{"@type":"EntryPoint","urlTemplate":"https:\/\/noticiasmercedinas.com\/site\/?s={search_term_string}"},"query-input":{"@type":"PropertyValueSpecification","valueRequired":true,"valueName":"search_term_string"}}],"inLanguage":"es"},{"@type":"Organization","@id":"https:\/\/noticiasmercedinas.com\/site\/#organization","name":"NOTICIASMERCEDINAS.COM","url":"https:\/\/noticiasmercedinas.com\/site\/","logo":{"@type":"ImageObject","inLanguage":"es","@id":"https:\/\/noticiasmercedinas.com\/site\/#\/schema\/logo\/image\/","url":"https:\/\/noticiasmercedinas.com\/site\/wp-content\/uploads\/2020\/06\/LOGO-512.jpg","contentUrl":"https:\/\/noticiasmercedinas.com\/site\/wp-content\/uploads\/2020\/06\/LOGO-512.jpg","width":512,"height":512,"caption":"NOTICIASMERCEDINAS.COM"},"image":{"@id":"https:\/\/noticiasmercedinas.com\/site\/#\/schema\/logo\/image\/"},"sameAs":["https:\/\/www.facebook.com\/noticiasmercedinas\/","https:\/\/x.com\/notmercedinas","https:\/\/www.instagram.com\/noticiasmercedinas\/"]},{"@type":"Person","@id":"https:\/\/noticiasmercedinas.com\/site\/#\/schema\/person\/84b59c099c28ff2e8b77d4ceec5d8063","name":"NOTICIASMERCEDINAS.COM","image":{"@type":"ImageObject","inLanguage":"es","@id":"https:\/\/secure.gravatar.com\/avatar\/4dfbf16b4d17945bfb6341b2d19043457132fcf478a5ee04f42e959fd8f5df0a?s=96&d=mm&r=g","url":"https:\/\/secure.gravatar.com\/avatar\/4dfbf16b4d17945bfb6341b2d19043457132fcf478a5ee04f42e959fd8f5df0a?s=96&d=mm&r=g","contentUrl":"https:\/\/secure.gravatar.com\/avatar\/4dfbf16b4d17945bfb6341b2d19043457132fcf478a5ee04f42e959fd8f5df0a?s=96&d=mm&r=g","caption":"NOTICIASMERCEDINAS.COM"},"url":"https:\/\/noticiasmercedinas.com\/site\/author\/anonimo\/"}]}},"amp_enabled":true,"_links":{"self":[{"href":"https:\/\/noticiasmercedinas.com\/site\/wp-json\/wp\/v2\/posts\/143790","targetHints":{"allow":["GET"]}}],"collection":[{"href":"https:\/\/noticiasmercedinas.com\/site\/wp-json\/wp\/v2\/posts"}],"about":[{"href":"https:\/\/noticiasmercedinas.com\/site\/wp-json\/wp\/v2\/types\/post"}],"author":[{"embeddable":true,"href":"https:\/\/noticiasmercedinas.com\/site\/wp-json\/wp\/v2\/users\/16"}],"replies":[{"embeddable":true,"href":"https:\/\/noticiasmercedinas.com\/site\/wp-json\/wp\/v2\/comments?post=143790"}],"version-history":[{"count":4,"href":"https:\/\/noticiasmercedinas.com\/site\/wp-json\/wp\/v2\/posts\/143790\/revisions"}],"predecessor-version":[{"id":143795,"href":"https:\/\/noticiasmercedinas.com\/site\/wp-json\/wp\/v2\/posts\/143790\/revisions\/143795"}],"wp:featuredmedia":[{"embeddable":true,"href":"https:\/\/noticiasmercedinas.com\/site\/wp-json\/wp\/v2\/media\/143792"}],"wp:attachment":[{"href":"https:\/\/noticiasmercedinas.com\/site\/wp-json\/wp\/v2\/media?parent=143790"}],"wp:term":[{"taxonomy":"category","embeddable":true,"href":"https:\/\/noticiasmercedinas.com\/site\/wp-json\/wp\/v2\/categories?post=143790"},{"taxonomy":"post_tag","embeddable":true,"href":"https:\/\/noticiasmercedinas.com\/site\/wp-json\/wp\/v2\/tags?post=143790"}],"curies":[{"name":"wp","href":"https:\/\/api.w.org\/{rel}","templated":true}]}}