{"id":143833,"date":"2024-09-12T13:01:25","date_gmt":"2024-09-12T16:01:25","guid":{"rendered":"https:\/\/noticiasmercedinas.com\/site\/?p=143833"},"modified":"2024-09-13T16:33:36","modified_gmt":"2024-09-13T19:33:36","slug":"invitan-a-celebrar-un-dia-de-la-primavera-especial-en-casa-domo","status":"publish","type":"post","link":"https:\/\/noticiasmercedinas.com\/site\/2024\/09\/12\/invitan-a-celebrar-un-dia-de-la-primavera-especial-en-casa-domo\/","title":{"rendered":"Invitan a celebrar un d\u00eda de la primavera especial en Casa Domo"},"content":{"rendered":"<p><img loading=\"lazy\" decoding=\"async\" class=\"alignnone size-full wp-image-143834\" src=\"https:\/\/noticiasmercedinas.com\/site\/wp-content\/uploads\/2024\/09\/04d1bd4f-d688-43a1-9e93-ca9330cc199f.jpg\" alt=\"\" width=\"1080\" height=\"1080\" srcset=\"https:\/\/noticiasmercedinas.com\/site\/wp-content\/uploads\/2024\/09\/04d1bd4f-d688-43a1-9e93-ca9330cc199f.jpg 1080w, https:\/\/noticiasmercedinas.com\/site\/wp-content\/uploads\/2024\/09\/04d1bd4f-d688-43a1-9e93-ca9330cc199f-300x300.jpg 300w, https:\/\/noticiasmercedinas.com\/site\/wp-content\/uploads\/2024\/09\/04d1bd4f-d688-43a1-9e93-ca9330cc199f-1024x1024.jpg 1024w, https:\/\/noticiasmercedinas.com\/site\/wp-content\/uploads\/2024\/09\/04d1bd4f-d688-43a1-9e93-ca9330cc199f-150x150.jpg 150w, https:\/\/noticiasmercedinas.com\/site\/wp-content\/uploads\/2024\/09\/04d1bd4f-d688-43a1-9e93-ca9330cc199f-768x768.jpg 768w, https:\/\/noticiasmercedinas.com\/site\/wp-content\/uploads\/2024\/09\/04d1bd4f-d688-43a1-9e93-ca9330cc199f-640x640.jpg 640w, https:\/\/noticiasmercedinas.com\/site\/wp-content\/uploads\/2024\/09\/04d1bd4f-d688-43a1-9e93-ca9330cc199f-681x681.jpg 681w\" sizes=\"auto, (max-width: 1080px) 100vw, 1080px\" \/><\/p>\n<p>Este s\u00e1bado 21 de septiembre de 2024, Casa Domo en Mercedes abrir\u00e1 sus puertas para una experiencia \u00fanica en celebraci\u00f3n del equinoccio de primavera. El evento, titulado <em>Brotar:<\/em> <em>Exploratorio Som\u00e1tico Sensorial Soul Motion<\/em>, propone una jornada de conexi\u00f3n profunda con el cuerpo y la naturaleza, liderada por la instructora <strong>Carmen Tarifa<\/strong>.<\/p>\n<p>La primavera marca el inicio de un nuevo ciclo c\u00f3smico y el equilibrio del equinoccio resuena tanto en la naturaleza como en la psique humana. Seg\u00fan Tarifa, es un momento perfecto para \u00abdejar brotar y hacer consciente lo que ha estado gest\u00e1ndose durante los meses de calma\u00bb. A trav\u00e9s de movimientos som\u00e1ticos, los asistentes explorar\u00e1n lo que su cuerpo y alma desean expresar en esta nueva estaci\u00f3n.<\/p>\n<p>El evento est\u00e1 dise\u00f1ado para quienes deseen:<\/p>\n<p>-Celebrar la llegada de la primavera junto a otras personas.<br \/>\n-Renovarse en el reencuentro con la belleza y la sensualidad.<br \/>\n-Aprender de la sabidur\u00eda corporal.<br \/>\n-Permitir que la expresi\u00f3n del alma florezca.<\/p>\n<p>La actividad est\u00e1 abierta a todos los interesados, sin distinci\u00f3n de g\u00e9nero. Para inscripciones o m\u00e1s informaci\u00f3n, los interesados pueden contactarse por WhatsApp al 011 6832 4060.<\/p>\n<p>El encuentro tendr\u00e1 lugar de 10:00 a 18:00 horas en Casa Domo, Mercedes, Provincia de Buenos Aires, y promete ser una oportunidad para reconectar con uno mismo y con el entorno en este ciclo de renovaci\u00f3n natural.<\/p>\n","protected":false},"excerpt":{"rendered":"<p>Este s\u00e1bado 21 de septiembre de 2024, Casa Domo en Mercedes abrir\u00e1 sus puertas para una experiencia \u00fanica en celebraci\u00f3n del equinoccio de primavera. El evento, titulado Brotar: Exploratorio Som\u00e1tico Sensorial Soul Motion, propone una jornada de conexi\u00f3n profunda con el cuerpo y la naturaleza, liderada por la instructora Carmen Tarifa. La primavera marca el [&hellip;]<\/p>\n","protected":false},"author":16,"featured_media":143834,"comment_status":"closed","ping_status":"closed","sticky":false,"template":"","format":"standard","meta":{"footnotes":""},"categories":[8992],"tags":[18816,11216,198],"class_list":["post-143833","post","type-post","status-publish","format-standard","has-post-thumbnail","hentry","category-bienestar","tag-carmen-tarifa","tag-casa-domo","tag-primavera"],"yoast_head":"<!-- This site is optimized with the Yoast SEO plugin v27.4 - https:\/\/yoast.com\/product\/yoast-seo-wordpress\/ -->\n<title>Invitan a celebrar un d\u00eda de la primavera especial en Casa Domo<\/title>\n<meta name=\"robots\" content=\"index, follow, max-snippet:-1, max-image-preview:large, max-video-preview:-1\" \/>\n<link rel=\"canonical\" href=\"https:\/\/noticiasmercedinas.com\/site\/2024\/09\/12\/invitan-a-celebrar-un-dia-de-la-primavera-especial-en-casa-domo\/\" \/>\n<meta property=\"og:locale\" content=\"es_ES\" \/>\n<meta property=\"og:type\" content=\"article\" \/>\n<meta property=\"og:title\" content=\"Invitan a celebrar un d\u00eda de la primavera especial en Casa Domo\" \/>\n<meta property=\"og:description\" content=\"Este s\u00e1bado 21 de septiembre de 2024, Casa Domo en Mercedes abrir\u00e1 sus puertas para una experiencia \u00fanica en celebraci\u00f3n del equinoccio de primavera. El evento, titulado Brotar: Exploratorio Som\u00e1tico Sensorial Soul Motion, propone una jornada de conexi\u00f3n profunda con el cuerpo y la naturaleza, liderada por la instructora Carmen Tarifa. La primavera marca el [&hellip;]\" \/>\n<meta property=\"og:url\" content=\"https:\/\/noticiasmercedinas.com\/site\/2024\/09\/12\/invitan-a-celebrar-un-dia-de-la-primavera-especial-en-casa-domo\/\" \/>\n<meta property=\"og:site_name\" content=\"NOTICIASMERCEDINAS.COM\" \/>\n<meta property=\"article:publisher\" content=\"https:\/\/www.facebook.com\/noticiasmercedinas\/\" \/>\n<meta property=\"article:published_time\" content=\"2024-09-12T16:01:25+00:00\" \/>\n<meta property=\"article:modified_time\" content=\"2024-09-13T19:33:36+00:00\" \/>\n<meta property=\"og:image\" content=\"https:\/\/noticiasmercedinas.com\/site\/wp-content\/uploads\/2024\/09\/04d1bd4f-d688-43a1-9e93-ca9330cc199f.jpg\" \/>\n\t<meta property=\"og:image:width\" content=\"1080\" \/>\n\t<meta property=\"og:image:height\" content=\"1080\" \/>\n\t<meta property=\"og:image:type\" content=\"image\/jpeg\" \/>\n<meta name=\"author\" content=\"NOTICIASMERCEDINAS.COM\" \/>\n<meta name=\"twitter:card\" content=\"summary_large_image\" \/>\n<meta name=\"twitter:creator\" content=\"@notmercedinas\" \/>\n<meta name=\"twitter:site\" content=\"@notmercedinas\" \/>\n<meta name=\"twitter:label1\" content=\"Escrito por\" \/>\n\t<meta name=\"twitter:data1\" content=\"NOTICIASMERCEDINAS.COM\" \/>\n\t<meta name=\"twitter:label2\" content=\"Tiempo de lectura\" \/>\n\t<meta name=\"twitter:data2\" content=\"1 minuto\" \/>\n<script type=\"application\/ld+json\" class=\"yoast-schema-graph\">{\"@context\":\"https:\\\/\\\/schema.org\",\"@graph\":[{\"@type\":\"Article\",\"@id\":\"https:\\\/\\\/noticiasmercedinas.com\\\/site\\\/2024\\\/09\\\/12\\\/invitan-a-celebrar-un-dia-de-la-primavera-especial-en-casa-domo\\\/#article\",\"isPartOf\":{\"@id\":\"https:\\\/\\\/noticiasmercedinas.com\\\/site\\\/2024\\\/09\\\/12\\\/invitan-a-celebrar-un-dia-de-la-primavera-especial-en-casa-domo\\\/\"},\"author\":{\"name\":\"NOTICIASMERCEDINAS.COM\",\"@id\":\"https:\\\/\\\/noticiasmercedinas.com\\\/site\\\/#\\\/schema\\\/person\\\/84b59c099c28ff2e8b77d4ceec5d8063\"},\"headline\":\"Invitan a celebrar un d\u00eda de la primavera especial en Casa Domo\",\"datePublished\":\"2024-09-12T16:01:25+00:00\",\"dateModified\":\"2024-09-13T19:33:36+00:00\",\"mainEntityOfPage\":{\"@id\":\"https:\\\/\\\/noticiasmercedinas.com\\\/site\\\/2024\\\/09\\\/12\\\/invitan-a-celebrar-un-dia-de-la-primavera-especial-en-casa-domo\\\/\"},\"wordCount\":246,\"publisher\":{\"@id\":\"https:\\\/\\\/noticiasmercedinas.com\\\/site\\\/#organization\"},\"image\":{\"@id\":\"https:\\\/\\\/noticiasmercedinas.com\\\/site\\\/2024\\\/09\\\/12\\\/invitan-a-celebrar-un-dia-de-la-primavera-especial-en-casa-domo\\\/#primaryimage\"},\"thumbnailUrl\":\"https:\\\/\\\/noticiasmercedinas.com\\\/site\\\/wp-content\\\/uploads\\\/2024\\\/09\\\/04d1bd4f-d688-43a1-9e93-ca9330cc199f.jpg\",\"keywords\":[\"carmen tarifa\",\"casa domo\",\"primavera\"],\"articleSection\":[\"Bienestar\"],\"inLanguage\":\"es\"},{\"@type\":\"WebPage\",\"@id\":\"https:\\\/\\\/noticiasmercedinas.com\\\/site\\\/2024\\\/09\\\/12\\\/invitan-a-celebrar-un-dia-de-la-primavera-especial-en-casa-domo\\\/\",\"url\":\"https:\\\/\\\/noticiasmercedinas.com\\\/site\\\/2024\\\/09\\\/12\\\/invitan-a-celebrar-un-dia-de-la-primavera-especial-en-casa-domo\\\/\",\"name\":\"Invitan a celebrar un d\u00eda de la primavera especial en Casa Domo\",\"isPartOf\":{\"@id\":\"https:\\\/\\\/noticiasmercedinas.com\\\/site\\\/#website\"},\"primaryImageOfPage\":{\"@id\":\"https:\\\/\\\/noticiasmercedinas.com\\\/site\\\/2024\\\/09\\\/12\\\/invitan-a-celebrar-un-dia-de-la-primavera-especial-en-casa-domo\\\/#primaryimage\"},\"image\":{\"@id\":\"https:\\\/\\\/noticiasmercedinas.com\\\/site\\\/2024\\\/09\\\/12\\\/invitan-a-celebrar-un-dia-de-la-primavera-especial-en-casa-domo\\\/#primaryimage\"},\"thumbnailUrl\":\"https:\\\/\\\/noticiasmercedinas.com\\\/site\\\/wp-content\\\/uploads\\\/2024\\\/09\\\/04d1bd4f-d688-43a1-9e93-ca9330cc199f.jpg\",\"datePublished\":\"2024-09-12T16:01:25+00:00\",\"dateModified\":\"2024-09-13T19:33:36+00:00\",\"breadcrumb\":{\"@id\":\"https:\\\/\\\/noticiasmercedinas.com\\\/site\\\/2024\\\/09\\\/12\\\/invitan-a-celebrar-un-dia-de-la-primavera-especial-en-casa-domo\\\/#breadcrumb\"},\"inLanguage\":\"es\",\"potentialAction\":[{\"@type\":\"ReadAction\",\"target\":[\"https:\\\/\\\/noticiasmercedinas.com\\\/site\\\/2024\\\/09\\\/12\\\/invitan-a-celebrar-un-dia-de-la-primavera-especial-en-casa-domo\\\/\"]}]},{\"@type\":\"ImageObject\",\"inLanguage\":\"es\",\"@id\":\"https:\\\/\\\/noticiasmercedinas.com\\\/site\\\/2024\\\/09\\\/12\\\/invitan-a-celebrar-un-dia-de-la-primavera-especial-en-casa-domo\\\/#primaryimage\",\"url\":\"https:\\\/\\\/noticiasmercedinas.com\\\/site\\\/wp-content\\\/uploads\\\/2024\\\/09\\\/04d1bd4f-d688-43a1-9e93-ca9330cc199f.jpg\",\"contentUrl\":\"https:\\\/\\\/noticiasmercedinas.com\\\/site\\\/wp-content\\\/uploads\\\/2024\\\/09\\\/04d1bd4f-d688-43a1-9e93-ca9330cc199f.jpg\",\"width\":1080,\"height\":1080},{\"@type\":\"BreadcrumbList\",\"@id\":\"https:\\\/\\\/noticiasmercedinas.com\\\/site\\\/2024\\\/09\\\/12\\\/invitan-a-celebrar-un-dia-de-la-primavera-especial-en-casa-domo\\\/#breadcrumb\",\"itemListElement\":[{\"@type\":\"ListItem\",\"position\":1,\"name\":\"Portada\",\"item\":\"https:\\\/\\\/noticiasmercedinas.com\\\/site\\\/\"},{\"@type\":\"ListItem\",\"position\":2,\"name\":\"Invitan a celebrar un d\u00eda de la primavera especial en Casa Domo\"}]},{\"@type\":\"WebSite\",\"@id\":\"https:\\\/\\\/noticiasmercedinas.com\\\/site\\\/#website\",\"url\":\"https:\\\/\\\/noticiasmercedinas.com\\\/site\\\/\",\"name\":\"NOTICIASMERCEDINAS.COM\",\"description\":\"Mercedes, Buenos Aires, Argentina\",\"publisher\":{\"@id\":\"https:\\\/\\\/noticiasmercedinas.com\\\/site\\\/#organization\"},\"potentialAction\":[{\"@type\":\"SearchAction\",\"target\":{\"@type\":\"EntryPoint\",\"urlTemplate\":\"https:\\\/\\\/noticiasmercedinas.com\\\/site\\\/?s={search_term_string}\"},\"query-input\":{\"@type\":\"PropertyValueSpecification\",\"valueRequired\":true,\"valueName\":\"search_term_string\"}}],\"inLanguage\":\"es\"},{\"@type\":\"Organization\",\"@id\":\"https:\\\/\\\/noticiasmercedinas.com\\\/site\\\/#organization\",\"name\":\"NOTICIASMERCEDINAS.COM\",\"url\":\"https:\\\/\\\/noticiasmercedinas.com\\\/site\\\/\",\"logo\":{\"@type\":\"ImageObject\",\"inLanguage\":\"es\",\"@id\":\"https:\\\/\\\/noticiasmercedinas.com\\\/site\\\/#\\\/schema\\\/logo\\\/image\\\/\",\"url\":\"https:\\\/\\\/noticiasmercedinas.com\\\/site\\\/wp-content\\\/uploads\\\/2020\\\/06\\\/LOGO-512.jpg\",\"contentUrl\":\"https:\\\/\\\/noticiasmercedinas.com\\\/site\\\/wp-content\\\/uploads\\\/2020\\\/06\\\/LOGO-512.jpg\",\"width\":512,\"height\":512,\"caption\":\"NOTICIASMERCEDINAS.COM\"},\"image\":{\"@id\":\"https:\\\/\\\/noticiasmercedinas.com\\\/site\\\/#\\\/schema\\\/logo\\\/image\\\/\"},\"sameAs\":[\"https:\\\/\\\/www.facebook.com\\\/noticiasmercedinas\\\/\",\"https:\\\/\\\/x.com\\\/notmercedinas\",\"https:\\\/\\\/www.instagram.com\\\/noticiasmercedinas\\\/\"]},{\"@type\":\"Person\",\"@id\":\"https:\\\/\\\/noticiasmercedinas.com\\\/site\\\/#\\\/schema\\\/person\\\/84b59c099c28ff2e8b77d4ceec5d8063\",\"name\":\"NOTICIASMERCEDINAS.COM\",\"image\":{\"@type\":\"ImageObject\",\"inLanguage\":\"es\",\"@id\":\"https:\\\/\\\/secure.gravatar.com\\\/avatar\\\/4dfbf16b4d17945bfb6341b2d19043457132fcf478a5ee04f42e959fd8f5df0a?s=96&d=mm&r=g\",\"url\":\"https:\\\/\\\/secure.gravatar.com\\\/avatar\\\/4dfbf16b4d17945bfb6341b2d19043457132fcf478a5ee04f42e959fd8f5df0a?s=96&d=mm&r=g\",\"contentUrl\":\"https:\\\/\\\/secure.gravatar.com\\\/avatar\\\/4dfbf16b4d17945bfb6341b2d19043457132fcf478a5ee04f42e959fd8f5df0a?s=96&d=mm&r=g\",\"caption\":\"NOTICIASMERCEDINAS.COM\"},\"url\":\"https:\\\/\\\/noticiasmercedinas.com\\\/site\\\/author\\\/anonimo\\\/\"}]}<\/script>\n<!-- \/ Yoast SEO plugin. -->","yoast_head_json":{"title":"Invitan a celebrar un d\u00eda de la primavera especial en Casa Domo","robots":{"index":"index","follow":"follow","max-snippet":"max-snippet:-1","max-image-preview":"max-image-preview:large","max-video-preview":"max-video-preview:-1"},"canonical":"https:\/\/noticiasmercedinas.com\/site\/2024\/09\/12\/invitan-a-celebrar-un-dia-de-la-primavera-especial-en-casa-domo\/","og_locale":"es_ES","og_type":"article","og_title":"Invitan a celebrar un d\u00eda de la primavera especial en Casa Domo","og_description":"Este s\u00e1bado 21 de septiembre de 2024, Casa Domo en Mercedes abrir\u00e1 sus puertas para una experiencia \u00fanica en celebraci\u00f3n del equinoccio de primavera. El evento, titulado Brotar: Exploratorio Som\u00e1tico Sensorial Soul Motion, propone una jornada de conexi\u00f3n profunda con el cuerpo y la naturaleza, liderada por la instructora Carmen Tarifa. La primavera marca el [&hellip;]","og_url":"https:\/\/noticiasmercedinas.com\/site\/2024\/09\/12\/invitan-a-celebrar-un-dia-de-la-primavera-especial-en-casa-domo\/","og_site_name":"NOTICIASMERCEDINAS.COM","article_publisher":"https:\/\/www.facebook.com\/noticiasmercedinas\/","article_published_time":"2024-09-12T16:01:25+00:00","article_modified_time":"2024-09-13T19:33:36+00:00","og_image":[{"width":1080,"height":1080,"url":"https:\/\/noticiasmercedinas.com\/site\/wp-content\/uploads\/2024\/09\/04d1bd4f-d688-43a1-9e93-ca9330cc199f.jpg","type":"image\/jpeg"}],"author":"NOTICIASMERCEDINAS.COM","twitter_card":"summary_large_image","twitter_creator":"@notmercedinas","twitter_site":"@notmercedinas","twitter_misc":{"Escrito por":"NOTICIASMERCEDINAS.COM","Tiempo de lectura":"1 minuto"},"schema":{"@context":"https:\/\/schema.org","@graph":[{"@type":"Article","@id":"https:\/\/noticiasmercedinas.com\/site\/2024\/09\/12\/invitan-a-celebrar-un-dia-de-la-primavera-especial-en-casa-domo\/#article","isPartOf":{"@id":"https:\/\/noticiasmercedinas.com\/site\/2024\/09\/12\/invitan-a-celebrar-un-dia-de-la-primavera-especial-en-casa-domo\/"},"author":{"name":"NOTICIASMERCEDINAS.COM","@id":"https:\/\/noticiasmercedinas.com\/site\/#\/schema\/person\/84b59c099c28ff2e8b77d4ceec5d8063"},"headline":"Invitan a celebrar un d\u00eda de la primavera especial en Casa Domo","datePublished":"2024-09-12T16:01:25+00:00","dateModified":"2024-09-13T19:33:36+00:00","mainEntityOfPage":{"@id":"https:\/\/noticiasmercedinas.com\/site\/2024\/09\/12\/invitan-a-celebrar-un-dia-de-la-primavera-especial-en-casa-domo\/"},"wordCount":246,"publisher":{"@id":"https:\/\/noticiasmercedinas.com\/site\/#organization"},"image":{"@id":"https:\/\/noticiasmercedinas.com\/site\/2024\/09\/12\/invitan-a-celebrar-un-dia-de-la-primavera-especial-en-casa-domo\/#primaryimage"},"thumbnailUrl":"https:\/\/noticiasmercedinas.com\/site\/wp-content\/uploads\/2024\/09\/04d1bd4f-d688-43a1-9e93-ca9330cc199f.jpg","keywords":["carmen tarifa","casa domo","primavera"],"articleSection":["Bienestar"],"inLanguage":"es"},{"@type":"WebPage","@id":"https:\/\/noticiasmercedinas.com\/site\/2024\/09\/12\/invitan-a-celebrar-un-dia-de-la-primavera-especial-en-casa-domo\/","url":"https:\/\/noticiasmercedinas.com\/site\/2024\/09\/12\/invitan-a-celebrar-un-dia-de-la-primavera-especial-en-casa-domo\/","name":"Invitan a celebrar un d\u00eda de la primavera especial en Casa Domo","isPartOf":{"@id":"https:\/\/noticiasmercedinas.com\/site\/#website"},"primaryImageOfPage":{"@id":"https:\/\/noticiasmercedinas.com\/site\/2024\/09\/12\/invitan-a-celebrar-un-dia-de-la-primavera-especial-en-casa-domo\/#primaryimage"},"image":{"@id":"https:\/\/noticiasmercedinas.com\/site\/2024\/09\/12\/invitan-a-celebrar-un-dia-de-la-primavera-especial-en-casa-domo\/#primaryimage"},"thumbnailUrl":"https:\/\/noticiasmercedinas.com\/site\/wp-content\/uploads\/2024\/09\/04d1bd4f-d688-43a1-9e93-ca9330cc199f.jpg","datePublished":"2024-09-12T16:01:25+00:00","dateModified":"2024-09-13T19:33:36+00:00","breadcrumb":{"@id":"https:\/\/noticiasmercedinas.com\/site\/2024\/09\/12\/invitan-a-celebrar-un-dia-de-la-primavera-especial-en-casa-domo\/#breadcrumb"},"inLanguage":"es","potentialAction":[{"@type":"ReadAction","target":["https:\/\/noticiasmercedinas.com\/site\/2024\/09\/12\/invitan-a-celebrar-un-dia-de-la-primavera-especial-en-casa-domo\/"]}]},{"@type":"ImageObject","inLanguage":"es","@id":"https:\/\/noticiasmercedinas.com\/site\/2024\/09\/12\/invitan-a-celebrar-un-dia-de-la-primavera-especial-en-casa-domo\/#primaryimage","url":"https:\/\/noticiasmercedinas.com\/site\/wp-content\/uploads\/2024\/09\/04d1bd4f-d688-43a1-9e93-ca9330cc199f.jpg","contentUrl":"https:\/\/noticiasmercedinas.com\/site\/wp-content\/uploads\/2024\/09\/04d1bd4f-d688-43a1-9e93-ca9330cc199f.jpg","width":1080,"height":1080},{"@type":"BreadcrumbList","@id":"https:\/\/noticiasmercedinas.com\/site\/2024\/09\/12\/invitan-a-celebrar-un-dia-de-la-primavera-especial-en-casa-domo\/#breadcrumb","itemListElement":[{"@type":"ListItem","position":1,"name":"Portada","item":"https:\/\/noticiasmercedinas.com\/site\/"},{"@type":"ListItem","position":2,"name":"Invitan a celebrar un d\u00eda de la primavera especial en Casa Domo"}]},{"@type":"WebSite","@id":"https:\/\/noticiasmercedinas.com\/site\/#website","url":"https:\/\/noticiasmercedinas.com\/site\/","name":"NOTICIASMERCEDINAS.COM","description":"Mercedes, Buenos Aires, Argentina","publisher":{"@id":"https:\/\/noticiasmercedinas.com\/site\/#organization"},"potentialAction":[{"@type":"SearchAction","target":{"@type":"EntryPoint","urlTemplate":"https:\/\/noticiasmercedinas.com\/site\/?s={search_term_string}"},"query-input":{"@type":"PropertyValueSpecification","valueRequired":true,"valueName":"search_term_string"}}],"inLanguage":"es"},{"@type":"Organization","@id":"https:\/\/noticiasmercedinas.com\/site\/#organization","name":"NOTICIASMERCEDINAS.COM","url":"https:\/\/noticiasmercedinas.com\/site\/","logo":{"@type":"ImageObject","inLanguage":"es","@id":"https:\/\/noticiasmercedinas.com\/site\/#\/schema\/logo\/image\/","url":"https:\/\/noticiasmercedinas.com\/site\/wp-content\/uploads\/2020\/06\/LOGO-512.jpg","contentUrl":"https:\/\/noticiasmercedinas.com\/site\/wp-content\/uploads\/2020\/06\/LOGO-512.jpg","width":512,"height":512,"caption":"NOTICIASMERCEDINAS.COM"},"image":{"@id":"https:\/\/noticiasmercedinas.com\/site\/#\/schema\/logo\/image\/"},"sameAs":["https:\/\/www.facebook.com\/noticiasmercedinas\/","https:\/\/x.com\/notmercedinas","https:\/\/www.instagram.com\/noticiasmercedinas\/"]},{"@type":"Person","@id":"https:\/\/noticiasmercedinas.com\/site\/#\/schema\/person\/84b59c099c28ff2e8b77d4ceec5d8063","name":"NOTICIASMERCEDINAS.COM","image":{"@type":"ImageObject","inLanguage":"es","@id":"https:\/\/secure.gravatar.com\/avatar\/4dfbf16b4d17945bfb6341b2d19043457132fcf478a5ee04f42e959fd8f5df0a?s=96&d=mm&r=g","url":"https:\/\/secure.gravatar.com\/avatar\/4dfbf16b4d17945bfb6341b2d19043457132fcf478a5ee04f42e959fd8f5df0a?s=96&d=mm&r=g","contentUrl":"https:\/\/secure.gravatar.com\/avatar\/4dfbf16b4d17945bfb6341b2d19043457132fcf478a5ee04f42e959fd8f5df0a?s=96&d=mm&r=g","caption":"NOTICIASMERCEDINAS.COM"},"url":"https:\/\/noticiasmercedinas.com\/site\/author\/anonimo\/"}]}},"amp_enabled":true,"_links":{"self":[{"href":"https:\/\/noticiasmercedinas.com\/site\/wp-json\/wp\/v2\/posts\/143833","targetHints":{"allow":["GET"]}}],"collection":[{"href":"https:\/\/noticiasmercedinas.com\/site\/wp-json\/wp\/v2\/posts"}],"about":[{"href":"https:\/\/noticiasmercedinas.com\/site\/wp-json\/wp\/v2\/types\/post"}],"author":[{"embeddable":true,"href":"https:\/\/noticiasmercedinas.com\/site\/wp-json\/wp\/v2\/users\/16"}],"replies":[{"embeddable":true,"href":"https:\/\/noticiasmercedinas.com\/site\/wp-json\/wp\/v2\/comments?post=143833"}],"version-history":[{"count":2,"href":"https:\/\/noticiasmercedinas.com\/site\/wp-json\/wp\/v2\/posts\/143833\/revisions"}],"predecessor-version":[{"id":143902,"href":"https:\/\/noticiasmercedinas.com\/site\/wp-json\/wp\/v2\/posts\/143833\/revisions\/143902"}],"wp:featuredmedia":[{"embeddable":true,"href":"https:\/\/noticiasmercedinas.com\/site\/wp-json\/wp\/v2\/media\/143834"}],"wp:attachment":[{"href":"https:\/\/noticiasmercedinas.com\/site\/wp-json\/wp\/v2\/media?parent=143833"}],"wp:term":[{"taxonomy":"category","embeddable":true,"href":"https:\/\/noticiasmercedinas.com\/site\/wp-json\/wp\/v2\/categories?post=143833"},{"taxonomy":"post_tag","embeddable":true,"href":"https:\/\/noticiasmercedinas.com\/site\/wp-json\/wp\/v2\/tags?post=143833"}],"curies":[{"name":"wp","href":"https:\/\/api.w.org\/{rel}","templated":true}]}}