{"id":143980,"date":"2024-09-15T10:08:23","date_gmt":"2024-09-15T13:08:23","guid":{"rendered":"https:\/\/noticiasmercedinas.com\/site\/?p=143980"},"modified":"2024-09-15T10:08:23","modified_gmt":"2024-09-15T13:08:23","slug":"juan-ustarroz-acompano-a-cristina-kirchner-en-un-acto-en-merlo","status":"publish","type":"post","link":"https:\/\/noticiasmercedinas.com\/site\/2024\/09\/15\/juan-ustarroz-acompano-a-cristina-kirchner-en-un-acto-en-merlo\/","title":{"rendered":"Juan Ustarroz acompa\u00f1\u00f3 a Cristina Kirchner en un acto en Merlo"},"content":{"rendered":"<p><img loading=\"lazy\" decoding=\"async\" class=\"alignnone size-full wp-image-143982\" src=\"https:\/\/noticiasmercedinas.com\/site\/wp-content\/uploads\/2024\/09\/PUEBLO.jpg\" alt=\"\" width=\"1280\" height=\"853\" srcset=\"https:\/\/noticiasmercedinas.com\/site\/wp-content\/uploads\/2024\/09\/PUEBLO.jpg 1280w, https:\/\/noticiasmercedinas.com\/site\/wp-content\/uploads\/2024\/09\/PUEBLO-300x200.jpg 300w, https:\/\/noticiasmercedinas.com\/site\/wp-content\/uploads\/2024\/09\/PUEBLO-1024x682.jpg 1024w, https:\/\/noticiasmercedinas.com\/site\/wp-content\/uploads\/2024\/09\/PUEBLO-768x512.jpg 768w, https:\/\/noticiasmercedinas.com\/site\/wp-content\/uploads\/2024\/09\/PUEBLO-640x427.jpg 640w, https:\/\/noticiasmercedinas.com\/site\/wp-content\/uploads\/2024\/09\/PUEBLO-681x454.jpg 681w\" sizes=\"auto, (max-width: 1280px) 100vw, 1280px\" \/><\/p>\n<p>El intendente de Mercedes, Juan Ustarroz, particip\u00f3 de un acto encabezado por la ex presidenta Cristina Fern\u00e1ndez de Kirchner en Merlo, donde la l\u00edder pol\u00edtica brind\u00f3 una conferencia titulada \u201cSigue siendo la econom\u00eda bimonetaria, est\u00fapido\u201d en el marco de la asignatura \u00abPensamiento Nacional y Latinoamericano\u00bb de la Universidad Nacional del Oeste. Durante la jornada, la ex mandataria recibi\u00f3 el t\u00edtulo de Doctora Honoris Causa de la universidad y comparti\u00f3 un encendido discurso frente a miles de personas.<\/p>\n<p>En su mensaje, Cristina Kirchner destac\u00f3 la importancia de recuperar valores como la solidaridad y el amor entre los argentinos. \u00abAnte tanto desamor, ante tantos proyectos de vida feos a los que nos quieren someter, yo conf\u00edo infinitamente en las fuerzas del pueblo\u00bb, expres\u00f3, apelando a la movilizaci\u00f3n y participaci\u00f3n ciudadana. Tambi\u00e9n advirti\u00f3 sobre los graves problemas sociales, como el narcotr\u00e1fico, y subray\u00f3 la necesidad de trabajar junto a las comunidades m\u00e1s vulnerables. \u00abTenemos que ponerle el pecho a esas cosas y salir a recorrer los barrios junto a las iglesias y los compa\u00f1eros que todav\u00eda tienen el coraz\u00f3n solidario para recuperar lo que se est\u00e1 perdiendo\u00bb, a\u00f1adi\u00f3.<\/p>\n<blockquote><p>\u00abAnte tanto desamor, ante tantos proyectos de vida feos a los que nos quieren someter, yo conf\u00edo infinitamente en las fuerzas del pueblo\u00bb, expres\u00f3 CFK<\/p><\/blockquote>\n<p>El acto cont\u00f3 con la presencia de cerca de 20 intendentes del conurbano bonaerense, adem\u00e1s de senadores nacionales y funcionarios provinciales. Entre los jefes comunales que se alinearon detr\u00e1s de la ex presidenta se encontraban Gustavo Men\u00e9ndez (Merlo), Mariel Fern\u00e1ndez (Moreno), Pablo Descalzo (Ituzaing\u00f3), Marisa Fassi (Ca\u00f1uelas), Federico Ach\u00e1val (Pilar), y Ustarroz (Mercedes), entre otros.<\/p>\n<p>Tambi\u00e9n participaron los senadores Oscar Parrilli y Eduardo \u00abWado\u00bb de Pedro, junto a referentes como Mart\u00edn Sabbatella, Facundo Tignanelli y Leonardo Grosso. En la primera fila, el gobernador bonaerense Axel Kicillof estuvo acompa\u00f1ado por su vicegobernadora, Ver\u00f3nica Magario, en un claro gesto de apoyo pol\u00edtico a Cristina Kirchner.<\/p>\n<p>El encuentro reforz\u00f3 la unidad del espacio pol\u00edtico que respalda a la ex presidenta, quien sigue siendo una de las principales figuras del peronismo en la provincia de Buenos Aires.<\/p>\n<p><img loading=\"lazy\" decoding=\"async\" class=\"alignnone size-full wp-image-143981\" src=\"https:\/\/noticiasmercedinas.com\/site\/wp-content\/uploads\/2024\/09\/GXZJ-DtXoAEjgI-.jpg\" alt=\"\" width=\"1280\" height=\"852\" srcset=\"https:\/\/noticiasmercedinas.com\/site\/wp-content\/uploads\/2024\/09\/GXZJ-DtXoAEjgI-.jpg 1280w, https:\/\/noticiasmercedinas.com\/site\/wp-content\/uploads\/2024\/09\/GXZJ-DtXoAEjgI--300x200.jpg 300w, https:\/\/noticiasmercedinas.com\/site\/wp-content\/uploads\/2024\/09\/GXZJ-DtXoAEjgI--1024x682.jpg 1024w, https:\/\/noticiasmercedinas.com\/site\/wp-content\/uploads\/2024\/09\/GXZJ-DtXoAEjgI--768x511.jpg 768w, https:\/\/noticiasmercedinas.com\/site\/wp-content\/uploads\/2024\/09\/GXZJ-DtXoAEjgI--640x426.jpg 640w, https:\/\/noticiasmercedinas.com\/site\/wp-content\/uploads\/2024\/09\/GXZJ-DtXoAEjgI--681x453.jpg 681w\" sizes=\"auto, (max-width: 1280px) 100vw, 1280px\" \/><\/p>\n","protected":false},"excerpt":{"rendered":"<p>\u25a0 El encuentro reforz\u00f3 la unidad del espacio pol\u00edtico que respalda a la ex presidenta, quien sigue siendo una de las principales figuras del peronismo en la provincia de Buenos Aires.<\/p>\n","protected":false},"author":16,"featured_media":143982,"comment_status":"closed","ping_status":"closed","sticky":false,"template":"","format":"standard","meta":{"footnotes":""},"categories":[16],"tags":[100,5425,7245,1590,1489,18818],"class_list":["post-143980","post","type-post","status-publish","format-standard","has-post-thumbnail","hentry","category-politica","tag-cfk","tag-cristina-fernandez-de-kirchner","tag-la-campora","tag-merlo","tag-pj","tag-uxp"],"yoast_head":"<!-- This site is optimized with the Yoast SEO plugin v27.5 - https:\/\/yoast.com\/product\/yoast-seo-wordpress\/ -->\n<title>Juan Ustarroz acompa\u00f1\u00f3 a Cristina Kirchner en un acto en Merlo<\/title>\n<meta name=\"robots\" content=\"index, follow, max-snippet:-1, max-image-preview:large, max-video-preview:-1\" \/>\n<link rel=\"canonical\" href=\"https:\/\/noticiasmercedinas.com\/site\/2024\/09\/15\/juan-ustarroz-acompano-a-cristina-kirchner-en-un-acto-en-merlo\/\" \/>\n<meta property=\"og:locale\" content=\"es_ES\" \/>\n<meta property=\"og:type\" content=\"article\" \/>\n<meta property=\"og:title\" content=\"Juan Ustarroz acompa\u00f1\u00f3 a Cristina Kirchner en un acto en Merlo\" \/>\n<meta property=\"og:description\" content=\"\u25a0 El encuentro reforz\u00f3 la unidad del espacio pol\u00edtico que respalda a la ex presidenta, quien sigue siendo una de las principales figuras del peronismo en la provincia de Buenos Aires.\" \/>\n<meta property=\"og:url\" content=\"https:\/\/noticiasmercedinas.com\/site\/2024\/09\/15\/juan-ustarroz-acompano-a-cristina-kirchner-en-un-acto-en-merlo\/\" \/>\n<meta property=\"og:site_name\" content=\"NOTICIASMERCEDINAS.COM\" \/>\n<meta property=\"article:publisher\" content=\"https:\/\/www.facebook.com\/noticiasmercedinas\/\" \/>\n<meta property=\"article:published_time\" content=\"2024-09-15T13:08:23+00:00\" \/>\n<meta property=\"og:image\" content=\"https:\/\/noticiasmercedinas.com\/site\/wp-content\/uploads\/2024\/09\/PUEBLO.jpg\" \/>\n\t<meta property=\"og:image:width\" content=\"1280\" \/>\n\t<meta property=\"og:image:height\" content=\"853\" \/>\n\t<meta property=\"og:image:type\" content=\"image\/jpeg\" \/>\n<meta name=\"author\" content=\"NOTICIASMERCEDINAS.COM\" \/>\n<meta name=\"twitter:card\" content=\"summary_large_image\" \/>\n<meta name=\"twitter:creator\" content=\"@notmercedinas\" \/>\n<meta name=\"twitter:site\" content=\"@notmercedinas\" \/>\n<meta name=\"twitter:label1\" content=\"Escrito por\" \/>\n\t<meta name=\"twitter:data1\" content=\"NOTICIASMERCEDINAS.COM\" \/>\n\t<meta name=\"twitter:label2\" content=\"Tiempo de lectura\" \/>\n\t<meta name=\"twitter:data2\" content=\"2 minutos\" \/>\n<script type=\"application\/ld+json\" class=\"yoast-schema-graph\">{\"@context\":\"https:\\\/\\\/schema.org\",\"@graph\":[{\"@type\":\"Article\",\"@id\":\"https:\\\/\\\/noticiasmercedinas.com\\\/site\\\/2024\\\/09\\\/15\\\/juan-ustarroz-acompano-a-cristina-kirchner-en-un-acto-en-merlo\\\/#article\",\"isPartOf\":{\"@id\":\"https:\\\/\\\/noticiasmercedinas.com\\\/site\\\/2024\\\/09\\\/15\\\/juan-ustarroz-acompano-a-cristina-kirchner-en-un-acto-en-merlo\\\/\"},\"author\":{\"name\":\"NOTICIASMERCEDINAS.COM\",\"@id\":\"https:\\\/\\\/noticiasmercedinas.com\\\/site\\\/#\\\/schema\\\/person\\\/84b59c099c28ff2e8b77d4ceec5d8063\"},\"headline\":\"Juan Ustarroz acompa\u00f1\u00f3 a Cristina Kirchner en un acto en Merlo\",\"datePublished\":\"2024-09-15T13:08:23+00:00\",\"mainEntityOfPage\":{\"@id\":\"https:\\\/\\\/noticiasmercedinas.com\\\/site\\\/2024\\\/09\\\/15\\\/juan-ustarroz-acompano-a-cristina-kirchner-en-un-acto-en-merlo\\\/\"},\"wordCount\":382,\"publisher\":{\"@id\":\"https:\\\/\\\/noticiasmercedinas.com\\\/site\\\/#organization\"},\"image\":{\"@id\":\"https:\\\/\\\/noticiasmercedinas.com\\\/site\\\/2024\\\/09\\\/15\\\/juan-ustarroz-acompano-a-cristina-kirchner-en-un-acto-en-merlo\\\/#primaryimage\"},\"thumbnailUrl\":\"https:\\\/\\\/noticiasmercedinas.com\\\/site\\\/wp-content\\\/uploads\\\/2024\\\/09\\\/PUEBLO.jpg\",\"keywords\":[\"CFK\",\"Cristina Fern\u00e1ndez de Kirchner\",\"la campora\",\"merlo\",\"pj\",\"UxP\"],\"articleSection\":[\"Politica\"],\"inLanguage\":\"es\"},{\"@type\":\"WebPage\",\"@id\":\"https:\\\/\\\/noticiasmercedinas.com\\\/site\\\/2024\\\/09\\\/15\\\/juan-ustarroz-acompano-a-cristina-kirchner-en-un-acto-en-merlo\\\/\",\"url\":\"https:\\\/\\\/noticiasmercedinas.com\\\/site\\\/2024\\\/09\\\/15\\\/juan-ustarroz-acompano-a-cristina-kirchner-en-un-acto-en-merlo\\\/\",\"name\":\"Juan Ustarroz acompa\u00f1\u00f3 a Cristina Kirchner en un acto en Merlo\",\"isPartOf\":{\"@id\":\"https:\\\/\\\/noticiasmercedinas.com\\\/site\\\/#website\"},\"primaryImageOfPage\":{\"@id\":\"https:\\\/\\\/noticiasmercedinas.com\\\/site\\\/2024\\\/09\\\/15\\\/juan-ustarroz-acompano-a-cristina-kirchner-en-un-acto-en-merlo\\\/#primaryimage\"},\"image\":{\"@id\":\"https:\\\/\\\/noticiasmercedinas.com\\\/site\\\/2024\\\/09\\\/15\\\/juan-ustarroz-acompano-a-cristina-kirchner-en-un-acto-en-merlo\\\/#primaryimage\"},\"thumbnailUrl\":\"https:\\\/\\\/noticiasmercedinas.com\\\/site\\\/wp-content\\\/uploads\\\/2024\\\/09\\\/PUEBLO.jpg\",\"datePublished\":\"2024-09-15T13:08:23+00:00\",\"breadcrumb\":{\"@id\":\"https:\\\/\\\/noticiasmercedinas.com\\\/site\\\/2024\\\/09\\\/15\\\/juan-ustarroz-acompano-a-cristina-kirchner-en-un-acto-en-merlo\\\/#breadcrumb\"},\"inLanguage\":\"es\",\"potentialAction\":[{\"@type\":\"ReadAction\",\"target\":[\"https:\\\/\\\/noticiasmercedinas.com\\\/site\\\/2024\\\/09\\\/15\\\/juan-ustarroz-acompano-a-cristina-kirchner-en-un-acto-en-merlo\\\/\"]}]},{\"@type\":\"ImageObject\",\"inLanguage\":\"es\",\"@id\":\"https:\\\/\\\/noticiasmercedinas.com\\\/site\\\/2024\\\/09\\\/15\\\/juan-ustarroz-acompano-a-cristina-kirchner-en-un-acto-en-merlo\\\/#primaryimage\",\"url\":\"https:\\\/\\\/noticiasmercedinas.com\\\/site\\\/wp-content\\\/uploads\\\/2024\\\/09\\\/PUEBLO.jpg\",\"contentUrl\":\"https:\\\/\\\/noticiasmercedinas.com\\\/site\\\/wp-content\\\/uploads\\\/2024\\\/09\\\/PUEBLO.jpg\",\"width\":1280,\"height\":853},{\"@type\":\"BreadcrumbList\",\"@id\":\"https:\\\/\\\/noticiasmercedinas.com\\\/site\\\/2024\\\/09\\\/15\\\/juan-ustarroz-acompano-a-cristina-kirchner-en-un-acto-en-merlo\\\/#breadcrumb\",\"itemListElement\":[{\"@type\":\"ListItem\",\"position\":1,\"name\":\"Portada\",\"item\":\"https:\\\/\\\/noticiasmercedinas.com\\\/site\\\/\"},{\"@type\":\"ListItem\",\"position\":2,\"name\":\"Juan Ustarroz acompa\u00f1\u00f3 a Cristina Kirchner en un acto en Merlo\"}]},{\"@type\":\"WebSite\",\"@id\":\"https:\\\/\\\/noticiasmercedinas.com\\\/site\\\/#website\",\"url\":\"https:\\\/\\\/noticiasmercedinas.com\\\/site\\\/\",\"name\":\"NOTICIASMERCEDINAS.COM\",\"description\":\"Mercedes, Buenos Aires, Argentina\",\"publisher\":{\"@id\":\"https:\\\/\\\/noticiasmercedinas.com\\\/site\\\/#organization\"},\"potentialAction\":[{\"@type\":\"SearchAction\",\"target\":{\"@type\":\"EntryPoint\",\"urlTemplate\":\"https:\\\/\\\/noticiasmercedinas.com\\\/site\\\/?s={search_term_string}\"},\"query-input\":{\"@type\":\"PropertyValueSpecification\",\"valueRequired\":true,\"valueName\":\"search_term_string\"}}],\"inLanguage\":\"es\"},{\"@type\":\"Organization\",\"@id\":\"https:\\\/\\\/noticiasmercedinas.com\\\/site\\\/#organization\",\"name\":\"NOTICIASMERCEDINAS.COM\",\"url\":\"https:\\\/\\\/noticiasmercedinas.com\\\/site\\\/\",\"logo\":{\"@type\":\"ImageObject\",\"inLanguage\":\"es\",\"@id\":\"https:\\\/\\\/noticiasmercedinas.com\\\/site\\\/#\\\/schema\\\/logo\\\/image\\\/\",\"url\":\"https:\\\/\\\/noticiasmercedinas.com\\\/site\\\/wp-content\\\/uploads\\\/2020\\\/06\\\/LOGO-512.jpg\",\"contentUrl\":\"https:\\\/\\\/noticiasmercedinas.com\\\/site\\\/wp-content\\\/uploads\\\/2020\\\/06\\\/LOGO-512.jpg\",\"width\":512,\"height\":512,\"caption\":\"NOTICIASMERCEDINAS.COM\"},\"image\":{\"@id\":\"https:\\\/\\\/noticiasmercedinas.com\\\/site\\\/#\\\/schema\\\/logo\\\/image\\\/\"},\"sameAs\":[\"https:\\\/\\\/www.facebook.com\\\/noticiasmercedinas\\\/\",\"https:\\\/\\\/x.com\\\/notmercedinas\",\"https:\\\/\\\/www.instagram.com\\\/noticiasmercedinas\\\/\"]},{\"@type\":\"Person\",\"@id\":\"https:\\\/\\\/noticiasmercedinas.com\\\/site\\\/#\\\/schema\\\/person\\\/84b59c099c28ff2e8b77d4ceec5d8063\",\"name\":\"NOTICIASMERCEDINAS.COM\",\"image\":{\"@type\":\"ImageObject\",\"inLanguage\":\"es\",\"@id\":\"https:\\\/\\\/secure.gravatar.com\\\/avatar\\\/4dfbf16b4d17945bfb6341b2d19043457132fcf478a5ee04f42e959fd8f5df0a?s=96&d=mm&r=g\",\"url\":\"https:\\\/\\\/secure.gravatar.com\\\/avatar\\\/4dfbf16b4d17945bfb6341b2d19043457132fcf478a5ee04f42e959fd8f5df0a?s=96&d=mm&r=g\",\"contentUrl\":\"https:\\\/\\\/secure.gravatar.com\\\/avatar\\\/4dfbf16b4d17945bfb6341b2d19043457132fcf478a5ee04f42e959fd8f5df0a?s=96&d=mm&r=g\",\"caption\":\"NOTICIASMERCEDINAS.COM\"},\"url\":\"https:\\\/\\\/noticiasmercedinas.com\\\/site\\\/author\\\/anonimo\\\/\"}]}<\/script>\n<!-- \/ Yoast SEO plugin. -->","yoast_head_json":{"title":"Juan Ustarroz acompa\u00f1\u00f3 a Cristina Kirchner en un acto en Merlo","robots":{"index":"index","follow":"follow","max-snippet":"max-snippet:-1","max-image-preview":"max-image-preview:large","max-video-preview":"max-video-preview:-1"},"canonical":"https:\/\/noticiasmercedinas.com\/site\/2024\/09\/15\/juan-ustarroz-acompano-a-cristina-kirchner-en-un-acto-en-merlo\/","og_locale":"es_ES","og_type":"article","og_title":"Juan Ustarroz acompa\u00f1\u00f3 a Cristina Kirchner en un acto en Merlo","og_description":"\u25a0 El encuentro reforz\u00f3 la unidad del espacio pol\u00edtico que respalda a la ex presidenta, quien sigue siendo una de las principales figuras del peronismo en la provincia de Buenos Aires.","og_url":"https:\/\/noticiasmercedinas.com\/site\/2024\/09\/15\/juan-ustarroz-acompano-a-cristina-kirchner-en-un-acto-en-merlo\/","og_site_name":"NOTICIASMERCEDINAS.COM","article_publisher":"https:\/\/www.facebook.com\/noticiasmercedinas\/","article_published_time":"2024-09-15T13:08:23+00:00","og_image":[{"width":1280,"height":853,"url":"https:\/\/noticiasmercedinas.com\/site\/wp-content\/uploads\/2024\/09\/PUEBLO.jpg","type":"image\/jpeg"}],"author":"NOTICIASMERCEDINAS.COM","twitter_card":"summary_large_image","twitter_creator":"@notmercedinas","twitter_site":"@notmercedinas","twitter_misc":{"Escrito por":"NOTICIASMERCEDINAS.COM","Tiempo de lectura":"2 minutos"},"schema":{"@context":"https:\/\/schema.org","@graph":[{"@type":"Article","@id":"https:\/\/noticiasmercedinas.com\/site\/2024\/09\/15\/juan-ustarroz-acompano-a-cristina-kirchner-en-un-acto-en-merlo\/#article","isPartOf":{"@id":"https:\/\/noticiasmercedinas.com\/site\/2024\/09\/15\/juan-ustarroz-acompano-a-cristina-kirchner-en-un-acto-en-merlo\/"},"author":{"name":"NOTICIASMERCEDINAS.COM","@id":"https:\/\/noticiasmercedinas.com\/site\/#\/schema\/person\/84b59c099c28ff2e8b77d4ceec5d8063"},"headline":"Juan Ustarroz acompa\u00f1\u00f3 a Cristina Kirchner en un acto en Merlo","datePublished":"2024-09-15T13:08:23+00:00","mainEntityOfPage":{"@id":"https:\/\/noticiasmercedinas.com\/site\/2024\/09\/15\/juan-ustarroz-acompano-a-cristina-kirchner-en-un-acto-en-merlo\/"},"wordCount":382,"publisher":{"@id":"https:\/\/noticiasmercedinas.com\/site\/#organization"},"image":{"@id":"https:\/\/noticiasmercedinas.com\/site\/2024\/09\/15\/juan-ustarroz-acompano-a-cristina-kirchner-en-un-acto-en-merlo\/#primaryimage"},"thumbnailUrl":"https:\/\/noticiasmercedinas.com\/site\/wp-content\/uploads\/2024\/09\/PUEBLO.jpg","keywords":["CFK","Cristina Fern\u00e1ndez de Kirchner","la campora","merlo","pj","UxP"],"articleSection":["Politica"],"inLanguage":"es"},{"@type":"WebPage","@id":"https:\/\/noticiasmercedinas.com\/site\/2024\/09\/15\/juan-ustarroz-acompano-a-cristina-kirchner-en-un-acto-en-merlo\/","url":"https:\/\/noticiasmercedinas.com\/site\/2024\/09\/15\/juan-ustarroz-acompano-a-cristina-kirchner-en-un-acto-en-merlo\/","name":"Juan Ustarroz acompa\u00f1\u00f3 a Cristina Kirchner en un acto en Merlo","isPartOf":{"@id":"https:\/\/noticiasmercedinas.com\/site\/#website"},"primaryImageOfPage":{"@id":"https:\/\/noticiasmercedinas.com\/site\/2024\/09\/15\/juan-ustarroz-acompano-a-cristina-kirchner-en-un-acto-en-merlo\/#primaryimage"},"image":{"@id":"https:\/\/noticiasmercedinas.com\/site\/2024\/09\/15\/juan-ustarroz-acompano-a-cristina-kirchner-en-un-acto-en-merlo\/#primaryimage"},"thumbnailUrl":"https:\/\/noticiasmercedinas.com\/site\/wp-content\/uploads\/2024\/09\/PUEBLO.jpg","datePublished":"2024-09-15T13:08:23+00:00","breadcrumb":{"@id":"https:\/\/noticiasmercedinas.com\/site\/2024\/09\/15\/juan-ustarroz-acompano-a-cristina-kirchner-en-un-acto-en-merlo\/#breadcrumb"},"inLanguage":"es","potentialAction":[{"@type":"ReadAction","target":["https:\/\/noticiasmercedinas.com\/site\/2024\/09\/15\/juan-ustarroz-acompano-a-cristina-kirchner-en-un-acto-en-merlo\/"]}]},{"@type":"ImageObject","inLanguage":"es","@id":"https:\/\/noticiasmercedinas.com\/site\/2024\/09\/15\/juan-ustarroz-acompano-a-cristina-kirchner-en-un-acto-en-merlo\/#primaryimage","url":"https:\/\/noticiasmercedinas.com\/site\/wp-content\/uploads\/2024\/09\/PUEBLO.jpg","contentUrl":"https:\/\/noticiasmercedinas.com\/site\/wp-content\/uploads\/2024\/09\/PUEBLO.jpg","width":1280,"height":853},{"@type":"BreadcrumbList","@id":"https:\/\/noticiasmercedinas.com\/site\/2024\/09\/15\/juan-ustarroz-acompano-a-cristina-kirchner-en-un-acto-en-merlo\/#breadcrumb","itemListElement":[{"@type":"ListItem","position":1,"name":"Portada","item":"https:\/\/noticiasmercedinas.com\/site\/"},{"@type":"ListItem","position":2,"name":"Juan Ustarroz acompa\u00f1\u00f3 a Cristina Kirchner en un acto en Merlo"}]},{"@type":"WebSite","@id":"https:\/\/noticiasmercedinas.com\/site\/#website","url":"https:\/\/noticiasmercedinas.com\/site\/","name":"NOTICIASMERCEDINAS.COM","description":"Mercedes, Buenos Aires, Argentina","publisher":{"@id":"https:\/\/noticiasmercedinas.com\/site\/#organization"},"potentialAction":[{"@type":"SearchAction","target":{"@type":"EntryPoint","urlTemplate":"https:\/\/noticiasmercedinas.com\/site\/?s={search_term_string}"},"query-input":{"@type":"PropertyValueSpecification","valueRequired":true,"valueName":"search_term_string"}}],"inLanguage":"es"},{"@type":"Organization","@id":"https:\/\/noticiasmercedinas.com\/site\/#organization","name":"NOTICIASMERCEDINAS.COM","url":"https:\/\/noticiasmercedinas.com\/site\/","logo":{"@type":"ImageObject","inLanguage":"es","@id":"https:\/\/noticiasmercedinas.com\/site\/#\/schema\/logo\/image\/","url":"https:\/\/noticiasmercedinas.com\/site\/wp-content\/uploads\/2020\/06\/LOGO-512.jpg","contentUrl":"https:\/\/noticiasmercedinas.com\/site\/wp-content\/uploads\/2020\/06\/LOGO-512.jpg","width":512,"height":512,"caption":"NOTICIASMERCEDINAS.COM"},"image":{"@id":"https:\/\/noticiasmercedinas.com\/site\/#\/schema\/logo\/image\/"},"sameAs":["https:\/\/www.facebook.com\/noticiasmercedinas\/","https:\/\/x.com\/notmercedinas","https:\/\/www.instagram.com\/noticiasmercedinas\/"]},{"@type":"Person","@id":"https:\/\/noticiasmercedinas.com\/site\/#\/schema\/person\/84b59c099c28ff2e8b77d4ceec5d8063","name":"NOTICIASMERCEDINAS.COM","image":{"@type":"ImageObject","inLanguage":"es","@id":"https:\/\/secure.gravatar.com\/avatar\/4dfbf16b4d17945bfb6341b2d19043457132fcf478a5ee04f42e959fd8f5df0a?s=96&d=mm&r=g","url":"https:\/\/secure.gravatar.com\/avatar\/4dfbf16b4d17945bfb6341b2d19043457132fcf478a5ee04f42e959fd8f5df0a?s=96&d=mm&r=g","contentUrl":"https:\/\/secure.gravatar.com\/avatar\/4dfbf16b4d17945bfb6341b2d19043457132fcf478a5ee04f42e959fd8f5df0a?s=96&d=mm&r=g","caption":"NOTICIASMERCEDINAS.COM"},"url":"https:\/\/noticiasmercedinas.com\/site\/author\/anonimo\/"}]}},"amp_enabled":true,"_links":{"self":[{"href":"https:\/\/noticiasmercedinas.com\/site\/wp-json\/wp\/v2\/posts\/143980","targetHints":{"allow":["GET"]}}],"collection":[{"href":"https:\/\/noticiasmercedinas.com\/site\/wp-json\/wp\/v2\/posts"}],"about":[{"href":"https:\/\/noticiasmercedinas.com\/site\/wp-json\/wp\/v2\/types\/post"}],"author":[{"embeddable":true,"href":"https:\/\/noticiasmercedinas.com\/site\/wp-json\/wp\/v2\/users\/16"}],"replies":[{"embeddable":true,"href":"https:\/\/noticiasmercedinas.com\/site\/wp-json\/wp\/v2\/comments?post=143980"}],"version-history":[{"count":1,"href":"https:\/\/noticiasmercedinas.com\/site\/wp-json\/wp\/v2\/posts\/143980\/revisions"}],"predecessor-version":[{"id":143983,"href":"https:\/\/noticiasmercedinas.com\/site\/wp-json\/wp\/v2\/posts\/143980\/revisions\/143983"}],"wp:featuredmedia":[{"embeddable":true,"href":"https:\/\/noticiasmercedinas.com\/site\/wp-json\/wp\/v2\/media\/143982"}],"wp:attachment":[{"href":"https:\/\/noticiasmercedinas.com\/site\/wp-json\/wp\/v2\/media?parent=143980"}],"wp:term":[{"taxonomy":"category","embeddable":true,"href":"https:\/\/noticiasmercedinas.com\/site\/wp-json\/wp\/v2\/categories?post=143980"},{"taxonomy":"post_tag","embeddable":true,"href":"https:\/\/noticiasmercedinas.com\/site\/wp-json\/wp\/v2\/tags?post=143980"}],"curies":[{"name":"wp","href":"https:\/\/api.w.org\/{rel}","templated":true}]}}