{"id":144070,"date":"2024-09-16T12:29:32","date_gmt":"2024-09-16T15:29:32","guid":{"rendered":"https:\/\/noticiasmercedinas.com\/site\/?p=144070"},"modified":"2024-09-16T12:29:32","modified_gmt":"2024-09-16T15:29:32","slug":"el-ciclo-universo-cine-continua-con-gran-exito-en-el-colegio-de-abogados","status":"publish","type":"post","link":"https:\/\/noticiasmercedinas.com\/site\/2024\/09\/16\/el-ciclo-universo-cine-continua-con-gran-exito-en-el-colegio-de-abogados\/","title":{"rendered":"El ciclo Universo Cine contin\u00faa con gran \u00e9xito en el Colegio de Abogados"},"content":{"rendered":"<p><img loading=\"lazy\" decoding=\"async\" class=\"alignnone size-full wp-image-144071\" src=\"https:\/\/noticiasmercedinas.com\/site\/wp-content\/uploads\/2024\/09\/MARY-e1726500490567.jpg\" alt=\"\" width=\"923\" height=\"504\" srcset=\"https:\/\/noticiasmercedinas.com\/site\/wp-content\/uploads\/2024\/09\/MARY-e1726500490567.jpg 923w, https:\/\/noticiasmercedinas.com\/site\/wp-content\/uploads\/2024\/09\/MARY-e1726500490567-300x164.jpg 300w, https:\/\/noticiasmercedinas.com\/site\/wp-content\/uploads\/2024\/09\/MARY-e1726500490567-768x419.jpg 768w, https:\/\/noticiasmercedinas.com\/site\/wp-content\/uploads\/2024\/09\/MARY-e1726500490567-640x349.jpg 640w, https:\/\/noticiasmercedinas.com\/site\/wp-content\/uploads\/2024\/09\/MARY-e1726500490567-681x372.jpg 681w\" sizes=\"auto, (max-width: 923px) 100vw, 923px\" \/><\/p>\n<p>El exitoso ciclo de cine organizado por el Colegio de Abogados del Departamento Judicial de Mercedes sigue avanzando con una programaci\u00f3n que entusiasma a los amantes del s\u00e9ptimo arte. La pr\u00f3xima proyecci\u00f3n, junto al especialista Carlos Mar\u00eda Dieuzeide, est\u00e1 prevista para el viernes 20 de septiembre a las 19 horas, en el sal\u00f3n de actos de la instituci\u00f3n, y ser\u00e1 una cita imperdible para los fan\u00e1ticos del cine cl\u00e1sico.<\/p>\n<p>Bajo el t\u00edtulo \u00abUniverso Marilyn\u00bb, este espacio no solo busca homenajear a la ic\u00f3nica actriz Marilyn Monroe, sino tambi\u00e9n al cine negro o film noir, un g\u00e9nero que brill\u00f3 en el Hollywood de las d\u00e9cadas de 1940 y 1950. Este tipo de cine se caracteriza por relatos de gangsters, detectives y tramas urbanas cargadas de suspenso y dramatismo, donde el uso de claroscuros crea atm\u00f3sferas densas y estilizadas.<\/p>\n<p>La pel\u00edcula seleccionada para esta ocasi\u00f3n es La jungla de asfalto (The Asphalt Jungle, 1950), una de las obras m\u00e1s aclamadas del director John Huston. El filme, considerado un cl\u00e1sico dentro del cine negro, relata una historia de crimen, corrupci\u00f3n y tragedia, con un enfoque \u00fanico que introduce elementos de la tragedia griega en la novela policial.<\/p>\n<p>Este evento cinematogr\u00e1fico forma parte del ciclo Universo Cine 2024, que ha ido consolid\u00e1ndose como una de las propuestas culturales m\u00e1s atractivas de la ciudad, combinando cine, historia y arte. Cada proyecci\u00f3n invita a reflexionar sobre el legado de los grandes realizadores y actores de la \u00e9poca dorada de Hollywood.<\/p>\n<p>Los organizadores han destacado el gran recibimiento del p\u00fablico y contin\u00faan trabajando en nuevas funciones para los pr\u00f3ximos meses. El evento es de entrada libre y gratuita, por lo que se espera una amplia concurrencia en el Colegio de Abogados de Mercedes.<\/p>\n<p><strong>&#8211; Pel\u00edcula: La jungla de asfalto (The Asphalt Jungle)<\/strong><br \/>\n<strong>&#8211; Fecha: Viernes 20 de septiembre<\/strong><br \/>\n<strong>&#8211; Hora: 19 hs<\/strong><br \/>\n<strong>&#8211; Lugar: Sal\u00f3n de Actos del Colegio de Abogados del Departamento Judicial Mercedes<\/strong><\/p>\n","protected":false},"excerpt":{"rendered":"<p>\u25a0 La pr\u00f3xima proyecci\u00f3n est\u00e1 prevista para el viernes 20 de septiembre a las 19 horas, en el sal\u00f3n de actos de la instituci\u00f3n. Se ver\u00e1 \u00abLa jungla de asfalto\u00bb.<\/p>\n","protected":false},"author":16,"featured_media":144071,"comment_status":"closed","ping_status":"closed","sticky":false,"template":"","format":"standard","meta":{"footnotes":""},"categories":[4],"tags":[17235,18820,18819],"class_list":["post-144070","post","type-post","status-publish","format-standard","has-post-thumbnail","hentry","category-cultura","tag-carlos-maria-dieuzeide","tag-marilyn-monroe","tag-universo-cine"],"yoast_head":"<!-- This site is optimized with the Yoast SEO plugin v27.4 - https:\/\/yoast.com\/product\/yoast-seo-wordpress\/ -->\n<title>El ciclo Universo Cine contin\u00faa con gran \u00e9xito en el Colegio de Abogados<\/title>\n<meta name=\"robots\" content=\"index, follow, max-snippet:-1, max-image-preview:large, max-video-preview:-1\" \/>\n<link rel=\"canonical\" href=\"https:\/\/noticiasmercedinas.com\/site\/2024\/09\/16\/el-ciclo-universo-cine-continua-con-gran-exito-en-el-colegio-de-abogados\/\" \/>\n<meta property=\"og:locale\" content=\"es_ES\" \/>\n<meta property=\"og:type\" content=\"article\" \/>\n<meta property=\"og:title\" content=\"El ciclo Universo Cine contin\u00faa con gran \u00e9xito en el Colegio de Abogados\" \/>\n<meta property=\"og:description\" content=\"\u25a0 La pr\u00f3xima proyecci\u00f3n est\u00e1 prevista para el viernes 20 de septiembre a las 19 horas, en el sal\u00f3n de actos de la instituci\u00f3n. Se ver\u00e1 &quot;La jungla de asfalto&quot;.\" \/>\n<meta property=\"og:url\" content=\"https:\/\/noticiasmercedinas.com\/site\/2024\/09\/16\/el-ciclo-universo-cine-continua-con-gran-exito-en-el-colegio-de-abogados\/\" \/>\n<meta property=\"og:site_name\" content=\"NOTICIASMERCEDINAS.COM\" \/>\n<meta property=\"article:publisher\" content=\"https:\/\/www.facebook.com\/noticiasmercedinas\/\" \/>\n<meta property=\"article:published_time\" content=\"2024-09-16T15:29:32+00:00\" \/>\n<meta property=\"og:image\" content=\"https:\/\/noticiasmercedinas.com\/site\/wp-content\/uploads\/2024\/09\/MARY-e1726500490567.jpg\" \/>\n\t<meta property=\"og:image:width\" content=\"923\" \/>\n\t<meta property=\"og:image:height\" content=\"504\" \/>\n\t<meta property=\"og:image:type\" content=\"image\/jpeg\" \/>\n<meta name=\"author\" content=\"NOTICIASMERCEDINAS.COM\" \/>\n<meta name=\"twitter:card\" content=\"summary_large_image\" \/>\n<meta name=\"twitter:creator\" content=\"@notmercedinas\" \/>\n<meta name=\"twitter:site\" content=\"@notmercedinas\" \/>\n<meta name=\"twitter:label1\" content=\"Escrito por\" \/>\n\t<meta name=\"twitter:data1\" content=\"NOTICIASMERCEDINAS.COM\" \/>\n\t<meta name=\"twitter:label2\" content=\"Tiempo de lectura\" \/>\n\t<meta name=\"twitter:data2\" content=\"2 minutos\" \/>\n<script type=\"application\/ld+json\" class=\"yoast-schema-graph\">{\"@context\":\"https:\\\/\\\/schema.org\",\"@graph\":[{\"@type\":\"Article\",\"@id\":\"https:\\\/\\\/noticiasmercedinas.com\\\/site\\\/2024\\\/09\\\/16\\\/el-ciclo-universo-cine-continua-con-gran-exito-en-el-colegio-de-abogados\\\/#article\",\"isPartOf\":{\"@id\":\"https:\\\/\\\/noticiasmercedinas.com\\\/site\\\/2024\\\/09\\\/16\\\/el-ciclo-universo-cine-continua-con-gran-exito-en-el-colegio-de-abogados\\\/\"},\"author\":{\"name\":\"NOTICIASMERCEDINAS.COM\",\"@id\":\"https:\\\/\\\/noticiasmercedinas.com\\\/site\\\/#\\\/schema\\\/person\\\/84b59c099c28ff2e8b77d4ceec5d8063\"},\"headline\":\"El ciclo Universo Cine contin\u00faa con gran \u00e9xito en el Colegio de Abogados\",\"datePublished\":\"2024-09-16T15:29:32+00:00\",\"mainEntityOfPage\":{\"@id\":\"https:\\\/\\\/noticiasmercedinas.com\\\/site\\\/2024\\\/09\\\/16\\\/el-ciclo-universo-cine-continua-con-gran-exito-en-el-colegio-de-abogados\\\/\"},\"wordCount\":353,\"publisher\":{\"@id\":\"https:\\\/\\\/noticiasmercedinas.com\\\/site\\\/#organization\"},\"image\":{\"@id\":\"https:\\\/\\\/noticiasmercedinas.com\\\/site\\\/2024\\\/09\\\/16\\\/el-ciclo-universo-cine-continua-con-gran-exito-en-el-colegio-de-abogados\\\/#primaryimage\"},\"thumbnailUrl\":\"https:\\\/\\\/noticiasmercedinas.com\\\/site\\\/wp-content\\\/uploads\\\/2024\\\/09\\\/MARY-e1726500490567.jpg\",\"keywords\":[\"Carlos Mar\u00eda Dieuzeide\",\"marilyn monroe\",\"universo cine\"],\"articleSection\":[\"Cultura\"],\"inLanguage\":\"es\"},{\"@type\":\"WebPage\",\"@id\":\"https:\\\/\\\/noticiasmercedinas.com\\\/site\\\/2024\\\/09\\\/16\\\/el-ciclo-universo-cine-continua-con-gran-exito-en-el-colegio-de-abogados\\\/\",\"url\":\"https:\\\/\\\/noticiasmercedinas.com\\\/site\\\/2024\\\/09\\\/16\\\/el-ciclo-universo-cine-continua-con-gran-exito-en-el-colegio-de-abogados\\\/\",\"name\":\"El ciclo Universo Cine contin\u00faa con gran \u00e9xito en el Colegio de Abogados\",\"isPartOf\":{\"@id\":\"https:\\\/\\\/noticiasmercedinas.com\\\/site\\\/#website\"},\"primaryImageOfPage\":{\"@id\":\"https:\\\/\\\/noticiasmercedinas.com\\\/site\\\/2024\\\/09\\\/16\\\/el-ciclo-universo-cine-continua-con-gran-exito-en-el-colegio-de-abogados\\\/#primaryimage\"},\"image\":{\"@id\":\"https:\\\/\\\/noticiasmercedinas.com\\\/site\\\/2024\\\/09\\\/16\\\/el-ciclo-universo-cine-continua-con-gran-exito-en-el-colegio-de-abogados\\\/#primaryimage\"},\"thumbnailUrl\":\"https:\\\/\\\/noticiasmercedinas.com\\\/site\\\/wp-content\\\/uploads\\\/2024\\\/09\\\/MARY-e1726500490567.jpg\",\"datePublished\":\"2024-09-16T15:29:32+00:00\",\"breadcrumb\":{\"@id\":\"https:\\\/\\\/noticiasmercedinas.com\\\/site\\\/2024\\\/09\\\/16\\\/el-ciclo-universo-cine-continua-con-gran-exito-en-el-colegio-de-abogados\\\/#breadcrumb\"},\"inLanguage\":\"es\",\"potentialAction\":[{\"@type\":\"ReadAction\",\"target\":[\"https:\\\/\\\/noticiasmercedinas.com\\\/site\\\/2024\\\/09\\\/16\\\/el-ciclo-universo-cine-continua-con-gran-exito-en-el-colegio-de-abogados\\\/\"]}]},{\"@type\":\"ImageObject\",\"inLanguage\":\"es\",\"@id\":\"https:\\\/\\\/noticiasmercedinas.com\\\/site\\\/2024\\\/09\\\/16\\\/el-ciclo-universo-cine-continua-con-gran-exito-en-el-colegio-de-abogados\\\/#primaryimage\",\"url\":\"https:\\\/\\\/noticiasmercedinas.com\\\/site\\\/wp-content\\\/uploads\\\/2024\\\/09\\\/MARY-e1726500490567.jpg\",\"contentUrl\":\"https:\\\/\\\/noticiasmercedinas.com\\\/site\\\/wp-content\\\/uploads\\\/2024\\\/09\\\/MARY-e1726500490567.jpg\",\"width\":923,\"height\":504},{\"@type\":\"BreadcrumbList\",\"@id\":\"https:\\\/\\\/noticiasmercedinas.com\\\/site\\\/2024\\\/09\\\/16\\\/el-ciclo-universo-cine-continua-con-gran-exito-en-el-colegio-de-abogados\\\/#breadcrumb\",\"itemListElement\":[{\"@type\":\"ListItem\",\"position\":1,\"name\":\"Portada\",\"item\":\"https:\\\/\\\/noticiasmercedinas.com\\\/site\\\/\"},{\"@type\":\"ListItem\",\"position\":2,\"name\":\"El ciclo Universo Cine contin\u00faa con gran \u00e9xito en el Colegio de Abogados\"}]},{\"@type\":\"WebSite\",\"@id\":\"https:\\\/\\\/noticiasmercedinas.com\\\/site\\\/#website\",\"url\":\"https:\\\/\\\/noticiasmercedinas.com\\\/site\\\/\",\"name\":\"NOTICIASMERCEDINAS.COM\",\"description\":\"Mercedes, Buenos Aires, Argentina\",\"publisher\":{\"@id\":\"https:\\\/\\\/noticiasmercedinas.com\\\/site\\\/#organization\"},\"potentialAction\":[{\"@type\":\"SearchAction\",\"target\":{\"@type\":\"EntryPoint\",\"urlTemplate\":\"https:\\\/\\\/noticiasmercedinas.com\\\/site\\\/?s={search_term_string}\"},\"query-input\":{\"@type\":\"PropertyValueSpecification\",\"valueRequired\":true,\"valueName\":\"search_term_string\"}}],\"inLanguage\":\"es\"},{\"@type\":\"Organization\",\"@id\":\"https:\\\/\\\/noticiasmercedinas.com\\\/site\\\/#organization\",\"name\":\"NOTICIASMERCEDINAS.COM\",\"url\":\"https:\\\/\\\/noticiasmercedinas.com\\\/site\\\/\",\"logo\":{\"@type\":\"ImageObject\",\"inLanguage\":\"es\",\"@id\":\"https:\\\/\\\/noticiasmercedinas.com\\\/site\\\/#\\\/schema\\\/logo\\\/image\\\/\",\"url\":\"https:\\\/\\\/noticiasmercedinas.com\\\/site\\\/wp-content\\\/uploads\\\/2020\\\/06\\\/LOGO-512.jpg\",\"contentUrl\":\"https:\\\/\\\/noticiasmercedinas.com\\\/site\\\/wp-content\\\/uploads\\\/2020\\\/06\\\/LOGO-512.jpg\",\"width\":512,\"height\":512,\"caption\":\"NOTICIASMERCEDINAS.COM\"},\"image\":{\"@id\":\"https:\\\/\\\/noticiasmercedinas.com\\\/site\\\/#\\\/schema\\\/logo\\\/image\\\/\"},\"sameAs\":[\"https:\\\/\\\/www.facebook.com\\\/noticiasmercedinas\\\/\",\"https:\\\/\\\/x.com\\\/notmercedinas\",\"https:\\\/\\\/www.instagram.com\\\/noticiasmercedinas\\\/\"]},{\"@type\":\"Person\",\"@id\":\"https:\\\/\\\/noticiasmercedinas.com\\\/site\\\/#\\\/schema\\\/person\\\/84b59c099c28ff2e8b77d4ceec5d8063\",\"name\":\"NOTICIASMERCEDINAS.COM\",\"image\":{\"@type\":\"ImageObject\",\"inLanguage\":\"es\",\"@id\":\"https:\\\/\\\/secure.gravatar.com\\\/avatar\\\/4dfbf16b4d17945bfb6341b2d19043457132fcf478a5ee04f42e959fd8f5df0a?s=96&d=mm&r=g\",\"url\":\"https:\\\/\\\/secure.gravatar.com\\\/avatar\\\/4dfbf16b4d17945bfb6341b2d19043457132fcf478a5ee04f42e959fd8f5df0a?s=96&d=mm&r=g\",\"contentUrl\":\"https:\\\/\\\/secure.gravatar.com\\\/avatar\\\/4dfbf16b4d17945bfb6341b2d19043457132fcf478a5ee04f42e959fd8f5df0a?s=96&d=mm&r=g\",\"caption\":\"NOTICIASMERCEDINAS.COM\"},\"url\":\"https:\\\/\\\/noticiasmercedinas.com\\\/site\\\/author\\\/anonimo\\\/\"}]}<\/script>\n<!-- \/ Yoast SEO plugin. -->","yoast_head_json":{"title":"El ciclo Universo Cine contin\u00faa con gran \u00e9xito en el Colegio de Abogados","robots":{"index":"index","follow":"follow","max-snippet":"max-snippet:-1","max-image-preview":"max-image-preview:large","max-video-preview":"max-video-preview:-1"},"canonical":"https:\/\/noticiasmercedinas.com\/site\/2024\/09\/16\/el-ciclo-universo-cine-continua-con-gran-exito-en-el-colegio-de-abogados\/","og_locale":"es_ES","og_type":"article","og_title":"El ciclo Universo Cine contin\u00faa con gran \u00e9xito en el Colegio de Abogados","og_description":"\u25a0 La pr\u00f3xima proyecci\u00f3n est\u00e1 prevista para el viernes 20 de septiembre a las 19 horas, en el sal\u00f3n de actos de la instituci\u00f3n. Se ver\u00e1 \"La jungla de asfalto\".","og_url":"https:\/\/noticiasmercedinas.com\/site\/2024\/09\/16\/el-ciclo-universo-cine-continua-con-gran-exito-en-el-colegio-de-abogados\/","og_site_name":"NOTICIASMERCEDINAS.COM","article_publisher":"https:\/\/www.facebook.com\/noticiasmercedinas\/","article_published_time":"2024-09-16T15:29:32+00:00","og_image":[{"width":923,"height":504,"url":"https:\/\/noticiasmercedinas.com\/site\/wp-content\/uploads\/2024\/09\/MARY-e1726500490567.jpg","type":"image\/jpeg"}],"author":"NOTICIASMERCEDINAS.COM","twitter_card":"summary_large_image","twitter_creator":"@notmercedinas","twitter_site":"@notmercedinas","twitter_misc":{"Escrito por":"NOTICIASMERCEDINAS.COM","Tiempo de lectura":"2 minutos"},"schema":{"@context":"https:\/\/schema.org","@graph":[{"@type":"Article","@id":"https:\/\/noticiasmercedinas.com\/site\/2024\/09\/16\/el-ciclo-universo-cine-continua-con-gran-exito-en-el-colegio-de-abogados\/#article","isPartOf":{"@id":"https:\/\/noticiasmercedinas.com\/site\/2024\/09\/16\/el-ciclo-universo-cine-continua-con-gran-exito-en-el-colegio-de-abogados\/"},"author":{"name":"NOTICIASMERCEDINAS.COM","@id":"https:\/\/noticiasmercedinas.com\/site\/#\/schema\/person\/84b59c099c28ff2e8b77d4ceec5d8063"},"headline":"El ciclo Universo Cine contin\u00faa con gran \u00e9xito en el Colegio de Abogados","datePublished":"2024-09-16T15:29:32+00:00","mainEntityOfPage":{"@id":"https:\/\/noticiasmercedinas.com\/site\/2024\/09\/16\/el-ciclo-universo-cine-continua-con-gran-exito-en-el-colegio-de-abogados\/"},"wordCount":353,"publisher":{"@id":"https:\/\/noticiasmercedinas.com\/site\/#organization"},"image":{"@id":"https:\/\/noticiasmercedinas.com\/site\/2024\/09\/16\/el-ciclo-universo-cine-continua-con-gran-exito-en-el-colegio-de-abogados\/#primaryimage"},"thumbnailUrl":"https:\/\/noticiasmercedinas.com\/site\/wp-content\/uploads\/2024\/09\/MARY-e1726500490567.jpg","keywords":["Carlos Mar\u00eda Dieuzeide","marilyn monroe","universo cine"],"articleSection":["Cultura"],"inLanguage":"es"},{"@type":"WebPage","@id":"https:\/\/noticiasmercedinas.com\/site\/2024\/09\/16\/el-ciclo-universo-cine-continua-con-gran-exito-en-el-colegio-de-abogados\/","url":"https:\/\/noticiasmercedinas.com\/site\/2024\/09\/16\/el-ciclo-universo-cine-continua-con-gran-exito-en-el-colegio-de-abogados\/","name":"El ciclo Universo Cine contin\u00faa con gran \u00e9xito en el Colegio de Abogados","isPartOf":{"@id":"https:\/\/noticiasmercedinas.com\/site\/#website"},"primaryImageOfPage":{"@id":"https:\/\/noticiasmercedinas.com\/site\/2024\/09\/16\/el-ciclo-universo-cine-continua-con-gran-exito-en-el-colegio-de-abogados\/#primaryimage"},"image":{"@id":"https:\/\/noticiasmercedinas.com\/site\/2024\/09\/16\/el-ciclo-universo-cine-continua-con-gran-exito-en-el-colegio-de-abogados\/#primaryimage"},"thumbnailUrl":"https:\/\/noticiasmercedinas.com\/site\/wp-content\/uploads\/2024\/09\/MARY-e1726500490567.jpg","datePublished":"2024-09-16T15:29:32+00:00","breadcrumb":{"@id":"https:\/\/noticiasmercedinas.com\/site\/2024\/09\/16\/el-ciclo-universo-cine-continua-con-gran-exito-en-el-colegio-de-abogados\/#breadcrumb"},"inLanguage":"es","potentialAction":[{"@type":"ReadAction","target":["https:\/\/noticiasmercedinas.com\/site\/2024\/09\/16\/el-ciclo-universo-cine-continua-con-gran-exito-en-el-colegio-de-abogados\/"]}]},{"@type":"ImageObject","inLanguage":"es","@id":"https:\/\/noticiasmercedinas.com\/site\/2024\/09\/16\/el-ciclo-universo-cine-continua-con-gran-exito-en-el-colegio-de-abogados\/#primaryimage","url":"https:\/\/noticiasmercedinas.com\/site\/wp-content\/uploads\/2024\/09\/MARY-e1726500490567.jpg","contentUrl":"https:\/\/noticiasmercedinas.com\/site\/wp-content\/uploads\/2024\/09\/MARY-e1726500490567.jpg","width":923,"height":504},{"@type":"BreadcrumbList","@id":"https:\/\/noticiasmercedinas.com\/site\/2024\/09\/16\/el-ciclo-universo-cine-continua-con-gran-exito-en-el-colegio-de-abogados\/#breadcrumb","itemListElement":[{"@type":"ListItem","position":1,"name":"Portada","item":"https:\/\/noticiasmercedinas.com\/site\/"},{"@type":"ListItem","position":2,"name":"El ciclo Universo Cine contin\u00faa con gran \u00e9xito en el Colegio de Abogados"}]},{"@type":"WebSite","@id":"https:\/\/noticiasmercedinas.com\/site\/#website","url":"https:\/\/noticiasmercedinas.com\/site\/","name":"NOTICIASMERCEDINAS.COM","description":"Mercedes, Buenos Aires, Argentina","publisher":{"@id":"https:\/\/noticiasmercedinas.com\/site\/#organization"},"potentialAction":[{"@type":"SearchAction","target":{"@type":"EntryPoint","urlTemplate":"https:\/\/noticiasmercedinas.com\/site\/?s={search_term_string}"},"query-input":{"@type":"PropertyValueSpecification","valueRequired":true,"valueName":"search_term_string"}}],"inLanguage":"es"},{"@type":"Organization","@id":"https:\/\/noticiasmercedinas.com\/site\/#organization","name":"NOTICIASMERCEDINAS.COM","url":"https:\/\/noticiasmercedinas.com\/site\/","logo":{"@type":"ImageObject","inLanguage":"es","@id":"https:\/\/noticiasmercedinas.com\/site\/#\/schema\/logo\/image\/","url":"https:\/\/noticiasmercedinas.com\/site\/wp-content\/uploads\/2020\/06\/LOGO-512.jpg","contentUrl":"https:\/\/noticiasmercedinas.com\/site\/wp-content\/uploads\/2020\/06\/LOGO-512.jpg","width":512,"height":512,"caption":"NOTICIASMERCEDINAS.COM"},"image":{"@id":"https:\/\/noticiasmercedinas.com\/site\/#\/schema\/logo\/image\/"},"sameAs":["https:\/\/www.facebook.com\/noticiasmercedinas\/","https:\/\/x.com\/notmercedinas","https:\/\/www.instagram.com\/noticiasmercedinas\/"]},{"@type":"Person","@id":"https:\/\/noticiasmercedinas.com\/site\/#\/schema\/person\/84b59c099c28ff2e8b77d4ceec5d8063","name":"NOTICIASMERCEDINAS.COM","image":{"@type":"ImageObject","inLanguage":"es","@id":"https:\/\/secure.gravatar.com\/avatar\/4dfbf16b4d17945bfb6341b2d19043457132fcf478a5ee04f42e959fd8f5df0a?s=96&d=mm&r=g","url":"https:\/\/secure.gravatar.com\/avatar\/4dfbf16b4d17945bfb6341b2d19043457132fcf478a5ee04f42e959fd8f5df0a?s=96&d=mm&r=g","contentUrl":"https:\/\/secure.gravatar.com\/avatar\/4dfbf16b4d17945bfb6341b2d19043457132fcf478a5ee04f42e959fd8f5df0a?s=96&d=mm&r=g","caption":"NOTICIASMERCEDINAS.COM"},"url":"https:\/\/noticiasmercedinas.com\/site\/author\/anonimo\/"}]}},"amp_enabled":true,"_links":{"self":[{"href":"https:\/\/noticiasmercedinas.com\/site\/wp-json\/wp\/v2\/posts\/144070","targetHints":{"allow":["GET"]}}],"collection":[{"href":"https:\/\/noticiasmercedinas.com\/site\/wp-json\/wp\/v2\/posts"}],"about":[{"href":"https:\/\/noticiasmercedinas.com\/site\/wp-json\/wp\/v2\/types\/post"}],"author":[{"embeddable":true,"href":"https:\/\/noticiasmercedinas.com\/site\/wp-json\/wp\/v2\/users\/16"}],"replies":[{"embeddable":true,"href":"https:\/\/noticiasmercedinas.com\/site\/wp-json\/wp\/v2\/comments?post=144070"}],"version-history":[{"count":1,"href":"https:\/\/noticiasmercedinas.com\/site\/wp-json\/wp\/v2\/posts\/144070\/revisions"}],"predecessor-version":[{"id":144072,"href":"https:\/\/noticiasmercedinas.com\/site\/wp-json\/wp\/v2\/posts\/144070\/revisions\/144072"}],"wp:featuredmedia":[{"embeddable":true,"href":"https:\/\/noticiasmercedinas.com\/site\/wp-json\/wp\/v2\/media\/144071"}],"wp:attachment":[{"href":"https:\/\/noticiasmercedinas.com\/site\/wp-json\/wp\/v2\/media?parent=144070"}],"wp:term":[{"taxonomy":"category","embeddable":true,"href":"https:\/\/noticiasmercedinas.com\/site\/wp-json\/wp\/v2\/categories?post=144070"},{"taxonomy":"post_tag","embeddable":true,"href":"https:\/\/noticiasmercedinas.com\/site\/wp-json\/wp\/v2\/tags?post=144070"}],"curies":[{"name":"wp","href":"https:\/\/api.w.org\/{rel}","templated":true}]}}