{"id":144116,"date":"2024-09-16T18:04:47","date_gmt":"2024-09-16T21:04:47","guid":{"rendered":"https:\/\/noticiasmercedinas.com\/site\/?p=144116"},"modified":"2024-09-16T18:04:47","modified_gmt":"2024-09-16T21:04:47","slug":"horacio-vivares-director-de-la-orquesta-escuela-la-musica-transforma-y-moldea-el-espiritu-de-los-chicos","status":"publish","type":"post","link":"https:\/\/noticiasmercedinas.com\/site\/2024\/09\/16\/horacio-vivares-director-de-la-orquesta-escuela-la-musica-transforma-y-moldea-el-espiritu-de-los-chicos\/","title":{"rendered":"Horacio Vivares, director de la Orquesta Escuela: \u00abLa m\u00fasica transforma y moldea el esp\u00edritu de los chicos\u00bb"},"content":{"rendered":"<p><img loading=\"lazy\" decoding=\"async\" class=\"alignnone size-full wp-image-144117\" src=\"https:\/\/noticiasmercedinas.com\/site\/wp-content\/uploads\/2024\/09\/HORACIOVIVARES0.jpg\" alt=\"\" width=\"640\" height=\"419\" srcset=\"https:\/\/noticiasmercedinas.com\/site\/wp-content\/uploads\/2024\/09\/HORACIOVIVARES0.jpg 640w, https:\/\/noticiasmercedinas.com\/site\/wp-content\/uploads\/2024\/09\/HORACIOVIVARES0-300x196.jpg 300w\" sizes=\"auto, (max-width: 640px) 100vw, 640px\" \/><\/p>\n<p>La Orquesta Escuela de Mercedes ha tenido una destacada participaci\u00f3n en la Fiesta Nacional del Salame, un evento que congrega a miles de personas cada a\u00f1o.<\/p>\n<p>En esta entrevista, <strong>Horacio Vivares<\/strong>, el director de la orquesta comparte sus reflexiones sobre la experiencia de tocar en un evento tan importante, el valor de la m\u00fasica en la formaci\u00f3n de los j\u00f3venes y su propia trayectoria como m\u00fasico y educador.<\/p>\n<p>Vivares\u00a0lleva casi 40 a\u00f1os como docente. Empez\u00f3 muy joven, estudi\u00f3 guitarra desde peque\u00f1o en el Conservatorio Nacional y se recibi\u00f3 de Profesor Nacional de M\u00fasica con especializaci\u00f3n en guitarra. Despu\u00e9s, hizo la carrera de Direcci\u00f3n de Orquesta Sinf\u00f3nica en el Conservatorio Manuel de Falla, lo que le permiti\u00f3 realizar actividades musicales en muchos lugares del mundo.<\/p>\n<p>Ha tenido la oportunidad de viajar por varios pa\u00edses de Europa y Am\u00e9rica Latina, y la m\u00fasica lo ha llevado a conocer personas y lugares incre\u00edbles. Ha sido su gran compa\u00f1era en la vida, y hoy su mayor satisfacci\u00f3n &#8211;cuenta&#8211; es compartir eso con la comunidad, las familias y, especialmente, con los chicos y chicas de la orquesta.<\/p>\n<p><strong>\u2013 \u00bfC\u00f3mo viviste la \u00faltima presentaci\u00f3n de la Orquesta Escuela en la Fiesta Nacional del Salame?<\/strong><\/p>\n<p>La Fiesta del Salame es un evento muy importante para la ciudad de Mercedes. Nosotros ya hemos participado en otras ediciones, pero no en este predio. Para nosotros es muy especial porque, primero, es una fiesta de la ciudad, y nuestros alumnos son todos de aqu\u00ed. Es una oportunidad para mostrarse frente a toda la comunidad y a visitantes de otros lugares, ante una cantidad de gente gigantesca, como la que hubo ese fin de semana. Adem\u00e1s, el escenario es muy amplio, lo cual es una experiencia muy enriquecedora para los chicos.<\/p>\n<blockquote><p>\u00abTocar en un escenario no es algo sencillo, a veces uno est\u00e1 muy nervioso. Sin embargo, eso se va superando con la pr\u00e1ctica en distintos lugares. Para nosotros es una alegr\u00eda participar en un evento tan trascendente, donde muchos de los chicos tocaban por primera vez en un concierto\u00bb<\/p><\/blockquote>\n<p>Tocar en un escenario no es algo sencillo, a veces uno est\u00e1 muy nervioso. Sin embargo, eso se va superando con la pr\u00e1ctica en distintos lugares. Para nosotros es una alegr\u00eda participar en un evento tan trascendente, donde muchos de los chicos tocaban por primera vez en un concierto. Esto es crucial para su aprendizaje como m\u00fasicos: enfrentarse a micr\u00f3fonos, monitores, y a la t\u00e9cnica esc\u00e9nica en general. Y, adem\u00e1s, tocar frente a nuestra gente es maravilloso.<\/p>\n<p><strong>\u2013 En la presentaci\u00f3n dejaste un mensaje claro sobre que la Orquesta Escuela es una comunidad a escala y que se pueden aprender muchas cosas de ella. \u00bfPodr\u00edas recordar esa idea?<\/strong><\/p>\n<p>Siempre pienso que el trabajo en una orquesta escuela es muy espec\u00edfico, y lo asemejo a un ideal de sociedad. Es un espacio donde se respeta a todos, donde hay justicia y oportunidades para todos. En nuestra orquesta recibimos a cualquier persona que quiera venir. No ponemos ex\u00e1menes de ingreso. Vienen chicos que no saben nada de m\u00fasica y, desde el primer d\u00eda, ya pueden tocar una nota o dos en la orquesta. No hacemos distinciones ni categorizamos a la gente.<\/p>\n<p>La din\u00e1mica que se da en la orquesta es la de la colaboraci\u00f3n y la solidaridad. Los chicos m\u00e1s grandes, con m\u00e1s experiencia, ayudan a los que reci\u00e9n empiezan. Les ense\u00f1an a armar los atriles, a seguir las partituras, o c\u00f3mo posicionar los dedos. Eso lo comparo con una sociedad ideal: aquellos que tienen m\u00e1s oportunidades ayudan a los que tienen menos.<\/p>\n<p>El objetivo en la orquesta no es sobresalir individualmente, sino lograr que todos toquen el mismo sonido, que el esfuerzo se ponga en funci\u00f3n del grupo. Pienso que nuestra sociedad ser\u00eda muy diferente si los que tienen m\u00e1s oportunidades pusieran su esfuerzo en mejorar el conjunto.<\/p>\n<p><img loading=\"lazy\" decoding=\"async\" class=\"alignnone size-full wp-image-144119\" src=\"https:\/\/noticiasmercedinas.com\/site\/wp-content\/uploads\/2024\/09\/HORACIOVIVARES.jpg\" alt=\"\" width=\"640\" height=\"454\" srcset=\"https:\/\/noticiasmercedinas.com\/site\/wp-content\/uploads\/2024\/09\/HORACIOVIVARES.jpg 640w, https:\/\/noticiasmercedinas.com\/site\/wp-content\/uploads\/2024\/09\/HORACIOVIVARES-300x213.jpg 300w\" sizes=\"auto, (max-width: 640px) 100vw, 640px\" \/><\/p>\n<p><strong>\u2013 \u00bfQu\u00e9 cosas encontr\u00e1s en tu trabajo como director de la Orquesta Escuela de Mercedes?<\/strong><\/p>\n<p>Llevo 15 a\u00f1os dirigiendo la Orquesta Escuela de Mercedes, a pesar de que vivo en Castelar. Para m\u00ed, que soy educador y siempre he trabajado en instituciones educativas, es un trabajo maravilloso y enriquecedor. Trabajar con chicos es espectacular por la frescura que tienen y por ver c\u00f3mo van avanzando paso a paso. Es algo que me llena de alegr\u00eda.<\/p>\n<p>En Mercedes, adem\u00e1s, siempre hemos tenido much\u00edsimo apoyo de las autoridades municipales. No en todos lados ocurre esto, pero en Mercedes, el municipio sostiene nuestra actividad y est\u00e1 presente en todo lo que necesitamos. Esto hace que dirigir aqu\u00ed sea un trabajo hermos\u00edsimo, haciendo m\u00fasica con chicas y chicos en un lugar que valora y apoya la cultura.<\/p>\n<blockquote><p>\u00abTenemos casos como el de uno de nuestros chicos que empez\u00f3 en la orquesta en 2005 y hoy es una de las principales violas de la Orquesta Sinf\u00f3nica Nacional. Este es solo un ejemplo de c\u00f3mo la m\u00fasica puede cambiar vidas\u00bb<\/p><\/blockquote>\n<p><strong>\u2013 \u00bfQu\u00e9 cre\u00e9s que puede hacer la m\u00fasica en los chicos de la Orquesta y sus familias, y qu\u00e9 has visto que hace?<\/strong><\/p>\n<p>La m\u00fasica, tomada desde programas como este, produce efectos no solo en los chicos, sino tambi\u00e9n en las familias. En muchas de las orquestas del programa, se forman comisiones de padres y madres que colaboran activamente. Las familias se involucran, organizan desayunos, colaboran en todo lo necesario. Este tipo de programas genera comunidad.<\/p>\n<p>Para los chicos, la m\u00fasica les brinda la oportunidad de descubrir talentos que, de otro modo, podr\u00edan haber quedado ocultos. Tenemos casos como el de uno de nuestros chicos que empez\u00f3 en la orquesta en 2005 y hoy es una de las principales violas de la Orquesta Sinf\u00f3nica Nacional. Este es solo un ejemplo de c\u00f3mo la m\u00fasica puede cambiar vidas. Aunque no todos llegar\u00e1n a ser grandes m\u00fasicos, lo que buscamos es que la m\u00fasica los acompa\u00f1e siempre, que disfruten de ella y que les moldee el esp\u00edritu.<\/p>\n<p><img loading=\"lazy\" decoding=\"async\" class=\"alignnone size-full wp-image-144118\" src=\"https:\/\/noticiasmercedinas.com\/site\/wp-content\/uploads\/2024\/09\/HORACIOVIVARES1.jpg\" alt=\"\" width=\"640\" height=\"431\" srcset=\"https:\/\/noticiasmercedinas.com\/site\/wp-content\/uploads\/2024\/09\/HORACIOVIVARES1.jpg 640w, https:\/\/noticiasmercedinas.com\/site\/wp-content\/uploads\/2024\/09\/HORACIOVIVARES1-300x202.jpg 300w\" sizes=\"auto, (max-width: 640px) 100vw, 640px\" \/><\/p>\n","protected":false},"excerpt":{"rendered":"<p>La Orquesta Escuela de Mercedes ha tenido una destacada participaci\u00f3n en la Fiesta Nacional del Salame, un evento que congrega a miles de personas cada a\u00f1o. En esta entrevista, Horacio Vivares, el director de la orquesta comparte sus reflexiones sobre la experiencia de tocar en un evento tan importante, el valor de la m\u00fasica en [&hellip;]<\/p>\n","protected":false},"author":2,"featured_media":144117,"comment_status":"closed","ping_status":"closed","sticky":false,"template":"","format":"standard","meta":{"footnotes":""},"categories":[9],"tags":[31,18827,2885],"class_list":["post-144116","post","type-post","status-publish","format-standard","has-post-thumbnail","hentry","category-entrevistas","tag-fiesta-del-salame","tag-horacio-vivares","tag-orquesta-escuela"],"yoast_head":"<!-- This site is optimized with the Yoast SEO plugin v27.4 - https:\/\/yoast.com\/product\/yoast-seo-wordpress\/ -->\n<title>Horacio Vivares, director de la Orquesta Escuela: &quot;La m\u00fasica transforma y moldea el esp\u00edritu de los chicos&quot;<\/title>\n<meta name=\"robots\" content=\"index, follow, max-snippet:-1, max-image-preview:large, max-video-preview:-1\" \/>\n<link rel=\"canonical\" href=\"https:\/\/noticiasmercedinas.com\/site\/2024\/09\/16\/horacio-vivares-director-de-la-orquesta-escuela-la-musica-transforma-y-moldea-el-espiritu-de-los-chicos\/\" \/>\n<meta property=\"og:locale\" content=\"es_ES\" \/>\n<meta property=\"og:type\" content=\"article\" \/>\n<meta property=\"og:title\" content=\"Horacio Vivares, director de la Orquesta Escuela: &quot;La m\u00fasica transforma y moldea el esp\u00edritu de los chicos&quot;\" \/>\n<meta property=\"og:description\" content=\"La Orquesta Escuela de Mercedes ha tenido una destacada participaci\u00f3n en la Fiesta Nacional del Salame, un evento que congrega a miles de personas cada a\u00f1o. En esta entrevista, Horacio Vivares, el director de la orquesta comparte sus reflexiones sobre la experiencia de tocar en un evento tan importante, el valor de la m\u00fasica en [&hellip;]\" \/>\n<meta property=\"og:url\" content=\"https:\/\/noticiasmercedinas.com\/site\/2024\/09\/16\/horacio-vivares-director-de-la-orquesta-escuela-la-musica-transforma-y-moldea-el-espiritu-de-los-chicos\/\" \/>\n<meta property=\"og:site_name\" content=\"NOTICIASMERCEDINAS.COM\" \/>\n<meta property=\"article:publisher\" content=\"https:\/\/www.facebook.com\/noticiasmercedinas\/\" \/>\n<meta property=\"article:author\" content=\"https:\/\/www.facebook.com\/cristian.falabella\" \/>\n<meta property=\"article:published_time\" content=\"2024-09-16T21:04:47+00:00\" \/>\n<meta property=\"og:image\" content=\"https:\/\/noticiasmercedinas.com\/site\/wp-content\/uploads\/2024\/09\/HORACIOVIVARES0.jpg\" \/>\n\t<meta property=\"og:image:width\" content=\"640\" \/>\n\t<meta property=\"og:image:height\" content=\"419\" \/>\n\t<meta property=\"og:image:type\" content=\"image\/jpeg\" \/>\n<meta name=\"author\" content=\"Cristian Falabella NOTICIASMERCEDINAS.COM\" \/>\n<meta name=\"twitter:card\" content=\"summary_large_image\" \/>\n<meta name=\"twitter:creator\" content=\"@https:\/\/twitter.com\/NOTMERCEDINAS\" \/>\n<meta name=\"twitter:site\" content=\"@notmercedinas\" \/>\n<meta name=\"twitter:label1\" content=\"Escrito por\" \/>\n\t<meta name=\"twitter:data1\" content=\"Cristian Falabella NOTICIASMERCEDINAS.COM\" \/>\n\t<meta name=\"twitter:label2\" content=\"Tiempo de lectura\" \/>\n\t<meta name=\"twitter:data2\" content=\"5 minutos\" \/>\n<script type=\"application\/ld+json\" class=\"yoast-schema-graph\">{\"@context\":\"https:\\\/\\\/schema.org\",\"@graph\":[{\"@type\":\"Article\",\"@id\":\"https:\\\/\\\/noticiasmercedinas.com\\\/site\\\/2024\\\/09\\\/16\\\/horacio-vivares-director-de-la-orquesta-escuela-la-musica-transforma-y-moldea-el-espiritu-de-los-chicos\\\/#article\",\"isPartOf\":{\"@id\":\"https:\\\/\\\/noticiasmercedinas.com\\\/site\\\/2024\\\/09\\\/16\\\/horacio-vivares-director-de-la-orquesta-escuela-la-musica-transforma-y-moldea-el-espiritu-de-los-chicos\\\/\"},\"author\":{\"name\":\"Cristian Falabella NOTICIASMERCEDINAS.COM\",\"@id\":\"https:\\\/\\\/noticiasmercedinas.com\\\/site\\\/#\\\/schema\\\/person\\\/d481a9696a5feaec13a60e2bbd991a6a\"},\"headline\":\"Horacio Vivares, director de la Orquesta Escuela: \u00abLa m\u00fasica transforma y moldea el esp\u00edritu de los chicos\u00bb\",\"datePublished\":\"2024-09-16T21:04:47+00:00\",\"mainEntityOfPage\":{\"@id\":\"https:\\\/\\\/noticiasmercedinas.com\\\/site\\\/2024\\\/09\\\/16\\\/horacio-vivares-director-de-la-orquesta-escuela-la-musica-transforma-y-moldea-el-espiritu-de-los-chicos\\\/\"},\"wordCount\":1060,\"publisher\":{\"@id\":\"https:\\\/\\\/noticiasmercedinas.com\\\/site\\\/#organization\"},\"image\":{\"@id\":\"https:\\\/\\\/noticiasmercedinas.com\\\/site\\\/2024\\\/09\\\/16\\\/horacio-vivares-director-de-la-orquesta-escuela-la-musica-transforma-y-moldea-el-espiritu-de-los-chicos\\\/#primaryimage\"},\"thumbnailUrl\":\"https:\\\/\\\/noticiasmercedinas.com\\\/site\\\/wp-content\\\/uploads\\\/2024\\\/09\\\/HORACIOVIVARES0.jpg\",\"keywords\":[\"fiesta del salame\",\"horacio vivares\",\"orquesta escuela\"],\"articleSection\":[\"Entrevistas\"],\"inLanguage\":\"es\"},{\"@type\":\"WebPage\",\"@id\":\"https:\\\/\\\/noticiasmercedinas.com\\\/site\\\/2024\\\/09\\\/16\\\/horacio-vivares-director-de-la-orquesta-escuela-la-musica-transforma-y-moldea-el-espiritu-de-los-chicos\\\/\",\"url\":\"https:\\\/\\\/noticiasmercedinas.com\\\/site\\\/2024\\\/09\\\/16\\\/horacio-vivares-director-de-la-orquesta-escuela-la-musica-transforma-y-moldea-el-espiritu-de-los-chicos\\\/\",\"name\":\"Horacio Vivares, director de la Orquesta Escuela: \\\"La m\u00fasica transforma y moldea el esp\u00edritu de los chicos\\\"\",\"isPartOf\":{\"@id\":\"https:\\\/\\\/noticiasmercedinas.com\\\/site\\\/#website\"},\"primaryImageOfPage\":{\"@id\":\"https:\\\/\\\/noticiasmercedinas.com\\\/site\\\/2024\\\/09\\\/16\\\/horacio-vivares-director-de-la-orquesta-escuela-la-musica-transforma-y-moldea-el-espiritu-de-los-chicos\\\/#primaryimage\"},\"image\":{\"@id\":\"https:\\\/\\\/noticiasmercedinas.com\\\/site\\\/2024\\\/09\\\/16\\\/horacio-vivares-director-de-la-orquesta-escuela-la-musica-transforma-y-moldea-el-espiritu-de-los-chicos\\\/#primaryimage\"},\"thumbnailUrl\":\"https:\\\/\\\/noticiasmercedinas.com\\\/site\\\/wp-content\\\/uploads\\\/2024\\\/09\\\/HORACIOVIVARES0.jpg\",\"datePublished\":\"2024-09-16T21:04:47+00:00\",\"breadcrumb\":{\"@id\":\"https:\\\/\\\/noticiasmercedinas.com\\\/site\\\/2024\\\/09\\\/16\\\/horacio-vivares-director-de-la-orquesta-escuela-la-musica-transforma-y-moldea-el-espiritu-de-los-chicos\\\/#breadcrumb\"},\"inLanguage\":\"es\",\"potentialAction\":[{\"@type\":\"ReadAction\",\"target\":[\"https:\\\/\\\/noticiasmercedinas.com\\\/site\\\/2024\\\/09\\\/16\\\/horacio-vivares-director-de-la-orquesta-escuela-la-musica-transforma-y-moldea-el-espiritu-de-los-chicos\\\/\"]}]},{\"@type\":\"ImageObject\",\"inLanguage\":\"es\",\"@id\":\"https:\\\/\\\/noticiasmercedinas.com\\\/site\\\/2024\\\/09\\\/16\\\/horacio-vivares-director-de-la-orquesta-escuela-la-musica-transforma-y-moldea-el-espiritu-de-los-chicos\\\/#primaryimage\",\"url\":\"https:\\\/\\\/noticiasmercedinas.com\\\/site\\\/wp-content\\\/uploads\\\/2024\\\/09\\\/HORACIOVIVARES0.jpg\",\"contentUrl\":\"https:\\\/\\\/noticiasmercedinas.com\\\/site\\\/wp-content\\\/uploads\\\/2024\\\/09\\\/HORACIOVIVARES0.jpg\",\"width\":640,\"height\":419},{\"@type\":\"BreadcrumbList\",\"@id\":\"https:\\\/\\\/noticiasmercedinas.com\\\/site\\\/2024\\\/09\\\/16\\\/horacio-vivares-director-de-la-orquesta-escuela-la-musica-transforma-y-moldea-el-espiritu-de-los-chicos\\\/#breadcrumb\",\"itemListElement\":[{\"@type\":\"ListItem\",\"position\":1,\"name\":\"Portada\",\"item\":\"https:\\\/\\\/noticiasmercedinas.com\\\/site\\\/\"},{\"@type\":\"ListItem\",\"position\":2,\"name\":\"Horacio Vivares, director de la Orquesta Escuela: \u00abLa m\u00fasica transforma y moldea el esp\u00edritu de los chicos\u00bb\"}]},{\"@type\":\"WebSite\",\"@id\":\"https:\\\/\\\/noticiasmercedinas.com\\\/site\\\/#website\",\"url\":\"https:\\\/\\\/noticiasmercedinas.com\\\/site\\\/\",\"name\":\"NOTICIASMERCEDINAS.COM\",\"description\":\"Mercedes, Buenos Aires, Argentina\",\"publisher\":{\"@id\":\"https:\\\/\\\/noticiasmercedinas.com\\\/site\\\/#organization\"},\"potentialAction\":[{\"@type\":\"SearchAction\",\"target\":{\"@type\":\"EntryPoint\",\"urlTemplate\":\"https:\\\/\\\/noticiasmercedinas.com\\\/site\\\/?s={search_term_string}\"},\"query-input\":{\"@type\":\"PropertyValueSpecification\",\"valueRequired\":true,\"valueName\":\"search_term_string\"}}],\"inLanguage\":\"es\"},{\"@type\":\"Organization\",\"@id\":\"https:\\\/\\\/noticiasmercedinas.com\\\/site\\\/#organization\",\"name\":\"NOTICIASMERCEDINAS.COM\",\"url\":\"https:\\\/\\\/noticiasmercedinas.com\\\/site\\\/\",\"logo\":{\"@type\":\"ImageObject\",\"inLanguage\":\"es\",\"@id\":\"https:\\\/\\\/noticiasmercedinas.com\\\/site\\\/#\\\/schema\\\/logo\\\/image\\\/\",\"url\":\"https:\\\/\\\/noticiasmercedinas.com\\\/site\\\/wp-content\\\/uploads\\\/2020\\\/06\\\/LOGO-512.jpg\",\"contentUrl\":\"https:\\\/\\\/noticiasmercedinas.com\\\/site\\\/wp-content\\\/uploads\\\/2020\\\/06\\\/LOGO-512.jpg\",\"width\":512,\"height\":512,\"caption\":\"NOTICIASMERCEDINAS.COM\"},\"image\":{\"@id\":\"https:\\\/\\\/noticiasmercedinas.com\\\/site\\\/#\\\/schema\\\/logo\\\/image\\\/\"},\"sameAs\":[\"https:\\\/\\\/www.facebook.com\\\/noticiasmercedinas\\\/\",\"https:\\\/\\\/x.com\\\/notmercedinas\",\"https:\\\/\\\/www.instagram.com\\\/noticiasmercedinas\\\/\"]},{\"@type\":\"Person\",\"@id\":\"https:\\\/\\\/noticiasmercedinas.com\\\/site\\\/#\\\/schema\\\/person\\\/d481a9696a5feaec13a60e2bbd991a6a\",\"name\":\"Cristian Falabella NOTICIASMERCEDINAS.COM\",\"image\":{\"@type\":\"ImageObject\",\"inLanguage\":\"es\",\"@id\":\"https:\\\/\\\/secure.gravatar.com\\\/avatar\\\/0dbbfc45970cc46bcd0e57766228574ff3511d6eed045b182f536f0f478c1f06?s=96&d=mm&r=g\",\"url\":\"https:\\\/\\\/secure.gravatar.com\\\/avatar\\\/0dbbfc45970cc46bcd0e57766228574ff3511d6eed045b182f536f0f478c1f06?s=96&d=mm&r=g\",\"contentUrl\":\"https:\\\/\\\/secure.gravatar.com\\\/avatar\\\/0dbbfc45970cc46bcd0e57766228574ff3511d6eed045b182f536f0f478c1f06?s=96&d=mm&r=g\",\"caption\":\"Cristian Falabella NOTICIASMERCEDINAS.COM\"},\"description\":\"Periodista, editor de Noticias Mercedinas. Pas\u00f3 por varias redacciones y emprendimientos de prensa, en distintos formatos y \u00e9pocas. Se especializ\u00f3 --y sigue haci\u00e9ndolo-- en comunicaci\u00f3n en la web y en junio de 2006 fund\u00f3 este diario digital.\",\"sameAs\":[\"https:\\\/\\\/noticiasmercedinas.com\",\"https:\\\/\\\/www.facebook.com\\\/cristian.falabella\",\"https:\\\/\\\/www.instagram.com\\\/noticiasmercedinas\\\/\",\"https:\\\/\\\/x.com\\\/https:\\\/\\\/twitter.com\\\/NOTMERCEDINAS\"],\"url\":\"https:\\\/\\\/noticiasmercedinas.com\\\/site\\\/author\\\/as000384\\\/\"}]}<\/script>\n<!-- \/ Yoast SEO plugin. -->","yoast_head_json":{"title":"Horacio Vivares, director de la Orquesta Escuela: \"La m\u00fasica transforma y moldea el esp\u00edritu de los chicos\"","robots":{"index":"index","follow":"follow","max-snippet":"max-snippet:-1","max-image-preview":"max-image-preview:large","max-video-preview":"max-video-preview:-1"},"canonical":"https:\/\/noticiasmercedinas.com\/site\/2024\/09\/16\/horacio-vivares-director-de-la-orquesta-escuela-la-musica-transforma-y-moldea-el-espiritu-de-los-chicos\/","og_locale":"es_ES","og_type":"article","og_title":"Horacio Vivares, director de la Orquesta Escuela: \"La m\u00fasica transforma y moldea el esp\u00edritu de los chicos\"","og_description":"La Orquesta Escuela de Mercedes ha tenido una destacada participaci\u00f3n en la Fiesta Nacional del Salame, un evento que congrega a miles de personas cada a\u00f1o. En esta entrevista, Horacio Vivares, el director de la orquesta comparte sus reflexiones sobre la experiencia de tocar en un evento tan importante, el valor de la m\u00fasica en [&hellip;]","og_url":"https:\/\/noticiasmercedinas.com\/site\/2024\/09\/16\/horacio-vivares-director-de-la-orquesta-escuela-la-musica-transforma-y-moldea-el-espiritu-de-los-chicos\/","og_site_name":"NOTICIASMERCEDINAS.COM","article_publisher":"https:\/\/www.facebook.com\/noticiasmercedinas\/","article_author":"https:\/\/www.facebook.com\/cristian.falabella","article_published_time":"2024-09-16T21:04:47+00:00","og_image":[{"width":640,"height":419,"url":"https:\/\/noticiasmercedinas.com\/site\/wp-content\/uploads\/2024\/09\/HORACIOVIVARES0.jpg","type":"image\/jpeg"}],"author":"Cristian Falabella NOTICIASMERCEDINAS.COM","twitter_card":"summary_large_image","twitter_creator":"@https:\/\/twitter.com\/NOTMERCEDINAS","twitter_site":"@notmercedinas","twitter_misc":{"Escrito por":"Cristian Falabella NOTICIASMERCEDINAS.COM","Tiempo de lectura":"5 minutos"},"schema":{"@context":"https:\/\/schema.org","@graph":[{"@type":"Article","@id":"https:\/\/noticiasmercedinas.com\/site\/2024\/09\/16\/horacio-vivares-director-de-la-orquesta-escuela-la-musica-transforma-y-moldea-el-espiritu-de-los-chicos\/#article","isPartOf":{"@id":"https:\/\/noticiasmercedinas.com\/site\/2024\/09\/16\/horacio-vivares-director-de-la-orquesta-escuela-la-musica-transforma-y-moldea-el-espiritu-de-los-chicos\/"},"author":{"name":"Cristian Falabella NOTICIASMERCEDINAS.COM","@id":"https:\/\/noticiasmercedinas.com\/site\/#\/schema\/person\/d481a9696a5feaec13a60e2bbd991a6a"},"headline":"Horacio Vivares, director de la Orquesta Escuela: \u00abLa m\u00fasica transforma y moldea el esp\u00edritu de los chicos\u00bb","datePublished":"2024-09-16T21:04:47+00:00","mainEntityOfPage":{"@id":"https:\/\/noticiasmercedinas.com\/site\/2024\/09\/16\/horacio-vivares-director-de-la-orquesta-escuela-la-musica-transforma-y-moldea-el-espiritu-de-los-chicos\/"},"wordCount":1060,"publisher":{"@id":"https:\/\/noticiasmercedinas.com\/site\/#organization"},"image":{"@id":"https:\/\/noticiasmercedinas.com\/site\/2024\/09\/16\/horacio-vivares-director-de-la-orquesta-escuela-la-musica-transforma-y-moldea-el-espiritu-de-los-chicos\/#primaryimage"},"thumbnailUrl":"https:\/\/noticiasmercedinas.com\/site\/wp-content\/uploads\/2024\/09\/HORACIOVIVARES0.jpg","keywords":["fiesta del salame","horacio vivares","orquesta escuela"],"articleSection":["Entrevistas"],"inLanguage":"es"},{"@type":"WebPage","@id":"https:\/\/noticiasmercedinas.com\/site\/2024\/09\/16\/horacio-vivares-director-de-la-orquesta-escuela-la-musica-transforma-y-moldea-el-espiritu-de-los-chicos\/","url":"https:\/\/noticiasmercedinas.com\/site\/2024\/09\/16\/horacio-vivares-director-de-la-orquesta-escuela-la-musica-transforma-y-moldea-el-espiritu-de-los-chicos\/","name":"Horacio Vivares, director de la Orquesta Escuela: \"La m\u00fasica transforma y moldea el esp\u00edritu de los chicos\"","isPartOf":{"@id":"https:\/\/noticiasmercedinas.com\/site\/#website"},"primaryImageOfPage":{"@id":"https:\/\/noticiasmercedinas.com\/site\/2024\/09\/16\/horacio-vivares-director-de-la-orquesta-escuela-la-musica-transforma-y-moldea-el-espiritu-de-los-chicos\/#primaryimage"},"image":{"@id":"https:\/\/noticiasmercedinas.com\/site\/2024\/09\/16\/horacio-vivares-director-de-la-orquesta-escuela-la-musica-transforma-y-moldea-el-espiritu-de-los-chicos\/#primaryimage"},"thumbnailUrl":"https:\/\/noticiasmercedinas.com\/site\/wp-content\/uploads\/2024\/09\/HORACIOVIVARES0.jpg","datePublished":"2024-09-16T21:04:47+00:00","breadcrumb":{"@id":"https:\/\/noticiasmercedinas.com\/site\/2024\/09\/16\/horacio-vivares-director-de-la-orquesta-escuela-la-musica-transforma-y-moldea-el-espiritu-de-los-chicos\/#breadcrumb"},"inLanguage":"es","potentialAction":[{"@type":"ReadAction","target":["https:\/\/noticiasmercedinas.com\/site\/2024\/09\/16\/horacio-vivares-director-de-la-orquesta-escuela-la-musica-transforma-y-moldea-el-espiritu-de-los-chicos\/"]}]},{"@type":"ImageObject","inLanguage":"es","@id":"https:\/\/noticiasmercedinas.com\/site\/2024\/09\/16\/horacio-vivares-director-de-la-orquesta-escuela-la-musica-transforma-y-moldea-el-espiritu-de-los-chicos\/#primaryimage","url":"https:\/\/noticiasmercedinas.com\/site\/wp-content\/uploads\/2024\/09\/HORACIOVIVARES0.jpg","contentUrl":"https:\/\/noticiasmercedinas.com\/site\/wp-content\/uploads\/2024\/09\/HORACIOVIVARES0.jpg","width":640,"height":419},{"@type":"BreadcrumbList","@id":"https:\/\/noticiasmercedinas.com\/site\/2024\/09\/16\/horacio-vivares-director-de-la-orquesta-escuela-la-musica-transforma-y-moldea-el-espiritu-de-los-chicos\/#breadcrumb","itemListElement":[{"@type":"ListItem","position":1,"name":"Portada","item":"https:\/\/noticiasmercedinas.com\/site\/"},{"@type":"ListItem","position":2,"name":"Horacio Vivares, director de la Orquesta Escuela: \u00abLa m\u00fasica transforma y moldea el esp\u00edritu de los chicos\u00bb"}]},{"@type":"WebSite","@id":"https:\/\/noticiasmercedinas.com\/site\/#website","url":"https:\/\/noticiasmercedinas.com\/site\/","name":"NOTICIASMERCEDINAS.COM","description":"Mercedes, Buenos Aires, Argentina","publisher":{"@id":"https:\/\/noticiasmercedinas.com\/site\/#organization"},"potentialAction":[{"@type":"SearchAction","target":{"@type":"EntryPoint","urlTemplate":"https:\/\/noticiasmercedinas.com\/site\/?s={search_term_string}"},"query-input":{"@type":"PropertyValueSpecification","valueRequired":true,"valueName":"search_term_string"}}],"inLanguage":"es"},{"@type":"Organization","@id":"https:\/\/noticiasmercedinas.com\/site\/#organization","name":"NOTICIASMERCEDINAS.COM","url":"https:\/\/noticiasmercedinas.com\/site\/","logo":{"@type":"ImageObject","inLanguage":"es","@id":"https:\/\/noticiasmercedinas.com\/site\/#\/schema\/logo\/image\/","url":"https:\/\/noticiasmercedinas.com\/site\/wp-content\/uploads\/2020\/06\/LOGO-512.jpg","contentUrl":"https:\/\/noticiasmercedinas.com\/site\/wp-content\/uploads\/2020\/06\/LOGO-512.jpg","width":512,"height":512,"caption":"NOTICIASMERCEDINAS.COM"},"image":{"@id":"https:\/\/noticiasmercedinas.com\/site\/#\/schema\/logo\/image\/"},"sameAs":["https:\/\/www.facebook.com\/noticiasmercedinas\/","https:\/\/x.com\/notmercedinas","https:\/\/www.instagram.com\/noticiasmercedinas\/"]},{"@type":"Person","@id":"https:\/\/noticiasmercedinas.com\/site\/#\/schema\/person\/d481a9696a5feaec13a60e2bbd991a6a","name":"Cristian Falabella NOTICIASMERCEDINAS.COM","image":{"@type":"ImageObject","inLanguage":"es","@id":"https:\/\/secure.gravatar.com\/avatar\/0dbbfc45970cc46bcd0e57766228574ff3511d6eed045b182f536f0f478c1f06?s=96&d=mm&r=g","url":"https:\/\/secure.gravatar.com\/avatar\/0dbbfc45970cc46bcd0e57766228574ff3511d6eed045b182f536f0f478c1f06?s=96&d=mm&r=g","contentUrl":"https:\/\/secure.gravatar.com\/avatar\/0dbbfc45970cc46bcd0e57766228574ff3511d6eed045b182f536f0f478c1f06?s=96&d=mm&r=g","caption":"Cristian Falabella NOTICIASMERCEDINAS.COM"},"description":"Periodista, editor de Noticias Mercedinas. Pas\u00f3 por varias redacciones y emprendimientos de prensa, en distintos formatos y \u00e9pocas. Se especializ\u00f3 --y sigue haci\u00e9ndolo-- en comunicaci\u00f3n en la web y en junio de 2006 fund\u00f3 este diario digital.","sameAs":["https:\/\/noticiasmercedinas.com","https:\/\/www.facebook.com\/cristian.falabella","https:\/\/www.instagram.com\/noticiasmercedinas\/","https:\/\/x.com\/https:\/\/twitter.com\/NOTMERCEDINAS"],"url":"https:\/\/noticiasmercedinas.com\/site\/author\/as000384\/"}]}},"amp_enabled":true,"_links":{"self":[{"href":"https:\/\/noticiasmercedinas.com\/site\/wp-json\/wp\/v2\/posts\/144116","targetHints":{"allow":["GET"]}}],"collection":[{"href":"https:\/\/noticiasmercedinas.com\/site\/wp-json\/wp\/v2\/posts"}],"about":[{"href":"https:\/\/noticiasmercedinas.com\/site\/wp-json\/wp\/v2\/types\/post"}],"author":[{"embeddable":true,"href":"https:\/\/noticiasmercedinas.com\/site\/wp-json\/wp\/v2\/users\/2"}],"replies":[{"embeddable":true,"href":"https:\/\/noticiasmercedinas.com\/site\/wp-json\/wp\/v2\/comments?post=144116"}],"version-history":[{"count":1,"href":"https:\/\/noticiasmercedinas.com\/site\/wp-json\/wp\/v2\/posts\/144116\/revisions"}],"predecessor-version":[{"id":144120,"href":"https:\/\/noticiasmercedinas.com\/site\/wp-json\/wp\/v2\/posts\/144116\/revisions\/144120"}],"wp:featuredmedia":[{"embeddable":true,"href":"https:\/\/noticiasmercedinas.com\/site\/wp-json\/wp\/v2\/media\/144117"}],"wp:attachment":[{"href":"https:\/\/noticiasmercedinas.com\/site\/wp-json\/wp\/v2\/media?parent=144116"}],"wp:term":[{"taxonomy":"category","embeddable":true,"href":"https:\/\/noticiasmercedinas.com\/site\/wp-json\/wp\/v2\/categories?post=144116"},{"taxonomy":"post_tag","embeddable":true,"href":"https:\/\/noticiasmercedinas.com\/site\/wp-json\/wp\/v2\/tags?post=144116"}],"curies":[{"name":"wp","href":"https:\/\/api.w.org\/{rel}","templated":true}]}}