{"id":144224,"date":"2024-09-18T09:44:48","date_gmt":"2024-09-18T12:44:48","guid":{"rendered":"https:\/\/noticiasmercedinas.com\/site\/?p=144224"},"modified":"2024-09-18T12:17:11","modified_gmt":"2024-09-18T15:17:11","slug":"nuevo-emprendimiento-wiii-se-suma-a-eventos-los-presidentes-para-todo-tipo-de-celebraciones","status":"publish","type":"post","link":"https:\/\/noticiasmercedinas.com\/site\/2024\/09\/18\/nuevo-emprendimiento-wiii-se-suma-a-eventos-los-presidentes-para-todo-tipo-de-celebraciones\/","title":{"rendered":"Nuevo emprendimiento: Wiii !!! se suma a Eventos Los Presidentes para todo tipo de celebraciones"},"content":{"rendered":"<p><img loading=\"lazy\" decoding=\"async\" class=\"alignnone size-full wp-image-144226\" src=\"https:\/\/noticiasmercedinas.com\/site\/wp-content\/uploads\/2024\/09\/2756b17c-fdce-488c-aa73-fab9977f6d0c.jpg\" alt=\"\" width=\"1600\" height=\"1066\" srcset=\"https:\/\/noticiasmercedinas.com\/site\/wp-content\/uploads\/2024\/09\/2756b17c-fdce-488c-aa73-fab9977f6d0c.jpg 1600w, https:\/\/noticiasmercedinas.com\/site\/wp-content\/uploads\/2024\/09\/2756b17c-fdce-488c-aa73-fab9977f6d0c-300x200.jpg 300w, https:\/\/noticiasmercedinas.com\/site\/wp-content\/uploads\/2024\/09\/2756b17c-fdce-488c-aa73-fab9977f6d0c-1024x682.jpg 1024w, https:\/\/noticiasmercedinas.com\/site\/wp-content\/uploads\/2024\/09\/2756b17c-fdce-488c-aa73-fab9977f6d0c-768x512.jpg 768w, https:\/\/noticiasmercedinas.com\/site\/wp-content\/uploads\/2024\/09\/2756b17c-fdce-488c-aa73-fab9977f6d0c-1536x1023.jpg 1536w, https:\/\/noticiasmercedinas.com\/site\/wp-content\/uploads\/2024\/09\/2756b17c-fdce-488c-aa73-fab9977f6d0c-640x426.jpg 640w, https:\/\/noticiasmercedinas.com\/site\/wp-content\/uploads\/2024\/09\/2756b17c-fdce-488c-aa73-fab9977f6d0c-1280x853.jpg 1280w, https:\/\/noticiasmercedinas.com\/site\/wp-content\/uploads\/2024\/09\/2756b17c-fdce-488c-aa73-fab9977f6d0c-681x454.jpg 681w, https:\/\/noticiasmercedinas.com\/site\/wp-content\/uploads\/2024\/09\/2756b17c-fdce-488c-aa73-fab9977f6d0c-1362x907.jpg 1362w\" sizes=\"auto, (max-width: 1600px) 100vw, 1600px\" \/><\/p>\n<p>A partir del 1 de octubre, el <strong>sal\u00f3n de eventos Wiii !!!<\/strong> y<strong> Eventos Los Presidentes<\/strong> se fusionan para ofrecer una experiencia completa para celebraciones de todo tipo. Esta uni\u00f3n promete ampliar la oferta de servicios para fiestas infantiles, cumplea\u00f1os, comuniones, bautismos y reuniones empresariales en Mercedes y la zona, sumando las caracter\u00edsticas que han distinguido a ambas empresas.<\/p>\n<p><strong>Oscar Coronel<\/strong>, titular de Los Presidentes, expres\u00f3 su entusiasmo y remarc\u00f3 la satisfacci\u00f3n de que la gente los vuelva a elegir luego de prestarles servicios: \u00abEstamos muy contentos de poder sumar esta posibilidad de tener un sal\u00f3n de eventos propio. Con Los Presidentes comenzamos con el alquiler de vajilla &#8211;algo que aun hacemos&#8211; hace varios a\u00f1os, pero fuimos creciendo y ahora tambi\u00e9n ofrecemos un servicio de eventos integral que es muy reconocido. Hemos tenido casos de familias enteras que han celebrado casamientos, bautismos, cumplea\u00f1os y otros eventos con nosotros\u00bb.<\/p>\n<blockquote><p>Ya se han comenzado a recibir reservas para fechas hasta diciembre, aunque a\u00fan hay disponibilidad.<\/p><\/blockquote>\n<p><img loading=\"lazy\" decoding=\"async\" class=\"alignnone size-full wp-image-144236\" src=\"https:\/\/noticiasmercedinas.com\/site\/wp-content\/uploads\/2024\/09\/75d999d3-d0d1-497b-8013-f83f051f1b50-e1726666533203.jpg\" alt=\"\" width=\"1066\" height=\"1013\" srcset=\"https:\/\/noticiasmercedinas.com\/site\/wp-content\/uploads\/2024\/09\/75d999d3-d0d1-497b-8013-f83f051f1b50-e1726666533203.jpg 1066w, https:\/\/noticiasmercedinas.com\/site\/wp-content\/uploads\/2024\/09\/75d999d3-d0d1-497b-8013-f83f051f1b50-e1726666533203-300x285.jpg 300w, https:\/\/noticiasmercedinas.com\/site\/wp-content\/uploads\/2024\/09\/75d999d3-d0d1-497b-8013-f83f051f1b50-e1726666533203-1024x973.jpg 1024w, https:\/\/noticiasmercedinas.com\/site\/wp-content\/uploads\/2024\/09\/75d999d3-d0d1-497b-8013-f83f051f1b50-e1726666533203-768x730.jpg 768w, https:\/\/noticiasmercedinas.com\/site\/wp-content\/uploads\/2024\/09\/75d999d3-d0d1-497b-8013-f83f051f1b50-e1726666533203-640x608.jpg 640w, https:\/\/noticiasmercedinas.com\/site\/wp-content\/uploads\/2024\/09\/75d999d3-d0d1-497b-8013-f83f051f1b50-e1726666533203-681x647.jpg 681w\" sizes=\"auto, (max-width: 1066px) 100vw, 1066px\" \/><\/p>\n<p>Con la capacidad de organizar fiestas infantiles y otras celebraciones, el sal\u00f3n Wiii !!! ofrecer\u00e1 su espacio de diversi\u00f3n totalmente renovado. Entre los atractivos se destacan un pelotero e inflable, metegol, tejo, tenis de mesa, plaza blanda y m\u00e1s, todos elementos a estrenar para garantizar la diversi\u00f3n de grandes y chicos.<\/p>\n<p>Eventos Los Presidentes, que ha brindado desde 2017 un reconocido servicio de catering en la regi\u00f3n, aportar\u00e1 su experiencia para complementar estas celebraciones con un men\u00fa de calidad y la opci\u00f3n de alquiler de vajilla.<\/p>\n<p>El sal\u00f3n, ubicado en calle 114 entre 29 y 31, cuenta con capacidad para 90 personas y ya ha comenzado a recibir reservas para fechas hasta diciembre, aunque a\u00fan hay disponibilidad.<\/p>\n<p>Los interesados en conocer m\u00e1s sobre el servicio de Wiii !!!, el de \u00abLos Presidentes\u00bb o ambos sumados pueden realizar reservas o bien comunicarse al <strong>2324-591216<\/strong> (tel\u00e9fono y WhatsApp), con la opci\u00f3n de alquilar el lugar con o sin servicio incluido.<\/p>\n<p><img loading=\"lazy\" decoding=\"async\" class=\"alignnone size-full wp-image-144225\" src=\"https:\/\/noticiasmercedinas.com\/site\/wp-content\/uploads\/2024\/09\/cbc7844b-cbf0-47e5-85a1-e4101c65d055-e1726663424695.jpg\" alt=\"\" width=\"1066\" height=\"1141\" srcset=\"https:\/\/noticiasmercedinas.com\/site\/wp-content\/uploads\/2024\/09\/cbc7844b-cbf0-47e5-85a1-e4101c65d055-e1726663424695.jpg 1066w, https:\/\/noticiasmercedinas.com\/site\/wp-content\/uploads\/2024\/09\/cbc7844b-cbf0-47e5-85a1-e4101c65d055-e1726663424695-280x300.jpg 280w, https:\/\/noticiasmercedinas.com\/site\/wp-content\/uploads\/2024\/09\/cbc7844b-cbf0-47e5-85a1-e4101c65d055-e1726663424695-957x1024.jpg 957w, https:\/\/noticiasmercedinas.com\/site\/wp-content\/uploads\/2024\/09\/cbc7844b-cbf0-47e5-85a1-e4101c65d055-e1726663424695-768x822.jpg 768w, https:\/\/noticiasmercedinas.com\/site\/wp-content\/uploads\/2024\/09\/cbc7844b-cbf0-47e5-85a1-e4101c65d055-e1726663424695-640x685.jpg 640w, https:\/\/noticiasmercedinas.com\/site\/wp-content\/uploads\/2024\/09\/cbc7844b-cbf0-47e5-85a1-e4101c65d055-e1726663424695-681x729.jpg 681w\" sizes=\"auto, (max-width: 1066px) 100vw, 1066px\" \/><\/p>\n","protected":false},"excerpt":{"rendered":"<p>A partir del 1 de octubre, el sal\u00f3n de eventos Wiii !!! y Eventos Los Presidentes se fusionan para ofrecer una experiencia completa para celebraciones de todo tipo. Esta uni\u00f3n promete ampliar la oferta de servicios para fiestas infantiles, cumplea\u00f1os, comuniones, bautismos y reuniones empresariales en Mercedes y la zona, sumando las caracter\u00edsticas que han [&hellip;]<\/p>\n","protected":false},"author":16,"featured_media":144226,"comment_status":"closed","ping_status":"closed","sticky":false,"template":"","format":"standard","meta":{"footnotes":""},"categories":[74],"tags":[18836,13564,18837,18833,14803,18835,18834],"class_list":["post-144224","post","type-post","status-publish","format-standard","has-post-thumbnail","hentry","category-emprendimientos","tag-alquiler-de-vajilla","tag-catering","tag-los-presidentes","tag-ls-presidentes","tag-oscar-coronel","tag-salon-de-eventos","tag-wiii"],"yoast_head":"<!-- This site is optimized with the Yoast SEO plugin v27.5 - https:\/\/yoast.com\/product\/yoast-seo-wordpress\/ -->\n<title>Nuevo emprendimiento: Wiii !!! se suma a Eventos Los Presidentes para todo tipo de celebraciones<\/title>\n<meta name=\"robots\" content=\"index, follow, max-snippet:-1, max-image-preview:large, max-video-preview:-1\" \/>\n<link rel=\"canonical\" href=\"https:\/\/noticiasmercedinas.com\/site\/2024\/09\/18\/nuevo-emprendimiento-wiii-se-suma-a-eventos-los-presidentes-para-todo-tipo-de-celebraciones\/\" \/>\n<meta property=\"og:locale\" content=\"es_ES\" \/>\n<meta property=\"og:type\" content=\"article\" \/>\n<meta property=\"og:title\" content=\"Nuevo emprendimiento: Wiii !!! se suma a Eventos Los Presidentes para todo tipo de celebraciones\" \/>\n<meta property=\"og:description\" content=\"A partir del 1 de octubre, el sal\u00f3n de eventos Wiii !!! y Eventos Los Presidentes se fusionan para ofrecer una experiencia completa para celebraciones de todo tipo. Esta uni\u00f3n promete ampliar la oferta de servicios para fiestas infantiles, cumplea\u00f1os, comuniones, bautismos y reuniones empresariales en Mercedes y la zona, sumando las caracter\u00edsticas que han [&hellip;]\" \/>\n<meta property=\"og:url\" content=\"https:\/\/noticiasmercedinas.com\/site\/2024\/09\/18\/nuevo-emprendimiento-wiii-se-suma-a-eventos-los-presidentes-para-todo-tipo-de-celebraciones\/\" \/>\n<meta property=\"og:site_name\" content=\"NOTICIASMERCEDINAS.COM\" \/>\n<meta property=\"article:publisher\" content=\"https:\/\/www.facebook.com\/noticiasmercedinas\/\" \/>\n<meta property=\"article:published_time\" content=\"2024-09-18T12:44:48+00:00\" \/>\n<meta property=\"article:modified_time\" content=\"2024-09-18T15:17:11+00:00\" \/>\n<meta property=\"og:image\" content=\"https:\/\/noticiasmercedinas.com\/site\/wp-content\/uploads\/2024\/09\/2756b17c-fdce-488c-aa73-fab9977f6d0c.jpg\" \/>\n\t<meta property=\"og:image:width\" content=\"1600\" \/>\n\t<meta property=\"og:image:height\" content=\"1066\" \/>\n\t<meta property=\"og:image:type\" content=\"image\/jpeg\" \/>\n<meta name=\"author\" content=\"NOTICIASMERCEDINAS.COM\" \/>\n<meta name=\"twitter:card\" content=\"summary_large_image\" \/>\n<meta name=\"twitter:creator\" content=\"@notmercedinas\" \/>\n<meta name=\"twitter:site\" content=\"@notmercedinas\" \/>\n<meta name=\"twitter:label1\" content=\"Escrito por\" \/>\n\t<meta name=\"twitter:data1\" content=\"NOTICIASMERCEDINAS.COM\" \/>\n\t<meta name=\"twitter:label2\" content=\"Tiempo de lectura\" \/>\n\t<meta name=\"twitter:data2\" content=\"2 minutos\" \/>\n<script type=\"application\/ld+json\" class=\"yoast-schema-graph\">{\"@context\":\"https:\\\/\\\/schema.org\",\"@graph\":[{\"@type\":\"Article\",\"@id\":\"https:\\\/\\\/noticiasmercedinas.com\\\/site\\\/2024\\\/09\\\/18\\\/nuevo-emprendimiento-wiii-se-suma-a-eventos-los-presidentes-para-todo-tipo-de-celebraciones\\\/#article\",\"isPartOf\":{\"@id\":\"https:\\\/\\\/noticiasmercedinas.com\\\/site\\\/2024\\\/09\\\/18\\\/nuevo-emprendimiento-wiii-se-suma-a-eventos-los-presidentes-para-todo-tipo-de-celebraciones\\\/\"},\"author\":{\"name\":\"NOTICIASMERCEDINAS.COM\",\"@id\":\"https:\\\/\\\/noticiasmercedinas.com\\\/site\\\/#\\\/schema\\\/person\\\/84b59c099c28ff2e8b77d4ceec5d8063\"},\"headline\":\"Nuevo emprendimiento: Wiii !!! se suma a Eventos Los Presidentes para todo tipo de celebraciones\",\"datePublished\":\"2024-09-18T12:44:48+00:00\",\"dateModified\":\"2024-09-18T15:17:11+00:00\",\"mainEntityOfPage\":{\"@id\":\"https:\\\/\\\/noticiasmercedinas.com\\\/site\\\/2024\\\/09\\\/18\\\/nuevo-emprendimiento-wiii-se-suma-a-eventos-los-presidentes-para-todo-tipo-de-celebraciones\\\/\"},\"wordCount\":347,\"publisher\":{\"@id\":\"https:\\\/\\\/noticiasmercedinas.com\\\/site\\\/#organization\"},\"image\":{\"@id\":\"https:\\\/\\\/noticiasmercedinas.com\\\/site\\\/2024\\\/09\\\/18\\\/nuevo-emprendimiento-wiii-se-suma-a-eventos-los-presidentes-para-todo-tipo-de-celebraciones\\\/#primaryimage\"},\"thumbnailUrl\":\"https:\\\/\\\/noticiasmercedinas.com\\\/site\\\/wp-content\\\/uploads\\\/2024\\\/09\\\/2756b17c-fdce-488c-aa73-fab9977f6d0c.jpg\",\"keywords\":[\"alquiler de vajilla\",\"Catering\",\"los presidentes\",\"ls presidentes\",\"oscar coronel\",\"salon de eventos\",\"wiii\"],\"articleSection\":[\"Emprendimientos\"],\"inLanguage\":\"es\"},{\"@type\":\"WebPage\",\"@id\":\"https:\\\/\\\/noticiasmercedinas.com\\\/site\\\/2024\\\/09\\\/18\\\/nuevo-emprendimiento-wiii-se-suma-a-eventos-los-presidentes-para-todo-tipo-de-celebraciones\\\/\",\"url\":\"https:\\\/\\\/noticiasmercedinas.com\\\/site\\\/2024\\\/09\\\/18\\\/nuevo-emprendimiento-wiii-se-suma-a-eventos-los-presidentes-para-todo-tipo-de-celebraciones\\\/\",\"name\":\"Nuevo emprendimiento: Wiii !!! se suma a Eventos Los Presidentes para todo tipo de celebraciones\",\"isPartOf\":{\"@id\":\"https:\\\/\\\/noticiasmercedinas.com\\\/site\\\/#website\"},\"primaryImageOfPage\":{\"@id\":\"https:\\\/\\\/noticiasmercedinas.com\\\/site\\\/2024\\\/09\\\/18\\\/nuevo-emprendimiento-wiii-se-suma-a-eventos-los-presidentes-para-todo-tipo-de-celebraciones\\\/#primaryimage\"},\"image\":{\"@id\":\"https:\\\/\\\/noticiasmercedinas.com\\\/site\\\/2024\\\/09\\\/18\\\/nuevo-emprendimiento-wiii-se-suma-a-eventos-los-presidentes-para-todo-tipo-de-celebraciones\\\/#primaryimage\"},\"thumbnailUrl\":\"https:\\\/\\\/noticiasmercedinas.com\\\/site\\\/wp-content\\\/uploads\\\/2024\\\/09\\\/2756b17c-fdce-488c-aa73-fab9977f6d0c.jpg\",\"datePublished\":\"2024-09-18T12:44:48+00:00\",\"dateModified\":\"2024-09-18T15:17:11+00:00\",\"breadcrumb\":{\"@id\":\"https:\\\/\\\/noticiasmercedinas.com\\\/site\\\/2024\\\/09\\\/18\\\/nuevo-emprendimiento-wiii-se-suma-a-eventos-los-presidentes-para-todo-tipo-de-celebraciones\\\/#breadcrumb\"},\"inLanguage\":\"es\",\"potentialAction\":[{\"@type\":\"ReadAction\",\"target\":[\"https:\\\/\\\/noticiasmercedinas.com\\\/site\\\/2024\\\/09\\\/18\\\/nuevo-emprendimiento-wiii-se-suma-a-eventos-los-presidentes-para-todo-tipo-de-celebraciones\\\/\"]}]},{\"@type\":\"ImageObject\",\"inLanguage\":\"es\",\"@id\":\"https:\\\/\\\/noticiasmercedinas.com\\\/site\\\/2024\\\/09\\\/18\\\/nuevo-emprendimiento-wiii-se-suma-a-eventos-los-presidentes-para-todo-tipo-de-celebraciones\\\/#primaryimage\",\"url\":\"https:\\\/\\\/noticiasmercedinas.com\\\/site\\\/wp-content\\\/uploads\\\/2024\\\/09\\\/2756b17c-fdce-488c-aa73-fab9977f6d0c.jpg\",\"contentUrl\":\"https:\\\/\\\/noticiasmercedinas.com\\\/site\\\/wp-content\\\/uploads\\\/2024\\\/09\\\/2756b17c-fdce-488c-aa73-fab9977f6d0c.jpg\",\"width\":1600,\"height\":1066},{\"@type\":\"BreadcrumbList\",\"@id\":\"https:\\\/\\\/noticiasmercedinas.com\\\/site\\\/2024\\\/09\\\/18\\\/nuevo-emprendimiento-wiii-se-suma-a-eventos-los-presidentes-para-todo-tipo-de-celebraciones\\\/#breadcrumb\",\"itemListElement\":[{\"@type\":\"ListItem\",\"position\":1,\"name\":\"Portada\",\"item\":\"https:\\\/\\\/noticiasmercedinas.com\\\/site\\\/\"},{\"@type\":\"ListItem\",\"position\":2,\"name\":\"Nuevo emprendimiento: Wiii !!! se suma a Eventos Los Presidentes para todo tipo de celebraciones\"}]},{\"@type\":\"WebSite\",\"@id\":\"https:\\\/\\\/noticiasmercedinas.com\\\/site\\\/#website\",\"url\":\"https:\\\/\\\/noticiasmercedinas.com\\\/site\\\/\",\"name\":\"NOTICIASMERCEDINAS.COM\",\"description\":\"Mercedes, Buenos Aires, Argentina\",\"publisher\":{\"@id\":\"https:\\\/\\\/noticiasmercedinas.com\\\/site\\\/#organization\"},\"potentialAction\":[{\"@type\":\"SearchAction\",\"target\":{\"@type\":\"EntryPoint\",\"urlTemplate\":\"https:\\\/\\\/noticiasmercedinas.com\\\/site\\\/?s={search_term_string}\"},\"query-input\":{\"@type\":\"PropertyValueSpecification\",\"valueRequired\":true,\"valueName\":\"search_term_string\"}}],\"inLanguage\":\"es\"},{\"@type\":\"Organization\",\"@id\":\"https:\\\/\\\/noticiasmercedinas.com\\\/site\\\/#organization\",\"name\":\"NOTICIASMERCEDINAS.COM\",\"url\":\"https:\\\/\\\/noticiasmercedinas.com\\\/site\\\/\",\"logo\":{\"@type\":\"ImageObject\",\"inLanguage\":\"es\",\"@id\":\"https:\\\/\\\/noticiasmercedinas.com\\\/site\\\/#\\\/schema\\\/logo\\\/image\\\/\",\"url\":\"https:\\\/\\\/noticiasmercedinas.com\\\/site\\\/wp-content\\\/uploads\\\/2020\\\/06\\\/LOGO-512.jpg\",\"contentUrl\":\"https:\\\/\\\/noticiasmercedinas.com\\\/site\\\/wp-content\\\/uploads\\\/2020\\\/06\\\/LOGO-512.jpg\",\"width\":512,\"height\":512,\"caption\":\"NOTICIASMERCEDINAS.COM\"},\"image\":{\"@id\":\"https:\\\/\\\/noticiasmercedinas.com\\\/site\\\/#\\\/schema\\\/logo\\\/image\\\/\"},\"sameAs\":[\"https:\\\/\\\/www.facebook.com\\\/noticiasmercedinas\\\/\",\"https:\\\/\\\/x.com\\\/notmercedinas\",\"https:\\\/\\\/www.instagram.com\\\/noticiasmercedinas\\\/\"]},{\"@type\":\"Person\",\"@id\":\"https:\\\/\\\/noticiasmercedinas.com\\\/site\\\/#\\\/schema\\\/person\\\/84b59c099c28ff2e8b77d4ceec5d8063\",\"name\":\"NOTICIASMERCEDINAS.COM\",\"image\":{\"@type\":\"ImageObject\",\"inLanguage\":\"es\",\"@id\":\"https:\\\/\\\/secure.gravatar.com\\\/avatar\\\/4dfbf16b4d17945bfb6341b2d19043457132fcf478a5ee04f42e959fd8f5df0a?s=96&d=mm&r=g\",\"url\":\"https:\\\/\\\/secure.gravatar.com\\\/avatar\\\/4dfbf16b4d17945bfb6341b2d19043457132fcf478a5ee04f42e959fd8f5df0a?s=96&d=mm&r=g\",\"contentUrl\":\"https:\\\/\\\/secure.gravatar.com\\\/avatar\\\/4dfbf16b4d17945bfb6341b2d19043457132fcf478a5ee04f42e959fd8f5df0a?s=96&d=mm&r=g\",\"caption\":\"NOTICIASMERCEDINAS.COM\"},\"url\":\"https:\\\/\\\/noticiasmercedinas.com\\\/site\\\/author\\\/anonimo\\\/\"}]}<\/script>\n<!-- \/ Yoast SEO plugin. -->","yoast_head_json":{"title":"Nuevo emprendimiento: Wiii !!! se suma a Eventos Los Presidentes para todo tipo de celebraciones","robots":{"index":"index","follow":"follow","max-snippet":"max-snippet:-1","max-image-preview":"max-image-preview:large","max-video-preview":"max-video-preview:-1"},"canonical":"https:\/\/noticiasmercedinas.com\/site\/2024\/09\/18\/nuevo-emprendimiento-wiii-se-suma-a-eventos-los-presidentes-para-todo-tipo-de-celebraciones\/","og_locale":"es_ES","og_type":"article","og_title":"Nuevo emprendimiento: Wiii !!! se suma a Eventos Los Presidentes para todo tipo de celebraciones","og_description":"A partir del 1 de octubre, el sal\u00f3n de eventos Wiii !!! y Eventos Los Presidentes se fusionan para ofrecer una experiencia completa para celebraciones de todo tipo. Esta uni\u00f3n promete ampliar la oferta de servicios para fiestas infantiles, cumplea\u00f1os, comuniones, bautismos y reuniones empresariales en Mercedes y la zona, sumando las caracter\u00edsticas que han [&hellip;]","og_url":"https:\/\/noticiasmercedinas.com\/site\/2024\/09\/18\/nuevo-emprendimiento-wiii-se-suma-a-eventos-los-presidentes-para-todo-tipo-de-celebraciones\/","og_site_name":"NOTICIASMERCEDINAS.COM","article_publisher":"https:\/\/www.facebook.com\/noticiasmercedinas\/","article_published_time":"2024-09-18T12:44:48+00:00","article_modified_time":"2024-09-18T15:17:11+00:00","og_image":[{"width":1600,"height":1066,"url":"https:\/\/noticiasmercedinas.com\/site\/wp-content\/uploads\/2024\/09\/2756b17c-fdce-488c-aa73-fab9977f6d0c.jpg","type":"image\/jpeg"}],"author":"NOTICIASMERCEDINAS.COM","twitter_card":"summary_large_image","twitter_creator":"@notmercedinas","twitter_site":"@notmercedinas","twitter_misc":{"Escrito por":"NOTICIASMERCEDINAS.COM","Tiempo de lectura":"2 minutos"},"schema":{"@context":"https:\/\/schema.org","@graph":[{"@type":"Article","@id":"https:\/\/noticiasmercedinas.com\/site\/2024\/09\/18\/nuevo-emprendimiento-wiii-se-suma-a-eventos-los-presidentes-para-todo-tipo-de-celebraciones\/#article","isPartOf":{"@id":"https:\/\/noticiasmercedinas.com\/site\/2024\/09\/18\/nuevo-emprendimiento-wiii-se-suma-a-eventos-los-presidentes-para-todo-tipo-de-celebraciones\/"},"author":{"name":"NOTICIASMERCEDINAS.COM","@id":"https:\/\/noticiasmercedinas.com\/site\/#\/schema\/person\/84b59c099c28ff2e8b77d4ceec5d8063"},"headline":"Nuevo emprendimiento: Wiii !!! se suma a Eventos Los Presidentes para todo tipo de celebraciones","datePublished":"2024-09-18T12:44:48+00:00","dateModified":"2024-09-18T15:17:11+00:00","mainEntityOfPage":{"@id":"https:\/\/noticiasmercedinas.com\/site\/2024\/09\/18\/nuevo-emprendimiento-wiii-se-suma-a-eventos-los-presidentes-para-todo-tipo-de-celebraciones\/"},"wordCount":347,"publisher":{"@id":"https:\/\/noticiasmercedinas.com\/site\/#organization"},"image":{"@id":"https:\/\/noticiasmercedinas.com\/site\/2024\/09\/18\/nuevo-emprendimiento-wiii-se-suma-a-eventos-los-presidentes-para-todo-tipo-de-celebraciones\/#primaryimage"},"thumbnailUrl":"https:\/\/noticiasmercedinas.com\/site\/wp-content\/uploads\/2024\/09\/2756b17c-fdce-488c-aa73-fab9977f6d0c.jpg","keywords":["alquiler de vajilla","Catering","los presidentes","ls presidentes","oscar coronel","salon de eventos","wiii"],"articleSection":["Emprendimientos"],"inLanguage":"es"},{"@type":"WebPage","@id":"https:\/\/noticiasmercedinas.com\/site\/2024\/09\/18\/nuevo-emprendimiento-wiii-se-suma-a-eventos-los-presidentes-para-todo-tipo-de-celebraciones\/","url":"https:\/\/noticiasmercedinas.com\/site\/2024\/09\/18\/nuevo-emprendimiento-wiii-se-suma-a-eventos-los-presidentes-para-todo-tipo-de-celebraciones\/","name":"Nuevo emprendimiento: Wiii !!! se suma a Eventos Los Presidentes para todo tipo de celebraciones","isPartOf":{"@id":"https:\/\/noticiasmercedinas.com\/site\/#website"},"primaryImageOfPage":{"@id":"https:\/\/noticiasmercedinas.com\/site\/2024\/09\/18\/nuevo-emprendimiento-wiii-se-suma-a-eventos-los-presidentes-para-todo-tipo-de-celebraciones\/#primaryimage"},"image":{"@id":"https:\/\/noticiasmercedinas.com\/site\/2024\/09\/18\/nuevo-emprendimiento-wiii-se-suma-a-eventos-los-presidentes-para-todo-tipo-de-celebraciones\/#primaryimage"},"thumbnailUrl":"https:\/\/noticiasmercedinas.com\/site\/wp-content\/uploads\/2024\/09\/2756b17c-fdce-488c-aa73-fab9977f6d0c.jpg","datePublished":"2024-09-18T12:44:48+00:00","dateModified":"2024-09-18T15:17:11+00:00","breadcrumb":{"@id":"https:\/\/noticiasmercedinas.com\/site\/2024\/09\/18\/nuevo-emprendimiento-wiii-se-suma-a-eventos-los-presidentes-para-todo-tipo-de-celebraciones\/#breadcrumb"},"inLanguage":"es","potentialAction":[{"@type":"ReadAction","target":["https:\/\/noticiasmercedinas.com\/site\/2024\/09\/18\/nuevo-emprendimiento-wiii-se-suma-a-eventos-los-presidentes-para-todo-tipo-de-celebraciones\/"]}]},{"@type":"ImageObject","inLanguage":"es","@id":"https:\/\/noticiasmercedinas.com\/site\/2024\/09\/18\/nuevo-emprendimiento-wiii-se-suma-a-eventos-los-presidentes-para-todo-tipo-de-celebraciones\/#primaryimage","url":"https:\/\/noticiasmercedinas.com\/site\/wp-content\/uploads\/2024\/09\/2756b17c-fdce-488c-aa73-fab9977f6d0c.jpg","contentUrl":"https:\/\/noticiasmercedinas.com\/site\/wp-content\/uploads\/2024\/09\/2756b17c-fdce-488c-aa73-fab9977f6d0c.jpg","width":1600,"height":1066},{"@type":"BreadcrumbList","@id":"https:\/\/noticiasmercedinas.com\/site\/2024\/09\/18\/nuevo-emprendimiento-wiii-se-suma-a-eventos-los-presidentes-para-todo-tipo-de-celebraciones\/#breadcrumb","itemListElement":[{"@type":"ListItem","position":1,"name":"Portada","item":"https:\/\/noticiasmercedinas.com\/site\/"},{"@type":"ListItem","position":2,"name":"Nuevo emprendimiento: Wiii !!! se suma a Eventos Los Presidentes para todo tipo de celebraciones"}]},{"@type":"WebSite","@id":"https:\/\/noticiasmercedinas.com\/site\/#website","url":"https:\/\/noticiasmercedinas.com\/site\/","name":"NOTICIASMERCEDINAS.COM","description":"Mercedes, Buenos Aires, Argentina","publisher":{"@id":"https:\/\/noticiasmercedinas.com\/site\/#organization"},"potentialAction":[{"@type":"SearchAction","target":{"@type":"EntryPoint","urlTemplate":"https:\/\/noticiasmercedinas.com\/site\/?s={search_term_string}"},"query-input":{"@type":"PropertyValueSpecification","valueRequired":true,"valueName":"search_term_string"}}],"inLanguage":"es"},{"@type":"Organization","@id":"https:\/\/noticiasmercedinas.com\/site\/#organization","name":"NOTICIASMERCEDINAS.COM","url":"https:\/\/noticiasmercedinas.com\/site\/","logo":{"@type":"ImageObject","inLanguage":"es","@id":"https:\/\/noticiasmercedinas.com\/site\/#\/schema\/logo\/image\/","url":"https:\/\/noticiasmercedinas.com\/site\/wp-content\/uploads\/2020\/06\/LOGO-512.jpg","contentUrl":"https:\/\/noticiasmercedinas.com\/site\/wp-content\/uploads\/2020\/06\/LOGO-512.jpg","width":512,"height":512,"caption":"NOTICIASMERCEDINAS.COM"},"image":{"@id":"https:\/\/noticiasmercedinas.com\/site\/#\/schema\/logo\/image\/"},"sameAs":["https:\/\/www.facebook.com\/noticiasmercedinas\/","https:\/\/x.com\/notmercedinas","https:\/\/www.instagram.com\/noticiasmercedinas\/"]},{"@type":"Person","@id":"https:\/\/noticiasmercedinas.com\/site\/#\/schema\/person\/84b59c099c28ff2e8b77d4ceec5d8063","name":"NOTICIASMERCEDINAS.COM","image":{"@type":"ImageObject","inLanguage":"es","@id":"https:\/\/secure.gravatar.com\/avatar\/4dfbf16b4d17945bfb6341b2d19043457132fcf478a5ee04f42e959fd8f5df0a?s=96&d=mm&r=g","url":"https:\/\/secure.gravatar.com\/avatar\/4dfbf16b4d17945bfb6341b2d19043457132fcf478a5ee04f42e959fd8f5df0a?s=96&d=mm&r=g","contentUrl":"https:\/\/secure.gravatar.com\/avatar\/4dfbf16b4d17945bfb6341b2d19043457132fcf478a5ee04f42e959fd8f5df0a?s=96&d=mm&r=g","caption":"NOTICIASMERCEDINAS.COM"},"url":"https:\/\/noticiasmercedinas.com\/site\/author\/anonimo\/"}]}},"amp_enabled":true,"_links":{"self":[{"href":"https:\/\/noticiasmercedinas.com\/site\/wp-json\/wp\/v2\/posts\/144224","targetHints":{"allow":["GET"]}}],"collection":[{"href":"https:\/\/noticiasmercedinas.com\/site\/wp-json\/wp\/v2\/posts"}],"about":[{"href":"https:\/\/noticiasmercedinas.com\/site\/wp-json\/wp\/v2\/types\/post"}],"author":[{"embeddable":true,"href":"https:\/\/noticiasmercedinas.com\/site\/wp-json\/wp\/v2\/users\/16"}],"replies":[{"embeddable":true,"href":"https:\/\/noticiasmercedinas.com\/site\/wp-json\/wp\/v2\/comments?post=144224"}],"version-history":[{"count":5,"href":"https:\/\/noticiasmercedinas.com\/site\/wp-json\/wp\/v2\/posts\/144224\/revisions"}],"predecessor-version":[{"id":144238,"href":"https:\/\/noticiasmercedinas.com\/site\/wp-json\/wp\/v2\/posts\/144224\/revisions\/144238"}],"wp:featuredmedia":[{"embeddable":true,"href":"https:\/\/noticiasmercedinas.com\/site\/wp-json\/wp\/v2\/media\/144226"}],"wp:attachment":[{"href":"https:\/\/noticiasmercedinas.com\/site\/wp-json\/wp\/v2\/media?parent=144224"}],"wp:term":[{"taxonomy":"category","embeddable":true,"href":"https:\/\/noticiasmercedinas.com\/site\/wp-json\/wp\/v2\/categories?post=144224"},{"taxonomy":"post_tag","embeddable":true,"href":"https:\/\/noticiasmercedinas.com\/site\/wp-json\/wp\/v2\/tags?post=144224"}],"curies":[{"name":"wp","href":"https:\/\/api.w.org\/{rel}","templated":true}]}}