{"id":144294,"date":"2024-09-19T09:02:34","date_gmt":"2024-09-19T12:02:34","guid":{"rendered":"https:\/\/noticiasmercedinas.com\/site\/?p=144294"},"modified":"2024-09-19T09:02:34","modified_gmt":"2024-09-19T12:02:34","slug":"se-inaugura-la-muestra-las-batallas-del-color-de-clelia-speroni-en-el-museo-de-arte","status":"publish","type":"post","link":"https:\/\/noticiasmercedinas.com\/site\/2024\/09\/19\/se-inaugura-la-muestra-las-batallas-del-color-de-clelia-speroni-en-el-museo-de-arte\/","title":{"rendered":"Se inaugura la muestra \u00abLas Batallas del Color\u00bb de Clelia Speroni en el Museo de Arte"},"content":{"rendered":"<p><img loading=\"lazy\" decoding=\"async\" class=\"alignnone size-full wp-image-144295\" src=\"https:\/\/noticiasmercedinas.com\/site\/wp-content\/uploads\/2024\/09\/Obra-e1726747318698.jpeg\" alt=\"\" width=\"1077\" height=\"792\" srcset=\"https:\/\/noticiasmercedinas.com\/site\/wp-content\/uploads\/2024\/09\/Obra-e1726747318698.jpeg 1077w, https:\/\/noticiasmercedinas.com\/site\/wp-content\/uploads\/2024\/09\/Obra-e1726747318698-300x221.jpeg 300w, https:\/\/noticiasmercedinas.com\/site\/wp-content\/uploads\/2024\/09\/Obra-e1726747318698-1024x753.jpeg 1024w, https:\/\/noticiasmercedinas.com\/site\/wp-content\/uploads\/2024\/09\/Obra-e1726747318698-768x565.jpeg 768w, https:\/\/noticiasmercedinas.com\/site\/wp-content\/uploads\/2024\/09\/Obra-e1726747318698-80x60.jpeg 80w, https:\/\/noticiasmercedinas.com\/site\/wp-content\/uploads\/2024\/09\/Obra-e1726747318698-100x75.jpeg 100w, https:\/\/noticiasmercedinas.com\/site\/wp-content\/uploads\/2024\/09\/Obra-e1726747318698-640x471.jpeg 640w, https:\/\/noticiasmercedinas.com\/site\/wp-content\/uploads\/2024\/09\/Obra-e1726747318698-681x501.jpeg 681w\" sizes=\"auto, (max-width: 1077px) 100vw, 1077px\" \/><\/p>\n<p>El pr\u00f3ximo viernes 27 de septiembre a las 19:30, el Museo de Arte de la Municipalidad de Mercedes (MAMM) tendr\u00e1 la inauguraci\u00f3n de la muestra \u00abLas Batallas del Color\u00bb, de la reconocida artista y docente Clelia Speroni. Esta exposici\u00f3n forma parte de una exhibici\u00f3n simult\u00e1nea que tambi\u00e9n se presenta en las ciudades de Bragado y Chacabuco, como parte de un tributo a la vasta trayectoria de Speroni y su significativo aporte a las artes visuales en Argentina.<\/p>\n<p>La muestra en Mercedes podr\u00e1 visitarse en la sala principal del MAMM, ubicado en calle 23 N\u00ba 383, y estar\u00e1 abierta al p\u00fablico hasta el 20 de octubre. Paralelamente, en Bragado, las obras se exhibir\u00e1n en la Sala de Arte del Centro Cultural Constantino, mientras que en Chacabuco podr\u00e1n apreciarse en la Galer\u00eda de Arte del Teatro Italiano. Este despliegue simult\u00e1neo en tres ciudades no solo resalta la importancia del trabajo de Speroni, sino tambi\u00e9n su impacto en el desarrollo de las artes visuales, no solo en el pa\u00eds, sino a nivel internacional.<\/p>\n<p><strong>Clelia Speroni: una vida dedicada al arte <\/strong><br \/>\nNacida en Buenos Aires en 1937, Clelia Speroni creci\u00f3 en un entorno art\u00edstico en el emblem\u00e1tico petit hotel que perteneci\u00f3 al arquitecto Luis Barolo. Desde joven, su vida estuvo marcada por el contacto con grandes obras y artistas, rodeada de pinturas de Fernando Fader y esculturas que decoraban su hogar. A los 12 a\u00f1os ingres\u00f3 a la Escuela Nacional de Bellas Artes (ENBA) y m\u00e1s tarde continu\u00f3 su formaci\u00f3n en la C\u00e1rcova, donde fue distinguida como la mejor alumna del grupo de Ra\u00fal Russo.<\/p>\n<p>Su talento le abri\u00f3 las puertas a nivel internacional, ganando la Beca de la Direcci\u00f3n General de Ense\u00f1anza Art\u00edstica en 1960 y obteniendo el t\u00edtulo de \u00ab\u00c9leve Patronee\u00bb otorgado por el Gobierno Franc\u00e9s. Durante su estad\u00eda en Par\u00eds, Speroni se form\u00f3 con el renombrado grabador Johnny Friedlaender y asisti\u00f3 a los cursos de Historia del Arte en La Sorbonne, dictados por Pierre Francastel.<\/p>\n<p>A lo largo de su carrera, la artista ha sido reconocida con m\u00faltiples premios, incluyendo el tercer Premio de Dibujo del Sal\u00f3n Municipal Eduardo S\u00edvori (1959) y el Primer Premio del Concurso Mural Cer\u00e1mico para la Estaci\u00f3n Terminal de \u00d3mnibus de Olavarr\u00eda (1967), entre otros. Sus obras forman parte de prestigiosas colecciones, como la del Banco Shaw, la Colecci\u00f3n Rothschild en Estados Unidos y la Colecci\u00f3n Hirschberg en Brasil.<\/p>\n<p>La docencia y el color, pilares de su carrera Adem\u00e1s de su prol\u00edfica trayectoria art\u00edstica, Clelia Speroni tambi\u00e9n dej\u00f3 una huella profunda en la docencia. Desde 1962 hasta 1996, imparti\u00f3 clases en las Escuelas de Bellas Artes \u00abManuel Belgrano\u00bb y \u00abPrilidiano Pueyrred\u00f3n\u00bb, as\u00ed como en la Facultad de Arquitectura y Urbanismo. All\u00ed, desarroll\u00f3 un innovador curso audiovisual sobre el color, reflejando su inter\u00e9s en esta dimensi\u00f3n esencial de la pintura.<\/p>\n<p>El color ha sido siempre el n\u00facleo central de su obra, como destaca la cr\u00edtica Victoria Chac\u00f3n en el texto curatorial de la muestra \u00abLas Batallas del Color\u00bb. Chac\u00f3n describe el trabajo de Speroni como una \u201csinfon\u00eda crom\u00e1tica\u201d en la que el color, en sus m\u00e1s sutiles y estridentes expresiones, domina el lienzo, creando una experiencia visual que desaf\u00eda los l\u00edmites de la realidad y la percepci\u00f3n.<\/p>\n<p>Una muestra que explora las fronteras del color En \u00abLas Batallas del Color\u00bb, Speroni nos invita a sumergirnos en un universo donde el color es el protagonista indiscutido. Seg\u00fan Chac\u00f3n, la obra de Speroni rompe con la dualidad que ha estructurado nuestro mundo, desdibujando fronteras entre pasado y presente, figuraci\u00f3n y abstracci\u00f3n, modernidad y antig\u00fcedad. Es una propuesta est\u00e9tica que nos conduce por una selva crom\u00e1tica, un viaje donde las escalas cambian, las transiciones se suceden y las ilusiones cobran vida, revel\u00e1ndonos nuevas formas de ver y entender el mundo.<\/p>\n<p>La paleta de Speroni, en palabras de Chac\u00f3n, es una celebraci\u00f3n de la vida, donde cada trazo de color brota con una fuerza vital que desaf\u00eda la noci\u00f3n de tiempo y espacio. La pintura no solo es una expresi\u00f3n art\u00edstica para Speroni, sino una afirmaci\u00f3n de la existencia misma, una flor que nace sin cuestionamientos ni reproches, con la certeza de que su destino es la luz.<\/p>\n<p>Una invitaci\u00f3n a descubrir el arte \u00abLas Batallas del Color\u00bb ser\u00e1 una oportunidad \u00fanica para conocer de cerca el trabajo de una de las grandes exponentes del arte visual argentino. La inauguraci\u00f3n en Mercedes ser\u00e1 el 29 de septiembre a las 19:30, precedida por las aperturas en Bragado el 27 y en Chacabuco el 28 del mismo mes. Las comunidades est\u00e1n invitadas a disfrutar de esta excepcional muestra, que permanecer\u00e1 abierta hasta el 20 de octubre en Mercedes, con entrada libre y gratuita.<\/p>\n","protected":false},"excerpt":{"rendered":"<p>\u25a0 Esta exposici\u00f3n, desde el pr\u00f3ximo viernes 27, forma parte de una exhibici\u00f3n simult\u00e1nea que tambi\u00e9n se presenta en las ciudades de Bragado y Chacabuco<\/p>\n","protected":false},"author":16,"featured_media":144295,"comment_status":"closed","ping_status":"closed","sticky":false,"template":"","format":"standard","meta":{"footnotes":""},"categories":[4],"tags":[18842,192,87],"class_list":["post-144294","post","type-post","status-publish","format-standard","has-post-thumbnail","hentry","category-cultura","tag-clelia-speroni","tag-mamm","tag-museo-de-arte"],"yoast_head":"<!-- This site is optimized with the Yoast SEO plugin v27.4 - https:\/\/yoast.com\/product\/yoast-seo-wordpress\/ -->\n<title>Se inaugura la muestra &quot;Las Batallas del Color&quot; de Clelia Speroni en el Museo de Arte<\/title>\n<meta name=\"robots\" content=\"index, follow, max-snippet:-1, max-image-preview:large, max-video-preview:-1\" \/>\n<link rel=\"canonical\" href=\"https:\/\/noticiasmercedinas.com\/site\/2024\/09\/19\/se-inaugura-la-muestra-las-batallas-del-color-de-clelia-speroni-en-el-museo-de-arte\/\" \/>\n<meta property=\"og:locale\" content=\"es_ES\" \/>\n<meta property=\"og:type\" content=\"article\" \/>\n<meta property=\"og:title\" content=\"Se inaugura la muestra &quot;Las Batallas del Color&quot; de Clelia Speroni en el Museo de Arte\" \/>\n<meta property=\"og:description\" content=\"\u25a0 Esta exposici\u00f3n, desde el pr\u00f3ximo viernes 27, forma parte de una exhibici\u00f3n simult\u00e1nea que tambi\u00e9n se presenta en las ciudades de Bragado y Chacabuco\" \/>\n<meta property=\"og:url\" content=\"https:\/\/noticiasmercedinas.com\/site\/2024\/09\/19\/se-inaugura-la-muestra-las-batallas-del-color-de-clelia-speroni-en-el-museo-de-arte\/\" \/>\n<meta property=\"og:site_name\" content=\"NOTICIASMERCEDINAS.COM\" \/>\n<meta property=\"article:publisher\" content=\"https:\/\/www.facebook.com\/noticiasmercedinas\/\" \/>\n<meta property=\"article:published_time\" content=\"2024-09-19T12:02:34+00:00\" \/>\n<meta property=\"og:image\" content=\"https:\/\/noticiasmercedinas.com\/site\/wp-content\/uploads\/2024\/09\/Obra-e1726747318698.jpeg\" \/>\n\t<meta property=\"og:image:width\" content=\"1077\" \/>\n\t<meta property=\"og:image:height\" content=\"792\" \/>\n\t<meta property=\"og:image:type\" content=\"image\/jpeg\" \/>\n<meta name=\"author\" content=\"NOTICIASMERCEDINAS.COM\" \/>\n<meta name=\"twitter:card\" content=\"summary_large_image\" \/>\n<meta name=\"twitter:creator\" content=\"@notmercedinas\" \/>\n<meta name=\"twitter:site\" content=\"@notmercedinas\" \/>\n<meta name=\"twitter:label1\" content=\"Escrito por\" \/>\n\t<meta name=\"twitter:data1\" content=\"NOTICIASMERCEDINAS.COM\" \/>\n\t<meta name=\"twitter:label2\" content=\"Tiempo de lectura\" \/>\n\t<meta name=\"twitter:data2\" content=\"4 minutos\" \/>\n<script type=\"application\/ld+json\" class=\"yoast-schema-graph\">{\"@context\":\"https:\\\/\\\/schema.org\",\"@graph\":[{\"@type\":\"Article\",\"@id\":\"https:\\\/\\\/noticiasmercedinas.com\\\/site\\\/2024\\\/09\\\/19\\\/se-inaugura-la-muestra-las-batallas-del-color-de-clelia-speroni-en-el-museo-de-arte\\\/#article\",\"isPartOf\":{\"@id\":\"https:\\\/\\\/noticiasmercedinas.com\\\/site\\\/2024\\\/09\\\/19\\\/se-inaugura-la-muestra-las-batallas-del-color-de-clelia-speroni-en-el-museo-de-arte\\\/\"},\"author\":{\"name\":\"NOTICIASMERCEDINAS.COM\",\"@id\":\"https:\\\/\\\/noticiasmercedinas.com\\\/site\\\/#\\\/schema\\\/person\\\/84b59c099c28ff2e8b77d4ceec5d8063\"},\"headline\":\"Se inaugura la muestra \u00abLas Batallas del Color\u00bb de Clelia Speroni en el Museo de Arte\",\"datePublished\":\"2024-09-19T12:02:34+00:00\",\"mainEntityOfPage\":{\"@id\":\"https:\\\/\\\/noticiasmercedinas.com\\\/site\\\/2024\\\/09\\\/19\\\/se-inaugura-la-muestra-las-batallas-del-color-de-clelia-speroni-en-el-museo-de-arte\\\/\"},\"wordCount\":839,\"publisher\":{\"@id\":\"https:\\\/\\\/noticiasmercedinas.com\\\/site\\\/#organization\"},\"image\":{\"@id\":\"https:\\\/\\\/noticiasmercedinas.com\\\/site\\\/2024\\\/09\\\/19\\\/se-inaugura-la-muestra-las-batallas-del-color-de-clelia-speroni-en-el-museo-de-arte\\\/#primaryimage\"},\"thumbnailUrl\":\"https:\\\/\\\/noticiasmercedinas.com\\\/site\\\/wp-content\\\/uploads\\\/2024\\\/09\\\/Obra-e1726747318698.jpeg\",\"keywords\":[\"clelia speroni\",\"mamm\",\"museo de arte\"],\"articleSection\":[\"Cultura\"],\"inLanguage\":\"es\"},{\"@type\":\"WebPage\",\"@id\":\"https:\\\/\\\/noticiasmercedinas.com\\\/site\\\/2024\\\/09\\\/19\\\/se-inaugura-la-muestra-las-batallas-del-color-de-clelia-speroni-en-el-museo-de-arte\\\/\",\"url\":\"https:\\\/\\\/noticiasmercedinas.com\\\/site\\\/2024\\\/09\\\/19\\\/se-inaugura-la-muestra-las-batallas-del-color-de-clelia-speroni-en-el-museo-de-arte\\\/\",\"name\":\"Se inaugura la muestra \\\"Las Batallas del Color\\\" de Clelia Speroni en el Museo de Arte\",\"isPartOf\":{\"@id\":\"https:\\\/\\\/noticiasmercedinas.com\\\/site\\\/#website\"},\"primaryImageOfPage\":{\"@id\":\"https:\\\/\\\/noticiasmercedinas.com\\\/site\\\/2024\\\/09\\\/19\\\/se-inaugura-la-muestra-las-batallas-del-color-de-clelia-speroni-en-el-museo-de-arte\\\/#primaryimage\"},\"image\":{\"@id\":\"https:\\\/\\\/noticiasmercedinas.com\\\/site\\\/2024\\\/09\\\/19\\\/se-inaugura-la-muestra-las-batallas-del-color-de-clelia-speroni-en-el-museo-de-arte\\\/#primaryimage\"},\"thumbnailUrl\":\"https:\\\/\\\/noticiasmercedinas.com\\\/site\\\/wp-content\\\/uploads\\\/2024\\\/09\\\/Obra-e1726747318698.jpeg\",\"datePublished\":\"2024-09-19T12:02:34+00:00\",\"breadcrumb\":{\"@id\":\"https:\\\/\\\/noticiasmercedinas.com\\\/site\\\/2024\\\/09\\\/19\\\/se-inaugura-la-muestra-las-batallas-del-color-de-clelia-speroni-en-el-museo-de-arte\\\/#breadcrumb\"},\"inLanguage\":\"es\",\"potentialAction\":[{\"@type\":\"ReadAction\",\"target\":[\"https:\\\/\\\/noticiasmercedinas.com\\\/site\\\/2024\\\/09\\\/19\\\/se-inaugura-la-muestra-las-batallas-del-color-de-clelia-speroni-en-el-museo-de-arte\\\/\"]}]},{\"@type\":\"ImageObject\",\"inLanguage\":\"es\",\"@id\":\"https:\\\/\\\/noticiasmercedinas.com\\\/site\\\/2024\\\/09\\\/19\\\/se-inaugura-la-muestra-las-batallas-del-color-de-clelia-speroni-en-el-museo-de-arte\\\/#primaryimage\",\"url\":\"https:\\\/\\\/noticiasmercedinas.com\\\/site\\\/wp-content\\\/uploads\\\/2024\\\/09\\\/Obra-e1726747318698.jpeg\",\"contentUrl\":\"https:\\\/\\\/noticiasmercedinas.com\\\/site\\\/wp-content\\\/uploads\\\/2024\\\/09\\\/Obra-e1726747318698.jpeg\",\"width\":1077,\"height\":792},{\"@type\":\"BreadcrumbList\",\"@id\":\"https:\\\/\\\/noticiasmercedinas.com\\\/site\\\/2024\\\/09\\\/19\\\/se-inaugura-la-muestra-las-batallas-del-color-de-clelia-speroni-en-el-museo-de-arte\\\/#breadcrumb\",\"itemListElement\":[{\"@type\":\"ListItem\",\"position\":1,\"name\":\"Portada\",\"item\":\"https:\\\/\\\/noticiasmercedinas.com\\\/site\\\/\"},{\"@type\":\"ListItem\",\"position\":2,\"name\":\"Se inaugura la muestra \u00abLas Batallas del Color\u00bb de Clelia Speroni en el Museo de Arte\"}]},{\"@type\":\"WebSite\",\"@id\":\"https:\\\/\\\/noticiasmercedinas.com\\\/site\\\/#website\",\"url\":\"https:\\\/\\\/noticiasmercedinas.com\\\/site\\\/\",\"name\":\"NOTICIASMERCEDINAS.COM\",\"description\":\"Mercedes, Buenos Aires, Argentina\",\"publisher\":{\"@id\":\"https:\\\/\\\/noticiasmercedinas.com\\\/site\\\/#organization\"},\"potentialAction\":[{\"@type\":\"SearchAction\",\"target\":{\"@type\":\"EntryPoint\",\"urlTemplate\":\"https:\\\/\\\/noticiasmercedinas.com\\\/site\\\/?s={search_term_string}\"},\"query-input\":{\"@type\":\"PropertyValueSpecification\",\"valueRequired\":true,\"valueName\":\"search_term_string\"}}],\"inLanguage\":\"es\"},{\"@type\":\"Organization\",\"@id\":\"https:\\\/\\\/noticiasmercedinas.com\\\/site\\\/#organization\",\"name\":\"NOTICIASMERCEDINAS.COM\",\"url\":\"https:\\\/\\\/noticiasmercedinas.com\\\/site\\\/\",\"logo\":{\"@type\":\"ImageObject\",\"inLanguage\":\"es\",\"@id\":\"https:\\\/\\\/noticiasmercedinas.com\\\/site\\\/#\\\/schema\\\/logo\\\/image\\\/\",\"url\":\"https:\\\/\\\/noticiasmercedinas.com\\\/site\\\/wp-content\\\/uploads\\\/2020\\\/06\\\/LOGO-512.jpg\",\"contentUrl\":\"https:\\\/\\\/noticiasmercedinas.com\\\/site\\\/wp-content\\\/uploads\\\/2020\\\/06\\\/LOGO-512.jpg\",\"width\":512,\"height\":512,\"caption\":\"NOTICIASMERCEDINAS.COM\"},\"image\":{\"@id\":\"https:\\\/\\\/noticiasmercedinas.com\\\/site\\\/#\\\/schema\\\/logo\\\/image\\\/\"},\"sameAs\":[\"https:\\\/\\\/www.facebook.com\\\/noticiasmercedinas\\\/\",\"https:\\\/\\\/x.com\\\/notmercedinas\",\"https:\\\/\\\/www.instagram.com\\\/noticiasmercedinas\\\/\"]},{\"@type\":\"Person\",\"@id\":\"https:\\\/\\\/noticiasmercedinas.com\\\/site\\\/#\\\/schema\\\/person\\\/84b59c099c28ff2e8b77d4ceec5d8063\",\"name\":\"NOTICIASMERCEDINAS.COM\",\"image\":{\"@type\":\"ImageObject\",\"inLanguage\":\"es\",\"@id\":\"https:\\\/\\\/secure.gravatar.com\\\/avatar\\\/4dfbf16b4d17945bfb6341b2d19043457132fcf478a5ee04f42e959fd8f5df0a?s=96&d=mm&r=g\",\"url\":\"https:\\\/\\\/secure.gravatar.com\\\/avatar\\\/4dfbf16b4d17945bfb6341b2d19043457132fcf478a5ee04f42e959fd8f5df0a?s=96&d=mm&r=g\",\"contentUrl\":\"https:\\\/\\\/secure.gravatar.com\\\/avatar\\\/4dfbf16b4d17945bfb6341b2d19043457132fcf478a5ee04f42e959fd8f5df0a?s=96&d=mm&r=g\",\"caption\":\"NOTICIASMERCEDINAS.COM\"},\"url\":\"https:\\\/\\\/noticiasmercedinas.com\\\/site\\\/author\\\/anonimo\\\/\"}]}<\/script>\n<!-- \/ Yoast SEO plugin. -->","yoast_head_json":{"title":"Se inaugura la muestra \"Las Batallas del Color\" de Clelia Speroni en el Museo de Arte","robots":{"index":"index","follow":"follow","max-snippet":"max-snippet:-1","max-image-preview":"max-image-preview:large","max-video-preview":"max-video-preview:-1"},"canonical":"https:\/\/noticiasmercedinas.com\/site\/2024\/09\/19\/se-inaugura-la-muestra-las-batallas-del-color-de-clelia-speroni-en-el-museo-de-arte\/","og_locale":"es_ES","og_type":"article","og_title":"Se inaugura la muestra \"Las Batallas del Color\" de Clelia Speroni en el Museo de Arte","og_description":"\u25a0 Esta exposici\u00f3n, desde el pr\u00f3ximo viernes 27, forma parte de una exhibici\u00f3n simult\u00e1nea que tambi\u00e9n se presenta en las ciudades de Bragado y Chacabuco","og_url":"https:\/\/noticiasmercedinas.com\/site\/2024\/09\/19\/se-inaugura-la-muestra-las-batallas-del-color-de-clelia-speroni-en-el-museo-de-arte\/","og_site_name":"NOTICIASMERCEDINAS.COM","article_publisher":"https:\/\/www.facebook.com\/noticiasmercedinas\/","article_published_time":"2024-09-19T12:02:34+00:00","og_image":[{"width":1077,"height":792,"url":"https:\/\/noticiasmercedinas.com\/site\/wp-content\/uploads\/2024\/09\/Obra-e1726747318698.jpeg","type":"image\/jpeg"}],"author":"NOTICIASMERCEDINAS.COM","twitter_card":"summary_large_image","twitter_creator":"@notmercedinas","twitter_site":"@notmercedinas","twitter_misc":{"Escrito por":"NOTICIASMERCEDINAS.COM","Tiempo de lectura":"4 minutos"},"schema":{"@context":"https:\/\/schema.org","@graph":[{"@type":"Article","@id":"https:\/\/noticiasmercedinas.com\/site\/2024\/09\/19\/se-inaugura-la-muestra-las-batallas-del-color-de-clelia-speroni-en-el-museo-de-arte\/#article","isPartOf":{"@id":"https:\/\/noticiasmercedinas.com\/site\/2024\/09\/19\/se-inaugura-la-muestra-las-batallas-del-color-de-clelia-speroni-en-el-museo-de-arte\/"},"author":{"name":"NOTICIASMERCEDINAS.COM","@id":"https:\/\/noticiasmercedinas.com\/site\/#\/schema\/person\/84b59c099c28ff2e8b77d4ceec5d8063"},"headline":"Se inaugura la muestra \u00abLas Batallas del Color\u00bb de Clelia Speroni en el Museo de Arte","datePublished":"2024-09-19T12:02:34+00:00","mainEntityOfPage":{"@id":"https:\/\/noticiasmercedinas.com\/site\/2024\/09\/19\/se-inaugura-la-muestra-las-batallas-del-color-de-clelia-speroni-en-el-museo-de-arte\/"},"wordCount":839,"publisher":{"@id":"https:\/\/noticiasmercedinas.com\/site\/#organization"},"image":{"@id":"https:\/\/noticiasmercedinas.com\/site\/2024\/09\/19\/se-inaugura-la-muestra-las-batallas-del-color-de-clelia-speroni-en-el-museo-de-arte\/#primaryimage"},"thumbnailUrl":"https:\/\/noticiasmercedinas.com\/site\/wp-content\/uploads\/2024\/09\/Obra-e1726747318698.jpeg","keywords":["clelia speroni","mamm","museo de arte"],"articleSection":["Cultura"],"inLanguage":"es"},{"@type":"WebPage","@id":"https:\/\/noticiasmercedinas.com\/site\/2024\/09\/19\/se-inaugura-la-muestra-las-batallas-del-color-de-clelia-speroni-en-el-museo-de-arte\/","url":"https:\/\/noticiasmercedinas.com\/site\/2024\/09\/19\/se-inaugura-la-muestra-las-batallas-del-color-de-clelia-speroni-en-el-museo-de-arte\/","name":"Se inaugura la muestra \"Las Batallas del Color\" de Clelia Speroni en el Museo de Arte","isPartOf":{"@id":"https:\/\/noticiasmercedinas.com\/site\/#website"},"primaryImageOfPage":{"@id":"https:\/\/noticiasmercedinas.com\/site\/2024\/09\/19\/se-inaugura-la-muestra-las-batallas-del-color-de-clelia-speroni-en-el-museo-de-arte\/#primaryimage"},"image":{"@id":"https:\/\/noticiasmercedinas.com\/site\/2024\/09\/19\/se-inaugura-la-muestra-las-batallas-del-color-de-clelia-speroni-en-el-museo-de-arte\/#primaryimage"},"thumbnailUrl":"https:\/\/noticiasmercedinas.com\/site\/wp-content\/uploads\/2024\/09\/Obra-e1726747318698.jpeg","datePublished":"2024-09-19T12:02:34+00:00","breadcrumb":{"@id":"https:\/\/noticiasmercedinas.com\/site\/2024\/09\/19\/se-inaugura-la-muestra-las-batallas-del-color-de-clelia-speroni-en-el-museo-de-arte\/#breadcrumb"},"inLanguage":"es","potentialAction":[{"@type":"ReadAction","target":["https:\/\/noticiasmercedinas.com\/site\/2024\/09\/19\/se-inaugura-la-muestra-las-batallas-del-color-de-clelia-speroni-en-el-museo-de-arte\/"]}]},{"@type":"ImageObject","inLanguage":"es","@id":"https:\/\/noticiasmercedinas.com\/site\/2024\/09\/19\/se-inaugura-la-muestra-las-batallas-del-color-de-clelia-speroni-en-el-museo-de-arte\/#primaryimage","url":"https:\/\/noticiasmercedinas.com\/site\/wp-content\/uploads\/2024\/09\/Obra-e1726747318698.jpeg","contentUrl":"https:\/\/noticiasmercedinas.com\/site\/wp-content\/uploads\/2024\/09\/Obra-e1726747318698.jpeg","width":1077,"height":792},{"@type":"BreadcrumbList","@id":"https:\/\/noticiasmercedinas.com\/site\/2024\/09\/19\/se-inaugura-la-muestra-las-batallas-del-color-de-clelia-speroni-en-el-museo-de-arte\/#breadcrumb","itemListElement":[{"@type":"ListItem","position":1,"name":"Portada","item":"https:\/\/noticiasmercedinas.com\/site\/"},{"@type":"ListItem","position":2,"name":"Se inaugura la muestra \u00abLas Batallas del Color\u00bb de Clelia Speroni en el Museo de Arte"}]},{"@type":"WebSite","@id":"https:\/\/noticiasmercedinas.com\/site\/#website","url":"https:\/\/noticiasmercedinas.com\/site\/","name":"NOTICIASMERCEDINAS.COM","description":"Mercedes, Buenos Aires, Argentina","publisher":{"@id":"https:\/\/noticiasmercedinas.com\/site\/#organization"},"potentialAction":[{"@type":"SearchAction","target":{"@type":"EntryPoint","urlTemplate":"https:\/\/noticiasmercedinas.com\/site\/?s={search_term_string}"},"query-input":{"@type":"PropertyValueSpecification","valueRequired":true,"valueName":"search_term_string"}}],"inLanguage":"es"},{"@type":"Organization","@id":"https:\/\/noticiasmercedinas.com\/site\/#organization","name":"NOTICIASMERCEDINAS.COM","url":"https:\/\/noticiasmercedinas.com\/site\/","logo":{"@type":"ImageObject","inLanguage":"es","@id":"https:\/\/noticiasmercedinas.com\/site\/#\/schema\/logo\/image\/","url":"https:\/\/noticiasmercedinas.com\/site\/wp-content\/uploads\/2020\/06\/LOGO-512.jpg","contentUrl":"https:\/\/noticiasmercedinas.com\/site\/wp-content\/uploads\/2020\/06\/LOGO-512.jpg","width":512,"height":512,"caption":"NOTICIASMERCEDINAS.COM"},"image":{"@id":"https:\/\/noticiasmercedinas.com\/site\/#\/schema\/logo\/image\/"},"sameAs":["https:\/\/www.facebook.com\/noticiasmercedinas\/","https:\/\/x.com\/notmercedinas","https:\/\/www.instagram.com\/noticiasmercedinas\/"]},{"@type":"Person","@id":"https:\/\/noticiasmercedinas.com\/site\/#\/schema\/person\/84b59c099c28ff2e8b77d4ceec5d8063","name":"NOTICIASMERCEDINAS.COM","image":{"@type":"ImageObject","inLanguage":"es","@id":"https:\/\/secure.gravatar.com\/avatar\/4dfbf16b4d17945bfb6341b2d19043457132fcf478a5ee04f42e959fd8f5df0a?s=96&d=mm&r=g","url":"https:\/\/secure.gravatar.com\/avatar\/4dfbf16b4d17945bfb6341b2d19043457132fcf478a5ee04f42e959fd8f5df0a?s=96&d=mm&r=g","contentUrl":"https:\/\/secure.gravatar.com\/avatar\/4dfbf16b4d17945bfb6341b2d19043457132fcf478a5ee04f42e959fd8f5df0a?s=96&d=mm&r=g","caption":"NOTICIASMERCEDINAS.COM"},"url":"https:\/\/noticiasmercedinas.com\/site\/author\/anonimo\/"}]}},"amp_enabled":true,"_links":{"self":[{"href":"https:\/\/noticiasmercedinas.com\/site\/wp-json\/wp\/v2\/posts\/144294","targetHints":{"allow":["GET"]}}],"collection":[{"href":"https:\/\/noticiasmercedinas.com\/site\/wp-json\/wp\/v2\/posts"}],"about":[{"href":"https:\/\/noticiasmercedinas.com\/site\/wp-json\/wp\/v2\/types\/post"}],"author":[{"embeddable":true,"href":"https:\/\/noticiasmercedinas.com\/site\/wp-json\/wp\/v2\/users\/16"}],"replies":[{"embeddable":true,"href":"https:\/\/noticiasmercedinas.com\/site\/wp-json\/wp\/v2\/comments?post=144294"}],"version-history":[{"count":1,"href":"https:\/\/noticiasmercedinas.com\/site\/wp-json\/wp\/v2\/posts\/144294\/revisions"}],"predecessor-version":[{"id":144296,"href":"https:\/\/noticiasmercedinas.com\/site\/wp-json\/wp\/v2\/posts\/144294\/revisions\/144296"}],"wp:featuredmedia":[{"embeddable":true,"href":"https:\/\/noticiasmercedinas.com\/site\/wp-json\/wp\/v2\/media\/144295"}],"wp:attachment":[{"href":"https:\/\/noticiasmercedinas.com\/site\/wp-json\/wp\/v2\/media?parent=144294"}],"wp:term":[{"taxonomy":"category","embeddable":true,"href":"https:\/\/noticiasmercedinas.com\/site\/wp-json\/wp\/v2\/categories?post=144294"},{"taxonomy":"post_tag","embeddable":true,"href":"https:\/\/noticiasmercedinas.com\/site\/wp-json\/wp\/v2\/tags?post=144294"}],"curies":[{"name":"wp","href":"https:\/\/api.w.org\/{rel}","templated":true}]}}