{"id":144361,"date":"2024-09-19T20:24:18","date_gmt":"2024-09-19T23:24:18","guid":{"rendered":"https:\/\/noticiasmercedinas.com\/site\/?p=144361"},"modified":"2024-09-19T20:24:18","modified_gmt":"2024-09-19T23:24:18","slug":"consejo-escolar-mercedes-superviso-obras-en-la-escuela-n-23-con-la-colaboracion-de-la-uoyep","status":"publish","type":"post","link":"https:\/\/noticiasmercedinas.com\/site\/2024\/09\/19\/consejo-escolar-mercedes-superviso-obras-en-la-escuela-n-23-con-la-colaboracion-de-la-uoyep\/","title":{"rendered":"Consejo Escolar Mercedes supervis\u00f3 obras en la Escuela N\u00b0 23 con la colaboraci\u00f3n de la UOYEP"},"content":{"rendered":"<p><img loading=\"lazy\" decoding=\"async\" class=\"alignnone size-full wp-image-144362\" src=\"https:\/\/noticiasmercedinas.com\/site\/wp-content\/uploads\/2024\/09\/2a.jpg\" alt=\"\" width=\"782\" height=\"602\" srcset=\"https:\/\/noticiasmercedinas.com\/site\/wp-content\/uploads\/2024\/09\/2a.jpg 782w, https:\/\/noticiasmercedinas.com\/site\/wp-content\/uploads\/2024\/09\/2a-300x231.jpg 300w, https:\/\/noticiasmercedinas.com\/site\/wp-content\/uploads\/2024\/09\/2a-768x591.jpg 768w, https:\/\/noticiasmercedinas.com\/site\/wp-content\/uploads\/2024\/09\/2a-640x493.jpg 640w, https:\/\/noticiasmercedinas.com\/site\/wp-content\/uploads\/2024\/09\/2a-681x524.jpg 681w\" sizes=\"auto, (max-width: 782px) 100vw, 782px\" \/><\/p>\n<p>El Consejo Escolar de Mercedes contin\u00faa con su agenda de recorridas semanales por diferentes establecimientos educativos de la ciudad. En esta ocasi\u00f3n, visitaron la Escuela N\u00b0 23, acompa\u00f1ados por representantes de la Uni\u00f3n Obreros y Empleados Pl\u00e1sticos (UOYEP), encabezados por su secretario general, Alberto Oscar Mur\u00faa.<\/p>\n<p>Durante la visita, se revis\u00f3 el avance de las obras de reparaci\u00f3n de los ba\u00f1os de la instituci\u00f3n, un trabajo realizado en conjunto entre la cooperadora de la escuela, el Consejo Escolar y la UOYEP.<\/p>\n<p>Cabe destacar el compromiso y la colaboraci\u00f3n constante del gremio UOYEP con diversas escuelas de la ciudad, incluyendo la Escuela N\u00b0 23, lo que refuerza el trabajo mancomunado entre distintas organizaciones en beneficio de la comunidad educativa.<\/p>\n<p>Estas iniciativas se enmarcan en un esfuerzo sostenido por mejorar la infraestructura escolar y garantizar un ambiente adecuado para el desarrollo educativo de los estudiantes.<\/p>\n","protected":false},"excerpt":{"rendered":"<p>El Consejo Escolar de Mercedes contin\u00faa con su agenda de recorridas semanales por diferentes establecimientos educativos de la ciudad. En esta ocasi\u00f3n, visitaron la Escuela N\u00b0 23, acompa\u00f1ados por representantes de la Uni\u00f3n Obreros y Empleados Pl\u00e1sticos (UOYEP), encabezados por su secretario general, Alberto Oscar Mur\u00faa. Durante la visita, se revis\u00f3 el avance de las [&hellip;]<\/p>\n","protected":false},"author":16,"featured_media":144362,"comment_status":"closed","ping_status":"closed","sticky":false,"template":"","format":"standard","meta":{"footnotes":""},"categories":[15755],"tags":[267,18846],"class_list":["post-144361","post","type-post","status-publish","format-standard","has-post-thumbnail","hentry","category-educacion","tag-consejo-escolar","tag-escuela-23"],"yoast_head":"<!-- This site is optimized with the Yoast SEO plugin v27.5 - https:\/\/yoast.com\/product\/yoast-seo-wordpress\/ -->\n<title>Consejo Escolar Mercedes supervis\u00f3 obras en la Escuela N\u00b0 23 con la colaboraci\u00f3n de la UOYEP<\/title>\n<meta name=\"robots\" content=\"index, follow, max-snippet:-1, max-image-preview:large, max-video-preview:-1\" \/>\n<link rel=\"canonical\" href=\"https:\/\/noticiasmercedinas.com\/site\/2024\/09\/19\/consejo-escolar-mercedes-superviso-obras-en-la-escuela-n-23-con-la-colaboracion-de-la-uoyep\/\" \/>\n<meta property=\"og:locale\" content=\"es_ES\" \/>\n<meta property=\"og:type\" content=\"article\" \/>\n<meta property=\"og:title\" content=\"Consejo Escolar Mercedes supervis\u00f3 obras en la Escuela N\u00b0 23 con la colaboraci\u00f3n de la UOYEP\" \/>\n<meta property=\"og:description\" content=\"El Consejo Escolar de Mercedes contin\u00faa con su agenda de recorridas semanales por diferentes establecimientos educativos de la ciudad. En esta ocasi\u00f3n, visitaron la Escuela N\u00b0 23, acompa\u00f1ados por representantes de la Uni\u00f3n Obreros y Empleados Pl\u00e1sticos (UOYEP), encabezados por su secretario general, Alberto Oscar Mur\u00faa. Durante la visita, se revis\u00f3 el avance de las [&hellip;]\" \/>\n<meta property=\"og:url\" content=\"https:\/\/noticiasmercedinas.com\/site\/2024\/09\/19\/consejo-escolar-mercedes-superviso-obras-en-la-escuela-n-23-con-la-colaboracion-de-la-uoyep\/\" \/>\n<meta property=\"og:site_name\" content=\"NOTICIASMERCEDINAS.COM\" \/>\n<meta property=\"article:publisher\" content=\"https:\/\/www.facebook.com\/noticiasmercedinas\/\" \/>\n<meta property=\"article:published_time\" content=\"2024-09-19T23:24:18+00:00\" \/>\n<meta property=\"og:image\" content=\"https:\/\/noticiasmercedinas.com\/site\/wp-content\/uploads\/2024\/09\/2a.jpg\" \/>\n\t<meta property=\"og:image:width\" content=\"782\" \/>\n\t<meta property=\"og:image:height\" content=\"602\" \/>\n\t<meta property=\"og:image:type\" content=\"image\/jpeg\" \/>\n<meta name=\"author\" content=\"NOTICIASMERCEDINAS.COM\" \/>\n<meta name=\"twitter:card\" content=\"summary_large_image\" \/>\n<meta name=\"twitter:creator\" content=\"@notmercedinas\" \/>\n<meta name=\"twitter:site\" content=\"@notmercedinas\" \/>\n<meta name=\"twitter:label1\" content=\"Escrito por\" \/>\n\t<meta name=\"twitter:data1\" content=\"NOTICIASMERCEDINAS.COM\" \/>\n\t<meta name=\"twitter:label2\" content=\"Tiempo de lectura\" \/>\n\t<meta name=\"twitter:data2\" content=\"1 minuto\" \/>\n<script type=\"application\/ld+json\" class=\"yoast-schema-graph\">{\"@context\":\"https:\\\/\\\/schema.org\",\"@graph\":[{\"@type\":\"Article\",\"@id\":\"https:\\\/\\\/noticiasmercedinas.com\\\/site\\\/2024\\\/09\\\/19\\\/consejo-escolar-mercedes-superviso-obras-en-la-escuela-n-23-con-la-colaboracion-de-la-uoyep\\\/#article\",\"isPartOf\":{\"@id\":\"https:\\\/\\\/noticiasmercedinas.com\\\/site\\\/2024\\\/09\\\/19\\\/consejo-escolar-mercedes-superviso-obras-en-la-escuela-n-23-con-la-colaboracion-de-la-uoyep\\\/\"},\"author\":{\"name\":\"NOTICIASMERCEDINAS.COM\",\"@id\":\"https:\\\/\\\/noticiasmercedinas.com\\\/site\\\/#\\\/schema\\\/person\\\/84b59c099c28ff2e8b77d4ceec5d8063\"},\"headline\":\"Consejo Escolar Mercedes supervis\u00f3 obras en la Escuela N\u00b0 23 con la colaboraci\u00f3n de la UOYEP\",\"datePublished\":\"2024-09-19T23:24:18+00:00\",\"mainEntityOfPage\":{\"@id\":\"https:\\\/\\\/noticiasmercedinas.com\\\/site\\\/2024\\\/09\\\/19\\\/consejo-escolar-mercedes-superviso-obras-en-la-escuela-n-23-con-la-colaboracion-de-la-uoyep\\\/\"},\"wordCount\":167,\"publisher\":{\"@id\":\"https:\\\/\\\/noticiasmercedinas.com\\\/site\\\/#organization\"},\"image\":{\"@id\":\"https:\\\/\\\/noticiasmercedinas.com\\\/site\\\/2024\\\/09\\\/19\\\/consejo-escolar-mercedes-superviso-obras-en-la-escuela-n-23-con-la-colaboracion-de-la-uoyep\\\/#primaryimage\"},\"thumbnailUrl\":\"https:\\\/\\\/noticiasmercedinas.com\\\/site\\\/wp-content\\\/uploads\\\/2024\\\/09\\\/2a.jpg\",\"keywords\":[\"consejo escolar\",\"escuela 23\"],\"articleSection\":[\"Educacion\"],\"inLanguage\":\"es\"},{\"@type\":\"WebPage\",\"@id\":\"https:\\\/\\\/noticiasmercedinas.com\\\/site\\\/2024\\\/09\\\/19\\\/consejo-escolar-mercedes-superviso-obras-en-la-escuela-n-23-con-la-colaboracion-de-la-uoyep\\\/\",\"url\":\"https:\\\/\\\/noticiasmercedinas.com\\\/site\\\/2024\\\/09\\\/19\\\/consejo-escolar-mercedes-superviso-obras-en-la-escuela-n-23-con-la-colaboracion-de-la-uoyep\\\/\",\"name\":\"Consejo Escolar Mercedes supervis\u00f3 obras en la Escuela N\u00b0 23 con la colaboraci\u00f3n de la UOYEP\",\"isPartOf\":{\"@id\":\"https:\\\/\\\/noticiasmercedinas.com\\\/site\\\/#website\"},\"primaryImageOfPage\":{\"@id\":\"https:\\\/\\\/noticiasmercedinas.com\\\/site\\\/2024\\\/09\\\/19\\\/consejo-escolar-mercedes-superviso-obras-en-la-escuela-n-23-con-la-colaboracion-de-la-uoyep\\\/#primaryimage\"},\"image\":{\"@id\":\"https:\\\/\\\/noticiasmercedinas.com\\\/site\\\/2024\\\/09\\\/19\\\/consejo-escolar-mercedes-superviso-obras-en-la-escuela-n-23-con-la-colaboracion-de-la-uoyep\\\/#primaryimage\"},\"thumbnailUrl\":\"https:\\\/\\\/noticiasmercedinas.com\\\/site\\\/wp-content\\\/uploads\\\/2024\\\/09\\\/2a.jpg\",\"datePublished\":\"2024-09-19T23:24:18+00:00\",\"breadcrumb\":{\"@id\":\"https:\\\/\\\/noticiasmercedinas.com\\\/site\\\/2024\\\/09\\\/19\\\/consejo-escolar-mercedes-superviso-obras-en-la-escuela-n-23-con-la-colaboracion-de-la-uoyep\\\/#breadcrumb\"},\"inLanguage\":\"es\",\"potentialAction\":[{\"@type\":\"ReadAction\",\"target\":[\"https:\\\/\\\/noticiasmercedinas.com\\\/site\\\/2024\\\/09\\\/19\\\/consejo-escolar-mercedes-superviso-obras-en-la-escuela-n-23-con-la-colaboracion-de-la-uoyep\\\/\"]}]},{\"@type\":\"ImageObject\",\"inLanguage\":\"es\",\"@id\":\"https:\\\/\\\/noticiasmercedinas.com\\\/site\\\/2024\\\/09\\\/19\\\/consejo-escolar-mercedes-superviso-obras-en-la-escuela-n-23-con-la-colaboracion-de-la-uoyep\\\/#primaryimage\",\"url\":\"https:\\\/\\\/noticiasmercedinas.com\\\/site\\\/wp-content\\\/uploads\\\/2024\\\/09\\\/2a.jpg\",\"contentUrl\":\"https:\\\/\\\/noticiasmercedinas.com\\\/site\\\/wp-content\\\/uploads\\\/2024\\\/09\\\/2a.jpg\",\"width\":782,\"height\":602},{\"@type\":\"BreadcrumbList\",\"@id\":\"https:\\\/\\\/noticiasmercedinas.com\\\/site\\\/2024\\\/09\\\/19\\\/consejo-escolar-mercedes-superviso-obras-en-la-escuela-n-23-con-la-colaboracion-de-la-uoyep\\\/#breadcrumb\",\"itemListElement\":[{\"@type\":\"ListItem\",\"position\":1,\"name\":\"Portada\",\"item\":\"https:\\\/\\\/noticiasmercedinas.com\\\/site\\\/\"},{\"@type\":\"ListItem\",\"position\":2,\"name\":\"Consejo Escolar Mercedes supervis\u00f3 obras en la Escuela N\u00b0 23 con la colaboraci\u00f3n de la UOYEP\"}]},{\"@type\":\"WebSite\",\"@id\":\"https:\\\/\\\/noticiasmercedinas.com\\\/site\\\/#website\",\"url\":\"https:\\\/\\\/noticiasmercedinas.com\\\/site\\\/\",\"name\":\"NOTICIASMERCEDINAS.COM\",\"description\":\"Mercedes, Buenos Aires, Argentina\",\"publisher\":{\"@id\":\"https:\\\/\\\/noticiasmercedinas.com\\\/site\\\/#organization\"},\"potentialAction\":[{\"@type\":\"SearchAction\",\"target\":{\"@type\":\"EntryPoint\",\"urlTemplate\":\"https:\\\/\\\/noticiasmercedinas.com\\\/site\\\/?s={search_term_string}\"},\"query-input\":{\"@type\":\"PropertyValueSpecification\",\"valueRequired\":true,\"valueName\":\"search_term_string\"}}],\"inLanguage\":\"es\"},{\"@type\":\"Organization\",\"@id\":\"https:\\\/\\\/noticiasmercedinas.com\\\/site\\\/#organization\",\"name\":\"NOTICIASMERCEDINAS.COM\",\"url\":\"https:\\\/\\\/noticiasmercedinas.com\\\/site\\\/\",\"logo\":{\"@type\":\"ImageObject\",\"inLanguage\":\"es\",\"@id\":\"https:\\\/\\\/noticiasmercedinas.com\\\/site\\\/#\\\/schema\\\/logo\\\/image\\\/\",\"url\":\"https:\\\/\\\/noticiasmercedinas.com\\\/site\\\/wp-content\\\/uploads\\\/2020\\\/06\\\/LOGO-512.jpg\",\"contentUrl\":\"https:\\\/\\\/noticiasmercedinas.com\\\/site\\\/wp-content\\\/uploads\\\/2020\\\/06\\\/LOGO-512.jpg\",\"width\":512,\"height\":512,\"caption\":\"NOTICIASMERCEDINAS.COM\"},\"image\":{\"@id\":\"https:\\\/\\\/noticiasmercedinas.com\\\/site\\\/#\\\/schema\\\/logo\\\/image\\\/\"},\"sameAs\":[\"https:\\\/\\\/www.facebook.com\\\/noticiasmercedinas\\\/\",\"https:\\\/\\\/x.com\\\/notmercedinas\",\"https:\\\/\\\/www.instagram.com\\\/noticiasmercedinas\\\/\"]},{\"@type\":\"Person\",\"@id\":\"https:\\\/\\\/noticiasmercedinas.com\\\/site\\\/#\\\/schema\\\/person\\\/84b59c099c28ff2e8b77d4ceec5d8063\",\"name\":\"NOTICIASMERCEDINAS.COM\",\"image\":{\"@type\":\"ImageObject\",\"inLanguage\":\"es\",\"@id\":\"https:\\\/\\\/secure.gravatar.com\\\/avatar\\\/4dfbf16b4d17945bfb6341b2d19043457132fcf478a5ee04f42e959fd8f5df0a?s=96&d=mm&r=g\",\"url\":\"https:\\\/\\\/secure.gravatar.com\\\/avatar\\\/4dfbf16b4d17945bfb6341b2d19043457132fcf478a5ee04f42e959fd8f5df0a?s=96&d=mm&r=g\",\"contentUrl\":\"https:\\\/\\\/secure.gravatar.com\\\/avatar\\\/4dfbf16b4d17945bfb6341b2d19043457132fcf478a5ee04f42e959fd8f5df0a?s=96&d=mm&r=g\",\"caption\":\"NOTICIASMERCEDINAS.COM\"},\"url\":\"https:\\\/\\\/noticiasmercedinas.com\\\/site\\\/author\\\/anonimo\\\/\"}]}<\/script>\n<!-- \/ Yoast SEO plugin. -->","yoast_head_json":{"title":"Consejo Escolar Mercedes supervis\u00f3 obras en la Escuela N\u00b0 23 con la colaboraci\u00f3n de la UOYEP","robots":{"index":"index","follow":"follow","max-snippet":"max-snippet:-1","max-image-preview":"max-image-preview:large","max-video-preview":"max-video-preview:-1"},"canonical":"https:\/\/noticiasmercedinas.com\/site\/2024\/09\/19\/consejo-escolar-mercedes-superviso-obras-en-la-escuela-n-23-con-la-colaboracion-de-la-uoyep\/","og_locale":"es_ES","og_type":"article","og_title":"Consejo Escolar Mercedes supervis\u00f3 obras en la Escuela N\u00b0 23 con la colaboraci\u00f3n de la UOYEP","og_description":"El Consejo Escolar de Mercedes contin\u00faa con su agenda de recorridas semanales por diferentes establecimientos educativos de la ciudad. En esta ocasi\u00f3n, visitaron la Escuela N\u00b0 23, acompa\u00f1ados por representantes de la Uni\u00f3n Obreros y Empleados Pl\u00e1sticos (UOYEP), encabezados por su secretario general, Alberto Oscar Mur\u00faa. Durante la visita, se revis\u00f3 el avance de las [&hellip;]","og_url":"https:\/\/noticiasmercedinas.com\/site\/2024\/09\/19\/consejo-escolar-mercedes-superviso-obras-en-la-escuela-n-23-con-la-colaboracion-de-la-uoyep\/","og_site_name":"NOTICIASMERCEDINAS.COM","article_publisher":"https:\/\/www.facebook.com\/noticiasmercedinas\/","article_published_time":"2024-09-19T23:24:18+00:00","og_image":[{"width":782,"height":602,"url":"https:\/\/noticiasmercedinas.com\/site\/wp-content\/uploads\/2024\/09\/2a.jpg","type":"image\/jpeg"}],"author":"NOTICIASMERCEDINAS.COM","twitter_card":"summary_large_image","twitter_creator":"@notmercedinas","twitter_site":"@notmercedinas","twitter_misc":{"Escrito por":"NOTICIASMERCEDINAS.COM","Tiempo de lectura":"1 minuto"},"schema":{"@context":"https:\/\/schema.org","@graph":[{"@type":"Article","@id":"https:\/\/noticiasmercedinas.com\/site\/2024\/09\/19\/consejo-escolar-mercedes-superviso-obras-en-la-escuela-n-23-con-la-colaboracion-de-la-uoyep\/#article","isPartOf":{"@id":"https:\/\/noticiasmercedinas.com\/site\/2024\/09\/19\/consejo-escolar-mercedes-superviso-obras-en-la-escuela-n-23-con-la-colaboracion-de-la-uoyep\/"},"author":{"name":"NOTICIASMERCEDINAS.COM","@id":"https:\/\/noticiasmercedinas.com\/site\/#\/schema\/person\/84b59c099c28ff2e8b77d4ceec5d8063"},"headline":"Consejo Escolar Mercedes supervis\u00f3 obras en la Escuela N\u00b0 23 con la colaboraci\u00f3n de la UOYEP","datePublished":"2024-09-19T23:24:18+00:00","mainEntityOfPage":{"@id":"https:\/\/noticiasmercedinas.com\/site\/2024\/09\/19\/consejo-escolar-mercedes-superviso-obras-en-la-escuela-n-23-con-la-colaboracion-de-la-uoyep\/"},"wordCount":167,"publisher":{"@id":"https:\/\/noticiasmercedinas.com\/site\/#organization"},"image":{"@id":"https:\/\/noticiasmercedinas.com\/site\/2024\/09\/19\/consejo-escolar-mercedes-superviso-obras-en-la-escuela-n-23-con-la-colaboracion-de-la-uoyep\/#primaryimage"},"thumbnailUrl":"https:\/\/noticiasmercedinas.com\/site\/wp-content\/uploads\/2024\/09\/2a.jpg","keywords":["consejo escolar","escuela 23"],"articleSection":["Educacion"],"inLanguage":"es"},{"@type":"WebPage","@id":"https:\/\/noticiasmercedinas.com\/site\/2024\/09\/19\/consejo-escolar-mercedes-superviso-obras-en-la-escuela-n-23-con-la-colaboracion-de-la-uoyep\/","url":"https:\/\/noticiasmercedinas.com\/site\/2024\/09\/19\/consejo-escolar-mercedes-superviso-obras-en-la-escuela-n-23-con-la-colaboracion-de-la-uoyep\/","name":"Consejo Escolar Mercedes supervis\u00f3 obras en la Escuela N\u00b0 23 con la colaboraci\u00f3n de la UOYEP","isPartOf":{"@id":"https:\/\/noticiasmercedinas.com\/site\/#website"},"primaryImageOfPage":{"@id":"https:\/\/noticiasmercedinas.com\/site\/2024\/09\/19\/consejo-escolar-mercedes-superviso-obras-en-la-escuela-n-23-con-la-colaboracion-de-la-uoyep\/#primaryimage"},"image":{"@id":"https:\/\/noticiasmercedinas.com\/site\/2024\/09\/19\/consejo-escolar-mercedes-superviso-obras-en-la-escuela-n-23-con-la-colaboracion-de-la-uoyep\/#primaryimage"},"thumbnailUrl":"https:\/\/noticiasmercedinas.com\/site\/wp-content\/uploads\/2024\/09\/2a.jpg","datePublished":"2024-09-19T23:24:18+00:00","breadcrumb":{"@id":"https:\/\/noticiasmercedinas.com\/site\/2024\/09\/19\/consejo-escolar-mercedes-superviso-obras-en-la-escuela-n-23-con-la-colaboracion-de-la-uoyep\/#breadcrumb"},"inLanguage":"es","potentialAction":[{"@type":"ReadAction","target":["https:\/\/noticiasmercedinas.com\/site\/2024\/09\/19\/consejo-escolar-mercedes-superviso-obras-en-la-escuela-n-23-con-la-colaboracion-de-la-uoyep\/"]}]},{"@type":"ImageObject","inLanguage":"es","@id":"https:\/\/noticiasmercedinas.com\/site\/2024\/09\/19\/consejo-escolar-mercedes-superviso-obras-en-la-escuela-n-23-con-la-colaboracion-de-la-uoyep\/#primaryimage","url":"https:\/\/noticiasmercedinas.com\/site\/wp-content\/uploads\/2024\/09\/2a.jpg","contentUrl":"https:\/\/noticiasmercedinas.com\/site\/wp-content\/uploads\/2024\/09\/2a.jpg","width":782,"height":602},{"@type":"BreadcrumbList","@id":"https:\/\/noticiasmercedinas.com\/site\/2024\/09\/19\/consejo-escolar-mercedes-superviso-obras-en-la-escuela-n-23-con-la-colaboracion-de-la-uoyep\/#breadcrumb","itemListElement":[{"@type":"ListItem","position":1,"name":"Portada","item":"https:\/\/noticiasmercedinas.com\/site\/"},{"@type":"ListItem","position":2,"name":"Consejo Escolar Mercedes supervis\u00f3 obras en la Escuela N\u00b0 23 con la colaboraci\u00f3n de la UOYEP"}]},{"@type":"WebSite","@id":"https:\/\/noticiasmercedinas.com\/site\/#website","url":"https:\/\/noticiasmercedinas.com\/site\/","name":"NOTICIASMERCEDINAS.COM","description":"Mercedes, Buenos Aires, Argentina","publisher":{"@id":"https:\/\/noticiasmercedinas.com\/site\/#organization"},"potentialAction":[{"@type":"SearchAction","target":{"@type":"EntryPoint","urlTemplate":"https:\/\/noticiasmercedinas.com\/site\/?s={search_term_string}"},"query-input":{"@type":"PropertyValueSpecification","valueRequired":true,"valueName":"search_term_string"}}],"inLanguage":"es"},{"@type":"Organization","@id":"https:\/\/noticiasmercedinas.com\/site\/#organization","name":"NOTICIASMERCEDINAS.COM","url":"https:\/\/noticiasmercedinas.com\/site\/","logo":{"@type":"ImageObject","inLanguage":"es","@id":"https:\/\/noticiasmercedinas.com\/site\/#\/schema\/logo\/image\/","url":"https:\/\/noticiasmercedinas.com\/site\/wp-content\/uploads\/2020\/06\/LOGO-512.jpg","contentUrl":"https:\/\/noticiasmercedinas.com\/site\/wp-content\/uploads\/2020\/06\/LOGO-512.jpg","width":512,"height":512,"caption":"NOTICIASMERCEDINAS.COM"},"image":{"@id":"https:\/\/noticiasmercedinas.com\/site\/#\/schema\/logo\/image\/"},"sameAs":["https:\/\/www.facebook.com\/noticiasmercedinas\/","https:\/\/x.com\/notmercedinas","https:\/\/www.instagram.com\/noticiasmercedinas\/"]},{"@type":"Person","@id":"https:\/\/noticiasmercedinas.com\/site\/#\/schema\/person\/84b59c099c28ff2e8b77d4ceec5d8063","name":"NOTICIASMERCEDINAS.COM","image":{"@type":"ImageObject","inLanguage":"es","@id":"https:\/\/secure.gravatar.com\/avatar\/4dfbf16b4d17945bfb6341b2d19043457132fcf478a5ee04f42e959fd8f5df0a?s=96&d=mm&r=g","url":"https:\/\/secure.gravatar.com\/avatar\/4dfbf16b4d17945bfb6341b2d19043457132fcf478a5ee04f42e959fd8f5df0a?s=96&d=mm&r=g","contentUrl":"https:\/\/secure.gravatar.com\/avatar\/4dfbf16b4d17945bfb6341b2d19043457132fcf478a5ee04f42e959fd8f5df0a?s=96&d=mm&r=g","caption":"NOTICIASMERCEDINAS.COM"},"url":"https:\/\/noticiasmercedinas.com\/site\/author\/anonimo\/"}]}},"amp_enabled":true,"_links":{"self":[{"href":"https:\/\/noticiasmercedinas.com\/site\/wp-json\/wp\/v2\/posts\/144361","targetHints":{"allow":["GET"]}}],"collection":[{"href":"https:\/\/noticiasmercedinas.com\/site\/wp-json\/wp\/v2\/posts"}],"about":[{"href":"https:\/\/noticiasmercedinas.com\/site\/wp-json\/wp\/v2\/types\/post"}],"author":[{"embeddable":true,"href":"https:\/\/noticiasmercedinas.com\/site\/wp-json\/wp\/v2\/users\/16"}],"replies":[{"embeddable":true,"href":"https:\/\/noticiasmercedinas.com\/site\/wp-json\/wp\/v2\/comments?post=144361"}],"version-history":[{"count":1,"href":"https:\/\/noticiasmercedinas.com\/site\/wp-json\/wp\/v2\/posts\/144361\/revisions"}],"predecessor-version":[{"id":144363,"href":"https:\/\/noticiasmercedinas.com\/site\/wp-json\/wp\/v2\/posts\/144361\/revisions\/144363"}],"wp:featuredmedia":[{"embeddable":true,"href":"https:\/\/noticiasmercedinas.com\/site\/wp-json\/wp\/v2\/media\/144362"}],"wp:attachment":[{"href":"https:\/\/noticiasmercedinas.com\/site\/wp-json\/wp\/v2\/media?parent=144361"}],"wp:term":[{"taxonomy":"category","embeddable":true,"href":"https:\/\/noticiasmercedinas.com\/site\/wp-json\/wp\/v2\/categories?post=144361"},{"taxonomy":"post_tag","embeddable":true,"href":"https:\/\/noticiasmercedinas.com\/site\/wp-json\/wp\/v2\/tags?post=144361"}],"curies":[{"name":"wp","href":"https:\/\/api.w.org\/{rel}","templated":true}]}}