{"id":144456,"date":"2024-09-21T17:50:38","date_gmt":"2024-09-21T20:50:38","guid":{"rendered":"https:\/\/noticiasmercedinas.com\/site\/?p=144456"},"modified":"2024-09-22T00:23:56","modified_gmt":"2024-09-22T03:23:56","slug":"emotiva-inaugura-nueva-etapa-en-local-mas-amplio-con-novedades-y-el-mismo-trato-personalizado","status":"publish","type":"post","link":"https:\/\/noticiasmercedinas.com\/site\/2024\/09\/21\/emotiva-inaugura-nueva-etapa-en-local-mas-amplio-con-novedades-y-el-mismo-trato-personalizado\/","title":{"rendered":"\u00abEmotiva\u00bb inaugura nueva etapa en local m\u00e1s amplio, con novedades y el mismo trato personalizado"},"content":{"rendered":"<p><img loading=\"lazy\" decoding=\"async\" class=\"alignnone size-full wp-image-144463\" src=\"https:\/\/noticiasmercedinas.com\/site\/wp-content\/uploads\/2024\/09\/EIMG_3869.jpg\" alt=\"\" width=\"640\" height=\"427\" srcset=\"https:\/\/noticiasmercedinas.com\/site\/wp-content\/uploads\/2024\/09\/EIMG_3869.jpg 640w, https:\/\/noticiasmercedinas.com\/site\/wp-content\/uploads\/2024\/09\/EIMG_3869-300x200.jpg 300w\" sizes=\"auto, (max-width: 640px) 100vw, 640px\" \/><\/p>\n<p>La emprendedora mercedina <strong>Ivana Peinado<\/strong>, responsable de la reconocida tienda Emotiva, anunci\u00f3 con gran entusiasmo la apertura de su nuevo local ubicado en calle 23, casi esquina 28. Este espacio, m\u00e1s grande y moderno, marca una nueva etapa para el negocio que ya es conocido por su variada oferta de ropa deportiva, mallas, lencer\u00eda y atenci\u00f3n personalizada.<\/p>\n<p>En una entrevista, Ivana expres\u00f3 su satisfacci\u00f3n por el crecimiento de Emotiva y por haber encontrado un local que se adapta mejor a las necesidades de su clientela. \u201cLa esquina es hermos\u00edsima, y se est\u00e1 poblando de locales con propuestas diversas. Nos encanta ser parte de este nuevo polo comercial en la ciudad\u201d, coment\u00f3.<\/p>\n<p><img loading=\"lazy\" decoding=\"async\" class=\"alignnone size-full wp-image-144465\" src=\"https:\/\/noticiasmercedinas.com\/site\/wp-content\/uploads\/2024\/09\/EIMG_3863.jpg\" alt=\"\" width=\"640\" height=\"447\" srcset=\"https:\/\/noticiasmercedinas.com\/site\/wp-content\/uploads\/2024\/09\/EIMG_3863.jpg 640w, https:\/\/noticiasmercedinas.com\/site\/wp-content\/uploads\/2024\/09\/EIMG_3863-300x210.jpg 300w\" sizes=\"auto, (max-width: 640px) 100vw, 640px\" \/><\/p>\n<p>Este nuevo local cuenta con dos niveles, manteniendo la estructura de planta alta y baja, pero con la ventaja de ser mucho m\u00e1s amplio que el anterior. Esto les permiti\u00f3 ampliar su cat\u00e1logo, incorporando una l\u00ednea m\u00e1s completa de ropa deportiva masculina, una novedad que, seg\u00fan Ivana, era muy esperada.<\/p>\n<p>\u201cSiempre trabajamos ropa interior masculina, pero ahora decidimos darle un toque m\u00e1s fuerte, con una impronta que los hombres tambi\u00e9n puedan disfrutar, incluyendo remeras, shorts y m\u00e1s variedad de prendas\u201d, explic\u00f3.<\/p>\n<p>Emotiva eligi\u00f3 una fecha muy especial para esta nueva inauguraci\u00f3n: el 21 de septiembre, d\u00eda de la primavera. Seg\u00fan Ivana, la decisi\u00f3n no fue al azar. \u201cLa primavera es un cambio de temporada que marca mucho. Nosotros trabajamos con mallas todo el a\u00f1o, pero me pareci\u00f3 fant\u00e1stico presentar la nueva colecci\u00f3n primavera-verano en esta fecha. Adem\u00e1s, la idea de florecer tambi\u00e9n nos representa, es un renacer para nosotros y para nuestras clientas\u201d, destac\u00f3 con entusiasmo.<\/p>\n<p><img loading=\"lazy\" decoding=\"async\" class=\"alignnone size-full wp-image-144464\" src=\"https:\/\/noticiasmercedinas.com\/site\/wp-content\/uploads\/2024\/09\/EIMG_3866.jpg\" alt=\"\" width=\"640\" height=\"427\" srcset=\"https:\/\/noticiasmercedinas.com\/site\/wp-content\/uploads\/2024\/09\/EIMG_3866.jpg 640w, https:\/\/noticiasmercedinas.com\/site\/wp-content\/uploads\/2024\/09\/EIMG_3866-300x200.jpg 300w\" sizes=\"auto, (max-width: 640px) 100vw, 640px\" \/><\/p>\n<p>Las clientas de siempre, as\u00ed como quienes pasan por el nuevo local, se han mostrado encantadas con el cambio. \u201cLes encanta el espacio, est\u00e1n muy contentas. Nosotras mantenemos nuestra marca, nuestro sello en la atenci\u00f3n, que siempre es con buena onda. Creo que eso nos caracteriza, y las clientas lo valoran mucho\u201d, expres\u00f3 Ivana, orgullosa del crecimiento del emprendimiento.<\/p>\n<p>El horario de atenci\u00f3n se mantiene de lunes a s\u00e1bado de 9 a 13 y de 16 a 20 horas, aunque Emotiva est\u00e1 evaluando la posibilidad de extender el horario al mediod\u00eda para atender a las mujeres que trabajan en los tribunales y juzgados cercanos. \u201cEstamos viendo si podemos ampliar hasta las 14 o 15 horas, para darles tiempo a las chicas que salen de trabajar. Todo depender\u00e1 de la demanda que veamos en esta nueva etapa\u201d, a\u00f1adi\u00f3 la emprendedora.<\/p>\n<p><img loading=\"lazy\" decoding=\"async\" class=\"alignnone size-full wp-image-144462\" src=\"https:\/\/noticiasmercedinas.com\/site\/wp-content\/uploads\/2024\/09\/EIMG_3880.jpg\" alt=\"\" width=\"640\" height=\"427\" srcset=\"https:\/\/noticiasmercedinas.com\/site\/wp-content\/uploads\/2024\/09\/EIMG_3880.jpg 640w, https:\/\/noticiasmercedinas.com\/site\/wp-content\/uploads\/2024\/09\/EIMG_3880-300x200.jpg 300w\" sizes=\"auto, (max-width: 640px) 100vw, 640px\" \/><\/p>\n<p>Cuando se le pregunt\u00f3 sobre lo que diferencia a Emotiva de otros locales, Ivana fue clara: \u201cCreo que cualquier clienta podr\u00eda responder eso. Lo que nos distingue es la atenci\u00f3n personalizada. Nos preocupamos por lo que cada cliente quiere, escuchamos sus gustos, sus necesidades, y eso no es algo que pase en todos los negocios. A lo largo de los a\u00f1os, hemos aprendido juntas con nuestras clientas y siempre tratamos de mejorar\u201d.<\/p>\n<p>En cuanto a los precios, Ivana asegura que se mantienen accesibles sin comprometer la calidad. \u201cNuestros precios siempre est\u00e1n alineados con la calidad de las prendas que ofrecemos, y tratamos de tener siempre variedad en texturas y modelos. No es tan simple como decir &#8216;un corpi\u00f1o&#8217;, porque tenemos opciones para todas las edades y cuerpos. Trabajamos desde el talle 75 para ni\u00f1as hasta el talle 120 para se\u00f1oras, tanto en corpi\u00f1os como en bombachas\u201d, explic\u00f3.<\/p>\n<p><img loading=\"lazy\" decoding=\"async\" class=\"alignnone size-full wp-image-144459\" src=\"https:\/\/noticiasmercedinas.com\/site\/wp-content\/uploads\/2024\/09\/EIMG_3889.jpg\" alt=\"\" width=\"640\" height=\"427\" srcset=\"https:\/\/noticiasmercedinas.com\/site\/wp-content\/uploads\/2024\/09\/EIMG_3889.jpg 640w, https:\/\/noticiasmercedinas.com\/site\/wp-content\/uploads\/2024\/09\/EIMG_3889-300x200.jpg 300w\" sizes=\"auto, (max-width: 640px) 100vw, 640px\" \/><\/p>\n<p>Adem\u00e1s, en esta nueva etapa, Emotiva ha logrado expandir su l\u00ednea de pijamas, algo que, seg\u00fan Ivana, les costaba conseguir con buena molder\u00eda y talles. \u201cEste a\u00f1o lo logramos, y estamos muy contentas. Lo mismo ocurre con los trajes de ba\u00f1o, que ya est\u00e1n disponibles en el local, con talles que van hasta el talle 8\u201d.<\/p>\n<p>Finalmente, invit\u00f3 a todas las interesadas a visitar el nuevo espacio: \u201cA partir de las 4 de la tarde de hoy ya pueden pasar por el local, conocer la nueva colecci\u00f3n y disfrutar de este nuevo comienzo de Emotiva, que sigue creciendo y acompa\u00f1ando a cada una de nuestras clientas con la misma pasi\u00f3n y dedicaci\u00f3n de siempre\u201d.<\/p>\n<p>En redes sociales, pueden encontrarlas como Emotiva Ivana en Instagram y Facebook, donde tambi\u00e9n publican novedades y promociones especiales.<\/p>\n<p>Instagram:<a href=\"https:\/\/www.instagram.com\/ivanaemotiva\/\"> https:\/\/www.instagram.com\/ivanaemotiva\/<\/a><\/p>\n<p>Facebook: <a href=\"https:\/\/www.facebook.com\/ivana.peinado.739\">Ivana Emotiva<\/a><\/p>\n<p><img loading=\"lazy\" decoding=\"async\" class=\"alignnone size-full wp-image-144461\" src=\"https:\/\/noticiasmercedinas.com\/site\/wp-content\/uploads\/2024\/09\/EIMG_3882.jpg\" alt=\"\" width=\"640\" height=\"427\" srcset=\"https:\/\/noticiasmercedinas.com\/site\/wp-content\/uploads\/2024\/09\/EIMG_3882.jpg 640w, https:\/\/noticiasmercedinas.com\/site\/wp-content\/uploads\/2024\/09\/EIMG_3882-300x200.jpg 300w\" sizes=\"auto, (max-width: 640px) 100vw, 640px\" \/> <img loading=\"lazy\" decoding=\"async\" class=\"alignnone size-full wp-image-144460\" src=\"https:\/\/noticiasmercedinas.com\/site\/wp-content\/uploads\/2024\/09\/EIMG_3886.jpg\" alt=\"\" width=\"640\" height=\"427\" srcset=\"https:\/\/noticiasmercedinas.com\/site\/wp-content\/uploads\/2024\/09\/EIMG_3886.jpg 640w, https:\/\/noticiasmercedinas.com\/site\/wp-content\/uploads\/2024\/09\/EIMG_3886-300x200.jpg 300w\" sizes=\"auto, (max-width: 640px) 100vw, 640px\" \/> <img loading=\"lazy\" decoding=\"async\" class=\"alignnone size-full wp-image-144458\" src=\"https:\/\/noticiasmercedinas.com\/site\/wp-content\/uploads\/2024\/09\/EIMG_3893.jpg\" alt=\"\" width=\"640\" height=\"427\" srcset=\"https:\/\/noticiasmercedinas.com\/site\/wp-content\/uploads\/2024\/09\/EIMG_3893.jpg 640w, https:\/\/noticiasmercedinas.com\/site\/wp-content\/uploads\/2024\/09\/EIMG_3893-300x200.jpg 300w\" sizes=\"auto, (max-width: 640px) 100vw, 640px\" \/><img loading=\"lazy\" decoding=\"async\" class=\"alignnone size-full wp-image-144457\" src=\"https:\/\/noticiasmercedinas.com\/site\/wp-content\/uploads\/2024\/09\/EIMG_3895.jpg\" alt=\"\" width=\"640\" height=\"427\" srcset=\"https:\/\/noticiasmercedinas.com\/site\/wp-content\/uploads\/2024\/09\/EIMG_3895.jpg 640w, https:\/\/noticiasmercedinas.com\/site\/wp-content\/uploads\/2024\/09\/EIMG_3895-300x200.jpg 300w\" sizes=\"auto, (max-width: 640px) 100vw, 640px\" \/><\/p>\n","protected":false},"excerpt":{"rendered":"<p>La emprendedora mercedina Ivana Peinado, responsable de la reconocida tienda Emotiva, anunci\u00f3 con gran entusiasmo la apertura de su nuevo local ubicado en calle 23, casi esquina 28. Este espacio, m\u00e1s grande y moderno, marca una nueva etapa para el negocio que ya es conocido por su variada oferta de ropa deportiva, mallas, lencer\u00eda y [&hellip;]<\/p>\n","protected":false},"author":16,"featured_media":144463,"comment_status":"closed","ping_status":"closed","sticky":false,"template":"","format":"standard","meta":{"footnotes":""},"categories":[74],"tags":[1356,5387,1355,1353],"class_list":["post-144456","post","type-post","status-publish","format-standard","has-post-thumbnail","hentry","category-emprendimientos","tag-emotiva","tag-ivana-peinado","tag-ropa-deportiva","tag-ropa-interior"],"yoast_head":"<!-- This site is optimized with the Yoast SEO plugin v28.3 - https:\/\/yoast.com\/product\/yoast-seo-wordpress\/ -->\n<title>&quot;Emotiva&quot; inaugura nueva etapa en local m\u00e1s amplio, con novedades y el mismo trato personalizado<\/title>\n<meta name=\"robots\" content=\"index, follow, max-snippet:-1, max-image-preview:large, max-video-preview:-1\" \/>\n<link rel=\"canonical\" href=\"https:\/\/noticiasmercedinas.com\/site\/2024\/09\/21\/emotiva-inaugura-nueva-etapa-en-local-mas-amplio-con-novedades-y-el-mismo-trato-personalizado\/\" \/>\n<meta property=\"og:locale\" content=\"es_ES\" \/>\n<meta property=\"og:type\" content=\"article\" \/>\n<meta property=\"og:title\" content=\"&quot;Emotiva&quot; inaugura nueva etapa en local m\u00e1s amplio, con novedades y el mismo trato personalizado\" \/>\n<meta property=\"og:description\" content=\"La emprendedora mercedina Ivana Peinado, responsable de la reconocida tienda Emotiva, anunci\u00f3 con gran entusiasmo la apertura de su nuevo local ubicado en calle 23, casi esquina 28. Este espacio, m\u00e1s grande y moderno, marca una nueva etapa para el negocio que ya es conocido por su variada oferta de ropa deportiva, mallas, lencer\u00eda y [&hellip;]\" \/>\n<meta property=\"og:url\" content=\"https:\/\/noticiasmercedinas.com\/site\/2024\/09\/21\/emotiva-inaugura-nueva-etapa-en-local-mas-amplio-con-novedades-y-el-mismo-trato-personalizado\/\" \/>\n<meta property=\"og:site_name\" content=\"NOTICIASMERCEDINAS.COM\" \/>\n<meta property=\"article:publisher\" content=\"https:\/\/www.facebook.com\/noticiasmercedinas\/\" \/>\n<meta property=\"article:published_time\" content=\"2024-09-21T20:50:38+00:00\" \/>\n<meta property=\"article:modified_time\" content=\"2024-09-22T03:23:56+00:00\" \/>\n<meta property=\"og:image\" content=\"https:\/\/noticiasmercedinas.com\/site\/wp-content\/uploads\/2024\/09\/EIMG_3869.jpg\" \/>\n\t<meta property=\"og:image:width\" content=\"640\" \/>\n\t<meta property=\"og:image:height\" content=\"427\" \/>\n\t<meta property=\"og:image:type\" content=\"image\/jpeg\" \/>\n<meta name=\"author\" content=\"NOTICIASMERCEDINAS.COM\" \/>\n<meta name=\"twitter:card\" content=\"summary_large_image\" \/>\n<meta name=\"twitter:creator\" content=\"@notmercedinas\" \/>\n<meta name=\"twitter:site\" content=\"@notmercedinas\" \/>\n<meta name=\"twitter:label1\" content=\"Escrito por\" \/>\n\t<meta name=\"twitter:data1\" content=\"NOTICIASMERCEDINAS.COM\" \/>\n\t<meta name=\"twitter:label2\" content=\"Tiempo de lectura\" \/>\n\t<meta name=\"twitter:data2\" content=\"4 minutos\" \/>\n<script type=\"application\/ld+json\" class=\"yoast-schema-graph\">{\"@context\":\"https:\\\/\\\/schema.org\",\"@graph\":[{\"@type\":\"Article\",\"@id\":\"https:\\\/\\\/noticiasmercedinas.com\\\/site\\\/2024\\\/09\\\/21\\\/emotiva-inaugura-nueva-etapa-en-local-mas-amplio-con-novedades-y-el-mismo-trato-personalizado\\\/#article\",\"isPartOf\":{\"@id\":\"https:\\\/\\\/noticiasmercedinas.com\\\/site\\\/2024\\\/09\\\/21\\\/emotiva-inaugura-nueva-etapa-en-local-mas-amplio-con-novedades-y-el-mismo-trato-personalizado\\\/\"},\"author\":{\"name\":\"NOTICIASMERCEDINAS.COM\",\"@id\":\"https:\\\/\\\/noticiasmercedinas.com\\\/site\\\/#\\\/schema\\\/person\\\/84b59c099c28ff2e8b77d4ceec5d8063\"},\"headline\":\"\u00abEmotiva\u00bb inaugura nueva etapa en local m\u00e1s amplio, con novedades y el mismo trato personalizado\",\"datePublished\":\"2024-09-21T20:50:38+00:00\",\"dateModified\":\"2024-09-22T03:23:56+00:00\",\"mainEntityOfPage\":{\"@id\":\"https:\\\/\\\/noticiasmercedinas.com\\\/site\\\/2024\\\/09\\\/21\\\/emotiva-inaugura-nueva-etapa-en-local-mas-amplio-con-novedades-y-el-mismo-trato-personalizado\\\/\"},\"wordCount\":746,\"publisher\":{\"@id\":\"https:\\\/\\\/noticiasmercedinas.com\\\/site\\\/#organization\"},\"image\":{\"@id\":\"https:\\\/\\\/noticiasmercedinas.com\\\/site\\\/2024\\\/09\\\/21\\\/emotiva-inaugura-nueva-etapa-en-local-mas-amplio-con-novedades-y-el-mismo-trato-personalizado\\\/#primaryimage\"},\"thumbnailUrl\":\"https:\\\/\\\/noticiasmercedinas.com\\\/site\\\/wp-content\\\/uploads\\\/2024\\\/09\\\/EIMG_3869.jpg\",\"keywords\":[\"emotiva\",\"ivana peinado\",\"ropa deportiva\",\"ropa interior\"],\"articleSection\":[\"Emprendimientos\"],\"inLanguage\":\"es\"},{\"@type\":\"WebPage\",\"@id\":\"https:\\\/\\\/noticiasmercedinas.com\\\/site\\\/2024\\\/09\\\/21\\\/emotiva-inaugura-nueva-etapa-en-local-mas-amplio-con-novedades-y-el-mismo-trato-personalizado\\\/\",\"url\":\"https:\\\/\\\/noticiasmercedinas.com\\\/site\\\/2024\\\/09\\\/21\\\/emotiva-inaugura-nueva-etapa-en-local-mas-amplio-con-novedades-y-el-mismo-trato-personalizado\\\/\",\"name\":\"\\\"Emotiva\\\" inaugura nueva etapa en local m\u00e1s amplio, con novedades y el mismo trato personalizado\",\"isPartOf\":{\"@id\":\"https:\\\/\\\/noticiasmercedinas.com\\\/site\\\/#website\"},\"primaryImageOfPage\":{\"@id\":\"https:\\\/\\\/noticiasmercedinas.com\\\/site\\\/2024\\\/09\\\/21\\\/emotiva-inaugura-nueva-etapa-en-local-mas-amplio-con-novedades-y-el-mismo-trato-personalizado\\\/#primaryimage\"},\"image\":{\"@id\":\"https:\\\/\\\/noticiasmercedinas.com\\\/site\\\/2024\\\/09\\\/21\\\/emotiva-inaugura-nueva-etapa-en-local-mas-amplio-con-novedades-y-el-mismo-trato-personalizado\\\/#primaryimage\"},\"thumbnailUrl\":\"https:\\\/\\\/noticiasmercedinas.com\\\/site\\\/wp-content\\\/uploads\\\/2024\\\/09\\\/EIMG_3869.jpg\",\"datePublished\":\"2024-09-21T20:50:38+00:00\",\"dateModified\":\"2024-09-22T03:23:56+00:00\",\"breadcrumb\":{\"@id\":\"https:\\\/\\\/noticiasmercedinas.com\\\/site\\\/2024\\\/09\\\/21\\\/emotiva-inaugura-nueva-etapa-en-local-mas-amplio-con-novedades-y-el-mismo-trato-personalizado\\\/#breadcrumb\"},\"inLanguage\":\"es\",\"potentialAction\":[{\"@type\":\"ReadAction\",\"target\":[\"https:\\\/\\\/noticiasmercedinas.com\\\/site\\\/2024\\\/09\\\/21\\\/emotiva-inaugura-nueva-etapa-en-local-mas-amplio-con-novedades-y-el-mismo-trato-personalizado\\\/\"]}]},{\"@type\":\"ImageObject\",\"inLanguage\":\"es\",\"@id\":\"https:\\\/\\\/noticiasmercedinas.com\\\/site\\\/2024\\\/09\\\/21\\\/emotiva-inaugura-nueva-etapa-en-local-mas-amplio-con-novedades-y-el-mismo-trato-personalizado\\\/#primaryimage\",\"url\":\"https:\\\/\\\/noticiasmercedinas.com\\\/site\\\/wp-content\\\/uploads\\\/2024\\\/09\\\/EIMG_3869.jpg\",\"contentUrl\":\"https:\\\/\\\/noticiasmercedinas.com\\\/site\\\/wp-content\\\/uploads\\\/2024\\\/09\\\/EIMG_3869.jpg\",\"width\":640,\"height\":427},{\"@type\":\"BreadcrumbList\",\"@id\":\"https:\\\/\\\/noticiasmercedinas.com\\\/site\\\/2024\\\/09\\\/21\\\/emotiva-inaugura-nueva-etapa-en-local-mas-amplio-con-novedades-y-el-mismo-trato-personalizado\\\/#breadcrumb\",\"itemListElement\":[{\"@type\":\"ListItem\",\"position\":1,\"name\":\"Portada\",\"item\":\"https:\\\/\\\/noticiasmercedinas.com\\\/site\\\/\"},{\"@type\":\"ListItem\",\"position\":2,\"name\":\"\u00abEmotiva\u00bb inaugura nueva etapa en local m\u00e1s amplio, con novedades y el mismo trato personalizado\"}]},{\"@type\":\"WebSite\",\"@id\":\"https:\\\/\\\/noticiasmercedinas.com\\\/site\\\/#website\",\"url\":\"https:\\\/\\\/noticiasmercedinas.com\\\/site\\\/\",\"name\":\"NOTICIASMERCEDINAS.COM\",\"description\":\"Mercedes, Buenos Aires, Argentina\",\"publisher\":{\"@id\":\"https:\\\/\\\/noticiasmercedinas.com\\\/site\\\/#organization\"},\"potentialAction\":[{\"@type\":\"SearchAction\",\"target\":{\"@type\":\"EntryPoint\",\"urlTemplate\":\"https:\\\/\\\/noticiasmercedinas.com\\\/site\\\/?s={search_term_string}\"},\"query-input\":{\"@type\":\"PropertyValueSpecification\",\"valueRequired\":true,\"valueName\":\"search_term_string\"}}],\"inLanguage\":\"es\"},{\"@type\":\"Organization\",\"@id\":\"https:\\\/\\\/noticiasmercedinas.com\\\/site\\\/#organization\",\"name\":\"NOTICIASMERCEDINAS.COM\",\"url\":\"https:\\\/\\\/noticiasmercedinas.com\\\/site\\\/\",\"logo\":{\"@type\":\"ImageObject\",\"inLanguage\":\"es\",\"@id\":\"https:\\\/\\\/noticiasmercedinas.com\\\/site\\\/#\\\/schema\\\/logo\\\/image\\\/\",\"url\":\"https:\\\/\\\/noticiasmercedinas.com\\\/site\\\/wp-content\\\/uploads\\\/2020\\\/06\\\/LOGO-512.jpg\",\"contentUrl\":\"https:\\\/\\\/noticiasmercedinas.com\\\/site\\\/wp-content\\\/uploads\\\/2020\\\/06\\\/LOGO-512.jpg\",\"width\":512,\"height\":512,\"caption\":\"NOTICIASMERCEDINAS.COM\"},\"image\":{\"@id\":\"https:\\\/\\\/noticiasmercedinas.com\\\/site\\\/#\\\/schema\\\/logo\\\/image\\\/\"},\"sameAs\":[\"https:\\\/\\\/www.facebook.com\\\/noticiasmercedinas\\\/\",\"https:\\\/\\\/x.com\\\/notmercedinas\",\"https:\\\/\\\/www.instagram.com\\\/noticiasmercedinas\\\/\"]},{\"@type\":\"Person\",\"@id\":\"https:\\\/\\\/noticiasmercedinas.com\\\/site\\\/#\\\/schema\\\/person\\\/84b59c099c28ff2e8b77d4ceec5d8063\",\"name\":\"NOTICIASMERCEDINAS.COM\",\"image\":{\"@type\":\"ImageObject\",\"inLanguage\":\"es\",\"@id\":\"https:\\\/\\\/secure.gravatar.com\\\/avatar\\\/4dfbf16b4d17945bfb6341b2d19043457132fcf478a5ee04f42e959fd8f5df0a?s=96&d=mm&r=g\",\"url\":\"https:\\\/\\\/secure.gravatar.com\\\/avatar\\\/4dfbf16b4d17945bfb6341b2d19043457132fcf478a5ee04f42e959fd8f5df0a?s=96&d=mm&r=g\",\"contentUrl\":\"https:\\\/\\\/secure.gravatar.com\\\/avatar\\\/4dfbf16b4d17945bfb6341b2d19043457132fcf478a5ee04f42e959fd8f5df0a?s=96&d=mm&r=g\",\"caption\":\"NOTICIASMERCEDINAS.COM\"},\"url\":\"https:\\\/\\\/noticiasmercedinas.com\\\/site\\\/author\\\/anonimo\\\/\"}]}<\/script>\n<!-- \/ Yoast SEO plugin. -->","yoast_head_json":{"title":"\"Emotiva\" inaugura nueva etapa en local m\u00e1s amplio, con novedades y el mismo trato personalizado","robots":{"index":"index","follow":"follow","max-snippet":"max-snippet:-1","max-image-preview":"max-image-preview:large","max-video-preview":"max-video-preview:-1"},"canonical":"https:\/\/noticiasmercedinas.com\/site\/2024\/09\/21\/emotiva-inaugura-nueva-etapa-en-local-mas-amplio-con-novedades-y-el-mismo-trato-personalizado\/","og_locale":"es_ES","og_type":"article","og_title":"\"Emotiva\" inaugura nueva etapa en local m\u00e1s amplio, con novedades y el mismo trato personalizado","og_description":"La emprendedora mercedina Ivana Peinado, responsable de la reconocida tienda Emotiva, anunci\u00f3 con gran entusiasmo la apertura de su nuevo local ubicado en calle 23, casi esquina 28. Este espacio, m\u00e1s grande y moderno, marca una nueva etapa para el negocio que ya es conocido por su variada oferta de ropa deportiva, mallas, lencer\u00eda y [&hellip;]","og_url":"https:\/\/noticiasmercedinas.com\/site\/2024\/09\/21\/emotiva-inaugura-nueva-etapa-en-local-mas-amplio-con-novedades-y-el-mismo-trato-personalizado\/","og_site_name":"NOTICIASMERCEDINAS.COM","article_publisher":"https:\/\/www.facebook.com\/noticiasmercedinas\/","article_published_time":"2024-09-21T20:50:38+00:00","article_modified_time":"2024-09-22T03:23:56+00:00","og_image":[{"width":640,"height":427,"url":"https:\/\/noticiasmercedinas.com\/site\/wp-content\/uploads\/2024\/09\/EIMG_3869.jpg","type":"image\/jpeg"}],"author":"NOTICIASMERCEDINAS.COM","twitter_card":"summary_large_image","twitter_creator":"@notmercedinas","twitter_site":"@notmercedinas","twitter_misc":{"Escrito por":"NOTICIASMERCEDINAS.COM","Tiempo de lectura":"4 minutos"},"schema":{"@context":"https:\/\/schema.org","@graph":[{"@type":"Article","@id":"https:\/\/noticiasmercedinas.com\/site\/2024\/09\/21\/emotiva-inaugura-nueva-etapa-en-local-mas-amplio-con-novedades-y-el-mismo-trato-personalizado\/#article","isPartOf":{"@id":"https:\/\/noticiasmercedinas.com\/site\/2024\/09\/21\/emotiva-inaugura-nueva-etapa-en-local-mas-amplio-con-novedades-y-el-mismo-trato-personalizado\/"},"author":{"name":"NOTICIASMERCEDINAS.COM","@id":"https:\/\/noticiasmercedinas.com\/site\/#\/schema\/person\/84b59c099c28ff2e8b77d4ceec5d8063"},"headline":"\u00abEmotiva\u00bb inaugura nueva etapa en local m\u00e1s amplio, con novedades y el mismo trato personalizado","datePublished":"2024-09-21T20:50:38+00:00","dateModified":"2024-09-22T03:23:56+00:00","mainEntityOfPage":{"@id":"https:\/\/noticiasmercedinas.com\/site\/2024\/09\/21\/emotiva-inaugura-nueva-etapa-en-local-mas-amplio-con-novedades-y-el-mismo-trato-personalizado\/"},"wordCount":746,"publisher":{"@id":"https:\/\/noticiasmercedinas.com\/site\/#organization"},"image":{"@id":"https:\/\/noticiasmercedinas.com\/site\/2024\/09\/21\/emotiva-inaugura-nueva-etapa-en-local-mas-amplio-con-novedades-y-el-mismo-trato-personalizado\/#primaryimage"},"thumbnailUrl":"https:\/\/noticiasmercedinas.com\/site\/wp-content\/uploads\/2024\/09\/EIMG_3869.jpg","keywords":["emotiva","ivana peinado","ropa deportiva","ropa interior"],"articleSection":["Emprendimientos"],"inLanguage":"es"},{"@type":"WebPage","@id":"https:\/\/noticiasmercedinas.com\/site\/2024\/09\/21\/emotiva-inaugura-nueva-etapa-en-local-mas-amplio-con-novedades-y-el-mismo-trato-personalizado\/","url":"https:\/\/noticiasmercedinas.com\/site\/2024\/09\/21\/emotiva-inaugura-nueva-etapa-en-local-mas-amplio-con-novedades-y-el-mismo-trato-personalizado\/","name":"\"Emotiva\" inaugura nueva etapa en local m\u00e1s amplio, con novedades y el mismo trato personalizado","isPartOf":{"@id":"https:\/\/noticiasmercedinas.com\/site\/#website"},"primaryImageOfPage":{"@id":"https:\/\/noticiasmercedinas.com\/site\/2024\/09\/21\/emotiva-inaugura-nueva-etapa-en-local-mas-amplio-con-novedades-y-el-mismo-trato-personalizado\/#primaryimage"},"image":{"@id":"https:\/\/noticiasmercedinas.com\/site\/2024\/09\/21\/emotiva-inaugura-nueva-etapa-en-local-mas-amplio-con-novedades-y-el-mismo-trato-personalizado\/#primaryimage"},"thumbnailUrl":"https:\/\/noticiasmercedinas.com\/site\/wp-content\/uploads\/2024\/09\/EIMG_3869.jpg","datePublished":"2024-09-21T20:50:38+00:00","dateModified":"2024-09-22T03:23:56+00:00","breadcrumb":{"@id":"https:\/\/noticiasmercedinas.com\/site\/2024\/09\/21\/emotiva-inaugura-nueva-etapa-en-local-mas-amplio-con-novedades-y-el-mismo-trato-personalizado\/#breadcrumb"},"inLanguage":"es","potentialAction":[{"@type":"ReadAction","target":["https:\/\/noticiasmercedinas.com\/site\/2024\/09\/21\/emotiva-inaugura-nueva-etapa-en-local-mas-amplio-con-novedades-y-el-mismo-trato-personalizado\/"]}]},{"@type":"ImageObject","inLanguage":"es","@id":"https:\/\/noticiasmercedinas.com\/site\/2024\/09\/21\/emotiva-inaugura-nueva-etapa-en-local-mas-amplio-con-novedades-y-el-mismo-trato-personalizado\/#primaryimage","url":"https:\/\/noticiasmercedinas.com\/site\/wp-content\/uploads\/2024\/09\/EIMG_3869.jpg","contentUrl":"https:\/\/noticiasmercedinas.com\/site\/wp-content\/uploads\/2024\/09\/EIMG_3869.jpg","width":640,"height":427},{"@type":"BreadcrumbList","@id":"https:\/\/noticiasmercedinas.com\/site\/2024\/09\/21\/emotiva-inaugura-nueva-etapa-en-local-mas-amplio-con-novedades-y-el-mismo-trato-personalizado\/#breadcrumb","itemListElement":[{"@type":"ListItem","position":1,"name":"Portada","item":"https:\/\/noticiasmercedinas.com\/site\/"},{"@type":"ListItem","position":2,"name":"\u00abEmotiva\u00bb inaugura nueva etapa en local m\u00e1s amplio, con novedades y el mismo trato personalizado"}]},{"@type":"WebSite","@id":"https:\/\/noticiasmercedinas.com\/site\/#website","url":"https:\/\/noticiasmercedinas.com\/site\/","name":"NOTICIASMERCEDINAS.COM","description":"Mercedes, Buenos Aires, Argentina","publisher":{"@id":"https:\/\/noticiasmercedinas.com\/site\/#organization"},"potentialAction":[{"@type":"SearchAction","target":{"@type":"EntryPoint","urlTemplate":"https:\/\/noticiasmercedinas.com\/site\/?s={search_term_string}"},"query-input":{"@type":"PropertyValueSpecification","valueRequired":true,"valueName":"search_term_string"}}],"inLanguage":"es"},{"@type":"Organization","@id":"https:\/\/noticiasmercedinas.com\/site\/#organization","name":"NOTICIASMERCEDINAS.COM","url":"https:\/\/noticiasmercedinas.com\/site\/","logo":{"@type":"ImageObject","inLanguage":"es","@id":"https:\/\/noticiasmercedinas.com\/site\/#\/schema\/logo\/image\/","url":"https:\/\/noticiasmercedinas.com\/site\/wp-content\/uploads\/2020\/06\/LOGO-512.jpg","contentUrl":"https:\/\/noticiasmercedinas.com\/site\/wp-content\/uploads\/2020\/06\/LOGO-512.jpg","width":512,"height":512,"caption":"NOTICIASMERCEDINAS.COM"},"image":{"@id":"https:\/\/noticiasmercedinas.com\/site\/#\/schema\/logo\/image\/"},"sameAs":["https:\/\/www.facebook.com\/noticiasmercedinas\/","https:\/\/x.com\/notmercedinas","https:\/\/www.instagram.com\/noticiasmercedinas\/"]},{"@type":"Person","@id":"https:\/\/noticiasmercedinas.com\/site\/#\/schema\/person\/84b59c099c28ff2e8b77d4ceec5d8063","name":"NOTICIASMERCEDINAS.COM","image":{"@type":"ImageObject","inLanguage":"es","@id":"https:\/\/secure.gravatar.com\/avatar\/4dfbf16b4d17945bfb6341b2d19043457132fcf478a5ee04f42e959fd8f5df0a?s=96&d=mm&r=g","url":"https:\/\/secure.gravatar.com\/avatar\/4dfbf16b4d17945bfb6341b2d19043457132fcf478a5ee04f42e959fd8f5df0a?s=96&d=mm&r=g","contentUrl":"https:\/\/secure.gravatar.com\/avatar\/4dfbf16b4d17945bfb6341b2d19043457132fcf478a5ee04f42e959fd8f5df0a?s=96&d=mm&r=g","caption":"NOTICIASMERCEDINAS.COM"},"url":"https:\/\/noticiasmercedinas.com\/site\/author\/anonimo\/"}]}},"amp_enabled":true,"_links":{"self":[{"href":"https:\/\/noticiasmercedinas.com\/site\/wp-json\/wp\/v2\/posts\/144456","targetHints":{"allow":["GET"]}}],"collection":[{"href":"https:\/\/noticiasmercedinas.com\/site\/wp-json\/wp\/v2\/posts"}],"about":[{"href":"https:\/\/noticiasmercedinas.com\/site\/wp-json\/wp\/v2\/types\/post"}],"author":[{"embeddable":true,"href":"https:\/\/noticiasmercedinas.com\/site\/wp-json\/wp\/v2\/users\/16"}],"replies":[{"embeddable":true,"href":"https:\/\/noticiasmercedinas.com\/site\/wp-json\/wp\/v2\/comments?post=144456"}],"version-history":[{"count":4,"href":"https:\/\/noticiasmercedinas.com\/site\/wp-json\/wp\/v2\/posts\/144456\/revisions"}],"predecessor-version":[{"id":144493,"href":"https:\/\/noticiasmercedinas.com\/site\/wp-json\/wp\/v2\/posts\/144456\/revisions\/144493"}],"wp:featuredmedia":[{"embeddable":true,"href":"https:\/\/noticiasmercedinas.com\/site\/wp-json\/wp\/v2\/media\/144463"}],"wp:attachment":[{"href":"https:\/\/noticiasmercedinas.com\/site\/wp-json\/wp\/v2\/media?parent=144456"}],"wp:term":[{"taxonomy":"category","embeddable":true,"href":"https:\/\/noticiasmercedinas.com\/site\/wp-json\/wp\/v2\/categories?post=144456"},{"taxonomy":"post_tag","embeddable":true,"href":"https:\/\/noticiasmercedinas.com\/site\/wp-json\/wp\/v2\/tags?post=144456"}],"curies":[{"name":"wp","href":"https:\/\/api.w.org\/{rel}","templated":true}]}}