{"id":144572,"date":"2024-09-23T10:28:00","date_gmt":"2024-09-23T13:28:00","guid":{"rendered":"https:\/\/noticiasmercedinas.com\/site\/?p=144572"},"modified":"2024-09-23T10:28:00","modified_gmt":"2024-09-23T13:28:00","slug":"visita-estelar-en-llegaron-los-blues-con-miguel-angel-tallarita","status":"publish","type":"post","link":"https:\/\/noticiasmercedinas.com\/site\/2024\/09\/23\/visita-estelar-en-llegaron-los-blues-con-miguel-angel-tallarita\/","title":{"rendered":"Visita estelar en \u00abLlegaron los Blues\u00bb con Miguel \u00c1ngel Tallarita"},"content":{"rendered":"<p><img loading=\"lazy\" decoding=\"async\" class=\"alignnone size-full wp-image-144577\" src=\"https:\/\/noticiasmercedinas.com\/site\/wp-content\/uploads\/2024\/09\/TALLARITA.jpg\" alt=\"\" width=\"849\" height=\"533\" srcset=\"https:\/\/noticiasmercedinas.com\/site\/wp-content\/uploads\/2024\/09\/TALLARITA.jpg 849w, https:\/\/noticiasmercedinas.com\/site\/wp-content\/uploads\/2024\/09\/TALLARITA-300x188.jpg 300w, https:\/\/noticiasmercedinas.com\/site\/wp-content\/uploads\/2024\/09\/TALLARITA-768x482.jpg 768w, https:\/\/noticiasmercedinas.com\/site\/wp-content\/uploads\/2024\/09\/TALLARITA-640x402.jpg 640w, https:\/\/noticiasmercedinas.com\/site\/wp-content\/uploads\/2024\/09\/TALLARITA-681x428.jpg 681w\" sizes=\"auto, (max-width: 849px) 100vw, 849px\" \/><\/p>\n<p>El programa radial \u00abLlegaron los Blues\u00bb, que celebra sus 10 a\u00f1os al aire, sigue de festejos y esta semana tendr\u00e1 un invitado de lujo. Por primera vez, el maestro Miguel \u00c1ngel Tallarita, uno de los m\u00e1ximos referentes de la trompeta en Argentina, participar\u00e1 del programa conducido por Hern\u00e1n Rivero en la Udplay Radio 88.1 FM.<\/p>\n<p>El evento est\u00e1 programado para el viernes 27 de septiembre a las 18:00 horas, y promete ser una ocasi\u00f3n especial para los amantes del blues y la m\u00fasica en general.<\/p>\n<p>Tallarita es conocido por su virtuosismo y trayectoria tanto en el g\u00e9nero blues como en otros estilos musicales. A lo largo de su carrera ha trabajado con grandes figuras de la m\u00fasica nacional e internacional, consolid\u00e1ndose como uno de los trompetistas m\u00e1s destacados del pa\u00eds. Actualmente es uno de los vientos de \u00abLos Fundamentalistas del Aire Acondicionado\u00bb.<\/p>\n<p>La presencia de Tallarita en \u00abLlegaron los Blues\u00bb se enmarca en las celebraciones por los 10 a\u00f1os del programa, que contin\u00faa siendo un espacio emblem\u00e1tico para la difusi\u00f3n del blues y otros g\u00e9neros musicales en la ciudad de Mercedes.<\/p>\n<p>La emisi\u00f3n contar\u00e1 con el apoyo de Bistro Pizza Bar, el Gran Hotel Mercedes y la Asociaci\u00f3n M\u00e9dica de Mercedes, quienes tambi\u00e9n acompa\u00f1an en estos festejos.<\/p>\n<p>La cita es imperdible para quienes siguen el programa desde sus inicios y para los nuevos oyentes que desean disfrutar de la magia del blues con un invitado de nivel internacional.<\/p>\n<p><img loading=\"lazy\" decoding=\"async\" class=\"alignnone size-full wp-image-144573\" src=\"https:\/\/noticiasmercedinas.com\/site\/wp-content\/uploads\/2024\/09\/70957493-d8e6-4b1e-9ba1-f5d251577b6f.jpg\" alt=\"\" width=\"900\" height=\"1600\" srcset=\"https:\/\/noticiasmercedinas.com\/site\/wp-content\/uploads\/2024\/09\/70957493-d8e6-4b1e-9ba1-f5d251577b6f.jpg 900w, https:\/\/noticiasmercedinas.com\/site\/wp-content\/uploads\/2024\/09\/70957493-d8e6-4b1e-9ba1-f5d251577b6f-169x300.jpg 169w, https:\/\/noticiasmercedinas.com\/site\/wp-content\/uploads\/2024\/09\/70957493-d8e6-4b1e-9ba1-f5d251577b6f-576x1024.jpg 576w, https:\/\/noticiasmercedinas.com\/site\/wp-content\/uploads\/2024\/09\/70957493-d8e6-4b1e-9ba1-f5d251577b6f-768x1365.jpg 768w, https:\/\/noticiasmercedinas.com\/site\/wp-content\/uploads\/2024\/09\/70957493-d8e6-4b1e-9ba1-f5d251577b6f-864x1536.jpg 864w, https:\/\/noticiasmercedinas.com\/site\/wp-content\/uploads\/2024\/09\/70957493-d8e6-4b1e-9ba1-f5d251577b6f-640x1138.jpg 640w, https:\/\/noticiasmercedinas.com\/site\/wp-content\/uploads\/2024\/09\/70957493-d8e6-4b1e-9ba1-f5d251577b6f-681x1211.jpg 681w\" sizes=\"auto, (max-width: 900px) 100vw, 900px\" \/><\/p>\n","protected":false},"excerpt":{"rendered":"<p>\u25a0 Su presencia se enmarca en las celebraciones por los 10 a\u00f1os del programa, que contin\u00faa siendo un espacio emblem\u00e1tico para la difusi\u00f3n del blues y otros g\u00e9neros<\/p>\n","protected":false},"author":16,"featured_media":144577,"comment_status":"closed","ping_status":"closed","sticky":false,"template":"","format":"standard","meta":{"footnotes":""},"categories":[4210],"tags":[2762,18859,554],"class_list":["post-144572","post","type-post","status-publish","format-standard","has-post-thumbnail","hentry","category-medios","tag-llegaron-los-blues","tag-miguel-angel-tallarita","tag-radio"],"yoast_head":"<!-- This site is optimized with the Yoast SEO plugin v27.4 - https:\/\/yoast.com\/product\/yoast-seo-wordpress\/ -->\n<title>Visita estelar en &quot;Llegaron los Blues&quot; con Miguel \u00c1ngel Tallarita<\/title>\n<meta name=\"robots\" content=\"index, follow, max-snippet:-1, max-image-preview:large, max-video-preview:-1\" \/>\n<link rel=\"canonical\" href=\"https:\/\/noticiasmercedinas.com\/site\/2024\/09\/23\/visita-estelar-en-llegaron-los-blues-con-miguel-angel-tallarita\/\" \/>\n<meta property=\"og:locale\" content=\"es_ES\" \/>\n<meta property=\"og:type\" content=\"article\" \/>\n<meta property=\"og:title\" content=\"Visita estelar en &quot;Llegaron los Blues&quot; con Miguel \u00c1ngel Tallarita\" \/>\n<meta property=\"og:description\" content=\"\u25a0 Su presencia se enmarca en las celebraciones por los 10 a\u00f1os del programa, que contin\u00faa siendo un espacio emblem\u00e1tico para la difusi\u00f3n del blues y otros g\u00e9neros\" \/>\n<meta property=\"og:url\" content=\"https:\/\/noticiasmercedinas.com\/site\/2024\/09\/23\/visita-estelar-en-llegaron-los-blues-con-miguel-angel-tallarita\/\" \/>\n<meta property=\"og:site_name\" content=\"NOTICIASMERCEDINAS.COM\" \/>\n<meta property=\"article:publisher\" content=\"https:\/\/www.facebook.com\/noticiasmercedinas\/\" \/>\n<meta property=\"article:published_time\" content=\"2024-09-23T13:28:00+00:00\" \/>\n<meta property=\"og:image\" content=\"https:\/\/noticiasmercedinas.com\/site\/wp-content\/uploads\/2024\/09\/TALLARITA.jpg\" \/>\n\t<meta property=\"og:image:width\" content=\"849\" \/>\n\t<meta property=\"og:image:height\" content=\"533\" \/>\n\t<meta property=\"og:image:type\" content=\"image\/jpeg\" \/>\n<meta name=\"author\" content=\"NOTICIASMERCEDINAS.COM\" \/>\n<meta name=\"twitter:card\" content=\"summary_large_image\" \/>\n<meta name=\"twitter:creator\" content=\"@notmercedinas\" \/>\n<meta name=\"twitter:site\" content=\"@notmercedinas\" \/>\n<meta name=\"twitter:label1\" content=\"Escrito por\" \/>\n\t<meta name=\"twitter:data1\" content=\"NOTICIASMERCEDINAS.COM\" \/>\n\t<meta name=\"twitter:label2\" content=\"Tiempo de lectura\" \/>\n\t<meta name=\"twitter:data2\" content=\"1 minuto\" \/>\n<script type=\"application\/ld+json\" class=\"yoast-schema-graph\">{\"@context\":\"https:\\\/\\\/schema.org\",\"@graph\":[{\"@type\":\"Article\",\"@id\":\"https:\\\/\\\/noticiasmercedinas.com\\\/site\\\/2024\\\/09\\\/23\\\/visita-estelar-en-llegaron-los-blues-con-miguel-angel-tallarita\\\/#article\",\"isPartOf\":{\"@id\":\"https:\\\/\\\/noticiasmercedinas.com\\\/site\\\/2024\\\/09\\\/23\\\/visita-estelar-en-llegaron-los-blues-con-miguel-angel-tallarita\\\/\"},\"author\":{\"name\":\"NOTICIASMERCEDINAS.COM\",\"@id\":\"https:\\\/\\\/noticiasmercedinas.com\\\/site\\\/#\\\/schema\\\/person\\\/84b59c099c28ff2e8b77d4ceec5d8063\"},\"headline\":\"Visita estelar en \u00abLlegaron los Blues\u00bb con Miguel \u00c1ngel Tallarita\",\"datePublished\":\"2024-09-23T13:28:00+00:00\",\"mainEntityOfPage\":{\"@id\":\"https:\\\/\\\/noticiasmercedinas.com\\\/site\\\/2024\\\/09\\\/23\\\/visita-estelar-en-llegaron-los-blues-con-miguel-angel-tallarita\\\/\"},\"wordCount\":263,\"publisher\":{\"@id\":\"https:\\\/\\\/noticiasmercedinas.com\\\/site\\\/#organization\"},\"image\":{\"@id\":\"https:\\\/\\\/noticiasmercedinas.com\\\/site\\\/2024\\\/09\\\/23\\\/visita-estelar-en-llegaron-los-blues-con-miguel-angel-tallarita\\\/#primaryimage\"},\"thumbnailUrl\":\"https:\\\/\\\/noticiasmercedinas.com\\\/site\\\/wp-content\\\/uploads\\\/2024\\\/09\\\/TALLARITA.jpg\",\"keywords\":[\"llegaron los blues\",\"miguel angel tallarita\",\"radio\"],\"articleSection\":[\"Medios\"],\"inLanguage\":\"es\"},{\"@type\":\"WebPage\",\"@id\":\"https:\\\/\\\/noticiasmercedinas.com\\\/site\\\/2024\\\/09\\\/23\\\/visita-estelar-en-llegaron-los-blues-con-miguel-angel-tallarita\\\/\",\"url\":\"https:\\\/\\\/noticiasmercedinas.com\\\/site\\\/2024\\\/09\\\/23\\\/visita-estelar-en-llegaron-los-blues-con-miguel-angel-tallarita\\\/\",\"name\":\"Visita estelar en \\\"Llegaron los Blues\\\" con Miguel \u00c1ngel Tallarita\",\"isPartOf\":{\"@id\":\"https:\\\/\\\/noticiasmercedinas.com\\\/site\\\/#website\"},\"primaryImageOfPage\":{\"@id\":\"https:\\\/\\\/noticiasmercedinas.com\\\/site\\\/2024\\\/09\\\/23\\\/visita-estelar-en-llegaron-los-blues-con-miguel-angel-tallarita\\\/#primaryimage\"},\"image\":{\"@id\":\"https:\\\/\\\/noticiasmercedinas.com\\\/site\\\/2024\\\/09\\\/23\\\/visita-estelar-en-llegaron-los-blues-con-miguel-angel-tallarita\\\/#primaryimage\"},\"thumbnailUrl\":\"https:\\\/\\\/noticiasmercedinas.com\\\/site\\\/wp-content\\\/uploads\\\/2024\\\/09\\\/TALLARITA.jpg\",\"datePublished\":\"2024-09-23T13:28:00+00:00\",\"breadcrumb\":{\"@id\":\"https:\\\/\\\/noticiasmercedinas.com\\\/site\\\/2024\\\/09\\\/23\\\/visita-estelar-en-llegaron-los-blues-con-miguel-angel-tallarita\\\/#breadcrumb\"},\"inLanguage\":\"es\",\"potentialAction\":[{\"@type\":\"ReadAction\",\"target\":[\"https:\\\/\\\/noticiasmercedinas.com\\\/site\\\/2024\\\/09\\\/23\\\/visita-estelar-en-llegaron-los-blues-con-miguel-angel-tallarita\\\/\"]}]},{\"@type\":\"ImageObject\",\"inLanguage\":\"es\",\"@id\":\"https:\\\/\\\/noticiasmercedinas.com\\\/site\\\/2024\\\/09\\\/23\\\/visita-estelar-en-llegaron-los-blues-con-miguel-angel-tallarita\\\/#primaryimage\",\"url\":\"https:\\\/\\\/noticiasmercedinas.com\\\/site\\\/wp-content\\\/uploads\\\/2024\\\/09\\\/TALLARITA.jpg\",\"contentUrl\":\"https:\\\/\\\/noticiasmercedinas.com\\\/site\\\/wp-content\\\/uploads\\\/2024\\\/09\\\/TALLARITA.jpg\",\"width\":849,\"height\":533},{\"@type\":\"BreadcrumbList\",\"@id\":\"https:\\\/\\\/noticiasmercedinas.com\\\/site\\\/2024\\\/09\\\/23\\\/visita-estelar-en-llegaron-los-blues-con-miguel-angel-tallarita\\\/#breadcrumb\",\"itemListElement\":[{\"@type\":\"ListItem\",\"position\":1,\"name\":\"Portada\",\"item\":\"https:\\\/\\\/noticiasmercedinas.com\\\/site\\\/\"},{\"@type\":\"ListItem\",\"position\":2,\"name\":\"Visita estelar en \u00abLlegaron los Blues\u00bb con Miguel \u00c1ngel Tallarita\"}]},{\"@type\":\"WebSite\",\"@id\":\"https:\\\/\\\/noticiasmercedinas.com\\\/site\\\/#website\",\"url\":\"https:\\\/\\\/noticiasmercedinas.com\\\/site\\\/\",\"name\":\"NOTICIASMERCEDINAS.COM\",\"description\":\"Mercedes, Buenos Aires, Argentina\",\"publisher\":{\"@id\":\"https:\\\/\\\/noticiasmercedinas.com\\\/site\\\/#organization\"},\"potentialAction\":[{\"@type\":\"SearchAction\",\"target\":{\"@type\":\"EntryPoint\",\"urlTemplate\":\"https:\\\/\\\/noticiasmercedinas.com\\\/site\\\/?s={search_term_string}\"},\"query-input\":{\"@type\":\"PropertyValueSpecification\",\"valueRequired\":true,\"valueName\":\"search_term_string\"}}],\"inLanguage\":\"es\"},{\"@type\":\"Organization\",\"@id\":\"https:\\\/\\\/noticiasmercedinas.com\\\/site\\\/#organization\",\"name\":\"NOTICIASMERCEDINAS.COM\",\"url\":\"https:\\\/\\\/noticiasmercedinas.com\\\/site\\\/\",\"logo\":{\"@type\":\"ImageObject\",\"inLanguage\":\"es\",\"@id\":\"https:\\\/\\\/noticiasmercedinas.com\\\/site\\\/#\\\/schema\\\/logo\\\/image\\\/\",\"url\":\"https:\\\/\\\/noticiasmercedinas.com\\\/site\\\/wp-content\\\/uploads\\\/2020\\\/06\\\/LOGO-512.jpg\",\"contentUrl\":\"https:\\\/\\\/noticiasmercedinas.com\\\/site\\\/wp-content\\\/uploads\\\/2020\\\/06\\\/LOGO-512.jpg\",\"width\":512,\"height\":512,\"caption\":\"NOTICIASMERCEDINAS.COM\"},\"image\":{\"@id\":\"https:\\\/\\\/noticiasmercedinas.com\\\/site\\\/#\\\/schema\\\/logo\\\/image\\\/\"},\"sameAs\":[\"https:\\\/\\\/www.facebook.com\\\/noticiasmercedinas\\\/\",\"https:\\\/\\\/x.com\\\/notmercedinas\",\"https:\\\/\\\/www.instagram.com\\\/noticiasmercedinas\\\/\"]},{\"@type\":\"Person\",\"@id\":\"https:\\\/\\\/noticiasmercedinas.com\\\/site\\\/#\\\/schema\\\/person\\\/84b59c099c28ff2e8b77d4ceec5d8063\",\"name\":\"NOTICIASMERCEDINAS.COM\",\"image\":{\"@type\":\"ImageObject\",\"inLanguage\":\"es\",\"@id\":\"https:\\\/\\\/secure.gravatar.com\\\/avatar\\\/4dfbf16b4d17945bfb6341b2d19043457132fcf478a5ee04f42e959fd8f5df0a?s=96&d=mm&r=g\",\"url\":\"https:\\\/\\\/secure.gravatar.com\\\/avatar\\\/4dfbf16b4d17945bfb6341b2d19043457132fcf478a5ee04f42e959fd8f5df0a?s=96&d=mm&r=g\",\"contentUrl\":\"https:\\\/\\\/secure.gravatar.com\\\/avatar\\\/4dfbf16b4d17945bfb6341b2d19043457132fcf478a5ee04f42e959fd8f5df0a?s=96&d=mm&r=g\",\"caption\":\"NOTICIASMERCEDINAS.COM\"},\"url\":\"https:\\\/\\\/noticiasmercedinas.com\\\/site\\\/author\\\/anonimo\\\/\"}]}<\/script>\n<!-- \/ Yoast SEO plugin. -->","yoast_head_json":{"title":"Visita estelar en \"Llegaron los Blues\" con Miguel \u00c1ngel Tallarita","robots":{"index":"index","follow":"follow","max-snippet":"max-snippet:-1","max-image-preview":"max-image-preview:large","max-video-preview":"max-video-preview:-1"},"canonical":"https:\/\/noticiasmercedinas.com\/site\/2024\/09\/23\/visita-estelar-en-llegaron-los-blues-con-miguel-angel-tallarita\/","og_locale":"es_ES","og_type":"article","og_title":"Visita estelar en \"Llegaron los Blues\" con Miguel \u00c1ngel Tallarita","og_description":"\u25a0 Su presencia se enmarca en las celebraciones por los 10 a\u00f1os del programa, que contin\u00faa siendo un espacio emblem\u00e1tico para la difusi\u00f3n del blues y otros g\u00e9neros","og_url":"https:\/\/noticiasmercedinas.com\/site\/2024\/09\/23\/visita-estelar-en-llegaron-los-blues-con-miguel-angel-tallarita\/","og_site_name":"NOTICIASMERCEDINAS.COM","article_publisher":"https:\/\/www.facebook.com\/noticiasmercedinas\/","article_published_time":"2024-09-23T13:28:00+00:00","og_image":[{"width":849,"height":533,"url":"https:\/\/noticiasmercedinas.com\/site\/wp-content\/uploads\/2024\/09\/TALLARITA.jpg","type":"image\/jpeg"}],"author":"NOTICIASMERCEDINAS.COM","twitter_card":"summary_large_image","twitter_creator":"@notmercedinas","twitter_site":"@notmercedinas","twitter_misc":{"Escrito por":"NOTICIASMERCEDINAS.COM","Tiempo de lectura":"1 minuto"},"schema":{"@context":"https:\/\/schema.org","@graph":[{"@type":"Article","@id":"https:\/\/noticiasmercedinas.com\/site\/2024\/09\/23\/visita-estelar-en-llegaron-los-blues-con-miguel-angel-tallarita\/#article","isPartOf":{"@id":"https:\/\/noticiasmercedinas.com\/site\/2024\/09\/23\/visita-estelar-en-llegaron-los-blues-con-miguel-angel-tallarita\/"},"author":{"name":"NOTICIASMERCEDINAS.COM","@id":"https:\/\/noticiasmercedinas.com\/site\/#\/schema\/person\/84b59c099c28ff2e8b77d4ceec5d8063"},"headline":"Visita estelar en \u00abLlegaron los Blues\u00bb con Miguel \u00c1ngel Tallarita","datePublished":"2024-09-23T13:28:00+00:00","mainEntityOfPage":{"@id":"https:\/\/noticiasmercedinas.com\/site\/2024\/09\/23\/visita-estelar-en-llegaron-los-blues-con-miguel-angel-tallarita\/"},"wordCount":263,"publisher":{"@id":"https:\/\/noticiasmercedinas.com\/site\/#organization"},"image":{"@id":"https:\/\/noticiasmercedinas.com\/site\/2024\/09\/23\/visita-estelar-en-llegaron-los-blues-con-miguel-angel-tallarita\/#primaryimage"},"thumbnailUrl":"https:\/\/noticiasmercedinas.com\/site\/wp-content\/uploads\/2024\/09\/TALLARITA.jpg","keywords":["llegaron los blues","miguel angel tallarita","radio"],"articleSection":["Medios"],"inLanguage":"es"},{"@type":"WebPage","@id":"https:\/\/noticiasmercedinas.com\/site\/2024\/09\/23\/visita-estelar-en-llegaron-los-blues-con-miguel-angel-tallarita\/","url":"https:\/\/noticiasmercedinas.com\/site\/2024\/09\/23\/visita-estelar-en-llegaron-los-blues-con-miguel-angel-tallarita\/","name":"Visita estelar en \"Llegaron los Blues\" con Miguel \u00c1ngel Tallarita","isPartOf":{"@id":"https:\/\/noticiasmercedinas.com\/site\/#website"},"primaryImageOfPage":{"@id":"https:\/\/noticiasmercedinas.com\/site\/2024\/09\/23\/visita-estelar-en-llegaron-los-blues-con-miguel-angel-tallarita\/#primaryimage"},"image":{"@id":"https:\/\/noticiasmercedinas.com\/site\/2024\/09\/23\/visita-estelar-en-llegaron-los-blues-con-miguel-angel-tallarita\/#primaryimage"},"thumbnailUrl":"https:\/\/noticiasmercedinas.com\/site\/wp-content\/uploads\/2024\/09\/TALLARITA.jpg","datePublished":"2024-09-23T13:28:00+00:00","breadcrumb":{"@id":"https:\/\/noticiasmercedinas.com\/site\/2024\/09\/23\/visita-estelar-en-llegaron-los-blues-con-miguel-angel-tallarita\/#breadcrumb"},"inLanguage":"es","potentialAction":[{"@type":"ReadAction","target":["https:\/\/noticiasmercedinas.com\/site\/2024\/09\/23\/visita-estelar-en-llegaron-los-blues-con-miguel-angel-tallarita\/"]}]},{"@type":"ImageObject","inLanguage":"es","@id":"https:\/\/noticiasmercedinas.com\/site\/2024\/09\/23\/visita-estelar-en-llegaron-los-blues-con-miguel-angel-tallarita\/#primaryimage","url":"https:\/\/noticiasmercedinas.com\/site\/wp-content\/uploads\/2024\/09\/TALLARITA.jpg","contentUrl":"https:\/\/noticiasmercedinas.com\/site\/wp-content\/uploads\/2024\/09\/TALLARITA.jpg","width":849,"height":533},{"@type":"BreadcrumbList","@id":"https:\/\/noticiasmercedinas.com\/site\/2024\/09\/23\/visita-estelar-en-llegaron-los-blues-con-miguel-angel-tallarita\/#breadcrumb","itemListElement":[{"@type":"ListItem","position":1,"name":"Portada","item":"https:\/\/noticiasmercedinas.com\/site\/"},{"@type":"ListItem","position":2,"name":"Visita estelar en \u00abLlegaron los Blues\u00bb con Miguel \u00c1ngel Tallarita"}]},{"@type":"WebSite","@id":"https:\/\/noticiasmercedinas.com\/site\/#website","url":"https:\/\/noticiasmercedinas.com\/site\/","name":"NOTICIASMERCEDINAS.COM","description":"Mercedes, Buenos Aires, Argentina","publisher":{"@id":"https:\/\/noticiasmercedinas.com\/site\/#organization"},"potentialAction":[{"@type":"SearchAction","target":{"@type":"EntryPoint","urlTemplate":"https:\/\/noticiasmercedinas.com\/site\/?s={search_term_string}"},"query-input":{"@type":"PropertyValueSpecification","valueRequired":true,"valueName":"search_term_string"}}],"inLanguage":"es"},{"@type":"Organization","@id":"https:\/\/noticiasmercedinas.com\/site\/#organization","name":"NOTICIASMERCEDINAS.COM","url":"https:\/\/noticiasmercedinas.com\/site\/","logo":{"@type":"ImageObject","inLanguage":"es","@id":"https:\/\/noticiasmercedinas.com\/site\/#\/schema\/logo\/image\/","url":"https:\/\/noticiasmercedinas.com\/site\/wp-content\/uploads\/2020\/06\/LOGO-512.jpg","contentUrl":"https:\/\/noticiasmercedinas.com\/site\/wp-content\/uploads\/2020\/06\/LOGO-512.jpg","width":512,"height":512,"caption":"NOTICIASMERCEDINAS.COM"},"image":{"@id":"https:\/\/noticiasmercedinas.com\/site\/#\/schema\/logo\/image\/"},"sameAs":["https:\/\/www.facebook.com\/noticiasmercedinas\/","https:\/\/x.com\/notmercedinas","https:\/\/www.instagram.com\/noticiasmercedinas\/"]},{"@type":"Person","@id":"https:\/\/noticiasmercedinas.com\/site\/#\/schema\/person\/84b59c099c28ff2e8b77d4ceec5d8063","name":"NOTICIASMERCEDINAS.COM","image":{"@type":"ImageObject","inLanguage":"es","@id":"https:\/\/secure.gravatar.com\/avatar\/4dfbf16b4d17945bfb6341b2d19043457132fcf478a5ee04f42e959fd8f5df0a?s=96&d=mm&r=g","url":"https:\/\/secure.gravatar.com\/avatar\/4dfbf16b4d17945bfb6341b2d19043457132fcf478a5ee04f42e959fd8f5df0a?s=96&d=mm&r=g","contentUrl":"https:\/\/secure.gravatar.com\/avatar\/4dfbf16b4d17945bfb6341b2d19043457132fcf478a5ee04f42e959fd8f5df0a?s=96&d=mm&r=g","caption":"NOTICIASMERCEDINAS.COM"},"url":"https:\/\/noticiasmercedinas.com\/site\/author\/anonimo\/"}]}},"amp_enabled":true,"_links":{"self":[{"href":"https:\/\/noticiasmercedinas.com\/site\/wp-json\/wp\/v2\/posts\/144572","targetHints":{"allow":["GET"]}}],"collection":[{"href":"https:\/\/noticiasmercedinas.com\/site\/wp-json\/wp\/v2\/posts"}],"about":[{"href":"https:\/\/noticiasmercedinas.com\/site\/wp-json\/wp\/v2\/types\/post"}],"author":[{"embeddable":true,"href":"https:\/\/noticiasmercedinas.com\/site\/wp-json\/wp\/v2\/users\/16"}],"replies":[{"embeddable":true,"href":"https:\/\/noticiasmercedinas.com\/site\/wp-json\/wp\/v2\/comments?post=144572"}],"version-history":[{"count":1,"href":"https:\/\/noticiasmercedinas.com\/site\/wp-json\/wp\/v2\/posts\/144572\/revisions"}],"predecessor-version":[{"id":144578,"href":"https:\/\/noticiasmercedinas.com\/site\/wp-json\/wp\/v2\/posts\/144572\/revisions\/144578"}],"wp:featuredmedia":[{"embeddable":true,"href":"https:\/\/noticiasmercedinas.com\/site\/wp-json\/wp\/v2\/media\/144577"}],"wp:attachment":[{"href":"https:\/\/noticiasmercedinas.com\/site\/wp-json\/wp\/v2\/media?parent=144572"}],"wp:term":[{"taxonomy":"category","embeddable":true,"href":"https:\/\/noticiasmercedinas.com\/site\/wp-json\/wp\/v2\/categories?post=144572"},{"taxonomy":"post_tag","embeddable":true,"href":"https:\/\/noticiasmercedinas.com\/site\/wp-json\/wp\/v2\/tags?post=144572"}],"curies":[{"name":"wp","href":"https:\/\/api.w.org\/{rel}","templated":true}]}}