{"id":144772,"date":"2024-09-25T15:57:33","date_gmt":"2024-09-25T18:57:33","guid":{"rendered":"https:\/\/noticiasmercedinas.com\/site\/?p=144772"},"modified":"2024-09-25T15:57:33","modified_gmt":"2024-09-25T18:57:33","slug":"un-violento-choque-en-la-ruta-5-dejo-varios-heridos-leves","status":"publish","type":"post","link":"https:\/\/noticiasmercedinas.com\/site\/2024\/09\/25\/un-violento-choque-en-la-ruta-5-dejo-varios-heridos-leves\/","title":{"rendered":"Un violento choque en la Ruta 5 dej\u00f3 varios heridos leves"},"content":{"rendered":"<p><img loading=\"lazy\" decoding=\"async\" class=\"alignnone size-full wp-image-144773\" src=\"https:\/\/noticiasmercedinas.com\/site\/wp-content\/uploads\/2024\/09\/460923238_8665795060121413_5782789942608112604_n.jpg\" alt=\"\" width=\"1440\" height=\"1080\" srcset=\"https:\/\/noticiasmercedinas.com\/site\/wp-content\/uploads\/2024\/09\/460923238_8665795060121413_5782789942608112604_n.jpg 1440w, https:\/\/noticiasmercedinas.com\/site\/wp-content\/uploads\/2024\/09\/460923238_8665795060121413_5782789942608112604_n-300x225.jpg 300w, https:\/\/noticiasmercedinas.com\/site\/wp-content\/uploads\/2024\/09\/460923238_8665795060121413_5782789942608112604_n-1024x768.jpg 1024w, https:\/\/noticiasmercedinas.com\/site\/wp-content\/uploads\/2024\/09\/460923238_8665795060121413_5782789942608112604_n-768x576.jpg 768w, https:\/\/noticiasmercedinas.com\/site\/wp-content\/uploads\/2024\/09\/460923238_8665795060121413_5782789942608112604_n-80x60.jpg 80w, https:\/\/noticiasmercedinas.com\/site\/wp-content\/uploads\/2024\/09\/460923238_8665795060121413_5782789942608112604_n-160x120.jpg 160w, https:\/\/noticiasmercedinas.com\/site\/wp-content\/uploads\/2024\/09\/460923238_8665795060121413_5782789942608112604_n-100x75.jpg 100w, https:\/\/noticiasmercedinas.com\/site\/wp-content\/uploads\/2024\/09\/460923238_8665795060121413_5782789942608112604_n-200x150.jpg 200w, https:\/\/noticiasmercedinas.com\/site\/wp-content\/uploads\/2024\/09\/460923238_8665795060121413_5782789942608112604_n-180x135.jpg 180w, https:\/\/noticiasmercedinas.com\/site\/wp-content\/uploads\/2024\/09\/460923238_8665795060121413_5782789942608112604_n-360x270.jpg 360w, https:\/\/noticiasmercedinas.com\/site\/wp-content\/uploads\/2024\/09\/460923238_8665795060121413_5782789942608112604_n-238x178.jpg 238w, https:\/\/noticiasmercedinas.com\/site\/wp-content\/uploads\/2024\/09\/460923238_8665795060121413_5782789942608112604_n-476x356.jpg 476w, https:\/\/noticiasmercedinas.com\/site\/wp-content\/uploads\/2024\/09\/460923238_8665795060121413_5782789942608112604_n-640x480.jpg 640w, https:\/\/noticiasmercedinas.com\/site\/wp-content\/uploads\/2024\/09\/460923238_8665795060121413_5782789942608112604_n-1280x960.jpg 1280w, https:\/\/noticiasmercedinas.com\/site\/wp-content\/uploads\/2024\/09\/460923238_8665795060121413_5782789942608112604_n-681x511.jpg 681w, https:\/\/noticiasmercedinas.com\/site\/wp-content\/uploads\/2024\/09\/460923238_8665795060121413_5782789942608112604_n-1362x1022.jpg 1362w\" sizes=\"auto, (max-width: 1440px) 100vw, 1440px\" \/><\/p>\n<p>En la ma\u00f1ana del martes 24 de septiembre, alrededor de las 10:00 horas, se produjo un grave accidente de tr\u00e1nsito sobre la Ruta Nacional 5, a la altura del kil\u00f3metro 133,100, cerca de la localidad de Suipacha.<\/p>\n<p>El siniestro involucr\u00f3 a un Chevrolet Classic y una pick-up Volkswagen Amarok, ambos con importantes da\u00f1os materiales, aunque afortunadamente, los ocupantes resultaron con heridas leves.<\/p>\n<p>Seg\u00fan las primeras informaciones, el conductor del Chevrolet Classic, un hombre identificado como Ricardo Mart\u00edn Jaureguiberry, de 47 a\u00f1os, que viajaba acompa\u00f1ado por su esposa Stella Maris Ferreyra (49) y su hija Agustina Jaureguiberry (13), habr\u00eda perdido el control del veh\u00edculo, aparentemente debido a una falla mec\u00e1nica. Este descontrol lo llev\u00f3 a invadir el carril contrario, impactando de manera violenta contra la Volkswagen Amarok.<\/p>\n<p>La pick-up, conducida por Lucas Dami\u00e1n Padua (33), quien iba acompa\u00f1ado por Ricardo Sebasti\u00e1n Viera (32), termin\u00f3 volcada sobre la zona de pr\u00e9stamo de su mano de circulaci\u00f3n, mientras que el Chevrolet qued\u00f3 cruzado sobre la banquina en direcci\u00f3n a Suipacha. Ambos veh\u00edculos sufrieron da\u00f1os de consideraci\u00f3n.<\/p>\n<p>Los involucrados en el accidente fueron asistidos en primer momento por otros automovilistas que transitaban por la zona, hasta la llegada de los Bomberos Voluntarios y personal del SAME, quienes los trasladaron al Hospital Esteban Iribarne de Suipacha. Tras los ex\u00e1menes m\u00e9dicos, se determin\u00f3 que todos presentaban heridas leves y quedaron internados en observaci\u00f3n.<\/p>\n<p>El tr\u00e1nsito sobre la Ruta 5 estuvo interrumpido durante varias horas, mientras se realizaban las tareas de rescate y las pericias correspondientes. En el operativo intervinieron los Bomberos Voluntarios, el SAME, la Polic\u00eda Comunal, el Comando de Patrullas Rurales (CPR) de Suipacha, personal de Corredores Viales, Seguridad Vial Naci\u00f3n y la Polic\u00eda Vial de Chivilcoy.<\/p>\n","protected":false},"excerpt":{"rendered":"<p>\u25a0 Fue a la altura del kil\u00f3metro 133,1. El tr\u00e1nsito sobre la Ruta 5 estuvo interrumpido durante varias horas, mientras se realizaban las tareas de rescate y las pericias correspondientes.<\/p>\n","protected":false},"author":16,"featured_media":144773,"comment_status":"closed","ping_status":"closed","sticky":false,"template":"","format":"standard","meta":{"footnotes":""},"categories":[7],"tags":[502,665],"class_list":["post-144772","post","type-post","status-publish","format-standard","has-post-thumbnail","hentry","category-policiales","tag-accidente","tag-ruta-5"],"yoast_head":"<!-- This site is optimized with the Yoast SEO plugin v27.4 - https:\/\/yoast.com\/product\/yoast-seo-wordpress\/ -->\n<title>Un violento choque en la Ruta 5 dej\u00f3 varios heridos leves<\/title>\n<meta name=\"robots\" content=\"index, follow, max-snippet:-1, max-image-preview:large, max-video-preview:-1\" \/>\n<link rel=\"canonical\" href=\"https:\/\/noticiasmercedinas.com\/site\/2024\/09\/25\/un-violento-choque-en-la-ruta-5-dejo-varios-heridos-leves\/\" \/>\n<meta property=\"og:locale\" content=\"es_ES\" \/>\n<meta property=\"og:type\" content=\"article\" \/>\n<meta property=\"og:title\" content=\"Un violento choque en la Ruta 5 dej\u00f3 varios heridos leves\" \/>\n<meta property=\"og:description\" content=\"\u25a0 Fue a la altura del kil\u00f3metro 133,1. El tr\u00e1nsito sobre la Ruta 5 estuvo interrumpido durante varias horas, mientras se realizaban las tareas de rescate y las pericias correspondientes.\" \/>\n<meta property=\"og:url\" content=\"https:\/\/noticiasmercedinas.com\/site\/2024\/09\/25\/un-violento-choque-en-la-ruta-5-dejo-varios-heridos-leves\/\" \/>\n<meta property=\"og:site_name\" content=\"NOTICIASMERCEDINAS.COM\" \/>\n<meta property=\"article:publisher\" content=\"https:\/\/www.facebook.com\/noticiasmercedinas\/\" \/>\n<meta property=\"article:published_time\" content=\"2024-09-25T18:57:33+00:00\" \/>\n<meta property=\"og:image\" content=\"https:\/\/noticiasmercedinas.com\/site\/wp-content\/uploads\/2024\/09\/460923238_8665795060121413_5782789942608112604_n.jpg\" \/>\n\t<meta property=\"og:image:width\" content=\"1440\" \/>\n\t<meta property=\"og:image:height\" content=\"1080\" \/>\n\t<meta property=\"og:image:type\" content=\"image\/jpeg\" \/>\n<meta name=\"author\" content=\"NOTICIASMERCEDINAS.COM\" \/>\n<meta name=\"twitter:card\" content=\"summary_large_image\" \/>\n<meta name=\"twitter:creator\" content=\"@notmercedinas\" \/>\n<meta name=\"twitter:site\" content=\"@notmercedinas\" \/>\n<meta name=\"twitter:label1\" content=\"Escrito por\" \/>\n\t<meta name=\"twitter:data1\" content=\"NOTICIASMERCEDINAS.COM\" \/>\n\t<meta name=\"twitter:label2\" content=\"Tiempo de lectura\" \/>\n\t<meta name=\"twitter:data2\" content=\"1 minuto\" \/>\n<script type=\"application\/ld+json\" class=\"yoast-schema-graph\">{\"@context\":\"https:\\\/\\\/schema.org\",\"@graph\":[{\"@type\":\"Article\",\"@id\":\"https:\\\/\\\/noticiasmercedinas.com\\\/site\\\/2024\\\/09\\\/25\\\/un-violento-choque-en-la-ruta-5-dejo-varios-heridos-leves\\\/#article\",\"isPartOf\":{\"@id\":\"https:\\\/\\\/noticiasmercedinas.com\\\/site\\\/2024\\\/09\\\/25\\\/un-violento-choque-en-la-ruta-5-dejo-varios-heridos-leves\\\/\"},\"author\":{\"name\":\"NOTICIASMERCEDINAS.COM\",\"@id\":\"https:\\\/\\\/noticiasmercedinas.com\\\/site\\\/#\\\/schema\\\/person\\\/84b59c099c28ff2e8b77d4ceec5d8063\"},\"headline\":\"Un violento choque en la Ruta 5 dej\u00f3 varios heridos leves\",\"datePublished\":\"2024-09-25T18:57:33+00:00\",\"mainEntityOfPage\":{\"@id\":\"https:\\\/\\\/noticiasmercedinas.com\\\/site\\\/2024\\\/09\\\/25\\\/un-violento-choque-en-la-ruta-5-dejo-varios-heridos-leves\\\/\"},\"wordCount\":309,\"publisher\":{\"@id\":\"https:\\\/\\\/noticiasmercedinas.com\\\/site\\\/#organization\"},\"image\":{\"@id\":\"https:\\\/\\\/noticiasmercedinas.com\\\/site\\\/2024\\\/09\\\/25\\\/un-violento-choque-en-la-ruta-5-dejo-varios-heridos-leves\\\/#primaryimage\"},\"thumbnailUrl\":\"https:\\\/\\\/noticiasmercedinas.com\\\/site\\\/wp-content\\\/uploads\\\/2024\\\/09\\\/460923238_8665795060121413_5782789942608112604_n.jpg\",\"keywords\":[\"accidente\",\"ruta 5\"],\"articleSection\":[\"Seguridad\"],\"inLanguage\":\"es\"},{\"@type\":\"WebPage\",\"@id\":\"https:\\\/\\\/noticiasmercedinas.com\\\/site\\\/2024\\\/09\\\/25\\\/un-violento-choque-en-la-ruta-5-dejo-varios-heridos-leves\\\/\",\"url\":\"https:\\\/\\\/noticiasmercedinas.com\\\/site\\\/2024\\\/09\\\/25\\\/un-violento-choque-en-la-ruta-5-dejo-varios-heridos-leves\\\/\",\"name\":\"Un violento choque en la Ruta 5 dej\u00f3 varios heridos leves\",\"isPartOf\":{\"@id\":\"https:\\\/\\\/noticiasmercedinas.com\\\/site\\\/#website\"},\"primaryImageOfPage\":{\"@id\":\"https:\\\/\\\/noticiasmercedinas.com\\\/site\\\/2024\\\/09\\\/25\\\/un-violento-choque-en-la-ruta-5-dejo-varios-heridos-leves\\\/#primaryimage\"},\"image\":{\"@id\":\"https:\\\/\\\/noticiasmercedinas.com\\\/site\\\/2024\\\/09\\\/25\\\/un-violento-choque-en-la-ruta-5-dejo-varios-heridos-leves\\\/#primaryimage\"},\"thumbnailUrl\":\"https:\\\/\\\/noticiasmercedinas.com\\\/site\\\/wp-content\\\/uploads\\\/2024\\\/09\\\/460923238_8665795060121413_5782789942608112604_n.jpg\",\"datePublished\":\"2024-09-25T18:57:33+00:00\",\"breadcrumb\":{\"@id\":\"https:\\\/\\\/noticiasmercedinas.com\\\/site\\\/2024\\\/09\\\/25\\\/un-violento-choque-en-la-ruta-5-dejo-varios-heridos-leves\\\/#breadcrumb\"},\"inLanguage\":\"es\",\"potentialAction\":[{\"@type\":\"ReadAction\",\"target\":[\"https:\\\/\\\/noticiasmercedinas.com\\\/site\\\/2024\\\/09\\\/25\\\/un-violento-choque-en-la-ruta-5-dejo-varios-heridos-leves\\\/\"]}]},{\"@type\":\"ImageObject\",\"inLanguage\":\"es\",\"@id\":\"https:\\\/\\\/noticiasmercedinas.com\\\/site\\\/2024\\\/09\\\/25\\\/un-violento-choque-en-la-ruta-5-dejo-varios-heridos-leves\\\/#primaryimage\",\"url\":\"https:\\\/\\\/noticiasmercedinas.com\\\/site\\\/wp-content\\\/uploads\\\/2024\\\/09\\\/460923238_8665795060121413_5782789942608112604_n.jpg\",\"contentUrl\":\"https:\\\/\\\/noticiasmercedinas.com\\\/site\\\/wp-content\\\/uploads\\\/2024\\\/09\\\/460923238_8665795060121413_5782789942608112604_n.jpg\",\"width\":1440,\"height\":1080},{\"@type\":\"BreadcrumbList\",\"@id\":\"https:\\\/\\\/noticiasmercedinas.com\\\/site\\\/2024\\\/09\\\/25\\\/un-violento-choque-en-la-ruta-5-dejo-varios-heridos-leves\\\/#breadcrumb\",\"itemListElement\":[{\"@type\":\"ListItem\",\"position\":1,\"name\":\"Portada\",\"item\":\"https:\\\/\\\/noticiasmercedinas.com\\\/site\\\/\"},{\"@type\":\"ListItem\",\"position\":2,\"name\":\"Un violento choque en la Ruta 5 dej\u00f3 varios heridos leves\"}]},{\"@type\":\"WebSite\",\"@id\":\"https:\\\/\\\/noticiasmercedinas.com\\\/site\\\/#website\",\"url\":\"https:\\\/\\\/noticiasmercedinas.com\\\/site\\\/\",\"name\":\"NOTICIASMERCEDINAS.COM\",\"description\":\"Mercedes, Buenos Aires, Argentina\",\"publisher\":{\"@id\":\"https:\\\/\\\/noticiasmercedinas.com\\\/site\\\/#organization\"},\"potentialAction\":[{\"@type\":\"SearchAction\",\"target\":{\"@type\":\"EntryPoint\",\"urlTemplate\":\"https:\\\/\\\/noticiasmercedinas.com\\\/site\\\/?s={search_term_string}\"},\"query-input\":{\"@type\":\"PropertyValueSpecification\",\"valueRequired\":true,\"valueName\":\"search_term_string\"}}],\"inLanguage\":\"es\"},{\"@type\":\"Organization\",\"@id\":\"https:\\\/\\\/noticiasmercedinas.com\\\/site\\\/#organization\",\"name\":\"NOTICIASMERCEDINAS.COM\",\"url\":\"https:\\\/\\\/noticiasmercedinas.com\\\/site\\\/\",\"logo\":{\"@type\":\"ImageObject\",\"inLanguage\":\"es\",\"@id\":\"https:\\\/\\\/noticiasmercedinas.com\\\/site\\\/#\\\/schema\\\/logo\\\/image\\\/\",\"url\":\"https:\\\/\\\/noticiasmercedinas.com\\\/site\\\/wp-content\\\/uploads\\\/2020\\\/06\\\/LOGO-512.jpg\",\"contentUrl\":\"https:\\\/\\\/noticiasmercedinas.com\\\/site\\\/wp-content\\\/uploads\\\/2020\\\/06\\\/LOGO-512.jpg\",\"width\":512,\"height\":512,\"caption\":\"NOTICIASMERCEDINAS.COM\"},\"image\":{\"@id\":\"https:\\\/\\\/noticiasmercedinas.com\\\/site\\\/#\\\/schema\\\/logo\\\/image\\\/\"},\"sameAs\":[\"https:\\\/\\\/www.facebook.com\\\/noticiasmercedinas\\\/\",\"https:\\\/\\\/x.com\\\/notmercedinas\",\"https:\\\/\\\/www.instagram.com\\\/noticiasmercedinas\\\/\"]},{\"@type\":\"Person\",\"@id\":\"https:\\\/\\\/noticiasmercedinas.com\\\/site\\\/#\\\/schema\\\/person\\\/84b59c099c28ff2e8b77d4ceec5d8063\",\"name\":\"NOTICIASMERCEDINAS.COM\",\"image\":{\"@type\":\"ImageObject\",\"inLanguage\":\"es\",\"@id\":\"https:\\\/\\\/secure.gravatar.com\\\/avatar\\\/4dfbf16b4d17945bfb6341b2d19043457132fcf478a5ee04f42e959fd8f5df0a?s=96&d=mm&r=g\",\"url\":\"https:\\\/\\\/secure.gravatar.com\\\/avatar\\\/4dfbf16b4d17945bfb6341b2d19043457132fcf478a5ee04f42e959fd8f5df0a?s=96&d=mm&r=g\",\"contentUrl\":\"https:\\\/\\\/secure.gravatar.com\\\/avatar\\\/4dfbf16b4d17945bfb6341b2d19043457132fcf478a5ee04f42e959fd8f5df0a?s=96&d=mm&r=g\",\"caption\":\"NOTICIASMERCEDINAS.COM\"},\"url\":\"https:\\\/\\\/noticiasmercedinas.com\\\/site\\\/author\\\/anonimo\\\/\"}]}<\/script>\n<!-- \/ Yoast SEO plugin. -->","yoast_head_json":{"title":"Un violento choque en la Ruta 5 dej\u00f3 varios heridos leves","robots":{"index":"index","follow":"follow","max-snippet":"max-snippet:-1","max-image-preview":"max-image-preview:large","max-video-preview":"max-video-preview:-1"},"canonical":"https:\/\/noticiasmercedinas.com\/site\/2024\/09\/25\/un-violento-choque-en-la-ruta-5-dejo-varios-heridos-leves\/","og_locale":"es_ES","og_type":"article","og_title":"Un violento choque en la Ruta 5 dej\u00f3 varios heridos leves","og_description":"\u25a0 Fue a la altura del kil\u00f3metro 133,1. El tr\u00e1nsito sobre la Ruta 5 estuvo interrumpido durante varias horas, mientras se realizaban las tareas de rescate y las pericias correspondientes.","og_url":"https:\/\/noticiasmercedinas.com\/site\/2024\/09\/25\/un-violento-choque-en-la-ruta-5-dejo-varios-heridos-leves\/","og_site_name":"NOTICIASMERCEDINAS.COM","article_publisher":"https:\/\/www.facebook.com\/noticiasmercedinas\/","article_published_time":"2024-09-25T18:57:33+00:00","og_image":[{"width":1440,"height":1080,"url":"https:\/\/noticiasmercedinas.com\/site\/wp-content\/uploads\/2024\/09\/460923238_8665795060121413_5782789942608112604_n.jpg","type":"image\/jpeg"}],"author":"NOTICIASMERCEDINAS.COM","twitter_card":"summary_large_image","twitter_creator":"@notmercedinas","twitter_site":"@notmercedinas","twitter_misc":{"Escrito por":"NOTICIASMERCEDINAS.COM","Tiempo de lectura":"1 minuto"},"schema":{"@context":"https:\/\/schema.org","@graph":[{"@type":"Article","@id":"https:\/\/noticiasmercedinas.com\/site\/2024\/09\/25\/un-violento-choque-en-la-ruta-5-dejo-varios-heridos-leves\/#article","isPartOf":{"@id":"https:\/\/noticiasmercedinas.com\/site\/2024\/09\/25\/un-violento-choque-en-la-ruta-5-dejo-varios-heridos-leves\/"},"author":{"name":"NOTICIASMERCEDINAS.COM","@id":"https:\/\/noticiasmercedinas.com\/site\/#\/schema\/person\/84b59c099c28ff2e8b77d4ceec5d8063"},"headline":"Un violento choque en la Ruta 5 dej\u00f3 varios heridos leves","datePublished":"2024-09-25T18:57:33+00:00","mainEntityOfPage":{"@id":"https:\/\/noticiasmercedinas.com\/site\/2024\/09\/25\/un-violento-choque-en-la-ruta-5-dejo-varios-heridos-leves\/"},"wordCount":309,"publisher":{"@id":"https:\/\/noticiasmercedinas.com\/site\/#organization"},"image":{"@id":"https:\/\/noticiasmercedinas.com\/site\/2024\/09\/25\/un-violento-choque-en-la-ruta-5-dejo-varios-heridos-leves\/#primaryimage"},"thumbnailUrl":"https:\/\/noticiasmercedinas.com\/site\/wp-content\/uploads\/2024\/09\/460923238_8665795060121413_5782789942608112604_n.jpg","keywords":["accidente","ruta 5"],"articleSection":["Seguridad"],"inLanguage":"es"},{"@type":"WebPage","@id":"https:\/\/noticiasmercedinas.com\/site\/2024\/09\/25\/un-violento-choque-en-la-ruta-5-dejo-varios-heridos-leves\/","url":"https:\/\/noticiasmercedinas.com\/site\/2024\/09\/25\/un-violento-choque-en-la-ruta-5-dejo-varios-heridos-leves\/","name":"Un violento choque en la Ruta 5 dej\u00f3 varios heridos leves","isPartOf":{"@id":"https:\/\/noticiasmercedinas.com\/site\/#website"},"primaryImageOfPage":{"@id":"https:\/\/noticiasmercedinas.com\/site\/2024\/09\/25\/un-violento-choque-en-la-ruta-5-dejo-varios-heridos-leves\/#primaryimage"},"image":{"@id":"https:\/\/noticiasmercedinas.com\/site\/2024\/09\/25\/un-violento-choque-en-la-ruta-5-dejo-varios-heridos-leves\/#primaryimage"},"thumbnailUrl":"https:\/\/noticiasmercedinas.com\/site\/wp-content\/uploads\/2024\/09\/460923238_8665795060121413_5782789942608112604_n.jpg","datePublished":"2024-09-25T18:57:33+00:00","breadcrumb":{"@id":"https:\/\/noticiasmercedinas.com\/site\/2024\/09\/25\/un-violento-choque-en-la-ruta-5-dejo-varios-heridos-leves\/#breadcrumb"},"inLanguage":"es","potentialAction":[{"@type":"ReadAction","target":["https:\/\/noticiasmercedinas.com\/site\/2024\/09\/25\/un-violento-choque-en-la-ruta-5-dejo-varios-heridos-leves\/"]}]},{"@type":"ImageObject","inLanguage":"es","@id":"https:\/\/noticiasmercedinas.com\/site\/2024\/09\/25\/un-violento-choque-en-la-ruta-5-dejo-varios-heridos-leves\/#primaryimage","url":"https:\/\/noticiasmercedinas.com\/site\/wp-content\/uploads\/2024\/09\/460923238_8665795060121413_5782789942608112604_n.jpg","contentUrl":"https:\/\/noticiasmercedinas.com\/site\/wp-content\/uploads\/2024\/09\/460923238_8665795060121413_5782789942608112604_n.jpg","width":1440,"height":1080},{"@type":"BreadcrumbList","@id":"https:\/\/noticiasmercedinas.com\/site\/2024\/09\/25\/un-violento-choque-en-la-ruta-5-dejo-varios-heridos-leves\/#breadcrumb","itemListElement":[{"@type":"ListItem","position":1,"name":"Portada","item":"https:\/\/noticiasmercedinas.com\/site\/"},{"@type":"ListItem","position":2,"name":"Un violento choque en la Ruta 5 dej\u00f3 varios heridos leves"}]},{"@type":"WebSite","@id":"https:\/\/noticiasmercedinas.com\/site\/#website","url":"https:\/\/noticiasmercedinas.com\/site\/","name":"NOTICIASMERCEDINAS.COM","description":"Mercedes, Buenos Aires, Argentina","publisher":{"@id":"https:\/\/noticiasmercedinas.com\/site\/#organization"},"potentialAction":[{"@type":"SearchAction","target":{"@type":"EntryPoint","urlTemplate":"https:\/\/noticiasmercedinas.com\/site\/?s={search_term_string}"},"query-input":{"@type":"PropertyValueSpecification","valueRequired":true,"valueName":"search_term_string"}}],"inLanguage":"es"},{"@type":"Organization","@id":"https:\/\/noticiasmercedinas.com\/site\/#organization","name":"NOTICIASMERCEDINAS.COM","url":"https:\/\/noticiasmercedinas.com\/site\/","logo":{"@type":"ImageObject","inLanguage":"es","@id":"https:\/\/noticiasmercedinas.com\/site\/#\/schema\/logo\/image\/","url":"https:\/\/noticiasmercedinas.com\/site\/wp-content\/uploads\/2020\/06\/LOGO-512.jpg","contentUrl":"https:\/\/noticiasmercedinas.com\/site\/wp-content\/uploads\/2020\/06\/LOGO-512.jpg","width":512,"height":512,"caption":"NOTICIASMERCEDINAS.COM"},"image":{"@id":"https:\/\/noticiasmercedinas.com\/site\/#\/schema\/logo\/image\/"},"sameAs":["https:\/\/www.facebook.com\/noticiasmercedinas\/","https:\/\/x.com\/notmercedinas","https:\/\/www.instagram.com\/noticiasmercedinas\/"]},{"@type":"Person","@id":"https:\/\/noticiasmercedinas.com\/site\/#\/schema\/person\/84b59c099c28ff2e8b77d4ceec5d8063","name":"NOTICIASMERCEDINAS.COM","image":{"@type":"ImageObject","inLanguage":"es","@id":"https:\/\/secure.gravatar.com\/avatar\/4dfbf16b4d17945bfb6341b2d19043457132fcf478a5ee04f42e959fd8f5df0a?s=96&d=mm&r=g","url":"https:\/\/secure.gravatar.com\/avatar\/4dfbf16b4d17945bfb6341b2d19043457132fcf478a5ee04f42e959fd8f5df0a?s=96&d=mm&r=g","contentUrl":"https:\/\/secure.gravatar.com\/avatar\/4dfbf16b4d17945bfb6341b2d19043457132fcf478a5ee04f42e959fd8f5df0a?s=96&d=mm&r=g","caption":"NOTICIASMERCEDINAS.COM"},"url":"https:\/\/noticiasmercedinas.com\/site\/author\/anonimo\/"}]}},"amp_enabled":true,"_links":{"self":[{"href":"https:\/\/noticiasmercedinas.com\/site\/wp-json\/wp\/v2\/posts\/144772","targetHints":{"allow":["GET"]}}],"collection":[{"href":"https:\/\/noticiasmercedinas.com\/site\/wp-json\/wp\/v2\/posts"}],"about":[{"href":"https:\/\/noticiasmercedinas.com\/site\/wp-json\/wp\/v2\/types\/post"}],"author":[{"embeddable":true,"href":"https:\/\/noticiasmercedinas.com\/site\/wp-json\/wp\/v2\/users\/16"}],"replies":[{"embeddable":true,"href":"https:\/\/noticiasmercedinas.com\/site\/wp-json\/wp\/v2\/comments?post=144772"}],"version-history":[{"count":1,"href":"https:\/\/noticiasmercedinas.com\/site\/wp-json\/wp\/v2\/posts\/144772\/revisions"}],"predecessor-version":[{"id":144774,"href":"https:\/\/noticiasmercedinas.com\/site\/wp-json\/wp\/v2\/posts\/144772\/revisions\/144774"}],"wp:featuredmedia":[{"embeddable":true,"href":"https:\/\/noticiasmercedinas.com\/site\/wp-json\/wp\/v2\/media\/144773"}],"wp:attachment":[{"href":"https:\/\/noticiasmercedinas.com\/site\/wp-json\/wp\/v2\/media?parent=144772"}],"wp:term":[{"taxonomy":"category","embeddable":true,"href":"https:\/\/noticiasmercedinas.com\/site\/wp-json\/wp\/v2\/categories?post=144772"},{"taxonomy":"post_tag","embeddable":true,"href":"https:\/\/noticiasmercedinas.com\/site\/wp-json\/wp\/v2\/tags?post=144772"}],"curies":[{"name":"wp","href":"https:\/\/api.w.org\/{rel}","templated":true}]}}