{"id":144827,"date":"2024-09-26T09:24:38","date_gmt":"2024-09-26T12:24:38","guid":{"rendered":"https:\/\/noticiasmercedinas.com\/site\/?p=144827"},"modified":"2024-09-26T09:24:38","modified_gmt":"2024-09-26T12:24:38","slug":"buscan-desde-el-concejo-favorecer-la-empleabilidad-y-capacitacion-de-mujeres-y-diversidades","status":"publish","type":"post","link":"https:\/\/noticiasmercedinas.com\/site\/2024\/09\/26\/buscan-desde-el-concejo-favorecer-la-empleabilidad-y-capacitacion-de-mujeres-y-diversidades\/","title":{"rendered":"Buscan desde el Concejo favorecer la empleabilidad y capacitaci\u00f3n de mujeres y diversidades"},"content":{"rendered":"<p><img loading=\"lazy\" decoding=\"async\" class=\"alignnone size-full wp-image-144828\" src=\"https:\/\/noticiasmercedinas.com\/site\/wp-content\/uploads\/2024\/09\/460897403_17983840949727286_4707143734465110366_n.jpg\" alt=\"\" width=\"1079\" height=\"565\" srcset=\"https:\/\/noticiasmercedinas.com\/site\/wp-content\/uploads\/2024\/09\/460897403_17983840949727286_4707143734465110366_n.jpg 1079w, https:\/\/noticiasmercedinas.com\/site\/wp-content\/uploads\/2024\/09\/460897403_17983840949727286_4707143734465110366_n-300x157.jpg 300w, https:\/\/noticiasmercedinas.com\/site\/wp-content\/uploads\/2024\/09\/460897403_17983840949727286_4707143734465110366_n-1024x536.jpg 1024w, https:\/\/noticiasmercedinas.com\/site\/wp-content\/uploads\/2024\/09\/460897403_17983840949727286_4707143734465110366_n-768x402.jpg 768w, https:\/\/noticiasmercedinas.com\/site\/wp-content\/uploads\/2024\/09\/460897403_17983840949727286_4707143734465110366_n-640x335.jpg 640w, https:\/\/noticiasmercedinas.com\/site\/wp-content\/uploads\/2024\/09\/460897403_17983840949727286_4707143734465110366_n-681x357.jpg 681w\" sizes=\"auto, (max-width: 1079px) 100vw, 1079px\" \/><\/p>\n<p>Este mi\u00e9rcoles, en el marco de la Comisi\u00f3n de G\u00e9nero del Honorable Concejo Deliberante de Mercedes, concejales y concejalas de distintos bloques se reunieron con integrantes de la Direcci\u00f3n de Pol\u00edticas de G\u00e9nero y Diversidad del Departamento Ejecutivo. El encuentro estuvo centrado en el tratamiento de expedientes y proyectos con el objetivo de fortalecer la empleabilidad y la capacitaci\u00f3n laboral de mujeres y diversidades.<\/p>\n<p>La concejal D\u00e9bora Lacasa, representante de la UCR en Juntos por el Cambio, fue una de las impulsoras de esta iniciativa y brind\u00f3 a este medio detalles sobre el proyecto que present\u00f3 en la reuni\u00f3n.<\/p>\n<p>Seg\u00fan Lacasa, la propuesta busca crear una \u00abred de fortalecimiento\u00bb para organizar las diversas ofertas de capacitaci\u00f3n que actualmente se brindan desde distintas \u00e1reas del municipio, como la Secretar\u00eda de Empleo y la Direcci\u00f3n de G\u00e9nero, entre otras.<\/p>\n<p>Asimismo, la edil mencion\u00f3 que aunque algunas de estas iniciativas han disminuido debido a la falta de programas nacionales, la intenci\u00f3n es formalizar este trabajo mediante una ordenanza que unifique todas las acciones en un programa integral de apoyo a mujeres y diversidades.<\/p>\n<p><img loading=\"lazy\" decoding=\"async\" class=\"alignnone size-full wp-image-144829\" src=\"https:\/\/noticiasmercedinas.com\/site\/wp-content\/uploads\/2024\/09\/461076759_17983840970727286_2477125826785604273_n.jpg\" alt=\"\" width=\"1079\" height=\"565\" srcset=\"https:\/\/noticiasmercedinas.com\/site\/wp-content\/uploads\/2024\/09\/461076759_17983840970727286_2477125826785604273_n.jpg 1079w, https:\/\/noticiasmercedinas.com\/site\/wp-content\/uploads\/2024\/09\/461076759_17983840970727286_2477125826785604273_n-300x157.jpg 300w, https:\/\/noticiasmercedinas.com\/site\/wp-content\/uploads\/2024\/09\/461076759_17983840970727286_2477125826785604273_n-1024x536.jpg 1024w, https:\/\/noticiasmercedinas.com\/site\/wp-content\/uploads\/2024\/09\/461076759_17983840970727286_2477125826785604273_n-768x402.jpg 768w, https:\/\/noticiasmercedinas.com\/site\/wp-content\/uploads\/2024\/09\/461076759_17983840970727286_2477125826785604273_n-640x335.jpg 640w, https:\/\/noticiasmercedinas.com\/site\/wp-content\/uploads\/2024\/09\/461076759_17983840970727286_2477125826785604273_n-681x357.jpg 681w\" sizes=\"auto, (max-width: 1079px) 100vw, 1079px\" \/><\/p>\n<p>\u00abHoy, desde el municipio, contamos con varios convenios y relaciones con universidades e institutos de formaci\u00f3n profesional, pero la idea es consolidar y ampliar estos v\u00ednculos\u00bb, explic\u00f3 Lacasa. Destac\u00f3 especialmente la importancia de fortalecer la relaci\u00f3n con la Universidad Nacional de Luj\u00e1n, que cuenta con actividades de extensi\u00f3n universitaria que podr\u00edan ser aprovechadas m\u00e1s eficientemente por mujeres y diversidades de la comunidad. En ese sentido, Lacasa expres\u00f3 su voluntad de actuar como nexo entre el municipio y la universidad, dado su rol como concejal y docente de dicha instituci\u00f3n.<\/p>\n<p>Durante la reuni\u00f3n, estuvieron presentes representantes de la Direcci\u00f3n de Pol\u00edticas de G\u00e9nero y Diversidad, quienes compartieron detalles sobre los talleres y capacitaciones que se han llevado a cabo y la necesidad de potenciar estas iniciativas. Aunque la oferta actual ha disminuido en comparaci\u00f3n con a\u00f1os anteriores, los participantes coincidieron en que es crucial seguir trabajando en esta l\u00ednea y explorar nuevas oportunidades.<\/p>\n<p>\u00abFue una charla muy productiva, donde todos coincidimos en la importancia de consolidar lo que se viene haciendo y proyectar nuevas acciones que favorezcan la empleabilidad y capacitaci\u00f3n de mujeres y diversidades\u00bb, concluy\u00f3 Lacasa.<\/p>\n<p><img loading=\"lazy\" decoding=\"async\" class=\"alignnone size-full wp-image-144830\" src=\"https:\/\/noticiasmercedinas.com\/site\/wp-content\/uploads\/2024\/09\/461079236_17983841018727286_6269472155892882310_n.jpg\" alt=\"\" width=\"1079\" height=\"565\" srcset=\"https:\/\/noticiasmercedinas.com\/site\/wp-content\/uploads\/2024\/09\/461079236_17983841018727286_6269472155892882310_n.jpg 1079w, https:\/\/noticiasmercedinas.com\/site\/wp-content\/uploads\/2024\/09\/461079236_17983841018727286_6269472155892882310_n-300x157.jpg 300w, https:\/\/noticiasmercedinas.com\/site\/wp-content\/uploads\/2024\/09\/461079236_17983841018727286_6269472155892882310_n-1024x536.jpg 1024w, https:\/\/noticiasmercedinas.com\/site\/wp-content\/uploads\/2024\/09\/461079236_17983841018727286_6269472155892882310_n-768x402.jpg 768w, https:\/\/noticiasmercedinas.com\/site\/wp-content\/uploads\/2024\/09\/461079236_17983841018727286_6269472155892882310_n-640x335.jpg 640w, https:\/\/noticiasmercedinas.com\/site\/wp-content\/uploads\/2024\/09\/461079236_17983841018727286_6269472155892882310_n-681x357.jpg 681w\" sizes=\"auto, (max-width: 1079px) 100vw, 1079px\" \/><\/p>\n","protected":false},"excerpt":{"rendered":"<p>\u25a0 En este sentido, D\u00e9bora Lacasa expres\u00f3 su voluntad de actuar como nexo entre el municipio y la universidad de Luj\u00e1n, dado su rol como concejal y docente de la instituci\u00f3n<\/p>\n","protected":false},"author":16,"featured_media":144828,"comment_status":"closed","ping_status":"closed","sticky":false,"template":"","format":"standard","meta":{"footnotes":""},"categories":[16],"tags":[243,12446,14989,19],"class_list":["post-144827","post","type-post","status-publish","format-standard","has-post-thumbnail","hentry","category-politica","tag-concejo-deliberante","tag-debora-lacasa","tag-direccion-de-politicas-de-genero-y-diversidades","tag-hcd"],"yoast_head":"<!-- This site is optimized with the Yoast SEO plugin v27.4 - https:\/\/yoast.com\/product\/yoast-seo-wordpress\/ -->\n<title>Buscan desde el Concejo favorecer la empleabilidad y capacitaci\u00f3n de mujeres y diversidades<\/title>\n<meta name=\"robots\" content=\"index, follow, max-snippet:-1, max-image-preview:large, max-video-preview:-1\" \/>\n<link rel=\"canonical\" href=\"https:\/\/noticiasmercedinas.com\/site\/2024\/09\/26\/buscan-desde-el-concejo-favorecer-la-empleabilidad-y-capacitacion-de-mujeres-y-diversidades\/\" \/>\n<meta property=\"og:locale\" content=\"es_ES\" \/>\n<meta property=\"og:type\" content=\"article\" \/>\n<meta property=\"og:title\" content=\"Buscan desde el Concejo favorecer la empleabilidad y capacitaci\u00f3n de mujeres y diversidades\" \/>\n<meta property=\"og:description\" content=\"\u25a0 En este sentido, D\u00e9bora Lacasa expres\u00f3 su voluntad de actuar como nexo entre el municipio y la universidad de Luj\u00e1n, dado su rol como concejal y docente de la instituci\u00f3n\" \/>\n<meta property=\"og:url\" content=\"https:\/\/noticiasmercedinas.com\/site\/2024\/09\/26\/buscan-desde-el-concejo-favorecer-la-empleabilidad-y-capacitacion-de-mujeres-y-diversidades\/\" \/>\n<meta property=\"og:site_name\" content=\"NOTICIASMERCEDINAS.COM\" \/>\n<meta property=\"article:publisher\" content=\"https:\/\/www.facebook.com\/noticiasmercedinas\/\" \/>\n<meta property=\"article:published_time\" content=\"2024-09-26T12:24:38+00:00\" \/>\n<meta property=\"og:image\" content=\"https:\/\/noticiasmercedinas.com\/site\/wp-content\/uploads\/2024\/09\/460897403_17983840949727286_4707143734465110366_n.jpg\" \/>\n\t<meta property=\"og:image:width\" content=\"1079\" \/>\n\t<meta property=\"og:image:height\" content=\"565\" \/>\n\t<meta property=\"og:image:type\" content=\"image\/jpeg\" \/>\n<meta name=\"author\" content=\"NOTICIASMERCEDINAS.COM\" \/>\n<meta name=\"twitter:card\" content=\"summary_large_image\" \/>\n<meta name=\"twitter:creator\" content=\"@notmercedinas\" \/>\n<meta name=\"twitter:site\" content=\"@notmercedinas\" \/>\n<meta name=\"twitter:label1\" content=\"Escrito por\" \/>\n\t<meta name=\"twitter:data1\" content=\"NOTICIASMERCEDINAS.COM\" \/>\n\t<meta name=\"twitter:label2\" content=\"Tiempo de lectura\" \/>\n\t<meta name=\"twitter:data2\" content=\"2 minutos\" \/>\n<script type=\"application\/ld+json\" class=\"yoast-schema-graph\">{\"@context\":\"https:\\\/\\\/schema.org\",\"@graph\":[{\"@type\":\"Article\",\"@id\":\"https:\\\/\\\/noticiasmercedinas.com\\\/site\\\/2024\\\/09\\\/26\\\/buscan-desde-el-concejo-favorecer-la-empleabilidad-y-capacitacion-de-mujeres-y-diversidades\\\/#article\",\"isPartOf\":{\"@id\":\"https:\\\/\\\/noticiasmercedinas.com\\\/site\\\/2024\\\/09\\\/26\\\/buscan-desde-el-concejo-favorecer-la-empleabilidad-y-capacitacion-de-mujeres-y-diversidades\\\/\"},\"author\":{\"name\":\"NOTICIASMERCEDINAS.COM\",\"@id\":\"https:\\\/\\\/noticiasmercedinas.com\\\/site\\\/#\\\/schema\\\/person\\\/84b59c099c28ff2e8b77d4ceec5d8063\"},\"headline\":\"Buscan desde el Concejo favorecer la empleabilidad y capacitaci\u00f3n de mujeres y diversidades\",\"datePublished\":\"2024-09-26T12:24:38+00:00\",\"mainEntityOfPage\":{\"@id\":\"https:\\\/\\\/noticiasmercedinas.com\\\/site\\\/2024\\\/09\\\/26\\\/buscan-desde-el-concejo-favorecer-la-empleabilidad-y-capacitacion-de-mujeres-y-diversidades\\\/\"},\"wordCount\":411,\"publisher\":{\"@id\":\"https:\\\/\\\/noticiasmercedinas.com\\\/site\\\/#organization\"},\"image\":{\"@id\":\"https:\\\/\\\/noticiasmercedinas.com\\\/site\\\/2024\\\/09\\\/26\\\/buscan-desde-el-concejo-favorecer-la-empleabilidad-y-capacitacion-de-mujeres-y-diversidades\\\/#primaryimage\"},\"thumbnailUrl\":\"https:\\\/\\\/noticiasmercedinas.com\\\/site\\\/wp-content\\\/uploads\\\/2024\\\/09\\\/460897403_17983840949727286_4707143734465110366_n.jpg\",\"keywords\":[\"concejo deliberante\",\"Debora Lacasa\",\"Direcci\u00f3n de Pol\u00edticas de G\u00e9nero y Diversidades\",\"HCD\"],\"articleSection\":[\"Politica\"],\"inLanguage\":\"es\"},{\"@type\":\"WebPage\",\"@id\":\"https:\\\/\\\/noticiasmercedinas.com\\\/site\\\/2024\\\/09\\\/26\\\/buscan-desde-el-concejo-favorecer-la-empleabilidad-y-capacitacion-de-mujeres-y-diversidades\\\/\",\"url\":\"https:\\\/\\\/noticiasmercedinas.com\\\/site\\\/2024\\\/09\\\/26\\\/buscan-desde-el-concejo-favorecer-la-empleabilidad-y-capacitacion-de-mujeres-y-diversidades\\\/\",\"name\":\"Buscan desde el Concejo favorecer la empleabilidad y capacitaci\u00f3n de mujeres y diversidades\",\"isPartOf\":{\"@id\":\"https:\\\/\\\/noticiasmercedinas.com\\\/site\\\/#website\"},\"primaryImageOfPage\":{\"@id\":\"https:\\\/\\\/noticiasmercedinas.com\\\/site\\\/2024\\\/09\\\/26\\\/buscan-desde-el-concejo-favorecer-la-empleabilidad-y-capacitacion-de-mujeres-y-diversidades\\\/#primaryimage\"},\"image\":{\"@id\":\"https:\\\/\\\/noticiasmercedinas.com\\\/site\\\/2024\\\/09\\\/26\\\/buscan-desde-el-concejo-favorecer-la-empleabilidad-y-capacitacion-de-mujeres-y-diversidades\\\/#primaryimage\"},\"thumbnailUrl\":\"https:\\\/\\\/noticiasmercedinas.com\\\/site\\\/wp-content\\\/uploads\\\/2024\\\/09\\\/460897403_17983840949727286_4707143734465110366_n.jpg\",\"datePublished\":\"2024-09-26T12:24:38+00:00\",\"breadcrumb\":{\"@id\":\"https:\\\/\\\/noticiasmercedinas.com\\\/site\\\/2024\\\/09\\\/26\\\/buscan-desde-el-concejo-favorecer-la-empleabilidad-y-capacitacion-de-mujeres-y-diversidades\\\/#breadcrumb\"},\"inLanguage\":\"es\",\"potentialAction\":[{\"@type\":\"ReadAction\",\"target\":[\"https:\\\/\\\/noticiasmercedinas.com\\\/site\\\/2024\\\/09\\\/26\\\/buscan-desde-el-concejo-favorecer-la-empleabilidad-y-capacitacion-de-mujeres-y-diversidades\\\/\"]}]},{\"@type\":\"ImageObject\",\"inLanguage\":\"es\",\"@id\":\"https:\\\/\\\/noticiasmercedinas.com\\\/site\\\/2024\\\/09\\\/26\\\/buscan-desde-el-concejo-favorecer-la-empleabilidad-y-capacitacion-de-mujeres-y-diversidades\\\/#primaryimage\",\"url\":\"https:\\\/\\\/noticiasmercedinas.com\\\/site\\\/wp-content\\\/uploads\\\/2024\\\/09\\\/460897403_17983840949727286_4707143734465110366_n.jpg\",\"contentUrl\":\"https:\\\/\\\/noticiasmercedinas.com\\\/site\\\/wp-content\\\/uploads\\\/2024\\\/09\\\/460897403_17983840949727286_4707143734465110366_n.jpg\",\"width\":1079,\"height\":565},{\"@type\":\"BreadcrumbList\",\"@id\":\"https:\\\/\\\/noticiasmercedinas.com\\\/site\\\/2024\\\/09\\\/26\\\/buscan-desde-el-concejo-favorecer-la-empleabilidad-y-capacitacion-de-mujeres-y-diversidades\\\/#breadcrumb\",\"itemListElement\":[{\"@type\":\"ListItem\",\"position\":1,\"name\":\"Portada\",\"item\":\"https:\\\/\\\/noticiasmercedinas.com\\\/site\\\/\"},{\"@type\":\"ListItem\",\"position\":2,\"name\":\"Buscan desde el Concejo favorecer la empleabilidad y capacitaci\u00f3n de mujeres y diversidades\"}]},{\"@type\":\"WebSite\",\"@id\":\"https:\\\/\\\/noticiasmercedinas.com\\\/site\\\/#website\",\"url\":\"https:\\\/\\\/noticiasmercedinas.com\\\/site\\\/\",\"name\":\"NOTICIASMERCEDINAS.COM\",\"description\":\"Mercedes, Buenos Aires, Argentina\",\"publisher\":{\"@id\":\"https:\\\/\\\/noticiasmercedinas.com\\\/site\\\/#organization\"},\"potentialAction\":[{\"@type\":\"SearchAction\",\"target\":{\"@type\":\"EntryPoint\",\"urlTemplate\":\"https:\\\/\\\/noticiasmercedinas.com\\\/site\\\/?s={search_term_string}\"},\"query-input\":{\"@type\":\"PropertyValueSpecification\",\"valueRequired\":true,\"valueName\":\"search_term_string\"}}],\"inLanguage\":\"es\"},{\"@type\":\"Organization\",\"@id\":\"https:\\\/\\\/noticiasmercedinas.com\\\/site\\\/#organization\",\"name\":\"NOTICIASMERCEDINAS.COM\",\"url\":\"https:\\\/\\\/noticiasmercedinas.com\\\/site\\\/\",\"logo\":{\"@type\":\"ImageObject\",\"inLanguage\":\"es\",\"@id\":\"https:\\\/\\\/noticiasmercedinas.com\\\/site\\\/#\\\/schema\\\/logo\\\/image\\\/\",\"url\":\"https:\\\/\\\/noticiasmercedinas.com\\\/site\\\/wp-content\\\/uploads\\\/2020\\\/06\\\/LOGO-512.jpg\",\"contentUrl\":\"https:\\\/\\\/noticiasmercedinas.com\\\/site\\\/wp-content\\\/uploads\\\/2020\\\/06\\\/LOGO-512.jpg\",\"width\":512,\"height\":512,\"caption\":\"NOTICIASMERCEDINAS.COM\"},\"image\":{\"@id\":\"https:\\\/\\\/noticiasmercedinas.com\\\/site\\\/#\\\/schema\\\/logo\\\/image\\\/\"},\"sameAs\":[\"https:\\\/\\\/www.facebook.com\\\/noticiasmercedinas\\\/\",\"https:\\\/\\\/x.com\\\/notmercedinas\",\"https:\\\/\\\/www.instagram.com\\\/noticiasmercedinas\\\/\"]},{\"@type\":\"Person\",\"@id\":\"https:\\\/\\\/noticiasmercedinas.com\\\/site\\\/#\\\/schema\\\/person\\\/84b59c099c28ff2e8b77d4ceec5d8063\",\"name\":\"NOTICIASMERCEDINAS.COM\",\"image\":{\"@type\":\"ImageObject\",\"inLanguage\":\"es\",\"@id\":\"https:\\\/\\\/secure.gravatar.com\\\/avatar\\\/4dfbf16b4d17945bfb6341b2d19043457132fcf478a5ee04f42e959fd8f5df0a?s=96&d=mm&r=g\",\"url\":\"https:\\\/\\\/secure.gravatar.com\\\/avatar\\\/4dfbf16b4d17945bfb6341b2d19043457132fcf478a5ee04f42e959fd8f5df0a?s=96&d=mm&r=g\",\"contentUrl\":\"https:\\\/\\\/secure.gravatar.com\\\/avatar\\\/4dfbf16b4d17945bfb6341b2d19043457132fcf478a5ee04f42e959fd8f5df0a?s=96&d=mm&r=g\",\"caption\":\"NOTICIASMERCEDINAS.COM\"},\"url\":\"https:\\\/\\\/noticiasmercedinas.com\\\/site\\\/author\\\/anonimo\\\/\"}]}<\/script>\n<!-- \/ Yoast SEO plugin. -->","yoast_head_json":{"title":"Buscan desde el Concejo favorecer la empleabilidad y capacitaci\u00f3n de mujeres y diversidades","robots":{"index":"index","follow":"follow","max-snippet":"max-snippet:-1","max-image-preview":"max-image-preview:large","max-video-preview":"max-video-preview:-1"},"canonical":"https:\/\/noticiasmercedinas.com\/site\/2024\/09\/26\/buscan-desde-el-concejo-favorecer-la-empleabilidad-y-capacitacion-de-mujeres-y-diversidades\/","og_locale":"es_ES","og_type":"article","og_title":"Buscan desde el Concejo favorecer la empleabilidad y capacitaci\u00f3n de mujeres y diversidades","og_description":"\u25a0 En este sentido, D\u00e9bora Lacasa expres\u00f3 su voluntad de actuar como nexo entre el municipio y la universidad de Luj\u00e1n, dado su rol como concejal y docente de la instituci\u00f3n","og_url":"https:\/\/noticiasmercedinas.com\/site\/2024\/09\/26\/buscan-desde-el-concejo-favorecer-la-empleabilidad-y-capacitacion-de-mujeres-y-diversidades\/","og_site_name":"NOTICIASMERCEDINAS.COM","article_publisher":"https:\/\/www.facebook.com\/noticiasmercedinas\/","article_published_time":"2024-09-26T12:24:38+00:00","og_image":[{"width":1079,"height":565,"url":"https:\/\/noticiasmercedinas.com\/site\/wp-content\/uploads\/2024\/09\/460897403_17983840949727286_4707143734465110366_n.jpg","type":"image\/jpeg"}],"author":"NOTICIASMERCEDINAS.COM","twitter_card":"summary_large_image","twitter_creator":"@notmercedinas","twitter_site":"@notmercedinas","twitter_misc":{"Escrito por":"NOTICIASMERCEDINAS.COM","Tiempo de lectura":"2 minutos"},"schema":{"@context":"https:\/\/schema.org","@graph":[{"@type":"Article","@id":"https:\/\/noticiasmercedinas.com\/site\/2024\/09\/26\/buscan-desde-el-concejo-favorecer-la-empleabilidad-y-capacitacion-de-mujeres-y-diversidades\/#article","isPartOf":{"@id":"https:\/\/noticiasmercedinas.com\/site\/2024\/09\/26\/buscan-desde-el-concejo-favorecer-la-empleabilidad-y-capacitacion-de-mujeres-y-diversidades\/"},"author":{"name":"NOTICIASMERCEDINAS.COM","@id":"https:\/\/noticiasmercedinas.com\/site\/#\/schema\/person\/84b59c099c28ff2e8b77d4ceec5d8063"},"headline":"Buscan desde el Concejo favorecer la empleabilidad y capacitaci\u00f3n de mujeres y diversidades","datePublished":"2024-09-26T12:24:38+00:00","mainEntityOfPage":{"@id":"https:\/\/noticiasmercedinas.com\/site\/2024\/09\/26\/buscan-desde-el-concejo-favorecer-la-empleabilidad-y-capacitacion-de-mujeres-y-diversidades\/"},"wordCount":411,"publisher":{"@id":"https:\/\/noticiasmercedinas.com\/site\/#organization"},"image":{"@id":"https:\/\/noticiasmercedinas.com\/site\/2024\/09\/26\/buscan-desde-el-concejo-favorecer-la-empleabilidad-y-capacitacion-de-mujeres-y-diversidades\/#primaryimage"},"thumbnailUrl":"https:\/\/noticiasmercedinas.com\/site\/wp-content\/uploads\/2024\/09\/460897403_17983840949727286_4707143734465110366_n.jpg","keywords":["concejo deliberante","Debora Lacasa","Direcci\u00f3n de Pol\u00edticas de G\u00e9nero y Diversidades","HCD"],"articleSection":["Politica"],"inLanguage":"es"},{"@type":"WebPage","@id":"https:\/\/noticiasmercedinas.com\/site\/2024\/09\/26\/buscan-desde-el-concejo-favorecer-la-empleabilidad-y-capacitacion-de-mujeres-y-diversidades\/","url":"https:\/\/noticiasmercedinas.com\/site\/2024\/09\/26\/buscan-desde-el-concejo-favorecer-la-empleabilidad-y-capacitacion-de-mujeres-y-diversidades\/","name":"Buscan desde el Concejo favorecer la empleabilidad y capacitaci\u00f3n de mujeres y diversidades","isPartOf":{"@id":"https:\/\/noticiasmercedinas.com\/site\/#website"},"primaryImageOfPage":{"@id":"https:\/\/noticiasmercedinas.com\/site\/2024\/09\/26\/buscan-desde-el-concejo-favorecer-la-empleabilidad-y-capacitacion-de-mujeres-y-diversidades\/#primaryimage"},"image":{"@id":"https:\/\/noticiasmercedinas.com\/site\/2024\/09\/26\/buscan-desde-el-concejo-favorecer-la-empleabilidad-y-capacitacion-de-mujeres-y-diversidades\/#primaryimage"},"thumbnailUrl":"https:\/\/noticiasmercedinas.com\/site\/wp-content\/uploads\/2024\/09\/460897403_17983840949727286_4707143734465110366_n.jpg","datePublished":"2024-09-26T12:24:38+00:00","breadcrumb":{"@id":"https:\/\/noticiasmercedinas.com\/site\/2024\/09\/26\/buscan-desde-el-concejo-favorecer-la-empleabilidad-y-capacitacion-de-mujeres-y-diversidades\/#breadcrumb"},"inLanguage":"es","potentialAction":[{"@type":"ReadAction","target":["https:\/\/noticiasmercedinas.com\/site\/2024\/09\/26\/buscan-desde-el-concejo-favorecer-la-empleabilidad-y-capacitacion-de-mujeres-y-diversidades\/"]}]},{"@type":"ImageObject","inLanguage":"es","@id":"https:\/\/noticiasmercedinas.com\/site\/2024\/09\/26\/buscan-desde-el-concejo-favorecer-la-empleabilidad-y-capacitacion-de-mujeres-y-diversidades\/#primaryimage","url":"https:\/\/noticiasmercedinas.com\/site\/wp-content\/uploads\/2024\/09\/460897403_17983840949727286_4707143734465110366_n.jpg","contentUrl":"https:\/\/noticiasmercedinas.com\/site\/wp-content\/uploads\/2024\/09\/460897403_17983840949727286_4707143734465110366_n.jpg","width":1079,"height":565},{"@type":"BreadcrumbList","@id":"https:\/\/noticiasmercedinas.com\/site\/2024\/09\/26\/buscan-desde-el-concejo-favorecer-la-empleabilidad-y-capacitacion-de-mujeres-y-diversidades\/#breadcrumb","itemListElement":[{"@type":"ListItem","position":1,"name":"Portada","item":"https:\/\/noticiasmercedinas.com\/site\/"},{"@type":"ListItem","position":2,"name":"Buscan desde el Concejo favorecer la empleabilidad y capacitaci\u00f3n de mujeres y diversidades"}]},{"@type":"WebSite","@id":"https:\/\/noticiasmercedinas.com\/site\/#website","url":"https:\/\/noticiasmercedinas.com\/site\/","name":"NOTICIASMERCEDINAS.COM","description":"Mercedes, Buenos Aires, Argentina","publisher":{"@id":"https:\/\/noticiasmercedinas.com\/site\/#organization"},"potentialAction":[{"@type":"SearchAction","target":{"@type":"EntryPoint","urlTemplate":"https:\/\/noticiasmercedinas.com\/site\/?s={search_term_string}"},"query-input":{"@type":"PropertyValueSpecification","valueRequired":true,"valueName":"search_term_string"}}],"inLanguage":"es"},{"@type":"Organization","@id":"https:\/\/noticiasmercedinas.com\/site\/#organization","name":"NOTICIASMERCEDINAS.COM","url":"https:\/\/noticiasmercedinas.com\/site\/","logo":{"@type":"ImageObject","inLanguage":"es","@id":"https:\/\/noticiasmercedinas.com\/site\/#\/schema\/logo\/image\/","url":"https:\/\/noticiasmercedinas.com\/site\/wp-content\/uploads\/2020\/06\/LOGO-512.jpg","contentUrl":"https:\/\/noticiasmercedinas.com\/site\/wp-content\/uploads\/2020\/06\/LOGO-512.jpg","width":512,"height":512,"caption":"NOTICIASMERCEDINAS.COM"},"image":{"@id":"https:\/\/noticiasmercedinas.com\/site\/#\/schema\/logo\/image\/"},"sameAs":["https:\/\/www.facebook.com\/noticiasmercedinas\/","https:\/\/x.com\/notmercedinas","https:\/\/www.instagram.com\/noticiasmercedinas\/"]},{"@type":"Person","@id":"https:\/\/noticiasmercedinas.com\/site\/#\/schema\/person\/84b59c099c28ff2e8b77d4ceec5d8063","name":"NOTICIASMERCEDINAS.COM","image":{"@type":"ImageObject","inLanguage":"es","@id":"https:\/\/secure.gravatar.com\/avatar\/4dfbf16b4d17945bfb6341b2d19043457132fcf478a5ee04f42e959fd8f5df0a?s=96&d=mm&r=g","url":"https:\/\/secure.gravatar.com\/avatar\/4dfbf16b4d17945bfb6341b2d19043457132fcf478a5ee04f42e959fd8f5df0a?s=96&d=mm&r=g","contentUrl":"https:\/\/secure.gravatar.com\/avatar\/4dfbf16b4d17945bfb6341b2d19043457132fcf478a5ee04f42e959fd8f5df0a?s=96&d=mm&r=g","caption":"NOTICIASMERCEDINAS.COM"},"url":"https:\/\/noticiasmercedinas.com\/site\/author\/anonimo\/"}]}},"amp_enabled":true,"_links":{"self":[{"href":"https:\/\/noticiasmercedinas.com\/site\/wp-json\/wp\/v2\/posts\/144827","targetHints":{"allow":["GET"]}}],"collection":[{"href":"https:\/\/noticiasmercedinas.com\/site\/wp-json\/wp\/v2\/posts"}],"about":[{"href":"https:\/\/noticiasmercedinas.com\/site\/wp-json\/wp\/v2\/types\/post"}],"author":[{"embeddable":true,"href":"https:\/\/noticiasmercedinas.com\/site\/wp-json\/wp\/v2\/users\/16"}],"replies":[{"embeddable":true,"href":"https:\/\/noticiasmercedinas.com\/site\/wp-json\/wp\/v2\/comments?post=144827"}],"version-history":[{"count":1,"href":"https:\/\/noticiasmercedinas.com\/site\/wp-json\/wp\/v2\/posts\/144827\/revisions"}],"predecessor-version":[{"id":144831,"href":"https:\/\/noticiasmercedinas.com\/site\/wp-json\/wp\/v2\/posts\/144827\/revisions\/144831"}],"wp:featuredmedia":[{"embeddable":true,"href":"https:\/\/noticiasmercedinas.com\/site\/wp-json\/wp\/v2\/media\/144828"}],"wp:attachment":[{"href":"https:\/\/noticiasmercedinas.com\/site\/wp-json\/wp\/v2\/media?parent=144827"}],"wp:term":[{"taxonomy":"category","embeddable":true,"href":"https:\/\/noticiasmercedinas.com\/site\/wp-json\/wp\/v2\/categories?post=144827"},{"taxonomy":"post_tag","embeddable":true,"href":"https:\/\/noticiasmercedinas.com\/site\/wp-json\/wp\/v2\/tags?post=144827"}],"curies":[{"name":"wp","href":"https:\/\/api.w.org\/{rel}","templated":true}]}}