{"id":144890,"date":"2024-09-27T08:46:29","date_gmt":"2024-09-27T11:46:29","guid":{"rendered":"https:\/\/noticiasmercedinas.com\/site\/?p=144890"},"modified":"2024-09-27T08:47:08","modified_gmt":"2024-09-27T11:47:08","slug":"se-presento-la-sexta-edicion-del-festival-de-cerveceros-de-mercedes","status":"publish","type":"post","link":"https:\/\/noticiasmercedinas.com\/site\/2024\/09\/27\/se-presento-la-sexta-edicion-del-festival-de-cerveceros-de-mercedes\/","title":{"rendered":"Se present\u00f3 la sexta edici\u00f3n del Festival de Cerveceros de Mercedes"},"content":{"rendered":"<p><img loading=\"lazy\" decoding=\"async\" class=\"alignnone size-full wp-image-144891\" src=\"https:\/\/noticiasmercedinas.com\/site\/wp-content\/uploads\/2024\/09\/6600-2.jpg\" alt=\"\" width=\"640\" height=\"427\" srcset=\"https:\/\/noticiasmercedinas.com\/site\/wp-content\/uploads\/2024\/09\/6600-2.jpg 640w, https:\/\/noticiasmercedinas.com\/site\/wp-content\/uploads\/2024\/09\/6600-2-300x200.jpg 300w\" sizes=\"auto, (max-width: 640px) 100vw, 640px\" \/><\/p>\n<p>Este jueves por la noche se llev\u00f3 a cabo la presentaci\u00f3n oficial del Festival de Cerveceros de Mercedes 2024, que se realizar\u00e1 el fin de semana del 5 y 6 de octubre en el Parque Municipal Independencia. Durante el evento, abierto al p\u00fablico, los asistentes disfrutaron de juegos y una degustaci\u00f3n de cervezas artesanales junto a los productores locales.<\/p>\n<p>La actividad cont\u00f3 con la participaci\u00f3n del director de Turismo de Mercedes, Francisco Dinova; el productor de 6600, Arturo Puga; y el intendente municipal, Juan Ignacio Ustarroz. Todos destacaron la importancia de este festival, que ya es un cl\u00e1sico de la ciudad, as\u00ed como el trabajo en conjunto entre las distintas \u00e1reas municipales y los cerveceros locales para llevar adelante esta nueva edici\u00f3n.<\/p>\n<p>Dinova expres\u00f3 su agradecimiento a los productores y destac\u00f3 el esfuerzo de todo el equipo municipal, especialmente de las \u00e1reas de cultura, que han trabajado intensamente en la grilla de actividades. \u00abVamos a estar realizando la sexta edici\u00f3n de este festival de cerveceros mercedinos. La cita ser\u00e1 en nuestro hermoso parque municipal, y desde las 11 de la ma\u00f1ana se podr\u00e1 ingresar\u00bb, coment\u00f3. Tambi\u00e9n inform\u00f3 que las entradas anticipadas pueden adquirirse online por $2000, mientras que en puerta tendr\u00e1n un costo de $3000.<\/p>\n<p><img loading=\"lazy\" decoding=\"async\" class=\"alignnone size-full wp-image-144896\" src=\"https:\/\/noticiasmercedinas.com\/site\/wp-content\/uploads\/2024\/09\/SJA_3423.jpg\" alt=\"\" width=\"1319\" height=\"879\" srcset=\"https:\/\/noticiasmercedinas.com\/site\/wp-content\/uploads\/2024\/09\/SJA_3423.jpg 1319w, https:\/\/noticiasmercedinas.com\/site\/wp-content\/uploads\/2024\/09\/SJA_3423-300x200.jpg 300w, https:\/\/noticiasmercedinas.com\/site\/wp-content\/uploads\/2024\/09\/SJA_3423-1024x682.jpg 1024w, https:\/\/noticiasmercedinas.com\/site\/wp-content\/uploads\/2024\/09\/SJA_3423-768x512.jpg 768w, https:\/\/noticiasmercedinas.com\/site\/wp-content\/uploads\/2024\/09\/SJA_3423-640x427.jpg 640w, https:\/\/noticiasmercedinas.com\/site\/wp-content\/uploads\/2024\/09\/SJA_3423-1280x853.jpg 1280w, https:\/\/noticiasmercedinas.com\/site\/wp-content\/uploads\/2024\/09\/SJA_3423-681x454.jpg 681w\" sizes=\"auto, (max-width: 1319px) 100vw, 1319px\" \/><\/p>\n<p>El productor cervecero Arturo Puga, por su parte, resalt\u00f3 la importancia de promover la cerveza artesanal local y generar un ambiente familiar y amigable para que todos los asistentes puedan disfrutar. \u00abEste es un festival diferente, donde trabajamos desde otra din\u00e1mica, con juegos y propuestas para que la gente se divierta y pase un buen rato. Es un ambiente familiar, con amigos, con parejas, para disfrutar, por eso quedan todas y todos invitados\u00bb, se\u00f1al\u00f3.<\/p>\n<p>Finalmente, el intendente Juan Ignacio Ustarroz destac\u00f3 la relevancia del festival no solo como un evento cultural, sino como un espacio para fomentar el trabajo local y fortalecer la comunidad. \u00abCada fiesta es una oportunidad de generar encuentro, promover la cultura y construir comunidad\u00bb, afirm\u00f3 el jefe comunal, quien tambi\u00e9n invit\u00f3 a los vecinos a participar.<\/p>\n<p>El festival contar\u00e1 con una variada oferta de entretenimiento durante ambos d\u00edas. El s\u00e1bado 5 de octubre, la \u00abPe\u00f1a Cervecera\u00bb comenzar\u00e1 a las 13:30 horas con las actuaciones de Los Toreros y Sienvolando. En el escenario principal se presentar\u00e1n Nuevo Ser, Amarilys y Los Fabulosos, seguidos por DJ Santi Maraio, Nocierto, La Reina Carlos, Cumbia Pika, Mil Karasm, DJ Lemon y La Revoltosa en el fog\u00f3n.<\/p>\n<p>El domingo 6 de octubre, la pe\u00f1a continuar\u00e1 con La Trastocada y Gambo. A lo largo del d\u00eda se sumar\u00e1n 7-Gotas, Little C4, Doze Lve, 04 Timeless, Joaco Kt Serendipia Crew, Antibi\u00f3ticos, Se\u00f1orita Miel, La Sistifor, La Gran Lady y V\u00edctor Narando en el fog\u00f3n.<\/p>\n<p>Este festival se ha consolidado como uno de los eventos m\u00e1s esperados del calendario mercedino, ofreciendo una propuesta \u00fanica que combina gastronom\u00eda, cerveza artesanal, m\u00fasica en vivo y actividades para toda la familia.<\/p>\n<p><img loading=\"lazy\" decoding=\"async\" class=\"alignnone size-full wp-image-144892\" src=\"https:\/\/noticiasmercedinas.com\/site\/wp-content\/uploads\/2024\/09\/6600-1.jpg\" alt=\"\" width=\"640\" height=\"427\" srcset=\"https:\/\/noticiasmercedinas.com\/site\/wp-content\/uploads\/2024\/09\/6600-1.jpg 640w, https:\/\/noticiasmercedinas.com\/site\/wp-content\/uploads\/2024\/09\/6600-1-300x200.jpg 300w\" sizes=\"auto, (max-width: 640px) 100vw, 640px\" \/><\/p>\n","protected":false},"excerpt":{"rendered":"<p>\u25a0 Se har\u00e1 los d\u00edas 5 y 6 de octubre. Una propuesta \u00fanica que combina gastronom\u00eda, cerveza artesanal, m\u00fasica en vivo y actividades para toda la familia. Las entradas anticipadas pueden adquirirse online<\/p>\n","protected":false},"author":16,"featured_media":144891,"comment_status":"closed","ping_status":"closed","sticky":false,"template":"","format":"standard","meta":{"footnotes":""},"categories":[3],"tags":[999,6671,33],"class_list":["post-144890","post","type-post","status-publish","format-standard","has-post-thumbnail","hentry","category-sociedad","tag-999","tag-festival-de-cerveceros","tag-turismo"],"yoast_head":"<!-- This site is optimized with the Yoast SEO plugin v27.5 - https:\/\/yoast.com\/product\/yoast-seo-wordpress\/ -->\n<title>Se present\u00f3 la sexta edici\u00f3n del Festival de Cerveceros de Mercedes<\/title>\n<meta name=\"robots\" content=\"index, follow, max-snippet:-1, max-image-preview:large, max-video-preview:-1\" \/>\n<link rel=\"canonical\" href=\"https:\/\/noticiasmercedinas.com\/site\/2024\/09\/27\/se-presento-la-sexta-edicion-del-festival-de-cerveceros-de-mercedes\/\" \/>\n<meta property=\"og:locale\" content=\"es_ES\" \/>\n<meta property=\"og:type\" content=\"article\" \/>\n<meta property=\"og:title\" content=\"Se present\u00f3 la sexta edici\u00f3n del Festival de Cerveceros de Mercedes\" \/>\n<meta property=\"og:description\" content=\"\u25a0 Se har\u00e1 los d\u00edas 5 y 6 de octubre. Una propuesta \u00fanica que combina gastronom\u00eda, cerveza artesanal, m\u00fasica en vivo y actividades para toda la familia. Las entradas anticipadas pueden adquirirse online\" \/>\n<meta property=\"og:url\" content=\"https:\/\/noticiasmercedinas.com\/site\/2024\/09\/27\/se-presento-la-sexta-edicion-del-festival-de-cerveceros-de-mercedes\/\" \/>\n<meta property=\"og:site_name\" content=\"NOTICIASMERCEDINAS.COM\" \/>\n<meta property=\"article:publisher\" content=\"https:\/\/www.facebook.com\/noticiasmercedinas\/\" \/>\n<meta property=\"article:published_time\" content=\"2024-09-27T11:46:29+00:00\" \/>\n<meta property=\"article:modified_time\" content=\"2024-09-27T11:47:08+00:00\" \/>\n<meta property=\"og:image\" content=\"https:\/\/noticiasmercedinas.com\/site\/wp-content\/uploads\/2024\/09\/6600-2.jpg\" \/>\n\t<meta property=\"og:image:width\" content=\"640\" \/>\n\t<meta property=\"og:image:height\" content=\"427\" \/>\n\t<meta property=\"og:image:type\" content=\"image\/jpeg\" \/>\n<meta name=\"author\" content=\"NOTICIASMERCEDINAS.COM\" \/>\n<meta name=\"twitter:card\" content=\"summary_large_image\" \/>\n<meta name=\"twitter:creator\" content=\"@notmercedinas\" \/>\n<meta name=\"twitter:site\" content=\"@notmercedinas\" \/>\n<meta name=\"twitter:label1\" content=\"Escrito por\" \/>\n\t<meta name=\"twitter:data1\" content=\"NOTICIASMERCEDINAS.COM\" \/>\n\t<meta name=\"twitter:label2\" content=\"Tiempo de lectura\" \/>\n\t<meta name=\"twitter:data2\" content=\"2 minutos\" \/>\n<script type=\"application\/ld+json\" class=\"yoast-schema-graph\">{\"@context\":\"https:\\\/\\\/schema.org\",\"@graph\":[{\"@type\":\"Article\",\"@id\":\"https:\\\/\\\/noticiasmercedinas.com\\\/site\\\/2024\\\/09\\\/27\\\/se-presento-la-sexta-edicion-del-festival-de-cerveceros-de-mercedes\\\/#article\",\"isPartOf\":{\"@id\":\"https:\\\/\\\/noticiasmercedinas.com\\\/site\\\/2024\\\/09\\\/27\\\/se-presento-la-sexta-edicion-del-festival-de-cerveceros-de-mercedes\\\/\"},\"author\":{\"name\":\"NOTICIASMERCEDINAS.COM\",\"@id\":\"https:\\\/\\\/noticiasmercedinas.com\\\/site\\\/#\\\/schema\\\/person\\\/84b59c099c28ff2e8b77d4ceec5d8063\"},\"headline\":\"Se present\u00f3 la sexta edici\u00f3n del Festival de Cerveceros de Mercedes\",\"datePublished\":\"2024-09-27T11:46:29+00:00\",\"dateModified\":\"2024-09-27T11:47:08+00:00\",\"mainEntityOfPage\":{\"@id\":\"https:\\\/\\\/noticiasmercedinas.com\\\/site\\\/2024\\\/09\\\/27\\\/se-presento-la-sexta-edicion-del-festival-de-cerveceros-de-mercedes\\\/\"},\"wordCount\":508,\"publisher\":{\"@id\":\"https:\\\/\\\/noticiasmercedinas.com\\\/site\\\/#organization\"},\"image\":{\"@id\":\"https:\\\/\\\/noticiasmercedinas.com\\\/site\\\/2024\\\/09\\\/27\\\/se-presento-la-sexta-edicion-del-festival-de-cerveceros-de-mercedes\\\/#primaryimage\"},\"thumbnailUrl\":\"https:\\\/\\\/noticiasmercedinas.com\\\/site\\\/wp-content\\\/uploads\\\/2024\\\/09\\\/6600-2.jpg\",\"keywords\":[\"6600\",\"festival de Cerveceros\",\"turismo\"],\"articleSection\":[\"Sociedad\"],\"inLanguage\":\"es\"},{\"@type\":\"WebPage\",\"@id\":\"https:\\\/\\\/noticiasmercedinas.com\\\/site\\\/2024\\\/09\\\/27\\\/se-presento-la-sexta-edicion-del-festival-de-cerveceros-de-mercedes\\\/\",\"url\":\"https:\\\/\\\/noticiasmercedinas.com\\\/site\\\/2024\\\/09\\\/27\\\/se-presento-la-sexta-edicion-del-festival-de-cerveceros-de-mercedes\\\/\",\"name\":\"Se present\u00f3 la sexta edici\u00f3n del Festival de Cerveceros de Mercedes\",\"isPartOf\":{\"@id\":\"https:\\\/\\\/noticiasmercedinas.com\\\/site\\\/#website\"},\"primaryImageOfPage\":{\"@id\":\"https:\\\/\\\/noticiasmercedinas.com\\\/site\\\/2024\\\/09\\\/27\\\/se-presento-la-sexta-edicion-del-festival-de-cerveceros-de-mercedes\\\/#primaryimage\"},\"image\":{\"@id\":\"https:\\\/\\\/noticiasmercedinas.com\\\/site\\\/2024\\\/09\\\/27\\\/se-presento-la-sexta-edicion-del-festival-de-cerveceros-de-mercedes\\\/#primaryimage\"},\"thumbnailUrl\":\"https:\\\/\\\/noticiasmercedinas.com\\\/site\\\/wp-content\\\/uploads\\\/2024\\\/09\\\/6600-2.jpg\",\"datePublished\":\"2024-09-27T11:46:29+00:00\",\"dateModified\":\"2024-09-27T11:47:08+00:00\",\"breadcrumb\":{\"@id\":\"https:\\\/\\\/noticiasmercedinas.com\\\/site\\\/2024\\\/09\\\/27\\\/se-presento-la-sexta-edicion-del-festival-de-cerveceros-de-mercedes\\\/#breadcrumb\"},\"inLanguage\":\"es\",\"potentialAction\":[{\"@type\":\"ReadAction\",\"target\":[\"https:\\\/\\\/noticiasmercedinas.com\\\/site\\\/2024\\\/09\\\/27\\\/se-presento-la-sexta-edicion-del-festival-de-cerveceros-de-mercedes\\\/\"]}]},{\"@type\":\"ImageObject\",\"inLanguage\":\"es\",\"@id\":\"https:\\\/\\\/noticiasmercedinas.com\\\/site\\\/2024\\\/09\\\/27\\\/se-presento-la-sexta-edicion-del-festival-de-cerveceros-de-mercedes\\\/#primaryimage\",\"url\":\"https:\\\/\\\/noticiasmercedinas.com\\\/site\\\/wp-content\\\/uploads\\\/2024\\\/09\\\/6600-2.jpg\",\"contentUrl\":\"https:\\\/\\\/noticiasmercedinas.com\\\/site\\\/wp-content\\\/uploads\\\/2024\\\/09\\\/6600-2.jpg\",\"width\":640,\"height\":427},{\"@type\":\"BreadcrumbList\",\"@id\":\"https:\\\/\\\/noticiasmercedinas.com\\\/site\\\/2024\\\/09\\\/27\\\/se-presento-la-sexta-edicion-del-festival-de-cerveceros-de-mercedes\\\/#breadcrumb\",\"itemListElement\":[{\"@type\":\"ListItem\",\"position\":1,\"name\":\"Portada\",\"item\":\"https:\\\/\\\/noticiasmercedinas.com\\\/site\\\/\"},{\"@type\":\"ListItem\",\"position\":2,\"name\":\"Se present\u00f3 la sexta edici\u00f3n del Festival de Cerveceros de Mercedes\"}]},{\"@type\":\"WebSite\",\"@id\":\"https:\\\/\\\/noticiasmercedinas.com\\\/site\\\/#website\",\"url\":\"https:\\\/\\\/noticiasmercedinas.com\\\/site\\\/\",\"name\":\"NOTICIASMERCEDINAS.COM\",\"description\":\"Mercedes, Buenos Aires, Argentina\",\"publisher\":{\"@id\":\"https:\\\/\\\/noticiasmercedinas.com\\\/site\\\/#organization\"},\"potentialAction\":[{\"@type\":\"SearchAction\",\"target\":{\"@type\":\"EntryPoint\",\"urlTemplate\":\"https:\\\/\\\/noticiasmercedinas.com\\\/site\\\/?s={search_term_string}\"},\"query-input\":{\"@type\":\"PropertyValueSpecification\",\"valueRequired\":true,\"valueName\":\"search_term_string\"}}],\"inLanguage\":\"es\"},{\"@type\":\"Organization\",\"@id\":\"https:\\\/\\\/noticiasmercedinas.com\\\/site\\\/#organization\",\"name\":\"NOTICIASMERCEDINAS.COM\",\"url\":\"https:\\\/\\\/noticiasmercedinas.com\\\/site\\\/\",\"logo\":{\"@type\":\"ImageObject\",\"inLanguage\":\"es\",\"@id\":\"https:\\\/\\\/noticiasmercedinas.com\\\/site\\\/#\\\/schema\\\/logo\\\/image\\\/\",\"url\":\"https:\\\/\\\/noticiasmercedinas.com\\\/site\\\/wp-content\\\/uploads\\\/2020\\\/06\\\/LOGO-512.jpg\",\"contentUrl\":\"https:\\\/\\\/noticiasmercedinas.com\\\/site\\\/wp-content\\\/uploads\\\/2020\\\/06\\\/LOGO-512.jpg\",\"width\":512,\"height\":512,\"caption\":\"NOTICIASMERCEDINAS.COM\"},\"image\":{\"@id\":\"https:\\\/\\\/noticiasmercedinas.com\\\/site\\\/#\\\/schema\\\/logo\\\/image\\\/\"},\"sameAs\":[\"https:\\\/\\\/www.facebook.com\\\/noticiasmercedinas\\\/\",\"https:\\\/\\\/x.com\\\/notmercedinas\",\"https:\\\/\\\/www.instagram.com\\\/noticiasmercedinas\\\/\"]},{\"@type\":\"Person\",\"@id\":\"https:\\\/\\\/noticiasmercedinas.com\\\/site\\\/#\\\/schema\\\/person\\\/84b59c099c28ff2e8b77d4ceec5d8063\",\"name\":\"NOTICIASMERCEDINAS.COM\",\"image\":{\"@type\":\"ImageObject\",\"inLanguage\":\"es\",\"@id\":\"https:\\\/\\\/secure.gravatar.com\\\/avatar\\\/4dfbf16b4d17945bfb6341b2d19043457132fcf478a5ee04f42e959fd8f5df0a?s=96&d=mm&r=g\",\"url\":\"https:\\\/\\\/secure.gravatar.com\\\/avatar\\\/4dfbf16b4d17945bfb6341b2d19043457132fcf478a5ee04f42e959fd8f5df0a?s=96&d=mm&r=g\",\"contentUrl\":\"https:\\\/\\\/secure.gravatar.com\\\/avatar\\\/4dfbf16b4d17945bfb6341b2d19043457132fcf478a5ee04f42e959fd8f5df0a?s=96&d=mm&r=g\",\"caption\":\"NOTICIASMERCEDINAS.COM\"},\"url\":\"https:\\\/\\\/noticiasmercedinas.com\\\/site\\\/author\\\/anonimo\\\/\"}]}<\/script>\n<!-- \/ Yoast SEO plugin. -->","yoast_head_json":{"title":"Se present\u00f3 la sexta edici\u00f3n del Festival de Cerveceros de Mercedes","robots":{"index":"index","follow":"follow","max-snippet":"max-snippet:-1","max-image-preview":"max-image-preview:large","max-video-preview":"max-video-preview:-1"},"canonical":"https:\/\/noticiasmercedinas.com\/site\/2024\/09\/27\/se-presento-la-sexta-edicion-del-festival-de-cerveceros-de-mercedes\/","og_locale":"es_ES","og_type":"article","og_title":"Se present\u00f3 la sexta edici\u00f3n del Festival de Cerveceros de Mercedes","og_description":"\u25a0 Se har\u00e1 los d\u00edas 5 y 6 de octubre. Una propuesta \u00fanica que combina gastronom\u00eda, cerveza artesanal, m\u00fasica en vivo y actividades para toda la familia. Las entradas anticipadas pueden adquirirse online","og_url":"https:\/\/noticiasmercedinas.com\/site\/2024\/09\/27\/se-presento-la-sexta-edicion-del-festival-de-cerveceros-de-mercedes\/","og_site_name":"NOTICIASMERCEDINAS.COM","article_publisher":"https:\/\/www.facebook.com\/noticiasmercedinas\/","article_published_time":"2024-09-27T11:46:29+00:00","article_modified_time":"2024-09-27T11:47:08+00:00","og_image":[{"width":640,"height":427,"url":"https:\/\/noticiasmercedinas.com\/site\/wp-content\/uploads\/2024\/09\/6600-2.jpg","type":"image\/jpeg"}],"author":"NOTICIASMERCEDINAS.COM","twitter_card":"summary_large_image","twitter_creator":"@notmercedinas","twitter_site":"@notmercedinas","twitter_misc":{"Escrito por":"NOTICIASMERCEDINAS.COM","Tiempo de lectura":"2 minutos"},"schema":{"@context":"https:\/\/schema.org","@graph":[{"@type":"Article","@id":"https:\/\/noticiasmercedinas.com\/site\/2024\/09\/27\/se-presento-la-sexta-edicion-del-festival-de-cerveceros-de-mercedes\/#article","isPartOf":{"@id":"https:\/\/noticiasmercedinas.com\/site\/2024\/09\/27\/se-presento-la-sexta-edicion-del-festival-de-cerveceros-de-mercedes\/"},"author":{"name":"NOTICIASMERCEDINAS.COM","@id":"https:\/\/noticiasmercedinas.com\/site\/#\/schema\/person\/84b59c099c28ff2e8b77d4ceec5d8063"},"headline":"Se present\u00f3 la sexta edici\u00f3n del Festival de Cerveceros de Mercedes","datePublished":"2024-09-27T11:46:29+00:00","dateModified":"2024-09-27T11:47:08+00:00","mainEntityOfPage":{"@id":"https:\/\/noticiasmercedinas.com\/site\/2024\/09\/27\/se-presento-la-sexta-edicion-del-festival-de-cerveceros-de-mercedes\/"},"wordCount":508,"publisher":{"@id":"https:\/\/noticiasmercedinas.com\/site\/#organization"},"image":{"@id":"https:\/\/noticiasmercedinas.com\/site\/2024\/09\/27\/se-presento-la-sexta-edicion-del-festival-de-cerveceros-de-mercedes\/#primaryimage"},"thumbnailUrl":"https:\/\/noticiasmercedinas.com\/site\/wp-content\/uploads\/2024\/09\/6600-2.jpg","keywords":["6600","festival de Cerveceros","turismo"],"articleSection":["Sociedad"],"inLanguage":"es"},{"@type":"WebPage","@id":"https:\/\/noticiasmercedinas.com\/site\/2024\/09\/27\/se-presento-la-sexta-edicion-del-festival-de-cerveceros-de-mercedes\/","url":"https:\/\/noticiasmercedinas.com\/site\/2024\/09\/27\/se-presento-la-sexta-edicion-del-festival-de-cerveceros-de-mercedes\/","name":"Se present\u00f3 la sexta edici\u00f3n del Festival de Cerveceros de Mercedes","isPartOf":{"@id":"https:\/\/noticiasmercedinas.com\/site\/#website"},"primaryImageOfPage":{"@id":"https:\/\/noticiasmercedinas.com\/site\/2024\/09\/27\/se-presento-la-sexta-edicion-del-festival-de-cerveceros-de-mercedes\/#primaryimage"},"image":{"@id":"https:\/\/noticiasmercedinas.com\/site\/2024\/09\/27\/se-presento-la-sexta-edicion-del-festival-de-cerveceros-de-mercedes\/#primaryimage"},"thumbnailUrl":"https:\/\/noticiasmercedinas.com\/site\/wp-content\/uploads\/2024\/09\/6600-2.jpg","datePublished":"2024-09-27T11:46:29+00:00","dateModified":"2024-09-27T11:47:08+00:00","breadcrumb":{"@id":"https:\/\/noticiasmercedinas.com\/site\/2024\/09\/27\/se-presento-la-sexta-edicion-del-festival-de-cerveceros-de-mercedes\/#breadcrumb"},"inLanguage":"es","potentialAction":[{"@type":"ReadAction","target":["https:\/\/noticiasmercedinas.com\/site\/2024\/09\/27\/se-presento-la-sexta-edicion-del-festival-de-cerveceros-de-mercedes\/"]}]},{"@type":"ImageObject","inLanguage":"es","@id":"https:\/\/noticiasmercedinas.com\/site\/2024\/09\/27\/se-presento-la-sexta-edicion-del-festival-de-cerveceros-de-mercedes\/#primaryimage","url":"https:\/\/noticiasmercedinas.com\/site\/wp-content\/uploads\/2024\/09\/6600-2.jpg","contentUrl":"https:\/\/noticiasmercedinas.com\/site\/wp-content\/uploads\/2024\/09\/6600-2.jpg","width":640,"height":427},{"@type":"BreadcrumbList","@id":"https:\/\/noticiasmercedinas.com\/site\/2024\/09\/27\/se-presento-la-sexta-edicion-del-festival-de-cerveceros-de-mercedes\/#breadcrumb","itemListElement":[{"@type":"ListItem","position":1,"name":"Portada","item":"https:\/\/noticiasmercedinas.com\/site\/"},{"@type":"ListItem","position":2,"name":"Se present\u00f3 la sexta edici\u00f3n del Festival de Cerveceros de Mercedes"}]},{"@type":"WebSite","@id":"https:\/\/noticiasmercedinas.com\/site\/#website","url":"https:\/\/noticiasmercedinas.com\/site\/","name":"NOTICIASMERCEDINAS.COM","description":"Mercedes, Buenos Aires, Argentina","publisher":{"@id":"https:\/\/noticiasmercedinas.com\/site\/#organization"},"potentialAction":[{"@type":"SearchAction","target":{"@type":"EntryPoint","urlTemplate":"https:\/\/noticiasmercedinas.com\/site\/?s={search_term_string}"},"query-input":{"@type":"PropertyValueSpecification","valueRequired":true,"valueName":"search_term_string"}}],"inLanguage":"es"},{"@type":"Organization","@id":"https:\/\/noticiasmercedinas.com\/site\/#organization","name":"NOTICIASMERCEDINAS.COM","url":"https:\/\/noticiasmercedinas.com\/site\/","logo":{"@type":"ImageObject","inLanguage":"es","@id":"https:\/\/noticiasmercedinas.com\/site\/#\/schema\/logo\/image\/","url":"https:\/\/noticiasmercedinas.com\/site\/wp-content\/uploads\/2020\/06\/LOGO-512.jpg","contentUrl":"https:\/\/noticiasmercedinas.com\/site\/wp-content\/uploads\/2020\/06\/LOGO-512.jpg","width":512,"height":512,"caption":"NOTICIASMERCEDINAS.COM"},"image":{"@id":"https:\/\/noticiasmercedinas.com\/site\/#\/schema\/logo\/image\/"},"sameAs":["https:\/\/www.facebook.com\/noticiasmercedinas\/","https:\/\/x.com\/notmercedinas","https:\/\/www.instagram.com\/noticiasmercedinas\/"]},{"@type":"Person","@id":"https:\/\/noticiasmercedinas.com\/site\/#\/schema\/person\/84b59c099c28ff2e8b77d4ceec5d8063","name":"NOTICIASMERCEDINAS.COM","image":{"@type":"ImageObject","inLanguage":"es","@id":"https:\/\/secure.gravatar.com\/avatar\/4dfbf16b4d17945bfb6341b2d19043457132fcf478a5ee04f42e959fd8f5df0a?s=96&d=mm&r=g","url":"https:\/\/secure.gravatar.com\/avatar\/4dfbf16b4d17945bfb6341b2d19043457132fcf478a5ee04f42e959fd8f5df0a?s=96&d=mm&r=g","contentUrl":"https:\/\/secure.gravatar.com\/avatar\/4dfbf16b4d17945bfb6341b2d19043457132fcf478a5ee04f42e959fd8f5df0a?s=96&d=mm&r=g","caption":"NOTICIASMERCEDINAS.COM"},"url":"https:\/\/noticiasmercedinas.com\/site\/author\/anonimo\/"}]}},"amp_enabled":true,"_links":{"self":[{"href":"https:\/\/noticiasmercedinas.com\/site\/wp-json\/wp\/v2\/posts\/144890","targetHints":{"allow":["GET"]}}],"collection":[{"href":"https:\/\/noticiasmercedinas.com\/site\/wp-json\/wp\/v2\/posts"}],"about":[{"href":"https:\/\/noticiasmercedinas.com\/site\/wp-json\/wp\/v2\/types\/post"}],"author":[{"embeddable":true,"href":"https:\/\/noticiasmercedinas.com\/site\/wp-json\/wp\/v2\/users\/16"}],"replies":[{"embeddable":true,"href":"https:\/\/noticiasmercedinas.com\/site\/wp-json\/wp\/v2\/comments?post=144890"}],"version-history":[{"count":4,"href":"https:\/\/noticiasmercedinas.com\/site\/wp-json\/wp\/v2\/posts\/144890\/revisions"}],"predecessor-version":[{"id":144897,"href":"https:\/\/noticiasmercedinas.com\/site\/wp-json\/wp\/v2\/posts\/144890\/revisions\/144897"}],"wp:featuredmedia":[{"embeddable":true,"href":"https:\/\/noticiasmercedinas.com\/site\/wp-json\/wp\/v2\/media\/144891"}],"wp:attachment":[{"href":"https:\/\/noticiasmercedinas.com\/site\/wp-json\/wp\/v2\/media?parent=144890"}],"wp:term":[{"taxonomy":"category","embeddable":true,"href":"https:\/\/noticiasmercedinas.com\/site\/wp-json\/wp\/v2\/categories?post=144890"},{"taxonomy":"post_tag","embeddable":true,"href":"https:\/\/noticiasmercedinas.com\/site\/wp-json\/wp\/v2\/tags?post=144890"}],"curies":[{"name":"wp","href":"https:\/\/api.w.org\/{rel}","templated":true}]}}