{"id":144912,"date":"2024-09-27T17:11:16","date_gmt":"2024-09-27T20:11:16","guid":{"rendered":"https:\/\/noticiasmercedinas.com\/site\/?p=144912"},"modified":"2024-09-27T17:11:16","modified_gmt":"2024-09-27T20:11:16","slug":"tragico-accidente-en-la-ruta-5-un-fallecido-tras-la-colision-entre-una-camioneta-y-un-camion","status":"publish","type":"post","link":"https:\/\/noticiasmercedinas.com\/site\/2024\/09\/27\/tragico-accidente-en-la-ruta-5-un-fallecido-tras-la-colision-entre-una-camioneta-y-un-camion\/","title":{"rendered":"Tr\u00e1gico accidente en la Ruta 5: un fallecido tras la colisi\u00f3n entre una camioneta y un cami\u00f3n"},"content":{"rendered":"<p><img loading=\"lazy\" decoding=\"async\" class=\"alignnone size-full wp-image-144913\" src=\"https:\/\/noticiasmercedinas.com\/site\/wp-content\/uploads\/2024\/09\/a36b0cf4-7065-45bd-9a5f-f0f2ff20d878.jpg\" alt=\"\" width=\"1600\" height=\"900\" srcset=\"https:\/\/noticiasmercedinas.com\/site\/wp-content\/uploads\/2024\/09\/a36b0cf4-7065-45bd-9a5f-f0f2ff20d878.jpg 1600w, https:\/\/noticiasmercedinas.com\/site\/wp-content\/uploads\/2024\/09\/a36b0cf4-7065-45bd-9a5f-f0f2ff20d878-300x169.jpg 300w, https:\/\/noticiasmercedinas.com\/site\/wp-content\/uploads\/2024\/09\/a36b0cf4-7065-45bd-9a5f-f0f2ff20d878-1024x576.jpg 1024w, https:\/\/noticiasmercedinas.com\/site\/wp-content\/uploads\/2024\/09\/a36b0cf4-7065-45bd-9a5f-f0f2ff20d878-768x432.jpg 768w, https:\/\/noticiasmercedinas.com\/site\/wp-content\/uploads\/2024\/09\/a36b0cf4-7065-45bd-9a5f-f0f2ff20d878-1536x864.jpg 1536w, https:\/\/noticiasmercedinas.com\/site\/wp-content\/uploads\/2024\/09\/a36b0cf4-7065-45bd-9a5f-f0f2ff20d878-640x360.jpg 640w, https:\/\/noticiasmercedinas.com\/site\/wp-content\/uploads\/2024\/09\/a36b0cf4-7065-45bd-9a5f-f0f2ff20d878-1280x720.jpg 1280w, https:\/\/noticiasmercedinas.com\/site\/wp-content\/uploads\/2024\/09\/a36b0cf4-7065-45bd-9a5f-f0f2ff20d878-681x383.jpg 681w, https:\/\/noticiasmercedinas.com\/site\/wp-content\/uploads\/2024\/09\/a36b0cf4-7065-45bd-9a5f-f0f2ff20d878-1362x766.jpg 1362w\" sizes=\"auto, (max-width: 1600px) 100vw, 1600px\" \/><\/p>\n<p>La Ruta Nacional 5 fue escenario de un nuevo y tr\u00e1gico accidente en la ma\u00f1ana de este viernes, dejando como saldo una persona fallecida.<\/p>\n<p>El siniestro vial ocurri\u00f3 a la altura del kil\u00f3metro 127, cerca de la localidad de Suipacha, cuando una camioneta Volkswagen Amarok impact\u00f3 contra un cami\u00f3n.<\/p>\n<p>El conductor de la camioneta perdi\u00f3 la vida en el lugar, mientras que el chofer del cami\u00f3n result\u00f3 ileso.<\/p>\n<p>Seg\u00fan informaron las autoridades, la ruta qued\u00f3 completamente cortada tras el choque, lo que gener\u00f3 demoras en el tr\u00e1nsito mientras los equipos de emergencia trabajaban en el lugar.<\/p>\n<p>Polic\u00eda y personal de emergencia locales se trasladaron r\u00e1pidamente al sitio del accidente tras recibir la alerta.<\/p>\n<p>A\u00fan se investigan las causas del siniestro que enlut\u00f3 nuevamente a quienes transitan por esta v\u00eda clave del corredor oeste de la provincia de Buenos Aires.<\/p>\n<p><img loading=\"lazy\" decoding=\"async\" class=\"alignnone size-full wp-image-144914\" src=\"https:\/\/noticiasmercedinas.com\/site\/wp-content\/uploads\/2024\/09\/535ed3a7-d1d1-40f6-ba21-9b167c924fdc.jpg\" alt=\"\" width=\"1600\" height=\"900\" srcset=\"https:\/\/noticiasmercedinas.com\/site\/wp-content\/uploads\/2024\/09\/535ed3a7-d1d1-40f6-ba21-9b167c924fdc.jpg 1600w, https:\/\/noticiasmercedinas.com\/site\/wp-content\/uploads\/2024\/09\/535ed3a7-d1d1-40f6-ba21-9b167c924fdc-300x169.jpg 300w, https:\/\/noticiasmercedinas.com\/site\/wp-content\/uploads\/2024\/09\/535ed3a7-d1d1-40f6-ba21-9b167c924fdc-1024x576.jpg 1024w, https:\/\/noticiasmercedinas.com\/site\/wp-content\/uploads\/2024\/09\/535ed3a7-d1d1-40f6-ba21-9b167c924fdc-768x432.jpg 768w, https:\/\/noticiasmercedinas.com\/site\/wp-content\/uploads\/2024\/09\/535ed3a7-d1d1-40f6-ba21-9b167c924fdc-1536x864.jpg 1536w, https:\/\/noticiasmercedinas.com\/site\/wp-content\/uploads\/2024\/09\/535ed3a7-d1d1-40f6-ba21-9b167c924fdc-640x360.jpg 640w, https:\/\/noticiasmercedinas.com\/site\/wp-content\/uploads\/2024\/09\/535ed3a7-d1d1-40f6-ba21-9b167c924fdc-1280x720.jpg 1280w, https:\/\/noticiasmercedinas.com\/site\/wp-content\/uploads\/2024\/09\/535ed3a7-d1d1-40f6-ba21-9b167c924fdc-681x383.jpg 681w, https:\/\/noticiasmercedinas.com\/site\/wp-content\/uploads\/2024\/09\/535ed3a7-d1d1-40f6-ba21-9b167c924fdc-1362x766.jpg 1362w\" sizes=\"auto, (max-width: 1600px) 100vw, 1600px\" \/><\/p>\n","protected":false},"excerpt":{"rendered":"<p>\u25a0 Polic\u00eda y personal de emergencia locales se trasladaron r\u00e1pidamente al sitio del accidente tras recibir la alerta y cortaron la ruta. El conductor de la camioneta perdi\u00f3 la vida<\/p>\n","protected":false},"author":16,"featured_media":144913,"comment_status":"closed","ping_status":"closed","sticky":false,"template":"","format":"standard","meta":{"footnotes":""},"categories":[7],"tags":[6413,665],"class_list":["post-144912","post","type-post","status-publish","format-standard","has-post-thumbnail","hentry","category-policiales","tag-choque","tag-ruta-5"],"yoast_head":"<!-- This site is optimized with the Yoast SEO plugin v27.4 - https:\/\/yoast.com\/product\/yoast-seo-wordpress\/ -->\n<title>Tr\u00e1gico accidente en la Ruta 5: un fallecido tras la colisi\u00f3n entre una camioneta y un cami\u00f3n<\/title>\n<meta name=\"robots\" content=\"index, follow, max-snippet:-1, max-image-preview:large, max-video-preview:-1\" \/>\n<link rel=\"canonical\" href=\"https:\/\/noticiasmercedinas.com\/site\/2024\/09\/27\/tragico-accidente-en-la-ruta-5-un-fallecido-tras-la-colision-entre-una-camioneta-y-un-camion\/\" \/>\n<meta property=\"og:locale\" content=\"es_ES\" \/>\n<meta property=\"og:type\" content=\"article\" \/>\n<meta property=\"og:title\" content=\"Tr\u00e1gico accidente en la Ruta 5: un fallecido tras la colisi\u00f3n entre una camioneta y un cami\u00f3n\" \/>\n<meta property=\"og:description\" content=\"\u25a0 Polic\u00eda y personal de emergencia locales se trasladaron r\u00e1pidamente al sitio del accidente tras recibir la alerta y cortaron la ruta. El conductor de la camioneta perdi\u00f3 la vida\" \/>\n<meta property=\"og:url\" content=\"https:\/\/noticiasmercedinas.com\/site\/2024\/09\/27\/tragico-accidente-en-la-ruta-5-un-fallecido-tras-la-colision-entre-una-camioneta-y-un-camion\/\" \/>\n<meta property=\"og:site_name\" content=\"NOTICIASMERCEDINAS.COM\" \/>\n<meta property=\"article:publisher\" content=\"https:\/\/www.facebook.com\/noticiasmercedinas\/\" \/>\n<meta property=\"article:published_time\" content=\"2024-09-27T20:11:16+00:00\" \/>\n<meta property=\"og:image\" content=\"https:\/\/noticiasmercedinas.com\/site\/wp-content\/uploads\/2024\/09\/a36b0cf4-7065-45bd-9a5f-f0f2ff20d878.jpg\" \/>\n\t<meta property=\"og:image:width\" content=\"1600\" \/>\n\t<meta property=\"og:image:height\" content=\"900\" \/>\n\t<meta property=\"og:image:type\" content=\"image\/jpeg\" \/>\n<meta name=\"author\" content=\"NOTICIASMERCEDINAS.COM\" \/>\n<meta name=\"twitter:card\" content=\"summary_large_image\" \/>\n<meta name=\"twitter:creator\" content=\"@notmercedinas\" \/>\n<meta name=\"twitter:site\" content=\"@notmercedinas\" \/>\n<meta name=\"twitter:label1\" content=\"Escrito por\" \/>\n\t<meta name=\"twitter:data1\" content=\"NOTICIASMERCEDINAS.COM\" \/>\n\t<meta name=\"twitter:label2\" content=\"Tiempo de lectura\" \/>\n\t<meta name=\"twitter:data2\" content=\"1 minuto\" \/>\n<script type=\"application\/ld+json\" class=\"yoast-schema-graph\">{\"@context\":\"https:\\\/\\\/schema.org\",\"@graph\":[{\"@type\":\"Article\",\"@id\":\"https:\\\/\\\/noticiasmercedinas.com\\\/site\\\/2024\\\/09\\\/27\\\/tragico-accidente-en-la-ruta-5-un-fallecido-tras-la-colision-entre-una-camioneta-y-un-camion\\\/#article\",\"isPartOf\":{\"@id\":\"https:\\\/\\\/noticiasmercedinas.com\\\/site\\\/2024\\\/09\\\/27\\\/tragico-accidente-en-la-ruta-5-un-fallecido-tras-la-colision-entre-una-camioneta-y-un-camion\\\/\"},\"author\":{\"name\":\"NOTICIASMERCEDINAS.COM\",\"@id\":\"https:\\\/\\\/noticiasmercedinas.com\\\/site\\\/#\\\/schema\\\/person\\\/84b59c099c28ff2e8b77d4ceec5d8063\"},\"headline\":\"Tr\u00e1gico accidente en la Ruta 5: un fallecido tras la colisi\u00f3n entre una camioneta y un cami\u00f3n\",\"datePublished\":\"2024-09-27T20:11:16+00:00\",\"mainEntityOfPage\":{\"@id\":\"https:\\\/\\\/noticiasmercedinas.com\\\/site\\\/2024\\\/09\\\/27\\\/tragico-accidente-en-la-ruta-5-un-fallecido-tras-la-colision-entre-una-camioneta-y-un-camion\\\/\"},\"wordCount\":167,\"publisher\":{\"@id\":\"https:\\\/\\\/noticiasmercedinas.com\\\/site\\\/#organization\"},\"image\":{\"@id\":\"https:\\\/\\\/noticiasmercedinas.com\\\/site\\\/2024\\\/09\\\/27\\\/tragico-accidente-en-la-ruta-5-un-fallecido-tras-la-colision-entre-una-camioneta-y-un-camion\\\/#primaryimage\"},\"thumbnailUrl\":\"https:\\\/\\\/noticiasmercedinas.com\\\/site\\\/wp-content\\\/uploads\\\/2024\\\/09\\\/a36b0cf4-7065-45bd-9a5f-f0f2ff20d878.jpg\",\"keywords\":[\"choque\",\"ruta 5\"],\"articleSection\":[\"Seguridad\"],\"inLanguage\":\"es\"},{\"@type\":\"WebPage\",\"@id\":\"https:\\\/\\\/noticiasmercedinas.com\\\/site\\\/2024\\\/09\\\/27\\\/tragico-accidente-en-la-ruta-5-un-fallecido-tras-la-colision-entre-una-camioneta-y-un-camion\\\/\",\"url\":\"https:\\\/\\\/noticiasmercedinas.com\\\/site\\\/2024\\\/09\\\/27\\\/tragico-accidente-en-la-ruta-5-un-fallecido-tras-la-colision-entre-una-camioneta-y-un-camion\\\/\",\"name\":\"Tr\u00e1gico accidente en la Ruta 5: un fallecido tras la colisi\u00f3n entre una camioneta y un cami\u00f3n\",\"isPartOf\":{\"@id\":\"https:\\\/\\\/noticiasmercedinas.com\\\/site\\\/#website\"},\"primaryImageOfPage\":{\"@id\":\"https:\\\/\\\/noticiasmercedinas.com\\\/site\\\/2024\\\/09\\\/27\\\/tragico-accidente-en-la-ruta-5-un-fallecido-tras-la-colision-entre-una-camioneta-y-un-camion\\\/#primaryimage\"},\"image\":{\"@id\":\"https:\\\/\\\/noticiasmercedinas.com\\\/site\\\/2024\\\/09\\\/27\\\/tragico-accidente-en-la-ruta-5-un-fallecido-tras-la-colision-entre-una-camioneta-y-un-camion\\\/#primaryimage\"},\"thumbnailUrl\":\"https:\\\/\\\/noticiasmercedinas.com\\\/site\\\/wp-content\\\/uploads\\\/2024\\\/09\\\/a36b0cf4-7065-45bd-9a5f-f0f2ff20d878.jpg\",\"datePublished\":\"2024-09-27T20:11:16+00:00\",\"breadcrumb\":{\"@id\":\"https:\\\/\\\/noticiasmercedinas.com\\\/site\\\/2024\\\/09\\\/27\\\/tragico-accidente-en-la-ruta-5-un-fallecido-tras-la-colision-entre-una-camioneta-y-un-camion\\\/#breadcrumb\"},\"inLanguage\":\"es\",\"potentialAction\":[{\"@type\":\"ReadAction\",\"target\":[\"https:\\\/\\\/noticiasmercedinas.com\\\/site\\\/2024\\\/09\\\/27\\\/tragico-accidente-en-la-ruta-5-un-fallecido-tras-la-colision-entre-una-camioneta-y-un-camion\\\/\"]}]},{\"@type\":\"ImageObject\",\"inLanguage\":\"es\",\"@id\":\"https:\\\/\\\/noticiasmercedinas.com\\\/site\\\/2024\\\/09\\\/27\\\/tragico-accidente-en-la-ruta-5-un-fallecido-tras-la-colision-entre-una-camioneta-y-un-camion\\\/#primaryimage\",\"url\":\"https:\\\/\\\/noticiasmercedinas.com\\\/site\\\/wp-content\\\/uploads\\\/2024\\\/09\\\/a36b0cf4-7065-45bd-9a5f-f0f2ff20d878.jpg\",\"contentUrl\":\"https:\\\/\\\/noticiasmercedinas.com\\\/site\\\/wp-content\\\/uploads\\\/2024\\\/09\\\/a36b0cf4-7065-45bd-9a5f-f0f2ff20d878.jpg\",\"width\":1600,\"height\":900},{\"@type\":\"BreadcrumbList\",\"@id\":\"https:\\\/\\\/noticiasmercedinas.com\\\/site\\\/2024\\\/09\\\/27\\\/tragico-accidente-en-la-ruta-5-un-fallecido-tras-la-colision-entre-una-camioneta-y-un-camion\\\/#breadcrumb\",\"itemListElement\":[{\"@type\":\"ListItem\",\"position\":1,\"name\":\"Portada\",\"item\":\"https:\\\/\\\/noticiasmercedinas.com\\\/site\\\/\"},{\"@type\":\"ListItem\",\"position\":2,\"name\":\"Tr\u00e1gico accidente en la Ruta 5: un fallecido tras la colisi\u00f3n entre una camioneta y un cami\u00f3n\"}]},{\"@type\":\"WebSite\",\"@id\":\"https:\\\/\\\/noticiasmercedinas.com\\\/site\\\/#website\",\"url\":\"https:\\\/\\\/noticiasmercedinas.com\\\/site\\\/\",\"name\":\"NOTICIASMERCEDINAS.COM\",\"description\":\"Mercedes, Buenos Aires, Argentina\",\"publisher\":{\"@id\":\"https:\\\/\\\/noticiasmercedinas.com\\\/site\\\/#organization\"},\"potentialAction\":[{\"@type\":\"SearchAction\",\"target\":{\"@type\":\"EntryPoint\",\"urlTemplate\":\"https:\\\/\\\/noticiasmercedinas.com\\\/site\\\/?s={search_term_string}\"},\"query-input\":{\"@type\":\"PropertyValueSpecification\",\"valueRequired\":true,\"valueName\":\"search_term_string\"}}],\"inLanguage\":\"es\"},{\"@type\":\"Organization\",\"@id\":\"https:\\\/\\\/noticiasmercedinas.com\\\/site\\\/#organization\",\"name\":\"NOTICIASMERCEDINAS.COM\",\"url\":\"https:\\\/\\\/noticiasmercedinas.com\\\/site\\\/\",\"logo\":{\"@type\":\"ImageObject\",\"inLanguage\":\"es\",\"@id\":\"https:\\\/\\\/noticiasmercedinas.com\\\/site\\\/#\\\/schema\\\/logo\\\/image\\\/\",\"url\":\"https:\\\/\\\/noticiasmercedinas.com\\\/site\\\/wp-content\\\/uploads\\\/2020\\\/06\\\/LOGO-512.jpg\",\"contentUrl\":\"https:\\\/\\\/noticiasmercedinas.com\\\/site\\\/wp-content\\\/uploads\\\/2020\\\/06\\\/LOGO-512.jpg\",\"width\":512,\"height\":512,\"caption\":\"NOTICIASMERCEDINAS.COM\"},\"image\":{\"@id\":\"https:\\\/\\\/noticiasmercedinas.com\\\/site\\\/#\\\/schema\\\/logo\\\/image\\\/\"},\"sameAs\":[\"https:\\\/\\\/www.facebook.com\\\/noticiasmercedinas\\\/\",\"https:\\\/\\\/x.com\\\/notmercedinas\",\"https:\\\/\\\/www.instagram.com\\\/noticiasmercedinas\\\/\"]},{\"@type\":\"Person\",\"@id\":\"https:\\\/\\\/noticiasmercedinas.com\\\/site\\\/#\\\/schema\\\/person\\\/84b59c099c28ff2e8b77d4ceec5d8063\",\"name\":\"NOTICIASMERCEDINAS.COM\",\"image\":{\"@type\":\"ImageObject\",\"inLanguage\":\"es\",\"@id\":\"https:\\\/\\\/secure.gravatar.com\\\/avatar\\\/4dfbf16b4d17945bfb6341b2d19043457132fcf478a5ee04f42e959fd8f5df0a?s=96&d=mm&r=g\",\"url\":\"https:\\\/\\\/secure.gravatar.com\\\/avatar\\\/4dfbf16b4d17945bfb6341b2d19043457132fcf478a5ee04f42e959fd8f5df0a?s=96&d=mm&r=g\",\"contentUrl\":\"https:\\\/\\\/secure.gravatar.com\\\/avatar\\\/4dfbf16b4d17945bfb6341b2d19043457132fcf478a5ee04f42e959fd8f5df0a?s=96&d=mm&r=g\",\"caption\":\"NOTICIASMERCEDINAS.COM\"},\"url\":\"https:\\\/\\\/noticiasmercedinas.com\\\/site\\\/author\\\/anonimo\\\/\"}]}<\/script>\n<!-- \/ Yoast SEO plugin. -->","yoast_head_json":{"title":"Tr\u00e1gico accidente en la Ruta 5: un fallecido tras la colisi\u00f3n entre una camioneta y un cami\u00f3n","robots":{"index":"index","follow":"follow","max-snippet":"max-snippet:-1","max-image-preview":"max-image-preview:large","max-video-preview":"max-video-preview:-1"},"canonical":"https:\/\/noticiasmercedinas.com\/site\/2024\/09\/27\/tragico-accidente-en-la-ruta-5-un-fallecido-tras-la-colision-entre-una-camioneta-y-un-camion\/","og_locale":"es_ES","og_type":"article","og_title":"Tr\u00e1gico accidente en la Ruta 5: un fallecido tras la colisi\u00f3n entre una camioneta y un cami\u00f3n","og_description":"\u25a0 Polic\u00eda y personal de emergencia locales se trasladaron r\u00e1pidamente al sitio del accidente tras recibir la alerta y cortaron la ruta. El conductor de la camioneta perdi\u00f3 la vida","og_url":"https:\/\/noticiasmercedinas.com\/site\/2024\/09\/27\/tragico-accidente-en-la-ruta-5-un-fallecido-tras-la-colision-entre-una-camioneta-y-un-camion\/","og_site_name":"NOTICIASMERCEDINAS.COM","article_publisher":"https:\/\/www.facebook.com\/noticiasmercedinas\/","article_published_time":"2024-09-27T20:11:16+00:00","og_image":[{"width":1600,"height":900,"url":"https:\/\/noticiasmercedinas.com\/site\/wp-content\/uploads\/2024\/09\/a36b0cf4-7065-45bd-9a5f-f0f2ff20d878.jpg","type":"image\/jpeg"}],"author":"NOTICIASMERCEDINAS.COM","twitter_card":"summary_large_image","twitter_creator":"@notmercedinas","twitter_site":"@notmercedinas","twitter_misc":{"Escrito por":"NOTICIASMERCEDINAS.COM","Tiempo de lectura":"1 minuto"},"schema":{"@context":"https:\/\/schema.org","@graph":[{"@type":"Article","@id":"https:\/\/noticiasmercedinas.com\/site\/2024\/09\/27\/tragico-accidente-en-la-ruta-5-un-fallecido-tras-la-colision-entre-una-camioneta-y-un-camion\/#article","isPartOf":{"@id":"https:\/\/noticiasmercedinas.com\/site\/2024\/09\/27\/tragico-accidente-en-la-ruta-5-un-fallecido-tras-la-colision-entre-una-camioneta-y-un-camion\/"},"author":{"name":"NOTICIASMERCEDINAS.COM","@id":"https:\/\/noticiasmercedinas.com\/site\/#\/schema\/person\/84b59c099c28ff2e8b77d4ceec5d8063"},"headline":"Tr\u00e1gico accidente en la Ruta 5: un fallecido tras la colisi\u00f3n entre una camioneta y un cami\u00f3n","datePublished":"2024-09-27T20:11:16+00:00","mainEntityOfPage":{"@id":"https:\/\/noticiasmercedinas.com\/site\/2024\/09\/27\/tragico-accidente-en-la-ruta-5-un-fallecido-tras-la-colision-entre-una-camioneta-y-un-camion\/"},"wordCount":167,"publisher":{"@id":"https:\/\/noticiasmercedinas.com\/site\/#organization"},"image":{"@id":"https:\/\/noticiasmercedinas.com\/site\/2024\/09\/27\/tragico-accidente-en-la-ruta-5-un-fallecido-tras-la-colision-entre-una-camioneta-y-un-camion\/#primaryimage"},"thumbnailUrl":"https:\/\/noticiasmercedinas.com\/site\/wp-content\/uploads\/2024\/09\/a36b0cf4-7065-45bd-9a5f-f0f2ff20d878.jpg","keywords":["choque","ruta 5"],"articleSection":["Seguridad"],"inLanguage":"es"},{"@type":"WebPage","@id":"https:\/\/noticiasmercedinas.com\/site\/2024\/09\/27\/tragico-accidente-en-la-ruta-5-un-fallecido-tras-la-colision-entre-una-camioneta-y-un-camion\/","url":"https:\/\/noticiasmercedinas.com\/site\/2024\/09\/27\/tragico-accidente-en-la-ruta-5-un-fallecido-tras-la-colision-entre-una-camioneta-y-un-camion\/","name":"Tr\u00e1gico accidente en la Ruta 5: un fallecido tras la colisi\u00f3n entre una camioneta y un cami\u00f3n","isPartOf":{"@id":"https:\/\/noticiasmercedinas.com\/site\/#website"},"primaryImageOfPage":{"@id":"https:\/\/noticiasmercedinas.com\/site\/2024\/09\/27\/tragico-accidente-en-la-ruta-5-un-fallecido-tras-la-colision-entre-una-camioneta-y-un-camion\/#primaryimage"},"image":{"@id":"https:\/\/noticiasmercedinas.com\/site\/2024\/09\/27\/tragico-accidente-en-la-ruta-5-un-fallecido-tras-la-colision-entre-una-camioneta-y-un-camion\/#primaryimage"},"thumbnailUrl":"https:\/\/noticiasmercedinas.com\/site\/wp-content\/uploads\/2024\/09\/a36b0cf4-7065-45bd-9a5f-f0f2ff20d878.jpg","datePublished":"2024-09-27T20:11:16+00:00","breadcrumb":{"@id":"https:\/\/noticiasmercedinas.com\/site\/2024\/09\/27\/tragico-accidente-en-la-ruta-5-un-fallecido-tras-la-colision-entre-una-camioneta-y-un-camion\/#breadcrumb"},"inLanguage":"es","potentialAction":[{"@type":"ReadAction","target":["https:\/\/noticiasmercedinas.com\/site\/2024\/09\/27\/tragico-accidente-en-la-ruta-5-un-fallecido-tras-la-colision-entre-una-camioneta-y-un-camion\/"]}]},{"@type":"ImageObject","inLanguage":"es","@id":"https:\/\/noticiasmercedinas.com\/site\/2024\/09\/27\/tragico-accidente-en-la-ruta-5-un-fallecido-tras-la-colision-entre-una-camioneta-y-un-camion\/#primaryimage","url":"https:\/\/noticiasmercedinas.com\/site\/wp-content\/uploads\/2024\/09\/a36b0cf4-7065-45bd-9a5f-f0f2ff20d878.jpg","contentUrl":"https:\/\/noticiasmercedinas.com\/site\/wp-content\/uploads\/2024\/09\/a36b0cf4-7065-45bd-9a5f-f0f2ff20d878.jpg","width":1600,"height":900},{"@type":"BreadcrumbList","@id":"https:\/\/noticiasmercedinas.com\/site\/2024\/09\/27\/tragico-accidente-en-la-ruta-5-un-fallecido-tras-la-colision-entre-una-camioneta-y-un-camion\/#breadcrumb","itemListElement":[{"@type":"ListItem","position":1,"name":"Portada","item":"https:\/\/noticiasmercedinas.com\/site\/"},{"@type":"ListItem","position":2,"name":"Tr\u00e1gico accidente en la Ruta 5: un fallecido tras la colisi\u00f3n entre una camioneta y un cami\u00f3n"}]},{"@type":"WebSite","@id":"https:\/\/noticiasmercedinas.com\/site\/#website","url":"https:\/\/noticiasmercedinas.com\/site\/","name":"NOTICIASMERCEDINAS.COM","description":"Mercedes, Buenos Aires, Argentina","publisher":{"@id":"https:\/\/noticiasmercedinas.com\/site\/#organization"},"potentialAction":[{"@type":"SearchAction","target":{"@type":"EntryPoint","urlTemplate":"https:\/\/noticiasmercedinas.com\/site\/?s={search_term_string}"},"query-input":{"@type":"PropertyValueSpecification","valueRequired":true,"valueName":"search_term_string"}}],"inLanguage":"es"},{"@type":"Organization","@id":"https:\/\/noticiasmercedinas.com\/site\/#organization","name":"NOTICIASMERCEDINAS.COM","url":"https:\/\/noticiasmercedinas.com\/site\/","logo":{"@type":"ImageObject","inLanguage":"es","@id":"https:\/\/noticiasmercedinas.com\/site\/#\/schema\/logo\/image\/","url":"https:\/\/noticiasmercedinas.com\/site\/wp-content\/uploads\/2020\/06\/LOGO-512.jpg","contentUrl":"https:\/\/noticiasmercedinas.com\/site\/wp-content\/uploads\/2020\/06\/LOGO-512.jpg","width":512,"height":512,"caption":"NOTICIASMERCEDINAS.COM"},"image":{"@id":"https:\/\/noticiasmercedinas.com\/site\/#\/schema\/logo\/image\/"},"sameAs":["https:\/\/www.facebook.com\/noticiasmercedinas\/","https:\/\/x.com\/notmercedinas","https:\/\/www.instagram.com\/noticiasmercedinas\/"]},{"@type":"Person","@id":"https:\/\/noticiasmercedinas.com\/site\/#\/schema\/person\/84b59c099c28ff2e8b77d4ceec5d8063","name":"NOTICIASMERCEDINAS.COM","image":{"@type":"ImageObject","inLanguage":"es","@id":"https:\/\/secure.gravatar.com\/avatar\/4dfbf16b4d17945bfb6341b2d19043457132fcf478a5ee04f42e959fd8f5df0a?s=96&d=mm&r=g","url":"https:\/\/secure.gravatar.com\/avatar\/4dfbf16b4d17945bfb6341b2d19043457132fcf478a5ee04f42e959fd8f5df0a?s=96&d=mm&r=g","contentUrl":"https:\/\/secure.gravatar.com\/avatar\/4dfbf16b4d17945bfb6341b2d19043457132fcf478a5ee04f42e959fd8f5df0a?s=96&d=mm&r=g","caption":"NOTICIASMERCEDINAS.COM"},"url":"https:\/\/noticiasmercedinas.com\/site\/author\/anonimo\/"}]}},"amp_enabled":true,"_links":{"self":[{"href":"https:\/\/noticiasmercedinas.com\/site\/wp-json\/wp\/v2\/posts\/144912","targetHints":{"allow":["GET"]}}],"collection":[{"href":"https:\/\/noticiasmercedinas.com\/site\/wp-json\/wp\/v2\/posts"}],"about":[{"href":"https:\/\/noticiasmercedinas.com\/site\/wp-json\/wp\/v2\/types\/post"}],"author":[{"embeddable":true,"href":"https:\/\/noticiasmercedinas.com\/site\/wp-json\/wp\/v2\/users\/16"}],"replies":[{"embeddable":true,"href":"https:\/\/noticiasmercedinas.com\/site\/wp-json\/wp\/v2\/comments?post=144912"}],"version-history":[{"count":1,"href":"https:\/\/noticiasmercedinas.com\/site\/wp-json\/wp\/v2\/posts\/144912\/revisions"}],"predecessor-version":[{"id":144915,"href":"https:\/\/noticiasmercedinas.com\/site\/wp-json\/wp\/v2\/posts\/144912\/revisions\/144915"}],"wp:featuredmedia":[{"embeddable":true,"href":"https:\/\/noticiasmercedinas.com\/site\/wp-json\/wp\/v2\/media\/144913"}],"wp:attachment":[{"href":"https:\/\/noticiasmercedinas.com\/site\/wp-json\/wp\/v2\/media?parent=144912"}],"wp:term":[{"taxonomy":"category","embeddable":true,"href":"https:\/\/noticiasmercedinas.com\/site\/wp-json\/wp\/v2\/categories?post=144912"},{"taxonomy":"post_tag","embeddable":true,"href":"https:\/\/noticiasmercedinas.com\/site\/wp-json\/wp\/v2\/tags?post=144912"}],"curies":[{"name":"wp","href":"https:\/\/api.w.org\/{rel}","templated":true}]}}