{"id":144918,"date":"2024-09-27T17:54:16","date_gmt":"2024-09-27T20:54:16","guid":{"rendered":"https:\/\/noticiasmercedinas.com\/site\/?p=144918"},"modified":"2024-09-27T17:54:16","modified_gmt":"2024-09-27T20:54:16","slug":"natalia-facciolo-seleccionada-por-naciones-unidas-y-el-gobierno-de-china-viaja-a-oriente","status":"publish","type":"post","link":"https:\/\/noticiasmercedinas.com\/site\/2024\/09\/27\/natalia-facciolo-seleccionada-por-naciones-unidas-y-el-gobierno-de-china-viaja-a-oriente\/","title":{"rendered":"Natalia Facciolo, seleccionada por Naciones Unidas y el Gobierno de China, viaja a oriente"},"content":{"rendered":"<p><img loading=\"lazy\" decoding=\"async\" class=\"alignnone size-full wp-image-144919\" src=\"https:\/\/noticiasmercedinas.com\/site\/wp-content\/uploads\/2024\/09\/natalia_facciolo.jpg\" alt=\"\" width=\"640\" height=\"461\" srcset=\"https:\/\/noticiasmercedinas.com\/site\/wp-content\/uploads\/2024\/09\/natalia_facciolo.jpg 640w, https:\/\/noticiasmercedinas.com\/site\/wp-content\/uploads\/2024\/09\/natalia_facciolo-300x216.jpg 300w\" sizes=\"auto, (max-width: 640px) 100vw, 640px\" \/><\/p>\n<p class=\"vLAZ4d\" data-type=\"Segment\" data-start=\"0\" data-segment-label=\"00:00\" data-rt-id=\"bIKDZ31\" data-rt-kind=\"1\" data-rt-type=\"Paragraph\">\u00abLa verdad es que estoy muy contenta. Voy a estar visitando una semana Beijing y otra semana Shanghai junto a 34 empresarios m\u00e1s de Latinoam\u00e9rica, Asia y \u00c1frica. Y de Argentina soy la \u00fanica, va a ser una experiencia muy linda, y vamos a recibir capacitaciones. Vamos a visitar empresas m\u00e1s que nada tecnol\u00f3gicas, tendremos reuniones con pol\u00edticos, con empresarios, y en Shanghai voy a estar visitando una expo muy importante. Este es un broche de oro para este a\u00f1o y estoy convencida de que para Ludmarc va a ser un antes y un despu\u00e9s tambi\u00e9n porque uno solo puede dar lo que recibe, por lo que creo que ser\u00e1 una inspiraci\u00f3n y crecimiento para el negocio\u00bb, dijo a este medio <strong>Natalia Facciolo<\/strong> con la emoci\u00f3n a flor de piel.<\/p>\n<p>Es que la reconocida empresaria mercedina y fundadora de LUDMARC, ha sido elegida como la \u00fanica representante de Argentina para participar en un exclusivo programa internacional de formaci\u00f3n en e-commerce y negocios digitales, organizado por eTrade for Women de la Conferencia de las Naciones Unidas sobre Comercio y Desarrollo (UNCTAD) en colaboraci\u00f3n con la Academia para Oficiales de Negocios Internacionales de China (AIBO). El programa, que cuenta con el apoyo del Gobierno de China, se llevar\u00e1 a cabo en noviembre de 2024.<\/p>\n<blockquote><p>\u00abEste es un broche de oro para este a\u00f1o y estoy convencida de que para Ludmarc va a ser un antes y un despu\u00e9s tambi\u00e9n porque uno solo puede dar lo que recibe, por lo que creo que ser\u00e1 una inspiraci\u00f3n y crecimiento para el negocio\u00bb<\/p><\/blockquote>\n<p>Este programa de formaci\u00f3n reunir\u00e1 a 35 mujeres empresarias de pa\u00edses de \u00c1frica, Asia y Am\u00e9rica Latina, con el objetivo de empoderar a mujeres l\u00edderes en el \u00e1mbito digital y potenciar su impacto social a trav\u00e9s de la innovaci\u00f3n tecnol\u00f3gica.<\/p>\n<p>Natalia Facciolo, adem\u00e1s de ser empresaria, es Presidenta de Mujeres Empresarias de la Federaci\u00f3n Econ\u00f3mica de la Provincia de Buenos Aires (MEFEBA), una funci\u00f3n que la ha colocado a la vanguardia del emprendimiento y liderazgo femenino en Argentina destac\u00f3 la importancia de este tipo de iniciativas para fomentar el crecimiento sostenible de los negocios en pa\u00edses en desarrollo.<\/p>\n<p>\u00abEste programa no solo fortalece nuestras habilidades digitales, sino que tambi\u00e9n impulsa la cooperaci\u00f3n internacional y la creaci\u00f3n de v\u00ednculos estrat\u00e9gicos con actores clave del ecosistema digital en China\u00bb, afirm\u00f3.<\/p>\n<p>La propietaria y fundadora de LUDMARC compartir\u00e1 la experiencia con otras empresarias de diversos pa\u00edses y sectores, con la posibilidad de adquirir conocimientos clave sobre el ecosistema digital de China y su marco regulatorio, adem\u00e1s de establecer v\u00ednculos estrat\u00e9gicos con importantes actores del mundo tecnol\u00f3gico y empresarial.<\/p>\n<p>Durante el programa, las participantes tambi\u00e9n asistir\u00e1n a la China International Import Expo (CIIE), uno de los eventos m\u00e1s importantes del sector, que se celebrar\u00e1 en Shangh\u00e1i, donde podr\u00e1n intercambiar ideas con l\u00edderes empresariales y pol\u00edticos.<\/p>\n<p>\u00abLa selecci\u00f3n de este proyecto es un reconocimiento a la creciente relevancia de la innovaci\u00f3n y la transformaci\u00f3n digital que venimos realizando y es una enorme alegr\u00eda haber sido seleccionados\u00bb, coment\u00f3 Facciolo. \u201cEsto nos alienta y premia nuestro compromiso profundo con la sostenibilidad, la accesibilidad, la equidad de g\u00e9nero y la tecnolog\u00eda, y estoy emocionada por esta oportunidad de aprender y compartir las buenas pr\u00e1cticas que hemos desarrollado en LUDMARC\u201d.<\/p>\n<p>LUDMARC, fundada en 2018, se ha consolidado como una empresa pionera en la regi\u00f3n de Mercedes, ofreciendo soluciones de e-commerce tanto para hogares como para empresas, experimentando un importante crecimiento durante la pandemia de 2020. Facciolo destaca que esta oportunidad no solo fortalecer\u00e1 sus capacidades empresariales, sino que tambi\u00e9n permitir\u00e1 establecer v\u00ednculos valiosos que ayudar\u00e1n a potenciar y escalar su negocio. \u201cEsta experiencia nos permitir\u00e1 expandir nuestros horizontes y traer ideas innovadoras para seguir fortaleciendo el impacto de LUDMARC en la comunidad y el mercado digital\u201d, a\u00f1adi\u00f3.<\/p>\n<p>&nbsp;<\/p>\n","protected":false},"excerpt":{"rendered":"<p>\u25a0 Se trata de una empresaria mercedina y propietaria de LUDMARC. Ser\u00e1 parte de un exclusivo programa de formaci\u00f3n. \u00abEsta experiencia nos permitir\u00e1 expandir nuestros horizontes\u00bb, dijo<\/p>\n","protected":false},"author":16,"featured_media":144919,"comment_status":"closed","ping_status":"closed","sticky":false,"template":"","format":"standard","meta":{"footnotes":""},"categories":[74],"tags":[18879,4043,18880],"class_list":["post-144918","post","type-post","status-publish","format-standard","has-post-thumbnail","hentry","category-emprendimientos","tag-ludamarc","tag-natalia-facciolo","tag-shangai"],"yoast_head":"<!-- This site is optimized with the Yoast SEO plugin v27.5 - https:\/\/yoast.com\/product\/yoast-seo-wordpress\/ -->\n<title>Natalia Facciolo, seleccionada por Naciones Unidas y el Gobierno de China, viaja a oriente<\/title>\n<meta name=\"robots\" content=\"index, follow, max-snippet:-1, max-image-preview:large, max-video-preview:-1\" \/>\n<link rel=\"canonical\" href=\"https:\/\/noticiasmercedinas.com\/site\/2024\/09\/27\/natalia-facciolo-seleccionada-por-naciones-unidas-y-el-gobierno-de-china-viaja-a-oriente\/\" \/>\n<meta property=\"og:locale\" content=\"es_ES\" \/>\n<meta property=\"og:type\" content=\"article\" \/>\n<meta property=\"og:title\" content=\"Natalia Facciolo, seleccionada por Naciones Unidas y el Gobierno de China, viaja a oriente\" \/>\n<meta property=\"og:description\" content=\"\u25a0 Se trata de una empresaria mercedina y propietaria de LUDMARC. Ser\u00e1 parte de un exclusivo programa de formaci\u00f3n. &quot;Esta experiencia nos permitir\u00e1 expandir nuestros horizontes&quot;, dijo\" \/>\n<meta property=\"og:url\" content=\"https:\/\/noticiasmercedinas.com\/site\/2024\/09\/27\/natalia-facciolo-seleccionada-por-naciones-unidas-y-el-gobierno-de-china-viaja-a-oriente\/\" \/>\n<meta property=\"og:site_name\" content=\"NOTICIASMERCEDINAS.COM\" \/>\n<meta property=\"article:publisher\" content=\"https:\/\/www.facebook.com\/noticiasmercedinas\/\" \/>\n<meta property=\"article:published_time\" content=\"2024-09-27T20:54:16+00:00\" \/>\n<meta property=\"og:image\" content=\"https:\/\/noticiasmercedinas.com\/site\/wp-content\/uploads\/2024\/09\/natalia_facciolo.jpg\" \/>\n\t<meta property=\"og:image:width\" content=\"640\" \/>\n\t<meta property=\"og:image:height\" content=\"461\" \/>\n\t<meta property=\"og:image:type\" content=\"image\/jpeg\" \/>\n<meta name=\"author\" content=\"NOTICIASMERCEDINAS.COM\" \/>\n<meta name=\"twitter:card\" content=\"summary_large_image\" \/>\n<meta name=\"twitter:creator\" content=\"@notmercedinas\" \/>\n<meta name=\"twitter:site\" content=\"@notmercedinas\" \/>\n<meta name=\"twitter:label1\" content=\"Escrito por\" \/>\n\t<meta name=\"twitter:data1\" content=\"NOTICIASMERCEDINAS.COM\" \/>\n\t<meta name=\"twitter:label2\" content=\"Tiempo de lectura\" \/>\n\t<meta name=\"twitter:data2\" content=\"3 minutos\" \/>\n<script type=\"application\/ld+json\" class=\"yoast-schema-graph\">{\"@context\":\"https:\\\/\\\/schema.org\",\"@graph\":[{\"@type\":\"Article\",\"@id\":\"https:\\\/\\\/noticiasmercedinas.com\\\/site\\\/2024\\\/09\\\/27\\\/natalia-facciolo-seleccionada-por-naciones-unidas-y-el-gobierno-de-china-viaja-a-oriente\\\/#article\",\"isPartOf\":{\"@id\":\"https:\\\/\\\/noticiasmercedinas.com\\\/site\\\/2024\\\/09\\\/27\\\/natalia-facciolo-seleccionada-por-naciones-unidas-y-el-gobierno-de-china-viaja-a-oriente\\\/\"},\"author\":{\"name\":\"NOTICIASMERCEDINAS.COM\",\"@id\":\"https:\\\/\\\/noticiasmercedinas.com\\\/site\\\/#\\\/schema\\\/person\\\/84b59c099c28ff2e8b77d4ceec5d8063\"},\"headline\":\"Natalia Facciolo, seleccionada por Naciones Unidas y el Gobierno de China, viaja a oriente\",\"datePublished\":\"2024-09-27T20:54:16+00:00\",\"mainEntityOfPage\":{\"@id\":\"https:\\\/\\\/noticiasmercedinas.com\\\/site\\\/2024\\\/09\\\/27\\\/natalia-facciolo-seleccionada-por-naciones-unidas-y-el-gobierno-de-china-viaja-a-oriente\\\/\"},\"wordCount\":693,\"publisher\":{\"@id\":\"https:\\\/\\\/noticiasmercedinas.com\\\/site\\\/#organization\"},\"image\":{\"@id\":\"https:\\\/\\\/noticiasmercedinas.com\\\/site\\\/2024\\\/09\\\/27\\\/natalia-facciolo-seleccionada-por-naciones-unidas-y-el-gobierno-de-china-viaja-a-oriente\\\/#primaryimage\"},\"thumbnailUrl\":\"https:\\\/\\\/noticiasmercedinas.com\\\/site\\\/wp-content\\\/uploads\\\/2024\\\/09\\\/natalia_facciolo.jpg\",\"keywords\":[\"ludamarc\",\"natalia facciolo\",\"shangai\"],\"articleSection\":[\"Emprendimientos\"],\"inLanguage\":\"es\"},{\"@type\":\"WebPage\",\"@id\":\"https:\\\/\\\/noticiasmercedinas.com\\\/site\\\/2024\\\/09\\\/27\\\/natalia-facciolo-seleccionada-por-naciones-unidas-y-el-gobierno-de-china-viaja-a-oriente\\\/\",\"url\":\"https:\\\/\\\/noticiasmercedinas.com\\\/site\\\/2024\\\/09\\\/27\\\/natalia-facciolo-seleccionada-por-naciones-unidas-y-el-gobierno-de-china-viaja-a-oriente\\\/\",\"name\":\"Natalia Facciolo, seleccionada por Naciones Unidas y el Gobierno de China, viaja a oriente\",\"isPartOf\":{\"@id\":\"https:\\\/\\\/noticiasmercedinas.com\\\/site\\\/#website\"},\"primaryImageOfPage\":{\"@id\":\"https:\\\/\\\/noticiasmercedinas.com\\\/site\\\/2024\\\/09\\\/27\\\/natalia-facciolo-seleccionada-por-naciones-unidas-y-el-gobierno-de-china-viaja-a-oriente\\\/#primaryimage\"},\"image\":{\"@id\":\"https:\\\/\\\/noticiasmercedinas.com\\\/site\\\/2024\\\/09\\\/27\\\/natalia-facciolo-seleccionada-por-naciones-unidas-y-el-gobierno-de-china-viaja-a-oriente\\\/#primaryimage\"},\"thumbnailUrl\":\"https:\\\/\\\/noticiasmercedinas.com\\\/site\\\/wp-content\\\/uploads\\\/2024\\\/09\\\/natalia_facciolo.jpg\",\"datePublished\":\"2024-09-27T20:54:16+00:00\",\"breadcrumb\":{\"@id\":\"https:\\\/\\\/noticiasmercedinas.com\\\/site\\\/2024\\\/09\\\/27\\\/natalia-facciolo-seleccionada-por-naciones-unidas-y-el-gobierno-de-china-viaja-a-oriente\\\/#breadcrumb\"},\"inLanguage\":\"es\",\"potentialAction\":[{\"@type\":\"ReadAction\",\"target\":[\"https:\\\/\\\/noticiasmercedinas.com\\\/site\\\/2024\\\/09\\\/27\\\/natalia-facciolo-seleccionada-por-naciones-unidas-y-el-gobierno-de-china-viaja-a-oriente\\\/\"]}]},{\"@type\":\"ImageObject\",\"inLanguage\":\"es\",\"@id\":\"https:\\\/\\\/noticiasmercedinas.com\\\/site\\\/2024\\\/09\\\/27\\\/natalia-facciolo-seleccionada-por-naciones-unidas-y-el-gobierno-de-china-viaja-a-oriente\\\/#primaryimage\",\"url\":\"https:\\\/\\\/noticiasmercedinas.com\\\/site\\\/wp-content\\\/uploads\\\/2024\\\/09\\\/natalia_facciolo.jpg\",\"contentUrl\":\"https:\\\/\\\/noticiasmercedinas.com\\\/site\\\/wp-content\\\/uploads\\\/2024\\\/09\\\/natalia_facciolo.jpg\",\"width\":640,\"height\":461},{\"@type\":\"BreadcrumbList\",\"@id\":\"https:\\\/\\\/noticiasmercedinas.com\\\/site\\\/2024\\\/09\\\/27\\\/natalia-facciolo-seleccionada-por-naciones-unidas-y-el-gobierno-de-china-viaja-a-oriente\\\/#breadcrumb\",\"itemListElement\":[{\"@type\":\"ListItem\",\"position\":1,\"name\":\"Portada\",\"item\":\"https:\\\/\\\/noticiasmercedinas.com\\\/site\\\/\"},{\"@type\":\"ListItem\",\"position\":2,\"name\":\"Natalia Facciolo, seleccionada por Naciones Unidas y el Gobierno de China, viaja a oriente\"}]},{\"@type\":\"WebSite\",\"@id\":\"https:\\\/\\\/noticiasmercedinas.com\\\/site\\\/#website\",\"url\":\"https:\\\/\\\/noticiasmercedinas.com\\\/site\\\/\",\"name\":\"NOTICIASMERCEDINAS.COM\",\"description\":\"Mercedes, Buenos Aires, Argentina\",\"publisher\":{\"@id\":\"https:\\\/\\\/noticiasmercedinas.com\\\/site\\\/#organization\"},\"potentialAction\":[{\"@type\":\"SearchAction\",\"target\":{\"@type\":\"EntryPoint\",\"urlTemplate\":\"https:\\\/\\\/noticiasmercedinas.com\\\/site\\\/?s={search_term_string}\"},\"query-input\":{\"@type\":\"PropertyValueSpecification\",\"valueRequired\":true,\"valueName\":\"search_term_string\"}}],\"inLanguage\":\"es\"},{\"@type\":\"Organization\",\"@id\":\"https:\\\/\\\/noticiasmercedinas.com\\\/site\\\/#organization\",\"name\":\"NOTICIASMERCEDINAS.COM\",\"url\":\"https:\\\/\\\/noticiasmercedinas.com\\\/site\\\/\",\"logo\":{\"@type\":\"ImageObject\",\"inLanguage\":\"es\",\"@id\":\"https:\\\/\\\/noticiasmercedinas.com\\\/site\\\/#\\\/schema\\\/logo\\\/image\\\/\",\"url\":\"https:\\\/\\\/noticiasmercedinas.com\\\/site\\\/wp-content\\\/uploads\\\/2020\\\/06\\\/LOGO-512.jpg\",\"contentUrl\":\"https:\\\/\\\/noticiasmercedinas.com\\\/site\\\/wp-content\\\/uploads\\\/2020\\\/06\\\/LOGO-512.jpg\",\"width\":512,\"height\":512,\"caption\":\"NOTICIASMERCEDINAS.COM\"},\"image\":{\"@id\":\"https:\\\/\\\/noticiasmercedinas.com\\\/site\\\/#\\\/schema\\\/logo\\\/image\\\/\"},\"sameAs\":[\"https:\\\/\\\/www.facebook.com\\\/noticiasmercedinas\\\/\",\"https:\\\/\\\/x.com\\\/notmercedinas\",\"https:\\\/\\\/www.instagram.com\\\/noticiasmercedinas\\\/\"]},{\"@type\":\"Person\",\"@id\":\"https:\\\/\\\/noticiasmercedinas.com\\\/site\\\/#\\\/schema\\\/person\\\/84b59c099c28ff2e8b77d4ceec5d8063\",\"name\":\"NOTICIASMERCEDINAS.COM\",\"image\":{\"@type\":\"ImageObject\",\"inLanguage\":\"es\",\"@id\":\"https:\\\/\\\/secure.gravatar.com\\\/avatar\\\/4dfbf16b4d17945bfb6341b2d19043457132fcf478a5ee04f42e959fd8f5df0a?s=96&d=mm&r=g\",\"url\":\"https:\\\/\\\/secure.gravatar.com\\\/avatar\\\/4dfbf16b4d17945bfb6341b2d19043457132fcf478a5ee04f42e959fd8f5df0a?s=96&d=mm&r=g\",\"contentUrl\":\"https:\\\/\\\/secure.gravatar.com\\\/avatar\\\/4dfbf16b4d17945bfb6341b2d19043457132fcf478a5ee04f42e959fd8f5df0a?s=96&d=mm&r=g\",\"caption\":\"NOTICIASMERCEDINAS.COM\"},\"url\":\"https:\\\/\\\/noticiasmercedinas.com\\\/site\\\/author\\\/anonimo\\\/\"}]}<\/script>\n<!-- \/ Yoast SEO plugin. -->","yoast_head_json":{"title":"Natalia Facciolo, seleccionada por Naciones Unidas y el Gobierno de China, viaja a oriente","robots":{"index":"index","follow":"follow","max-snippet":"max-snippet:-1","max-image-preview":"max-image-preview:large","max-video-preview":"max-video-preview:-1"},"canonical":"https:\/\/noticiasmercedinas.com\/site\/2024\/09\/27\/natalia-facciolo-seleccionada-por-naciones-unidas-y-el-gobierno-de-china-viaja-a-oriente\/","og_locale":"es_ES","og_type":"article","og_title":"Natalia Facciolo, seleccionada por Naciones Unidas y el Gobierno de China, viaja a oriente","og_description":"\u25a0 Se trata de una empresaria mercedina y propietaria de LUDMARC. Ser\u00e1 parte de un exclusivo programa de formaci\u00f3n. \"Esta experiencia nos permitir\u00e1 expandir nuestros horizontes\", dijo","og_url":"https:\/\/noticiasmercedinas.com\/site\/2024\/09\/27\/natalia-facciolo-seleccionada-por-naciones-unidas-y-el-gobierno-de-china-viaja-a-oriente\/","og_site_name":"NOTICIASMERCEDINAS.COM","article_publisher":"https:\/\/www.facebook.com\/noticiasmercedinas\/","article_published_time":"2024-09-27T20:54:16+00:00","og_image":[{"width":640,"height":461,"url":"https:\/\/noticiasmercedinas.com\/site\/wp-content\/uploads\/2024\/09\/natalia_facciolo.jpg","type":"image\/jpeg"}],"author":"NOTICIASMERCEDINAS.COM","twitter_card":"summary_large_image","twitter_creator":"@notmercedinas","twitter_site":"@notmercedinas","twitter_misc":{"Escrito por":"NOTICIASMERCEDINAS.COM","Tiempo de lectura":"3 minutos"},"schema":{"@context":"https:\/\/schema.org","@graph":[{"@type":"Article","@id":"https:\/\/noticiasmercedinas.com\/site\/2024\/09\/27\/natalia-facciolo-seleccionada-por-naciones-unidas-y-el-gobierno-de-china-viaja-a-oriente\/#article","isPartOf":{"@id":"https:\/\/noticiasmercedinas.com\/site\/2024\/09\/27\/natalia-facciolo-seleccionada-por-naciones-unidas-y-el-gobierno-de-china-viaja-a-oriente\/"},"author":{"name":"NOTICIASMERCEDINAS.COM","@id":"https:\/\/noticiasmercedinas.com\/site\/#\/schema\/person\/84b59c099c28ff2e8b77d4ceec5d8063"},"headline":"Natalia Facciolo, seleccionada por Naciones Unidas y el Gobierno de China, viaja a oriente","datePublished":"2024-09-27T20:54:16+00:00","mainEntityOfPage":{"@id":"https:\/\/noticiasmercedinas.com\/site\/2024\/09\/27\/natalia-facciolo-seleccionada-por-naciones-unidas-y-el-gobierno-de-china-viaja-a-oriente\/"},"wordCount":693,"publisher":{"@id":"https:\/\/noticiasmercedinas.com\/site\/#organization"},"image":{"@id":"https:\/\/noticiasmercedinas.com\/site\/2024\/09\/27\/natalia-facciolo-seleccionada-por-naciones-unidas-y-el-gobierno-de-china-viaja-a-oriente\/#primaryimage"},"thumbnailUrl":"https:\/\/noticiasmercedinas.com\/site\/wp-content\/uploads\/2024\/09\/natalia_facciolo.jpg","keywords":["ludamarc","natalia facciolo","shangai"],"articleSection":["Emprendimientos"],"inLanguage":"es"},{"@type":"WebPage","@id":"https:\/\/noticiasmercedinas.com\/site\/2024\/09\/27\/natalia-facciolo-seleccionada-por-naciones-unidas-y-el-gobierno-de-china-viaja-a-oriente\/","url":"https:\/\/noticiasmercedinas.com\/site\/2024\/09\/27\/natalia-facciolo-seleccionada-por-naciones-unidas-y-el-gobierno-de-china-viaja-a-oriente\/","name":"Natalia Facciolo, seleccionada por Naciones Unidas y el Gobierno de China, viaja a oriente","isPartOf":{"@id":"https:\/\/noticiasmercedinas.com\/site\/#website"},"primaryImageOfPage":{"@id":"https:\/\/noticiasmercedinas.com\/site\/2024\/09\/27\/natalia-facciolo-seleccionada-por-naciones-unidas-y-el-gobierno-de-china-viaja-a-oriente\/#primaryimage"},"image":{"@id":"https:\/\/noticiasmercedinas.com\/site\/2024\/09\/27\/natalia-facciolo-seleccionada-por-naciones-unidas-y-el-gobierno-de-china-viaja-a-oriente\/#primaryimage"},"thumbnailUrl":"https:\/\/noticiasmercedinas.com\/site\/wp-content\/uploads\/2024\/09\/natalia_facciolo.jpg","datePublished":"2024-09-27T20:54:16+00:00","breadcrumb":{"@id":"https:\/\/noticiasmercedinas.com\/site\/2024\/09\/27\/natalia-facciolo-seleccionada-por-naciones-unidas-y-el-gobierno-de-china-viaja-a-oriente\/#breadcrumb"},"inLanguage":"es","potentialAction":[{"@type":"ReadAction","target":["https:\/\/noticiasmercedinas.com\/site\/2024\/09\/27\/natalia-facciolo-seleccionada-por-naciones-unidas-y-el-gobierno-de-china-viaja-a-oriente\/"]}]},{"@type":"ImageObject","inLanguage":"es","@id":"https:\/\/noticiasmercedinas.com\/site\/2024\/09\/27\/natalia-facciolo-seleccionada-por-naciones-unidas-y-el-gobierno-de-china-viaja-a-oriente\/#primaryimage","url":"https:\/\/noticiasmercedinas.com\/site\/wp-content\/uploads\/2024\/09\/natalia_facciolo.jpg","contentUrl":"https:\/\/noticiasmercedinas.com\/site\/wp-content\/uploads\/2024\/09\/natalia_facciolo.jpg","width":640,"height":461},{"@type":"BreadcrumbList","@id":"https:\/\/noticiasmercedinas.com\/site\/2024\/09\/27\/natalia-facciolo-seleccionada-por-naciones-unidas-y-el-gobierno-de-china-viaja-a-oriente\/#breadcrumb","itemListElement":[{"@type":"ListItem","position":1,"name":"Portada","item":"https:\/\/noticiasmercedinas.com\/site\/"},{"@type":"ListItem","position":2,"name":"Natalia Facciolo, seleccionada por Naciones Unidas y el Gobierno de China, viaja a oriente"}]},{"@type":"WebSite","@id":"https:\/\/noticiasmercedinas.com\/site\/#website","url":"https:\/\/noticiasmercedinas.com\/site\/","name":"NOTICIASMERCEDINAS.COM","description":"Mercedes, Buenos Aires, Argentina","publisher":{"@id":"https:\/\/noticiasmercedinas.com\/site\/#organization"},"potentialAction":[{"@type":"SearchAction","target":{"@type":"EntryPoint","urlTemplate":"https:\/\/noticiasmercedinas.com\/site\/?s={search_term_string}"},"query-input":{"@type":"PropertyValueSpecification","valueRequired":true,"valueName":"search_term_string"}}],"inLanguage":"es"},{"@type":"Organization","@id":"https:\/\/noticiasmercedinas.com\/site\/#organization","name":"NOTICIASMERCEDINAS.COM","url":"https:\/\/noticiasmercedinas.com\/site\/","logo":{"@type":"ImageObject","inLanguage":"es","@id":"https:\/\/noticiasmercedinas.com\/site\/#\/schema\/logo\/image\/","url":"https:\/\/noticiasmercedinas.com\/site\/wp-content\/uploads\/2020\/06\/LOGO-512.jpg","contentUrl":"https:\/\/noticiasmercedinas.com\/site\/wp-content\/uploads\/2020\/06\/LOGO-512.jpg","width":512,"height":512,"caption":"NOTICIASMERCEDINAS.COM"},"image":{"@id":"https:\/\/noticiasmercedinas.com\/site\/#\/schema\/logo\/image\/"},"sameAs":["https:\/\/www.facebook.com\/noticiasmercedinas\/","https:\/\/x.com\/notmercedinas","https:\/\/www.instagram.com\/noticiasmercedinas\/"]},{"@type":"Person","@id":"https:\/\/noticiasmercedinas.com\/site\/#\/schema\/person\/84b59c099c28ff2e8b77d4ceec5d8063","name":"NOTICIASMERCEDINAS.COM","image":{"@type":"ImageObject","inLanguage":"es","@id":"https:\/\/secure.gravatar.com\/avatar\/4dfbf16b4d17945bfb6341b2d19043457132fcf478a5ee04f42e959fd8f5df0a?s=96&d=mm&r=g","url":"https:\/\/secure.gravatar.com\/avatar\/4dfbf16b4d17945bfb6341b2d19043457132fcf478a5ee04f42e959fd8f5df0a?s=96&d=mm&r=g","contentUrl":"https:\/\/secure.gravatar.com\/avatar\/4dfbf16b4d17945bfb6341b2d19043457132fcf478a5ee04f42e959fd8f5df0a?s=96&d=mm&r=g","caption":"NOTICIASMERCEDINAS.COM"},"url":"https:\/\/noticiasmercedinas.com\/site\/author\/anonimo\/"}]}},"amp_enabled":true,"_links":{"self":[{"href":"https:\/\/noticiasmercedinas.com\/site\/wp-json\/wp\/v2\/posts\/144918","targetHints":{"allow":["GET"]}}],"collection":[{"href":"https:\/\/noticiasmercedinas.com\/site\/wp-json\/wp\/v2\/posts"}],"about":[{"href":"https:\/\/noticiasmercedinas.com\/site\/wp-json\/wp\/v2\/types\/post"}],"author":[{"embeddable":true,"href":"https:\/\/noticiasmercedinas.com\/site\/wp-json\/wp\/v2\/users\/16"}],"replies":[{"embeddable":true,"href":"https:\/\/noticiasmercedinas.com\/site\/wp-json\/wp\/v2\/comments?post=144918"}],"version-history":[{"count":1,"href":"https:\/\/noticiasmercedinas.com\/site\/wp-json\/wp\/v2\/posts\/144918\/revisions"}],"predecessor-version":[{"id":144920,"href":"https:\/\/noticiasmercedinas.com\/site\/wp-json\/wp\/v2\/posts\/144918\/revisions\/144920"}],"wp:featuredmedia":[{"embeddable":true,"href":"https:\/\/noticiasmercedinas.com\/site\/wp-json\/wp\/v2\/media\/144919"}],"wp:attachment":[{"href":"https:\/\/noticiasmercedinas.com\/site\/wp-json\/wp\/v2\/media?parent=144918"}],"wp:term":[{"taxonomy":"category","embeddable":true,"href":"https:\/\/noticiasmercedinas.com\/site\/wp-json\/wp\/v2\/categories?post=144918"},{"taxonomy":"post_tag","embeddable":true,"href":"https:\/\/noticiasmercedinas.com\/site\/wp-json\/wp\/v2\/tags?post=144918"}],"curies":[{"name":"wp","href":"https:\/\/api.w.org\/{rel}","templated":true}]}}