{"id":144946,"date":"2024-09-28T09:54:13","date_gmt":"2024-09-28T12:54:13","guid":{"rendered":"https:\/\/noticiasmercedinas.com\/site\/?p=144946"},"modified":"2024-09-28T09:55:08","modified_gmt":"2024-09-28T12:55:08","slug":"miguel-angel-tallarita-paso-por-llegaron-los-blues-con-una-catedra-en-vivo-de-trompeta","status":"publish","type":"post","link":"https:\/\/noticiasmercedinas.com\/site\/2024\/09\/28\/miguel-angel-tallarita-paso-por-llegaron-los-blues-con-una-catedra-en-vivo-de-trompeta\/","title":{"rendered":"Miguel \u00c1ngel Tallarita pas\u00f3 por \u201cLlegaron los Blues\u201d con una c\u00e1tedra en vivo de trompeta"},"content":{"rendered":"<p><img loading=\"lazy\" decoding=\"async\" class=\"alignnone size-full wp-image-144947\" src=\"https:\/\/noticiasmercedinas.com\/site\/wp-content\/uploads\/2024\/09\/tallerita01.jpg\" alt=\"\" width=\"1600\" height=\"1204\" srcset=\"https:\/\/noticiasmercedinas.com\/site\/wp-content\/uploads\/2024\/09\/tallerita01.jpg 1600w, https:\/\/noticiasmercedinas.com\/site\/wp-content\/uploads\/2024\/09\/tallerita01-300x226.jpg 300w, https:\/\/noticiasmercedinas.com\/site\/wp-content\/uploads\/2024\/09\/tallerita01-1024x771.jpg 1024w, https:\/\/noticiasmercedinas.com\/site\/wp-content\/uploads\/2024\/09\/tallerita01-768x578.jpg 768w, https:\/\/noticiasmercedinas.com\/site\/wp-content\/uploads\/2024\/09\/tallerita01-1536x1156.jpg 1536w, https:\/\/noticiasmercedinas.com\/site\/wp-content\/uploads\/2024\/09\/tallerita01-80x60.jpg 80w, https:\/\/noticiasmercedinas.com\/site\/wp-content\/uploads\/2024\/09\/tallerita01-160x120.jpg 160w, https:\/\/noticiasmercedinas.com\/site\/wp-content\/uploads\/2024\/09\/tallerita01-100x75.jpg 100w, https:\/\/noticiasmercedinas.com\/site\/wp-content\/uploads\/2024\/09\/tallerita01-200x150.jpg 200w, https:\/\/noticiasmercedinas.com\/site\/wp-content\/uploads\/2024\/09\/tallerita01-180x135.jpg 180w, https:\/\/noticiasmercedinas.com\/site\/wp-content\/uploads\/2024\/09\/tallerita01-360x270.jpg 360w, https:\/\/noticiasmercedinas.com\/site\/wp-content\/uploads\/2024\/09\/tallerita01-238x178.jpg 238w, https:\/\/noticiasmercedinas.com\/site\/wp-content\/uploads\/2024\/09\/tallerita01-640x482.jpg 640w, https:\/\/noticiasmercedinas.com\/site\/wp-content\/uploads\/2024\/09\/tallerita01-1280x963.jpg 1280w, https:\/\/noticiasmercedinas.com\/site\/wp-content\/uploads\/2024\/09\/tallerita01-681x512.jpg 681w, https:\/\/noticiasmercedinas.com\/site\/wp-content\/uploads\/2024\/09\/tallerita01-1362x1025.jpg 1362w\" sizes=\"auto, (max-width: 1600px) 100vw, 1600px\" \/><\/p>\n<p>Showman total, este viernes por la tarde, el reconocido trompetista Miguel \u00c1ngel Tallarita fue el gran invitado del programa radial \u201cLlegaron los Blues\u201d, donde ofreci\u00f3 una demostraci\u00f3n en vivo de su talento.<\/p>\n<p>En la UDPLay FM Santa Mar\u00eda 88.1 Tallarita no solo ejecut\u00f3 su instrumento, sino que tambi\u00e9n brind\u00f3 una c\u00e1tedra abierta sobre c\u00f3mo tocar la trompeta utilizando distintos implementos y accesorios, acercando al p\u00fablico el proceso detr\u00e1s de su virtuosismo.<\/p>\n<p><img loading=\"lazy\" decoding=\"async\" class=\"alignnone size-full wp-image-144948\" src=\"https:\/\/noticiasmercedinas.com\/site\/wp-content\/uploads\/2024\/09\/1cf6e642-1d2e-4ae9-860f-6430d9386f95.jpg\" alt=\"\" width=\"1600\" height=\"1204\" srcset=\"https:\/\/noticiasmercedinas.com\/site\/wp-content\/uploads\/2024\/09\/1cf6e642-1d2e-4ae9-860f-6430d9386f95.jpg 1600w, https:\/\/noticiasmercedinas.com\/site\/wp-content\/uploads\/2024\/09\/1cf6e642-1d2e-4ae9-860f-6430d9386f95-300x226.jpg 300w, https:\/\/noticiasmercedinas.com\/site\/wp-content\/uploads\/2024\/09\/1cf6e642-1d2e-4ae9-860f-6430d9386f95-1024x771.jpg 1024w, https:\/\/noticiasmercedinas.com\/site\/wp-content\/uploads\/2024\/09\/1cf6e642-1d2e-4ae9-860f-6430d9386f95-768x578.jpg 768w, https:\/\/noticiasmercedinas.com\/site\/wp-content\/uploads\/2024\/09\/1cf6e642-1d2e-4ae9-860f-6430d9386f95-1536x1156.jpg 1536w, https:\/\/noticiasmercedinas.com\/site\/wp-content\/uploads\/2024\/09\/1cf6e642-1d2e-4ae9-860f-6430d9386f95-80x60.jpg 80w, https:\/\/noticiasmercedinas.com\/site\/wp-content\/uploads\/2024\/09\/1cf6e642-1d2e-4ae9-860f-6430d9386f95-160x120.jpg 160w, https:\/\/noticiasmercedinas.com\/site\/wp-content\/uploads\/2024\/09\/1cf6e642-1d2e-4ae9-860f-6430d9386f95-100x75.jpg 100w, https:\/\/noticiasmercedinas.com\/site\/wp-content\/uploads\/2024\/09\/1cf6e642-1d2e-4ae9-860f-6430d9386f95-200x150.jpg 200w, https:\/\/noticiasmercedinas.com\/site\/wp-content\/uploads\/2024\/09\/1cf6e642-1d2e-4ae9-860f-6430d9386f95-180x135.jpg 180w, https:\/\/noticiasmercedinas.com\/site\/wp-content\/uploads\/2024\/09\/1cf6e642-1d2e-4ae9-860f-6430d9386f95-360x270.jpg 360w, https:\/\/noticiasmercedinas.com\/site\/wp-content\/uploads\/2024\/09\/1cf6e642-1d2e-4ae9-860f-6430d9386f95-238x178.jpg 238w, https:\/\/noticiasmercedinas.com\/site\/wp-content\/uploads\/2024\/09\/1cf6e642-1d2e-4ae9-860f-6430d9386f95-640x482.jpg 640w, https:\/\/noticiasmercedinas.com\/site\/wp-content\/uploads\/2024\/09\/1cf6e642-1d2e-4ae9-860f-6430d9386f95-1280x963.jpg 1280w, https:\/\/noticiasmercedinas.com\/site\/wp-content\/uploads\/2024\/09\/1cf6e642-1d2e-4ae9-860f-6430d9386f95-681x512.jpg 681w, https:\/\/noticiasmercedinas.com\/site\/wp-content\/uploads\/2024\/09\/1cf6e642-1d2e-4ae9-860f-6430d9386f95-1362x1025.jpg 1362w\" sizes=\"auto, (max-width: 1600px) 100vw, 1600px\" \/><\/p>\n<p>El m\u00fasico estuvo acompa\u00f1ado por Hugo \u00abPalito\u00bb Gervini, de Mercedes, sobrino de uno de los integrantes del legendario tr\u00edo Riverol, Riverito, Cabral. Tambi\u00e9n se sum\u00f3 la cantante Mariel Fuertes, quien complet\u00f3 un conjunto \u00abde lujo, tanto para el programa como para la radio local\u00bb, seg\u00fan expres\u00f3 Hern\u00e1n Rivero, conductor de \u201cLlegaron los Blues\u201d, quien charl\u00f3 animadamente con el m\u00fasico en una audici\u00f3n que se hizo de pronto m\u00e1gica e imprevisible, como el arte mismo.<\/p>\n<p>Tallarita es una figura destacada en la escena del blues y otros g\u00e9neros musicales, con una carrera que lo ha llevado a colaborar con grandes nombres de la m\u00fasica nacional e internacional. Adem\u00e1s es profesor particular y en el Conservatorio Manuel de Falla, en la Ciudad de Buenos Aires.<\/p>\n<p>Actualmente, forma parte de la secci\u00f3n de vientos de \u00abLos Fundamentalistas del Aire Acondicionado\u00bb, consolid\u00e1ndose como uno de los trompetistas m\u00e1s importantes del pa\u00eds.<\/p>\n<p>La presencia de Tallarita se enmarca en las celebraciones por los 10 a\u00f1os del programa \u201cLlegaron los Blues\u201d, que seguir\u00e1n <a href=\"https:\/\/noticiasmercedinas.com\/site\/2024\/09\/26\/por-los-10-anos-de-llegaron-los-blues-nuevo-show-con-riqui-munoz-y-jay-jay-troche\/\">esta noche con un recital en vivo en Bistro<\/a>, con Riqui Mu\u00f1oz y Jay Jay Troche.<\/p>\n<p><img loading=\"lazy\" decoding=\"async\" class=\"alignnone size-full wp-image-144949\" src=\"https:\/\/noticiasmercedinas.com\/site\/wp-content\/uploads\/2024\/09\/4fb36226-f1e1-47b5-9dcc-af878fb01a4e.jpg\" alt=\"\" width=\"1600\" height=\"1204\" srcset=\"https:\/\/noticiasmercedinas.com\/site\/wp-content\/uploads\/2024\/09\/4fb36226-f1e1-47b5-9dcc-af878fb01a4e.jpg 1600w, https:\/\/noticiasmercedinas.com\/site\/wp-content\/uploads\/2024\/09\/4fb36226-f1e1-47b5-9dcc-af878fb01a4e-300x226.jpg 300w, https:\/\/noticiasmercedinas.com\/site\/wp-content\/uploads\/2024\/09\/4fb36226-f1e1-47b5-9dcc-af878fb01a4e-1024x771.jpg 1024w, https:\/\/noticiasmercedinas.com\/site\/wp-content\/uploads\/2024\/09\/4fb36226-f1e1-47b5-9dcc-af878fb01a4e-768x578.jpg 768w, https:\/\/noticiasmercedinas.com\/site\/wp-content\/uploads\/2024\/09\/4fb36226-f1e1-47b5-9dcc-af878fb01a4e-1536x1156.jpg 1536w, https:\/\/noticiasmercedinas.com\/site\/wp-content\/uploads\/2024\/09\/4fb36226-f1e1-47b5-9dcc-af878fb01a4e-80x60.jpg 80w, https:\/\/noticiasmercedinas.com\/site\/wp-content\/uploads\/2024\/09\/4fb36226-f1e1-47b5-9dcc-af878fb01a4e-160x120.jpg 160w, https:\/\/noticiasmercedinas.com\/site\/wp-content\/uploads\/2024\/09\/4fb36226-f1e1-47b5-9dcc-af878fb01a4e-100x75.jpg 100w, https:\/\/noticiasmercedinas.com\/site\/wp-content\/uploads\/2024\/09\/4fb36226-f1e1-47b5-9dcc-af878fb01a4e-200x150.jpg 200w, https:\/\/noticiasmercedinas.com\/site\/wp-content\/uploads\/2024\/09\/4fb36226-f1e1-47b5-9dcc-af878fb01a4e-180x135.jpg 180w, https:\/\/noticiasmercedinas.com\/site\/wp-content\/uploads\/2024\/09\/4fb36226-f1e1-47b5-9dcc-af878fb01a4e-360x270.jpg 360w, https:\/\/noticiasmercedinas.com\/site\/wp-content\/uploads\/2024\/09\/4fb36226-f1e1-47b5-9dcc-af878fb01a4e-238x178.jpg 238w, https:\/\/noticiasmercedinas.com\/site\/wp-content\/uploads\/2024\/09\/4fb36226-f1e1-47b5-9dcc-af878fb01a4e-640x482.jpg 640w, https:\/\/noticiasmercedinas.com\/site\/wp-content\/uploads\/2024\/09\/4fb36226-f1e1-47b5-9dcc-af878fb01a4e-1280x963.jpg 1280w, https:\/\/noticiasmercedinas.com\/site\/wp-content\/uploads\/2024\/09\/4fb36226-f1e1-47b5-9dcc-af878fb01a4e-681x512.jpg 681w, https:\/\/noticiasmercedinas.com\/site\/wp-content\/uploads\/2024\/09\/4fb36226-f1e1-47b5-9dcc-af878fb01a4e-1362x1025.jpg 1362w\" sizes=\"auto, (max-width: 1600px) 100vw, 1600px\" \/><\/p>\n","protected":false},"excerpt":{"rendered":"<p>\u25a0 Fue en el marco de las celebraciones por los 10 a\u00f1os del programa radial, que seguir\u00e1n esta noche con un recital en vivo en Bistro, con Riqui Mu\u00f1oz y Jay Jay Troche.<\/p>\n","protected":false},"author":16,"featured_media":144947,"comment_status":"closed","ping_status":"closed","sticky":false,"template":"","format":"standard","meta":{"footnotes":""},"categories":[4],"tags":[55,2762,18859],"class_list":["post-144946","post","type-post","status-publish","format-standard","has-post-thumbnail","hentry","category-cultura","tag-hernan-rivero","tag-llegaron-los-blues","tag-miguel-angel-tallarita"],"yoast_head":"<!-- This site is optimized with the Yoast SEO plugin v27.4 - https:\/\/yoast.com\/product\/yoast-seo-wordpress\/ -->\n<title>Miguel \u00c1ngel Tallarita pas\u00f3 por \u201cLlegaron los Blues\u201d con una c\u00e1tedra en vivo de trompeta<\/title>\n<meta name=\"robots\" content=\"index, follow, max-snippet:-1, max-image-preview:large, max-video-preview:-1\" \/>\n<link rel=\"canonical\" href=\"https:\/\/noticiasmercedinas.com\/site\/2024\/09\/28\/miguel-angel-tallarita-paso-por-llegaron-los-blues-con-una-catedra-en-vivo-de-trompeta\/\" \/>\n<meta property=\"og:locale\" content=\"es_ES\" \/>\n<meta property=\"og:type\" content=\"article\" \/>\n<meta property=\"og:title\" content=\"Miguel \u00c1ngel Tallarita pas\u00f3 por \u201cLlegaron los Blues\u201d con una c\u00e1tedra en vivo de trompeta\" \/>\n<meta property=\"og:description\" content=\"\u25a0 Fue en el marco de las celebraciones por los 10 a\u00f1os del programa radial, que seguir\u00e1n esta noche con un recital en vivo en Bistro, con Riqui Mu\u00f1oz y Jay Jay Troche.\" \/>\n<meta property=\"og:url\" content=\"https:\/\/noticiasmercedinas.com\/site\/2024\/09\/28\/miguel-angel-tallarita-paso-por-llegaron-los-blues-con-una-catedra-en-vivo-de-trompeta\/\" \/>\n<meta property=\"og:site_name\" content=\"NOTICIASMERCEDINAS.COM\" \/>\n<meta property=\"article:publisher\" content=\"https:\/\/www.facebook.com\/noticiasmercedinas\/\" \/>\n<meta property=\"article:published_time\" content=\"2024-09-28T12:54:13+00:00\" \/>\n<meta property=\"article:modified_time\" content=\"2024-09-28T12:55:08+00:00\" \/>\n<meta property=\"og:image\" content=\"https:\/\/noticiasmercedinas.com\/site\/wp-content\/uploads\/2024\/09\/tallerita01.jpg\" \/>\n\t<meta property=\"og:image:width\" content=\"1600\" \/>\n\t<meta property=\"og:image:height\" content=\"1204\" \/>\n\t<meta property=\"og:image:type\" content=\"image\/jpeg\" \/>\n<meta name=\"author\" content=\"NOTICIASMERCEDINAS.COM\" \/>\n<meta name=\"twitter:card\" content=\"summary_large_image\" \/>\n<meta name=\"twitter:creator\" content=\"@notmercedinas\" \/>\n<meta name=\"twitter:site\" content=\"@notmercedinas\" \/>\n<meta name=\"twitter:label1\" content=\"Escrito por\" \/>\n\t<meta name=\"twitter:data1\" content=\"NOTICIASMERCEDINAS.COM\" \/>\n\t<meta name=\"twitter:label2\" content=\"Tiempo de lectura\" \/>\n\t<meta name=\"twitter:data2\" content=\"1 minuto\" \/>\n<script type=\"application\/ld+json\" class=\"yoast-schema-graph\">{\"@context\":\"https:\\\/\\\/schema.org\",\"@graph\":[{\"@type\":\"Article\",\"@id\":\"https:\\\/\\\/noticiasmercedinas.com\\\/site\\\/2024\\\/09\\\/28\\\/miguel-angel-tallarita-paso-por-llegaron-los-blues-con-una-catedra-en-vivo-de-trompeta\\\/#article\",\"isPartOf\":{\"@id\":\"https:\\\/\\\/noticiasmercedinas.com\\\/site\\\/2024\\\/09\\\/28\\\/miguel-angel-tallarita-paso-por-llegaron-los-blues-con-una-catedra-en-vivo-de-trompeta\\\/\"},\"author\":{\"name\":\"NOTICIASMERCEDINAS.COM\",\"@id\":\"https:\\\/\\\/noticiasmercedinas.com\\\/site\\\/#\\\/schema\\\/person\\\/84b59c099c28ff2e8b77d4ceec5d8063\"},\"headline\":\"Miguel \u00c1ngel Tallarita pas\u00f3 por \u201cLlegaron los Blues\u201d con una c\u00e1tedra en vivo de trompeta\",\"datePublished\":\"2024-09-28T12:54:13+00:00\",\"dateModified\":\"2024-09-28T12:55:08+00:00\",\"mainEntityOfPage\":{\"@id\":\"https:\\\/\\\/noticiasmercedinas.com\\\/site\\\/2024\\\/09\\\/28\\\/miguel-angel-tallarita-paso-por-llegaron-los-blues-con-una-catedra-en-vivo-de-trompeta\\\/\"},\"wordCount\":294,\"publisher\":{\"@id\":\"https:\\\/\\\/noticiasmercedinas.com\\\/site\\\/#organization\"},\"image\":{\"@id\":\"https:\\\/\\\/noticiasmercedinas.com\\\/site\\\/2024\\\/09\\\/28\\\/miguel-angel-tallarita-paso-por-llegaron-los-blues-con-una-catedra-en-vivo-de-trompeta\\\/#primaryimage\"},\"thumbnailUrl\":\"https:\\\/\\\/noticiasmercedinas.com\\\/site\\\/wp-content\\\/uploads\\\/2024\\\/09\\\/tallerita01.jpg\",\"keywords\":[\"Hernan Rivero\",\"llegaron los blues\",\"miguel angel tallarita\"],\"articleSection\":[\"Cultura\"],\"inLanguage\":\"es\"},{\"@type\":\"WebPage\",\"@id\":\"https:\\\/\\\/noticiasmercedinas.com\\\/site\\\/2024\\\/09\\\/28\\\/miguel-angel-tallarita-paso-por-llegaron-los-blues-con-una-catedra-en-vivo-de-trompeta\\\/\",\"url\":\"https:\\\/\\\/noticiasmercedinas.com\\\/site\\\/2024\\\/09\\\/28\\\/miguel-angel-tallarita-paso-por-llegaron-los-blues-con-una-catedra-en-vivo-de-trompeta\\\/\",\"name\":\"Miguel \u00c1ngel Tallarita pas\u00f3 por \u201cLlegaron los Blues\u201d con una c\u00e1tedra en vivo de trompeta\",\"isPartOf\":{\"@id\":\"https:\\\/\\\/noticiasmercedinas.com\\\/site\\\/#website\"},\"primaryImageOfPage\":{\"@id\":\"https:\\\/\\\/noticiasmercedinas.com\\\/site\\\/2024\\\/09\\\/28\\\/miguel-angel-tallarita-paso-por-llegaron-los-blues-con-una-catedra-en-vivo-de-trompeta\\\/#primaryimage\"},\"image\":{\"@id\":\"https:\\\/\\\/noticiasmercedinas.com\\\/site\\\/2024\\\/09\\\/28\\\/miguel-angel-tallarita-paso-por-llegaron-los-blues-con-una-catedra-en-vivo-de-trompeta\\\/#primaryimage\"},\"thumbnailUrl\":\"https:\\\/\\\/noticiasmercedinas.com\\\/site\\\/wp-content\\\/uploads\\\/2024\\\/09\\\/tallerita01.jpg\",\"datePublished\":\"2024-09-28T12:54:13+00:00\",\"dateModified\":\"2024-09-28T12:55:08+00:00\",\"breadcrumb\":{\"@id\":\"https:\\\/\\\/noticiasmercedinas.com\\\/site\\\/2024\\\/09\\\/28\\\/miguel-angel-tallarita-paso-por-llegaron-los-blues-con-una-catedra-en-vivo-de-trompeta\\\/#breadcrumb\"},\"inLanguage\":\"es\",\"potentialAction\":[{\"@type\":\"ReadAction\",\"target\":[\"https:\\\/\\\/noticiasmercedinas.com\\\/site\\\/2024\\\/09\\\/28\\\/miguel-angel-tallarita-paso-por-llegaron-los-blues-con-una-catedra-en-vivo-de-trompeta\\\/\"]}]},{\"@type\":\"ImageObject\",\"inLanguage\":\"es\",\"@id\":\"https:\\\/\\\/noticiasmercedinas.com\\\/site\\\/2024\\\/09\\\/28\\\/miguel-angel-tallarita-paso-por-llegaron-los-blues-con-una-catedra-en-vivo-de-trompeta\\\/#primaryimage\",\"url\":\"https:\\\/\\\/noticiasmercedinas.com\\\/site\\\/wp-content\\\/uploads\\\/2024\\\/09\\\/tallerita01.jpg\",\"contentUrl\":\"https:\\\/\\\/noticiasmercedinas.com\\\/site\\\/wp-content\\\/uploads\\\/2024\\\/09\\\/tallerita01.jpg\",\"width\":1600,\"height\":1204},{\"@type\":\"BreadcrumbList\",\"@id\":\"https:\\\/\\\/noticiasmercedinas.com\\\/site\\\/2024\\\/09\\\/28\\\/miguel-angel-tallarita-paso-por-llegaron-los-blues-con-una-catedra-en-vivo-de-trompeta\\\/#breadcrumb\",\"itemListElement\":[{\"@type\":\"ListItem\",\"position\":1,\"name\":\"Portada\",\"item\":\"https:\\\/\\\/noticiasmercedinas.com\\\/site\\\/\"},{\"@type\":\"ListItem\",\"position\":2,\"name\":\"Miguel \u00c1ngel Tallarita pas\u00f3 por \u201cLlegaron los Blues\u201d con una c\u00e1tedra en vivo de trompeta\"}]},{\"@type\":\"WebSite\",\"@id\":\"https:\\\/\\\/noticiasmercedinas.com\\\/site\\\/#website\",\"url\":\"https:\\\/\\\/noticiasmercedinas.com\\\/site\\\/\",\"name\":\"NOTICIASMERCEDINAS.COM\",\"description\":\"Mercedes, Buenos Aires, Argentina\",\"publisher\":{\"@id\":\"https:\\\/\\\/noticiasmercedinas.com\\\/site\\\/#organization\"},\"potentialAction\":[{\"@type\":\"SearchAction\",\"target\":{\"@type\":\"EntryPoint\",\"urlTemplate\":\"https:\\\/\\\/noticiasmercedinas.com\\\/site\\\/?s={search_term_string}\"},\"query-input\":{\"@type\":\"PropertyValueSpecification\",\"valueRequired\":true,\"valueName\":\"search_term_string\"}}],\"inLanguage\":\"es\"},{\"@type\":\"Organization\",\"@id\":\"https:\\\/\\\/noticiasmercedinas.com\\\/site\\\/#organization\",\"name\":\"NOTICIASMERCEDINAS.COM\",\"url\":\"https:\\\/\\\/noticiasmercedinas.com\\\/site\\\/\",\"logo\":{\"@type\":\"ImageObject\",\"inLanguage\":\"es\",\"@id\":\"https:\\\/\\\/noticiasmercedinas.com\\\/site\\\/#\\\/schema\\\/logo\\\/image\\\/\",\"url\":\"https:\\\/\\\/noticiasmercedinas.com\\\/site\\\/wp-content\\\/uploads\\\/2020\\\/06\\\/LOGO-512.jpg\",\"contentUrl\":\"https:\\\/\\\/noticiasmercedinas.com\\\/site\\\/wp-content\\\/uploads\\\/2020\\\/06\\\/LOGO-512.jpg\",\"width\":512,\"height\":512,\"caption\":\"NOTICIASMERCEDINAS.COM\"},\"image\":{\"@id\":\"https:\\\/\\\/noticiasmercedinas.com\\\/site\\\/#\\\/schema\\\/logo\\\/image\\\/\"},\"sameAs\":[\"https:\\\/\\\/www.facebook.com\\\/noticiasmercedinas\\\/\",\"https:\\\/\\\/x.com\\\/notmercedinas\",\"https:\\\/\\\/www.instagram.com\\\/noticiasmercedinas\\\/\"]},{\"@type\":\"Person\",\"@id\":\"https:\\\/\\\/noticiasmercedinas.com\\\/site\\\/#\\\/schema\\\/person\\\/84b59c099c28ff2e8b77d4ceec5d8063\",\"name\":\"NOTICIASMERCEDINAS.COM\",\"image\":{\"@type\":\"ImageObject\",\"inLanguage\":\"es\",\"@id\":\"https:\\\/\\\/secure.gravatar.com\\\/avatar\\\/4dfbf16b4d17945bfb6341b2d19043457132fcf478a5ee04f42e959fd8f5df0a?s=96&d=mm&r=g\",\"url\":\"https:\\\/\\\/secure.gravatar.com\\\/avatar\\\/4dfbf16b4d17945bfb6341b2d19043457132fcf478a5ee04f42e959fd8f5df0a?s=96&d=mm&r=g\",\"contentUrl\":\"https:\\\/\\\/secure.gravatar.com\\\/avatar\\\/4dfbf16b4d17945bfb6341b2d19043457132fcf478a5ee04f42e959fd8f5df0a?s=96&d=mm&r=g\",\"caption\":\"NOTICIASMERCEDINAS.COM\"},\"url\":\"https:\\\/\\\/noticiasmercedinas.com\\\/site\\\/author\\\/anonimo\\\/\"}]}<\/script>\n<!-- \/ Yoast SEO plugin. -->","yoast_head_json":{"title":"Miguel \u00c1ngel Tallarita pas\u00f3 por \u201cLlegaron los Blues\u201d con una c\u00e1tedra en vivo de trompeta","robots":{"index":"index","follow":"follow","max-snippet":"max-snippet:-1","max-image-preview":"max-image-preview:large","max-video-preview":"max-video-preview:-1"},"canonical":"https:\/\/noticiasmercedinas.com\/site\/2024\/09\/28\/miguel-angel-tallarita-paso-por-llegaron-los-blues-con-una-catedra-en-vivo-de-trompeta\/","og_locale":"es_ES","og_type":"article","og_title":"Miguel \u00c1ngel Tallarita pas\u00f3 por \u201cLlegaron los Blues\u201d con una c\u00e1tedra en vivo de trompeta","og_description":"\u25a0 Fue en el marco de las celebraciones por los 10 a\u00f1os del programa radial, que seguir\u00e1n esta noche con un recital en vivo en Bistro, con Riqui Mu\u00f1oz y Jay Jay Troche.","og_url":"https:\/\/noticiasmercedinas.com\/site\/2024\/09\/28\/miguel-angel-tallarita-paso-por-llegaron-los-blues-con-una-catedra-en-vivo-de-trompeta\/","og_site_name":"NOTICIASMERCEDINAS.COM","article_publisher":"https:\/\/www.facebook.com\/noticiasmercedinas\/","article_published_time":"2024-09-28T12:54:13+00:00","article_modified_time":"2024-09-28T12:55:08+00:00","og_image":[{"width":1600,"height":1204,"url":"https:\/\/noticiasmercedinas.com\/site\/wp-content\/uploads\/2024\/09\/tallerita01.jpg","type":"image\/jpeg"}],"author":"NOTICIASMERCEDINAS.COM","twitter_card":"summary_large_image","twitter_creator":"@notmercedinas","twitter_site":"@notmercedinas","twitter_misc":{"Escrito por":"NOTICIASMERCEDINAS.COM","Tiempo de lectura":"1 minuto"},"schema":{"@context":"https:\/\/schema.org","@graph":[{"@type":"Article","@id":"https:\/\/noticiasmercedinas.com\/site\/2024\/09\/28\/miguel-angel-tallarita-paso-por-llegaron-los-blues-con-una-catedra-en-vivo-de-trompeta\/#article","isPartOf":{"@id":"https:\/\/noticiasmercedinas.com\/site\/2024\/09\/28\/miguel-angel-tallarita-paso-por-llegaron-los-blues-con-una-catedra-en-vivo-de-trompeta\/"},"author":{"name":"NOTICIASMERCEDINAS.COM","@id":"https:\/\/noticiasmercedinas.com\/site\/#\/schema\/person\/84b59c099c28ff2e8b77d4ceec5d8063"},"headline":"Miguel \u00c1ngel Tallarita pas\u00f3 por \u201cLlegaron los Blues\u201d con una c\u00e1tedra en vivo de trompeta","datePublished":"2024-09-28T12:54:13+00:00","dateModified":"2024-09-28T12:55:08+00:00","mainEntityOfPage":{"@id":"https:\/\/noticiasmercedinas.com\/site\/2024\/09\/28\/miguel-angel-tallarita-paso-por-llegaron-los-blues-con-una-catedra-en-vivo-de-trompeta\/"},"wordCount":294,"publisher":{"@id":"https:\/\/noticiasmercedinas.com\/site\/#organization"},"image":{"@id":"https:\/\/noticiasmercedinas.com\/site\/2024\/09\/28\/miguel-angel-tallarita-paso-por-llegaron-los-blues-con-una-catedra-en-vivo-de-trompeta\/#primaryimage"},"thumbnailUrl":"https:\/\/noticiasmercedinas.com\/site\/wp-content\/uploads\/2024\/09\/tallerita01.jpg","keywords":["Hernan Rivero","llegaron los blues","miguel angel tallarita"],"articleSection":["Cultura"],"inLanguage":"es"},{"@type":"WebPage","@id":"https:\/\/noticiasmercedinas.com\/site\/2024\/09\/28\/miguel-angel-tallarita-paso-por-llegaron-los-blues-con-una-catedra-en-vivo-de-trompeta\/","url":"https:\/\/noticiasmercedinas.com\/site\/2024\/09\/28\/miguel-angel-tallarita-paso-por-llegaron-los-blues-con-una-catedra-en-vivo-de-trompeta\/","name":"Miguel \u00c1ngel Tallarita pas\u00f3 por \u201cLlegaron los Blues\u201d con una c\u00e1tedra en vivo de trompeta","isPartOf":{"@id":"https:\/\/noticiasmercedinas.com\/site\/#website"},"primaryImageOfPage":{"@id":"https:\/\/noticiasmercedinas.com\/site\/2024\/09\/28\/miguel-angel-tallarita-paso-por-llegaron-los-blues-con-una-catedra-en-vivo-de-trompeta\/#primaryimage"},"image":{"@id":"https:\/\/noticiasmercedinas.com\/site\/2024\/09\/28\/miguel-angel-tallarita-paso-por-llegaron-los-blues-con-una-catedra-en-vivo-de-trompeta\/#primaryimage"},"thumbnailUrl":"https:\/\/noticiasmercedinas.com\/site\/wp-content\/uploads\/2024\/09\/tallerita01.jpg","datePublished":"2024-09-28T12:54:13+00:00","dateModified":"2024-09-28T12:55:08+00:00","breadcrumb":{"@id":"https:\/\/noticiasmercedinas.com\/site\/2024\/09\/28\/miguel-angel-tallarita-paso-por-llegaron-los-blues-con-una-catedra-en-vivo-de-trompeta\/#breadcrumb"},"inLanguage":"es","potentialAction":[{"@type":"ReadAction","target":["https:\/\/noticiasmercedinas.com\/site\/2024\/09\/28\/miguel-angel-tallarita-paso-por-llegaron-los-blues-con-una-catedra-en-vivo-de-trompeta\/"]}]},{"@type":"ImageObject","inLanguage":"es","@id":"https:\/\/noticiasmercedinas.com\/site\/2024\/09\/28\/miguel-angel-tallarita-paso-por-llegaron-los-blues-con-una-catedra-en-vivo-de-trompeta\/#primaryimage","url":"https:\/\/noticiasmercedinas.com\/site\/wp-content\/uploads\/2024\/09\/tallerita01.jpg","contentUrl":"https:\/\/noticiasmercedinas.com\/site\/wp-content\/uploads\/2024\/09\/tallerita01.jpg","width":1600,"height":1204},{"@type":"BreadcrumbList","@id":"https:\/\/noticiasmercedinas.com\/site\/2024\/09\/28\/miguel-angel-tallarita-paso-por-llegaron-los-blues-con-una-catedra-en-vivo-de-trompeta\/#breadcrumb","itemListElement":[{"@type":"ListItem","position":1,"name":"Portada","item":"https:\/\/noticiasmercedinas.com\/site\/"},{"@type":"ListItem","position":2,"name":"Miguel \u00c1ngel Tallarita pas\u00f3 por \u201cLlegaron los Blues\u201d con una c\u00e1tedra en vivo de trompeta"}]},{"@type":"WebSite","@id":"https:\/\/noticiasmercedinas.com\/site\/#website","url":"https:\/\/noticiasmercedinas.com\/site\/","name":"NOTICIASMERCEDINAS.COM","description":"Mercedes, Buenos Aires, Argentina","publisher":{"@id":"https:\/\/noticiasmercedinas.com\/site\/#organization"},"potentialAction":[{"@type":"SearchAction","target":{"@type":"EntryPoint","urlTemplate":"https:\/\/noticiasmercedinas.com\/site\/?s={search_term_string}"},"query-input":{"@type":"PropertyValueSpecification","valueRequired":true,"valueName":"search_term_string"}}],"inLanguage":"es"},{"@type":"Organization","@id":"https:\/\/noticiasmercedinas.com\/site\/#organization","name":"NOTICIASMERCEDINAS.COM","url":"https:\/\/noticiasmercedinas.com\/site\/","logo":{"@type":"ImageObject","inLanguage":"es","@id":"https:\/\/noticiasmercedinas.com\/site\/#\/schema\/logo\/image\/","url":"https:\/\/noticiasmercedinas.com\/site\/wp-content\/uploads\/2020\/06\/LOGO-512.jpg","contentUrl":"https:\/\/noticiasmercedinas.com\/site\/wp-content\/uploads\/2020\/06\/LOGO-512.jpg","width":512,"height":512,"caption":"NOTICIASMERCEDINAS.COM"},"image":{"@id":"https:\/\/noticiasmercedinas.com\/site\/#\/schema\/logo\/image\/"},"sameAs":["https:\/\/www.facebook.com\/noticiasmercedinas\/","https:\/\/x.com\/notmercedinas","https:\/\/www.instagram.com\/noticiasmercedinas\/"]},{"@type":"Person","@id":"https:\/\/noticiasmercedinas.com\/site\/#\/schema\/person\/84b59c099c28ff2e8b77d4ceec5d8063","name":"NOTICIASMERCEDINAS.COM","image":{"@type":"ImageObject","inLanguage":"es","@id":"https:\/\/secure.gravatar.com\/avatar\/4dfbf16b4d17945bfb6341b2d19043457132fcf478a5ee04f42e959fd8f5df0a?s=96&d=mm&r=g","url":"https:\/\/secure.gravatar.com\/avatar\/4dfbf16b4d17945bfb6341b2d19043457132fcf478a5ee04f42e959fd8f5df0a?s=96&d=mm&r=g","contentUrl":"https:\/\/secure.gravatar.com\/avatar\/4dfbf16b4d17945bfb6341b2d19043457132fcf478a5ee04f42e959fd8f5df0a?s=96&d=mm&r=g","caption":"NOTICIASMERCEDINAS.COM"},"url":"https:\/\/noticiasmercedinas.com\/site\/author\/anonimo\/"}]}},"amp_enabled":true,"_links":{"self":[{"href":"https:\/\/noticiasmercedinas.com\/site\/wp-json\/wp\/v2\/posts\/144946","targetHints":{"allow":["GET"]}}],"collection":[{"href":"https:\/\/noticiasmercedinas.com\/site\/wp-json\/wp\/v2\/posts"}],"about":[{"href":"https:\/\/noticiasmercedinas.com\/site\/wp-json\/wp\/v2\/types\/post"}],"author":[{"embeddable":true,"href":"https:\/\/noticiasmercedinas.com\/site\/wp-json\/wp\/v2\/users\/16"}],"replies":[{"embeddable":true,"href":"https:\/\/noticiasmercedinas.com\/site\/wp-json\/wp\/v2\/comments?post=144946"}],"version-history":[{"count":2,"href":"https:\/\/noticiasmercedinas.com\/site\/wp-json\/wp\/v2\/posts\/144946\/revisions"}],"predecessor-version":[{"id":144951,"href":"https:\/\/noticiasmercedinas.com\/site\/wp-json\/wp\/v2\/posts\/144946\/revisions\/144951"}],"wp:featuredmedia":[{"embeddable":true,"href":"https:\/\/noticiasmercedinas.com\/site\/wp-json\/wp\/v2\/media\/144947"}],"wp:attachment":[{"href":"https:\/\/noticiasmercedinas.com\/site\/wp-json\/wp\/v2\/media?parent=144946"}],"wp:term":[{"taxonomy":"category","embeddable":true,"href":"https:\/\/noticiasmercedinas.com\/site\/wp-json\/wp\/v2\/categories?post=144946"},{"taxonomy":"post_tag","embeddable":true,"href":"https:\/\/noticiasmercedinas.com\/site\/wp-json\/wp\/v2\/tags?post=144946"}],"curies":[{"name":"wp","href":"https:\/\/api.w.org\/{rel}","templated":true}]}}