{"id":145044,"date":"2024-09-29T23:16:56","date_gmt":"2024-09-30T02:16:56","guid":{"rendered":"https:\/\/noticiasmercedinas.com\/site\/?p=145044"},"modified":"2024-09-29T23:17:21","modified_gmt":"2024-09-30T02:17:21","slug":"mauricio-pollacchi-y-mercedinos-participaron-del-acto-de-la-libertad-avanza-con-javier-y-karina-milei","status":"publish","type":"post","link":"https:\/\/noticiasmercedinas.com\/site\/2024\/09\/29\/mauricio-pollacchi-y-mercedinos-participaron-del-acto-de-la-libertad-avanza-con-javier-y-karina-milei\/","title":{"rendered":"Mauricio Pollacchi y mercedinos participaron del acto de La Libertad Avanza con Javier y Karina Milei"},"content":{"rendered":"<p><img loading=\"lazy\" decoding=\"async\" class=\"alignnone size-full wp-image-145045\" src=\"https:\/\/noticiasmercedinas.com\/site\/wp-content\/uploads\/2024\/09\/d597a2c9-52fb-4566-8aa3-4e8f59d2b5b5.jpg\" alt=\"\" width=\"1056\" height=\"594\" srcset=\"https:\/\/noticiasmercedinas.com\/site\/wp-content\/uploads\/2024\/09\/d597a2c9-52fb-4566-8aa3-4e8f59d2b5b5.jpg 1056w, https:\/\/noticiasmercedinas.com\/site\/wp-content\/uploads\/2024\/09\/d597a2c9-52fb-4566-8aa3-4e8f59d2b5b5-300x169.jpg 300w, https:\/\/noticiasmercedinas.com\/site\/wp-content\/uploads\/2024\/09\/d597a2c9-52fb-4566-8aa3-4e8f59d2b5b5-1024x576.jpg 1024w, https:\/\/noticiasmercedinas.com\/site\/wp-content\/uploads\/2024\/09\/d597a2c9-52fb-4566-8aa3-4e8f59d2b5b5-768x432.jpg 768w, https:\/\/noticiasmercedinas.com\/site\/wp-content\/uploads\/2024\/09\/d597a2c9-52fb-4566-8aa3-4e8f59d2b5b5-640x360.jpg 640w, https:\/\/noticiasmercedinas.com\/site\/wp-content\/uploads\/2024\/09\/d597a2c9-52fb-4566-8aa3-4e8f59d2b5b5-681x383.jpg 681w\" sizes=\"auto, (max-width: 1056px) 100vw, 1056px\" \/><\/p>\n<p>En una semana marcada por importantes eventos pol\u00edticos, como el discurso del presidente Javier Milei ante la ONU y la salida del exministro de Salud Mario Russo, el mandatario encabez\u00f3 el pasado s\u00e1bado el lanzamiento oficial de La Libertad Avanza (LLA) como partido nacional en Parque Lezama. Durante el evento, Milei comparti\u00f3 escenario con su hermana Karina, quien consolid\u00f3 su posici\u00f3n como figura central del espacio, y lanz\u00f3 cr\u00edticas hacia la prensa, a la que calific\u00f3 de \u00abensobrada\u00bb y parte de la \u00abcasta period\u00edstica\u00bb. Adem\u00e1s, el presidente acus\u00f3 al gobierno anterior de \u00abmultiplicar la pobreza\u00bb y destac\u00f3 a miembros de su equipo como los ministros Guillermo Francos, Luis Caputo, Patricia Bullrich, Sandra Pettovello y Luis Petri.<\/p>\n<p>El acto, celebrado bajo el lema \u00abPara terminar con la casta volvemos a Parque Lezama\u00bb, comenz\u00f3 pasadas las 20 horas en un escenario familiar para Milei, quien ya hab\u00eda utilizado ese lugar para sus primeros actos partidarios antes de las elecciones legislativas de 2021, en las que gan\u00f3 su banca como diputado. Milei remarc\u00f3 la importancia del momento al recordar c\u00f3mo, hace tres a\u00f1os, LLA se present\u00f3 como un frente pol\u00edtico sin contar con un partido propio, algo que, seg\u00fan \u00e9l, la \u00abcasta pol\u00edtica\u00bb cre\u00eda imposible.<\/p>\n<p>Entre los asistentes al evento, se destac\u00f3 la participaci\u00f3n de varios mercedinos, incluyendo a Mauricio Pollacchi, concejal y jefe de ANSES, y quien tuvo un rol activo en la coordinaci\u00f3n de LLA en la provincia de Buenos Aires.<\/p>\n<p>Pollacchi, en declaraciones a este medio, expres\u00f3: \u00abEstuvo muy lindo. Muchas familias. Desde Mercedes viajamos varios grupos y estuvimos a unos 15 metros del escenario. Para nosotros es muy importante este lanzamiento del partido nacional. El a\u00f1o pasado coordinamos el frente, donde participaban varios partidos, pero no ten\u00edamos uno propio. Hoy la situaci\u00f3n es distinta; ya constituimos el partido y tuve el privilegio de ser elegido como parte de las autoridades en la provincia\u00bb.<\/p>\n<p>Pollacchi tambi\u00e9n destac\u00f3 la relevancia del acto, donde Milei realiz\u00f3 un recorrido por su campa\u00f1a de 2021 y proyect\u00f3 un futuro ambicioso para LLA. \u00abFue emocionante\u00bb, a\u00f1adi\u00f3 Pollacchi, \u00abpudimos encontrarnos con dirigentes y funcionarios, y ahora que La Libertad Avanza es un partido, no dependeremos de nadie en las pr\u00f3ximas elecciones. En 2025 vamos a dar un batacazo legislativo y en 2027 vamos a ganar la ciudad\u00bb.<\/p>\n<p>El evento dej\u00f3 en claro que La Libertad Avanza busca consolidarse como una fuerza pol\u00edtica nacional, con la figura de Karina Milei tomando un rol protag\u00f3nico en la estrategia electoral de cara a los pr\u00f3ximos desaf\u00edos.<\/p>\n<p><img loading=\"lazy\" decoding=\"async\" class=\"alignnone wp-image-145046\" src=\"https:\/\/noticiasmercedinas.com\/site\/wp-content\/uploads\/2024\/09\/615137f0-2903-4e59-a0c7-1415da46ee79.jpg\" alt=\"\" width=\"640\" height=\"1223\" srcset=\"https:\/\/noticiasmercedinas.com\/site\/wp-content\/uploads\/2024\/09\/615137f0-2903-4e59-a0c7-1415da46ee79.jpg 541w, https:\/\/noticiasmercedinas.com\/site\/wp-content\/uploads\/2024\/09\/615137f0-2903-4e59-a0c7-1415da46ee79-157x300.jpg 157w, https:\/\/noticiasmercedinas.com\/site\/wp-content\/uploads\/2024\/09\/615137f0-2903-4e59-a0c7-1415da46ee79-536x1024.jpg 536w\" sizes=\"auto, (max-width: 640px) 100vw, 640px\" \/><\/p>\n","protected":false},"excerpt":{"rendered":"<p>\u25a0 El acto fue el s\u00e1bado, en Parque Lezama. \u00abEn 2025 vamos a dar un batacazo legislativo y en 2027 vamos a ganar la ciudad\u00bb asegur\u00f3 Mauricio Pollacchi.<\/p>\n","protected":false},"author":16,"featured_media":145045,"comment_status":"closed","ping_status":"closed","sticky":false,"template":"","format":"standard","meta":{"footnotes":""},"categories":[16],"tags":[15388,8739],"class_list":["post-145044","post","type-post","status-publish","format-standard","has-post-thumbnail","hentry","category-politica","tag-la-libertad-avanza","tag-mauricio-pollacchi"],"yoast_head":"<!-- This site is optimized with the Yoast SEO plugin v27.4 - https:\/\/yoast.com\/product\/yoast-seo-wordpress\/ -->\n<title>Mauricio Pollacchi y mercedinos participaron del acto de La Libertad Avanza con Javier y Karina Milei<\/title>\n<meta name=\"robots\" content=\"index, follow, max-snippet:-1, max-image-preview:large, max-video-preview:-1\" \/>\n<link rel=\"canonical\" href=\"https:\/\/noticiasmercedinas.com\/site\/2024\/09\/29\/mauricio-pollacchi-y-mercedinos-participaron-del-acto-de-la-libertad-avanza-con-javier-y-karina-milei\/\" \/>\n<meta property=\"og:locale\" content=\"es_ES\" \/>\n<meta property=\"og:type\" content=\"article\" \/>\n<meta property=\"og:title\" content=\"Mauricio Pollacchi y mercedinos participaron del acto de La Libertad Avanza con Javier y Karina Milei\" \/>\n<meta property=\"og:description\" content=\"\u25a0 El acto fue el s\u00e1bado, en Parque Lezama. &quot;En 2025 vamos a dar un batacazo legislativo y en 2027 vamos a ganar la ciudad&quot; asegur\u00f3 Mauricio Pollacchi.\" \/>\n<meta property=\"og:url\" content=\"https:\/\/noticiasmercedinas.com\/site\/2024\/09\/29\/mauricio-pollacchi-y-mercedinos-participaron-del-acto-de-la-libertad-avanza-con-javier-y-karina-milei\/\" \/>\n<meta property=\"og:site_name\" content=\"NOTICIASMERCEDINAS.COM\" \/>\n<meta property=\"article:publisher\" content=\"https:\/\/www.facebook.com\/noticiasmercedinas\/\" \/>\n<meta property=\"article:published_time\" content=\"2024-09-30T02:16:56+00:00\" \/>\n<meta property=\"article:modified_time\" content=\"2024-09-30T02:17:21+00:00\" \/>\n<meta property=\"og:image\" content=\"https:\/\/noticiasmercedinas.com\/site\/wp-content\/uploads\/2024\/09\/d597a2c9-52fb-4566-8aa3-4e8f59d2b5b5.jpg\" \/>\n\t<meta property=\"og:image:width\" content=\"1056\" \/>\n\t<meta property=\"og:image:height\" content=\"594\" \/>\n\t<meta property=\"og:image:type\" content=\"image\/jpeg\" \/>\n<meta name=\"author\" content=\"NOTICIASMERCEDINAS.COM\" \/>\n<meta name=\"twitter:card\" content=\"summary_large_image\" \/>\n<meta name=\"twitter:creator\" content=\"@notmercedinas\" \/>\n<meta name=\"twitter:site\" content=\"@notmercedinas\" \/>\n<meta name=\"twitter:label1\" content=\"Escrito por\" \/>\n\t<meta name=\"twitter:data1\" content=\"NOTICIASMERCEDINAS.COM\" \/>\n\t<meta name=\"twitter:label2\" content=\"Tiempo de lectura\" \/>\n\t<meta name=\"twitter:data2\" content=\"2 minutos\" \/>\n<script type=\"application\/ld+json\" class=\"yoast-schema-graph\">{\"@context\":\"https:\\\/\\\/schema.org\",\"@graph\":[{\"@type\":\"Article\",\"@id\":\"https:\\\/\\\/noticiasmercedinas.com\\\/site\\\/2024\\\/09\\\/29\\\/mauricio-pollacchi-y-mercedinos-participaron-del-acto-de-la-libertad-avanza-con-javier-y-karina-milei\\\/#article\",\"isPartOf\":{\"@id\":\"https:\\\/\\\/noticiasmercedinas.com\\\/site\\\/2024\\\/09\\\/29\\\/mauricio-pollacchi-y-mercedinos-participaron-del-acto-de-la-libertad-avanza-con-javier-y-karina-milei\\\/\"},\"author\":{\"name\":\"NOTICIASMERCEDINAS.COM\",\"@id\":\"https:\\\/\\\/noticiasmercedinas.com\\\/site\\\/#\\\/schema\\\/person\\\/84b59c099c28ff2e8b77d4ceec5d8063\"},\"headline\":\"Mauricio Pollacchi y mercedinos participaron del acto de La Libertad Avanza con Javier y Karina Milei\",\"datePublished\":\"2024-09-30T02:16:56+00:00\",\"dateModified\":\"2024-09-30T02:17:21+00:00\",\"mainEntityOfPage\":{\"@id\":\"https:\\\/\\\/noticiasmercedinas.com\\\/site\\\/2024\\\/09\\\/29\\\/mauricio-pollacchi-y-mercedinos-participaron-del-acto-de-la-libertad-avanza-con-javier-y-karina-milei\\\/\"},\"wordCount\":453,\"publisher\":{\"@id\":\"https:\\\/\\\/noticiasmercedinas.com\\\/site\\\/#organization\"},\"image\":{\"@id\":\"https:\\\/\\\/noticiasmercedinas.com\\\/site\\\/2024\\\/09\\\/29\\\/mauricio-pollacchi-y-mercedinos-participaron-del-acto-de-la-libertad-avanza-con-javier-y-karina-milei\\\/#primaryimage\"},\"thumbnailUrl\":\"https:\\\/\\\/noticiasmercedinas.com\\\/site\\\/wp-content\\\/uploads\\\/2024\\\/09\\\/d597a2c9-52fb-4566-8aa3-4e8f59d2b5b5.jpg\",\"keywords\":[\"la libertad avanza\",\"mauricio pollacchi\"],\"articleSection\":[\"Politica\"],\"inLanguage\":\"es\"},{\"@type\":\"WebPage\",\"@id\":\"https:\\\/\\\/noticiasmercedinas.com\\\/site\\\/2024\\\/09\\\/29\\\/mauricio-pollacchi-y-mercedinos-participaron-del-acto-de-la-libertad-avanza-con-javier-y-karina-milei\\\/\",\"url\":\"https:\\\/\\\/noticiasmercedinas.com\\\/site\\\/2024\\\/09\\\/29\\\/mauricio-pollacchi-y-mercedinos-participaron-del-acto-de-la-libertad-avanza-con-javier-y-karina-milei\\\/\",\"name\":\"Mauricio Pollacchi y mercedinos participaron del acto de La Libertad Avanza con Javier y Karina Milei\",\"isPartOf\":{\"@id\":\"https:\\\/\\\/noticiasmercedinas.com\\\/site\\\/#website\"},\"primaryImageOfPage\":{\"@id\":\"https:\\\/\\\/noticiasmercedinas.com\\\/site\\\/2024\\\/09\\\/29\\\/mauricio-pollacchi-y-mercedinos-participaron-del-acto-de-la-libertad-avanza-con-javier-y-karina-milei\\\/#primaryimage\"},\"image\":{\"@id\":\"https:\\\/\\\/noticiasmercedinas.com\\\/site\\\/2024\\\/09\\\/29\\\/mauricio-pollacchi-y-mercedinos-participaron-del-acto-de-la-libertad-avanza-con-javier-y-karina-milei\\\/#primaryimage\"},\"thumbnailUrl\":\"https:\\\/\\\/noticiasmercedinas.com\\\/site\\\/wp-content\\\/uploads\\\/2024\\\/09\\\/d597a2c9-52fb-4566-8aa3-4e8f59d2b5b5.jpg\",\"datePublished\":\"2024-09-30T02:16:56+00:00\",\"dateModified\":\"2024-09-30T02:17:21+00:00\",\"breadcrumb\":{\"@id\":\"https:\\\/\\\/noticiasmercedinas.com\\\/site\\\/2024\\\/09\\\/29\\\/mauricio-pollacchi-y-mercedinos-participaron-del-acto-de-la-libertad-avanza-con-javier-y-karina-milei\\\/#breadcrumb\"},\"inLanguage\":\"es\",\"potentialAction\":[{\"@type\":\"ReadAction\",\"target\":[\"https:\\\/\\\/noticiasmercedinas.com\\\/site\\\/2024\\\/09\\\/29\\\/mauricio-pollacchi-y-mercedinos-participaron-del-acto-de-la-libertad-avanza-con-javier-y-karina-milei\\\/\"]}]},{\"@type\":\"ImageObject\",\"inLanguage\":\"es\",\"@id\":\"https:\\\/\\\/noticiasmercedinas.com\\\/site\\\/2024\\\/09\\\/29\\\/mauricio-pollacchi-y-mercedinos-participaron-del-acto-de-la-libertad-avanza-con-javier-y-karina-milei\\\/#primaryimage\",\"url\":\"https:\\\/\\\/noticiasmercedinas.com\\\/site\\\/wp-content\\\/uploads\\\/2024\\\/09\\\/d597a2c9-52fb-4566-8aa3-4e8f59d2b5b5.jpg\",\"contentUrl\":\"https:\\\/\\\/noticiasmercedinas.com\\\/site\\\/wp-content\\\/uploads\\\/2024\\\/09\\\/d597a2c9-52fb-4566-8aa3-4e8f59d2b5b5.jpg\",\"width\":1056,\"height\":594},{\"@type\":\"BreadcrumbList\",\"@id\":\"https:\\\/\\\/noticiasmercedinas.com\\\/site\\\/2024\\\/09\\\/29\\\/mauricio-pollacchi-y-mercedinos-participaron-del-acto-de-la-libertad-avanza-con-javier-y-karina-milei\\\/#breadcrumb\",\"itemListElement\":[{\"@type\":\"ListItem\",\"position\":1,\"name\":\"Portada\",\"item\":\"https:\\\/\\\/noticiasmercedinas.com\\\/site\\\/\"},{\"@type\":\"ListItem\",\"position\":2,\"name\":\"Mauricio Pollacchi y mercedinos participaron del acto de La Libertad Avanza con Javier y Karina Milei\"}]},{\"@type\":\"WebSite\",\"@id\":\"https:\\\/\\\/noticiasmercedinas.com\\\/site\\\/#website\",\"url\":\"https:\\\/\\\/noticiasmercedinas.com\\\/site\\\/\",\"name\":\"NOTICIASMERCEDINAS.COM\",\"description\":\"Mercedes, Buenos Aires, Argentina\",\"publisher\":{\"@id\":\"https:\\\/\\\/noticiasmercedinas.com\\\/site\\\/#organization\"},\"potentialAction\":[{\"@type\":\"SearchAction\",\"target\":{\"@type\":\"EntryPoint\",\"urlTemplate\":\"https:\\\/\\\/noticiasmercedinas.com\\\/site\\\/?s={search_term_string}\"},\"query-input\":{\"@type\":\"PropertyValueSpecification\",\"valueRequired\":true,\"valueName\":\"search_term_string\"}}],\"inLanguage\":\"es\"},{\"@type\":\"Organization\",\"@id\":\"https:\\\/\\\/noticiasmercedinas.com\\\/site\\\/#organization\",\"name\":\"NOTICIASMERCEDINAS.COM\",\"url\":\"https:\\\/\\\/noticiasmercedinas.com\\\/site\\\/\",\"logo\":{\"@type\":\"ImageObject\",\"inLanguage\":\"es\",\"@id\":\"https:\\\/\\\/noticiasmercedinas.com\\\/site\\\/#\\\/schema\\\/logo\\\/image\\\/\",\"url\":\"https:\\\/\\\/noticiasmercedinas.com\\\/site\\\/wp-content\\\/uploads\\\/2020\\\/06\\\/LOGO-512.jpg\",\"contentUrl\":\"https:\\\/\\\/noticiasmercedinas.com\\\/site\\\/wp-content\\\/uploads\\\/2020\\\/06\\\/LOGO-512.jpg\",\"width\":512,\"height\":512,\"caption\":\"NOTICIASMERCEDINAS.COM\"},\"image\":{\"@id\":\"https:\\\/\\\/noticiasmercedinas.com\\\/site\\\/#\\\/schema\\\/logo\\\/image\\\/\"},\"sameAs\":[\"https:\\\/\\\/www.facebook.com\\\/noticiasmercedinas\\\/\",\"https:\\\/\\\/x.com\\\/notmercedinas\",\"https:\\\/\\\/www.instagram.com\\\/noticiasmercedinas\\\/\"]},{\"@type\":\"Person\",\"@id\":\"https:\\\/\\\/noticiasmercedinas.com\\\/site\\\/#\\\/schema\\\/person\\\/84b59c099c28ff2e8b77d4ceec5d8063\",\"name\":\"NOTICIASMERCEDINAS.COM\",\"image\":{\"@type\":\"ImageObject\",\"inLanguage\":\"es\",\"@id\":\"https:\\\/\\\/secure.gravatar.com\\\/avatar\\\/4dfbf16b4d17945bfb6341b2d19043457132fcf478a5ee04f42e959fd8f5df0a?s=96&d=mm&r=g\",\"url\":\"https:\\\/\\\/secure.gravatar.com\\\/avatar\\\/4dfbf16b4d17945bfb6341b2d19043457132fcf478a5ee04f42e959fd8f5df0a?s=96&d=mm&r=g\",\"contentUrl\":\"https:\\\/\\\/secure.gravatar.com\\\/avatar\\\/4dfbf16b4d17945bfb6341b2d19043457132fcf478a5ee04f42e959fd8f5df0a?s=96&d=mm&r=g\",\"caption\":\"NOTICIASMERCEDINAS.COM\"},\"url\":\"https:\\\/\\\/noticiasmercedinas.com\\\/site\\\/author\\\/anonimo\\\/\"}]}<\/script>\n<!-- \/ Yoast SEO plugin. -->","yoast_head_json":{"title":"Mauricio Pollacchi y mercedinos participaron del acto de La Libertad Avanza con Javier y Karina Milei","robots":{"index":"index","follow":"follow","max-snippet":"max-snippet:-1","max-image-preview":"max-image-preview:large","max-video-preview":"max-video-preview:-1"},"canonical":"https:\/\/noticiasmercedinas.com\/site\/2024\/09\/29\/mauricio-pollacchi-y-mercedinos-participaron-del-acto-de-la-libertad-avanza-con-javier-y-karina-milei\/","og_locale":"es_ES","og_type":"article","og_title":"Mauricio Pollacchi y mercedinos participaron del acto de La Libertad Avanza con Javier y Karina Milei","og_description":"\u25a0 El acto fue el s\u00e1bado, en Parque Lezama. \"En 2025 vamos a dar un batacazo legislativo y en 2027 vamos a ganar la ciudad\" asegur\u00f3 Mauricio Pollacchi.","og_url":"https:\/\/noticiasmercedinas.com\/site\/2024\/09\/29\/mauricio-pollacchi-y-mercedinos-participaron-del-acto-de-la-libertad-avanza-con-javier-y-karina-milei\/","og_site_name":"NOTICIASMERCEDINAS.COM","article_publisher":"https:\/\/www.facebook.com\/noticiasmercedinas\/","article_published_time":"2024-09-30T02:16:56+00:00","article_modified_time":"2024-09-30T02:17:21+00:00","og_image":[{"width":1056,"height":594,"url":"https:\/\/noticiasmercedinas.com\/site\/wp-content\/uploads\/2024\/09\/d597a2c9-52fb-4566-8aa3-4e8f59d2b5b5.jpg","type":"image\/jpeg"}],"author":"NOTICIASMERCEDINAS.COM","twitter_card":"summary_large_image","twitter_creator":"@notmercedinas","twitter_site":"@notmercedinas","twitter_misc":{"Escrito por":"NOTICIASMERCEDINAS.COM","Tiempo de lectura":"2 minutos"},"schema":{"@context":"https:\/\/schema.org","@graph":[{"@type":"Article","@id":"https:\/\/noticiasmercedinas.com\/site\/2024\/09\/29\/mauricio-pollacchi-y-mercedinos-participaron-del-acto-de-la-libertad-avanza-con-javier-y-karina-milei\/#article","isPartOf":{"@id":"https:\/\/noticiasmercedinas.com\/site\/2024\/09\/29\/mauricio-pollacchi-y-mercedinos-participaron-del-acto-de-la-libertad-avanza-con-javier-y-karina-milei\/"},"author":{"name":"NOTICIASMERCEDINAS.COM","@id":"https:\/\/noticiasmercedinas.com\/site\/#\/schema\/person\/84b59c099c28ff2e8b77d4ceec5d8063"},"headline":"Mauricio Pollacchi y mercedinos participaron del acto de La Libertad Avanza con Javier y Karina Milei","datePublished":"2024-09-30T02:16:56+00:00","dateModified":"2024-09-30T02:17:21+00:00","mainEntityOfPage":{"@id":"https:\/\/noticiasmercedinas.com\/site\/2024\/09\/29\/mauricio-pollacchi-y-mercedinos-participaron-del-acto-de-la-libertad-avanza-con-javier-y-karina-milei\/"},"wordCount":453,"publisher":{"@id":"https:\/\/noticiasmercedinas.com\/site\/#organization"},"image":{"@id":"https:\/\/noticiasmercedinas.com\/site\/2024\/09\/29\/mauricio-pollacchi-y-mercedinos-participaron-del-acto-de-la-libertad-avanza-con-javier-y-karina-milei\/#primaryimage"},"thumbnailUrl":"https:\/\/noticiasmercedinas.com\/site\/wp-content\/uploads\/2024\/09\/d597a2c9-52fb-4566-8aa3-4e8f59d2b5b5.jpg","keywords":["la libertad avanza","mauricio pollacchi"],"articleSection":["Politica"],"inLanguage":"es"},{"@type":"WebPage","@id":"https:\/\/noticiasmercedinas.com\/site\/2024\/09\/29\/mauricio-pollacchi-y-mercedinos-participaron-del-acto-de-la-libertad-avanza-con-javier-y-karina-milei\/","url":"https:\/\/noticiasmercedinas.com\/site\/2024\/09\/29\/mauricio-pollacchi-y-mercedinos-participaron-del-acto-de-la-libertad-avanza-con-javier-y-karina-milei\/","name":"Mauricio Pollacchi y mercedinos participaron del acto de La Libertad Avanza con Javier y Karina Milei","isPartOf":{"@id":"https:\/\/noticiasmercedinas.com\/site\/#website"},"primaryImageOfPage":{"@id":"https:\/\/noticiasmercedinas.com\/site\/2024\/09\/29\/mauricio-pollacchi-y-mercedinos-participaron-del-acto-de-la-libertad-avanza-con-javier-y-karina-milei\/#primaryimage"},"image":{"@id":"https:\/\/noticiasmercedinas.com\/site\/2024\/09\/29\/mauricio-pollacchi-y-mercedinos-participaron-del-acto-de-la-libertad-avanza-con-javier-y-karina-milei\/#primaryimage"},"thumbnailUrl":"https:\/\/noticiasmercedinas.com\/site\/wp-content\/uploads\/2024\/09\/d597a2c9-52fb-4566-8aa3-4e8f59d2b5b5.jpg","datePublished":"2024-09-30T02:16:56+00:00","dateModified":"2024-09-30T02:17:21+00:00","breadcrumb":{"@id":"https:\/\/noticiasmercedinas.com\/site\/2024\/09\/29\/mauricio-pollacchi-y-mercedinos-participaron-del-acto-de-la-libertad-avanza-con-javier-y-karina-milei\/#breadcrumb"},"inLanguage":"es","potentialAction":[{"@type":"ReadAction","target":["https:\/\/noticiasmercedinas.com\/site\/2024\/09\/29\/mauricio-pollacchi-y-mercedinos-participaron-del-acto-de-la-libertad-avanza-con-javier-y-karina-milei\/"]}]},{"@type":"ImageObject","inLanguage":"es","@id":"https:\/\/noticiasmercedinas.com\/site\/2024\/09\/29\/mauricio-pollacchi-y-mercedinos-participaron-del-acto-de-la-libertad-avanza-con-javier-y-karina-milei\/#primaryimage","url":"https:\/\/noticiasmercedinas.com\/site\/wp-content\/uploads\/2024\/09\/d597a2c9-52fb-4566-8aa3-4e8f59d2b5b5.jpg","contentUrl":"https:\/\/noticiasmercedinas.com\/site\/wp-content\/uploads\/2024\/09\/d597a2c9-52fb-4566-8aa3-4e8f59d2b5b5.jpg","width":1056,"height":594},{"@type":"BreadcrumbList","@id":"https:\/\/noticiasmercedinas.com\/site\/2024\/09\/29\/mauricio-pollacchi-y-mercedinos-participaron-del-acto-de-la-libertad-avanza-con-javier-y-karina-milei\/#breadcrumb","itemListElement":[{"@type":"ListItem","position":1,"name":"Portada","item":"https:\/\/noticiasmercedinas.com\/site\/"},{"@type":"ListItem","position":2,"name":"Mauricio Pollacchi y mercedinos participaron del acto de La Libertad Avanza con Javier y Karina Milei"}]},{"@type":"WebSite","@id":"https:\/\/noticiasmercedinas.com\/site\/#website","url":"https:\/\/noticiasmercedinas.com\/site\/","name":"NOTICIASMERCEDINAS.COM","description":"Mercedes, Buenos Aires, Argentina","publisher":{"@id":"https:\/\/noticiasmercedinas.com\/site\/#organization"},"potentialAction":[{"@type":"SearchAction","target":{"@type":"EntryPoint","urlTemplate":"https:\/\/noticiasmercedinas.com\/site\/?s={search_term_string}"},"query-input":{"@type":"PropertyValueSpecification","valueRequired":true,"valueName":"search_term_string"}}],"inLanguage":"es"},{"@type":"Organization","@id":"https:\/\/noticiasmercedinas.com\/site\/#organization","name":"NOTICIASMERCEDINAS.COM","url":"https:\/\/noticiasmercedinas.com\/site\/","logo":{"@type":"ImageObject","inLanguage":"es","@id":"https:\/\/noticiasmercedinas.com\/site\/#\/schema\/logo\/image\/","url":"https:\/\/noticiasmercedinas.com\/site\/wp-content\/uploads\/2020\/06\/LOGO-512.jpg","contentUrl":"https:\/\/noticiasmercedinas.com\/site\/wp-content\/uploads\/2020\/06\/LOGO-512.jpg","width":512,"height":512,"caption":"NOTICIASMERCEDINAS.COM"},"image":{"@id":"https:\/\/noticiasmercedinas.com\/site\/#\/schema\/logo\/image\/"},"sameAs":["https:\/\/www.facebook.com\/noticiasmercedinas\/","https:\/\/x.com\/notmercedinas","https:\/\/www.instagram.com\/noticiasmercedinas\/"]},{"@type":"Person","@id":"https:\/\/noticiasmercedinas.com\/site\/#\/schema\/person\/84b59c099c28ff2e8b77d4ceec5d8063","name":"NOTICIASMERCEDINAS.COM","image":{"@type":"ImageObject","inLanguage":"es","@id":"https:\/\/secure.gravatar.com\/avatar\/4dfbf16b4d17945bfb6341b2d19043457132fcf478a5ee04f42e959fd8f5df0a?s=96&d=mm&r=g","url":"https:\/\/secure.gravatar.com\/avatar\/4dfbf16b4d17945bfb6341b2d19043457132fcf478a5ee04f42e959fd8f5df0a?s=96&d=mm&r=g","contentUrl":"https:\/\/secure.gravatar.com\/avatar\/4dfbf16b4d17945bfb6341b2d19043457132fcf478a5ee04f42e959fd8f5df0a?s=96&d=mm&r=g","caption":"NOTICIASMERCEDINAS.COM"},"url":"https:\/\/noticiasmercedinas.com\/site\/author\/anonimo\/"}]}},"amp_enabled":true,"_links":{"self":[{"href":"https:\/\/noticiasmercedinas.com\/site\/wp-json\/wp\/v2\/posts\/145044","targetHints":{"allow":["GET"]}}],"collection":[{"href":"https:\/\/noticiasmercedinas.com\/site\/wp-json\/wp\/v2\/posts"}],"about":[{"href":"https:\/\/noticiasmercedinas.com\/site\/wp-json\/wp\/v2\/types\/post"}],"author":[{"embeddable":true,"href":"https:\/\/noticiasmercedinas.com\/site\/wp-json\/wp\/v2\/users\/16"}],"replies":[{"embeddable":true,"href":"https:\/\/noticiasmercedinas.com\/site\/wp-json\/wp\/v2\/comments?post=145044"}],"version-history":[{"count":2,"href":"https:\/\/noticiasmercedinas.com\/site\/wp-json\/wp\/v2\/posts\/145044\/revisions"}],"predecessor-version":[{"id":145051,"href":"https:\/\/noticiasmercedinas.com\/site\/wp-json\/wp\/v2\/posts\/145044\/revisions\/145051"}],"wp:featuredmedia":[{"embeddable":true,"href":"https:\/\/noticiasmercedinas.com\/site\/wp-json\/wp\/v2\/media\/145045"}],"wp:attachment":[{"href":"https:\/\/noticiasmercedinas.com\/site\/wp-json\/wp\/v2\/media?parent=145044"}],"wp:term":[{"taxonomy":"category","embeddable":true,"href":"https:\/\/noticiasmercedinas.com\/site\/wp-json\/wp\/v2\/categories?post=145044"},{"taxonomy":"post_tag","embeddable":true,"href":"https:\/\/noticiasmercedinas.com\/site\/wp-json\/wp\/v2\/tags?post=145044"}],"curies":[{"name":"wp","href":"https:\/\/api.w.org\/{rel}","templated":true}]}}