{"id":145065,"date":"2024-09-30T09:12:20","date_gmt":"2024-09-30T12:12:20","guid":{"rendered":"https:\/\/noticiasmercedinas.com\/site\/?p=145065"},"modified":"2024-09-30T09:12:20","modified_gmt":"2024-09-30T12:12:20","slug":"club-mercedes-en-atlas-enfrenta-esta-tarde-a-deportivo-muniz","status":"publish","type":"post","link":"https:\/\/noticiasmercedinas.com\/site\/2024\/09\/30\/club-mercedes-en-atlas-enfrenta-esta-tarde-a-deportivo-muniz\/","title":{"rendered":"Club Mercedes en Atlas enfrenta esta tarde a Deportivo Mu\u00f1iz"},"content":{"rendered":"<figure id=\"attachment_145067\" aria-describedby=\"caption-attachment-145067\" style=\"width: 640px\" class=\"wp-caption alignnone\"><img loading=\"lazy\" decoding=\"async\" class=\"wp-image-145067 size-full\" src=\"https:\/\/noticiasmercedinas.com\/site\/wp-content\/uploads\/2024\/09\/IMG_1648.jpg\" alt=\"\" width=\"640\" height=\"391\" srcset=\"https:\/\/noticiasmercedinas.com\/site\/wp-content\/uploads\/2024\/09\/IMG_1648.jpg 640w, https:\/\/noticiasmercedinas.com\/site\/wp-content\/uploads\/2024\/09\/IMG_1648-300x183.jpg 300w\" sizes=\"auto, (max-width: 640px) 100vw, 640px\" \/><figcaption id=\"caption-attachment-145067\" class=\"wp-caption-text\">La ida fue 0 a 0 en al Liga.<\/figcaption><\/figure>\n<p>Esta tarde por la 15\u00b0 fecha de la Primera C jugar\u00e1 Club Mercedes, visitar\u00e1 en cancha de Atlas, en La Malvinas (General Rodr\u00edguez, a Deportivo Mu\u00f1iz desde la hora 15. Ser\u00e1 un juego donde buscar\u00e1 sumar, lo mismo pretende el rival al venir de una serie de encuentros donde no alcanz\u00f3 los mejores resultados.<\/p>\n<p>El \u201cBlanquinegro\u201d en la pasada jornada cay\u00f3 3-0 en al Liga ante General Lamadrid, el \u201cRayo Rojo\u201d viene de quedar libre para caer en la 14\u00b0 fecha en su visita a Lamadrid por 4 a 1. No gana desde el 26 de agosto 1-0 a Barracas, luego perdi\u00f3 1-0 ante Luj\u00e1n y empat\u00f3 sin goles con El Porvenir e Ituzaing\u00f3.<\/p>\n<p>El dato positivo en Mercedes es la vuelta del goleador Santiago Auteri, cumpli\u00f3 la fecha por 5 amarilla, en este aspecto lleg\u00f3 al l\u00edmite Franco Cruz y no estar\u00e1 entre los citados. Se viene un partido clave para ambos, que buscan reencaminarse en el Clausura, tras este juego los de Mena quedar\u00e1n libres y luego esperan por Central C\u00f3rdoba en la Liga.<\/p>\n<p>El \u00faltimo antecedente entre ambos es un empate sin goles en la Liga por el Apertura, ya en la Primera D supieron tener sus cruces, es Mu\u00f1iz el primer rival que tuvo Club Mercedes en su ingreso a la AFA y la cancha ser\u00e1 la misma de aquel debut. El plantel almorzar\u00e1 este lunes en la sede de 29 y 20 para partir a la 12.30.<\/p>\n<p><strong>Convocados<\/strong><br \/>\nMat\u00edas Caputo y Francisco Bidone (arqueros), Joaqu\u00edn Cejas, Mart\u00edn Zuccaro, Gonzalo Pulido, Agust\u00edn Rivera, Hern\u00e1n Pineda y Rodrigo Torres (defensores), Franco Ortigosa, Tom\u00e1s Chaparro, Ian Gerez, Pablo Almada, Ulises Bustos, Santiago Romagnoli, Isa\u00edas Bay (volantes), Franco Gatti, Santiago Auteri, Lucas Rey, Daniel Lucero y El\u00edas Vel\u00e1zquez (delanteros).<\/p>\n<p><strong>Resultados<\/strong><br \/>\n<strong>Sportivo Barracas 0.<br \/>\nClaypole 5:<\/strong> Mat\u00edas Coselli, Claudio Charles, Lenel Llodr\u00e1 2 (uno de penal) y Claudio Villareal.<\/p>\n<p><strong>Berazategui 2:<\/strong> Mat\u00edas Flores y Kevin Gim\u00e9nez.<br \/>\n<strong>Central Ballester 1:<\/strong> Santiago Correa.<\/p>\n<p><strong>JJ Urquiza 1:<\/strong> Fabi\u00e1n Lucero.<br \/>\n<strong>Victoriano Arenas 0<\/strong>.<br \/>\n<img loading=\"lazy\" decoding=\"async\" class=\"alignnone size-full wp-image-145068\" src=\"https:\/\/noticiasmercedinas.com\/site\/wp-content\/uploads\/2024\/09\/Primera-C-18.jpg\" alt=\"\" width=\"640\" height=\"751\" srcset=\"https:\/\/noticiasmercedinas.com\/site\/wp-content\/uploads\/2024\/09\/Primera-C-18.jpg 640w, https:\/\/noticiasmercedinas.com\/site\/wp-content\/uploads\/2024\/09\/Primera-C-18-256x300.jpg 256w\" sizes=\"auto, (max-width: 640px) 100vw, 640px\" \/><br \/>\n(1) Tienen un partido suspendido.<strong><\/p>\n<p>Lunes 30<\/strong><br \/>\nA las 15 Luj\u00e1n vs. Juventud Unida.<\/p>\n<p><strong>Cancha: <\/strong>Atlas.<br \/>\nA las 15 Deportivo Mu\u00f1iz vs. Club Mercedes.<br \/>\n<strong>\u00c1rbitro:<\/strong> Manuel Girett.<br \/>\n<strong>Asistente 1:<\/strong> Heber Ib\u00e1\u00f1ez Mesa.<br \/>\n<strong>Asistente 2:<\/strong> Franco Boetti.<br \/>\n<strong>Cuarto \u00e1rbitro:<\/strong> Iv\u00e1n Castelu Coca.<\/p>\n<p><img loading=\"lazy\" decoding=\"async\" class=\"alignnone size-full wp-image-145066\" src=\"https:\/\/noticiasmercedinas.com\/site\/wp-content\/uploads\/2024\/09\/Primera-C-General-17.jpg\" alt=\"\" width=\"640\" height=\"756\" srcset=\"https:\/\/noticiasmercedinas.com\/site\/wp-content\/uploads\/2024\/09\/Primera-C-General-17.jpg 640w, https:\/\/noticiasmercedinas.com\/site\/wp-content\/uploads\/2024\/09\/Primera-C-General-17-254x300.jpg 254w\" sizes=\"auto, (max-width: 640px) 100vw, 640px\" \/><br \/>\n* Ganador del Apertura.<br \/>\nEl \u00faltimo de la tabla perder\u00e1 la categor\u00eda.<\/p>\n","protected":false},"excerpt":{"rendered":"<p>\u25a0 Los har\u00e1 por la Primera C desde la hora 15 en medio de la 15\u00b0 fecha que va culminando. Vuelve Santiago Auteri y estar\u00e1 ausente Franco Cruz. Los dos equipos llegan con la necesidad de ganar.<\/p>\n","protected":false},"author":6,"featured_media":145067,"comment_status":"closed","ping_status":"closed","sticky":false,"template":"","format":"standard","meta":{"footnotes":""},"categories":[5],"tags":[6424,135,14247,6434],"class_list":["post-145065","post","type-post","status-publish","format-standard","has-post-thumbnail","hentry","category-deportes","tag-afa","tag-club-mercedes","tag-deportivo-muniz","tag-primera-c"],"yoast_head":"<!-- This site is optimized with the Yoast SEO plugin v27.5 - https:\/\/yoast.com\/product\/yoast-seo-wordpress\/ -->\n<title>Club Mercedes en Atlas enfrenta esta tarde a Deportivo Mu\u00f1iz<\/title>\n<meta name=\"robots\" content=\"index, follow, max-snippet:-1, max-image-preview:large, max-video-preview:-1\" \/>\n<link rel=\"canonical\" href=\"https:\/\/noticiasmercedinas.com\/site\/2024\/09\/30\/club-mercedes-en-atlas-enfrenta-esta-tarde-a-deportivo-muniz\/\" \/>\n<meta property=\"og:locale\" content=\"es_ES\" \/>\n<meta property=\"og:type\" content=\"article\" \/>\n<meta property=\"og:title\" content=\"Club Mercedes en Atlas enfrenta esta tarde a Deportivo Mu\u00f1iz\" \/>\n<meta property=\"og:description\" content=\"\u25a0 Los har\u00e1 por la Primera C desde la hora 15 en medio de la 15\u00b0 fecha que va culminando. Vuelve Santiago Auteri y estar\u00e1 ausente Franco Cruz. Los dos equipos llegan con la necesidad de ganar.\" \/>\n<meta property=\"og:url\" content=\"https:\/\/noticiasmercedinas.com\/site\/2024\/09\/30\/club-mercedes-en-atlas-enfrenta-esta-tarde-a-deportivo-muniz\/\" \/>\n<meta property=\"og:site_name\" content=\"NOTICIASMERCEDINAS.COM\" \/>\n<meta property=\"article:publisher\" content=\"https:\/\/www.facebook.com\/noticiasmercedinas\/\" \/>\n<meta property=\"article:published_time\" content=\"2024-09-30T12:12:20+00:00\" \/>\n<meta property=\"og:image\" content=\"https:\/\/noticiasmercedinas.com\/site\/wp-content\/uploads\/2024\/09\/IMG_1648.jpg\" \/>\n\t<meta property=\"og:image:width\" content=\"640\" \/>\n\t<meta property=\"og:image:height\" content=\"391\" \/>\n\t<meta property=\"og:image:type\" content=\"image\/jpeg\" \/>\n<meta name=\"author\" content=\"Juan Dagnino NOTICIASMERCEDINAS.COM\" \/>\n<meta name=\"twitter:card\" content=\"summary_large_image\" \/>\n<meta name=\"twitter:creator\" content=\"@notmercedinas\" \/>\n<meta name=\"twitter:site\" content=\"@notmercedinas\" \/>\n<meta name=\"twitter:label1\" content=\"Escrito por\" \/>\n\t<meta name=\"twitter:data1\" content=\"Juan Dagnino NOTICIASMERCEDINAS.COM\" \/>\n\t<meta name=\"twitter:label2\" content=\"Tiempo de lectura\" \/>\n\t<meta name=\"twitter:data2\" content=\"2 minutos\" \/>\n<script type=\"application\/ld+json\" class=\"yoast-schema-graph\">{\"@context\":\"https:\\\/\\\/schema.org\",\"@graph\":[{\"@type\":\"Article\",\"@id\":\"https:\\\/\\\/noticiasmercedinas.com\\\/site\\\/2024\\\/09\\\/30\\\/club-mercedes-en-atlas-enfrenta-esta-tarde-a-deportivo-muniz\\\/#article\",\"isPartOf\":{\"@id\":\"https:\\\/\\\/noticiasmercedinas.com\\\/site\\\/2024\\\/09\\\/30\\\/club-mercedes-en-atlas-enfrenta-esta-tarde-a-deportivo-muniz\\\/\"},\"author\":{\"name\":\"Juan Dagnino NOTICIASMERCEDINAS.COM\",\"@id\":\"https:\\\/\\\/noticiasmercedinas.com\\\/site\\\/#\\\/schema\\\/person\\\/8f2f09d666ef40986eba4a5e6f2a06f9\"},\"headline\":\"Club Mercedes en Atlas enfrenta esta tarde a Deportivo Mu\u00f1iz\",\"datePublished\":\"2024-09-30T12:12:20+00:00\",\"mainEntityOfPage\":{\"@id\":\"https:\\\/\\\/noticiasmercedinas.com\\\/site\\\/2024\\\/09\\\/30\\\/club-mercedes-en-atlas-enfrenta-esta-tarde-a-deportivo-muniz\\\/\"},\"wordCount\":408,\"publisher\":{\"@id\":\"https:\\\/\\\/noticiasmercedinas.com\\\/site\\\/#organization\"},\"image\":{\"@id\":\"https:\\\/\\\/noticiasmercedinas.com\\\/site\\\/2024\\\/09\\\/30\\\/club-mercedes-en-atlas-enfrenta-esta-tarde-a-deportivo-muniz\\\/#primaryimage\"},\"thumbnailUrl\":\"https:\\\/\\\/noticiasmercedinas.com\\\/site\\\/wp-content\\\/uploads\\\/2024\\\/09\\\/IMG_1648.jpg\",\"keywords\":[\"AFA\",\"club mercedes\",\"Deportivo Mu\u00f1iz\",\"Primera C\"],\"articleSection\":[\"Deportes\"],\"inLanguage\":\"es\"},{\"@type\":\"WebPage\",\"@id\":\"https:\\\/\\\/noticiasmercedinas.com\\\/site\\\/2024\\\/09\\\/30\\\/club-mercedes-en-atlas-enfrenta-esta-tarde-a-deportivo-muniz\\\/\",\"url\":\"https:\\\/\\\/noticiasmercedinas.com\\\/site\\\/2024\\\/09\\\/30\\\/club-mercedes-en-atlas-enfrenta-esta-tarde-a-deportivo-muniz\\\/\",\"name\":\"Club Mercedes en Atlas enfrenta esta tarde a Deportivo Mu\u00f1iz\",\"isPartOf\":{\"@id\":\"https:\\\/\\\/noticiasmercedinas.com\\\/site\\\/#website\"},\"primaryImageOfPage\":{\"@id\":\"https:\\\/\\\/noticiasmercedinas.com\\\/site\\\/2024\\\/09\\\/30\\\/club-mercedes-en-atlas-enfrenta-esta-tarde-a-deportivo-muniz\\\/#primaryimage\"},\"image\":{\"@id\":\"https:\\\/\\\/noticiasmercedinas.com\\\/site\\\/2024\\\/09\\\/30\\\/club-mercedes-en-atlas-enfrenta-esta-tarde-a-deportivo-muniz\\\/#primaryimage\"},\"thumbnailUrl\":\"https:\\\/\\\/noticiasmercedinas.com\\\/site\\\/wp-content\\\/uploads\\\/2024\\\/09\\\/IMG_1648.jpg\",\"datePublished\":\"2024-09-30T12:12:20+00:00\",\"breadcrumb\":{\"@id\":\"https:\\\/\\\/noticiasmercedinas.com\\\/site\\\/2024\\\/09\\\/30\\\/club-mercedes-en-atlas-enfrenta-esta-tarde-a-deportivo-muniz\\\/#breadcrumb\"},\"inLanguage\":\"es\",\"potentialAction\":[{\"@type\":\"ReadAction\",\"target\":[\"https:\\\/\\\/noticiasmercedinas.com\\\/site\\\/2024\\\/09\\\/30\\\/club-mercedes-en-atlas-enfrenta-esta-tarde-a-deportivo-muniz\\\/\"]}]},{\"@type\":\"ImageObject\",\"inLanguage\":\"es\",\"@id\":\"https:\\\/\\\/noticiasmercedinas.com\\\/site\\\/2024\\\/09\\\/30\\\/club-mercedes-en-atlas-enfrenta-esta-tarde-a-deportivo-muniz\\\/#primaryimage\",\"url\":\"https:\\\/\\\/noticiasmercedinas.com\\\/site\\\/wp-content\\\/uploads\\\/2024\\\/09\\\/IMG_1648.jpg\",\"contentUrl\":\"https:\\\/\\\/noticiasmercedinas.com\\\/site\\\/wp-content\\\/uploads\\\/2024\\\/09\\\/IMG_1648.jpg\",\"width\":640,\"height\":391},{\"@type\":\"BreadcrumbList\",\"@id\":\"https:\\\/\\\/noticiasmercedinas.com\\\/site\\\/2024\\\/09\\\/30\\\/club-mercedes-en-atlas-enfrenta-esta-tarde-a-deportivo-muniz\\\/#breadcrumb\",\"itemListElement\":[{\"@type\":\"ListItem\",\"position\":1,\"name\":\"Portada\",\"item\":\"https:\\\/\\\/noticiasmercedinas.com\\\/site\\\/\"},{\"@type\":\"ListItem\",\"position\":2,\"name\":\"Club Mercedes en Atlas enfrenta esta tarde a Deportivo Mu\u00f1iz\"}]},{\"@type\":\"WebSite\",\"@id\":\"https:\\\/\\\/noticiasmercedinas.com\\\/site\\\/#website\",\"url\":\"https:\\\/\\\/noticiasmercedinas.com\\\/site\\\/\",\"name\":\"NOTICIASMERCEDINAS.COM\",\"description\":\"Mercedes, Buenos Aires, Argentina\",\"publisher\":{\"@id\":\"https:\\\/\\\/noticiasmercedinas.com\\\/site\\\/#organization\"},\"potentialAction\":[{\"@type\":\"SearchAction\",\"target\":{\"@type\":\"EntryPoint\",\"urlTemplate\":\"https:\\\/\\\/noticiasmercedinas.com\\\/site\\\/?s={search_term_string}\"},\"query-input\":{\"@type\":\"PropertyValueSpecification\",\"valueRequired\":true,\"valueName\":\"search_term_string\"}}],\"inLanguage\":\"es\"},{\"@type\":\"Organization\",\"@id\":\"https:\\\/\\\/noticiasmercedinas.com\\\/site\\\/#organization\",\"name\":\"NOTICIASMERCEDINAS.COM\",\"url\":\"https:\\\/\\\/noticiasmercedinas.com\\\/site\\\/\",\"logo\":{\"@type\":\"ImageObject\",\"inLanguage\":\"es\",\"@id\":\"https:\\\/\\\/noticiasmercedinas.com\\\/site\\\/#\\\/schema\\\/logo\\\/image\\\/\",\"url\":\"https:\\\/\\\/noticiasmercedinas.com\\\/site\\\/wp-content\\\/uploads\\\/2020\\\/06\\\/LOGO-512.jpg\",\"contentUrl\":\"https:\\\/\\\/noticiasmercedinas.com\\\/site\\\/wp-content\\\/uploads\\\/2020\\\/06\\\/LOGO-512.jpg\",\"width\":512,\"height\":512,\"caption\":\"NOTICIASMERCEDINAS.COM\"},\"image\":{\"@id\":\"https:\\\/\\\/noticiasmercedinas.com\\\/site\\\/#\\\/schema\\\/logo\\\/image\\\/\"},\"sameAs\":[\"https:\\\/\\\/www.facebook.com\\\/noticiasmercedinas\\\/\",\"https:\\\/\\\/x.com\\\/notmercedinas\",\"https:\\\/\\\/www.instagram.com\\\/noticiasmercedinas\\\/\"]},{\"@type\":\"Person\",\"@id\":\"https:\\\/\\\/noticiasmercedinas.com\\\/site\\\/#\\\/schema\\\/person\\\/8f2f09d666ef40986eba4a5e6f2a06f9\",\"name\":\"Juan Dagnino NOTICIASMERCEDINAS.COM\",\"image\":{\"@type\":\"ImageObject\",\"inLanguage\":\"es\",\"@id\":\"https:\\\/\\\/secure.gravatar.com\\\/avatar\\\/fc7059a769f5a3cae65fadb228a3e4accf3a64b4b2305020d0a27e6d5333c91b?s=96&d=mm&r=g\",\"url\":\"https:\\\/\\\/secure.gravatar.com\\\/avatar\\\/fc7059a769f5a3cae65fadb228a3e4accf3a64b4b2305020d0a27e6d5333c91b?s=96&d=mm&r=g\",\"contentUrl\":\"https:\\\/\\\/secure.gravatar.com\\\/avatar\\\/fc7059a769f5a3cae65fadb228a3e4accf3a64b4b2305020d0a27e6d5333c91b?s=96&d=mm&r=g\",\"caption\":\"Juan Dagnino NOTICIASMERCEDINAS.COM\"},\"url\":\"https:\\\/\\\/noticiasmercedinas.com\\\/site\\\/author\\\/juandagnino\\\/\"}]}<\/script>\n<!-- \/ Yoast SEO plugin. -->","yoast_head_json":{"title":"Club Mercedes en Atlas enfrenta esta tarde a Deportivo Mu\u00f1iz","robots":{"index":"index","follow":"follow","max-snippet":"max-snippet:-1","max-image-preview":"max-image-preview:large","max-video-preview":"max-video-preview:-1"},"canonical":"https:\/\/noticiasmercedinas.com\/site\/2024\/09\/30\/club-mercedes-en-atlas-enfrenta-esta-tarde-a-deportivo-muniz\/","og_locale":"es_ES","og_type":"article","og_title":"Club Mercedes en Atlas enfrenta esta tarde a Deportivo Mu\u00f1iz","og_description":"\u25a0 Los har\u00e1 por la Primera C desde la hora 15 en medio de la 15\u00b0 fecha que va culminando. Vuelve Santiago Auteri y estar\u00e1 ausente Franco Cruz. Los dos equipos llegan con la necesidad de ganar.","og_url":"https:\/\/noticiasmercedinas.com\/site\/2024\/09\/30\/club-mercedes-en-atlas-enfrenta-esta-tarde-a-deportivo-muniz\/","og_site_name":"NOTICIASMERCEDINAS.COM","article_publisher":"https:\/\/www.facebook.com\/noticiasmercedinas\/","article_published_time":"2024-09-30T12:12:20+00:00","og_image":[{"width":640,"height":391,"url":"https:\/\/noticiasmercedinas.com\/site\/wp-content\/uploads\/2024\/09\/IMG_1648.jpg","type":"image\/jpeg"}],"author":"Juan Dagnino NOTICIASMERCEDINAS.COM","twitter_card":"summary_large_image","twitter_creator":"@notmercedinas","twitter_site":"@notmercedinas","twitter_misc":{"Escrito por":"Juan Dagnino NOTICIASMERCEDINAS.COM","Tiempo de lectura":"2 minutos"},"schema":{"@context":"https:\/\/schema.org","@graph":[{"@type":"Article","@id":"https:\/\/noticiasmercedinas.com\/site\/2024\/09\/30\/club-mercedes-en-atlas-enfrenta-esta-tarde-a-deportivo-muniz\/#article","isPartOf":{"@id":"https:\/\/noticiasmercedinas.com\/site\/2024\/09\/30\/club-mercedes-en-atlas-enfrenta-esta-tarde-a-deportivo-muniz\/"},"author":{"name":"Juan Dagnino NOTICIASMERCEDINAS.COM","@id":"https:\/\/noticiasmercedinas.com\/site\/#\/schema\/person\/8f2f09d666ef40986eba4a5e6f2a06f9"},"headline":"Club Mercedes en Atlas enfrenta esta tarde a Deportivo Mu\u00f1iz","datePublished":"2024-09-30T12:12:20+00:00","mainEntityOfPage":{"@id":"https:\/\/noticiasmercedinas.com\/site\/2024\/09\/30\/club-mercedes-en-atlas-enfrenta-esta-tarde-a-deportivo-muniz\/"},"wordCount":408,"publisher":{"@id":"https:\/\/noticiasmercedinas.com\/site\/#organization"},"image":{"@id":"https:\/\/noticiasmercedinas.com\/site\/2024\/09\/30\/club-mercedes-en-atlas-enfrenta-esta-tarde-a-deportivo-muniz\/#primaryimage"},"thumbnailUrl":"https:\/\/noticiasmercedinas.com\/site\/wp-content\/uploads\/2024\/09\/IMG_1648.jpg","keywords":["AFA","club mercedes","Deportivo Mu\u00f1iz","Primera C"],"articleSection":["Deportes"],"inLanguage":"es"},{"@type":"WebPage","@id":"https:\/\/noticiasmercedinas.com\/site\/2024\/09\/30\/club-mercedes-en-atlas-enfrenta-esta-tarde-a-deportivo-muniz\/","url":"https:\/\/noticiasmercedinas.com\/site\/2024\/09\/30\/club-mercedes-en-atlas-enfrenta-esta-tarde-a-deportivo-muniz\/","name":"Club Mercedes en Atlas enfrenta esta tarde a Deportivo Mu\u00f1iz","isPartOf":{"@id":"https:\/\/noticiasmercedinas.com\/site\/#website"},"primaryImageOfPage":{"@id":"https:\/\/noticiasmercedinas.com\/site\/2024\/09\/30\/club-mercedes-en-atlas-enfrenta-esta-tarde-a-deportivo-muniz\/#primaryimage"},"image":{"@id":"https:\/\/noticiasmercedinas.com\/site\/2024\/09\/30\/club-mercedes-en-atlas-enfrenta-esta-tarde-a-deportivo-muniz\/#primaryimage"},"thumbnailUrl":"https:\/\/noticiasmercedinas.com\/site\/wp-content\/uploads\/2024\/09\/IMG_1648.jpg","datePublished":"2024-09-30T12:12:20+00:00","breadcrumb":{"@id":"https:\/\/noticiasmercedinas.com\/site\/2024\/09\/30\/club-mercedes-en-atlas-enfrenta-esta-tarde-a-deportivo-muniz\/#breadcrumb"},"inLanguage":"es","potentialAction":[{"@type":"ReadAction","target":["https:\/\/noticiasmercedinas.com\/site\/2024\/09\/30\/club-mercedes-en-atlas-enfrenta-esta-tarde-a-deportivo-muniz\/"]}]},{"@type":"ImageObject","inLanguage":"es","@id":"https:\/\/noticiasmercedinas.com\/site\/2024\/09\/30\/club-mercedes-en-atlas-enfrenta-esta-tarde-a-deportivo-muniz\/#primaryimage","url":"https:\/\/noticiasmercedinas.com\/site\/wp-content\/uploads\/2024\/09\/IMG_1648.jpg","contentUrl":"https:\/\/noticiasmercedinas.com\/site\/wp-content\/uploads\/2024\/09\/IMG_1648.jpg","width":640,"height":391},{"@type":"BreadcrumbList","@id":"https:\/\/noticiasmercedinas.com\/site\/2024\/09\/30\/club-mercedes-en-atlas-enfrenta-esta-tarde-a-deportivo-muniz\/#breadcrumb","itemListElement":[{"@type":"ListItem","position":1,"name":"Portada","item":"https:\/\/noticiasmercedinas.com\/site\/"},{"@type":"ListItem","position":2,"name":"Club Mercedes en Atlas enfrenta esta tarde a Deportivo Mu\u00f1iz"}]},{"@type":"WebSite","@id":"https:\/\/noticiasmercedinas.com\/site\/#website","url":"https:\/\/noticiasmercedinas.com\/site\/","name":"NOTICIASMERCEDINAS.COM","description":"Mercedes, Buenos Aires, Argentina","publisher":{"@id":"https:\/\/noticiasmercedinas.com\/site\/#organization"},"potentialAction":[{"@type":"SearchAction","target":{"@type":"EntryPoint","urlTemplate":"https:\/\/noticiasmercedinas.com\/site\/?s={search_term_string}"},"query-input":{"@type":"PropertyValueSpecification","valueRequired":true,"valueName":"search_term_string"}}],"inLanguage":"es"},{"@type":"Organization","@id":"https:\/\/noticiasmercedinas.com\/site\/#organization","name":"NOTICIASMERCEDINAS.COM","url":"https:\/\/noticiasmercedinas.com\/site\/","logo":{"@type":"ImageObject","inLanguage":"es","@id":"https:\/\/noticiasmercedinas.com\/site\/#\/schema\/logo\/image\/","url":"https:\/\/noticiasmercedinas.com\/site\/wp-content\/uploads\/2020\/06\/LOGO-512.jpg","contentUrl":"https:\/\/noticiasmercedinas.com\/site\/wp-content\/uploads\/2020\/06\/LOGO-512.jpg","width":512,"height":512,"caption":"NOTICIASMERCEDINAS.COM"},"image":{"@id":"https:\/\/noticiasmercedinas.com\/site\/#\/schema\/logo\/image\/"},"sameAs":["https:\/\/www.facebook.com\/noticiasmercedinas\/","https:\/\/x.com\/notmercedinas","https:\/\/www.instagram.com\/noticiasmercedinas\/"]},{"@type":"Person","@id":"https:\/\/noticiasmercedinas.com\/site\/#\/schema\/person\/8f2f09d666ef40986eba4a5e6f2a06f9","name":"Juan Dagnino NOTICIASMERCEDINAS.COM","image":{"@type":"ImageObject","inLanguage":"es","@id":"https:\/\/secure.gravatar.com\/avatar\/fc7059a769f5a3cae65fadb228a3e4accf3a64b4b2305020d0a27e6d5333c91b?s=96&d=mm&r=g","url":"https:\/\/secure.gravatar.com\/avatar\/fc7059a769f5a3cae65fadb228a3e4accf3a64b4b2305020d0a27e6d5333c91b?s=96&d=mm&r=g","contentUrl":"https:\/\/secure.gravatar.com\/avatar\/fc7059a769f5a3cae65fadb228a3e4accf3a64b4b2305020d0a27e6d5333c91b?s=96&d=mm&r=g","caption":"Juan Dagnino NOTICIASMERCEDINAS.COM"},"url":"https:\/\/noticiasmercedinas.com\/site\/author\/juandagnino\/"}]}},"amp_enabled":true,"_links":{"self":[{"href":"https:\/\/noticiasmercedinas.com\/site\/wp-json\/wp\/v2\/posts\/145065","targetHints":{"allow":["GET"]}}],"collection":[{"href":"https:\/\/noticiasmercedinas.com\/site\/wp-json\/wp\/v2\/posts"}],"about":[{"href":"https:\/\/noticiasmercedinas.com\/site\/wp-json\/wp\/v2\/types\/post"}],"author":[{"embeddable":true,"href":"https:\/\/noticiasmercedinas.com\/site\/wp-json\/wp\/v2\/users\/6"}],"replies":[{"embeddable":true,"href":"https:\/\/noticiasmercedinas.com\/site\/wp-json\/wp\/v2\/comments?post=145065"}],"version-history":[{"count":1,"href":"https:\/\/noticiasmercedinas.com\/site\/wp-json\/wp\/v2\/posts\/145065\/revisions"}],"predecessor-version":[{"id":145069,"href":"https:\/\/noticiasmercedinas.com\/site\/wp-json\/wp\/v2\/posts\/145065\/revisions\/145069"}],"wp:featuredmedia":[{"embeddable":true,"href":"https:\/\/noticiasmercedinas.com\/site\/wp-json\/wp\/v2\/media\/145067"}],"wp:attachment":[{"href":"https:\/\/noticiasmercedinas.com\/site\/wp-json\/wp\/v2\/media?parent=145065"}],"wp:term":[{"taxonomy":"category","embeddable":true,"href":"https:\/\/noticiasmercedinas.com\/site\/wp-json\/wp\/v2\/categories?post=145065"},{"taxonomy":"post_tag","embeddable":true,"href":"https:\/\/noticiasmercedinas.com\/site\/wp-json\/wp\/v2\/tags?post=145065"}],"curies":[{"name":"wp","href":"https:\/\/api.w.org\/{rel}","templated":true}]}}