{"id":145098,"date":"2024-09-30T13:10:05","date_gmt":"2024-09-30T16:10:05","guid":{"rendered":"https:\/\/noticiasmercedinas.com\/site\/?p=145098"},"modified":"2024-09-30T13:15:50","modified_gmt":"2024-09-30T16:15:50","slug":"jorge-swinnen-la-perfeccion-hecha-acuarela","status":"publish","type":"post","link":"https:\/\/noticiasmercedinas.com\/site\/2024\/09\/30\/jorge-swinnen-la-perfeccion-hecha-acuarela\/","title":{"rendered":"Jorge Swinnen, la perfecci\u00f3n hecha acuarela"},"content":{"rendered":"<div><img loading=\"lazy\" decoding=\"async\" class=\"alignnone size-full wp-image-145099\" src=\"https:\/\/noticiasmercedinas.com\/site\/wp-content\/uploads\/2024\/09\/RETRATO-DE-JORGE-SWINNEN-e1727712567996.jpg\" alt=\"\" width=\"854\" height=\"590\" srcset=\"https:\/\/noticiasmercedinas.com\/site\/wp-content\/uploads\/2024\/09\/RETRATO-DE-JORGE-SWINNEN-e1727712567996.jpg 854w, https:\/\/noticiasmercedinas.com\/site\/wp-content\/uploads\/2024\/09\/RETRATO-DE-JORGE-SWINNEN-e1727712567996-300x207.jpg 300w, https:\/\/noticiasmercedinas.com\/site\/wp-content\/uploads\/2024\/09\/RETRATO-DE-JORGE-SWINNEN-e1727712567996-768x531.jpg 768w, https:\/\/noticiasmercedinas.com\/site\/wp-content\/uploads\/2024\/09\/RETRATO-DE-JORGE-SWINNEN-e1727712567996-640x442.jpg 640w, https:\/\/noticiasmercedinas.com\/site\/wp-content\/uploads\/2024\/09\/RETRATO-DE-JORGE-SWINNEN-e1727712567996-681x470.jpg 681w\" sizes=\"auto, (max-width: 854px) 100vw, 854px\" \/><\/div>\n<p>El Colegio de Abogados del Departamento Judicial de Mercedes celebra cada a\u00f1o su prestigioso Sal\u00f3n de Pintura, que ahora alcanza su 39\u00b0 edici\u00f3n. Este evento, consolidado como un espacio de encuentro entre artistas pl\u00e1sticos de la regi\u00f3n, tiene como objetivo fomentar el arte y reconocer el talento creativo.<\/p>\n<p><strong>Jorge Swinnen<\/strong>, arquitecto y artista pl\u00e1stico local, obtuvo el Primer Premio en el Sal\u00f3n 2022 con una obra en la que logr\u00f3 captar la esencia de la ciudad con una t\u00e9cnica y visi\u00f3n \u00fanicas. Hoy conversamos con \u00e9l sobre su inspiraci\u00f3n, la elecci\u00f3n de la acuarela como camino, y su experiencia en el \u00e1mbito art\u00edstico.<\/p>\n<p><strong>\u25a0 \u00bfCu\u00e1l fue tu inspiraci\u00f3n para la obra ganadora del Sal\u00f3n de Pintura 2022?<\/strong><\/p>\n<p>La obra surgi\u00f3 a partir de bocetos previos y fotos que tom\u00e9 a lo largo de varios a\u00f1os. Mi objetivo fue crear una imagen que trascienda la cr\u00f3nica de un lugar espec\u00edfico y transmita mi sentido de pertenencia a la ciudad, enfoc\u00e1ndome en su atm\u00f3sfera urbana cotidiana m\u00e1s que en una simple descripci\u00f3n arquitect\u00f3nica.<\/p>\n<p><strong>\u25a0 \u00bfPor qu\u00e9 elegiste la acuarela como t\u00e9cnica en tus \u00faltimas obras?<\/strong><\/p>\n<p>Desde 2020, la acuarela se ha convertido en mi \u00fanica t\u00e9cnica. Aunque ya la hab\u00eda utilizado antes, nunca hab\u00eda sido tan central en mi trabajo. Me ofrece una variedad infinita de expresiones, frescura y una sensaci\u00f3n constante de que siempre se puede mejorar.<\/p>\n<p><strong>\u25a0 En cuanto a la docencia, \u00bfqu\u00e9 lugar ocupa en tu actividad art\u00edstica?<\/strong><\/p>\n<p>La docencia es una forma de seguir aprendiendo. Al ense\u00f1ar, me enfrento a preguntas y alternativas que enriquecen mi propio proceso. Adem\u00e1s, me motiva transmitir la pasi\u00f3n por una t\u00e9cnica que tiene sus propios desaf\u00edos y recompensas.<\/p>\n<p><strong>\u25a0 \u00bfQu\u00e9 consejo dar\u00edas a los artistas que quieran presentarse al Sal\u00f3n 2023?<\/strong><\/p>\n<p>Que se animen y no se desanimen por los resultados. No ser seleccionado no significa falta de nivel, ni ser premiado garantiza superioridad. Lo importante es confiar en uno mismo y seguir perfeccionando el trabajo.<\/p>\n<p><strong>Acerca de Jorge Swinnen<\/strong><\/p>\n<p>Nacido en Mercedes, Buenos Aires, en 1964, Jorge Swinnen es arquitecto egresado de la Universidad de Buenos Aires (1990) y ha sido jurado en concursos de arquitectura del CAPBA 5. Desde 2020, se dedica exclusivamente a la acuarela, t\u00e9cnica con la que ha alcanzado importantes reconocimientos. Entre ellos, fue finalista en el Concurso Internacional de Acuarela R\u00e1pida en Chile (2022) y represent\u00f3 a Argentina en el Museo de la Acuarela de M\u00e9xico. Ha ganado premios como el 1\u00b0 lugar en el Sal\u00f3n Provincial del Colegio de Abogados de Mercedes y el 3\u00b0 premio en el Festival de Acuarela de Venecia (2023). Actualmente, dicta clases presenciales en su propio taller.<\/p>\n<p>M\u00e1s informaci\u00f3n sobre el Sal\u00f3n de Pintura 2024, premios, jurado:<\/p>\n<blockquote class=\"wp-embedded-content\" data-secret=\"UFIfFwiK4N\"><p><a href=\"https:\/\/www.camercedes.org.ar\/se-realizara-el-39-salon-de-pintura\/\">Se realizar\u00e1 el 39\u00b0 Sal\u00f3n de Pintura<\/a><\/p><\/blockquote>\n<p><iframe loading=\"lazy\" class=\"wp-embedded-content\" sandbox=\"allow-scripts\" security=\"restricted\" style=\"position: absolute; visibility: hidden;\" title=\"\u00abSe realizar\u00e1 el 39\u00b0 Sal\u00f3n de Pintura\u00bb \u2014 CADJM\" src=\"https:\/\/www.camercedes.org.ar\/se-realizara-el-39-salon-de-pintura\/embed\/#?secret=FF7zToyMCv#?secret=UFIfFwiK4N\" data-secret=\"UFIfFwiK4N\" width=\"600\" height=\"338\" frameborder=\"0\" marginwidth=\"0\" marginheight=\"0\" scrolling=\"no\"><\/iframe><\/p>\n<div><img loading=\"lazy\" decoding=\"async\" class=\"alignnone size-full wp-image-145100\" src=\"https:\/\/noticiasmercedinas.com\/site\/wp-content\/uploads\/2024\/09\/PREMIO-JORGE-SWINNEN.jpg\" alt=\"\" width=\"1024\" height=\"715\" srcset=\"https:\/\/noticiasmercedinas.com\/site\/wp-content\/uploads\/2024\/09\/PREMIO-JORGE-SWINNEN.jpg 1024w, https:\/\/noticiasmercedinas.com\/site\/wp-content\/uploads\/2024\/09\/PREMIO-JORGE-SWINNEN-300x209.jpg 300w, https:\/\/noticiasmercedinas.com\/site\/wp-content\/uploads\/2024\/09\/PREMIO-JORGE-SWINNEN-768x536.jpg 768w, https:\/\/noticiasmercedinas.com\/site\/wp-content\/uploads\/2024\/09\/PREMIO-JORGE-SWINNEN-640x447.jpg 640w, https:\/\/noticiasmercedinas.com\/site\/wp-content\/uploads\/2024\/09\/PREMIO-JORGE-SWINNEN-681x476.jpg 681w\" sizes=\"auto, (max-width: 1024px) 100vw, 1024px\" \/><\/div>\n","protected":false},"excerpt":{"rendered":"<p>El Colegio de Abogados del Departamento Judicial de Mercedes celebra cada a\u00f1o su prestigioso Sal\u00f3n de Pintura, que ahora alcanza su 39\u00b0 edici\u00f3n. Este evento, consolidado como un espacio de encuentro entre artistas pl\u00e1sticos de la regi\u00f3n, tiene como objetivo fomentar el arte y reconocer el talento creativo. Jorge Swinnen, arquitecto y artista pl\u00e1stico local, [&hellip;]<\/p>\n","protected":false},"author":16,"featured_media":145099,"comment_status":"closed","ping_status":"closed","sticky":false,"template":"","format":"standard","meta":{"footnotes":""},"categories":[9],"tags":[16409,13611],"class_list":["post-145098","post","type-post","status-publish","format-standard","has-post-thumbnail","hentry","category-entrevistas","tag-acuarelas","tag-jorge-swinnen"],"yoast_head":"<!-- This site is optimized with the Yoast SEO plugin v28.3 - https:\/\/yoast.com\/product\/yoast-seo-wordpress\/ -->\n<title>Jorge Swinnen, la perfecci\u00f3n hecha acuarela<\/title>\n<meta name=\"robots\" content=\"index, follow, max-snippet:-1, max-image-preview:large, max-video-preview:-1\" \/>\n<link rel=\"canonical\" href=\"https:\/\/noticiasmercedinas.com\/site\/2024\/09\/30\/jorge-swinnen-la-perfeccion-hecha-acuarela\/\" \/>\n<meta property=\"og:locale\" content=\"es_ES\" \/>\n<meta property=\"og:type\" content=\"article\" \/>\n<meta property=\"og:title\" content=\"Jorge Swinnen, la perfecci\u00f3n hecha acuarela\" \/>\n<meta property=\"og:description\" content=\"El Colegio de Abogados del Departamento Judicial de Mercedes celebra cada a\u00f1o su prestigioso Sal\u00f3n de Pintura, que ahora alcanza su 39\u00b0 edici\u00f3n. Este evento, consolidado como un espacio de encuentro entre artistas pl\u00e1sticos de la regi\u00f3n, tiene como objetivo fomentar el arte y reconocer el talento creativo. Jorge Swinnen, arquitecto y artista pl\u00e1stico local, [&hellip;]\" \/>\n<meta property=\"og:url\" content=\"https:\/\/noticiasmercedinas.com\/site\/2024\/09\/30\/jorge-swinnen-la-perfeccion-hecha-acuarela\/\" \/>\n<meta property=\"og:site_name\" content=\"NOTICIASMERCEDINAS.COM\" \/>\n<meta property=\"article:publisher\" content=\"https:\/\/www.facebook.com\/noticiasmercedinas\/\" \/>\n<meta property=\"article:published_time\" content=\"2024-09-30T16:10:05+00:00\" \/>\n<meta property=\"article:modified_time\" content=\"2024-09-30T16:15:50+00:00\" \/>\n<meta property=\"og:image\" content=\"https:\/\/noticiasmercedinas.com\/site\/wp-content\/uploads\/2024\/09\/RETRATO-DE-JORGE-SWINNEN-e1727712567996.jpg\" \/>\n\t<meta property=\"og:image:width\" content=\"854\" \/>\n\t<meta property=\"og:image:height\" content=\"590\" \/>\n\t<meta property=\"og:image:type\" content=\"image\/jpeg\" \/>\n<meta name=\"author\" content=\"NOTICIASMERCEDINAS.COM\" \/>\n<meta name=\"twitter:card\" content=\"summary_large_image\" \/>\n<meta name=\"twitter:creator\" content=\"@notmercedinas\" \/>\n<meta name=\"twitter:site\" content=\"@notmercedinas\" \/>\n<meta name=\"twitter:label1\" content=\"Escrito por\" \/>\n\t<meta name=\"twitter:data1\" content=\"NOTICIASMERCEDINAS.COM\" \/>\n\t<meta name=\"twitter:label2\" content=\"Tiempo de lectura\" \/>\n\t<meta name=\"twitter:data2\" content=\"2 minutos\" \/>\n<script type=\"application\/ld+json\" class=\"yoast-schema-graph\">{\"@context\":\"https:\\\/\\\/schema.org\",\"@graph\":[{\"@type\":\"Article\",\"@id\":\"https:\\\/\\\/noticiasmercedinas.com\\\/site\\\/2024\\\/09\\\/30\\\/jorge-swinnen-la-perfeccion-hecha-acuarela\\\/#article\",\"isPartOf\":{\"@id\":\"https:\\\/\\\/noticiasmercedinas.com\\\/site\\\/2024\\\/09\\\/30\\\/jorge-swinnen-la-perfeccion-hecha-acuarela\\\/\"},\"author\":{\"name\":\"NOTICIASMERCEDINAS.COM\",\"@id\":\"https:\\\/\\\/noticiasmercedinas.com\\\/site\\\/#\\\/schema\\\/person\\\/84b59c099c28ff2e8b77d4ceec5d8063\"},\"headline\":\"Jorge Swinnen, la perfecci\u00f3n hecha acuarela\",\"datePublished\":\"2024-09-30T16:10:05+00:00\",\"dateModified\":\"2024-09-30T16:15:50+00:00\",\"mainEntityOfPage\":{\"@id\":\"https:\\\/\\\/noticiasmercedinas.com\\\/site\\\/2024\\\/09\\\/30\\\/jorge-swinnen-la-perfeccion-hecha-acuarela\\\/\"},\"wordCount\":486,\"publisher\":{\"@id\":\"https:\\\/\\\/noticiasmercedinas.com\\\/site\\\/#organization\"},\"image\":{\"@id\":\"https:\\\/\\\/noticiasmercedinas.com\\\/site\\\/2024\\\/09\\\/30\\\/jorge-swinnen-la-perfeccion-hecha-acuarela\\\/#primaryimage\"},\"thumbnailUrl\":\"https:\\\/\\\/noticiasmercedinas.com\\\/site\\\/wp-content\\\/uploads\\\/2024\\\/09\\\/RETRATO-DE-JORGE-SWINNEN-e1727712567996.jpg\",\"keywords\":[\"acuarelas\",\"jorge swinnen\"],\"articleSection\":[\"Entrevistas\"],\"inLanguage\":\"es\"},{\"@type\":\"WebPage\",\"@id\":\"https:\\\/\\\/noticiasmercedinas.com\\\/site\\\/2024\\\/09\\\/30\\\/jorge-swinnen-la-perfeccion-hecha-acuarela\\\/\",\"url\":\"https:\\\/\\\/noticiasmercedinas.com\\\/site\\\/2024\\\/09\\\/30\\\/jorge-swinnen-la-perfeccion-hecha-acuarela\\\/\",\"name\":\"Jorge Swinnen, la perfecci\u00f3n hecha acuarela\",\"isPartOf\":{\"@id\":\"https:\\\/\\\/noticiasmercedinas.com\\\/site\\\/#website\"},\"primaryImageOfPage\":{\"@id\":\"https:\\\/\\\/noticiasmercedinas.com\\\/site\\\/2024\\\/09\\\/30\\\/jorge-swinnen-la-perfeccion-hecha-acuarela\\\/#primaryimage\"},\"image\":{\"@id\":\"https:\\\/\\\/noticiasmercedinas.com\\\/site\\\/2024\\\/09\\\/30\\\/jorge-swinnen-la-perfeccion-hecha-acuarela\\\/#primaryimage\"},\"thumbnailUrl\":\"https:\\\/\\\/noticiasmercedinas.com\\\/site\\\/wp-content\\\/uploads\\\/2024\\\/09\\\/RETRATO-DE-JORGE-SWINNEN-e1727712567996.jpg\",\"datePublished\":\"2024-09-30T16:10:05+00:00\",\"dateModified\":\"2024-09-30T16:15:50+00:00\",\"breadcrumb\":{\"@id\":\"https:\\\/\\\/noticiasmercedinas.com\\\/site\\\/2024\\\/09\\\/30\\\/jorge-swinnen-la-perfeccion-hecha-acuarela\\\/#breadcrumb\"},\"inLanguage\":\"es\",\"potentialAction\":[{\"@type\":\"ReadAction\",\"target\":[\"https:\\\/\\\/noticiasmercedinas.com\\\/site\\\/2024\\\/09\\\/30\\\/jorge-swinnen-la-perfeccion-hecha-acuarela\\\/\"]}]},{\"@type\":\"ImageObject\",\"inLanguage\":\"es\",\"@id\":\"https:\\\/\\\/noticiasmercedinas.com\\\/site\\\/2024\\\/09\\\/30\\\/jorge-swinnen-la-perfeccion-hecha-acuarela\\\/#primaryimage\",\"url\":\"https:\\\/\\\/noticiasmercedinas.com\\\/site\\\/wp-content\\\/uploads\\\/2024\\\/09\\\/RETRATO-DE-JORGE-SWINNEN-e1727712567996.jpg\",\"contentUrl\":\"https:\\\/\\\/noticiasmercedinas.com\\\/site\\\/wp-content\\\/uploads\\\/2024\\\/09\\\/RETRATO-DE-JORGE-SWINNEN-e1727712567996.jpg\",\"width\":854,\"height\":590},{\"@type\":\"BreadcrumbList\",\"@id\":\"https:\\\/\\\/noticiasmercedinas.com\\\/site\\\/2024\\\/09\\\/30\\\/jorge-swinnen-la-perfeccion-hecha-acuarela\\\/#breadcrumb\",\"itemListElement\":[{\"@type\":\"ListItem\",\"position\":1,\"name\":\"Portada\",\"item\":\"https:\\\/\\\/noticiasmercedinas.com\\\/site\\\/\"},{\"@type\":\"ListItem\",\"position\":2,\"name\":\"Jorge Swinnen, la perfecci\u00f3n hecha acuarela\"}]},{\"@type\":\"WebSite\",\"@id\":\"https:\\\/\\\/noticiasmercedinas.com\\\/site\\\/#website\",\"url\":\"https:\\\/\\\/noticiasmercedinas.com\\\/site\\\/\",\"name\":\"NOTICIASMERCEDINAS.COM\",\"description\":\"Mercedes, Buenos Aires, Argentina\",\"publisher\":{\"@id\":\"https:\\\/\\\/noticiasmercedinas.com\\\/site\\\/#organization\"},\"potentialAction\":[{\"@type\":\"SearchAction\",\"target\":{\"@type\":\"EntryPoint\",\"urlTemplate\":\"https:\\\/\\\/noticiasmercedinas.com\\\/site\\\/?s={search_term_string}\"},\"query-input\":{\"@type\":\"PropertyValueSpecification\",\"valueRequired\":true,\"valueName\":\"search_term_string\"}}],\"inLanguage\":\"es\"},{\"@type\":\"Organization\",\"@id\":\"https:\\\/\\\/noticiasmercedinas.com\\\/site\\\/#organization\",\"name\":\"NOTICIASMERCEDINAS.COM\",\"url\":\"https:\\\/\\\/noticiasmercedinas.com\\\/site\\\/\",\"logo\":{\"@type\":\"ImageObject\",\"inLanguage\":\"es\",\"@id\":\"https:\\\/\\\/noticiasmercedinas.com\\\/site\\\/#\\\/schema\\\/logo\\\/image\\\/\",\"url\":\"https:\\\/\\\/noticiasmercedinas.com\\\/site\\\/wp-content\\\/uploads\\\/2020\\\/06\\\/LOGO-512.jpg\",\"contentUrl\":\"https:\\\/\\\/noticiasmercedinas.com\\\/site\\\/wp-content\\\/uploads\\\/2020\\\/06\\\/LOGO-512.jpg\",\"width\":512,\"height\":512,\"caption\":\"NOTICIASMERCEDINAS.COM\"},\"image\":{\"@id\":\"https:\\\/\\\/noticiasmercedinas.com\\\/site\\\/#\\\/schema\\\/logo\\\/image\\\/\"},\"sameAs\":[\"https:\\\/\\\/www.facebook.com\\\/noticiasmercedinas\\\/\",\"https:\\\/\\\/x.com\\\/notmercedinas\",\"https:\\\/\\\/www.instagram.com\\\/noticiasmercedinas\\\/\"]},{\"@type\":\"Person\",\"@id\":\"https:\\\/\\\/noticiasmercedinas.com\\\/site\\\/#\\\/schema\\\/person\\\/84b59c099c28ff2e8b77d4ceec5d8063\",\"name\":\"NOTICIASMERCEDINAS.COM\",\"image\":{\"@type\":\"ImageObject\",\"inLanguage\":\"es\",\"@id\":\"https:\\\/\\\/secure.gravatar.com\\\/avatar\\\/4dfbf16b4d17945bfb6341b2d19043457132fcf478a5ee04f42e959fd8f5df0a?s=96&d=mm&r=g\",\"url\":\"https:\\\/\\\/secure.gravatar.com\\\/avatar\\\/4dfbf16b4d17945bfb6341b2d19043457132fcf478a5ee04f42e959fd8f5df0a?s=96&d=mm&r=g\",\"contentUrl\":\"https:\\\/\\\/secure.gravatar.com\\\/avatar\\\/4dfbf16b4d17945bfb6341b2d19043457132fcf478a5ee04f42e959fd8f5df0a?s=96&d=mm&r=g\",\"caption\":\"NOTICIASMERCEDINAS.COM\"},\"url\":\"https:\\\/\\\/noticiasmercedinas.com\\\/site\\\/author\\\/anonimo\\\/\"}]}<\/script>\n<!-- \/ Yoast SEO plugin. -->","yoast_head_json":{"title":"Jorge Swinnen, la perfecci\u00f3n hecha acuarela","robots":{"index":"index","follow":"follow","max-snippet":"max-snippet:-1","max-image-preview":"max-image-preview:large","max-video-preview":"max-video-preview:-1"},"canonical":"https:\/\/noticiasmercedinas.com\/site\/2024\/09\/30\/jorge-swinnen-la-perfeccion-hecha-acuarela\/","og_locale":"es_ES","og_type":"article","og_title":"Jorge Swinnen, la perfecci\u00f3n hecha acuarela","og_description":"El Colegio de Abogados del Departamento Judicial de Mercedes celebra cada a\u00f1o su prestigioso Sal\u00f3n de Pintura, que ahora alcanza su 39\u00b0 edici\u00f3n. Este evento, consolidado como un espacio de encuentro entre artistas pl\u00e1sticos de la regi\u00f3n, tiene como objetivo fomentar el arte y reconocer el talento creativo. Jorge Swinnen, arquitecto y artista pl\u00e1stico local, [&hellip;]","og_url":"https:\/\/noticiasmercedinas.com\/site\/2024\/09\/30\/jorge-swinnen-la-perfeccion-hecha-acuarela\/","og_site_name":"NOTICIASMERCEDINAS.COM","article_publisher":"https:\/\/www.facebook.com\/noticiasmercedinas\/","article_published_time":"2024-09-30T16:10:05+00:00","article_modified_time":"2024-09-30T16:15:50+00:00","og_image":[{"width":854,"height":590,"url":"https:\/\/noticiasmercedinas.com\/site\/wp-content\/uploads\/2024\/09\/RETRATO-DE-JORGE-SWINNEN-e1727712567996.jpg","type":"image\/jpeg"}],"author":"NOTICIASMERCEDINAS.COM","twitter_card":"summary_large_image","twitter_creator":"@notmercedinas","twitter_site":"@notmercedinas","twitter_misc":{"Escrito por":"NOTICIASMERCEDINAS.COM","Tiempo de lectura":"2 minutos"},"schema":{"@context":"https:\/\/schema.org","@graph":[{"@type":"Article","@id":"https:\/\/noticiasmercedinas.com\/site\/2024\/09\/30\/jorge-swinnen-la-perfeccion-hecha-acuarela\/#article","isPartOf":{"@id":"https:\/\/noticiasmercedinas.com\/site\/2024\/09\/30\/jorge-swinnen-la-perfeccion-hecha-acuarela\/"},"author":{"name":"NOTICIASMERCEDINAS.COM","@id":"https:\/\/noticiasmercedinas.com\/site\/#\/schema\/person\/84b59c099c28ff2e8b77d4ceec5d8063"},"headline":"Jorge Swinnen, la perfecci\u00f3n hecha acuarela","datePublished":"2024-09-30T16:10:05+00:00","dateModified":"2024-09-30T16:15:50+00:00","mainEntityOfPage":{"@id":"https:\/\/noticiasmercedinas.com\/site\/2024\/09\/30\/jorge-swinnen-la-perfeccion-hecha-acuarela\/"},"wordCount":486,"publisher":{"@id":"https:\/\/noticiasmercedinas.com\/site\/#organization"},"image":{"@id":"https:\/\/noticiasmercedinas.com\/site\/2024\/09\/30\/jorge-swinnen-la-perfeccion-hecha-acuarela\/#primaryimage"},"thumbnailUrl":"https:\/\/noticiasmercedinas.com\/site\/wp-content\/uploads\/2024\/09\/RETRATO-DE-JORGE-SWINNEN-e1727712567996.jpg","keywords":["acuarelas","jorge swinnen"],"articleSection":["Entrevistas"],"inLanguage":"es"},{"@type":"WebPage","@id":"https:\/\/noticiasmercedinas.com\/site\/2024\/09\/30\/jorge-swinnen-la-perfeccion-hecha-acuarela\/","url":"https:\/\/noticiasmercedinas.com\/site\/2024\/09\/30\/jorge-swinnen-la-perfeccion-hecha-acuarela\/","name":"Jorge Swinnen, la perfecci\u00f3n hecha acuarela","isPartOf":{"@id":"https:\/\/noticiasmercedinas.com\/site\/#website"},"primaryImageOfPage":{"@id":"https:\/\/noticiasmercedinas.com\/site\/2024\/09\/30\/jorge-swinnen-la-perfeccion-hecha-acuarela\/#primaryimage"},"image":{"@id":"https:\/\/noticiasmercedinas.com\/site\/2024\/09\/30\/jorge-swinnen-la-perfeccion-hecha-acuarela\/#primaryimage"},"thumbnailUrl":"https:\/\/noticiasmercedinas.com\/site\/wp-content\/uploads\/2024\/09\/RETRATO-DE-JORGE-SWINNEN-e1727712567996.jpg","datePublished":"2024-09-30T16:10:05+00:00","dateModified":"2024-09-30T16:15:50+00:00","breadcrumb":{"@id":"https:\/\/noticiasmercedinas.com\/site\/2024\/09\/30\/jorge-swinnen-la-perfeccion-hecha-acuarela\/#breadcrumb"},"inLanguage":"es","potentialAction":[{"@type":"ReadAction","target":["https:\/\/noticiasmercedinas.com\/site\/2024\/09\/30\/jorge-swinnen-la-perfeccion-hecha-acuarela\/"]}]},{"@type":"ImageObject","inLanguage":"es","@id":"https:\/\/noticiasmercedinas.com\/site\/2024\/09\/30\/jorge-swinnen-la-perfeccion-hecha-acuarela\/#primaryimage","url":"https:\/\/noticiasmercedinas.com\/site\/wp-content\/uploads\/2024\/09\/RETRATO-DE-JORGE-SWINNEN-e1727712567996.jpg","contentUrl":"https:\/\/noticiasmercedinas.com\/site\/wp-content\/uploads\/2024\/09\/RETRATO-DE-JORGE-SWINNEN-e1727712567996.jpg","width":854,"height":590},{"@type":"BreadcrumbList","@id":"https:\/\/noticiasmercedinas.com\/site\/2024\/09\/30\/jorge-swinnen-la-perfeccion-hecha-acuarela\/#breadcrumb","itemListElement":[{"@type":"ListItem","position":1,"name":"Portada","item":"https:\/\/noticiasmercedinas.com\/site\/"},{"@type":"ListItem","position":2,"name":"Jorge Swinnen, la perfecci\u00f3n hecha acuarela"}]},{"@type":"WebSite","@id":"https:\/\/noticiasmercedinas.com\/site\/#website","url":"https:\/\/noticiasmercedinas.com\/site\/","name":"NOTICIASMERCEDINAS.COM","description":"Mercedes, Buenos Aires, Argentina","publisher":{"@id":"https:\/\/noticiasmercedinas.com\/site\/#organization"},"potentialAction":[{"@type":"SearchAction","target":{"@type":"EntryPoint","urlTemplate":"https:\/\/noticiasmercedinas.com\/site\/?s={search_term_string}"},"query-input":{"@type":"PropertyValueSpecification","valueRequired":true,"valueName":"search_term_string"}}],"inLanguage":"es"},{"@type":"Organization","@id":"https:\/\/noticiasmercedinas.com\/site\/#organization","name":"NOTICIASMERCEDINAS.COM","url":"https:\/\/noticiasmercedinas.com\/site\/","logo":{"@type":"ImageObject","inLanguage":"es","@id":"https:\/\/noticiasmercedinas.com\/site\/#\/schema\/logo\/image\/","url":"https:\/\/noticiasmercedinas.com\/site\/wp-content\/uploads\/2020\/06\/LOGO-512.jpg","contentUrl":"https:\/\/noticiasmercedinas.com\/site\/wp-content\/uploads\/2020\/06\/LOGO-512.jpg","width":512,"height":512,"caption":"NOTICIASMERCEDINAS.COM"},"image":{"@id":"https:\/\/noticiasmercedinas.com\/site\/#\/schema\/logo\/image\/"},"sameAs":["https:\/\/www.facebook.com\/noticiasmercedinas\/","https:\/\/x.com\/notmercedinas","https:\/\/www.instagram.com\/noticiasmercedinas\/"]},{"@type":"Person","@id":"https:\/\/noticiasmercedinas.com\/site\/#\/schema\/person\/84b59c099c28ff2e8b77d4ceec5d8063","name":"NOTICIASMERCEDINAS.COM","image":{"@type":"ImageObject","inLanguage":"es","@id":"https:\/\/secure.gravatar.com\/avatar\/4dfbf16b4d17945bfb6341b2d19043457132fcf478a5ee04f42e959fd8f5df0a?s=96&d=mm&r=g","url":"https:\/\/secure.gravatar.com\/avatar\/4dfbf16b4d17945bfb6341b2d19043457132fcf478a5ee04f42e959fd8f5df0a?s=96&d=mm&r=g","contentUrl":"https:\/\/secure.gravatar.com\/avatar\/4dfbf16b4d17945bfb6341b2d19043457132fcf478a5ee04f42e959fd8f5df0a?s=96&d=mm&r=g","caption":"NOTICIASMERCEDINAS.COM"},"url":"https:\/\/noticiasmercedinas.com\/site\/author\/anonimo\/"}]}},"amp_enabled":true,"_links":{"self":[{"href":"https:\/\/noticiasmercedinas.com\/site\/wp-json\/wp\/v2\/posts\/145098","targetHints":{"allow":["GET"]}}],"collection":[{"href":"https:\/\/noticiasmercedinas.com\/site\/wp-json\/wp\/v2\/posts"}],"about":[{"href":"https:\/\/noticiasmercedinas.com\/site\/wp-json\/wp\/v2\/types\/post"}],"author":[{"embeddable":true,"href":"https:\/\/noticiasmercedinas.com\/site\/wp-json\/wp\/v2\/users\/16"}],"replies":[{"embeddable":true,"href":"https:\/\/noticiasmercedinas.com\/site\/wp-json\/wp\/v2\/comments?post=145098"}],"version-history":[{"count":3,"href":"https:\/\/noticiasmercedinas.com\/site\/wp-json\/wp\/v2\/posts\/145098\/revisions"}],"predecessor-version":[{"id":145103,"href":"https:\/\/noticiasmercedinas.com\/site\/wp-json\/wp\/v2\/posts\/145098\/revisions\/145103"}],"wp:featuredmedia":[{"embeddable":true,"href":"https:\/\/noticiasmercedinas.com\/site\/wp-json\/wp\/v2\/media\/145099"}],"wp:attachment":[{"href":"https:\/\/noticiasmercedinas.com\/site\/wp-json\/wp\/v2\/media?parent=145098"}],"wp:term":[{"taxonomy":"category","embeddable":true,"href":"https:\/\/noticiasmercedinas.com\/site\/wp-json\/wp\/v2\/categories?post=145098"},{"taxonomy":"post_tag","embeddable":true,"href":"https:\/\/noticiasmercedinas.com\/site\/wp-json\/wp\/v2\/tags?post=145098"}],"curies":[{"name":"wp","href":"https:\/\/api.w.org\/{rel}","templated":true}]}}