{"id":145143,"date":"2024-09-30T20:18:31","date_gmt":"2024-09-30T23:18:31","guid":{"rendered":"https:\/\/noticiasmercedinas.com\/site\/?p=145143"},"modified":"2024-09-30T20:22:04","modified_gmt":"2024-09-30T23:22:04","slug":"punto-y-algo-mas","status":"publish","type":"post","link":"https:\/\/noticiasmercedinas.com\/site\/2024\/09\/30\/punto-y-algo-mas\/","title":{"rendered":"Punto y algo m\u00e1s"},"content":{"rendered":"<figure id=\"attachment_145144\" aria-describedby=\"caption-attachment-145144\" style=\"width: 640px\" class=\"wp-caption alignnone\"><img loading=\"lazy\" decoding=\"async\" class=\"wp-image-145144 size-full\" src=\"https:\/\/noticiasmercedinas.com\/site\/wp-content\/uploads\/2024\/09\/5bea4564-143e-497f-bd14-2510faf5e8d3.jpg\" alt=\"\" width=\"640\" height=\"303\" srcset=\"https:\/\/noticiasmercedinas.com\/site\/wp-content\/uploads\/2024\/09\/5bea4564-143e-497f-bd14-2510faf5e8d3.jpg 640w, https:\/\/noticiasmercedinas.com\/site\/wp-content\/uploads\/2024\/09\/5bea4564-143e-497f-bd14-2510faf5e8d3-300x142.jpg 300w\" sizes=\"auto, (max-width: 640px) 100vw, 640px\" \/><figcaption id=\"caption-attachment-145144\" class=\"wp-caption-text\">Auteri en el primer tiempo buscando su chance.<\/figcaption><\/figure>\n<p>De un partido sin goles siempre hay aspectos para recatar, este lunes 30 de septiembre con el cierre del mes finaliz\u00f3 la 15\u00b0 fecha de la Primera C y en cancha de Atlas fue local el Deportivo Mu\u00f1iz ante Club Mercedes. Con un planteo ofensivo Romagnoli qued\u00f3 en franca posici\u00f3n de gol a los 5\u2019, en la definici\u00f3n cerr\u00f3 justo L\u00f3pez ante un arco desprotegido. Otro que inquiet\u00f3 en el \u00e1rea fue Auteri, buscando ganar en el juego a\u00e9reo frente a un \u201cRayo Rojo\u201d que no se terminaba de acomodar en cancha.<\/p>\n<p>El abuso del pelotazo fue la caracter\u00edstica del rival, buscando sus chances frente a un Mercedes bien plantado en sus l\u00ednea, y en lo poco que inquiet\u00f3 estuvo atento Caputo en el arco. Una aproximaci\u00f3n m\u00e1s iba a tener Mercedes con Ortigosa, estando ya amonestado de forma equivocada, la falta la hab\u00eda realizado un compa\u00f1ero, se dej\u00f3 caer en el \u00e1rea y con ello el \u00e1rbitro entendi\u00f3 que la simulaci\u00f3n ten\u00eda que ser sancionada, segunda amarilla y Roja para el futbolista proveniente de Flandria.<\/p>\n<p><img loading=\"lazy\" decoding=\"async\" class=\"alignnone size-full wp-image-145145\" src=\"https:\/\/noticiasmercedinas.com\/site\/wp-content\/uploads\/2024\/09\/5d009800-2947-47b8-8da1-cb59f6a5d1d4.jpg\" alt=\"\" width=\"640\" height=\"303\" srcset=\"https:\/\/noticiasmercedinas.com\/site\/wp-content\/uploads\/2024\/09\/5d009800-2947-47b8-8da1-cb59f6a5d1d4.jpg 640w, https:\/\/noticiasmercedinas.com\/site\/wp-content\/uploads\/2024\/09\/5d009800-2947-47b8-8da1-cb59f6a5d1d4-300x142.jpg 300w\" sizes=\"auto, (max-width: 640px) 100vw, 640px\" \/><\/p>\n<p>Se jugaban 28\u00b4 de la primera parte, con 10 la visita se rearm\u00f3 retrocediendo Romagnoli a la zona de volantes, quedando s\u00f3lo en la ofensiva Auteri. Poblando la mitad de cancha, con un doble 5, Chaparro y Bustos, y lo que aport\u00f3 Torres y Romagnoli por las bandas los de Mena fueron sacando el partido adelante frente a un Mu\u00f1iz que no supo aprovechar el hombre dem\u00e1s. Que meti\u00f3 dos cambios de movida para el complemento, sin meterse estos en partido.<\/p>\n<p>Fue entonces que Mercedes empez\u00f3 a ganar confianza, con un importante desgaste f\u00edsico, creciendo la figura de Torres en la izquierda para empezar a caer pelotas en el \u00e1rea. Varias fueron de Di Biase, otras como el remate de Auteri se fue muy cerca del travesa\u00f1o, el 9 de cabeza tambi\u00e9n estuvo cerca en una tarde donde la cancha se inclinaba sin darse una clara respuesta local, que reci\u00e9n en 30\u2019 con Luj\u00e1n busc\u00f3 su chance, Caputo clausur\u00f3 su arco. El equipo estuvo para m\u00e1s, tuvo car\u00e1cter y f\u00fatbol, falt\u00f3 el gol. Tampoco se dio en la corrida del ingresado Rey que sac\u00f3 el centro para Bai que no lleg\u00f3 para empujarla.<\/p>\n<p><img loading=\"lazy\" decoding=\"async\" class=\"alignnone size-full wp-image-145147\" src=\"https:\/\/noticiasmercedinas.com\/site\/wp-content\/uploads\/2024\/09\/489edd0b-dfd4-48c7-a9ba-0f400e8491a0.jpg\" alt=\"\" width=\"640\" height=\"303\" srcset=\"https:\/\/noticiasmercedinas.com\/site\/wp-content\/uploads\/2024\/09\/489edd0b-dfd4-48c7-a9ba-0f400e8491a0.jpg 640w, https:\/\/noticiasmercedinas.com\/site\/wp-content\/uploads\/2024\/09\/489edd0b-dfd4-48c7-a9ba-0f400e8491a0-300x142.jpg 300w\" sizes=\"auto, (max-width: 640px) 100vw, 640px\" \/><\/p>\n<p>Buen punto de Mercedes que con 10 rond\u00f3 el arco de enfrente, tuvo sus chances y como en la primera rueda se dio un 0 a 0, s\u00f3lo que esta vez con m\u00e1s acci\u00f3n. Se viene fecha libre y reci\u00e9n en la 17\u00b0 estar\u00e1 llegando a la Liga el conjunto de Central C\u00f3rdoba, mientras tanto el plantel entrenar\u00e1 y descansar\u00e1 de la marat\u00f3n de partidos que arrastra. Se viene el tramo final del torneo y la diferencia con los de abajo es de 14 puntos, son 9 los compromisos que est\u00e1n por delante y entre ellos est\u00e1 Juventud y Lugano, a Deportivo Paraguayo ya le gan\u00f3 en los dos encuentros.<\/p>\n<p><strong>Deportivo Mu\u00f1iz 0:<\/strong> Agust\u00edn Di Biase, Leandro Galvez, Octavio Villegas, Kevin Far\u00edas, Iv\u00e1n Malmoria, Ramiro L\u00f3pez, Lucas Ram\u00edrez, Agust\u00edn Guti\u00e9rrez, Tom\u00e1s Luj\u00e1n, Brian Picca y Lucas Campenni. <strong>DT:<\/strong> Insaurralde. <strong>Relevos:<\/strong> Ezequiel Daniele, Gonzalo Cardozo, Tob\u00edas Ocampo y Agust\u00edn Guti\u00e9rrez.<\/p>\n<p><strong>Club Mercedes 0:<\/strong> Mat\u00edas Caputo, Joaqu\u00edn Cejas, Gonzalo Pulido, Hern\u00e1n Pineda, Tom\u00e1s Chaparro, Mart\u00edn Zuccaro, Ulises Bustos, Franco Ortigosa, Santiago Auteri, Santiago Romagnoli y Rodrigo Torres. <strong>DT: <\/strong>Oscar Mena. <strong>Relevos:<\/strong> Francisco Bidone, Agust\u00edn Rivera, El\u00edas Vel\u00e1zquez, Daniel Lucero y Franco Gatti.<\/p>\n<p><strong>Cambios:<\/strong> Juan Ledesma por Galvez y Gustavo Villafa\u00f1e por Campeninni, 15\u2019 Mateo Garc\u00eda por Ram\u00edrez en Mu\u00f1iz, 23\u2019 Pablo Almada por Romagnoli y Ian Gerez por Bustos en Mercedes, 34\u2019 Kevin Silva por Picca en Mu\u00f1iz, 37\u2019 Isa\u00edas Bai por Torres y a los 46\u2019 Lucas Rey por Auteri en Mercedes.<br \/>\n<strong>Arbitro:<\/strong> Manuel Girett.<br \/>\n<strong>Expulsado en el PT:<\/strong> A los 28\u2019 Ortigosa en Club Mercedes.<\/p>\n<p><strong>Resultado<\/strong><br \/>\n<strong>Luj\u00e1n 1: <\/strong>Claudio Verino en contra.<br \/>\n<strong>Juventud Unida 2:<\/strong> Diego Cardozo y Juan Morinigo.<\/p>\n<p><img loading=\"lazy\" decoding=\"async\" class=\"alignnone size-full wp-image-145148\" src=\"https:\/\/noticiasmercedinas.com\/site\/wp-content\/uploads\/2024\/09\/Primera-C-19.jpg\" alt=\"\" width=\"640\" height=\"755\" srcset=\"https:\/\/noticiasmercedinas.com\/site\/wp-content\/uploads\/2024\/09\/Primera-C-19.jpg 640w, https:\/\/noticiasmercedinas.com\/site\/wp-content\/uploads\/2024\/09\/Primera-C-19-254x300.jpg 254w\" sizes=\"auto, (max-width: 640px) 100vw, 640px\" \/><br \/>\n(1) Tienen un partido suspendido, empataban 0 a 0.<\/p>\n<p>Pr\u00f3xima fecha<br \/>\nCentral C\u00f3rdoba vs. Deportivo Mu\u00f1iz.<br \/>\nAtlas vs. Real Pilar.<br \/>\nDeportivo Espa\u00f1ol vs. Deportivo paraguayo.<br \/>\nCentro Espa\u00f1ol vs. JJ Urquiza.<br \/>\nVictoriano Arenas vs. Yupanqui.<br \/>\nLeandro Alem vs. Berazategui.<br \/>\nCentral Ballester vs. Sportivo Barracas.<br \/>\nClaypole vs. Luj\u00e1n.<br \/>\nJuventud Unida vs. El Porvenir.<br \/>\nLugano vs. Ituzaing\u00f3.<br \/>\nPuerto Nuevo vs. General Lamadrid.<br \/>\nDefensores de Cambaceres vs. Argentino.<br \/>\n<strong>Libre:<\/strong> Club Mercedes.<\/p>\n<p><img loading=\"lazy\" decoding=\"async\" class=\"alignnone size-full wp-image-145149\" src=\"https:\/\/noticiasmercedinas.com\/site\/wp-content\/uploads\/2024\/09\/Primera-C-General-18.jpg\" alt=\"\" width=\"640\" height=\"765\" srcset=\"https:\/\/noticiasmercedinas.com\/site\/wp-content\/uploads\/2024\/09\/Primera-C-General-18.jpg 640w, https:\/\/noticiasmercedinas.com\/site\/wp-content\/uploads\/2024\/09\/Primera-C-General-18-251x300.jpg 251w\" sizes=\"auto, (max-width: 640px) 100vw, 640px\" \/><br \/>\n* Ganador del Apertura.<br \/>\n(1) Tienen un partidos suspendido, empataban 0 a 0.<br \/>\nEl \u00faltimo de la tabla General perder\u00e1 la categor\u00eda.<\/p>\n","protected":false},"excerpt":{"rendered":"<p>\u25a0 En cancha de Atlas empataron si goles Mu\u00f1iz y Club Mercedes. Con 10 ante la expulsi\u00f3n de Ortigosa en el primer tiempo el \u201cBlanquinegro\u201d propuso mucho m\u00e1s. Rond\u00f3 la posibilidad de victoria en una buena producci\u00f3n de equipo.<\/p>\n","protected":false},"author":6,"featured_media":145144,"comment_status":"closed","ping_status":"closed","sticky":false,"template":"","format":"standard","meta":{"footnotes":""},"categories":[5],"tags":[6424,135,14247,6434],"class_list":["post-145143","post","type-post","status-publish","format-standard","has-post-thumbnail","hentry","category-deportes","tag-afa","tag-club-mercedes","tag-deportivo-muniz","tag-primera-c"],"yoast_head":"<!-- This site is optimized with the Yoast SEO plugin v27.5 - https:\/\/yoast.com\/product\/yoast-seo-wordpress\/ -->\n<title>Punto y algo m\u00e1s<\/title>\n<meta name=\"robots\" content=\"index, follow, max-snippet:-1, max-image-preview:large, max-video-preview:-1\" \/>\n<link rel=\"canonical\" href=\"https:\/\/noticiasmercedinas.com\/site\/2024\/09\/30\/punto-y-algo-mas\/\" \/>\n<meta property=\"og:locale\" content=\"es_ES\" \/>\n<meta property=\"og:type\" content=\"article\" \/>\n<meta property=\"og:title\" content=\"Punto y algo m\u00e1s\" \/>\n<meta property=\"og:description\" content=\"\u25a0 En cancha de Atlas empataron si goles Mu\u00f1iz y Club Mercedes. Con 10 ante la expulsi\u00f3n de Ortigosa en el primer tiempo el \u201cBlanquinegro\u201d propuso mucho m\u00e1s. Rond\u00f3 la posibilidad de victoria en una buena producci\u00f3n de equipo.\" \/>\n<meta property=\"og:url\" content=\"https:\/\/noticiasmercedinas.com\/site\/2024\/09\/30\/punto-y-algo-mas\/\" \/>\n<meta property=\"og:site_name\" content=\"NOTICIASMERCEDINAS.COM\" \/>\n<meta property=\"article:publisher\" content=\"https:\/\/www.facebook.com\/noticiasmercedinas\/\" \/>\n<meta property=\"article:published_time\" content=\"2024-09-30T23:18:31+00:00\" \/>\n<meta property=\"article:modified_time\" content=\"2024-09-30T23:22:04+00:00\" \/>\n<meta property=\"og:image\" content=\"https:\/\/noticiasmercedinas.com\/site\/wp-content\/uploads\/2024\/09\/5bea4564-143e-497f-bd14-2510faf5e8d3.jpg\" \/>\n\t<meta property=\"og:image:width\" content=\"640\" \/>\n\t<meta property=\"og:image:height\" content=\"303\" \/>\n\t<meta property=\"og:image:type\" content=\"image\/jpeg\" \/>\n<meta name=\"author\" content=\"Juan Dagnino NOTICIASMERCEDINAS.COM\" \/>\n<meta name=\"twitter:card\" content=\"summary_large_image\" \/>\n<meta name=\"twitter:creator\" content=\"@notmercedinas\" \/>\n<meta name=\"twitter:site\" content=\"@notmercedinas\" \/>\n<meta name=\"twitter:label1\" content=\"Escrito por\" \/>\n\t<meta name=\"twitter:data1\" content=\"Juan Dagnino NOTICIASMERCEDINAS.COM\" \/>\n\t<meta name=\"twitter:label2\" content=\"Tiempo de lectura\" \/>\n\t<meta name=\"twitter:data2\" content=\"4 minutos\" \/>\n<script type=\"application\/ld+json\" class=\"yoast-schema-graph\">{\"@context\":\"https:\\\/\\\/schema.org\",\"@graph\":[{\"@type\":\"Article\",\"@id\":\"https:\\\/\\\/noticiasmercedinas.com\\\/site\\\/2024\\\/09\\\/30\\\/punto-y-algo-mas\\\/#article\",\"isPartOf\":{\"@id\":\"https:\\\/\\\/noticiasmercedinas.com\\\/site\\\/2024\\\/09\\\/30\\\/punto-y-algo-mas\\\/\"},\"author\":{\"name\":\"Juan Dagnino NOTICIASMERCEDINAS.COM\",\"@id\":\"https:\\\/\\\/noticiasmercedinas.com\\\/site\\\/#\\\/schema\\\/person\\\/8f2f09d666ef40986eba4a5e6f2a06f9\"},\"headline\":\"Punto y algo m\u00e1s\",\"datePublished\":\"2024-09-30T23:18:31+00:00\",\"dateModified\":\"2024-09-30T23:22:04+00:00\",\"mainEntityOfPage\":{\"@id\":\"https:\\\/\\\/noticiasmercedinas.com\\\/site\\\/2024\\\/09\\\/30\\\/punto-y-algo-mas\\\/\"},\"wordCount\":783,\"publisher\":{\"@id\":\"https:\\\/\\\/noticiasmercedinas.com\\\/site\\\/#organization\"},\"image\":{\"@id\":\"https:\\\/\\\/noticiasmercedinas.com\\\/site\\\/2024\\\/09\\\/30\\\/punto-y-algo-mas\\\/#primaryimage\"},\"thumbnailUrl\":\"https:\\\/\\\/noticiasmercedinas.com\\\/site\\\/wp-content\\\/uploads\\\/2024\\\/09\\\/5bea4564-143e-497f-bd14-2510faf5e8d3.jpg\",\"keywords\":[\"AFA\",\"club mercedes\",\"Deportivo Mu\u00f1iz\",\"Primera C\"],\"articleSection\":[\"Deportes\"],\"inLanguage\":\"es\"},{\"@type\":\"WebPage\",\"@id\":\"https:\\\/\\\/noticiasmercedinas.com\\\/site\\\/2024\\\/09\\\/30\\\/punto-y-algo-mas\\\/\",\"url\":\"https:\\\/\\\/noticiasmercedinas.com\\\/site\\\/2024\\\/09\\\/30\\\/punto-y-algo-mas\\\/\",\"name\":\"Punto y algo m\u00e1s\",\"isPartOf\":{\"@id\":\"https:\\\/\\\/noticiasmercedinas.com\\\/site\\\/#website\"},\"primaryImageOfPage\":{\"@id\":\"https:\\\/\\\/noticiasmercedinas.com\\\/site\\\/2024\\\/09\\\/30\\\/punto-y-algo-mas\\\/#primaryimage\"},\"image\":{\"@id\":\"https:\\\/\\\/noticiasmercedinas.com\\\/site\\\/2024\\\/09\\\/30\\\/punto-y-algo-mas\\\/#primaryimage\"},\"thumbnailUrl\":\"https:\\\/\\\/noticiasmercedinas.com\\\/site\\\/wp-content\\\/uploads\\\/2024\\\/09\\\/5bea4564-143e-497f-bd14-2510faf5e8d3.jpg\",\"datePublished\":\"2024-09-30T23:18:31+00:00\",\"dateModified\":\"2024-09-30T23:22:04+00:00\",\"breadcrumb\":{\"@id\":\"https:\\\/\\\/noticiasmercedinas.com\\\/site\\\/2024\\\/09\\\/30\\\/punto-y-algo-mas\\\/#breadcrumb\"},\"inLanguage\":\"es\",\"potentialAction\":[{\"@type\":\"ReadAction\",\"target\":[\"https:\\\/\\\/noticiasmercedinas.com\\\/site\\\/2024\\\/09\\\/30\\\/punto-y-algo-mas\\\/\"]}]},{\"@type\":\"ImageObject\",\"inLanguage\":\"es\",\"@id\":\"https:\\\/\\\/noticiasmercedinas.com\\\/site\\\/2024\\\/09\\\/30\\\/punto-y-algo-mas\\\/#primaryimage\",\"url\":\"https:\\\/\\\/noticiasmercedinas.com\\\/site\\\/wp-content\\\/uploads\\\/2024\\\/09\\\/5bea4564-143e-497f-bd14-2510faf5e8d3.jpg\",\"contentUrl\":\"https:\\\/\\\/noticiasmercedinas.com\\\/site\\\/wp-content\\\/uploads\\\/2024\\\/09\\\/5bea4564-143e-497f-bd14-2510faf5e8d3.jpg\",\"width\":640,\"height\":303},{\"@type\":\"BreadcrumbList\",\"@id\":\"https:\\\/\\\/noticiasmercedinas.com\\\/site\\\/2024\\\/09\\\/30\\\/punto-y-algo-mas\\\/#breadcrumb\",\"itemListElement\":[{\"@type\":\"ListItem\",\"position\":1,\"name\":\"Portada\",\"item\":\"https:\\\/\\\/noticiasmercedinas.com\\\/site\\\/\"},{\"@type\":\"ListItem\",\"position\":2,\"name\":\"Punto y algo m\u00e1s\"}]},{\"@type\":\"WebSite\",\"@id\":\"https:\\\/\\\/noticiasmercedinas.com\\\/site\\\/#website\",\"url\":\"https:\\\/\\\/noticiasmercedinas.com\\\/site\\\/\",\"name\":\"NOTICIASMERCEDINAS.COM\",\"description\":\"Mercedes, Buenos Aires, Argentina\",\"publisher\":{\"@id\":\"https:\\\/\\\/noticiasmercedinas.com\\\/site\\\/#organization\"},\"potentialAction\":[{\"@type\":\"SearchAction\",\"target\":{\"@type\":\"EntryPoint\",\"urlTemplate\":\"https:\\\/\\\/noticiasmercedinas.com\\\/site\\\/?s={search_term_string}\"},\"query-input\":{\"@type\":\"PropertyValueSpecification\",\"valueRequired\":true,\"valueName\":\"search_term_string\"}}],\"inLanguage\":\"es\"},{\"@type\":\"Organization\",\"@id\":\"https:\\\/\\\/noticiasmercedinas.com\\\/site\\\/#organization\",\"name\":\"NOTICIASMERCEDINAS.COM\",\"url\":\"https:\\\/\\\/noticiasmercedinas.com\\\/site\\\/\",\"logo\":{\"@type\":\"ImageObject\",\"inLanguage\":\"es\",\"@id\":\"https:\\\/\\\/noticiasmercedinas.com\\\/site\\\/#\\\/schema\\\/logo\\\/image\\\/\",\"url\":\"https:\\\/\\\/noticiasmercedinas.com\\\/site\\\/wp-content\\\/uploads\\\/2020\\\/06\\\/LOGO-512.jpg\",\"contentUrl\":\"https:\\\/\\\/noticiasmercedinas.com\\\/site\\\/wp-content\\\/uploads\\\/2020\\\/06\\\/LOGO-512.jpg\",\"width\":512,\"height\":512,\"caption\":\"NOTICIASMERCEDINAS.COM\"},\"image\":{\"@id\":\"https:\\\/\\\/noticiasmercedinas.com\\\/site\\\/#\\\/schema\\\/logo\\\/image\\\/\"},\"sameAs\":[\"https:\\\/\\\/www.facebook.com\\\/noticiasmercedinas\\\/\",\"https:\\\/\\\/x.com\\\/notmercedinas\",\"https:\\\/\\\/www.instagram.com\\\/noticiasmercedinas\\\/\"]},{\"@type\":\"Person\",\"@id\":\"https:\\\/\\\/noticiasmercedinas.com\\\/site\\\/#\\\/schema\\\/person\\\/8f2f09d666ef40986eba4a5e6f2a06f9\",\"name\":\"Juan Dagnino NOTICIASMERCEDINAS.COM\",\"image\":{\"@type\":\"ImageObject\",\"inLanguage\":\"es\",\"@id\":\"https:\\\/\\\/secure.gravatar.com\\\/avatar\\\/fc7059a769f5a3cae65fadb228a3e4accf3a64b4b2305020d0a27e6d5333c91b?s=96&d=mm&r=g\",\"url\":\"https:\\\/\\\/secure.gravatar.com\\\/avatar\\\/fc7059a769f5a3cae65fadb228a3e4accf3a64b4b2305020d0a27e6d5333c91b?s=96&d=mm&r=g\",\"contentUrl\":\"https:\\\/\\\/secure.gravatar.com\\\/avatar\\\/fc7059a769f5a3cae65fadb228a3e4accf3a64b4b2305020d0a27e6d5333c91b?s=96&d=mm&r=g\",\"caption\":\"Juan Dagnino NOTICIASMERCEDINAS.COM\"},\"url\":\"https:\\\/\\\/noticiasmercedinas.com\\\/site\\\/author\\\/juandagnino\\\/\"}]}<\/script>\n<!-- \/ Yoast SEO plugin. -->","yoast_head_json":{"title":"Punto y algo m\u00e1s","robots":{"index":"index","follow":"follow","max-snippet":"max-snippet:-1","max-image-preview":"max-image-preview:large","max-video-preview":"max-video-preview:-1"},"canonical":"https:\/\/noticiasmercedinas.com\/site\/2024\/09\/30\/punto-y-algo-mas\/","og_locale":"es_ES","og_type":"article","og_title":"Punto y algo m\u00e1s","og_description":"\u25a0 En cancha de Atlas empataron si goles Mu\u00f1iz y Club Mercedes. Con 10 ante la expulsi\u00f3n de Ortigosa en el primer tiempo el \u201cBlanquinegro\u201d propuso mucho m\u00e1s. Rond\u00f3 la posibilidad de victoria en una buena producci\u00f3n de equipo.","og_url":"https:\/\/noticiasmercedinas.com\/site\/2024\/09\/30\/punto-y-algo-mas\/","og_site_name":"NOTICIASMERCEDINAS.COM","article_publisher":"https:\/\/www.facebook.com\/noticiasmercedinas\/","article_published_time":"2024-09-30T23:18:31+00:00","article_modified_time":"2024-09-30T23:22:04+00:00","og_image":[{"width":640,"height":303,"url":"https:\/\/noticiasmercedinas.com\/site\/wp-content\/uploads\/2024\/09\/5bea4564-143e-497f-bd14-2510faf5e8d3.jpg","type":"image\/jpeg"}],"author":"Juan Dagnino NOTICIASMERCEDINAS.COM","twitter_card":"summary_large_image","twitter_creator":"@notmercedinas","twitter_site":"@notmercedinas","twitter_misc":{"Escrito por":"Juan Dagnino NOTICIASMERCEDINAS.COM","Tiempo de lectura":"4 minutos"},"schema":{"@context":"https:\/\/schema.org","@graph":[{"@type":"Article","@id":"https:\/\/noticiasmercedinas.com\/site\/2024\/09\/30\/punto-y-algo-mas\/#article","isPartOf":{"@id":"https:\/\/noticiasmercedinas.com\/site\/2024\/09\/30\/punto-y-algo-mas\/"},"author":{"name":"Juan Dagnino NOTICIASMERCEDINAS.COM","@id":"https:\/\/noticiasmercedinas.com\/site\/#\/schema\/person\/8f2f09d666ef40986eba4a5e6f2a06f9"},"headline":"Punto y algo m\u00e1s","datePublished":"2024-09-30T23:18:31+00:00","dateModified":"2024-09-30T23:22:04+00:00","mainEntityOfPage":{"@id":"https:\/\/noticiasmercedinas.com\/site\/2024\/09\/30\/punto-y-algo-mas\/"},"wordCount":783,"publisher":{"@id":"https:\/\/noticiasmercedinas.com\/site\/#organization"},"image":{"@id":"https:\/\/noticiasmercedinas.com\/site\/2024\/09\/30\/punto-y-algo-mas\/#primaryimage"},"thumbnailUrl":"https:\/\/noticiasmercedinas.com\/site\/wp-content\/uploads\/2024\/09\/5bea4564-143e-497f-bd14-2510faf5e8d3.jpg","keywords":["AFA","club mercedes","Deportivo Mu\u00f1iz","Primera C"],"articleSection":["Deportes"],"inLanguage":"es"},{"@type":"WebPage","@id":"https:\/\/noticiasmercedinas.com\/site\/2024\/09\/30\/punto-y-algo-mas\/","url":"https:\/\/noticiasmercedinas.com\/site\/2024\/09\/30\/punto-y-algo-mas\/","name":"Punto y algo m\u00e1s","isPartOf":{"@id":"https:\/\/noticiasmercedinas.com\/site\/#website"},"primaryImageOfPage":{"@id":"https:\/\/noticiasmercedinas.com\/site\/2024\/09\/30\/punto-y-algo-mas\/#primaryimage"},"image":{"@id":"https:\/\/noticiasmercedinas.com\/site\/2024\/09\/30\/punto-y-algo-mas\/#primaryimage"},"thumbnailUrl":"https:\/\/noticiasmercedinas.com\/site\/wp-content\/uploads\/2024\/09\/5bea4564-143e-497f-bd14-2510faf5e8d3.jpg","datePublished":"2024-09-30T23:18:31+00:00","dateModified":"2024-09-30T23:22:04+00:00","breadcrumb":{"@id":"https:\/\/noticiasmercedinas.com\/site\/2024\/09\/30\/punto-y-algo-mas\/#breadcrumb"},"inLanguage":"es","potentialAction":[{"@type":"ReadAction","target":["https:\/\/noticiasmercedinas.com\/site\/2024\/09\/30\/punto-y-algo-mas\/"]}]},{"@type":"ImageObject","inLanguage":"es","@id":"https:\/\/noticiasmercedinas.com\/site\/2024\/09\/30\/punto-y-algo-mas\/#primaryimage","url":"https:\/\/noticiasmercedinas.com\/site\/wp-content\/uploads\/2024\/09\/5bea4564-143e-497f-bd14-2510faf5e8d3.jpg","contentUrl":"https:\/\/noticiasmercedinas.com\/site\/wp-content\/uploads\/2024\/09\/5bea4564-143e-497f-bd14-2510faf5e8d3.jpg","width":640,"height":303},{"@type":"BreadcrumbList","@id":"https:\/\/noticiasmercedinas.com\/site\/2024\/09\/30\/punto-y-algo-mas\/#breadcrumb","itemListElement":[{"@type":"ListItem","position":1,"name":"Portada","item":"https:\/\/noticiasmercedinas.com\/site\/"},{"@type":"ListItem","position":2,"name":"Punto y algo m\u00e1s"}]},{"@type":"WebSite","@id":"https:\/\/noticiasmercedinas.com\/site\/#website","url":"https:\/\/noticiasmercedinas.com\/site\/","name":"NOTICIASMERCEDINAS.COM","description":"Mercedes, Buenos Aires, Argentina","publisher":{"@id":"https:\/\/noticiasmercedinas.com\/site\/#organization"},"potentialAction":[{"@type":"SearchAction","target":{"@type":"EntryPoint","urlTemplate":"https:\/\/noticiasmercedinas.com\/site\/?s={search_term_string}"},"query-input":{"@type":"PropertyValueSpecification","valueRequired":true,"valueName":"search_term_string"}}],"inLanguage":"es"},{"@type":"Organization","@id":"https:\/\/noticiasmercedinas.com\/site\/#organization","name":"NOTICIASMERCEDINAS.COM","url":"https:\/\/noticiasmercedinas.com\/site\/","logo":{"@type":"ImageObject","inLanguage":"es","@id":"https:\/\/noticiasmercedinas.com\/site\/#\/schema\/logo\/image\/","url":"https:\/\/noticiasmercedinas.com\/site\/wp-content\/uploads\/2020\/06\/LOGO-512.jpg","contentUrl":"https:\/\/noticiasmercedinas.com\/site\/wp-content\/uploads\/2020\/06\/LOGO-512.jpg","width":512,"height":512,"caption":"NOTICIASMERCEDINAS.COM"},"image":{"@id":"https:\/\/noticiasmercedinas.com\/site\/#\/schema\/logo\/image\/"},"sameAs":["https:\/\/www.facebook.com\/noticiasmercedinas\/","https:\/\/x.com\/notmercedinas","https:\/\/www.instagram.com\/noticiasmercedinas\/"]},{"@type":"Person","@id":"https:\/\/noticiasmercedinas.com\/site\/#\/schema\/person\/8f2f09d666ef40986eba4a5e6f2a06f9","name":"Juan Dagnino NOTICIASMERCEDINAS.COM","image":{"@type":"ImageObject","inLanguage":"es","@id":"https:\/\/secure.gravatar.com\/avatar\/fc7059a769f5a3cae65fadb228a3e4accf3a64b4b2305020d0a27e6d5333c91b?s=96&d=mm&r=g","url":"https:\/\/secure.gravatar.com\/avatar\/fc7059a769f5a3cae65fadb228a3e4accf3a64b4b2305020d0a27e6d5333c91b?s=96&d=mm&r=g","contentUrl":"https:\/\/secure.gravatar.com\/avatar\/fc7059a769f5a3cae65fadb228a3e4accf3a64b4b2305020d0a27e6d5333c91b?s=96&d=mm&r=g","caption":"Juan Dagnino NOTICIASMERCEDINAS.COM"},"url":"https:\/\/noticiasmercedinas.com\/site\/author\/juandagnino\/"}]}},"amp_enabled":true,"_links":{"self":[{"href":"https:\/\/noticiasmercedinas.com\/site\/wp-json\/wp\/v2\/posts\/145143","targetHints":{"allow":["GET"]}}],"collection":[{"href":"https:\/\/noticiasmercedinas.com\/site\/wp-json\/wp\/v2\/posts"}],"about":[{"href":"https:\/\/noticiasmercedinas.com\/site\/wp-json\/wp\/v2\/types\/post"}],"author":[{"embeddable":true,"href":"https:\/\/noticiasmercedinas.com\/site\/wp-json\/wp\/v2\/users\/6"}],"replies":[{"embeddable":true,"href":"https:\/\/noticiasmercedinas.com\/site\/wp-json\/wp\/v2\/comments?post=145143"}],"version-history":[{"count":2,"href":"https:\/\/noticiasmercedinas.com\/site\/wp-json\/wp\/v2\/posts\/145143\/revisions"}],"predecessor-version":[{"id":145155,"href":"https:\/\/noticiasmercedinas.com\/site\/wp-json\/wp\/v2\/posts\/145143\/revisions\/145155"}],"wp:featuredmedia":[{"embeddable":true,"href":"https:\/\/noticiasmercedinas.com\/site\/wp-json\/wp\/v2\/media\/145144"}],"wp:attachment":[{"href":"https:\/\/noticiasmercedinas.com\/site\/wp-json\/wp\/v2\/media?parent=145143"}],"wp:term":[{"taxonomy":"category","embeddable":true,"href":"https:\/\/noticiasmercedinas.com\/site\/wp-json\/wp\/v2\/categories?post=145143"},{"taxonomy":"post_tag","embeddable":true,"href":"https:\/\/noticiasmercedinas.com\/site\/wp-json\/wp\/v2\/tags?post=145143"}],"curies":[{"name":"wp","href":"https:\/\/api.w.org\/{rel}","templated":true}]}}