{"id":14519,"date":"2019-03-20T09:25:55","date_gmt":"2019-03-20T12:25:55","guid":{"rendered":"https:\/\/noticiasmercedinas.com\/site\/?p=14519"},"modified":"2019-03-20T09:55:40","modified_gmt":"2019-03-20T12:55:40","slug":"yo-solo-con-dios","status":"publish","type":"post","link":"https:\/\/noticiasmercedinas.com\/site\/2019\/03\/20\/yo-solo-con-dios\/","title":{"rendered":"Yo solo con Dios"},"content":{"rendered":"<figure id=\"attachment_14521\" aria-describedby=\"caption-attachment-14521\" style=\"width: 640px\" class=\"wp-caption alignnone\"><img loading=\"lazy\" decoding=\"async\" class=\"wp-image-14521\" src=\"https:\/\/noticiasmercedinas.com\/site\/wp-content\/uploads\/2019\/03\/confesion_campo.jpg\" alt=\"\" width=\"640\" height=\"417\" srcset=\"https:\/\/noticiasmercedinas.com\/site\/wp-content\/uploads\/2019\/03\/confesion_campo.jpg 450w, https:\/\/noticiasmercedinas.com\/site\/wp-content\/uploads\/2019\/03\/confesion_campo-300x194.jpg 300w\" sizes=\"auto, (max-width: 640px) 100vw, 640px\" \/><figcaption id=\"caption-attachment-14521\" class=\"wp-caption-text\">REUTERS\/Vasily Fedosenko<\/figcaption><\/figure>\n<p>A\u00fan con la emoci\u00f3n de haber celebrado al glorioso patriarca San Jos\u00e9 en su d\u00eda, nos enfrentamos al camino propio del santo tiempo de la Cuaresma.<\/p>\n<p>Y si bien ayer habl\u00e1bamos de los ayunos de silencio, de palabra, de protagonismo al modo de San Jos\u00e9, vamos a volver a otra\u00a0 tem\u00e1tica propia de este santo tiempo: <strong>la confesi\u00f3n<\/strong>.<\/p>\n<p>Cu\u00e1ntas veces escuchamos nosotros los sacerdotes a muchas personas, hermanos laicos, que dicen <em>yo me las arreglo directamente con Dios, yo me confieso con Dios s\u00f3lo.<\/em> El problema es que nuestros pecados no son solamente de nosotros sino que somos una comunidad y nuestras faltas, nuestros pecados, de modo particular los pecados mortales, no solamente me involucran a m\u00ed sino que por ser parte de la Iglesia involucran tambi\u00e9n a todo el Cuerpo M\u00edstico de la Iglesia.<\/p>\n<p>Si hacen memoria ustedes, nosotros decimos en el Credo, \u00abcreo en la comuni\u00f3n de los Santos\u00bb. Este creer en la comuni\u00f3n de los Santos significa que todo lo bueno que yo hago repercute a toda la gloria de la Iglesia, a toda la santidad de la Iglesia. As\u00ed como el bien que hac\u00eda Madre Teresa de Calcuta o un misionero hoy caminando en medio de la selva, o entre nosotros mismos, cualquier bien que un enfermo ofrece desde su cama redunda en bien de la Iglesia, tambi\u00e9n &#8211;y esto es lo lo grave&#8211; cualquier cosa mala repercute en todo el bien de la Iglesia. Eso es la comuni\u00f3n de los Santos, y de all\u00ed que si bien mis pecados son absolutamente personales, como dice ese viejo principio de la filosof\u00eda\u00a0<em>de la nada nada procede,<\/em> si yo estoy en pecado no puedo yo mismo sacarme del pecado a la gracia. Es necesario que alguien de la Iglesia, en nombre de la Iglesia y en nombre propio nos absuelva, de all\u00ed que el sacerdote dice <em>yo te absuelvo de tus pecados.<\/em> El sacerdote que puede ser, al menos en mi caso, m\u00e1s pecador que cualquier otro, pero que tenemos la gracia del orden sacerdotal para decir <em>yo te absuelvo de tus pecados, en el nombre del Padre, del Hijo y del Esp\u00edritu Santo.<\/em> Es decir que nuestros pecados son personales, pero no son, no repercuten o no me manchan solamente a m\u00ed, as\u00ed como las buenas obras que yo hago no son solamente para \u00e9l, sino que en el misterio de la comuni\u00f3n de los Santos redundan en bien de toda la Iglesia o tambi\u00e9n redundan en pecado para toda la Iglesia. As\u00ed que eso de <em>yo me arreglo con Dios<\/em> no va.<\/p>\n<p>Es necesario que alguien de la Iglesia y con estas palabras sacramentales del Evangelio me perdone los pecados. Ya lo dijo Jes\u00fas, <em>a los que ustedes perdonen los pecados le ser\u00e1n perdonados,\u00a0 a los que ustedes se los retengan les ser\u00e1n retenidos<\/em>.<\/p>\n<p>Que nos animemos en el tiempo de la Cuaresma a una buena confesi\u00f3n.<\/p>\n<p>Que la Virgen de Luj\u00e1n los bendiga.<\/p>\n","protected":false},"excerpt":{"rendered":"<p>A\u00fan con la emoci\u00f3n de haber celebrado al glorioso patriarca San Jos\u00e9 en su d\u00eda, nos enfrentamos al camino propio del santo tiempo de la Cuaresma. Y si bien ayer habl\u00e1bamos de los ayunos de silencio, de palabra, de protagonismo al modo de San Jos\u00e9, vamos a volver a otra\u00a0 tem\u00e1tica propia de este santo [&hellip;]<\/p>\n","protected":false},"author":23,"featured_media":14521,"comment_status":"open","ping_status":"open","sticky":false,"template":"","format":"standard","meta":{"footnotes":""},"categories":[3876],"tags":[3965,3897,3879],"class_list":["post-14519","post","type-post","status-publish","format-standard","has-post-thumbnail","hentry","category-semillas-de-vida","tag-confesion","tag-cuaresma","tag-semillas-de-vida"],"yoast_head":"<!-- This site is optimized with the Yoast SEO plugin v27.4 - https:\/\/yoast.com\/product\/yoast-seo-wordpress\/ -->\n<title>Yo solo con Dios<\/title>\n<meta name=\"robots\" content=\"index, follow, max-snippet:-1, max-image-preview:large, max-video-preview:-1\" \/>\n<link rel=\"canonical\" href=\"https:\/\/noticiasmercedinas.com\/site\/2019\/03\/20\/yo-solo-con-dios\/\" \/>\n<meta property=\"og:locale\" content=\"es_ES\" \/>\n<meta property=\"og:type\" content=\"article\" \/>\n<meta property=\"og:title\" content=\"Yo solo con Dios\" \/>\n<meta property=\"og:description\" content=\"A\u00fan con la emoci\u00f3n de haber celebrado al glorioso patriarca San Jos\u00e9 en su d\u00eda, nos enfrentamos al camino propio del santo tiempo de la Cuaresma. Y si bien ayer habl\u00e1bamos de los ayunos de silencio, de palabra, de protagonismo al modo de San Jos\u00e9, vamos a volver a otra\u00a0 tem\u00e1tica propia de este santo [&hellip;]\" \/>\n<meta property=\"og:url\" content=\"https:\/\/noticiasmercedinas.com\/site\/2019\/03\/20\/yo-solo-con-dios\/\" \/>\n<meta property=\"og:site_name\" content=\"NOTICIASMERCEDINAS.COM\" \/>\n<meta property=\"article:publisher\" content=\"https:\/\/www.facebook.com\/noticiasmercedinas\/\" \/>\n<meta property=\"article:published_time\" content=\"2019-03-20T12:25:55+00:00\" \/>\n<meta property=\"article:modified_time\" content=\"2019-03-20T12:55:40+00:00\" \/>\n<meta property=\"og:image\" content=\"https:\/\/noticiasmercedinas.com\/site\/wp-content\/uploads\/2019\/03\/confesion_campo.jpg\" \/>\n\t<meta property=\"og:image:width\" content=\"450\" \/>\n\t<meta property=\"og:image:height\" content=\"293\" \/>\n\t<meta property=\"og:image:type\" content=\"image\/jpeg\" \/>\n<meta name=\"author\" content=\"P. H\u00e9ctor Joaqu\u00edn\" \/>\n<meta name=\"twitter:card\" content=\"summary_large_image\" \/>\n<meta name=\"twitter:creator\" content=\"@notmercedinas\" \/>\n<meta name=\"twitter:site\" content=\"@notmercedinas\" \/>\n<meta name=\"twitter:label1\" content=\"Escrito por\" \/>\n\t<meta name=\"twitter:data1\" content=\"P. H\u00e9ctor Joaqu\u00edn\" \/>\n\t<meta name=\"twitter:label2\" content=\"Tiempo de lectura\" \/>\n\t<meta name=\"twitter:data2\" content=\"3 minutos\" \/>\n<script type=\"application\/ld+json\" class=\"yoast-schema-graph\">{\"@context\":\"https:\\\/\\\/schema.org\",\"@graph\":[{\"@type\":\"Article\",\"@id\":\"https:\\\/\\\/noticiasmercedinas.com\\\/site\\\/2019\\\/03\\\/20\\\/yo-solo-con-dios\\\/#article\",\"isPartOf\":{\"@id\":\"https:\\\/\\\/noticiasmercedinas.com\\\/site\\\/2019\\\/03\\\/20\\\/yo-solo-con-dios\\\/\"},\"author\":{\"name\":\"P. H\u00e9ctor Joaqu\u00edn\",\"@id\":\"https:\\\/\\\/noticiasmercedinas.com\\\/site\\\/#\\\/schema\\\/person\\\/fa7a2dad804ceee0906a2c148245b4c4\"},\"headline\":\"Yo solo con Dios\",\"datePublished\":\"2019-03-20T12:25:55+00:00\",\"dateModified\":\"2019-03-20T12:55:40+00:00\",\"mainEntityOfPage\":{\"@id\":\"https:\\\/\\\/noticiasmercedinas.com\\\/site\\\/2019\\\/03\\\/20\\\/yo-solo-con-dios\\\/\"},\"wordCount\":528,\"commentCount\":0,\"publisher\":{\"@id\":\"https:\\\/\\\/noticiasmercedinas.com\\\/site\\\/#organization\"},\"image\":{\"@id\":\"https:\\\/\\\/noticiasmercedinas.com\\\/site\\\/2019\\\/03\\\/20\\\/yo-solo-con-dios\\\/#primaryimage\"},\"thumbnailUrl\":\"https:\\\/\\\/noticiasmercedinas.com\\\/site\\\/wp-content\\\/uploads\\\/2019\\\/03\\\/confesion_campo.jpg\",\"keywords\":[\"confesion\",\"cuaresma\",\"semillas de vida\"],\"articleSection\":[\"Semillas de vida\"],\"inLanguage\":\"es\",\"potentialAction\":[{\"@type\":\"CommentAction\",\"name\":\"Comment\",\"target\":[\"https:\\\/\\\/noticiasmercedinas.com\\\/site\\\/2019\\\/03\\\/20\\\/yo-solo-con-dios\\\/#respond\"]}]},{\"@type\":\"WebPage\",\"@id\":\"https:\\\/\\\/noticiasmercedinas.com\\\/site\\\/2019\\\/03\\\/20\\\/yo-solo-con-dios\\\/\",\"url\":\"https:\\\/\\\/noticiasmercedinas.com\\\/site\\\/2019\\\/03\\\/20\\\/yo-solo-con-dios\\\/\",\"name\":\"Yo solo con Dios\",\"isPartOf\":{\"@id\":\"https:\\\/\\\/noticiasmercedinas.com\\\/site\\\/#website\"},\"primaryImageOfPage\":{\"@id\":\"https:\\\/\\\/noticiasmercedinas.com\\\/site\\\/2019\\\/03\\\/20\\\/yo-solo-con-dios\\\/#primaryimage\"},\"image\":{\"@id\":\"https:\\\/\\\/noticiasmercedinas.com\\\/site\\\/2019\\\/03\\\/20\\\/yo-solo-con-dios\\\/#primaryimage\"},\"thumbnailUrl\":\"https:\\\/\\\/noticiasmercedinas.com\\\/site\\\/wp-content\\\/uploads\\\/2019\\\/03\\\/confesion_campo.jpg\",\"datePublished\":\"2019-03-20T12:25:55+00:00\",\"dateModified\":\"2019-03-20T12:55:40+00:00\",\"breadcrumb\":{\"@id\":\"https:\\\/\\\/noticiasmercedinas.com\\\/site\\\/2019\\\/03\\\/20\\\/yo-solo-con-dios\\\/#breadcrumb\"},\"inLanguage\":\"es\",\"potentialAction\":[{\"@type\":\"ReadAction\",\"target\":[\"https:\\\/\\\/noticiasmercedinas.com\\\/site\\\/2019\\\/03\\\/20\\\/yo-solo-con-dios\\\/\"]}]},{\"@type\":\"ImageObject\",\"inLanguage\":\"es\",\"@id\":\"https:\\\/\\\/noticiasmercedinas.com\\\/site\\\/2019\\\/03\\\/20\\\/yo-solo-con-dios\\\/#primaryimage\",\"url\":\"https:\\\/\\\/noticiasmercedinas.com\\\/site\\\/wp-content\\\/uploads\\\/2019\\\/03\\\/confesion_campo.jpg\",\"contentUrl\":\"https:\\\/\\\/noticiasmercedinas.com\\\/site\\\/wp-content\\\/uploads\\\/2019\\\/03\\\/confesion_campo.jpg\",\"width\":450,\"height\":293,\"caption\":\"A woman attends confession in the garden of a Catholic church during the annual Icon of the Mother of God festival in the village of Budslav, about 150 km (93 miles) north of Minsk, Belarus, July 1, 2010. REUTERS\\\/Vasily Fedosenko\"},{\"@type\":\"BreadcrumbList\",\"@id\":\"https:\\\/\\\/noticiasmercedinas.com\\\/site\\\/2019\\\/03\\\/20\\\/yo-solo-con-dios\\\/#breadcrumb\",\"itemListElement\":[{\"@type\":\"ListItem\",\"position\":1,\"name\":\"Portada\",\"item\":\"https:\\\/\\\/noticiasmercedinas.com\\\/site\\\/\"},{\"@type\":\"ListItem\",\"position\":2,\"name\":\"Yo solo con Dios\"}]},{\"@type\":\"WebSite\",\"@id\":\"https:\\\/\\\/noticiasmercedinas.com\\\/site\\\/#website\",\"url\":\"https:\\\/\\\/noticiasmercedinas.com\\\/site\\\/\",\"name\":\"NOTICIASMERCEDINAS.COM\",\"description\":\"Mercedes, Buenos Aires, Argentina\",\"publisher\":{\"@id\":\"https:\\\/\\\/noticiasmercedinas.com\\\/site\\\/#organization\"},\"potentialAction\":[{\"@type\":\"SearchAction\",\"target\":{\"@type\":\"EntryPoint\",\"urlTemplate\":\"https:\\\/\\\/noticiasmercedinas.com\\\/site\\\/?s={search_term_string}\"},\"query-input\":{\"@type\":\"PropertyValueSpecification\",\"valueRequired\":true,\"valueName\":\"search_term_string\"}}],\"inLanguage\":\"es\"},{\"@type\":\"Organization\",\"@id\":\"https:\\\/\\\/noticiasmercedinas.com\\\/site\\\/#organization\",\"name\":\"NOTICIASMERCEDINAS.COM\",\"url\":\"https:\\\/\\\/noticiasmercedinas.com\\\/site\\\/\",\"logo\":{\"@type\":\"ImageObject\",\"inLanguage\":\"es\",\"@id\":\"https:\\\/\\\/noticiasmercedinas.com\\\/site\\\/#\\\/schema\\\/logo\\\/image\\\/\",\"url\":\"https:\\\/\\\/noticiasmercedinas.com\\\/site\\\/wp-content\\\/uploads\\\/2020\\\/06\\\/LOGO-512.jpg\",\"contentUrl\":\"https:\\\/\\\/noticiasmercedinas.com\\\/site\\\/wp-content\\\/uploads\\\/2020\\\/06\\\/LOGO-512.jpg\",\"width\":512,\"height\":512,\"caption\":\"NOTICIASMERCEDINAS.COM\"},\"image\":{\"@id\":\"https:\\\/\\\/noticiasmercedinas.com\\\/site\\\/#\\\/schema\\\/logo\\\/image\\\/\"},\"sameAs\":[\"https:\\\/\\\/www.facebook.com\\\/noticiasmercedinas\\\/\",\"https:\\\/\\\/x.com\\\/notmercedinas\",\"https:\\\/\\\/www.instagram.com\\\/noticiasmercedinas\\\/\"]},{\"@type\":\"Person\",\"@id\":\"https:\\\/\\\/noticiasmercedinas.com\\\/site\\\/#\\\/schema\\\/person\\\/fa7a2dad804ceee0906a2c148245b4c4\",\"name\":\"P. H\u00e9ctor Joaqu\u00edn\",\"image\":{\"@type\":\"ImageObject\",\"inLanguage\":\"es\",\"@id\":\"https:\\\/\\\/secure.gravatar.com\\\/avatar\\\/fc990d0c6aaa5e2392b464cdcac996d997f9584e171f3aa7796a8414f18ec701?s=96&d=mm&r=g\",\"url\":\"https:\\\/\\\/secure.gravatar.com\\\/avatar\\\/fc990d0c6aaa5e2392b464cdcac996d997f9584e171f3aa7796a8414f18ec701?s=96&d=mm&r=g\",\"contentUrl\":\"https:\\\/\\\/secure.gravatar.com\\\/avatar\\\/fc990d0c6aaa5e2392b464cdcac996d997f9584e171f3aa7796a8414f18ec701?s=96&d=mm&r=g\",\"caption\":\"P. H\u00e9ctor Joaqu\u00edn\"},\"url\":\"https:\\\/\\\/noticiasmercedinas.com\\\/site\\\/author\\\/p-carlos-joaquin\\\/\"}]}<\/script>\n<!-- \/ Yoast SEO plugin. -->","yoast_head_json":{"title":"Yo solo con Dios","robots":{"index":"index","follow":"follow","max-snippet":"max-snippet:-1","max-image-preview":"max-image-preview:large","max-video-preview":"max-video-preview:-1"},"canonical":"https:\/\/noticiasmercedinas.com\/site\/2019\/03\/20\/yo-solo-con-dios\/","og_locale":"es_ES","og_type":"article","og_title":"Yo solo con Dios","og_description":"A\u00fan con la emoci\u00f3n de haber celebrado al glorioso patriarca San Jos\u00e9 en su d\u00eda, nos enfrentamos al camino propio del santo tiempo de la Cuaresma. Y si bien ayer habl\u00e1bamos de los ayunos de silencio, de palabra, de protagonismo al modo de San Jos\u00e9, vamos a volver a otra\u00a0 tem\u00e1tica propia de este santo [&hellip;]","og_url":"https:\/\/noticiasmercedinas.com\/site\/2019\/03\/20\/yo-solo-con-dios\/","og_site_name":"NOTICIASMERCEDINAS.COM","article_publisher":"https:\/\/www.facebook.com\/noticiasmercedinas\/","article_published_time":"2019-03-20T12:25:55+00:00","article_modified_time":"2019-03-20T12:55:40+00:00","og_image":[{"width":450,"height":293,"url":"https:\/\/noticiasmercedinas.com\/site\/wp-content\/uploads\/2019\/03\/confesion_campo.jpg","type":"image\/jpeg"}],"author":"P. H\u00e9ctor Joaqu\u00edn","twitter_card":"summary_large_image","twitter_creator":"@notmercedinas","twitter_site":"@notmercedinas","twitter_misc":{"Escrito por":"P. H\u00e9ctor Joaqu\u00edn","Tiempo de lectura":"3 minutos"},"schema":{"@context":"https:\/\/schema.org","@graph":[{"@type":"Article","@id":"https:\/\/noticiasmercedinas.com\/site\/2019\/03\/20\/yo-solo-con-dios\/#article","isPartOf":{"@id":"https:\/\/noticiasmercedinas.com\/site\/2019\/03\/20\/yo-solo-con-dios\/"},"author":{"name":"P. H\u00e9ctor Joaqu\u00edn","@id":"https:\/\/noticiasmercedinas.com\/site\/#\/schema\/person\/fa7a2dad804ceee0906a2c148245b4c4"},"headline":"Yo solo con Dios","datePublished":"2019-03-20T12:25:55+00:00","dateModified":"2019-03-20T12:55:40+00:00","mainEntityOfPage":{"@id":"https:\/\/noticiasmercedinas.com\/site\/2019\/03\/20\/yo-solo-con-dios\/"},"wordCount":528,"commentCount":0,"publisher":{"@id":"https:\/\/noticiasmercedinas.com\/site\/#organization"},"image":{"@id":"https:\/\/noticiasmercedinas.com\/site\/2019\/03\/20\/yo-solo-con-dios\/#primaryimage"},"thumbnailUrl":"https:\/\/noticiasmercedinas.com\/site\/wp-content\/uploads\/2019\/03\/confesion_campo.jpg","keywords":["confesion","cuaresma","semillas de vida"],"articleSection":["Semillas de vida"],"inLanguage":"es","potentialAction":[{"@type":"CommentAction","name":"Comment","target":["https:\/\/noticiasmercedinas.com\/site\/2019\/03\/20\/yo-solo-con-dios\/#respond"]}]},{"@type":"WebPage","@id":"https:\/\/noticiasmercedinas.com\/site\/2019\/03\/20\/yo-solo-con-dios\/","url":"https:\/\/noticiasmercedinas.com\/site\/2019\/03\/20\/yo-solo-con-dios\/","name":"Yo solo con Dios","isPartOf":{"@id":"https:\/\/noticiasmercedinas.com\/site\/#website"},"primaryImageOfPage":{"@id":"https:\/\/noticiasmercedinas.com\/site\/2019\/03\/20\/yo-solo-con-dios\/#primaryimage"},"image":{"@id":"https:\/\/noticiasmercedinas.com\/site\/2019\/03\/20\/yo-solo-con-dios\/#primaryimage"},"thumbnailUrl":"https:\/\/noticiasmercedinas.com\/site\/wp-content\/uploads\/2019\/03\/confesion_campo.jpg","datePublished":"2019-03-20T12:25:55+00:00","dateModified":"2019-03-20T12:55:40+00:00","breadcrumb":{"@id":"https:\/\/noticiasmercedinas.com\/site\/2019\/03\/20\/yo-solo-con-dios\/#breadcrumb"},"inLanguage":"es","potentialAction":[{"@type":"ReadAction","target":["https:\/\/noticiasmercedinas.com\/site\/2019\/03\/20\/yo-solo-con-dios\/"]}]},{"@type":"ImageObject","inLanguage":"es","@id":"https:\/\/noticiasmercedinas.com\/site\/2019\/03\/20\/yo-solo-con-dios\/#primaryimage","url":"https:\/\/noticiasmercedinas.com\/site\/wp-content\/uploads\/2019\/03\/confesion_campo.jpg","contentUrl":"https:\/\/noticiasmercedinas.com\/site\/wp-content\/uploads\/2019\/03\/confesion_campo.jpg","width":450,"height":293,"caption":"A woman attends confession in the garden of a Catholic church during the annual Icon of the Mother of God festival in the village of Budslav, about 150 km (93 miles) north of Minsk, Belarus, July 1, 2010. REUTERS\/Vasily Fedosenko"},{"@type":"BreadcrumbList","@id":"https:\/\/noticiasmercedinas.com\/site\/2019\/03\/20\/yo-solo-con-dios\/#breadcrumb","itemListElement":[{"@type":"ListItem","position":1,"name":"Portada","item":"https:\/\/noticiasmercedinas.com\/site\/"},{"@type":"ListItem","position":2,"name":"Yo solo con Dios"}]},{"@type":"WebSite","@id":"https:\/\/noticiasmercedinas.com\/site\/#website","url":"https:\/\/noticiasmercedinas.com\/site\/","name":"NOTICIASMERCEDINAS.COM","description":"Mercedes, Buenos Aires, Argentina","publisher":{"@id":"https:\/\/noticiasmercedinas.com\/site\/#organization"},"potentialAction":[{"@type":"SearchAction","target":{"@type":"EntryPoint","urlTemplate":"https:\/\/noticiasmercedinas.com\/site\/?s={search_term_string}"},"query-input":{"@type":"PropertyValueSpecification","valueRequired":true,"valueName":"search_term_string"}}],"inLanguage":"es"},{"@type":"Organization","@id":"https:\/\/noticiasmercedinas.com\/site\/#organization","name":"NOTICIASMERCEDINAS.COM","url":"https:\/\/noticiasmercedinas.com\/site\/","logo":{"@type":"ImageObject","inLanguage":"es","@id":"https:\/\/noticiasmercedinas.com\/site\/#\/schema\/logo\/image\/","url":"https:\/\/noticiasmercedinas.com\/site\/wp-content\/uploads\/2020\/06\/LOGO-512.jpg","contentUrl":"https:\/\/noticiasmercedinas.com\/site\/wp-content\/uploads\/2020\/06\/LOGO-512.jpg","width":512,"height":512,"caption":"NOTICIASMERCEDINAS.COM"},"image":{"@id":"https:\/\/noticiasmercedinas.com\/site\/#\/schema\/logo\/image\/"},"sameAs":["https:\/\/www.facebook.com\/noticiasmercedinas\/","https:\/\/x.com\/notmercedinas","https:\/\/www.instagram.com\/noticiasmercedinas\/"]},{"@type":"Person","@id":"https:\/\/noticiasmercedinas.com\/site\/#\/schema\/person\/fa7a2dad804ceee0906a2c148245b4c4","name":"P. H\u00e9ctor Joaqu\u00edn","image":{"@type":"ImageObject","inLanguage":"es","@id":"https:\/\/secure.gravatar.com\/avatar\/fc990d0c6aaa5e2392b464cdcac996d997f9584e171f3aa7796a8414f18ec701?s=96&d=mm&r=g","url":"https:\/\/secure.gravatar.com\/avatar\/fc990d0c6aaa5e2392b464cdcac996d997f9584e171f3aa7796a8414f18ec701?s=96&d=mm&r=g","contentUrl":"https:\/\/secure.gravatar.com\/avatar\/fc990d0c6aaa5e2392b464cdcac996d997f9584e171f3aa7796a8414f18ec701?s=96&d=mm&r=g","caption":"P. H\u00e9ctor Joaqu\u00edn"},"url":"https:\/\/noticiasmercedinas.com\/site\/author\/p-carlos-joaquin\/"}]}},"amp_enabled":true,"_links":{"self":[{"href":"https:\/\/noticiasmercedinas.com\/site\/wp-json\/wp\/v2\/posts\/14519","targetHints":{"allow":["GET"]}}],"collection":[{"href":"https:\/\/noticiasmercedinas.com\/site\/wp-json\/wp\/v2\/posts"}],"about":[{"href":"https:\/\/noticiasmercedinas.com\/site\/wp-json\/wp\/v2\/types\/post"}],"author":[{"embeddable":true,"href":"https:\/\/noticiasmercedinas.com\/site\/wp-json\/wp\/v2\/users\/23"}],"replies":[{"embeddable":true,"href":"https:\/\/noticiasmercedinas.com\/site\/wp-json\/wp\/v2\/comments?post=14519"}],"version-history":[{"count":2,"href":"https:\/\/noticiasmercedinas.com\/site\/wp-json\/wp\/v2\/posts\/14519\/revisions"}],"predecessor-version":[{"id":14522,"href":"https:\/\/noticiasmercedinas.com\/site\/wp-json\/wp\/v2\/posts\/14519\/revisions\/14522"}],"wp:featuredmedia":[{"embeddable":true,"href":"https:\/\/noticiasmercedinas.com\/site\/wp-json\/wp\/v2\/media\/14521"}],"wp:attachment":[{"href":"https:\/\/noticiasmercedinas.com\/site\/wp-json\/wp\/v2\/media?parent=14519"}],"wp:term":[{"taxonomy":"category","embeddable":true,"href":"https:\/\/noticiasmercedinas.com\/site\/wp-json\/wp\/v2\/categories?post=14519"},{"taxonomy":"post_tag","embeddable":true,"href":"https:\/\/noticiasmercedinas.com\/site\/wp-json\/wp\/v2\/tags?post=14519"}],"curies":[{"name":"wp","href":"https:\/\/api.w.org\/{rel}","templated":true}]}}