{"id":145284,"date":"2024-10-02T16:58:17","date_gmt":"2024-10-02T19:58:17","guid":{"rendered":"https:\/\/noticiasmercedinas.com\/site\/?p=145284"},"modified":"2024-10-02T16:58:17","modified_gmt":"2024-10-02T19:58:17","slug":"formacion-balance-energetico-corporal-2024-modulo-inicial-en-casa-domo","status":"publish","type":"post","link":"https:\/\/noticiasmercedinas.com\/site\/2024\/10\/02\/formacion-balance-energetico-corporal-2024-modulo-inicial-en-casa-domo\/","title":{"rendered":"Formaci\u00f3n Balance Energ\u00e9tico Corporal 2024: m\u00f3dulo inicial en Casa Domo"},"content":{"rendered":"<h3><img loading=\"lazy\" decoding=\"async\" class=\"alignnone size-full wp-image-145285\" src=\"https:\/\/noticiasmercedinas.com\/site\/wp-content\/uploads\/2024\/10\/9c845d07-5440-4f2b-a998-c1fd7987eea0.jpg\" alt=\"\" width=\"1080\" height=\"1080\" srcset=\"https:\/\/noticiasmercedinas.com\/site\/wp-content\/uploads\/2024\/10\/9c845d07-5440-4f2b-a998-c1fd7987eea0.jpg 1080w, https:\/\/noticiasmercedinas.com\/site\/wp-content\/uploads\/2024\/10\/9c845d07-5440-4f2b-a998-c1fd7987eea0-300x300.jpg 300w, https:\/\/noticiasmercedinas.com\/site\/wp-content\/uploads\/2024\/10\/9c845d07-5440-4f2b-a998-c1fd7987eea0-1024x1024.jpg 1024w, https:\/\/noticiasmercedinas.com\/site\/wp-content\/uploads\/2024\/10\/9c845d07-5440-4f2b-a998-c1fd7987eea0-150x150.jpg 150w, https:\/\/noticiasmercedinas.com\/site\/wp-content\/uploads\/2024\/10\/9c845d07-5440-4f2b-a998-c1fd7987eea0-768x768.jpg 768w, https:\/\/noticiasmercedinas.com\/site\/wp-content\/uploads\/2024\/10\/9c845d07-5440-4f2b-a998-c1fd7987eea0-640x640.jpg 640w, https:\/\/noticiasmercedinas.com\/site\/wp-content\/uploads\/2024\/10\/9c845d07-5440-4f2b-a998-c1fd7987eea0-681x681.jpg 681w\" sizes=\"auto, (max-width: 1080px) 100vw, 1080px\" \/><\/h3>\n<p>El lunes 14 de octubre de 16:30 a 20:30 horas se llevar\u00e1 a cabo el M\u00f3dulo Inicial de la <strong>Formaci\u00f3n BEC 2024<\/strong>, a cargo de la docente <strong>Daniela Troianovski<\/strong>, en <strong>Casa Domo<\/strong>, ubicada en Mercedes, Buenos Aires.<\/p>\n<p>Este encuentro, que invita a trabajar sobre el <strong>equilibrio din\u00e1mico de la energ\u00eda<\/strong>, propone integrar los cuerpos f\u00edsico, mental, intuitivo, emocional y esencial.<\/p>\n<p>Entre las actividades destacadas, los participantes podr\u00e1n aprender a <strong>corporeizar los cinco elementos<\/strong>, descubrir los cambios de tono que facilitan un di\u00e1logo sincero y libre de creencias limitantes, y explorar los apoyos tanto internos como del entorno para aceptar, transformarse y tomar decisiones conscientes.<\/p>\n<p>Quienes se inscriban antes del 7 de octubre podr\u00e1n acceder a un <strong>descuento especial<\/strong> en el arancel de este encuentro de Balance Energ\u00e9tico Corporal.<\/p>\n<p>La formaci\u00f3n se ofrece tanto de manera presencial como virtual, a trav\u00e9s de encuentros personales por Zoom, y contar\u00e1 con una <strong>pr\u00e1ctica grupal mensual<\/strong>.<\/p>\n<p>Para m\u00e1s informaci\u00f3n e inscripciones, los interesados pueden comunicarse al <strong>11 2261-8051<\/strong>.<\/p>\n","protected":false},"excerpt":{"rendered":"<p>El lunes 14 de octubre de 16:30 a 20:30 horas se llevar\u00e1 a cabo el M\u00f3dulo Inicial de la Formaci\u00f3n BEC 2024, a cargo de la docente Daniela Troianovski, en Casa Domo, ubicada en Mercedes, Buenos Aires. Este encuentro, que invita a trabajar sobre el equilibrio din\u00e1mico de la energ\u00eda, propone integrar los cuerpos f\u00edsico, [&hellip;]<\/p>\n","protected":false},"author":16,"featured_media":145285,"comment_status":"closed","ping_status":"closed","sticky":false,"template":"","format":"standard","meta":{"footnotes":""},"categories":[8992],"tags":[18908,18907,11216,18506],"class_list":["post-145284","post","type-post","status-publish","format-standard","has-post-thumbnail","hentry","category-bienestar","tag-balance-energetico-corporal","tag-bec","tag-casa-domo","tag-daniela-troianovski"],"yoast_head":"<!-- This site is optimized with the Yoast SEO plugin v27.5 - https:\/\/yoast.com\/product\/yoast-seo-wordpress\/ -->\n<title>Formaci\u00f3n Balance Energ\u00e9tico Corporal 2024: m\u00f3dulo inicial en Casa Domo<\/title>\n<meta name=\"robots\" content=\"index, follow, max-snippet:-1, max-image-preview:large, max-video-preview:-1\" \/>\n<link rel=\"canonical\" href=\"https:\/\/noticiasmercedinas.com\/site\/2024\/10\/02\/formacion-balance-energetico-corporal-2024-modulo-inicial-en-casa-domo\/\" \/>\n<meta property=\"og:locale\" content=\"es_ES\" \/>\n<meta property=\"og:type\" content=\"article\" \/>\n<meta property=\"og:title\" content=\"Formaci\u00f3n Balance Energ\u00e9tico Corporal 2024: m\u00f3dulo inicial en Casa Domo\" \/>\n<meta property=\"og:description\" content=\"El lunes 14 de octubre de 16:30 a 20:30 horas se llevar\u00e1 a cabo el M\u00f3dulo Inicial de la Formaci\u00f3n BEC 2024, a cargo de la docente Daniela Troianovski, en Casa Domo, ubicada en Mercedes, Buenos Aires. Este encuentro, que invita a trabajar sobre el equilibrio din\u00e1mico de la energ\u00eda, propone integrar los cuerpos f\u00edsico, [&hellip;]\" \/>\n<meta property=\"og:url\" content=\"https:\/\/noticiasmercedinas.com\/site\/2024\/10\/02\/formacion-balance-energetico-corporal-2024-modulo-inicial-en-casa-domo\/\" \/>\n<meta property=\"og:site_name\" content=\"NOTICIASMERCEDINAS.COM\" \/>\n<meta property=\"article:publisher\" content=\"https:\/\/www.facebook.com\/noticiasmercedinas\/\" \/>\n<meta property=\"article:published_time\" content=\"2024-10-02T19:58:17+00:00\" \/>\n<meta property=\"og:image\" content=\"https:\/\/noticiasmercedinas.com\/site\/wp-content\/uploads\/2024\/10\/9c845d07-5440-4f2b-a998-c1fd7987eea0.jpg\" \/>\n\t<meta property=\"og:image:width\" content=\"1080\" \/>\n\t<meta property=\"og:image:height\" content=\"1080\" \/>\n\t<meta property=\"og:image:type\" content=\"image\/jpeg\" \/>\n<meta name=\"author\" content=\"NOTICIASMERCEDINAS.COM\" \/>\n<meta name=\"twitter:card\" content=\"summary_large_image\" \/>\n<meta name=\"twitter:creator\" content=\"@notmercedinas\" \/>\n<meta name=\"twitter:site\" content=\"@notmercedinas\" \/>\n<meta name=\"twitter:label1\" content=\"Escrito por\" \/>\n\t<meta name=\"twitter:data1\" content=\"NOTICIASMERCEDINAS.COM\" \/>\n\t<meta name=\"twitter:label2\" content=\"Tiempo de lectura\" \/>\n\t<meta name=\"twitter:data2\" content=\"1 minuto\" \/>\n<script type=\"application\/ld+json\" class=\"yoast-schema-graph\">{\"@context\":\"https:\\\/\\\/schema.org\",\"@graph\":[{\"@type\":\"Article\",\"@id\":\"https:\\\/\\\/noticiasmercedinas.com\\\/site\\\/2024\\\/10\\\/02\\\/formacion-balance-energetico-corporal-2024-modulo-inicial-en-casa-domo\\\/#article\",\"isPartOf\":{\"@id\":\"https:\\\/\\\/noticiasmercedinas.com\\\/site\\\/2024\\\/10\\\/02\\\/formacion-balance-energetico-corporal-2024-modulo-inicial-en-casa-domo\\\/\"},\"author\":{\"name\":\"NOTICIASMERCEDINAS.COM\",\"@id\":\"https:\\\/\\\/noticiasmercedinas.com\\\/site\\\/#\\\/schema\\\/person\\\/84b59c099c28ff2e8b77d4ceec5d8063\"},\"headline\":\"Formaci\u00f3n Balance Energ\u00e9tico Corporal 2024: m\u00f3dulo inicial en Casa Domo\",\"datePublished\":\"2024-10-02T19:58:17+00:00\",\"mainEntityOfPage\":{\"@id\":\"https:\\\/\\\/noticiasmercedinas.com\\\/site\\\/2024\\\/10\\\/02\\\/formacion-balance-energetico-corporal-2024-modulo-inicial-en-casa-domo\\\/\"},\"wordCount\":184,\"publisher\":{\"@id\":\"https:\\\/\\\/noticiasmercedinas.com\\\/site\\\/#organization\"},\"image\":{\"@id\":\"https:\\\/\\\/noticiasmercedinas.com\\\/site\\\/2024\\\/10\\\/02\\\/formacion-balance-energetico-corporal-2024-modulo-inicial-en-casa-domo\\\/#primaryimage\"},\"thumbnailUrl\":\"https:\\\/\\\/noticiasmercedinas.com\\\/site\\\/wp-content\\\/uploads\\\/2024\\\/10\\\/9c845d07-5440-4f2b-a998-c1fd7987eea0.jpg\",\"keywords\":[\"balance energetico corporal\",\"bec\",\"casa domo\",\"Daniela Troianovski\"],\"articleSection\":[\"Bienestar\"],\"inLanguage\":\"es\"},{\"@type\":\"WebPage\",\"@id\":\"https:\\\/\\\/noticiasmercedinas.com\\\/site\\\/2024\\\/10\\\/02\\\/formacion-balance-energetico-corporal-2024-modulo-inicial-en-casa-domo\\\/\",\"url\":\"https:\\\/\\\/noticiasmercedinas.com\\\/site\\\/2024\\\/10\\\/02\\\/formacion-balance-energetico-corporal-2024-modulo-inicial-en-casa-domo\\\/\",\"name\":\"Formaci\u00f3n Balance Energ\u00e9tico Corporal 2024: m\u00f3dulo inicial en Casa Domo\",\"isPartOf\":{\"@id\":\"https:\\\/\\\/noticiasmercedinas.com\\\/site\\\/#website\"},\"primaryImageOfPage\":{\"@id\":\"https:\\\/\\\/noticiasmercedinas.com\\\/site\\\/2024\\\/10\\\/02\\\/formacion-balance-energetico-corporal-2024-modulo-inicial-en-casa-domo\\\/#primaryimage\"},\"image\":{\"@id\":\"https:\\\/\\\/noticiasmercedinas.com\\\/site\\\/2024\\\/10\\\/02\\\/formacion-balance-energetico-corporal-2024-modulo-inicial-en-casa-domo\\\/#primaryimage\"},\"thumbnailUrl\":\"https:\\\/\\\/noticiasmercedinas.com\\\/site\\\/wp-content\\\/uploads\\\/2024\\\/10\\\/9c845d07-5440-4f2b-a998-c1fd7987eea0.jpg\",\"datePublished\":\"2024-10-02T19:58:17+00:00\",\"breadcrumb\":{\"@id\":\"https:\\\/\\\/noticiasmercedinas.com\\\/site\\\/2024\\\/10\\\/02\\\/formacion-balance-energetico-corporal-2024-modulo-inicial-en-casa-domo\\\/#breadcrumb\"},\"inLanguage\":\"es\",\"potentialAction\":[{\"@type\":\"ReadAction\",\"target\":[\"https:\\\/\\\/noticiasmercedinas.com\\\/site\\\/2024\\\/10\\\/02\\\/formacion-balance-energetico-corporal-2024-modulo-inicial-en-casa-domo\\\/\"]}]},{\"@type\":\"ImageObject\",\"inLanguage\":\"es\",\"@id\":\"https:\\\/\\\/noticiasmercedinas.com\\\/site\\\/2024\\\/10\\\/02\\\/formacion-balance-energetico-corporal-2024-modulo-inicial-en-casa-domo\\\/#primaryimage\",\"url\":\"https:\\\/\\\/noticiasmercedinas.com\\\/site\\\/wp-content\\\/uploads\\\/2024\\\/10\\\/9c845d07-5440-4f2b-a998-c1fd7987eea0.jpg\",\"contentUrl\":\"https:\\\/\\\/noticiasmercedinas.com\\\/site\\\/wp-content\\\/uploads\\\/2024\\\/10\\\/9c845d07-5440-4f2b-a998-c1fd7987eea0.jpg\",\"width\":1080,\"height\":1080},{\"@type\":\"BreadcrumbList\",\"@id\":\"https:\\\/\\\/noticiasmercedinas.com\\\/site\\\/2024\\\/10\\\/02\\\/formacion-balance-energetico-corporal-2024-modulo-inicial-en-casa-domo\\\/#breadcrumb\",\"itemListElement\":[{\"@type\":\"ListItem\",\"position\":1,\"name\":\"Portada\",\"item\":\"https:\\\/\\\/noticiasmercedinas.com\\\/site\\\/\"},{\"@type\":\"ListItem\",\"position\":2,\"name\":\"Formaci\u00f3n Balance Energ\u00e9tico Corporal 2024: m\u00f3dulo inicial en Casa Domo\"}]},{\"@type\":\"WebSite\",\"@id\":\"https:\\\/\\\/noticiasmercedinas.com\\\/site\\\/#website\",\"url\":\"https:\\\/\\\/noticiasmercedinas.com\\\/site\\\/\",\"name\":\"NOTICIASMERCEDINAS.COM\",\"description\":\"Mercedes, Buenos Aires, Argentina\",\"publisher\":{\"@id\":\"https:\\\/\\\/noticiasmercedinas.com\\\/site\\\/#organization\"},\"potentialAction\":[{\"@type\":\"SearchAction\",\"target\":{\"@type\":\"EntryPoint\",\"urlTemplate\":\"https:\\\/\\\/noticiasmercedinas.com\\\/site\\\/?s={search_term_string}\"},\"query-input\":{\"@type\":\"PropertyValueSpecification\",\"valueRequired\":true,\"valueName\":\"search_term_string\"}}],\"inLanguage\":\"es\"},{\"@type\":\"Organization\",\"@id\":\"https:\\\/\\\/noticiasmercedinas.com\\\/site\\\/#organization\",\"name\":\"NOTICIASMERCEDINAS.COM\",\"url\":\"https:\\\/\\\/noticiasmercedinas.com\\\/site\\\/\",\"logo\":{\"@type\":\"ImageObject\",\"inLanguage\":\"es\",\"@id\":\"https:\\\/\\\/noticiasmercedinas.com\\\/site\\\/#\\\/schema\\\/logo\\\/image\\\/\",\"url\":\"https:\\\/\\\/noticiasmercedinas.com\\\/site\\\/wp-content\\\/uploads\\\/2020\\\/06\\\/LOGO-512.jpg\",\"contentUrl\":\"https:\\\/\\\/noticiasmercedinas.com\\\/site\\\/wp-content\\\/uploads\\\/2020\\\/06\\\/LOGO-512.jpg\",\"width\":512,\"height\":512,\"caption\":\"NOTICIASMERCEDINAS.COM\"},\"image\":{\"@id\":\"https:\\\/\\\/noticiasmercedinas.com\\\/site\\\/#\\\/schema\\\/logo\\\/image\\\/\"},\"sameAs\":[\"https:\\\/\\\/www.facebook.com\\\/noticiasmercedinas\\\/\",\"https:\\\/\\\/x.com\\\/notmercedinas\",\"https:\\\/\\\/www.instagram.com\\\/noticiasmercedinas\\\/\"]},{\"@type\":\"Person\",\"@id\":\"https:\\\/\\\/noticiasmercedinas.com\\\/site\\\/#\\\/schema\\\/person\\\/84b59c099c28ff2e8b77d4ceec5d8063\",\"name\":\"NOTICIASMERCEDINAS.COM\",\"image\":{\"@type\":\"ImageObject\",\"inLanguage\":\"es\",\"@id\":\"https:\\\/\\\/secure.gravatar.com\\\/avatar\\\/4dfbf16b4d17945bfb6341b2d19043457132fcf478a5ee04f42e959fd8f5df0a?s=96&d=mm&r=g\",\"url\":\"https:\\\/\\\/secure.gravatar.com\\\/avatar\\\/4dfbf16b4d17945bfb6341b2d19043457132fcf478a5ee04f42e959fd8f5df0a?s=96&d=mm&r=g\",\"contentUrl\":\"https:\\\/\\\/secure.gravatar.com\\\/avatar\\\/4dfbf16b4d17945bfb6341b2d19043457132fcf478a5ee04f42e959fd8f5df0a?s=96&d=mm&r=g\",\"caption\":\"NOTICIASMERCEDINAS.COM\"},\"url\":\"https:\\\/\\\/noticiasmercedinas.com\\\/site\\\/author\\\/anonimo\\\/\"}]}<\/script>\n<!-- \/ Yoast SEO plugin. -->","yoast_head_json":{"title":"Formaci\u00f3n Balance Energ\u00e9tico Corporal 2024: m\u00f3dulo inicial en Casa Domo","robots":{"index":"index","follow":"follow","max-snippet":"max-snippet:-1","max-image-preview":"max-image-preview:large","max-video-preview":"max-video-preview:-1"},"canonical":"https:\/\/noticiasmercedinas.com\/site\/2024\/10\/02\/formacion-balance-energetico-corporal-2024-modulo-inicial-en-casa-domo\/","og_locale":"es_ES","og_type":"article","og_title":"Formaci\u00f3n Balance Energ\u00e9tico Corporal 2024: m\u00f3dulo inicial en Casa Domo","og_description":"El lunes 14 de octubre de 16:30 a 20:30 horas se llevar\u00e1 a cabo el M\u00f3dulo Inicial de la Formaci\u00f3n BEC 2024, a cargo de la docente Daniela Troianovski, en Casa Domo, ubicada en Mercedes, Buenos Aires. Este encuentro, que invita a trabajar sobre el equilibrio din\u00e1mico de la energ\u00eda, propone integrar los cuerpos f\u00edsico, [&hellip;]","og_url":"https:\/\/noticiasmercedinas.com\/site\/2024\/10\/02\/formacion-balance-energetico-corporal-2024-modulo-inicial-en-casa-domo\/","og_site_name":"NOTICIASMERCEDINAS.COM","article_publisher":"https:\/\/www.facebook.com\/noticiasmercedinas\/","article_published_time":"2024-10-02T19:58:17+00:00","og_image":[{"width":1080,"height":1080,"url":"https:\/\/noticiasmercedinas.com\/site\/wp-content\/uploads\/2024\/10\/9c845d07-5440-4f2b-a998-c1fd7987eea0.jpg","type":"image\/jpeg"}],"author":"NOTICIASMERCEDINAS.COM","twitter_card":"summary_large_image","twitter_creator":"@notmercedinas","twitter_site":"@notmercedinas","twitter_misc":{"Escrito por":"NOTICIASMERCEDINAS.COM","Tiempo de lectura":"1 minuto"},"schema":{"@context":"https:\/\/schema.org","@graph":[{"@type":"Article","@id":"https:\/\/noticiasmercedinas.com\/site\/2024\/10\/02\/formacion-balance-energetico-corporal-2024-modulo-inicial-en-casa-domo\/#article","isPartOf":{"@id":"https:\/\/noticiasmercedinas.com\/site\/2024\/10\/02\/formacion-balance-energetico-corporal-2024-modulo-inicial-en-casa-domo\/"},"author":{"name":"NOTICIASMERCEDINAS.COM","@id":"https:\/\/noticiasmercedinas.com\/site\/#\/schema\/person\/84b59c099c28ff2e8b77d4ceec5d8063"},"headline":"Formaci\u00f3n Balance Energ\u00e9tico Corporal 2024: m\u00f3dulo inicial en Casa Domo","datePublished":"2024-10-02T19:58:17+00:00","mainEntityOfPage":{"@id":"https:\/\/noticiasmercedinas.com\/site\/2024\/10\/02\/formacion-balance-energetico-corporal-2024-modulo-inicial-en-casa-domo\/"},"wordCount":184,"publisher":{"@id":"https:\/\/noticiasmercedinas.com\/site\/#organization"},"image":{"@id":"https:\/\/noticiasmercedinas.com\/site\/2024\/10\/02\/formacion-balance-energetico-corporal-2024-modulo-inicial-en-casa-domo\/#primaryimage"},"thumbnailUrl":"https:\/\/noticiasmercedinas.com\/site\/wp-content\/uploads\/2024\/10\/9c845d07-5440-4f2b-a998-c1fd7987eea0.jpg","keywords":["balance energetico corporal","bec","casa domo","Daniela Troianovski"],"articleSection":["Bienestar"],"inLanguage":"es"},{"@type":"WebPage","@id":"https:\/\/noticiasmercedinas.com\/site\/2024\/10\/02\/formacion-balance-energetico-corporal-2024-modulo-inicial-en-casa-domo\/","url":"https:\/\/noticiasmercedinas.com\/site\/2024\/10\/02\/formacion-balance-energetico-corporal-2024-modulo-inicial-en-casa-domo\/","name":"Formaci\u00f3n Balance Energ\u00e9tico Corporal 2024: m\u00f3dulo inicial en Casa Domo","isPartOf":{"@id":"https:\/\/noticiasmercedinas.com\/site\/#website"},"primaryImageOfPage":{"@id":"https:\/\/noticiasmercedinas.com\/site\/2024\/10\/02\/formacion-balance-energetico-corporal-2024-modulo-inicial-en-casa-domo\/#primaryimage"},"image":{"@id":"https:\/\/noticiasmercedinas.com\/site\/2024\/10\/02\/formacion-balance-energetico-corporal-2024-modulo-inicial-en-casa-domo\/#primaryimage"},"thumbnailUrl":"https:\/\/noticiasmercedinas.com\/site\/wp-content\/uploads\/2024\/10\/9c845d07-5440-4f2b-a998-c1fd7987eea0.jpg","datePublished":"2024-10-02T19:58:17+00:00","breadcrumb":{"@id":"https:\/\/noticiasmercedinas.com\/site\/2024\/10\/02\/formacion-balance-energetico-corporal-2024-modulo-inicial-en-casa-domo\/#breadcrumb"},"inLanguage":"es","potentialAction":[{"@type":"ReadAction","target":["https:\/\/noticiasmercedinas.com\/site\/2024\/10\/02\/formacion-balance-energetico-corporal-2024-modulo-inicial-en-casa-domo\/"]}]},{"@type":"ImageObject","inLanguage":"es","@id":"https:\/\/noticiasmercedinas.com\/site\/2024\/10\/02\/formacion-balance-energetico-corporal-2024-modulo-inicial-en-casa-domo\/#primaryimage","url":"https:\/\/noticiasmercedinas.com\/site\/wp-content\/uploads\/2024\/10\/9c845d07-5440-4f2b-a998-c1fd7987eea0.jpg","contentUrl":"https:\/\/noticiasmercedinas.com\/site\/wp-content\/uploads\/2024\/10\/9c845d07-5440-4f2b-a998-c1fd7987eea0.jpg","width":1080,"height":1080},{"@type":"BreadcrumbList","@id":"https:\/\/noticiasmercedinas.com\/site\/2024\/10\/02\/formacion-balance-energetico-corporal-2024-modulo-inicial-en-casa-domo\/#breadcrumb","itemListElement":[{"@type":"ListItem","position":1,"name":"Portada","item":"https:\/\/noticiasmercedinas.com\/site\/"},{"@type":"ListItem","position":2,"name":"Formaci\u00f3n Balance Energ\u00e9tico Corporal 2024: m\u00f3dulo inicial en Casa Domo"}]},{"@type":"WebSite","@id":"https:\/\/noticiasmercedinas.com\/site\/#website","url":"https:\/\/noticiasmercedinas.com\/site\/","name":"NOTICIASMERCEDINAS.COM","description":"Mercedes, Buenos Aires, Argentina","publisher":{"@id":"https:\/\/noticiasmercedinas.com\/site\/#organization"},"potentialAction":[{"@type":"SearchAction","target":{"@type":"EntryPoint","urlTemplate":"https:\/\/noticiasmercedinas.com\/site\/?s={search_term_string}"},"query-input":{"@type":"PropertyValueSpecification","valueRequired":true,"valueName":"search_term_string"}}],"inLanguage":"es"},{"@type":"Organization","@id":"https:\/\/noticiasmercedinas.com\/site\/#organization","name":"NOTICIASMERCEDINAS.COM","url":"https:\/\/noticiasmercedinas.com\/site\/","logo":{"@type":"ImageObject","inLanguage":"es","@id":"https:\/\/noticiasmercedinas.com\/site\/#\/schema\/logo\/image\/","url":"https:\/\/noticiasmercedinas.com\/site\/wp-content\/uploads\/2020\/06\/LOGO-512.jpg","contentUrl":"https:\/\/noticiasmercedinas.com\/site\/wp-content\/uploads\/2020\/06\/LOGO-512.jpg","width":512,"height":512,"caption":"NOTICIASMERCEDINAS.COM"},"image":{"@id":"https:\/\/noticiasmercedinas.com\/site\/#\/schema\/logo\/image\/"},"sameAs":["https:\/\/www.facebook.com\/noticiasmercedinas\/","https:\/\/x.com\/notmercedinas","https:\/\/www.instagram.com\/noticiasmercedinas\/"]},{"@type":"Person","@id":"https:\/\/noticiasmercedinas.com\/site\/#\/schema\/person\/84b59c099c28ff2e8b77d4ceec5d8063","name":"NOTICIASMERCEDINAS.COM","image":{"@type":"ImageObject","inLanguage":"es","@id":"https:\/\/secure.gravatar.com\/avatar\/4dfbf16b4d17945bfb6341b2d19043457132fcf478a5ee04f42e959fd8f5df0a?s=96&d=mm&r=g","url":"https:\/\/secure.gravatar.com\/avatar\/4dfbf16b4d17945bfb6341b2d19043457132fcf478a5ee04f42e959fd8f5df0a?s=96&d=mm&r=g","contentUrl":"https:\/\/secure.gravatar.com\/avatar\/4dfbf16b4d17945bfb6341b2d19043457132fcf478a5ee04f42e959fd8f5df0a?s=96&d=mm&r=g","caption":"NOTICIASMERCEDINAS.COM"},"url":"https:\/\/noticiasmercedinas.com\/site\/author\/anonimo\/"}]}},"amp_enabled":true,"_links":{"self":[{"href":"https:\/\/noticiasmercedinas.com\/site\/wp-json\/wp\/v2\/posts\/145284","targetHints":{"allow":["GET"]}}],"collection":[{"href":"https:\/\/noticiasmercedinas.com\/site\/wp-json\/wp\/v2\/posts"}],"about":[{"href":"https:\/\/noticiasmercedinas.com\/site\/wp-json\/wp\/v2\/types\/post"}],"author":[{"embeddable":true,"href":"https:\/\/noticiasmercedinas.com\/site\/wp-json\/wp\/v2\/users\/16"}],"replies":[{"embeddable":true,"href":"https:\/\/noticiasmercedinas.com\/site\/wp-json\/wp\/v2\/comments?post=145284"}],"version-history":[{"count":1,"href":"https:\/\/noticiasmercedinas.com\/site\/wp-json\/wp\/v2\/posts\/145284\/revisions"}],"predecessor-version":[{"id":145286,"href":"https:\/\/noticiasmercedinas.com\/site\/wp-json\/wp\/v2\/posts\/145284\/revisions\/145286"}],"wp:featuredmedia":[{"embeddable":true,"href":"https:\/\/noticiasmercedinas.com\/site\/wp-json\/wp\/v2\/media\/145285"}],"wp:attachment":[{"href":"https:\/\/noticiasmercedinas.com\/site\/wp-json\/wp\/v2\/media?parent=145284"}],"wp:term":[{"taxonomy":"category","embeddable":true,"href":"https:\/\/noticiasmercedinas.com\/site\/wp-json\/wp\/v2\/categories?post=145284"},{"taxonomy":"post_tag","embeddable":true,"href":"https:\/\/noticiasmercedinas.com\/site\/wp-json\/wp\/v2\/tags?post=145284"}],"curies":[{"name":"wp","href":"https:\/\/api.w.org\/{rel}","templated":true}]}}