{"id":145289,"date":"2024-10-02T17:38:33","date_gmt":"2024-10-02T20:38:33","guid":{"rendered":"https:\/\/noticiasmercedinas.com\/site\/?p=145289"},"modified":"2024-10-02T17:38:33","modified_gmt":"2024-10-02T20:38:33","slug":"costa-eventos-y-chacra-las-chancles-expresan-gratitud-por-la-confianza-de-la-comunidad","status":"publish","type":"post","link":"https:\/\/noticiasmercedinas.com\/site\/2024\/10\/02\/costa-eventos-y-chacra-las-chancles-expresan-gratitud-por-la-confianza-de-la-comunidad\/","title":{"rendered":"Costa Eventos y Chacra Las Chancles expresan gratitud por la confianza de la comunidad"},"content":{"rendered":"<p><img loading=\"lazy\" decoding=\"async\" class=\"alignnone size-full wp-image-145291\" src=\"https:\/\/noticiasmercedinas.com\/site\/wp-content\/uploads\/2024\/10\/DSC_9381.jpg\" alt=\"\" width=\"640\" height=\"426\" srcset=\"https:\/\/noticiasmercedinas.com\/site\/wp-content\/uploads\/2024\/10\/DSC_9381.jpg 640w, https:\/\/noticiasmercedinas.com\/site\/wp-content\/uploads\/2024\/10\/DSC_9381-300x200.jpg 300w\" sizes=\"auto, (max-width: 640px) 100vw, 640px\" \/><\/p>\n<p>Costa Eventos y Chacra Las Chancles celebran con su reciente fusi\u00f3n un a\u00f1o lleno de \u00e9xitos, gracias al apoyo de sus clientes y amigos, quienes han llenado su agenda con eventos a lo largo de este 2024.<\/p>\n<p>Emanuel Costa, responsable del espacio, expres\u00f3 su agradecimiento: \u00abVamos sumando clientes nuevos y los de siempre siguen confiando en nuestras propuestas, as\u00ed que m\u00e1s que nada tenemos un pleno agradecimiento a la comunidad\u00bb.<\/p>\n<p>Con cinco a\u00f1os de trayectoria en el sector del catering, Costa Eventos ha logrado un notable crecimiento al asociarse con el prestigioso espacio \u00abChacra Las Chancles\u00bb. Esta alianza ha elevado la calidad del servicio, ofreciendo una experiencia \u00fanica y personalizada para cada cliente.<\/p>\n<p>Costa Eventos se destaca por su capacidad de realizar un solo evento por d\u00eda, lo que permite brindar una atenci\u00f3n personalizada y garantizar un servicio impecable. Desde bodas \u00edntimas hasta celebraciones corporativas, la empresa se compromete a superar las expectativas de sus clientes, cuidando cada detalle de la planificaci\u00f3n y ejecuci\u00f3n del evento.<\/p>\n<blockquote><p>Aunque la agenda de Costa Eventos &#8211; Las Chancles est\u00e1 pr\u00e1cticamente completa para el 2024, a\u00fan quedan algunas fechas disponibles para los codiciados meses de noviembre y diciembre.<\/p><\/blockquote>\n<p><img loading=\"lazy\" decoding=\"async\" class=\"alignnone size-full wp-image-145292\" src=\"https:\/\/noticiasmercedinas.com\/site\/wp-content\/uploads\/2024\/10\/cc8f1db8-8b1f-4316-bdc6-71f3656290e0.jpg\" alt=\"\" width=\"853\" height=\"1280\" srcset=\"https:\/\/noticiasmercedinas.com\/site\/wp-content\/uploads\/2024\/10\/cc8f1db8-8b1f-4316-bdc6-71f3656290e0.jpg 853w, https:\/\/noticiasmercedinas.com\/site\/wp-content\/uploads\/2024\/10\/cc8f1db8-8b1f-4316-bdc6-71f3656290e0-200x300.jpg 200w, https:\/\/noticiasmercedinas.com\/site\/wp-content\/uploads\/2024\/10\/cc8f1db8-8b1f-4316-bdc6-71f3656290e0-682x1024.jpg 682w, https:\/\/noticiasmercedinas.com\/site\/wp-content\/uploads\/2024\/10\/cc8f1db8-8b1f-4316-bdc6-71f3656290e0-768x1152.jpg 768w, https:\/\/noticiasmercedinas.com\/site\/wp-content\/uploads\/2024\/10\/cc8f1db8-8b1f-4316-bdc6-71f3656290e0-640x960.jpg 640w, https:\/\/noticiasmercedinas.com\/site\/wp-content\/uploads\/2024\/10\/cc8f1db8-8b1f-4316-bdc6-71f3656290e0-681x1022.jpg 681w\" sizes=\"auto, (max-width: 853px) 100vw, 853px\" \/><\/p>\n<p>La colaboraci\u00f3n con \u00abChacra Las Chancles\u00bb ha sido muy bien recibida en Mercedes y sus alrededores, convirtiendo al lugar en el escenario de innumerables momentos memorables. Con su ambiente acogedor y un servicio de primera categor\u00eda, este espacio es ideal para quienes buscan un evento exclusivo y de alta calidad.<\/p>\n<p><strong>Disponibilidad para los \u00faltimos meses de 2024<\/strong><br \/>\nAunque la agenda de Costa Eventos &#8211; Las Chancles est\u00e1 pr\u00e1cticamente completa para el 2024, a\u00fan quedan algunas fechas disponibles para los codiciados meses de noviembre y diciembre. Los interesados en asegurar su lugar y disfrutar de un evento inolvidable pueden ponerse en contacto con el equipo, que est\u00e1 listo para ofrecer un servicio personalizado.<\/p>\n<p>Para m\u00e1s informaci\u00f3n o reservas, Costa Eventos y \u00abChacra Las Chancles\u00bb disponen de una l\u00ednea directa al 2324-355166 y un correo electr\u00f3nico a costaeventos2.0@gmail.com. Adem\u00e1s, se pueden seguir las \u00faltimas novedades a trav\u00e9s de su cuenta de Instagram @costaeventos2.0.<\/p>\n<p>Costa Eventos y Chacra Las Chancles sigue consolid\u00e1ndose como una de las mejores opciones para celebraciones en Mercedes, destac\u00e1ndose por su profesionalismo, dedicaci\u00f3n y atenci\u00f3n a cada detalle.<\/p>\n<p><strong>Tel\u00e9fono 2324-355166<\/strong><br \/>\n<strong>Email\u00a0<a href=\"mailto:costaeventos2.0@gmail.com\">costaeventos2.0@gmail.com<\/a><\/strong><br \/>\n<strong>INSTAGRAM:\u00a0<a href=\"https:\/\/www.instagram.com\/costaeventos2.0\/\">costaeventos2.0<\/a><\/strong><\/p>\n<p><img loading=\"lazy\" decoding=\"async\" class=\"alignnone size-full wp-image-145290\" src=\"https:\/\/noticiasmercedinas.com\/site\/wp-content\/uploads\/2024\/10\/5DD_0978.jpg\" alt=\"\" width=\"640\" height=\"874\" srcset=\"https:\/\/noticiasmercedinas.com\/site\/wp-content\/uploads\/2024\/10\/5DD_0978.jpg 640w, https:\/\/noticiasmercedinas.com\/site\/wp-content\/uploads\/2024\/10\/5DD_0978-220x300.jpg 220w\" sizes=\"auto, (max-width: 640px) 100vw, 640px\" \/><\/p>\n","protected":false},"excerpt":{"rendered":"<p>Costa Eventos y Chacra Las Chancles celebran con su reciente fusi\u00f3n un a\u00f1o lleno de \u00e9xitos, gracias al apoyo de sus clientes y amigos, quienes han llenado su agenda con eventos a lo largo de este 2024. Emanuel Costa, responsable del espacio, expres\u00f3 su agradecimiento: \u00abVamos sumando clientes nuevos y los de siempre siguen confiando [&hellip;]<\/p>\n","protected":false},"author":16,"featured_media":145291,"comment_status":"closed","ping_status":"closed","sticky":false,"template":"","format":"standard","meta":{"footnotes":""},"categories":[74],"tags":[3141,18909,17115,6115,10265,2512],"class_list":["post-145289","post","type-post","status-publish","format-standard","has-post-thumbnail","hentry","category-emprendimientos","tag-casamientos","tag-chacra-las-chancles","tag-costa-eventos","tag-cumpleanos","tag-eventos","tag-fiestas"],"yoast_head":"<!-- This site is optimized with the Yoast SEO plugin v27.4 - https:\/\/yoast.com\/product\/yoast-seo-wordpress\/ -->\n<title>Costa Eventos y Chacra Las Chancles expresan gratitud por la confianza de la comunidad<\/title>\n<meta name=\"robots\" content=\"index, follow, max-snippet:-1, max-image-preview:large, max-video-preview:-1\" \/>\n<link rel=\"canonical\" href=\"https:\/\/noticiasmercedinas.com\/site\/2024\/10\/02\/costa-eventos-y-chacra-las-chancles-expresan-gratitud-por-la-confianza-de-la-comunidad\/\" \/>\n<meta property=\"og:locale\" content=\"es_ES\" \/>\n<meta property=\"og:type\" content=\"article\" \/>\n<meta property=\"og:title\" content=\"Costa Eventos y Chacra Las Chancles expresan gratitud por la confianza de la comunidad\" \/>\n<meta property=\"og:description\" content=\"Costa Eventos y Chacra Las Chancles celebran con su reciente fusi\u00f3n un a\u00f1o lleno de \u00e9xitos, gracias al apoyo de sus clientes y amigos, quienes han llenado su agenda con eventos a lo largo de este 2024. Emanuel Costa, responsable del espacio, expres\u00f3 su agradecimiento: \u00abVamos sumando clientes nuevos y los de siempre siguen confiando [&hellip;]\" \/>\n<meta property=\"og:url\" content=\"https:\/\/noticiasmercedinas.com\/site\/2024\/10\/02\/costa-eventos-y-chacra-las-chancles-expresan-gratitud-por-la-confianza-de-la-comunidad\/\" \/>\n<meta property=\"og:site_name\" content=\"NOTICIASMERCEDINAS.COM\" \/>\n<meta property=\"article:publisher\" content=\"https:\/\/www.facebook.com\/noticiasmercedinas\/\" \/>\n<meta property=\"article:published_time\" content=\"2024-10-02T20:38:33+00:00\" \/>\n<meta property=\"og:image\" content=\"https:\/\/noticiasmercedinas.com\/site\/wp-content\/uploads\/2024\/10\/DSC_9381.jpg\" \/>\n\t<meta property=\"og:image:width\" content=\"640\" \/>\n\t<meta property=\"og:image:height\" content=\"426\" \/>\n\t<meta property=\"og:image:type\" content=\"image\/jpeg\" \/>\n<meta name=\"author\" content=\"NOTICIASMERCEDINAS.COM\" \/>\n<meta name=\"twitter:card\" content=\"summary_large_image\" \/>\n<meta name=\"twitter:creator\" content=\"@notmercedinas\" \/>\n<meta name=\"twitter:site\" content=\"@notmercedinas\" \/>\n<meta name=\"twitter:label1\" content=\"Escrito por\" \/>\n\t<meta name=\"twitter:data1\" content=\"NOTICIASMERCEDINAS.COM\" \/>\n\t<meta name=\"twitter:label2\" content=\"Tiempo de lectura\" \/>\n\t<meta name=\"twitter:data2\" content=\"2 minutos\" \/>\n<script type=\"application\/ld+json\" class=\"yoast-schema-graph\">{\"@context\":\"https:\\\/\\\/schema.org\",\"@graph\":[{\"@type\":\"Article\",\"@id\":\"https:\\\/\\\/noticiasmercedinas.com\\\/site\\\/2024\\\/10\\\/02\\\/costa-eventos-y-chacra-las-chancles-expresan-gratitud-por-la-confianza-de-la-comunidad\\\/#article\",\"isPartOf\":{\"@id\":\"https:\\\/\\\/noticiasmercedinas.com\\\/site\\\/2024\\\/10\\\/02\\\/costa-eventos-y-chacra-las-chancles-expresan-gratitud-por-la-confianza-de-la-comunidad\\\/\"},\"author\":{\"name\":\"NOTICIASMERCEDINAS.COM\",\"@id\":\"https:\\\/\\\/noticiasmercedinas.com\\\/site\\\/#\\\/schema\\\/person\\\/84b59c099c28ff2e8b77d4ceec5d8063\"},\"headline\":\"Costa Eventos y Chacra Las Chancles expresan gratitud por la confianza de la comunidad\",\"datePublished\":\"2024-10-02T20:38:33+00:00\",\"mainEntityOfPage\":{\"@id\":\"https:\\\/\\\/noticiasmercedinas.com\\\/site\\\/2024\\\/10\\\/02\\\/costa-eventos-y-chacra-las-chancles-expresan-gratitud-por-la-confianza-de-la-comunidad\\\/\"},\"wordCount\":418,\"publisher\":{\"@id\":\"https:\\\/\\\/noticiasmercedinas.com\\\/site\\\/#organization\"},\"image\":{\"@id\":\"https:\\\/\\\/noticiasmercedinas.com\\\/site\\\/2024\\\/10\\\/02\\\/costa-eventos-y-chacra-las-chancles-expresan-gratitud-por-la-confianza-de-la-comunidad\\\/#primaryimage\"},\"thumbnailUrl\":\"https:\\\/\\\/noticiasmercedinas.com\\\/site\\\/wp-content\\\/uploads\\\/2024\\\/10\\\/DSC_9381.jpg\",\"keywords\":[\"casamientos\",\"chacra las chancles\",\"costa eventos\",\"cumplea\u00f1os\",\"eventos\",\"fiestas\"],\"articleSection\":[\"Emprendimientos\"],\"inLanguage\":\"es\"},{\"@type\":\"WebPage\",\"@id\":\"https:\\\/\\\/noticiasmercedinas.com\\\/site\\\/2024\\\/10\\\/02\\\/costa-eventos-y-chacra-las-chancles-expresan-gratitud-por-la-confianza-de-la-comunidad\\\/\",\"url\":\"https:\\\/\\\/noticiasmercedinas.com\\\/site\\\/2024\\\/10\\\/02\\\/costa-eventos-y-chacra-las-chancles-expresan-gratitud-por-la-confianza-de-la-comunidad\\\/\",\"name\":\"Costa Eventos y Chacra Las Chancles expresan gratitud por la confianza de la comunidad\",\"isPartOf\":{\"@id\":\"https:\\\/\\\/noticiasmercedinas.com\\\/site\\\/#website\"},\"primaryImageOfPage\":{\"@id\":\"https:\\\/\\\/noticiasmercedinas.com\\\/site\\\/2024\\\/10\\\/02\\\/costa-eventos-y-chacra-las-chancles-expresan-gratitud-por-la-confianza-de-la-comunidad\\\/#primaryimage\"},\"image\":{\"@id\":\"https:\\\/\\\/noticiasmercedinas.com\\\/site\\\/2024\\\/10\\\/02\\\/costa-eventos-y-chacra-las-chancles-expresan-gratitud-por-la-confianza-de-la-comunidad\\\/#primaryimage\"},\"thumbnailUrl\":\"https:\\\/\\\/noticiasmercedinas.com\\\/site\\\/wp-content\\\/uploads\\\/2024\\\/10\\\/DSC_9381.jpg\",\"datePublished\":\"2024-10-02T20:38:33+00:00\",\"breadcrumb\":{\"@id\":\"https:\\\/\\\/noticiasmercedinas.com\\\/site\\\/2024\\\/10\\\/02\\\/costa-eventos-y-chacra-las-chancles-expresan-gratitud-por-la-confianza-de-la-comunidad\\\/#breadcrumb\"},\"inLanguage\":\"es\",\"potentialAction\":[{\"@type\":\"ReadAction\",\"target\":[\"https:\\\/\\\/noticiasmercedinas.com\\\/site\\\/2024\\\/10\\\/02\\\/costa-eventos-y-chacra-las-chancles-expresan-gratitud-por-la-confianza-de-la-comunidad\\\/\"]}]},{\"@type\":\"ImageObject\",\"inLanguage\":\"es\",\"@id\":\"https:\\\/\\\/noticiasmercedinas.com\\\/site\\\/2024\\\/10\\\/02\\\/costa-eventos-y-chacra-las-chancles-expresan-gratitud-por-la-confianza-de-la-comunidad\\\/#primaryimage\",\"url\":\"https:\\\/\\\/noticiasmercedinas.com\\\/site\\\/wp-content\\\/uploads\\\/2024\\\/10\\\/DSC_9381.jpg\",\"contentUrl\":\"https:\\\/\\\/noticiasmercedinas.com\\\/site\\\/wp-content\\\/uploads\\\/2024\\\/10\\\/DSC_9381.jpg\",\"width\":640,\"height\":426},{\"@type\":\"BreadcrumbList\",\"@id\":\"https:\\\/\\\/noticiasmercedinas.com\\\/site\\\/2024\\\/10\\\/02\\\/costa-eventos-y-chacra-las-chancles-expresan-gratitud-por-la-confianza-de-la-comunidad\\\/#breadcrumb\",\"itemListElement\":[{\"@type\":\"ListItem\",\"position\":1,\"name\":\"Portada\",\"item\":\"https:\\\/\\\/noticiasmercedinas.com\\\/site\\\/\"},{\"@type\":\"ListItem\",\"position\":2,\"name\":\"Costa Eventos y Chacra Las Chancles expresan gratitud por la confianza de la comunidad\"}]},{\"@type\":\"WebSite\",\"@id\":\"https:\\\/\\\/noticiasmercedinas.com\\\/site\\\/#website\",\"url\":\"https:\\\/\\\/noticiasmercedinas.com\\\/site\\\/\",\"name\":\"NOTICIASMERCEDINAS.COM\",\"description\":\"Mercedes, Buenos Aires, Argentina\",\"publisher\":{\"@id\":\"https:\\\/\\\/noticiasmercedinas.com\\\/site\\\/#organization\"},\"potentialAction\":[{\"@type\":\"SearchAction\",\"target\":{\"@type\":\"EntryPoint\",\"urlTemplate\":\"https:\\\/\\\/noticiasmercedinas.com\\\/site\\\/?s={search_term_string}\"},\"query-input\":{\"@type\":\"PropertyValueSpecification\",\"valueRequired\":true,\"valueName\":\"search_term_string\"}}],\"inLanguage\":\"es\"},{\"@type\":\"Organization\",\"@id\":\"https:\\\/\\\/noticiasmercedinas.com\\\/site\\\/#organization\",\"name\":\"NOTICIASMERCEDINAS.COM\",\"url\":\"https:\\\/\\\/noticiasmercedinas.com\\\/site\\\/\",\"logo\":{\"@type\":\"ImageObject\",\"inLanguage\":\"es\",\"@id\":\"https:\\\/\\\/noticiasmercedinas.com\\\/site\\\/#\\\/schema\\\/logo\\\/image\\\/\",\"url\":\"https:\\\/\\\/noticiasmercedinas.com\\\/site\\\/wp-content\\\/uploads\\\/2020\\\/06\\\/LOGO-512.jpg\",\"contentUrl\":\"https:\\\/\\\/noticiasmercedinas.com\\\/site\\\/wp-content\\\/uploads\\\/2020\\\/06\\\/LOGO-512.jpg\",\"width\":512,\"height\":512,\"caption\":\"NOTICIASMERCEDINAS.COM\"},\"image\":{\"@id\":\"https:\\\/\\\/noticiasmercedinas.com\\\/site\\\/#\\\/schema\\\/logo\\\/image\\\/\"},\"sameAs\":[\"https:\\\/\\\/www.facebook.com\\\/noticiasmercedinas\\\/\",\"https:\\\/\\\/x.com\\\/notmercedinas\",\"https:\\\/\\\/www.instagram.com\\\/noticiasmercedinas\\\/\"]},{\"@type\":\"Person\",\"@id\":\"https:\\\/\\\/noticiasmercedinas.com\\\/site\\\/#\\\/schema\\\/person\\\/84b59c099c28ff2e8b77d4ceec5d8063\",\"name\":\"NOTICIASMERCEDINAS.COM\",\"image\":{\"@type\":\"ImageObject\",\"inLanguage\":\"es\",\"@id\":\"https:\\\/\\\/secure.gravatar.com\\\/avatar\\\/4dfbf16b4d17945bfb6341b2d19043457132fcf478a5ee04f42e959fd8f5df0a?s=96&d=mm&r=g\",\"url\":\"https:\\\/\\\/secure.gravatar.com\\\/avatar\\\/4dfbf16b4d17945bfb6341b2d19043457132fcf478a5ee04f42e959fd8f5df0a?s=96&d=mm&r=g\",\"contentUrl\":\"https:\\\/\\\/secure.gravatar.com\\\/avatar\\\/4dfbf16b4d17945bfb6341b2d19043457132fcf478a5ee04f42e959fd8f5df0a?s=96&d=mm&r=g\",\"caption\":\"NOTICIASMERCEDINAS.COM\"},\"url\":\"https:\\\/\\\/noticiasmercedinas.com\\\/site\\\/author\\\/anonimo\\\/\"}]}<\/script>\n<!-- \/ Yoast SEO plugin. -->","yoast_head_json":{"title":"Costa Eventos y Chacra Las Chancles expresan gratitud por la confianza de la comunidad","robots":{"index":"index","follow":"follow","max-snippet":"max-snippet:-1","max-image-preview":"max-image-preview:large","max-video-preview":"max-video-preview:-1"},"canonical":"https:\/\/noticiasmercedinas.com\/site\/2024\/10\/02\/costa-eventos-y-chacra-las-chancles-expresan-gratitud-por-la-confianza-de-la-comunidad\/","og_locale":"es_ES","og_type":"article","og_title":"Costa Eventos y Chacra Las Chancles expresan gratitud por la confianza de la comunidad","og_description":"Costa Eventos y Chacra Las Chancles celebran con su reciente fusi\u00f3n un a\u00f1o lleno de \u00e9xitos, gracias al apoyo de sus clientes y amigos, quienes han llenado su agenda con eventos a lo largo de este 2024. Emanuel Costa, responsable del espacio, expres\u00f3 su agradecimiento: \u00abVamos sumando clientes nuevos y los de siempre siguen confiando [&hellip;]","og_url":"https:\/\/noticiasmercedinas.com\/site\/2024\/10\/02\/costa-eventos-y-chacra-las-chancles-expresan-gratitud-por-la-confianza-de-la-comunidad\/","og_site_name":"NOTICIASMERCEDINAS.COM","article_publisher":"https:\/\/www.facebook.com\/noticiasmercedinas\/","article_published_time":"2024-10-02T20:38:33+00:00","og_image":[{"width":640,"height":426,"url":"https:\/\/noticiasmercedinas.com\/site\/wp-content\/uploads\/2024\/10\/DSC_9381.jpg","type":"image\/jpeg"}],"author":"NOTICIASMERCEDINAS.COM","twitter_card":"summary_large_image","twitter_creator":"@notmercedinas","twitter_site":"@notmercedinas","twitter_misc":{"Escrito por":"NOTICIASMERCEDINAS.COM","Tiempo de lectura":"2 minutos"},"schema":{"@context":"https:\/\/schema.org","@graph":[{"@type":"Article","@id":"https:\/\/noticiasmercedinas.com\/site\/2024\/10\/02\/costa-eventos-y-chacra-las-chancles-expresan-gratitud-por-la-confianza-de-la-comunidad\/#article","isPartOf":{"@id":"https:\/\/noticiasmercedinas.com\/site\/2024\/10\/02\/costa-eventos-y-chacra-las-chancles-expresan-gratitud-por-la-confianza-de-la-comunidad\/"},"author":{"name":"NOTICIASMERCEDINAS.COM","@id":"https:\/\/noticiasmercedinas.com\/site\/#\/schema\/person\/84b59c099c28ff2e8b77d4ceec5d8063"},"headline":"Costa Eventos y Chacra Las Chancles expresan gratitud por la confianza de la comunidad","datePublished":"2024-10-02T20:38:33+00:00","mainEntityOfPage":{"@id":"https:\/\/noticiasmercedinas.com\/site\/2024\/10\/02\/costa-eventos-y-chacra-las-chancles-expresan-gratitud-por-la-confianza-de-la-comunidad\/"},"wordCount":418,"publisher":{"@id":"https:\/\/noticiasmercedinas.com\/site\/#organization"},"image":{"@id":"https:\/\/noticiasmercedinas.com\/site\/2024\/10\/02\/costa-eventos-y-chacra-las-chancles-expresan-gratitud-por-la-confianza-de-la-comunidad\/#primaryimage"},"thumbnailUrl":"https:\/\/noticiasmercedinas.com\/site\/wp-content\/uploads\/2024\/10\/DSC_9381.jpg","keywords":["casamientos","chacra las chancles","costa eventos","cumplea\u00f1os","eventos","fiestas"],"articleSection":["Emprendimientos"],"inLanguage":"es"},{"@type":"WebPage","@id":"https:\/\/noticiasmercedinas.com\/site\/2024\/10\/02\/costa-eventos-y-chacra-las-chancles-expresan-gratitud-por-la-confianza-de-la-comunidad\/","url":"https:\/\/noticiasmercedinas.com\/site\/2024\/10\/02\/costa-eventos-y-chacra-las-chancles-expresan-gratitud-por-la-confianza-de-la-comunidad\/","name":"Costa Eventos y Chacra Las Chancles expresan gratitud por la confianza de la comunidad","isPartOf":{"@id":"https:\/\/noticiasmercedinas.com\/site\/#website"},"primaryImageOfPage":{"@id":"https:\/\/noticiasmercedinas.com\/site\/2024\/10\/02\/costa-eventos-y-chacra-las-chancles-expresan-gratitud-por-la-confianza-de-la-comunidad\/#primaryimage"},"image":{"@id":"https:\/\/noticiasmercedinas.com\/site\/2024\/10\/02\/costa-eventos-y-chacra-las-chancles-expresan-gratitud-por-la-confianza-de-la-comunidad\/#primaryimage"},"thumbnailUrl":"https:\/\/noticiasmercedinas.com\/site\/wp-content\/uploads\/2024\/10\/DSC_9381.jpg","datePublished":"2024-10-02T20:38:33+00:00","breadcrumb":{"@id":"https:\/\/noticiasmercedinas.com\/site\/2024\/10\/02\/costa-eventos-y-chacra-las-chancles-expresan-gratitud-por-la-confianza-de-la-comunidad\/#breadcrumb"},"inLanguage":"es","potentialAction":[{"@type":"ReadAction","target":["https:\/\/noticiasmercedinas.com\/site\/2024\/10\/02\/costa-eventos-y-chacra-las-chancles-expresan-gratitud-por-la-confianza-de-la-comunidad\/"]}]},{"@type":"ImageObject","inLanguage":"es","@id":"https:\/\/noticiasmercedinas.com\/site\/2024\/10\/02\/costa-eventos-y-chacra-las-chancles-expresan-gratitud-por-la-confianza-de-la-comunidad\/#primaryimage","url":"https:\/\/noticiasmercedinas.com\/site\/wp-content\/uploads\/2024\/10\/DSC_9381.jpg","contentUrl":"https:\/\/noticiasmercedinas.com\/site\/wp-content\/uploads\/2024\/10\/DSC_9381.jpg","width":640,"height":426},{"@type":"BreadcrumbList","@id":"https:\/\/noticiasmercedinas.com\/site\/2024\/10\/02\/costa-eventos-y-chacra-las-chancles-expresan-gratitud-por-la-confianza-de-la-comunidad\/#breadcrumb","itemListElement":[{"@type":"ListItem","position":1,"name":"Portada","item":"https:\/\/noticiasmercedinas.com\/site\/"},{"@type":"ListItem","position":2,"name":"Costa Eventos y Chacra Las Chancles expresan gratitud por la confianza de la comunidad"}]},{"@type":"WebSite","@id":"https:\/\/noticiasmercedinas.com\/site\/#website","url":"https:\/\/noticiasmercedinas.com\/site\/","name":"NOTICIASMERCEDINAS.COM","description":"Mercedes, Buenos Aires, Argentina","publisher":{"@id":"https:\/\/noticiasmercedinas.com\/site\/#organization"},"potentialAction":[{"@type":"SearchAction","target":{"@type":"EntryPoint","urlTemplate":"https:\/\/noticiasmercedinas.com\/site\/?s={search_term_string}"},"query-input":{"@type":"PropertyValueSpecification","valueRequired":true,"valueName":"search_term_string"}}],"inLanguage":"es"},{"@type":"Organization","@id":"https:\/\/noticiasmercedinas.com\/site\/#organization","name":"NOTICIASMERCEDINAS.COM","url":"https:\/\/noticiasmercedinas.com\/site\/","logo":{"@type":"ImageObject","inLanguage":"es","@id":"https:\/\/noticiasmercedinas.com\/site\/#\/schema\/logo\/image\/","url":"https:\/\/noticiasmercedinas.com\/site\/wp-content\/uploads\/2020\/06\/LOGO-512.jpg","contentUrl":"https:\/\/noticiasmercedinas.com\/site\/wp-content\/uploads\/2020\/06\/LOGO-512.jpg","width":512,"height":512,"caption":"NOTICIASMERCEDINAS.COM"},"image":{"@id":"https:\/\/noticiasmercedinas.com\/site\/#\/schema\/logo\/image\/"},"sameAs":["https:\/\/www.facebook.com\/noticiasmercedinas\/","https:\/\/x.com\/notmercedinas","https:\/\/www.instagram.com\/noticiasmercedinas\/"]},{"@type":"Person","@id":"https:\/\/noticiasmercedinas.com\/site\/#\/schema\/person\/84b59c099c28ff2e8b77d4ceec5d8063","name":"NOTICIASMERCEDINAS.COM","image":{"@type":"ImageObject","inLanguage":"es","@id":"https:\/\/secure.gravatar.com\/avatar\/4dfbf16b4d17945bfb6341b2d19043457132fcf478a5ee04f42e959fd8f5df0a?s=96&d=mm&r=g","url":"https:\/\/secure.gravatar.com\/avatar\/4dfbf16b4d17945bfb6341b2d19043457132fcf478a5ee04f42e959fd8f5df0a?s=96&d=mm&r=g","contentUrl":"https:\/\/secure.gravatar.com\/avatar\/4dfbf16b4d17945bfb6341b2d19043457132fcf478a5ee04f42e959fd8f5df0a?s=96&d=mm&r=g","caption":"NOTICIASMERCEDINAS.COM"},"url":"https:\/\/noticiasmercedinas.com\/site\/author\/anonimo\/"}]}},"amp_enabled":true,"_links":{"self":[{"href":"https:\/\/noticiasmercedinas.com\/site\/wp-json\/wp\/v2\/posts\/145289","targetHints":{"allow":["GET"]}}],"collection":[{"href":"https:\/\/noticiasmercedinas.com\/site\/wp-json\/wp\/v2\/posts"}],"about":[{"href":"https:\/\/noticiasmercedinas.com\/site\/wp-json\/wp\/v2\/types\/post"}],"author":[{"embeddable":true,"href":"https:\/\/noticiasmercedinas.com\/site\/wp-json\/wp\/v2\/users\/16"}],"replies":[{"embeddable":true,"href":"https:\/\/noticiasmercedinas.com\/site\/wp-json\/wp\/v2\/comments?post=145289"}],"version-history":[{"count":1,"href":"https:\/\/noticiasmercedinas.com\/site\/wp-json\/wp\/v2\/posts\/145289\/revisions"}],"predecessor-version":[{"id":145293,"href":"https:\/\/noticiasmercedinas.com\/site\/wp-json\/wp\/v2\/posts\/145289\/revisions\/145293"}],"wp:featuredmedia":[{"embeddable":true,"href":"https:\/\/noticiasmercedinas.com\/site\/wp-json\/wp\/v2\/media\/145291"}],"wp:attachment":[{"href":"https:\/\/noticiasmercedinas.com\/site\/wp-json\/wp\/v2\/media?parent=145289"}],"wp:term":[{"taxonomy":"category","embeddable":true,"href":"https:\/\/noticiasmercedinas.com\/site\/wp-json\/wp\/v2\/categories?post=145289"},{"taxonomy":"post_tag","embeddable":true,"href":"https:\/\/noticiasmercedinas.com\/site\/wp-json\/wp\/v2\/tags?post=145289"}],"curies":[{"name":"wp","href":"https:\/\/api.w.org\/{rel}","templated":true}]}}