{"id":145435,"date":"2024-10-04T16:46:48","date_gmt":"2024-10-04T19:46:48","guid":{"rendered":"https:\/\/noticiasmercedinas.com\/site\/?p=145435"},"modified":"2024-10-04T16:46:48","modified_gmt":"2024-10-04T19:46:48","slug":"se-inauguro-el-nuevo-local-de-cewes-un-hito-en-la-historia-de-la-marca-deportiva-mercedina","status":"publish","type":"post","link":"https:\/\/noticiasmercedinas.com\/site\/2024\/10\/04\/se-inauguro-el-nuevo-local-de-cewes-un-hito-en-la-historia-de-la-marca-deportiva-mercedina\/","title":{"rendered":"Se inaugur\u00f3 el nuevo local de CEWES: un hito en la historia de la marca deportiva mercedina"},"content":{"rendered":"<p><img loading=\"lazy\" decoding=\"async\" class=\"alignnone size-full wp-image-145436\" src=\"https:\/\/noticiasmercedinas.com\/site\/wp-content\/uploads\/2024\/10\/3fde9c46-f969-47ad-9606-c04a99813965.jpeg\" alt=\"\" width=\"1463\" height=\"1109\" srcset=\"https:\/\/noticiasmercedinas.com\/site\/wp-content\/uploads\/2024\/10\/3fde9c46-f969-47ad-9606-c04a99813965.jpeg 1463w, https:\/\/noticiasmercedinas.com\/site\/wp-content\/uploads\/2024\/10\/3fde9c46-f969-47ad-9606-c04a99813965-300x227.jpeg 300w, https:\/\/noticiasmercedinas.com\/site\/wp-content\/uploads\/2024\/10\/3fde9c46-f969-47ad-9606-c04a99813965-1024x776.jpeg 1024w, https:\/\/noticiasmercedinas.com\/site\/wp-content\/uploads\/2024\/10\/3fde9c46-f969-47ad-9606-c04a99813965-768x582.jpeg 768w, https:\/\/noticiasmercedinas.com\/site\/wp-content\/uploads\/2024\/10\/3fde9c46-f969-47ad-9606-c04a99813965-80x60.jpeg 80w, https:\/\/noticiasmercedinas.com\/site\/wp-content\/uploads\/2024\/10\/3fde9c46-f969-47ad-9606-c04a99813965-160x120.jpeg 160w, https:\/\/noticiasmercedinas.com\/site\/wp-content\/uploads\/2024\/10\/3fde9c46-f969-47ad-9606-c04a99813965-100x75.jpeg 100w, https:\/\/noticiasmercedinas.com\/site\/wp-content\/uploads\/2024\/10\/3fde9c46-f969-47ad-9606-c04a99813965-180x135.jpeg 180w, https:\/\/noticiasmercedinas.com\/site\/wp-content\/uploads\/2024\/10\/3fde9c46-f969-47ad-9606-c04a99813965-640x485.jpeg 640w, https:\/\/noticiasmercedinas.com\/site\/wp-content\/uploads\/2024\/10\/3fde9c46-f969-47ad-9606-c04a99813965-1280x970.jpeg 1280w, https:\/\/noticiasmercedinas.com\/site\/wp-content\/uploads\/2024\/10\/3fde9c46-f969-47ad-9606-c04a99813965-681x516.jpeg 681w, https:\/\/noticiasmercedinas.com\/site\/wp-content\/uploads\/2024\/10\/3fde9c46-f969-47ad-9606-c04a99813965-1362x1032.jpeg 1362w\" sizes=\"auto, (max-width: 1463px) 100vw, 1463px\" \/><\/p>\n<p>Este viernes, poco antes del mediod\u00eda, se celebr\u00f3 un evento cargado de emoci\u00f3n y satisfacci\u00f3n en Mercedes.<\/p>\n<p>Con la presencia del intendente municipal <strong>Juan Ignacio Ustarroz<\/strong>, se brind\u00f3 para conmemorar un momento significativo: la habilitaci\u00f3n oficial del nuevo local de CEWES, una marca de indumentaria deportiva que ha sabido conquistar su lugar a fuerza de trabajo, calidad y dedicaci\u00f3n.<\/p>\n<p><strong>Iv\u00e1n Pauwels<\/strong> y su esposa <strong>Carina<\/strong>, fundadores de la marca, fueron los protagonistas de esta celebraci\u00f3n en su flamante espacio ubicado en la calle 21, entre 30 y 32, marcando un nuevo cap\u00edtulo en la historia comercial de una marca profundamente enraizada en la ciudad.<\/p>\n<p><strong>El camino de CEWES hacia el \u00e9xito<\/strong><br \/>\nCon m\u00e1s de 20 a\u00f1os en el rubro, CEWES es mucho m\u00e1s que una simple marca de ropa deportiva. Fundada en 1995 por Iv\u00e1n Pauwels mientras cursaba sus estudios en el Colegio Industrial de Mercedes, la marca naci\u00f3 como una idea joven e innovadora, fusionando la pasi\u00f3n por el deporte y la creatividad. \u00abEmpezamos pr\u00e1cticamente desde nuestra casa\u00bb, record\u00f3 Pauwels, emocionado por el crecimiento constante de la marca que, desde entonces, ha vestido a todos los clubes de la ciudad, desde Uni\u00f3n hasta Palometas, pasando por Estudiantes y Ateneo.<\/p>\n<p><img loading=\"lazy\" decoding=\"async\" class=\"alignnone size-full wp-image-145442\" src=\"https:\/\/noticiasmercedinas.com\/site\/wp-content\/uploads\/2024\/10\/3d8b106d-a58a-43a1-af77-c39c5be884eb.jpeg\" alt=\"\" width=\"1600\" height=\"1204\" srcset=\"https:\/\/noticiasmercedinas.com\/site\/wp-content\/uploads\/2024\/10\/3d8b106d-a58a-43a1-af77-c39c5be884eb.jpeg 1600w, https:\/\/noticiasmercedinas.com\/site\/wp-content\/uploads\/2024\/10\/3d8b106d-a58a-43a1-af77-c39c5be884eb-300x226.jpeg 300w, https:\/\/noticiasmercedinas.com\/site\/wp-content\/uploads\/2024\/10\/3d8b106d-a58a-43a1-af77-c39c5be884eb-1024x771.jpeg 1024w, https:\/\/noticiasmercedinas.com\/site\/wp-content\/uploads\/2024\/10\/3d8b106d-a58a-43a1-af77-c39c5be884eb-768x578.jpeg 768w, https:\/\/noticiasmercedinas.com\/site\/wp-content\/uploads\/2024\/10\/3d8b106d-a58a-43a1-af77-c39c5be884eb-1536x1156.jpeg 1536w, https:\/\/noticiasmercedinas.com\/site\/wp-content\/uploads\/2024\/10\/3d8b106d-a58a-43a1-af77-c39c5be884eb-80x60.jpeg 80w, https:\/\/noticiasmercedinas.com\/site\/wp-content\/uploads\/2024\/10\/3d8b106d-a58a-43a1-af77-c39c5be884eb-160x120.jpeg 160w, https:\/\/noticiasmercedinas.com\/site\/wp-content\/uploads\/2024\/10\/3d8b106d-a58a-43a1-af77-c39c5be884eb-100x75.jpeg 100w, https:\/\/noticiasmercedinas.com\/site\/wp-content\/uploads\/2024\/10\/3d8b106d-a58a-43a1-af77-c39c5be884eb-200x150.jpeg 200w, https:\/\/noticiasmercedinas.com\/site\/wp-content\/uploads\/2024\/10\/3d8b106d-a58a-43a1-af77-c39c5be884eb-180x135.jpeg 180w, https:\/\/noticiasmercedinas.com\/site\/wp-content\/uploads\/2024\/10\/3d8b106d-a58a-43a1-af77-c39c5be884eb-360x270.jpeg 360w, https:\/\/noticiasmercedinas.com\/site\/wp-content\/uploads\/2024\/10\/3d8b106d-a58a-43a1-af77-c39c5be884eb-238x178.jpeg 238w, https:\/\/noticiasmercedinas.com\/site\/wp-content\/uploads\/2024\/10\/3d8b106d-a58a-43a1-af77-c39c5be884eb-640x482.jpeg 640w, https:\/\/noticiasmercedinas.com\/site\/wp-content\/uploads\/2024\/10\/3d8b106d-a58a-43a1-af77-c39c5be884eb-1280x963.jpeg 1280w, https:\/\/noticiasmercedinas.com\/site\/wp-content\/uploads\/2024\/10\/3d8b106d-a58a-43a1-af77-c39c5be884eb-681x512.jpeg 681w, https:\/\/noticiasmercedinas.com\/site\/wp-content\/uploads\/2024\/10\/3d8b106d-a58a-43a1-af77-c39c5be884eb-1362x1025.jpeg 1362w\" sizes=\"auto, (max-width: 1600px) 100vw, 1600px\" \/><\/p>\n<p>La historia de CEWES est\u00e1 marcada por hitos que han dejado una huella en la comunidad. Uno de los momentos m\u00e1s memorables fue el acuerdo de sponsor t\u00e9cnico con el Club Mercedes, un paso decisivo que consolid\u00f3 a la marca como un referente en la indumentaria deportiva local.<\/p>\n<p>A lo largo de los a\u00f1os, CEWES ha continuado expandi\u00e9ndose, y recientemente ha firmado un contrato con el Colegio San Antonio para la confecci\u00f3n de su ropa oficial, demostrando as\u00ed su versatilidad al incursionar tambi\u00e9n en el \u00e1mbito educativo.<\/p>\n<p><strong>Un local que refleja el crecimiento y la visi\u00f3n de futuro<br \/>\n<\/strong>El nuevo local, con sus 80 metros cuadrados, fue dise\u00f1ado cuidadosamente para ofrecer un espacio moderno, c\u00f3modo y funcional. \u00abDespu\u00e9s de tanto esfuerzo y trabajo, podemos ofrecer a nuestros clientes un lugar m\u00e1s amplio y c\u00f3modo\u00bb, se\u00f1al\u00f3 Pauwels con satisfacci\u00f3n.<\/p>\n<p>El local remodelado no solo exhibe indumentaria deportiva, sino tambi\u00e9n implementos como pelotas, botellas y mu\u00f1equeras, ampliando la oferta y reafirmando el compromiso de la marca con la calidad.<\/p>\n<p><img loading=\"lazy\" decoding=\"async\" class=\"alignnone size-full wp-image-145440\" src=\"https:\/\/noticiasmercedinas.com\/site\/wp-content\/uploads\/2024\/10\/815fb413-44da-4a9a-8469-7b2c33d3ace8.jpeg\" alt=\"\" width=\"1600\" height=\"1204\" srcset=\"https:\/\/noticiasmercedinas.com\/site\/wp-content\/uploads\/2024\/10\/815fb413-44da-4a9a-8469-7b2c33d3ace8.jpeg 1600w, https:\/\/noticiasmercedinas.com\/site\/wp-content\/uploads\/2024\/10\/815fb413-44da-4a9a-8469-7b2c33d3ace8-300x226.jpeg 300w, https:\/\/noticiasmercedinas.com\/site\/wp-content\/uploads\/2024\/10\/815fb413-44da-4a9a-8469-7b2c33d3ace8-1024x771.jpeg 1024w, https:\/\/noticiasmercedinas.com\/site\/wp-content\/uploads\/2024\/10\/815fb413-44da-4a9a-8469-7b2c33d3ace8-768x578.jpeg 768w, https:\/\/noticiasmercedinas.com\/site\/wp-content\/uploads\/2024\/10\/815fb413-44da-4a9a-8469-7b2c33d3ace8-1536x1156.jpeg 1536w, https:\/\/noticiasmercedinas.com\/site\/wp-content\/uploads\/2024\/10\/815fb413-44da-4a9a-8469-7b2c33d3ace8-80x60.jpeg 80w, https:\/\/noticiasmercedinas.com\/site\/wp-content\/uploads\/2024\/10\/815fb413-44da-4a9a-8469-7b2c33d3ace8-160x120.jpeg 160w, https:\/\/noticiasmercedinas.com\/site\/wp-content\/uploads\/2024\/10\/815fb413-44da-4a9a-8469-7b2c33d3ace8-100x75.jpeg 100w, https:\/\/noticiasmercedinas.com\/site\/wp-content\/uploads\/2024\/10\/815fb413-44da-4a9a-8469-7b2c33d3ace8-200x150.jpeg 200w, https:\/\/noticiasmercedinas.com\/site\/wp-content\/uploads\/2024\/10\/815fb413-44da-4a9a-8469-7b2c33d3ace8-180x135.jpeg 180w, https:\/\/noticiasmercedinas.com\/site\/wp-content\/uploads\/2024\/10\/815fb413-44da-4a9a-8469-7b2c33d3ace8-360x270.jpeg 360w, https:\/\/noticiasmercedinas.com\/site\/wp-content\/uploads\/2024\/10\/815fb413-44da-4a9a-8469-7b2c33d3ace8-238x178.jpeg 238w, https:\/\/noticiasmercedinas.com\/site\/wp-content\/uploads\/2024\/10\/815fb413-44da-4a9a-8469-7b2c33d3ace8-640x482.jpeg 640w, https:\/\/noticiasmercedinas.com\/site\/wp-content\/uploads\/2024\/10\/815fb413-44da-4a9a-8469-7b2c33d3ace8-1280x963.jpeg 1280w, https:\/\/noticiasmercedinas.com\/site\/wp-content\/uploads\/2024\/10\/815fb413-44da-4a9a-8469-7b2c33d3ace8-681x512.jpeg 681w, https:\/\/noticiasmercedinas.com\/site\/wp-content\/uploads\/2024\/10\/815fb413-44da-4a9a-8469-7b2c33d3ace8-1362x1025.jpeg 1362w\" sizes=\"auto, (max-width: 1600px) 100vw, 1600px\" \/><\/p>\n<p>Entre los productos innovadores que ofrece CEWES, destacan las medias antideslizantes para jugadores de f\u00fatbol, un ejemplo del enfoque de la marca en seguir las tendencias del mercado deportivo. \u00abLa idea es brindarle soluciones a los padres que vienen a comprar para sus hijos, pero tambi\u00e9n ofrecer productos pensados para un estilo de vida activo y saludable\u00bb, explic\u00f3 Pauwels.<\/p>\n<p><strong>Un legado familiar y comunitario<br \/>\n<\/strong>La esencia de CEWES est\u00e1 profundamente ligada a la familia y a Mercedes. El nombre de la marca es un homenaje a las ra\u00edces de Pauwels, combinando las iniciales de su esposa Carina y su madre Claudia, junto con el nombre de la ciudad natal y el apellido familiar. Este sentido de pertenencia ha sido clave en el \u00e9xito de CEWES, que se ha consolidado no solo como una marca de ropa, sino como un legado que ha crecido con la comunidad.<\/p>\n<p><img loading=\"lazy\" decoding=\"async\" class=\"alignnone size-full wp-image-145439\" src=\"https:\/\/noticiasmercedinas.com\/site\/wp-content\/uploads\/2024\/10\/2fb05652-0ff8-4a7f-891f-96fdaac945bf.jpeg\" alt=\"\" width=\"1600\" height=\"1204\" srcset=\"https:\/\/noticiasmercedinas.com\/site\/wp-content\/uploads\/2024\/10\/2fb05652-0ff8-4a7f-891f-96fdaac945bf.jpeg 1600w, https:\/\/noticiasmercedinas.com\/site\/wp-content\/uploads\/2024\/10\/2fb05652-0ff8-4a7f-891f-96fdaac945bf-300x226.jpeg 300w, https:\/\/noticiasmercedinas.com\/site\/wp-content\/uploads\/2024\/10\/2fb05652-0ff8-4a7f-891f-96fdaac945bf-1024x771.jpeg 1024w, https:\/\/noticiasmercedinas.com\/site\/wp-content\/uploads\/2024\/10\/2fb05652-0ff8-4a7f-891f-96fdaac945bf-768x578.jpeg 768w, https:\/\/noticiasmercedinas.com\/site\/wp-content\/uploads\/2024\/10\/2fb05652-0ff8-4a7f-891f-96fdaac945bf-1536x1156.jpeg 1536w, https:\/\/noticiasmercedinas.com\/site\/wp-content\/uploads\/2024\/10\/2fb05652-0ff8-4a7f-891f-96fdaac945bf-80x60.jpeg 80w, https:\/\/noticiasmercedinas.com\/site\/wp-content\/uploads\/2024\/10\/2fb05652-0ff8-4a7f-891f-96fdaac945bf-160x120.jpeg 160w, https:\/\/noticiasmercedinas.com\/site\/wp-content\/uploads\/2024\/10\/2fb05652-0ff8-4a7f-891f-96fdaac945bf-100x75.jpeg 100w, https:\/\/noticiasmercedinas.com\/site\/wp-content\/uploads\/2024\/10\/2fb05652-0ff8-4a7f-891f-96fdaac945bf-200x150.jpeg 200w, https:\/\/noticiasmercedinas.com\/site\/wp-content\/uploads\/2024\/10\/2fb05652-0ff8-4a7f-891f-96fdaac945bf-180x135.jpeg 180w, https:\/\/noticiasmercedinas.com\/site\/wp-content\/uploads\/2024\/10\/2fb05652-0ff8-4a7f-891f-96fdaac945bf-360x270.jpeg 360w, https:\/\/noticiasmercedinas.com\/site\/wp-content\/uploads\/2024\/10\/2fb05652-0ff8-4a7f-891f-96fdaac945bf-238x178.jpeg 238w, https:\/\/noticiasmercedinas.com\/site\/wp-content\/uploads\/2024\/10\/2fb05652-0ff8-4a7f-891f-96fdaac945bf-640x482.jpeg 640w, https:\/\/noticiasmercedinas.com\/site\/wp-content\/uploads\/2024\/10\/2fb05652-0ff8-4a7f-891f-96fdaac945bf-1280x963.jpeg 1280w, https:\/\/noticiasmercedinas.com\/site\/wp-content\/uploads\/2024\/10\/2fb05652-0ff8-4a7f-891f-96fdaac945bf-681x512.jpeg 681w, https:\/\/noticiasmercedinas.com\/site\/wp-content\/uploads\/2024\/10\/2fb05652-0ff8-4a7f-891f-96fdaac945bf-1362x1025.jpeg 1362w\" sizes=\"auto, (max-width: 1600px) 100vw, 1600px\" \/><\/p>\n<p>El isologo de la marca tambi\u00e9n tiene una historia especial. Inspirado en un cuchillo de campo que pertenec\u00eda al t\u00edo de Iv\u00e1n, el logotipo, con la imagen de una u\u00f1a de \u00f1and\u00fa, refleja la resistencia y autenticidad que caracteriza a CEWES.<\/p>\n<p><strong>La expansi\u00f3n hacia nuevos horizontes<br \/>\n<\/strong>CEWES ha sabido adaptarse a las demandas del mercado, ampliando su alcance a diversas disciplinas deportivas, como el hockey, el rugby, el running, y m\u00e1s recientemente, el Sportstyle, una l\u00ednea que combina la comodidad y el estilo para el d\u00eda a d\u00eda.<\/p>\n<p>Con la mira puesta en el futuro, Pauwels anticipa nuevos proyectos, entre ellos, la posible inclusi\u00f3n de bebidas deportivas en su oferta, respondiendo a las necesidades de sus clientes que buscan un espacio integral para todo lo relacionado con el deporte.<\/p>\n<p><img loading=\"lazy\" decoding=\"async\" class=\"alignnone size-full wp-image-145438\" src=\"https:\/\/noticiasmercedinas.com\/site\/wp-content\/uploads\/2024\/10\/3e3caef4-8f03-48ac-bc88-82ae1e72a810.jpeg\" alt=\"\" width=\"1600\" height=\"1204\" srcset=\"https:\/\/noticiasmercedinas.com\/site\/wp-content\/uploads\/2024\/10\/3e3caef4-8f03-48ac-bc88-82ae1e72a810.jpeg 1600w, https:\/\/noticiasmercedinas.com\/site\/wp-content\/uploads\/2024\/10\/3e3caef4-8f03-48ac-bc88-82ae1e72a810-300x226.jpeg 300w, https:\/\/noticiasmercedinas.com\/site\/wp-content\/uploads\/2024\/10\/3e3caef4-8f03-48ac-bc88-82ae1e72a810-1024x771.jpeg 1024w, https:\/\/noticiasmercedinas.com\/site\/wp-content\/uploads\/2024\/10\/3e3caef4-8f03-48ac-bc88-82ae1e72a810-768x578.jpeg 768w, https:\/\/noticiasmercedinas.com\/site\/wp-content\/uploads\/2024\/10\/3e3caef4-8f03-48ac-bc88-82ae1e72a810-1536x1156.jpeg 1536w, https:\/\/noticiasmercedinas.com\/site\/wp-content\/uploads\/2024\/10\/3e3caef4-8f03-48ac-bc88-82ae1e72a810-80x60.jpeg 80w, https:\/\/noticiasmercedinas.com\/site\/wp-content\/uploads\/2024\/10\/3e3caef4-8f03-48ac-bc88-82ae1e72a810-160x120.jpeg 160w, https:\/\/noticiasmercedinas.com\/site\/wp-content\/uploads\/2024\/10\/3e3caef4-8f03-48ac-bc88-82ae1e72a810-100x75.jpeg 100w, https:\/\/noticiasmercedinas.com\/site\/wp-content\/uploads\/2024\/10\/3e3caef4-8f03-48ac-bc88-82ae1e72a810-200x150.jpeg 200w, https:\/\/noticiasmercedinas.com\/site\/wp-content\/uploads\/2024\/10\/3e3caef4-8f03-48ac-bc88-82ae1e72a810-180x135.jpeg 180w, https:\/\/noticiasmercedinas.com\/site\/wp-content\/uploads\/2024\/10\/3e3caef4-8f03-48ac-bc88-82ae1e72a810-360x270.jpeg 360w, https:\/\/noticiasmercedinas.com\/site\/wp-content\/uploads\/2024\/10\/3e3caef4-8f03-48ac-bc88-82ae1e72a810-238x178.jpeg 238w, https:\/\/noticiasmercedinas.com\/site\/wp-content\/uploads\/2024\/10\/3e3caef4-8f03-48ac-bc88-82ae1e72a810-640x482.jpeg 640w, https:\/\/noticiasmercedinas.com\/site\/wp-content\/uploads\/2024\/10\/3e3caef4-8f03-48ac-bc88-82ae1e72a810-1280x963.jpeg 1280w, https:\/\/noticiasmercedinas.com\/site\/wp-content\/uploads\/2024\/10\/3e3caef4-8f03-48ac-bc88-82ae1e72a810-681x512.jpeg 681w, https:\/\/noticiasmercedinas.com\/site\/wp-content\/uploads\/2024\/10\/3e3caef4-8f03-48ac-bc88-82ae1e72a810-1362x1025.jpeg 1362w\" sizes=\"auto, (max-width: 1600px) 100vw, 1600px\" \/><\/p>\n<p>Este nuevo local no es solo un espacio comercial; es el reflejo de a\u00f1os de esfuerzo, dedicaci\u00f3n y una apuesta continua por la calidad. Pauwels y Carina, acompa\u00f1ados por su equipo, celebran este hito con la misma energ\u00eda y pasi\u00f3n con la que comenzaron hace dos d\u00e9cadas. \u00abVer el apoyo de la gente, amigos y compa\u00f1eros de clubes, nos hace entender todo el camino que hemos recorrido\u00bb, concluy\u00f3 Pauwels, agradecido por el respaldo que han recibido a lo largo de los a\u00f1os.<\/p>\n<p>Hoy, CEWES no solo es una marca de ropa deportiva. Es una historia de esfuerzo, compromiso y una demostraci\u00f3n de que, con trabajo y dedicaci\u00f3n, los sue\u00f1os pueden materializarse. Con su nuevo local y su legado en constante crecimiento, CEWES sigue inspirando a la comunidad de Mercedes a llevar una vida activa y saludable, combinando el deporte con el estilo y la funcionalidad.<\/p>\n<p><img loading=\"lazy\" decoding=\"async\" class=\"alignnone size-full wp-image-145437\" src=\"https:\/\/noticiasmercedinas.com\/site\/wp-content\/uploads\/2024\/10\/4c926632-f592-4026-a1d5-6e3d7145d0ce.jpeg\" alt=\"\" width=\"1600\" height=\"1204\" srcset=\"https:\/\/noticiasmercedinas.com\/site\/wp-content\/uploads\/2024\/10\/4c926632-f592-4026-a1d5-6e3d7145d0ce.jpeg 1600w, https:\/\/noticiasmercedinas.com\/site\/wp-content\/uploads\/2024\/10\/4c926632-f592-4026-a1d5-6e3d7145d0ce-300x226.jpeg 300w, https:\/\/noticiasmercedinas.com\/site\/wp-content\/uploads\/2024\/10\/4c926632-f592-4026-a1d5-6e3d7145d0ce-1024x771.jpeg 1024w, https:\/\/noticiasmercedinas.com\/site\/wp-content\/uploads\/2024\/10\/4c926632-f592-4026-a1d5-6e3d7145d0ce-768x578.jpeg 768w, https:\/\/noticiasmercedinas.com\/site\/wp-content\/uploads\/2024\/10\/4c926632-f592-4026-a1d5-6e3d7145d0ce-1536x1156.jpeg 1536w, https:\/\/noticiasmercedinas.com\/site\/wp-content\/uploads\/2024\/10\/4c926632-f592-4026-a1d5-6e3d7145d0ce-80x60.jpeg 80w, https:\/\/noticiasmercedinas.com\/site\/wp-content\/uploads\/2024\/10\/4c926632-f592-4026-a1d5-6e3d7145d0ce-160x120.jpeg 160w, https:\/\/noticiasmercedinas.com\/site\/wp-content\/uploads\/2024\/10\/4c926632-f592-4026-a1d5-6e3d7145d0ce-100x75.jpeg 100w, https:\/\/noticiasmercedinas.com\/site\/wp-content\/uploads\/2024\/10\/4c926632-f592-4026-a1d5-6e3d7145d0ce-200x150.jpeg 200w, https:\/\/noticiasmercedinas.com\/site\/wp-content\/uploads\/2024\/10\/4c926632-f592-4026-a1d5-6e3d7145d0ce-180x135.jpeg 180w, https:\/\/noticiasmercedinas.com\/site\/wp-content\/uploads\/2024\/10\/4c926632-f592-4026-a1d5-6e3d7145d0ce-360x270.jpeg 360w, https:\/\/noticiasmercedinas.com\/site\/wp-content\/uploads\/2024\/10\/4c926632-f592-4026-a1d5-6e3d7145d0ce-238x178.jpeg 238w, https:\/\/noticiasmercedinas.com\/site\/wp-content\/uploads\/2024\/10\/4c926632-f592-4026-a1d5-6e3d7145d0ce-640x482.jpeg 640w, https:\/\/noticiasmercedinas.com\/site\/wp-content\/uploads\/2024\/10\/4c926632-f592-4026-a1d5-6e3d7145d0ce-1280x963.jpeg 1280w, https:\/\/noticiasmercedinas.com\/site\/wp-content\/uploads\/2024\/10\/4c926632-f592-4026-a1d5-6e3d7145d0ce-681x512.jpeg 681w, https:\/\/noticiasmercedinas.com\/site\/wp-content\/uploads\/2024\/10\/4c926632-f592-4026-a1d5-6e3d7145d0ce-1362x1025.jpeg 1362w\" sizes=\"auto, (max-width: 1600px) 100vw, 1600px\" \/><\/p>\n","protected":false},"excerpt":{"rendered":"<p>Este viernes, poco antes del mediod\u00eda, se celebr\u00f3 un evento cargado de emoci\u00f3n y satisfacci\u00f3n en Mercedes. Con la presencia del intendente municipal Juan Ignacio Ustarroz, se brind\u00f3 para conmemorar un momento significativo: la habilitaci\u00f3n oficial del nuevo local de CEWES, una marca de indumentaria deportiva que ha sabido conquistar su lugar a fuerza de [&hellip;]<\/p>\n","protected":false},"author":16,"featured_media":145436,"comment_status":"closed","ping_status":"closed","sticky":false,"template":"","format":"standard","meta":{"footnotes":""},"categories":[74],"tags":[5488,18922,266,1355],"class_list":["post-145435","post","type-post","status-publish","format-standard","has-post-thumbnail","hentry","category-emprendimientos","tag-cewes","tag-ivan-pauwels","tag-juan-ignacio-ustarroz","tag-ropa-deportiva"],"yoast_head":"<!-- This site is optimized with the Yoast SEO plugin v28.3 - https:\/\/yoast.com\/product\/yoast-seo-wordpress\/ -->\n<title>Se inaugur\u00f3 el nuevo local de CEWES: un hito en la historia de la marca deportiva mercedina<\/title>\n<meta name=\"robots\" content=\"index, follow, max-snippet:-1, max-image-preview:large, max-video-preview:-1\" \/>\n<link rel=\"canonical\" href=\"https:\/\/noticiasmercedinas.com\/site\/2024\/10\/04\/se-inauguro-el-nuevo-local-de-cewes-un-hito-en-la-historia-de-la-marca-deportiva-mercedina\/\" \/>\n<meta property=\"og:locale\" content=\"es_ES\" \/>\n<meta property=\"og:type\" content=\"article\" \/>\n<meta property=\"og:title\" content=\"Se inaugur\u00f3 el nuevo local de CEWES: un hito en la historia de la marca deportiva mercedina\" \/>\n<meta property=\"og:description\" content=\"Este viernes, poco antes del mediod\u00eda, se celebr\u00f3 un evento cargado de emoci\u00f3n y satisfacci\u00f3n en Mercedes. Con la presencia del intendente municipal Juan Ignacio Ustarroz, se brind\u00f3 para conmemorar un momento significativo: la habilitaci\u00f3n oficial del nuevo local de CEWES, una marca de indumentaria deportiva que ha sabido conquistar su lugar a fuerza de [&hellip;]\" \/>\n<meta property=\"og:url\" content=\"https:\/\/noticiasmercedinas.com\/site\/2024\/10\/04\/se-inauguro-el-nuevo-local-de-cewes-un-hito-en-la-historia-de-la-marca-deportiva-mercedina\/\" \/>\n<meta property=\"og:site_name\" content=\"NOTICIASMERCEDINAS.COM\" \/>\n<meta property=\"article:publisher\" content=\"https:\/\/www.facebook.com\/noticiasmercedinas\/\" \/>\n<meta property=\"article:published_time\" content=\"2024-10-04T19:46:48+00:00\" \/>\n<meta property=\"og:image\" content=\"https:\/\/noticiasmercedinas.com\/site\/wp-content\/uploads\/2024\/10\/3fde9c46-f969-47ad-9606-c04a99813965.jpeg\" \/>\n\t<meta property=\"og:image:width\" content=\"1463\" \/>\n\t<meta property=\"og:image:height\" content=\"1109\" \/>\n\t<meta property=\"og:image:type\" content=\"image\/jpeg\" \/>\n<meta name=\"author\" content=\"NOTICIASMERCEDINAS.COM\" \/>\n<meta name=\"twitter:card\" content=\"summary_large_image\" \/>\n<meta name=\"twitter:creator\" content=\"@notmercedinas\" \/>\n<meta name=\"twitter:site\" content=\"@notmercedinas\" \/>\n<meta name=\"twitter:label1\" content=\"Escrito por\" \/>\n\t<meta name=\"twitter:data1\" content=\"NOTICIASMERCEDINAS.COM\" \/>\n\t<meta name=\"twitter:label2\" content=\"Tiempo de lectura\" \/>\n\t<meta name=\"twitter:data2\" content=\"4 minutos\" \/>\n<script type=\"application\/ld+json\" class=\"yoast-schema-graph\">{\"@context\":\"https:\\\/\\\/schema.org\",\"@graph\":[{\"@type\":\"Article\",\"@id\":\"https:\\\/\\\/noticiasmercedinas.com\\\/site\\\/2024\\\/10\\\/04\\\/se-inauguro-el-nuevo-local-de-cewes-un-hito-en-la-historia-de-la-marca-deportiva-mercedina\\\/#article\",\"isPartOf\":{\"@id\":\"https:\\\/\\\/noticiasmercedinas.com\\\/site\\\/2024\\\/10\\\/04\\\/se-inauguro-el-nuevo-local-de-cewes-un-hito-en-la-historia-de-la-marca-deportiva-mercedina\\\/\"},\"author\":{\"name\":\"NOTICIASMERCEDINAS.COM\",\"@id\":\"https:\\\/\\\/noticiasmercedinas.com\\\/site\\\/#\\\/schema\\\/person\\\/84b59c099c28ff2e8b77d4ceec5d8063\"},\"headline\":\"Se inaugur\u00f3 el nuevo local de CEWES: un hito en la historia de la marca deportiva mercedina\",\"datePublished\":\"2024-10-04T19:46:48+00:00\",\"mainEntityOfPage\":{\"@id\":\"https:\\\/\\\/noticiasmercedinas.com\\\/site\\\/2024\\\/10\\\/04\\\/se-inauguro-el-nuevo-local-de-cewes-un-hito-en-la-historia-de-la-marca-deportiva-mercedina\\\/\"},\"wordCount\":854,\"publisher\":{\"@id\":\"https:\\\/\\\/noticiasmercedinas.com\\\/site\\\/#organization\"},\"image\":{\"@id\":\"https:\\\/\\\/noticiasmercedinas.com\\\/site\\\/2024\\\/10\\\/04\\\/se-inauguro-el-nuevo-local-de-cewes-un-hito-en-la-historia-de-la-marca-deportiva-mercedina\\\/#primaryimage\"},\"thumbnailUrl\":\"https:\\\/\\\/noticiasmercedinas.com\\\/site\\\/wp-content\\\/uploads\\\/2024\\\/10\\\/3fde9c46-f969-47ad-9606-c04a99813965.jpeg\",\"keywords\":[\"cewes\",\"ivan pauwels\",\"juan ignacio ustarroz\",\"ropa deportiva\"],\"articleSection\":[\"Emprendimientos\"],\"inLanguage\":\"es\"},{\"@type\":\"WebPage\",\"@id\":\"https:\\\/\\\/noticiasmercedinas.com\\\/site\\\/2024\\\/10\\\/04\\\/se-inauguro-el-nuevo-local-de-cewes-un-hito-en-la-historia-de-la-marca-deportiva-mercedina\\\/\",\"url\":\"https:\\\/\\\/noticiasmercedinas.com\\\/site\\\/2024\\\/10\\\/04\\\/se-inauguro-el-nuevo-local-de-cewes-un-hito-en-la-historia-de-la-marca-deportiva-mercedina\\\/\",\"name\":\"Se inaugur\u00f3 el nuevo local de CEWES: un hito en la historia de la marca deportiva mercedina\",\"isPartOf\":{\"@id\":\"https:\\\/\\\/noticiasmercedinas.com\\\/site\\\/#website\"},\"primaryImageOfPage\":{\"@id\":\"https:\\\/\\\/noticiasmercedinas.com\\\/site\\\/2024\\\/10\\\/04\\\/se-inauguro-el-nuevo-local-de-cewes-un-hito-en-la-historia-de-la-marca-deportiva-mercedina\\\/#primaryimage\"},\"image\":{\"@id\":\"https:\\\/\\\/noticiasmercedinas.com\\\/site\\\/2024\\\/10\\\/04\\\/se-inauguro-el-nuevo-local-de-cewes-un-hito-en-la-historia-de-la-marca-deportiva-mercedina\\\/#primaryimage\"},\"thumbnailUrl\":\"https:\\\/\\\/noticiasmercedinas.com\\\/site\\\/wp-content\\\/uploads\\\/2024\\\/10\\\/3fde9c46-f969-47ad-9606-c04a99813965.jpeg\",\"datePublished\":\"2024-10-04T19:46:48+00:00\",\"breadcrumb\":{\"@id\":\"https:\\\/\\\/noticiasmercedinas.com\\\/site\\\/2024\\\/10\\\/04\\\/se-inauguro-el-nuevo-local-de-cewes-un-hito-en-la-historia-de-la-marca-deportiva-mercedina\\\/#breadcrumb\"},\"inLanguage\":\"es\",\"potentialAction\":[{\"@type\":\"ReadAction\",\"target\":[\"https:\\\/\\\/noticiasmercedinas.com\\\/site\\\/2024\\\/10\\\/04\\\/se-inauguro-el-nuevo-local-de-cewes-un-hito-en-la-historia-de-la-marca-deportiva-mercedina\\\/\"]}]},{\"@type\":\"ImageObject\",\"inLanguage\":\"es\",\"@id\":\"https:\\\/\\\/noticiasmercedinas.com\\\/site\\\/2024\\\/10\\\/04\\\/se-inauguro-el-nuevo-local-de-cewes-un-hito-en-la-historia-de-la-marca-deportiva-mercedina\\\/#primaryimage\",\"url\":\"https:\\\/\\\/noticiasmercedinas.com\\\/site\\\/wp-content\\\/uploads\\\/2024\\\/10\\\/3fde9c46-f969-47ad-9606-c04a99813965.jpeg\",\"contentUrl\":\"https:\\\/\\\/noticiasmercedinas.com\\\/site\\\/wp-content\\\/uploads\\\/2024\\\/10\\\/3fde9c46-f969-47ad-9606-c04a99813965.jpeg\",\"width\":1463,\"height\":1109},{\"@type\":\"BreadcrumbList\",\"@id\":\"https:\\\/\\\/noticiasmercedinas.com\\\/site\\\/2024\\\/10\\\/04\\\/se-inauguro-el-nuevo-local-de-cewes-un-hito-en-la-historia-de-la-marca-deportiva-mercedina\\\/#breadcrumb\",\"itemListElement\":[{\"@type\":\"ListItem\",\"position\":1,\"name\":\"Portada\",\"item\":\"https:\\\/\\\/noticiasmercedinas.com\\\/site\\\/\"},{\"@type\":\"ListItem\",\"position\":2,\"name\":\"Se inaugur\u00f3 el nuevo local de CEWES: un hito en la historia de la marca deportiva mercedina\"}]},{\"@type\":\"WebSite\",\"@id\":\"https:\\\/\\\/noticiasmercedinas.com\\\/site\\\/#website\",\"url\":\"https:\\\/\\\/noticiasmercedinas.com\\\/site\\\/\",\"name\":\"NOTICIASMERCEDINAS.COM\",\"description\":\"Mercedes, Buenos Aires, Argentina\",\"publisher\":{\"@id\":\"https:\\\/\\\/noticiasmercedinas.com\\\/site\\\/#organization\"},\"potentialAction\":[{\"@type\":\"SearchAction\",\"target\":{\"@type\":\"EntryPoint\",\"urlTemplate\":\"https:\\\/\\\/noticiasmercedinas.com\\\/site\\\/?s={search_term_string}\"},\"query-input\":{\"@type\":\"PropertyValueSpecification\",\"valueRequired\":true,\"valueName\":\"search_term_string\"}}],\"inLanguage\":\"es\"},{\"@type\":\"Organization\",\"@id\":\"https:\\\/\\\/noticiasmercedinas.com\\\/site\\\/#organization\",\"name\":\"NOTICIASMERCEDINAS.COM\",\"url\":\"https:\\\/\\\/noticiasmercedinas.com\\\/site\\\/\",\"logo\":{\"@type\":\"ImageObject\",\"inLanguage\":\"es\",\"@id\":\"https:\\\/\\\/noticiasmercedinas.com\\\/site\\\/#\\\/schema\\\/logo\\\/image\\\/\",\"url\":\"https:\\\/\\\/noticiasmercedinas.com\\\/site\\\/wp-content\\\/uploads\\\/2020\\\/06\\\/LOGO-512.jpg\",\"contentUrl\":\"https:\\\/\\\/noticiasmercedinas.com\\\/site\\\/wp-content\\\/uploads\\\/2020\\\/06\\\/LOGO-512.jpg\",\"width\":512,\"height\":512,\"caption\":\"NOTICIASMERCEDINAS.COM\"},\"image\":{\"@id\":\"https:\\\/\\\/noticiasmercedinas.com\\\/site\\\/#\\\/schema\\\/logo\\\/image\\\/\"},\"sameAs\":[\"https:\\\/\\\/www.facebook.com\\\/noticiasmercedinas\\\/\",\"https:\\\/\\\/x.com\\\/notmercedinas\",\"https:\\\/\\\/www.instagram.com\\\/noticiasmercedinas\\\/\"]},{\"@type\":\"Person\",\"@id\":\"https:\\\/\\\/noticiasmercedinas.com\\\/site\\\/#\\\/schema\\\/person\\\/84b59c099c28ff2e8b77d4ceec5d8063\",\"name\":\"NOTICIASMERCEDINAS.COM\",\"image\":{\"@type\":\"ImageObject\",\"inLanguage\":\"es\",\"@id\":\"https:\\\/\\\/secure.gravatar.com\\\/avatar\\\/4dfbf16b4d17945bfb6341b2d19043457132fcf478a5ee04f42e959fd8f5df0a?s=96&d=mm&r=g\",\"url\":\"https:\\\/\\\/secure.gravatar.com\\\/avatar\\\/4dfbf16b4d17945bfb6341b2d19043457132fcf478a5ee04f42e959fd8f5df0a?s=96&d=mm&r=g\",\"contentUrl\":\"https:\\\/\\\/secure.gravatar.com\\\/avatar\\\/4dfbf16b4d17945bfb6341b2d19043457132fcf478a5ee04f42e959fd8f5df0a?s=96&d=mm&r=g\",\"caption\":\"NOTICIASMERCEDINAS.COM\"},\"url\":\"https:\\\/\\\/noticiasmercedinas.com\\\/site\\\/author\\\/anonimo\\\/\"}]}<\/script>\n<!-- \/ Yoast SEO plugin. -->","yoast_head_json":{"title":"Se inaugur\u00f3 el nuevo local de CEWES: un hito en la historia de la marca deportiva mercedina","robots":{"index":"index","follow":"follow","max-snippet":"max-snippet:-1","max-image-preview":"max-image-preview:large","max-video-preview":"max-video-preview:-1"},"canonical":"https:\/\/noticiasmercedinas.com\/site\/2024\/10\/04\/se-inauguro-el-nuevo-local-de-cewes-un-hito-en-la-historia-de-la-marca-deportiva-mercedina\/","og_locale":"es_ES","og_type":"article","og_title":"Se inaugur\u00f3 el nuevo local de CEWES: un hito en la historia de la marca deportiva mercedina","og_description":"Este viernes, poco antes del mediod\u00eda, se celebr\u00f3 un evento cargado de emoci\u00f3n y satisfacci\u00f3n en Mercedes. Con la presencia del intendente municipal Juan Ignacio Ustarroz, se brind\u00f3 para conmemorar un momento significativo: la habilitaci\u00f3n oficial del nuevo local de CEWES, una marca de indumentaria deportiva que ha sabido conquistar su lugar a fuerza de [&hellip;]","og_url":"https:\/\/noticiasmercedinas.com\/site\/2024\/10\/04\/se-inauguro-el-nuevo-local-de-cewes-un-hito-en-la-historia-de-la-marca-deportiva-mercedina\/","og_site_name":"NOTICIASMERCEDINAS.COM","article_publisher":"https:\/\/www.facebook.com\/noticiasmercedinas\/","article_published_time":"2024-10-04T19:46:48+00:00","og_image":[{"width":1463,"height":1109,"url":"https:\/\/noticiasmercedinas.com\/site\/wp-content\/uploads\/2024\/10\/3fde9c46-f969-47ad-9606-c04a99813965.jpeg","type":"image\/jpeg"}],"author":"NOTICIASMERCEDINAS.COM","twitter_card":"summary_large_image","twitter_creator":"@notmercedinas","twitter_site":"@notmercedinas","twitter_misc":{"Escrito por":"NOTICIASMERCEDINAS.COM","Tiempo de lectura":"4 minutos"},"schema":{"@context":"https:\/\/schema.org","@graph":[{"@type":"Article","@id":"https:\/\/noticiasmercedinas.com\/site\/2024\/10\/04\/se-inauguro-el-nuevo-local-de-cewes-un-hito-en-la-historia-de-la-marca-deportiva-mercedina\/#article","isPartOf":{"@id":"https:\/\/noticiasmercedinas.com\/site\/2024\/10\/04\/se-inauguro-el-nuevo-local-de-cewes-un-hito-en-la-historia-de-la-marca-deportiva-mercedina\/"},"author":{"name":"NOTICIASMERCEDINAS.COM","@id":"https:\/\/noticiasmercedinas.com\/site\/#\/schema\/person\/84b59c099c28ff2e8b77d4ceec5d8063"},"headline":"Se inaugur\u00f3 el nuevo local de CEWES: un hito en la historia de la marca deportiva mercedina","datePublished":"2024-10-04T19:46:48+00:00","mainEntityOfPage":{"@id":"https:\/\/noticiasmercedinas.com\/site\/2024\/10\/04\/se-inauguro-el-nuevo-local-de-cewes-un-hito-en-la-historia-de-la-marca-deportiva-mercedina\/"},"wordCount":854,"publisher":{"@id":"https:\/\/noticiasmercedinas.com\/site\/#organization"},"image":{"@id":"https:\/\/noticiasmercedinas.com\/site\/2024\/10\/04\/se-inauguro-el-nuevo-local-de-cewes-un-hito-en-la-historia-de-la-marca-deportiva-mercedina\/#primaryimage"},"thumbnailUrl":"https:\/\/noticiasmercedinas.com\/site\/wp-content\/uploads\/2024\/10\/3fde9c46-f969-47ad-9606-c04a99813965.jpeg","keywords":["cewes","ivan pauwels","juan ignacio ustarroz","ropa deportiva"],"articleSection":["Emprendimientos"],"inLanguage":"es"},{"@type":"WebPage","@id":"https:\/\/noticiasmercedinas.com\/site\/2024\/10\/04\/se-inauguro-el-nuevo-local-de-cewes-un-hito-en-la-historia-de-la-marca-deportiva-mercedina\/","url":"https:\/\/noticiasmercedinas.com\/site\/2024\/10\/04\/se-inauguro-el-nuevo-local-de-cewes-un-hito-en-la-historia-de-la-marca-deportiva-mercedina\/","name":"Se inaugur\u00f3 el nuevo local de CEWES: un hito en la historia de la marca deportiva mercedina","isPartOf":{"@id":"https:\/\/noticiasmercedinas.com\/site\/#website"},"primaryImageOfPage":{"@id":"https:\/\/noticiasmercedinas.com\/site\/2024\/10\/04\/se-inauguro-el-nuevo-local-de-cewes-un-hito-en-la-historia-de-la-marca-deportiva-mercedina\/#primaryimage"},"image":{"@id":"https:\/\/noticiasmercedinas.com\/site\/2024\/10\/04\/se-inauguro-el-nuevo-local-de-cewes-un-hito-en-la-historia-de-la-marca-deportiva-mercedina\/#primaryimage"},"thumbnailUrl":"https:\/\/noticiasmercedinas.com\/site\/wp-content\/uploads\/2024\/10\/3fde9c46-f969-47ad-9606-c04a99813965.jpeg","datePublished":"2024-10-04T19:46:48+00:00","breadcrumb":{"@id":"https:\/\/noticiasmercedinas.com\/site\/2024\/10\/04\/se-inauguro-el-nuevo-local-de-cewes-un-hito-en-la-historia-de-la-marca-deportiva-mercedina\/#breadcrumb"},"inLanguage":"es","potentialAction":[{"@type":"ReadAction","target":["https:\/\/noticiasmercedinas.com\/site\/2024\/10\/04\/se-inauguro-el-nuevo-local-de-cewes-un-hito-en-la-historia-de-la-marca-deportiva-mercedina\/"]}]},{"@type":"ImageObject","inLanguage":"es","@id":"https:\/\/noticiasmercedinas.com\/site\/2024\/10\/04\/se-inauguro-el-nuevo-local-de-cewes-un-hito-en-la-historia-de-la-marca-deportiva-mercedina\/#primaryimage","url":"https:\/\/noticiasmercedinas.com\/site\/wp-content\/uploads\/2024\/10\/3fde9c46-f969-47ad-9606-c04a99813965.jpeg","contentUrl":"https:\/\/noticiasmercedinas.com\/site\/wp-content\/uploads\/2024\/10\/3fde9c46-f969-47ad-9606-c04a99813965.jpeg","width":1463,"height":1109},{"@type":"BreadcrumbList","@id":"https:\/\/noticiasmercedinas.com\/site\/2024\/10\/04\/se-inauguro-el-nuevo-local-de-cewes-un-hito-en-la-historia-de-la-marca-deportiva-mercedina\/#breadcrumb","itemListElement":[{"@type":"ListItem","position":1,"name":"Portada","item":"https:\/\/noticiasmercedinas.com\/site\/"},{"@type":"ListItem","position":2,"name":"Se inaugur\u00f3 el nuevo local de CEWES: un hito en la historia de la marca deportiva mercedina"}]},{"@type":"WebSite","@id":"https:\/\/noticiasmercedinas.com\/site\/#website","url":"https:\/\/noticiasmercedinas.com\/site\/","name":"NOTICIASMERCEDINAS.COM","description":"Mercedes, Buenos Aires, Argentina","publisher":{"@id":"https:\/\/noticiasmercedinas.com\/site\/#organization"},"potentialAction":[{"@type":"SearchAction","target":{"@type":"EntryPoint","urlTemplate":"https:\/\/noticiasmercedinas.com\/site\/?s={search_term_string}"},"query-input":{"@type":"PropertyValueSpecification","valueRequired":true,"valueName":"search_term_string"}}],"inLanguage":"es"},{"@type":"Organization","@id":"https:\/\/noticiasmercedinas.com\/site\/#organization","name":"NOTICIASMERCEDINAS.COM","url":"https:\/\/noticiasmercedinas.com\/site\/","logo":{"@type":"ImageObject","inLanguage":"es","@id":"https:\/\/noticiasmercedinas.com\/site\/#\/schema\/logo\/image\/","url":"https:\/\/noticiasmercedinas.com\/site\/wp-content\/uploads\/2020\/06\/LOGO-512.jpg","contentUrl":"https:\/\/noticiasmercedinas.com\/site\/wp-content\/uploads\/2020\/06\/LOGO-512.jpg","width":512,"height":512,"caption":"NOTICIASMERCEDINAS.COM"},"image":{"@id":"https:\/\/noticiasmercedinas.com\/site\/#\/schema\/logo\/image\/"},"sameAs":["https:\/\/www.facebook.com\/noticiasmercedinas\/","https:\/\/x.com\/notmercedinas","https:\/\/www.instagram.com\/noticiasmercedinas\/"]},{"@type":"Person","@id":"https:\/\/noticiasmercedinas.com\/site\/#\/schema\/person\/84b59c099c28ff2e8b77d4ceec5d8063","name":"NOTICIASMERCEDINAS.COM","image":{"@type":"ImageObject","inLanguage":"es","@id":"https:\/\/secure.gravatar.com\/avatar\/4dfbf16b4d17945bfb6341b2d19043457132fcf478a5ee04f42e959fd8f5df0a?s=96&d=mm&r=g","url":"https:\/\/secure.gravatar.com\/avatar\/4dfbf16b4d17945bfb6341b2d19043457132fcf478a5ee04f42e959fd8f5df0a?s=96&d=mm&r=g","contentUrl":"https:\/\/secure.gravatar.com\/avatar\/4dfbf16b4d17945bfb6341b2d19043457132fcf478a5ee04f42e959fd8f5df0a?s=96&d=mm&r=g","caption":"NOTICIASMERCEDINAS.COM"},"url":"https:\/\/noticiasmercedinas.com\/site\/author\/anonimo\/"}]}},"amp_enabled":true,"_links":{"self":[{"href":"https:\/\/noticiasmercedinas.com\/site\/wp-json\/wp\/v2\/posts\/145435","targetHints":{"allow":["GET"]}}],"collection":[{"href":"https:\/\/noticiasmercedinas.com\/site\/wp-json\/wp\/v2\/posts"}],"about":[{"href":"https:\/\/noticiasmercedinas.com\/site\/wp-json\/wp\/v2\/types\/post"}],"author":[{"embeddable":true,"href":"https:\/\/noticiasmercedinas.com\/site\/wp-json\/wp\/v2\/users\/16"}],"replies":[{"embeddable":true,"href":"https:\/\/noticiasmercedinas.com\/site\/wp-json\/wp\/v2\/comments?post=145435"}],"version-history":[{"count":1,"href":"https:\/\/noticiasmercedinas.com\/site\/wp-json\/wp\/v2\/posts\/145435\/revisions"}],"predecessor-version":[{"id":145443,"href":"https:\/\/noticiasmercedinas.com\/site\/wp-json\/wp\/v2\/posts\/145435\/revisions\/145443"}],"wp:featuredmedia":[{"embeddable":true,"href":"https:\/\/noticiasmercedinas.com\/site\/wp-json\/wp\/v2\/media\/145436"}],"wp:attachment":[{"href":"https:\/\/noticiasmercedinas.com\/site\/wp-json\/wp\/v2\/media?parent=145435"}],"wp:term":[{"taxonomy":"category","embeddable":true,"href":"https:\/\/noticiasmercedinas.com\/site\/wp-json\/wp\/v2\/categories?post=145435"},{"taxonomy":"post_tag","embeddable":true,"href":"https:\/\/noticiasmercedinas.com\/site\/wp-json\/wp\/v2\/tags?post=145435"}],"curies":[{"name":"wp","href":"https:\/\/api.w.org\/{rel}","templated":true}]}}