{"id":145477,"date":"2024-10-05T13:32:46","date_gmt":"2024-10-05T16:32:46","guid":{"rendered":"https:\/\/noticiasmercedinas.com\/site\/?p=145477"},"modified":"2024-10-05T13:32:46","modified_gmt":"2024-10-05T16:32:46","slug":"la-cgt-regional-advierte-sobre-una-situacion-critica-vamos-a-un-derrumbe-total","status":"publish","type":"post","link":"https:\/\/noticiasmercedinas.com\/site\/2024\/10\/05\/la-cgt-regional-advierte-sobre-una-situacion-critica-vamos-a-un-derrumbe-total\/","title":{"rendered":"La CGT Regional advierte sobre una situaci\u00f3n cr\u00edtica: \u00abVamos a un derrumbe total\u00bb"},"content":{"rendered":"<p><img loading=\"lazy\" decoding=\"async\" class=\"alignnone size-full wp-image-143361\" src=\"https:\/\/noticiasmercedinas.com\/site\/wp-content\/uploads\/2024\/09\/CGT-Mercedes-foto.jpeg\" alt=\"\" width=\"1600\" height=\"900\" srcset=\"https:\/\/noticiasmercedinas.com\/site\/wp-content\/uploads\/2024\/09\/CGT-Mercedes-foto.jpeg 1600w, https:\/\/noticiasmercedinas.com\/site\/wp-content\/uploads\/2024\/09\/CGT-Mercedes-foto-300x169.jpeg 300w, https:\/\/noticiasmercedinas.com\/site\/wp-content\/uploads\/2024\/09\/CGT-Mercedes-foto-1024x576.jpeg 1024w, https:\/\/noticiasmercedinas.com\/site\/wp-content\/uploads\/2024\/09\/CGT-Mercedes-foto-768x432.jpeg 768w, https:\/\/noticiasmercedinas.com\/site\/wp-content\/uploads\/2024\/09\/CGT-Mercedes-foto-1536x864.jpeg 1536w, https:\/\/noticiasmercedinas.com\/site\/wp-content\/uploads\/2024\/09\/CGT-Mercedes-foto-640x360.jpeg 640w, https:\/\/noticiasmercedinas.com\/site\/wp-content\/uploads\/2024\/09\/CGT-Mercedes-foto-1280x720.jpeg 1280w, https:\/\/noticiasmercedinas.com\/site\/wp-content\/uploads\/2024\/09\/CGT-Mercedes-foto-681x383.jpeg 681w, https:\/\/noticiasmercedinas.com\/site\/wp-content\/uploads\/2024\/09\/CGT-Mercedes-foto-1362x766.jpeg 1362w\" sizes=\"auto, (max-width: 1600px) 100vw, 1600px\" \/><\/p>\n<p>La Confederaci\u00f3n General del Trabajo (CGT) Regional Mercedes\/Navarro\/San Andr\u00e9s de Giles emiti\u00f3 un comunicado donde expres\u00f3 su preocupaci\u00f3n por la grave situaci\u00f3n econ\u00f3mica y laboral que atraviesan la ciudad de Mercedes y su regi\u00f3n.<\/p>\n<p>Tras su reuni\u00f3n semanal, en la que participaron representantes de gremios de empleados p\u00fablicos y privados, del comercio, la administraci\u00f3n y la producci\u00f3n, se elabor\u00f3 un amplio informe sobre las consecuencias de las medidas implementadas por el Gobierno Nacional en los sectores productivos y comerciales.<\/p>\n<p>El documento detalla el impacto en distintos \u00e1mbitos laborales:<\/p>\n<p><strong>&#8211; Comercio:<\/strong> Se registran despidos de trabajadores formales en Mercedes y la regi\u00f3n, y se sospecha que los despidos en el sector informal, aunque no detectados, tambi\u00e9n son numerosos.<\/p>\n<p><strong>&#8211; Administraci\u00f3n p\u00fablica:<\/strong> El sector enfrenta congelamiento salarial, despidos y el cierre de reparticiones, sumado a reubicaciones forzosas que generan un fuerte malestar entre los trabajadores. Adem\u00e1s, quienes pierden su empleo tienen serias dificultades para encontrar nuevos puestos.<\/p>\n<p><strong>&#8211; Grandes comercios:<\/strong> Las ventas han ca\u00eddo un 40%, lo que refleja la baja del consumo general en la regi\u00f3n. La CGT advierte que \u00abla gente come menos, se viste menos y usa menos servicios\u00bb, lo que muestra la gravedad de la crisis.<\/p>\n<p><strong>&#8211; F\u00e1bricas y cuero:<\/strong> Las f\u00e1bricas locales est\u00e1n reconvirti\u00e9ndose, de ser productoras a ensambladoras, lo que disminuye la producci\u00f3n y afecta a otros sectores. La industria del cuero, antes fuerte en la regi\u00f3n, enfrenta dificultades similares, lo que impacta negativamente en la econom\u00eda local.<\/p>\n<p><strong>&#8211; Transporte de carga:<\/strong> Aunque no se reporta una baja tan significativa, el sector se ve afectado por la reducci\u00f3n en la demanda de transporte de corta distancia, especialmente en el agro, lo que repercute m\u00e1s en los salarios que en la estabilidad laboral.<\/p>\n<p><strong>&#8211; Peaje:<\/strong> Se prev\u00e9 una reforma tecnol\u00f3gica en el sistema de peaje que podr\u00eda generar problemas para los trabajadores del sector en el futuro.<\/p>\n<p><strong>&#8211; Gremio ladrillero:<\/strong> La construcci\u00f3n ha disminuido, y se observa una tendencia hacia el uso de ladrillos m\u00e1s industrializados en lugar de los tradicionales hornos. Esto ha generado desocupaci\u00f3n y serios problemas sociales, especialmente en zonas como Cucull\u00fa, donde muchas familias dependen de esta actividad.<\/p>\n<p><strong>&#8211; Sector bancario:<\/strong> Aumentaron los niveles de mora y las presiones sobre los trabajadores para vender productos financieros. La CGT advierte sobre posibles retiros anticipados y un cimbronazo tanto en la banca p\u00fablica como privada si la situaci\u00f3n contin\u00faa.<\/p>\n<p><strong>&#8211; Jubilados y salud:<\/strong> Los jubilados enfrentan salarios bajos y una crisis en el PAMI, con fallas graves en la provisi\u00f3n de medicamentos. La reciente devaluaci\u00f3n ha empeorado la situaci\u00f3n al encarecer los insumos y medicamentos importados, lo que agrava el sistema de salud.<\/p>\n<p>El comunicado concluye con una advertencia contundente: \u201cSi esto contin\u00faa, vamos a un derrumbe total que generar\u00eda da\u00f1os sever\u00edsimos\u201d. La CGT Regional subraya la frustraci\u00f3n tanto de aquellos que confiaron en las promesas de cambio como de quienes no lo hicieron, y propone abrir un canal de di\u00e1logo para construir una \u00abnueva realidad\u00bb que evite volver a tropezar con los mismos errores del pasado.<\/p>\n<p>Este llamado de alerta refleja el estado de emergencia econ\u00f3mica que atraviesan distintos sectores laborales en Mercedes y la regi\u00f3n, y marca la necesidad de soluciones urgentes ante una crisis que afecta tanto a trabajadores como a la econom\u00eda local en su conjunto.<\/p>\n","protected":false},"excerpt":{"rendered":"<p>\u25a0 Subrayan la frustraci\u00f3n tanto de aquellos que confiaron en las promesas de cambio como de quienes no lo hicieron, y propone abrir un canal de di\u00e1logo para construir una \u00abnueva realidad\u00bb.<\/p>\n","protected":false},"author":16,"featured_media":143361,"comment_status":"closed","ping_status":"closed","sticky":false,"template":"","format":"standard","meta":{"footnotes":""},"categories":[16],"tags":[14772,13534,1050],"class_list":["post-145477","post","type-post","status-publish","format-standard","has-post-thumbnail","hentry","category-politica","tag-cgt-regional","tag-cgt-regional-mercedes","tag-politica"],"yoast_head":"<!-- This site is optimized with the Yoast SEO plugin v27.5 - https:\/\/yoast.com\/product\/yoast-seo-wordpress\/ -->\n<title>La CGT Regional advierte sobre una situaci\u00f3n cr\u00edtica: &quot;Vamos a un derrumbe total&quot;<\/title>\n<meta name=\"robots\" content=\"index, follow, max-snippet:-1, max-image-preview:large, max-video-preview:-1\" \/>\n<link rel=\"canonical\" href=\"https:\/\/noticiasmercedinas.com\/site\/2024\/10\/05\/la-cgt-regional-advierte-sobre-una-situacion-critica-vamos-a-un-derrumbe-total\/\" \/>\n<meta property=\"og:locale\" content=\"es_ES\" \/>\n<meta property=\"og:type\" content=\"article\" \/>\n<meta property=\"og:title\" content=\"La CGT Regional advierte sobre una situaci\u00f3n cr\u00edtica: &quot;Vamos a un derrumbe total&quot;\" \/>\n<meta property=\"og:description\" content=\"\u25a0 Subrayan la frustraci\u00f3n tanto de aquellos que confiaron en las promesas de cambio como de quienes no lo hicieron, y propone abrir un canal de di\u00e1logo para construir una &quot;nueva realidad&quot;.\" \/>\n<meta property=\"og:url\" content=\"https:\/\/noticiasmercedinas.com\/site\/2024\/10\/05\/la-cgt-regional-advierte-sobre-una-situacion-critica-vamos-a-un-derrumbe-total\/\" \/>\n<meta property=\"og:site_name\" content=\"NOTICIASMERCEDINAS.COM\" \/>\n<meta property=\"article:publisher\" content=\"https:\/\/www.facebook.com\/noticiasmercedinas\/\" \/>\n<meta property=\"article:published_time\" content=\"2024-10-05T16:32:46+00:00\" \/>\n<meta property=\"og:image\" content=\"https:\/\/noticiasmercedinas.com\/site\/wp-content\/uploads\/2024\/09\/CGT-Mercedes-foto.jpeg\" \/>\n\t<meta property=\"og:image:width\" content=\"1600\" \/>\n\t<meta property=\"og:image:height\" content=\"900\" \/>\n\t<meta property=\"og:image:type\" content=\"image\/jpeg\" \/>\n<meta name=\"author\" content=\"NOTICIASMERCEDINAS.COM\" \/>\n<meta name=\"twitter:card\" content=\"summary_large_image\" \/>\n<meta name=\"twitter:creator\" content=\"@notmercedinas\" \/>\n<meta name=\"twitter:site\" content=\"@notmercedinas\" \/>\n<meta name=\"twitter:label1\" content=\"Escrito por\" \/>\n\t<meta name=\"twitter:data1\" content=\"NOTICIASMERCEDINAS.COM\" \/>\n\t<meta name=\"twitter:label2\" content=\"Tiempo de lectura\" \/>\n\t<meta name=\"twitter:data2\" content=\"3 minutos\" \/>\n<script type=\"application\/ld+json\" class=\"yoast-schema-graph\">{\"@context\":\"https:\\\/\\\/schema.org\",\"@graph\":[{\"@type\":\"Article\",\"@id\":\"https:\\\/\\\/noticiasmercedinas.com\\\/site\\\/2024\\\/10\\\/05\\\/la-cgt-regional-advierte-sobre-una-situacion-critica-vamos-a-un-derrumbe-total\\\/#article\",\"isPartOf\":{\"@id\":\"https:\\\/\\\/noticiasmercedinas.com\\\/site\\\/2024\\\/10\\\/05\\\/la-cgt-regional-advierte-sobre-una-situacion-critica-vamos-a-un-derrumbe-total\\\/\"},\"author\":{\"name\":\"NOTICIASMERCEDINAS.COM\",\"@id\":\"https:\\\/\\\/noticiasmercedinas.com\\\/site\\\/#\\\/schema\\\/person\\\/84b59c099c28ff2e8b77d4ceec5d8063\"},\"headline\":\"La CGT Regional advierte sobre una situaci\u00f3n cr\u00edtica: \u00abVamos a un derrumbe total\u00bb\",\"datePublished\":\"2024-10-05T16:32:46+00:00\",\"mainEntityOfPage\":{\"@id\":\"https:\\\/\\\/noticiasmercedinas.com\\\/site\\\/2024\\\/10\\\/05\\\/la-cgt-regional-advierte-sobre-una-situacion-critica-vamos-a-un-derrumbe-total\\\/\"},\"wordCount\":607,\"publisher\":{\"@id\":\"https:\\\/\\\/noticiasmercedinas.com\\\/site\\\/#organization\"},\"image\":{\"@id\":\"https:\\\/\\\/noticiasmercedinas.com\\\/site\\\/2024\\\/10\\\/05\\\/la-cgt-regional-advierte-sobre-una-situacion-critica-vamos-a-un-derrumbe-total\\\/#primaryimage\"},\"thumbnailUrl\":\"https:\\\/\\\/noticiasmercedinas.com\\\/site\\\/wp-content\\\/uploads\\\/2024\\\/09\\\/CGT-Mercedes-foto.jpeg\",\"keywords\":[\"cgt regional\",\"cgt regional mercedes\",\"politica\"],\"articleSection\":[\"Politica\"],\"inLanguage\":\"es\"},{\"@type\":\"WebPage\",\"@id\":\"https:\\\/\\\/noticiasmercedinas.com\\\/site\\\/2024\\\/10\\\/05\\\/la-cgt-regional-advierte-sobre-una-situacion-critica-vamos-a-un-derrumbe-total\\\/\",\"url\":\"https:\\\/\\\/noticiasmercedinas.com\\\/site\\\/2024\\\/10\\\/05\\\/la-cgt-regional-advierte-sobre-una-situacion-critica-vamos-a-un-derrumbe-total\\\/\",\"name\":\"La CGT Regional advierte sobre una situaci\u00f3n cr\u00edtica: \\\"Vamos a un derrumbe total\\\"\",\"isPartOf\":{\"@id\":\"https:\\\/\\\/noticiasmercedinas.com\\\/site\\\/#website\"},\"primaryImageOfPage\":{\"@id\":\"https:\\\/\\\/noticiasmercedinas.com\\\/site\\\/2024\\\/10\\\/05\\\/la-cgt-regional-advierte-sobre-una-situacion-critica-vamos-a-un-derrumbe-total\\\/#primaryimage\"},\"image\":{\"@id\":\"https:\\\/\\\/noticiasmercedinas.com\\\/site\\\/2024\\\/10\\\/05\\\/la-cgt-regional-advierte-sobre-una-situacion-critica-vamos-a-un-derrumbe-total\\\/#primaryimage\"},\"thumbnailUrl\":\"https:\\\/\\\/noticiasmercedinas.com\\\/site\\\/wp-content\\\/uploads\\\/2024\\\/09\\\/CGT-Mercedes-foto.jpeg\",\"datePublished\":\"2024-10-05T16:32:46+00:00\",\"breadcrumb\":{\"@id\":\"https:\\\/\\\/noticiasmercedinas.com\\\/site\\\/2024\\\/10\\\/05\\\/la-cgt-regional-advierte-sobre-una-situacion-critica-vamos-a-un-derrumbe-total\\\/#breadcrumb\"},\"inLanguage\":\"es\",\"potentialAction\":[{\"@type\":\"ReadAction\",\"target\":[\"https:\\\/\\\/noticiasmercedinas.com\\\/site\\\/2024\\\/10\\\/05\\\/la-cgt-regional-advierte-sobre-una-situacion-critica-vamos-a-un-derrumbe-total\\\/\"]}]},{\"@type\":\"ImageObject\",\"inLanguage\":\"es\",\"@id\":\"https:\\\/\\\/noticiasmercedinas.com\\\/site\\\/2024\\\/10\\\/05\\\/la-cgt-regional-advierte-sobre-una-situacion-critica-vamos-a-un-derrumbe-total\\\/#primaryimage\",\"url\":\"https:\\\/\\\/noticiasmercedinas.com\\\/site\\\/wp-content\\\/uploads\\\/2024\\\/09\\\/CGT-Mercedes-foto.jpeg\",\"contentUrl\":\"https:\\\/\\\/noticiasmercedinas.com\\\/site\\\/wp-content\\\/uploads\\\/2024\\\/09\\\/CGT-Mercedes-foto.jpeg\",\"width\":1600,\"height\":900},{\"@type\":\"BreadcrumbList\",\"@id\":\"https:\\\/\\\/noticiasmercedinas.com\\\/site\\\/2024\\\/10\\\/05\\\/la-cgt-regional-advierte-sobre-una-situacion-critica-vamos-a-un-derrumbe-total\\\/#breadcrumb\",\"itemListElement\":[{\"@type\":\"ListItem\",\"position\":1,\"name\":\"Portada\",\"item\":\"https:\\\/\\\/noticiasmercedinas.com\\\/site\\\/\"},{\"@type\":\"ListItem\",\"position\":2,\"name\":\"La CGT Regional advierte sobre una situaci\u00f3n cr\u00edtica: \u00abVamos a un derrumbe total\u00bb\"}]},{\"@type\":\"WebSite\",\"@id\":\"https:\\\/\\\/noticiasmercedinas.com\\\/site\\\/#website\",\"url\":\"https:\\\/\\\/noticiasmercedinas.com\\\/site\\\/\",\"name\":\"NOTICIASMERCEDINAS.COM\",\"description\":\"Mercedes, Buenos Aires, Argentina\",\"publisher\":{\"@id\":\"https:\\\/\\\/noticiasmercedinas.com\\\/site\\\/#organization\"},\"potentialAction\":[{\"@type\":\"SearchAction\",\"target\":{\"@type\":\"EntryPoint\",\"urlTemplate\":\"https:\\\/\\\/noticiasmercedinas.com\\\/site\\\/?s={search_term_string}\"},\"query-input\":{\"@type\":\"PropertyValueSpecification\",\"valueRequired\":true,\"valueName\":\"search_term_string\"}}],\"inLanguage\":\"es\"},{\"@type\":\"Organization\",\"@id\":\"https:\\\/\\\/noticiasmercedinas.com\\\/site\\\/#organization\",\"name\":\"NOTICIASMERCEDINAS.COM\",\"url\":\"https:\\\/\\\/noticiasmercedinas.com\\\/site\\\/\",\"logo\":{\"@type\":\"ImageObject\",\"inLanguage\":\"es\",\"@id\":\"https:\\\/\\\/noticiasmercedinas.com\\\/site\\\/#\\\/schema\\\/logo\\\/image\\\/\",\"url\":\"https:\\\/\\\/noticiasmercedinas.com\\\/site\\\/wp-content\\\/uploads\\\/2020\\\/06\\\/LOGO-512.jpg\",\"contentUrl\":\"https:\\\/\\\/noticiasmercedinas.com\\\/site\\\/wp-content\\\/uploads\\\/2020\\\/06\\\/LOGO-512.jpg\",\"width\":512,\"height\":512,\"caption\":\"NOTICIASMERCEDINAS.COM\"},\"image\":{\"@id\":\"https:\\\/\\\/noticiasmercedinas.com\\\/site\\\/#\\\/schema\\\/logo\\\/image\\\/\"},\"sameAs\":[\"https:\\\/\\\/www.facebook.com\\\/noticiasmercedinas\\\/\",\"https:\\\/\\\/x.com\\\/notmercedinas\",\"https:\\\/\\\/www.instagram.com\\\/noticiasmercedinas\\\/\"]},{\"@type\":\"Person\",\"@id\":\"https:\\\/\\\/noticiasmercedinas.com\\\/site\\\/#\\\/schema\\\/person\\\/84b59c099c28ff2e8b77d4ceec5d8063\",\"name\":\"NOTICIASMERCEDINAS.COM\",\"image\":{\"@type\":\"ImageObject\",\"inLanguage\":\"es\",\"@id\":\"https:\\\/\\\/secure.gravatar.com\\\/avatar\\\/4dfbf16b4d17945bfb6341b2d19043457132fcf478a5ee04f42e959fd8f5df0a?s=96&d=mm&r=g\",\"url\":\"https:\\\/\\\/secure.gravatar.com\\\/avatar\\\/4dfbf16b4d17945bfb6341b2d19043457132fcf478a5ee04f42e959fd8f5df0a?s=96&d=mm&r=g\",\"contentUrl\":\"https:\\\/\\\/secure.gravatar.com\\\/avatar\\\/4dfbf16b4d17945bfb6341b2d19043457132fcf478a5ee04f42e959fd8f5df0a?s=96&d=mm&r=g\",\"caption\":\"NOTICIASMERCEDINAS.COM\"},\"url\":\"https:\\\/\\\/noticiasmercedinas.com\\\/site\\\/author\\\/anonimo\\\/\"}]}<\/script>\n<!-- \/ Yoast SEO plugin. -->","yoast_head_json":{"title":"La CGT Regional advierte sobre una situaci\u00f3n cr\u00edtica: \"Vamos a un derrumbe total\"","robots":{"index":"index","follow":"follow","max-snippet":"max-snippet:-1","max-image-preview":"max-image-preview:large","max-video-preview":"max-video-preview:-1"},"canonical":"https:\/\/noticiasmercedinas.com\/site\/2024\/10\/05\/la-cgt-regional-advierte-sobre-una-situacion-critica-vamos-a-un-derrumbe-total\/","og_locale":"es_ES","og_type":"article","og_title":"La CGT Regional advierte sobre una situaci\u00f3n cr\u00edtica: \"Vamos a un derrumbe total\"","og_description":"\u25a0 Subrayan la frustraci\u00f3n tanto de aquellos que confiaron en las promesas de cambio como de quienes no lo hicieron, y propone abrir un canal de di\u00e1logo para construir una \"nueva realidad\".","og_url":"https:\/\/noticiasmercedinas.com\/site\/2024\/10\/05\/la-cgt-regional-advierte-sobre-una-situacion-critica-vamos-a-un-derrumbe-total\/","og_site_name":"NOTICIASMERCEDINAS.COM","article_publisher":"https:\/\/www.facebook.com\/noticiasmercedinas\/","article_published_time":"2024-10-05T16:32:46+00:00","og_image":[{"width":1600,"height":900,"url":"https:\/\/noticiasmercedinas.com\/site\/wp-content\/uploads\/2024\/09\/CGT-Mercedes-foto.jpeg","type":"image\/jpeg"}],"author":"NOTICIASMERCEDINAS.COM","twitter_card":"summary_large_image","twitter_creator":"@notmercedinas","twitter_site":"@notmercedinas","twitter_misc":{"Escrito por":"NOTICIASMERCEDINAS.COM","Tiempo de lectura":"3 minutos"},"schema":{"@context":"https:\/\/schema.org","@graph":[{"@type":"Article","@id":"https:\/\/noticiasmercedinas.com\/site\/2024\/10\/05\/la-cgt-regional-advierte-sobre-una-situacion-critica-vamos-a-un-derrumbe-total\/#article","isPartOf":{"@id":"https:\/\/noticiasmercedinas.com\/site\/2024\/10\/05\/la-cgt-regional-advierte-sobre-una-situacion-critica-vamos-a-un-derrumbe-total\/"},"author":{"name":"NOTICIASMERCEDINAS.COM","@id":"https:\/\/noticiasmercedinas.com\/site\/#\/schema\/person\/84b59c099c28ff2e8b77d4ceec5d8063"},"headline":"La CGT Regional advierte sobre una situaci\u00f3n cr\u00edtica: \u00abVamos a un derrumbe total\u00bb","datePublished":"2024-10-05T16:32:46+00:00","mainEntityOfPage":{"@id":"https:\/\/noticiasmercedinas.com\/site\/2024\/10\/05\/la-cgt-regional-advierte-sobre-una-situacion-critica-vamos-a-un-derrumbe-total\/"},"wordCount":607,"publisher":{"@id":"https:\/\/noticiasmercedinas.com\/site\/#organization"},"image":{"@id":"https:\/\/noticiasmercedinas.com\/site\/2024\/10\/05\/la-cgt-regional-advierte-sobre-una-situacion-critica-vamos-a-un-derrumbe-total\/#primaryimage"},"thumbnailUrl":"https:\/\/noticiasmercedinas.com\/site\/wp-content\/uploads\/2024\/09\/CGT-Mercedes-foto.jpeg","keywords":["cgt regional","cgt regional mercedes","politica"],"articleSection":["Politica"],"inLanguage":"es"},{"@type":"WebPage","@id":"https:\/\/noticiasmercedinas.com\/site\/2024\/10\/05\/la-cgt-regional-advierte-sobre-una-situacion-critica-vamos-a-un-derrumbe-total\/","url":"https:\/\/noticiasmercedinas.com\/site\/2024\/10\/05\/la-cgt-regional-advierte-sobre-una-situacion-critica-vamos-a-un-derrumbe-total\/","name":"La CGT Regional advierte sobre una situaci\u00f3n cr\u00edtica: \"Vamos a un derrumbe total\"","isPartOf":{"@id":"https:\/\/noticiasmercedinas.com\/site\/#website"},"primaryImageOfPage":{"@id":"https:\/\/noticiasmercedinas.com\/site\/2024\/10\/05\/la-cgt-regional-advierte-sobre-una-situacion-critica-vamos-a-un-derrumbe-total\/#primaryimage"},"image":{"@id":"https:\/\/noticiasmercedinas.com\/site\/2024\/10\/05\/la-cgt-regional-advierte-sobre-una-situacion-critica-vamos-a-un-derrumbe-total\/#primaryimage"},"thumbnailUrl":"https:\/\/noticiasmercedinas.com\/site\/wp-content\/uploads\/2024\/09\/CGT-Mercedes-foto.jpeg","datePublished":"2024-10-05T16:32:46+00:00","breadcrumb":{"@id":"https:\/\/noticiasmercedinas.com\/site\/2024\/10\/05\/la-cgt-regional-advierte-sobre-una-situacion-critica-vamos-a-un-derrumbe-total\/#breadcrumb"},"inLanguage":"es","potentialAction":[{"@type":"ReadAction","target":["https:\/\/noticiasmercedinas.com\/site\/2024\/10\/05\/la-cgt-regional-advierte-sobre-una-situacion-critica-vamos-a-un-derrumbe-total\/"]}]},{"@type":"ImageObject","inLanguage":"es","@id":"https:\/\/noticiasmercedinas.com\/site\/2024\/10\/05\/la-cgt-regional-advierte-sobre-una-situacion-critica-vamos-a-un-derrumbe-total\/#primaryimage","url":"https:\/\/noticiasmercedinas.com\/site\/wp-content\/uploads\/2024\/09\/CGT-Mercedes-foto.jpeg","contentUrl":"https:\/\/noticiasmercedinas.com\/site\/wp-content\/uploads\/2024\/09\/CGT-Mercedes-foto.jpeg","width":1600,"height":900},{"@type":"BreadcrumbList","@id":"https:\/\/noticiasmercedinas.com\/site\/2024\/10\/05\/la-cgt-regional-advierte-sobre-una-situacion-critica-vamos-a-un-derrumbe-total\/#breadcrumb","itemListElement":[{"@type":"ListItem","position":1,"name":"Portada","item":"https:\/\/noticiasmercedinas.com\/site\/"},{"@type":"ListItem","position":2,"name":"La CGT Regional advierte sobre una situaci\u00f3n cr\u00edtica: \u00abVamos a un derrumbe total\u00bb"}]},{"@type":"WebSite","@id":"https:\/\/noticiasmercedinas.com\/site\/#website","url":"https:\/\/noticiasmercedinas.com\/site\/","name":"NOTICIASMERCEDINAS.COM","description":"Mercedes, Buenos Aires, Argentina","publisher":{"@id":"https:\/\/noticiasmercedinas.com\/site\/#organization"},"potentialAction":[{"@type":"SearchAction","target":{"@type":"EntryPoint","urlTemplate":"https:\/\/noticiasmercedinas.com\/site\/?s={search_term_string}"},"query-input":{"@type":"PropertyValueSpecification","valueRequired":true,"valueName":"search_term_string"}}],"inLanguage":"es"},{"@type":"Organization","@id":"https:\/\/noticiasmercedinas.com\/site\/#organization","name":"NOTICIASMERCEDINAS.COM","url":"https:\/\/noticiasmercedinas.com\/site\/","logo":{"@type":"ImageObject","inLanguage":"es","@id":"https:\/\/noticiasmercedinas.com\/site\/#\/schema\/logo\/image\/","url":"https:\/\/noticiasmercedinas.com\/site\/wp-content\/uploads\/2020\/06\/LOGO-512.jpg","contentUrl":"https:\/\/noticiasmercedinas.com\/site\/wp-content\/uploads\/2020\/06\/LOGO-512.jpg","width":512,"height":512,"caption":"NOTICIASMERCEDINAS.COM"},"image":{"@id":"https:\/\/noticiasmercedinas.com\/site\/#\/schema\/logo\/image\/"},"sameAs":["https:\/\/www.facebook.com\/noticiasmercedinas\/","https:\/\/x.com\/notmercedinas","https:\/\/www.instagram.com\/noticiasmercedinas\/"]},{"@type":"Person","@id":"https:\/\/noticiasmercedinas.com\/site\/#\/schema\/person\/84b59c099c28ff2e8b77d4ceec5d8063","name":"NOTICIASMERCEDINAS.COM","image":{"@type":"ImageObject","inLanguage":"es","@id":"https:\/\/secure.gravatar.com\/avatar\/4dfbf16b4d17945bfb6341b2d19043457132fcf478a5ee04f42e959fd8f5df0a?s=96&d=mm&r=g","url":"https:\/\/secure.gravatar.com\/avatar\/4dfbf16b4d17945bfb6341b2d19043457132fcf478a5ee04f42e959fd8f5df0a?s=96&d=mm&r=g","contentUrl":"https:\/\/secure.gravatar.com\/avatar\/4dfbf16b4d17945bfb6341b2d19043457132fcf478a5ee04f42e959fd8f5df0a?s=96&d=mm&r=g","caption":"NOTICIASMERCEDINAS.COM"},"url":"https:\/\/noticiasmercedinas.com\/site\/author\/anonimo\/"}]}},"amp_enabled":true,"_links":{"self":[{"href":"https:\/\/noticiasmercedinas.com\/site\/wp-json\/wp\/v2\/posts\/145477","targetHints":{"allow":["GET"]}}],"collection":[{"href":"https:\/\/noticiasmercedinas.com\/site\/wp-json\/wp\/v2\/posts"}],"about":[{"href":"https:\/\/noticiasmercedinas.com\/site\/wp-json\/wp\/v2\/types\/post"}],"author":[{"embeddable":true,"href":"https:\/\/noticiasmercedinas.com\/site\/wp-json\/wp\/v2\/users\/16"}],"replies":[{"embeddable":true,"href":"https:\/\/noticiasmercedinas.com\/site\/wp-json\/wp\/v2\/comments?post=145477"}],"version-history":[{"count":1,"href":"https:\/\/noticiasmercedinas.com\/site\/wp-json\/wp\/v2\/posts\/145477\/revisions"}],"predecessor-version":[{"id":145478,"href":"https:\/\/noticiasmercedinas.com\/site\/wp-json\/wp\/v2\/posts\/145477\/revisions\/145478"}],"wp:featuredmedia":[{"embeddable":true,"href":"https:\/\/noticiasmercedinas.com\/site\/wp-json\/wp\/v2\/media\/143361"}],"wp:attachment":[{"href":"https:\/\/noticiasmercedinas.com\/site\/wp-json\/wp\/v2\/media?parent=145477"}],"wp:term":[{"taxonomy":"category","embeddable":true,"href":"https:\/\/noticiasmercedinas.com\/site\/wp-json\/wp\/v2\/categories?post=145477"},{"taxonomy":"post_tag","embeddable":true,"href":"https:\/\/noticiasmercedinas.com\/site\/wp-json\/wp\/v2\/tags?post=145477"}],"curies":[{"name":"wp","href":"https:\/\/api.w.org\/{rel}","templated":true}]}}