{"id":145610,"date":"2024-10-07T09:51:58","date_gmt":"2024-10-07T12:51:58","guid":{"rendered":"https:\/\/noticiasmercedinas.com\/site\/?p=145610"},"modified":"2024-10-07T09:51:58","modified_gmt":"2024-10-07T12:51:58","slug":"pro-arte-mercedes-presenta-al-joven-pianista-joaquin-oliva-uberuaga","status":"publish","type":"post","link":"https:\/\/noticiasmercedinas.com\/site\/2024\/10\/07\/pro-arte-mercedes-presenta-al-joven-pianista-joaquin-oliva-uberuaga\/","title":{"rendered":"Pro Arte Mercedes presenta al joven pianista Joaqu\u00edn Oliva Uberuaga"},"content":{"rendered":"<p><img loading=\"lazy\" decoding=\"async\" class=\"alignnone size-full wp-image-145611\" src=\"https:\/\/noticiasmercedinas.com\/site\/wp-content\/uploads\/2024\/10\/a512cd27-dded-45ce-be47-eefbf2f43544.jpeg\" alt=\"\" width=\"1280\" height=\"1280\" srcset=\"https:\/\/noticiasmercedinas.com\/site\/wp-content\/uploads\/2024\/10\/a512cd27-dded-45ce-be47-eefbf2f43544.jpeg 1280w, https:\/\/noticiasmercedinas.com\/site\/wp-content\/uploads\/2024\/10\/a512cd27-dded-45ce-be47-eefbf2f43544-300x300.jpeg 300w, https:\/\/noticiasmercedinas.com\/site\/wp-content\/uploads\/2024\/10\/a512cd27-dded-45ce-be47-eefbf2f43544-1024x1024.jpeg 1024w, https:\/\/noticiasmercedinas.com\/site\/wp-content\/uploads\/2024\/10\/a512cd27-dded-45ce-be47-eefbf2f43544-150x150.jpeg 150w, https:\/\/noticiasmercedinas.com\/site\/wp-content\/uploads\/2024\/10\/a512cd27-dded-45ce-be47-eefbf2f43544-768x768.jpeg 768w, https:\/\/noticiasmercedinas.com\/site\/wp-content\/uploads\/2024\/10\/a512cd27-dded-45ce-be47-eefbf2f43544-640x640.jpeg 640w, https:\/\/noticiasmercedinas.com\/site\/wp-content\/uploads\/2024\/10\/a512cd27-dded-45ce-be47-eefbf2f43544-681x681.jpeg 681w\" sizes=\"auto, (max-width: 1280px) 100vw, 1280px\" \/><\/p>\n<p>El s\u00e1bado 12 de octubre a las 20:00, en su \u201cConcierto de Primavera\u201d, Pro Arte Mercedes \u2013 Centro de Egresados del Colegio Nacional Florentino Ameghino \u2013 presenta al joven y talentoso pianista <strong>Joaqu\u00edn Oliva Uberuaga<\/strong>.<\/p>\n<p>Joaqu\u00edn Oliva Uberuaga naci\u00f3 en Mar del Plata en 2009. Comenz\u00f3 sus estudios musicales a los 4 a\u00f1os, continu\u00e1ndolos con la profesora Marta Evelia Scafoglio y, desde el a\u00f1o 2018, se perfecciona pian\u00edsticamente con el maestro Marcelo Balat. Desde 2019 estudia audioperceptiva, an\u00e1lisis musical, armon\u00eda, contrapunto y composici\u00f3n con la profesora Graciela Tarchini.<\/p>\n<p>En 2017 fue seleccionado por concurso p\u00fablico para participar del curso trienal de piano del CEP, a cargo del maestro Marcelo Balat. En 2018 gan\u00f3 la Beca del Fondo Nacional de las Artes y se hizo acreedor de la beca en el Colegio IDRA, al que asiste. Entre los a\u00f1os 2020 y 2022 fue becado por el Mozarteum Argentino. Ha participado en masterclasses dictadas por Ingrid Fliter, Kamal Khan, Myriam Conti, Maxime Zecchini, Aristo Sham, Miceal O&#8217;Rourke y Fernando P\u00e9rez.<\/p>\n<p>En 2020 obtuvo el segundo premio y el premio a la mejor interpretaci\u00f3n de una obra latinoamericana, en su categor\u00eda, en el Concurso Latinoamericano de Piano \u201cAm\u00e9rica para Todos\u201d. En 2023 fue premiado en el Concurso de Int\u00e9rpretes \u00abDr. Tilo Rajneri\u00bb.<\/p>\n<p>A los nueve a\u00f1os, debut\u00f3 como solista en el Teatro Col\u00f3n de Mar del Plata. En 2019, a los 10 a\u00f1os, debut\u00f3 con orquesta interpretando el Concierto en Fa menor, BWV 1056, de Johann Sebastian Bach y realiz\u00f3 su primera gira, debutando en el Teatro Espa\u00f1ol de Azul con la Orquesta Sinf\u00f3nica de Olavarr\u00eda \u201cMario Patan\u00e9\u201d. Con la misma orquesta se present\u00f3 m\u00e1s tarde en el Teatro Municipal de Olavarr\u00eda y, finalmente, en el Teatro Col\u00f3n de Mar del Plata con la Orquesta Sinf\u00f3nica Municipal de dicha ciudad, dirigida por el maestro Diego Lurbe.<\/p>\n<p><iframe loading=\"lazy\" title=\"Entrevista  exclusiva de Susana Spano, en Radio F\u00e9nix, a Joaqu\u00edn Oliva Uberuaga\" width=\"640\" height=\"480\" src=\"https:\/\/www.youtube.com\/embed\/FKFnwjqxTBE?feature=oembed\" frameborder=\"0\" allow=\"accelerometer; autoplay; clipboard-write; encrypted-media; gyroscope; picture-in-picture; web-share\" referrerpolicy=\"strict-origin-when-cross-origin\" allowfullscreen><\/iframe><\/p>\n<p>Se ha presentado en Argentina, en diversas salas: Teatro Col\u00f3n de Mar del Plata, Conservatorio de M\u00fasica Juli\u00e1n Aguirre, Fundaci\u00f3n Beethoven, en el ciclo de conciertos del Mozarteum de Tandil, y el 7 de marzo de 2024, en el prestigioso ciclo de conciertos \u201cSemana Musical Llao Llao\u201d, celebrado en Bariloche en el Hotel Llao Llao.<\/p>\n<p>En abril de 2024 interpret\u00f3, con la Orquesta Sinf\u00f3nica de Olavarr\u00eda, el Concierto N.\u00ba 1 de Ludwig van Beethoven, bajo la direcci\u00f3n del maestro Diego Lurbe.<\/p>\n<p>Pr\u00f3ximamente se presentar\u00e1 en Misiones con la Orquesta del Centro del Conocimiento, interpretando los conciertos N\u00ba 1 de Beethoven y el Concierto N.\u00ba 1 de Franz Liszt, bajo la direcci\u00f3n del maestro Emilio Rocholl, y posteriormente con la Orquesta Sinf\u00f3nica de la Fundaci\u00f3n Cultural Patagonia en R\u00edo Negro, donde interpretar\u00e1 el Concierto N\u00ba 1 de Beethoven, dirigido por el maestro Fabrizio Danei.<\/p>\n<p>El 12 de octubre, Joaqu\u00edn Oliva Uberuaga interpretar\u00e1 el siguiente programa:<\/p>\n<ul>\n<li>Mozart &#8211; Sonata N.\u00ba 2 en Fa mayor, K.280 I. Allegro assai II. Adagio III. Presto<\/li>\n<li>Brahms &#8211; Variaciones sobre un tema de H\u00e4ndel, Op. 24<\/li>\n<li>Debussy &#8211; Im\u00e1genes Libro I:<br \/>\nReflejos en el agua<br \/>\nHomenaje a Rameau<br \/>\nMovimiento<\/li>\n<li>Gounod\/Liszt &#8211; Vals de la \u00f3pera <em>Fausto<\/em><\/li>\n<\/ul>\n","protected":false},"excerpt":{"rendered":"<p>\u25a0 Interpretar\u00e1 a Mozart, Brahms, Debussy y LIszt. Ser\u00e1 12 de octubre a las 20:00, en su \u201cConcierto de Primavera\u201d, en dependencias del ex Colegio Nacional de Mercedes<\/p>\n","protected":false},"author":24,"featured_media":145611,"comment_status":"closed","ping_status":"closed","sticky":false,"template":"","format":"standard","meta":{"footnotes":""},"categories":[4],"tags":[18932,5218,614],"class_list":["post-145610","post","type-post","status-publish","format-standard","has-post-thumbnail","hentry","category-cultura","tag-joaquin-oliva-uberuaga","tag-piano","tag-pro-arte"],"yoast_head":"<!-- This site is optimized with the Yoast SEO plugin v27.4 - https:\/\/yoast.com\/product\/yoast-seo-wordpress\/ -->\n<title>Pro Arte Mercedes presenta al joven pianista Joaqu\u00edn Oliva Uberuaga<\/title>\n<meta name=\"robots\" content=\"index, follow, max-snippet:-1, max-image-preview:large, max-video-preview:-1\" \/>\n<link rel=\"canonical\" href=\"https:\/\/noticiasmercedinas.com\/site\/2024\/10\/07\/pro-arte-mercedes-presenta-al-joven-pianista-joaquin-oliva-uberuaga\/\" \/>\n<meta property=\"og:locale\" content=\"es_ES\" \/>\n<meta property=\"og:type\" content=\"article\" \/>\n<meta property=\"og:title\" content=\"Pro Arte Mercedes presenta al joven pianista Joaqu\u00edn Oliva Uberuaga\" \/>\n<meta property=\"og:description\" content=\"\u25a0 Interpretar\u00e1 a Mozart, Brahms, Debussy y LIszt. Ser\u00e1 12 de octubre a las 20:00, en su \u201cConcierto de Primavera\u201d, en dependencias del ex Colegio Nacional de Mercedes\" \/>\n<meta property=\"og:url\" content=\"https:\/\/noticiasmercedinas.com\/site\/2024\/10\/07\/pro-arte-mercedes-presenta-al-joven-pianista-joaquin-oliva-uberuaga\/\" \/>\n<meta property=\"og:site_name\" content=\"NOTICIASMERCEDINAS.COM\" \/>\n<meta property=\"article:publisher\" content=\"https:\/\/www.facebook.com\/noticiasmercedinas\/\" \/>\n<meta property=\"article:published_time\" content=\"2024-10-07T12:51:58+00:00\" \/>\n<meta property=\"og:image\" content=\"https:\/\/noticiasmercedinas.com\/site\/wp-content\/uploads\/2024\/10\/a512cd27-dded-45ce-be47-eefbf2f43544.jpeg\" \/>\n\t<meta property=\"og:image:width\" content=\"1280\" \/>\n\t<meta property=\"og:image:height\" content=\"1280\" \/>\n\t<meta property=\"og:image:type\" content=\"image\/jpeg\" \/>\n<meta name=\"author\" content=\"Susana Spano\" \/>\n<meta name=\"twitter:card\" content=\"summary_large_image\" \/>\n<meta name=\"twitter:creator\" content=\"@notmercedinas\" \/>\n<meta name=\"twitter:site\" content=\"@notmercedinas\" \/>\n<meta name=\"twitter:label1\" content=\"Escrito por\" \/>\n\t<meta name=\"twitter:data1\" content=\"Susana Spano\" \/>\n\t<meta name=\"twitter:label2\" content=\"Tiempo de lectura\" \/>\n\t<meta name=\"twitter:data2\" content=\"3 minutos\" \/>\n<script type=\"application\/ld+json\" class=\"yoast-schema-graph\">{\"@context\":\"https:\\\/\\\/schema.org\",\"@graph\":[{\"@type\":\"Article\",\"@id\":\"https:\\\/\\\/noticiasmercedinas.com\\\/site\\\/2024\\\/10\\\/07\\\/pro-arte-mercedes-presenta-al-joven-pianista-joaquin-oliva-uberuaga\\\/#article\",\"isPartOf\":{\"@id\":\"https:\\\/\\\/noticiasmercedinas.com\\\/site\\\/2024\\\/10\\\/07\\\/pro-arte-mercedes-presenta-al-joven-pianista-joaquin-oliva-uberuaga\\\/\"},\"author\":{\"name\":\"Susana Spano\",\"@id\":\"https:\\\/\\\/noticiasmercedinas.com\\\/site\\\/#\\\/schema\\\/person\\\/6c6decb6bf2ace51790c3ae1860466d7\"},\"headline\":\"Pro Arte Mercedes presenta al joven pianista Joaqu\u00edn Oliva Uberuaga\",\"datePublished\":\"2024-10-07T12:51:58+00:00\",\"mainEntityOfPage\":{\"@id\":\"https:\\\/\\\/noticiasmercedinas.com\\\/site\\\/2024\\\/10\\\/07\\\/pro-arte-mercedes-presenta-al-joven-pianista-joaquin-oliva-uberuaga\\\/\"},\"wordCount\":538,\"publisher\":{\"@id\":\"https:\\\/\\\/noticiasmercedinas.com\\\/site\\\/#organization\"},\"image\":{\"@id\":\"https:\\\/\\\/noticiasmercedinas.com\\\/site\\\/2024\\\/10\\\/07\\\/pro-arte-mercedes-presenta-al-joven-pianista-joaquin-oliva-uberuaga\\\/#primaryimage\"},\"thumbnailUrl\":\"https:\\\/\\\/noticiasmercedinas.com\\\/site\\\/wp-content\\\/uploads\\\/2024\\\/10\\\/a512cd27-dded-45ce-be47-eefbf2f43544.jpeg\",\"keywords\":[\"Joaqu\u00edn Oliva Uberuaga\",\"piano\",\"pro arte\"],\"articleSection\":[\"Cultura\"],\"inLanguage\":\"es\"},{\"@type\":\"WebPage\",\"@id\":\"https:\\\/\\\/noticiasmercedinas.com\\\/site\\\/2024\\\/10\\\/07\\\/pro-arte-mercedes-presenta-al-joven-pianista-joaquin-oliva-uberuaga\\\/\",\"url\":\"https:\\\/\\\/noticiasmercedinas.com\\\/site\\\/2024\\\/10\\\/07\\\/pro-arte-mercedes-presenta-al-joven-pianista-joaquin-oliva-uberuaga\\\/\",\"name\":\"Pro Arte Mercedes presenta al joven pianista Joaqu\u00edn Oliva Uberuaga\",\"isPartOf\":{\"@id\":\"https:\\\/\\\/noticiasmercedinas.com\\\/site\\\/#website\"},\"primaryImageOfPage\":{\"@id\":\"https:\\\/\\\/noticiasmercedinas.com\\\/site\\\/2024\\\/10\\\/07\\\/pro-arte-mercedes-presenta-al-joven-pianista-joaquin-oliva-uberuaga\\\/#primaryimage\"},\"image\":{\"@id\":\"https:\\\/\\\/noticiasmercedinas.com\\\/site\\\/2024\\\/10\\\/07\\\/pro-arte-mercedes-presenta-al-joven-pianista-joaquin-oliva-uberuaga\\\/#primaryimage\"},\"thumbnailUrl\":\"https:\\\/\\\/noticiasmercedinas.com\\\/site\\\/wp-content\\\/uploads\\\/2024\\\/10\\\/a512cd27-dded-45ce-be47-eefbf2f43544.jpeg\",\"datePublished\":\"2024-10-07T12:51:58+00:00\",\"breadcrumb\":{\"@id\":\"https:\\\/\\\/noticiasmercedinas.com\\\/site\\\/2024\\\/10\\\/07\\\/pro-arte-mercedes-presenta-al-joven-pianista-joaquin-oliva-uberuaga\\\/#breadcrumb\"},\"inLanguage\":\"es\",\"potentialAction\":[{\"@type\":\"ReadAction\",\"target\":[\"https:\\\/\\\/noticiasmercedinas.com\\\/site\\\/2024\\\/10\\\/07\\\/pro-arte-mercedes-presenta-al-joven-pianista-joaquin-oliva-uberuaga\\\/\"]}]},{\"@type\":\"ImageObject\",\"inLanguage\":\"es\",\"@id\":\"https:\\\/\\\/noticiasmercedinas.com\\\/site\\\/2024\\\/10\\\/07\\\/pro-arte-mercedes-presenta-al-joven-pianista-joaquin-oliva-uberuaga\\\/#primaryimage\",\"url\":\"https:\\\/\\\/noticiasmercedinas.com\\\/site\\\/wp-content\\\/uploads\\\/2024\\\/10\\\/a512cd27-dded-45ce-be47-eefbf2f43544.jpeg\",\"contentUrl\":\"https:\\\/\\\/noticiasmercedinas.com\\\/site\\\/wp-content\\\/uploads\\\/2024\\\/10\\\/a512cd27-dded-45ce-be47-eefbf2f43544.jpeg\",\"width\":1280,\"height\":1280},{\"@type\":\"BreadcrumbList\",\"@id\":\"https:\\\/\\\/noticiasmercedinas.com\\\/site\\\/2024\\\/10\\\/07\\\/pro-arte-mercedes-presenta-al-joven-pianista-joaquin-oliva-uberuaga\\\/#breadcrumb\",\"itemListElement\":[{\"@type\":\"ListItem\",\"position\":1,\"name\":\"Portada\",\"item\":\"https:\\\/\\\/noticiasmercedinas.com\\\/site\\\/\"},{\"@type\":\"ListItem\",\"position\":2,\"name\":\"Pro Arte Mercedes presenta al joven pianista Joaqu\u00edn Oliva Uberuaga\"}]},{\"@type\":\"WebSite\",\"@id\":\"https:\\\/\\\/noticiasmercedinas.com\\\/site\\\/#website\",\"url\":\"https:\\\/\\\/noticiasmercedinas.com\\\/site\\\/\",\"name\":\"NOTICIASMERCEDINAS.COM\",\"description\":\"Mercedes, Buenos Aires, Argentina\",\"publisher\":{\"@id\":\"https:\\\/\\\/noticiasmercedinas.com\\\/site\\\/#organization\"},\"potentialAction\":[{\"@type\":\"SearchAction\",\"target\":{\"@type\":\"EntryPoint\",\"urlTemplate\":\"https:\\\/\\\/noticiasmercedinas.com\\\/site\\\/?s={search_term_string}\"},\"query-input\":{\"@type\":\"PropertyValueSpecification\",\"valueRequired\":true,\"valueName\":\"search_term_string\"}}],\"inLanguage\":\"es\"},{\"@type\":\"Organization\",\"@id\":\"https:\\\/\\\/noticiasmercedinas.com\\\/site\\\/#organization\",\"name\":\"NOTICIASMERCEDINAS.COM\",\"url\":\"https:\\\/\\\/noticiasmercedinas.com\\\/site\\\/\",\"logo\":{\"@type\":\"ImageObject\",\"inLanguage\":\"es\",\"@id\":\"https:\\\/\\\/noticiasmercedinas.com\\\/site\\\/#\\\/schema\\\/logo\\\/image\\\/\",\"url\":\"https:\\\/\\\/noticiasmercedinas.com\\\/site\\\/wp-content\\\/uploads\\\/2020\\\/06\\\/LOGO-512.jpg\",\"contentUrl\":\"https:\\\/\\\/noticiasmercedinas.com\\\/site\\\/wp-content\\\/uploads\\\/2020\\\/06\\\/LOGO-512.jpg\",\"width\":512,\"height\":512,\"caption\":\"NOTICIASMERCEDINAS.COM\"},\"image\":{\"@id\":\"https:\\\/\\\/noticiasmercedinas.com\\\/site\\\/#\\\/schema\\\/logo\\\/image\\\/\"},\"sameAs\":[\"https:\\\/\\\/www.facebook.com\\\/noticiasmercedinas\\\/\",\"https:\\\/\\\/x.com\\\/notmercedinas\",\"https:\\\/\\\/www.instagram.com\\\/noticiasmercedinas\\\/\"]},{\"@type\":\"Person\",\"@id\":\"https:\\\/\\\/noticiasmercedinas.com\\\/site\\\/#\\\/schema\\\/person\\\/6c6decb6bf2ace51790c3ae1860466d7\",\"name\":\"Susana Spano\",\"image\":{\"@type\":\"ImageObject\",\"inLanguage\":\"es\",\"@id\":\"https:\\\/\\\/secure.gravatar.com\\\/avatar\\\/8b943981637969c1ccbbca2f9b95cbe5dac8e434c0c759eef9552e95d86c38f4?s=96&d=mm&r=g\",\"url\":\"https:\\\/\\\/secure.gravatar.com\\\/avatar\\\/8b943981637969c1ccbbca2f9b95cbe5dac8e434c0c759eef9552e95d86c38f4?s=96&d=mm&r=g\",\"contentUrl\":\"https:\\\/\\\/secure.gravatar.com\\\/avatar\\\/8b943981637969c1ccbbca2f9b95cbe5dac8e434c0c759eef9552e95d86c38f4?s=96&d=mm&r=g\",\"caption\":\"Susana Spano\"},\"url\":\"https:\\\/\\\/noticiasmercedinas.com\\\/site\\\/author\\\/susana-spano\\\/\"}]}<\/script>\n<!-- \/ Yoast SEO plugin. -->","yoast_head_json":{"title":"Pro Arte Mercedes presenta al joven pianista Joaqu\u00edn Oliva Uberuaga","robots":{"index":"index","follow":"follow","max-snippet":"max-snippet:-1","max-image-preview":"max-image-preview:large","max-video-preview":"max-video-preview:-1"},"canonical":"https:\/\/noticiasmercedinas.com\/site\/2024\/10\/07\/pro-arte-mercedes-presenta-al-joven-pianista-joaquin-oliva-uberuaga\/","og_locale":"es_ES","og_type":"article","og_title":"Pro Arte Mercedes presenta al joven pianista Joaqu\u00edn Oliva Uberuaga","og_description":"\u25a0 Interpretar\u00e1 a Mozart, Brahms, Debussy y LIszt. Ser\u00e1 12 de octubre a las 20:00, en su \u201cConcierto de Primavera\u201d, en dependencias del ex Colegio Nacional de Mercedes","og_url":"https:\/\/noticiasmercedinas.com\/site\/2024\/10\/07\/pro-arte-mercedes-presenta-al-joven-pianista-joaquin-oliva-uberuaga\/","og_site_name":"NOTICIASMERCEDINAS.COM","article_publisher":"https:\/\/www.facebook.com\/noticiasmercedinas\/","article_published_time":"2024-10-07T12:51:58+00:00","og_image":[{"width":1280,"height":1280,"url":"https:\/\/noticiasmercedinas.com\/site\/wp-content\/uploads\/2024\/10\/a512cd27-dded-45ce-be47-eefbf2f43544.jpeg","type":"image\/jpeg"}],"author":"Susana Spano","twitter_card":"summary_large_image","twitter_creator":"@notmercedinas","twitter_site":"@notmercedinas","twitter_misc":{"Escrito por":"Susana Spano","Tiempo de lectura":"3 minutos"},"schema":{"@context":"https:\/\/schema.org","@graph":[{"@type":"Article","@id":"https:\/\/noticiasmercedinas.com\/site\/2024\/10\/07\/pro-arte-mercedes-presenta-al-joven-pianista-joaquin-oliva-uberuaga\/#article","isPartOf":{"@id":"https:\/\/noticiasmercedinas.com\/site\/2024\/10\/07\/pro-arte-mercedes-presenta-al-joven-pianista-joaquin-oliva-uberuaga\/"},"author":{"name":"Susana Spano","@id":"https:\/\/noticiasmercedinas.com\/site\/#\/schema\/person\/6c6decb6bf2ace51790c3ae1860466d7"},"headline":"Pro Arte Mercedes presenta al joven pianista Joaqu\u00edn Oliva Uberuaga","datePublished":"2024-10-07T12:51:58+00:00","mainEntityOfPage":{"@id":"https:\/\/noticiasmercedinas.com\/site\/2024\/10\/07\/pro-arte-mercedes-presenta-al-joven-pianista-joaquin-oliva-uberuaga\/"},"wordCount":538,"publisher":{"@id":"https:\/\/noticiasmercedinas.com\/site\/#organization"},"image":{"@id":"https:\/\/noticiasmercedinas.com\/site\/2024\/10\/07\/pro-arte-mercedes-presenta-al-joven-pianista-joaquin-oliva-uberuaga\/#primaryimage"},"thumbnailUrl":"https:\/\/noticiasmercedinas.com\/site\/wp-content\/uploads\/2024\/10\/a512cd27-dded-45ce-be47-eefbf2f43544.jpeg","keywords":["Joaqu\u00edn Oliva Uberuaga","piano","pro arte"],"articleSection":["Cultura"],"inLanguage":"es"},{"@type":"WebPage","@id":"https:\/\/noticiasmercedinas.com\/site\/2024\/10\/07\/pro-arte-mercedes-presenta-al-joven-pianista-joaquin-oliva-uberuaga\/","url":"https:\/\/noticiasmercedinas.com\/site\/2024\/10\/07\/pro-arte-mercedes-presenta-al-joven-pianista-joaquin-oliva-uberuaga\/","name":"Pro Arte Mercedes presenta al joven pianista Joaqu\u00edn Oliva Uberuaga","isPartOf":{"@id":"https:\/\/noticiasmercedinas.com\/site\/#website"},"primaryImageOfPage":{"@id":"https:\/\/noticiasmercedinas.com\/site\/2024\/10\/07\/pro-arte-mercedes-presenta-al-joven-pianista-joaquin-oliva-uberuaga\/#primaryimage"},"image":{"@id":"https:\/\/noticiasmercedinas.com\/site\/2024\/10\/07\/pro-arte-mercedes-presenta-al-joven-pianista-joaquin-oliva-uberuaga\/#primaryimage"},"thumbnailUrl":"https:\/\/noticiasmercedinas.com\/site\/wp-content\/uploads\/2024\/10\/a512cd27-dded-45ce-be47-eefbf2f43544.jpeg","datePublished":"2024-10-07T12:51:58+00:00","breadcrumb":{"@id":"https:\/\/noticiasmercedinas.com\/site\/2024\/10\/07\/pro-arte-mercedes-presenta-al-joven-pianista-joaquin-oliva-uberuaga\/#breadcrumb"},"inLanguage":"es","potentialAction":[{"@type":"ReadAction","target":["https:\/\/noticiasmercedinas.com\/site\/2024\/10\/07\/pro-arte-mercedes-presenta-al-joven-pianista-joaquin-oliva-uberuaga\/"]}]},{"@type":"ImageObject","inLanguage":"es","@id":"https:\/\/noticiasmercedinas.com\/site\/2024\/10\/07\/pro-arte-mercedes-presenta-al-joven-pianista-joaquin-oliva-uberuaga\/#primaryimage","url":"https:\/\/noticiasmercedinas.com\/site\/wp-content\/uploads\/2024\/10\/a512cd27-dded-45ce-be47-eefbf2f43544.jpeg","contentUrl":"https:\/\/noticiasmercedinas.com\/site\/wp-content\/uploads\/2024\/10\/a512cd27-dded-45ce-be47-eefbf2f43544.jpeg","width":1280,"height":1280},{"@type":"BreadcrumbList","@id":"https:\/\/noticiasmercedinas.com\/site\/2024\/10\/07\/pro-arte-mercedes-presenta-al-joven-pianista-joaquin-oliva-uberuaga\/#breadcrumb","itemListElement":[{"@type":"ListItem","position":1,"name":"Portada","item":"https:\/\/noticiasmercedinas.com\/site\/"},{"@type":"ListItem","position":2,"name":"Pro Arte Mercedes presenta al joven pianista Joaqu\u00edn Oliva Uberuaga"}]},{"@type":"WebSite","@id":"https:\/\/noticiasmercedinas.com\/site\/#website","url":"https:\/\/noticiasmercedinas.com\/site\/","name":"NOTICIASMERCEDINAS.COM","description":"Mercedes, Buenos Aires, Argentina","publisher":{"@id":"https:\/\/noticiasmercedinas.com\/site\/#organization"},"potentialAction":[{"@type":"SearchAction","target":{"@type":"EntryPoint","urlTemplate":"https:\/\/noticiasmercedinas.com\/site\/?s={search_term_string}"},"query-input":{"@type":"PropertyValueSpecification","valueRequired":true,"valueName":"search_term_string"}}],"inLanguage":"es"},{"@type":"Organization","@id":"https:\/\/noticiasmercedinas.com\/site\/#organization","name":"NOTICIASMERCEDINAS.COM","url":"https:\/\/noticiasmercedinas.com\/site\/","logo":{"@type":"ImageObject","inLanguage":"es","@id":"https:\/\/noticiasmercedinas.com\/site\/#\/schema\/logo\/image\/","url":"https:\/\/noticiasmercedinas.com\/site\/wp-content\/uploads\/2020\/06\/LOGO-512.jpg","contentUrl":"https:\/\/noticiasmercedinas.com\/site\/wp-content\/uploads\/2020\/06\/LOGO-512.jpg","width":512,"height":512,"caption":"NOTICIASMERCEDINAS.COM"},"image":{"@id":"https:\/\/noticiasmercedinas.com\/site\/#\/schema\/logo\/image\/"},"sameAs":["https:\/\/www.facebook.com\/noticiasmercedinas\/","https:\/\/x.com\/notmercedinas","https:\/\/www.instagram.com\/noticiasmercedinas\/"]},{"@type":"Person","@id":"https:\/\/noticiasmercedinas.com\/site\/#\/schema\/person\/6c6decb6bf2ace51790c3ae1860466d7","name":"Susana Spano","image":{"@type":"ImageObject","inLanguage":"es","@id":"https:\/\/secure.gravatar.com\/avatar\/8b943981637969c1ccbbca2f9b95cbe5dac8e434c0c759eef9552e95d86c38f4?s=96&d=mm&r=g","url":"https:\/\/secure.gravatar.com\/avatar\/8b943981637969c1ccbbca2f9b95cbe5dac8e434c0c759eef9552e95d86c38f4?s=96&d=mm&r=g","contentUrl":"https:\/\/secure.gravatar.com\/avatar\/8b943981637969c1ccbbca2f9b95cbe5dac8e434c0c759eef9552e95d86c38f4?s=96&d=mm&r=g","caption":"Susana Spano"},"url":"https:\/\/noticiasmercedinas.com\/site\/author\/susana-spano\/"}]}},"amp_enabled":true,"_links":{"self":[{"href":"https:\/\/noticiasmercedinas.com\/site\/wp-json\/wp\/v2\/posts\/145610","targetHints":{"allow":["GET"]}}],"collection":[{"href":"https:\/\/noticiasmercedinas.com\/site\/wp-json\/wp\/v2\/posts"}],"about":[{"href":"https:\/\/noticiasmercedinas.com\/site\/wp-json\/wp\/v2\/types\/post"}],"author":[{"embeddable":true,"href":"https:\/\/noticiasmercedinas.com\/site\/wp-json\/wp\/v2\/users\/24"}],"replies":[{"embeddable":true,"href":"https:\/\/noticiasmercedinas.com\/site\/wp-json\/wp\/v2\/comments?post=145610"}],"version-history":[{"count":1,"href":"https:\/\/noticiasmercedinas.com\/site\/wp-json\/wp\/v2\/posts\/145610\/revisions"}],"predecessor-version":[{"id":145612,"href":"https:\/\/noticiasmercedinas.com\/site\/wp-json\/wp\/v2\/posts\/145610\/revisions\/145612"}],"wp:featuredmedia":[{"embeddable":true,"href":"https:\/\/noticiasmercedinas.com\/site\/wp-json\/wp\/v2\/media\/145611"}],"wp:attachment":[{"href":"https:\/\/noticiasmercedinas.com\/site\/wp-json\/wp\/v2\/media?parent=145610"}],"wp:term":[{"taxonomy":"category","embeddable":true,"href":"https:\/\/noticiasmercedinas.com\/site\/wp-json\/wp\/v2\/categories?post=145610"},{"taxonomy":"post_tag","embeddable":true,"href":"https:\/\/noticiasmercedinas.com\/site\/wp-json\/wp\/v2\/tags?post=145610"}],"curies":[{"name":"wp","href":"https:\/\/api.w.org\/{rel}","templated":true}]}}