{"id":145641,"date":"2024-10-07T13:14:44","date_gmt":"2024-10-07T16:14:44","guid":{"rendered":"https:\/\/noticiasmercedinas.com\/site\/?p=145641"},"modified":"2024-10-08T21:23:54","modified_gmt":"2024-10-09T00:23:54","slug":"agradecimiento-de-la-libertad-avanza-mercedes-a-la-diputada-nacional-alida-ferreyra","status":"publish","type":"post","link":"https:\/\/noticiasmercedinas.com\/site\/2024\/10\/07\/agradecimiento-de-la-libertad-avanza-mercedes-a-la-diputada-nacional-alida-ferreyra\/","title":{"rendered":"Agradecimiento de La Libertad Avanza Mercedes a la Diputada Nacional Alida Ferreyra"},"content":{"rendered":"<p><img loading=\"lazy\" decoding=\"async\" class=\"alignnone size-full wp-image-145643\" src=\"https:\/\/noticiasmercedinas.com\/site\/wp-content\/uploads\/2024\/10\/Screenshot_20241007-125206.jpg\" alt=\"\" width=\"692\" height=\"504\" srcset=\"https:\/\/noticiasmercedinas.com\/site\/wp-content\/uploads\/2024\/10\/Screenshot_20241007-125206.jpg 692w, https:\/\/noticiasmercedinas.com\/site\/wp-content\/uploads\/2024\/10\/Screenshot_20241007-125206-300x218.jpg 300w, https:\/\/noticiasmercedinas.com\/site\/wp-content\/uploads\/2024\/10\/Screenshot_20241007-125206-640x466.jpg 640w, https:\/\/noticiasmercedinas.com\/site\/wp-content\/uploads\/2024\/10\/Screenshot_20241007-125206-681x496.jpg 681w\" sizes=\"auto, (max-width: 692px) 100vw, 692px\" \/><\/p>\n<p>El pasado viernes 4 de octubre, la agrupaci\u00f3n 9 de Julio de La Libertad Avanza de Mercedes, Buenos Aires, recibi\u00f3 la visita de la diputada nacional <strong>Alida Ferreyra<\/strong>, en un encuentro organizado por <strong>Gustavo Sano<\/strong> y <strong>Nahuel Torres<\/strong> destinado a agradecer su apoyo y compartir un momento con los vecinos que acompa\u00f1aron la actividad en Parque Lezama junto al presidente <strong>Javier Milei<\/strong>.<\/p>\n<p>El evento, que incluy\u00f3 un asado con pollo al disco y choripanes, se desarroll\u00f3 en un ambiente festivo, donde los participantes intercambiaron ideas y dialogaron sobre las problem\u00e1ticas y preocupaciones que atraviesan los vecinos de Mercedes.<\/p>\n<p>La agrupaci\u00f3n destac\u00f3 que fue una jornada inolvidable, en la cual se plantearon diversas inquietudes relacionadas con la ciudad.<\/p>\n<p>Entre otros referentes pol\u00edticos junto a la diputada estuvo presente quien fuera candidato a intendente de la ciudad de Mercedes, <strong>Rafael Vel\u00e1squez<\/strong>.<\/p>\n<p>La Libertad Avanza Mercedes adelant\u00f3 que se vienen importantes proyectos para dar respuesta a las necesidades locales, en l\u00ednea con las propuestas del partido a nivel nacional.<\/p>\n","protected":false},"excerpt":{"rendered":"<p>\u25a0 Se llev\u00f3 adelante una importante reuni\u00f3n en el local de la agrupaci\u00f3n \u00ab9 de julio\u00bb. Hubo varios dirigentes mileistas presentes, entre ellos el ex candidato a intendente Rafael Vel\u00e1squez<\/p>\n","protected":false},"author":16,"featured_media":145643,"comment_status":"closed","ping_status":"closed","sticky":false,"template":"","format":"standard","meta":{"footnotes":""},"categories":[16],"tags":[16970,14331,15388,13643,16099],"class_list":["post-145641","post","type-post","status-publish","format-standard","has-post-thumbnail","hentry","category-politica","tag-gustavo-sano","tag-javier-milei","tag-la-libertad-avanza","tag-nahuel-torres","tag-rafael-velasquez"],"yoast_head":"<!-- This site is optimized with the Yoast SEO plugin v27.4 - https:\/\/yoast.com\/product\/yoast-seo-wordpress\/ -->\n<title>Agradecimiento de La Libertad Avanza Mercedes a la Diputada Nacional Alida Ferreyra<\/title>\n<meta name=\"robots\" content=\"index, follow, max-snippet:-1, max-image-preview:large, max-video-preview:-1\" \/>\n<link rel=\"canonical\" href=\"https:\/\/noticiasmercedinas.com\/site\/2024\/10\/07\/agradecimiento-de-la-libertad-avanza-mercedes-a-la-diputada-nacional-alida-ferreyra\/\" \/>\n<meta property=\"og:locale\" content=\"es_ES\" \/>\n<meta property=\"og:type\" content=\"article\" \/>\n<meta property=\"og:title\" content=\"Agradecimiento de La Libertad Avanza Mercedes a la Diputada Nacional Alida Ferreyra\" \/>\n<meta property=\"og:description\" content=\"\u25a0 Se llev\u00f3 adelante una importante reuni\u00f3n en el local de la agrupaci\u00f3n &quot;9 de julio&quot;. Hubo varios dirigentes mileistas presentes, entre ellos el ex candidato a intendente Rafael Vel\u00e1squez\" \/>\n<meta property=\"og:url\" content=\"https:\/\/noticiasmercedinas.com\/site\/2024\/10\/07\/agradecimiento-de-la-libertad-avanza-mercedes-a-la-diputada-nacional-alida-ferreyra\/\" \/>\n<meta property=\"og:site_name\" content=\"NOTICIASMERCEDINAS.COM\" \/>\n<meta property=\"article:publisher\" content=\"https:\/\/www.facebook.com\/noticiasmercedinas\/\" \/>\n<meta property=\"article:published_time\" content=\"2024-10-07T16:14:44+00:00\" \/>\n<meta property=\"article:modified_time\" content=\"2024-10-09T00:23:54+00:00\" \/>\n<meta property=\"og:image\" content=\"https:\/\/noticiasmercedinas.com\/site\/wp-content\/uploads\/2024\/10\/Screenshot_20241007-125206.jpg\" \/>\n\t<meta property=\"og:image:width\" content=\"692\" \/>\n\t<meta property=\"og:image:height\" content=\"504\" \/>\n\t<meta property=\"og:image:type\" content=\"image\/jpeg\" \/>\n<meta name=\"author\" content=\"NOTICIASMERCEDINAS.COM\" \/>\n<meta name=\"twitter:card\" content=\"summary_large_image\" \/>\n<meta name=\"twitter:creator\" content=\"@notmercedinas\" \/>\n<meta name=\"twitter:site\" content=\"@notmercedinas\" \/>\n<meta name=\"twitter:label1\" content=\"Escrito por\" \/>\n\t<meta name=\"twitter:data1\" content=\"NOTICIASMERCEDINAS.COM\" \/>\n\t<meta name=\"twitter:label2\" content=\"Tiempo de lectura\" \/>\n\t<meta name=\"twitter:data2\" content=\"1 minuto\" \/>\n<script type=\"application\/ld+json\" class=\"yoast-schema-graph\">{\"@context\":\"https:\\\/\\\/schema.org\",\"@graph\":[{\"@type\":\"Article\",\"@id\":\"https:\\\/\\\/noticiasmercedinas.com\\\/site\\\/2024\\\/10\\\/07\\\/agradecimiento-de-la-libertad-avanza-mercedes-a-la-diputada-nacional-alida-ferreyra\\\/#article\",\"isPartOf\":{\"@id\":\"https:\\\/\\\/noticiasmercedinas.com\\\/site\\\/2024\\\/10\\\/07\\\/agradecimiento-de-la-libertad-avanza-mercedes-a-la-diputada-nacional-alida-ferreyra\\\/\"},\"author\":{\"name\":\"NOTICIASMERCEDINAS.COM\",\"@id\":\"https:\\\/\\\/noticiasmercedinas.com\\\/site\\\/#\\\/schema\\\/person\\\/84b59c099c28ff2e8b77d4ceec5d8063\"},\"headline\":\"Agradecimiento de La Libertad Avanza Mercedes a la Diputada Nacional Alida Ferreyra\",\"datePublished\":\"2024-10-07T16:14:44+00:00\",\"dateModified\":\"2024-10-09T00:23:54+00:00\",\"mainEntityOfPage\":{\"@id\":\"https:\\\/\\\/noticiasmercedinas.com\\\/site\\\/2024\\\/10\\\/07\\\/agradecimiento-de-la-libertad-avanza-mercedes-a-la-diputada-nacional-alida-ferreyra\\\/\"},\"wordCount\":183,\"publisher\":{\"@id\":\"https:\\\/\\\/noticiasmercedinas.com\\\/site\\\/#organization\"},\"image\":{\"@id\":\"https:\\\/\\\/noticiasmercedinas.com\\\/site\\\/2024\\\/10\\\/07\\\/agradecimiento-de-la-libertad-avanza-mercedes-a-la-diputada-nacional-alida-ferreyra\\\/#primaryimage\"},\"thumbnailUrl\":\"https:\\\/\\\/noticiasmercedinas.com\\\/site\\\/wp-content\\\/uploads\\\/2024\\\/10\\\/Screenshot_20241007-125206.jpg\",\"keywords\":[\"gustavo sano\",\"Javier Milei\",\"la libertad avanza\",\"Nahuel Torres\",\"Rafael Velasquez\"],\"articleSection\":[\"Politica\"],\"inLanguage\":\"es\"},{\"@type\":\"WebPage\",\"@id\":\"https:\\\/\\\/noticiasmercedinas.com\\\/site\\\/2024\\\/10\\\/07\\\/agradecimiento-de-la-libertad-avanza-mercedes-a-la-diputada-nacional-alida-ferreyra\\\/\",\"url\":\"https:\\\/\\\/noticiasmercedinas.com\\\/site\\\/2024\\\/10\\\/07\\\/agradecimiento-de-la-libertad-avanza-mercedes-a-la-diputada-nacional-alida-ferreyra\\\/\",\"name\":\"Agradecimiento de La Libertad Avanza Mercedes a la Diputada Nacional Alida Ferreyra\",\"isPartOf\":{\"@id\":\"https:\\\/\\\/noticiasmercedinas.com\\\/site\\\/#website\"},\"primaryImageOfPage\":{\"@id\":\"https:\\\/\\\/noticiasmercedinas.com\\\/site\\\/2024\\\/10\\\/07\\\/agradecimiento-de-la-libertad-avanza-mercedes-a-la-diputada-nacional-alida-ferreyra\\\/#primaryimage\"},\"image\":{\"@id\":\"https:\\\/\\\/noticiasmercedinas.com\\\/site\\\/2024\\\/10\\\/07\\\/agradecimiento-de-la-libertad-avanza-mercedes-a-la-diputada-nacional-alida-ferreyra\\\/#primaryimage\"},\"thumbnailUrl\":\"https:\\\/\\\/noticiasmercedinas.com\\\/site\\\/wp-content\\\/uploads\\\/2024\\\/10\\\/Screenshot_20241007-125206.jpg\",\"datePublished\":\"2024-10-07T16:14:44+00:00\",\"dateModified\":\"2024-10-09T00:23:54+00:00\",\"breadcrumb\":{\"@id\":\"https:\\\/\\\/noticiasmercedinas.com\\\/site\\\/2024\\\/10\\\/07\\\/agradecimiento-de-la-libertad-avanza-mercedes-a-la-diputada-nacional-alida-ferreyra\\\/#breadcrumb\"},\"inLanguage\":\"es\",\"potentialAction\":[{\"@type\":\"ReadAction\",\"target\":[\"https:\\\/\\\/noticiasmercedinas.com\\\/site\\\/2024\\\/10\\\/07\\\/agradecimiento-de-la-libertad-avanza-mercedes-a-la-diputada-nacional-alida-ferreyra\\\/\"]}]},{\"@type\":\"ImageObject\",\"inLanguage\":\"es\",\"@id\":\"https:\\\/\\\/noticiasmercedinas.com\\\/site\\\/2024\\\/10\\\/07\\\/agradecimiento-de-la-libertad-avanza-mercedes-a-la-diputada-nacional-alida-ferreyra\\\/#primaryimage\",\"url\":\"https:\\\/\\\/noticiasmercedinas.com\\\/site\\\/wp-content\\\/uploads\\\/2024\\\/10\\\/Screenshot_20241007-125206.jpg\",\"contentUrl\":\"https:\\\/\\\/noticiasmercedinas.com\\\/site\\\/wp-content\\\/uploads\\\/2024\\\/10\\\/Screenshot_20241007-125206.jpg\",\"width\":692,\"height\":504},{\"@type\":\"BreadcrumbList\",\"@id\":\"https:\\\/\\\/noticiasmercedinas.com\\\/site\\\/2024\\\/10\\\/07\\\/agradecimiento-de-la-libertad-avanza-mercedes-a-la-diputada-nacional-alida-ferreyra\\\/#breadcrumb\",\"itemListElement\":[{\"@type\":\"ListItem\",\"position\":1,\"name\":\"Portada\",\"item\":\"https:\\\/\\\/noticiasmercedinas.com\\\/site\\\/\"},{\"@type\":\"ListItem\",\"position\":2,\"name\":\"Agradecimiento de La Libertad Avanza Mercedes a la Diputada Nacional Alida Ferreyra\"}]},{\"@type\":\"WebSite\",\"@id\":\"https:\\\/\\\/noticiasmercedinas.com\\\/site\\\/#website\",\"url\":\"https:\\\/\\\/noticiasmercedinas.com\\\/site\\\/\",\"name\":\"NOTICIASMERCEDINAS.COM\",\"description\":\"Mercedes, Buenos Aires, Argentina\",\"publisher\":{\"@id\":\"https:\\\/\\\/noticiasmercedinas.com\\\/site\\\/#organization\"},\"potentialAction\":[{\"@type\":\"SearchAction\",\"target\":{\"@type\":\"EntryPoint\",\"urlTemplate\":\"https:\\\/\\\/noticiasmercedinas.com\\\/site\\\/?s={search_term_string}\"},\"query-input\":{\"@type\":\"PropertyValueSpecification\",\"valueRequired\":true,\"valueName\":\"search_term_string\"}}],\"inLanguage\":\"es\"},{\"@type\":\"Organization\",\"@id\":\"https:\\\/\\\/noticiasmercedinas.com\\\/site\\\/#organization\",\"name\":\"NOTICIASMERCEDINAS.COM\",\"url\":\"https:\\\/\\\/noticiasmercedinas.com\\\/site\\\/\",\"logo\":{\"@type\":\"ImageObject\",\"inLanguage\":\"es\",\"@id\":\"https:\\\/\\\/noticiasmercedinas.com\\\/site\\\/#\\\/schema\\\/logo\\\/image\\\/\",\"url\":\"https:\\\/\\\/noticiasmercedinas.com\\\/site\\\/wp-content\\\/uploads\\\/2020\\\/06\\\/LOGO-512.jpg\",\"contentUrl\":\"https:\\\/\\\/noticiasmercedinas.com\\\/site\\\/wp-content\\\/uploads\\\/2020\\\/06\\\/LOGO-512.jpg\",\"width\":512,\"height\":512,\"caption\":\"NOTICIASMERCEDINAS.COM\"},\"image\":{\"@id\":\"https:\\\/\\\/noticiasmercedinas.com\\\/site\\\/#\\\/schema\\\/logo\\\/image\\\/\"},\"sameAs\":[\"https:\\\/\\\/www.facebook.com\\\/noticiasmercedinas\\\/\",\"https:\\\/\\\/x.com\\\/notmercedinas\",\"https:\\\/\\\/www.instagram.com\\\/noticiasmercedinas\\\/\"]},{\"@type\":\"Person\",\"@id\":\"https:\\\/\\\/noticiasmercedinas.com\\\/site\\\/#\\\/schema\\\/person\\\/84b59c099c28ff2e8b77d4ceec5d8063\",\"name\":\"NOTICIASMERCEDINAS.COM\",\"image\":{\"@type\":\"ImageObject\",\"inLanguage\":\"es\",\"@id\":\"https:\\\/\\\/secure.gravatar.com\\\/avatar\\\/4dfbf16b4d17945bfb6341b2d19043457132fcf478a5ee04f42e959fd8f5df0a?s=96&d=mm&r=g\",\"url\":\"https:\\\/\\\/secure.gravatar.com\\\/avatar\\\/4dfbf16b4d17945bfb6341b2d19043457132fcf478a5ee04f42e959fd8f5df0a?s=96&d=mm&r=g\",\"contentUrl\":\"https:\\\/\\\/secure.gravatar.com\\\/avatar\\\/4dfbf16b4d17945bfb6341b2d19043457132fcf478a5ee04f42e959fd8f5df0a?s=96&d=mm&r=g\",\"caption\":\"NOTICIASMERCEDINAS.COM\"},\"url\":\"https:\\\/\\\/noticiasmercedinas.com\\\/site\\\/author\\\/anonimo\\\/\"}]}<\/script>\n<!-- \/ Yoast SEO plugin. -->","yoast_head_json":{"title":"Agradecimiento de La Libertad Avanza Mercedes a la Diputada Nacional Alida Ferreyra","robots":{"index":"index","follow":"follow","max-snippet":"max-snippet:-1","max-image-preview":"max-image-preview:large","max-video-preview":"max-video-preview:-1"},"canonical":"https:\/\/noticiasmercedinas.com\/site\/2024\/10\/07\/agradecimiento-de-la-libertad-avanza-mercedes-a-la-diputada-nacional-alida-ferreyra\/","og_locale":"es_ES","og_type":"article","og_title":"Agradecimiento de La Libertad Avanza Mercedes a la Diputada Nacional Alida Ferreyra","og_description":"\u25a0 Se llev\u00f3 adelante una importante reuni\u00f3n en el local de la agrupaci\u00f3n \"9 de julio\". Hubo varios dirigentes mileistas presentes, entre ellos el ex candidato a intendente Rafael Vel\u00e1squez","og_url":"https:\/\/noticiasmercedinas.com\/site\/2024\/10\/07\/agradecimiento-de-la-libertad-avanza-mercedes-a-la-diputada-nacional-alida-ferreyra\/","og_site_name":"NOTICIASMERCEDINAS.COM","article_publisher":"https:\/\/www.facebook.com\/noticiasmercedinas\/","article_published_time":"2024-10-07T16:14:44+00:00","article_modified_time":"2024-10-09T00:23:54+00:00","og_image":[{"width":692,"height":504,"url":"https:\/\/noticiasmercedinas.com\/site\/wp-content\/uploads\/2024\/10\/Screenshot_20241007-125206.jpg","type":"image\/jpeg"}],"author":"NOTICIASMERCEDINAS.COM","twitter_card":"summary_large_image","twitter_creator":"@notmercedinas","twitter_site":"@notmercedinas","twitter_misc":{"Escrito por":"NOTICIASMERCEDINAS.COM","Tiempo de lectura":"1 minuto"},"schema":{"@context":"https:\/\/schema.org","@graph":[{"@type":"Article","@id":"https:\/\/noticiasmercedinas.com\/site\/2024\/10\/07\/agradecimiento-de-la-libertad-avanza-mercedes-a-la-diputada-nacional-alida-ferreyra\/#article","isPartOf":{"@id":"https:\/\/noticiasmercedinas.com\/site\/2024\/10\/07\/agradecimiento-de-la-libertad-avanza-mercedes-a-la-diputada-nacional-alida-ferreyra\/"},"author":{"name":"NOTICIASMERCEDINAS.COM","@id":"https:\/\/noticiasmercedinas.com\/site\/#\/schema\/person\/84b59c099c28ff2e8b77d4ceec5d8063"},"headline":"Agradecimiento de La Libertad Avanza Mercedes a la Diputada Nacional Alida Ferreyra","datePublished":"2024-10-07T16:14:44+00:00","dateModified":"2024-10-09T00:23:54+00:00","mainEntityOfPage":{"@id":"https:\/\/noticiasmercedinas.com\/site\/2024\/10\/07\/agradecimiento-de-la-libertad-avanza-mercedes-a-la-diputada-nacional-alida-ferreyra\/"},"wordCount":183,"publisher":{"@id":"https:\/\/noticiasmercedinas.com\/site\/#organization"},"image":{"@id":"https:\/\/noticiasmercedinas.com\/site\/2024\/10\/07\/agradecimiento-de-la-libertad-avanza-mercedes-a-la-diputada-nacional-alida-ferreyra\/#primaryimage"},"thumbnailUrl":"https:\/\/noticiasmercedinas.com\/site\/wp-content\/uploads\/2024\/10\/Screenshot_20241007-125206.jpg","keywords":["gustavo sano","Javier Milei","la libertad avanza","Nahuel Torres","Rafael Velasquez"],"articleSection":["Politica"],"inLanguage":"es"},{"@type":"WebPage","@id":"https:\/\/noticiasmercedinas.com\/site\/2024\/10\/07\/agradecimiento-de-la-libertad-avanza-mercedes-a-la-diputada-nacional-alida-ferreyra\/","url":"https:\/\/noticiasmercedinas.com\/site\/2024\/10\/07\/agradecimiento-de-la-libertad-avanza-mercedes-a-la-diputada-nacional-alida-ferreyra\/","name":"Agradecimiento de La Libertad Avanza Mercedes a la Diputada Nacional Alida Ferreyra","isPartOf":{"@id":"https:\/\/noticiasmercedinas.com\/site\/#website"},"primaryImageOfPage":{"@id":"https:\/\/noticiasmercedinas.com\/site\/2024\/10\/07\/agradecimiento-de-la-libertad-avanza-mercedes-a-la-diputada-nacional-alida-ferreyra\/#primaryimage"},"image":{"@id":"https:\/\/noticiasmercedinas.com\/site\/2024\/10\/07\/agradecimiento-de-la-libertad-avanza-mercedes-a-la-diputada-nacional-alida-ferreyra\/#primaryimage"},"thumbnailUrl":"https:\/\/noticiasmercedinas.com\/site\/wp-content\/uploads\/2024\/10\/Screenshot_20241007-125206.jpg","datePublished":"2024-10-07T16:14:44+00:00","dateModified":"2024-10-09T00:23:54+00:00","breadcrumb":{"@id":"https:\/\/noticiasmercedinas.com\/site\/2024\/10\/07\/agradecimiento-de-la-libertad-avanza-mercedes-a-la-diputada-nacional-alida-ferreyra\/#breadcrumb"},"inLanguage":"es","potentialAction":[{"@type":"ReadAction","target":["https:\/\/noticiasmercedinas.com\/site\/2024\/10\/07\/agradecimiento-de-la-libertad-avanza-mercedes-a-la-diputada-nacional-alida-ferreyra\/"]}]},{"@type":"ImageObject","inLanguage":"es","@id":"https:\/\/noticiasmercedinas.com\/site\/2024\/10\/07\/agradecimiento-de-la-libertad-avanza-mercedes-a-la-diputada-nacional-alida-ferreyra\/#primaryimage","url":"https:\/\/noticiasmercedinas.com\/site\/wp-content\/uploads\/2024\/10\/Screenshot_20241007-125206.jpg","contentUrl":"https:\/\/noticiasmercedinas.com\/site\/wp-content\/uploads\/2024\/10\/Screenshot_20241007-125206.jpg","width":692,"height":504},{"@type":"BreadcrumbList","@id":"https:\/\/noticiasmercedinas.com\/site\/2024\/10\/07\/agradecimiento-de-la-libertad-avanza-mercedes-a-la-diputada-nacional-alida-ferreyra\/#breadcrumb","itemListElement":[{"@type":"ListItem","position":1,"name":"Portada","item":"https:\/\/noticiasmercedinas.com\/site\/"},{"@type":"ListItem","position":2,"name":"Agradecimiento de La Libertad Avanza Mercedes a la Diputada Nacional Alida Ferreyra"}]},{"@type":"WebSite","@id":"https:\/\/noticiasmercedinas.com\/site\/#website","url":"https:\/\/noticiasmercedinas.com\/site\/","name":"NOTICIASMERCEDINAS.COM","description":"Mercedes, Buenos Aires, Argentina","publisher":{"@id":"https:\/\/noticiasmercedinas.com\/site\/#organization"},"potentialAction":[{"@type":"SearchAction","target":{"@type":"EntryPoint","urlTemplate":"https:\/\/noticiasmercedinas.com\/site\/?s={search_term_string}"},"query-input":{"@type":"PropertyValueSpecification","valueRequired":true,"valueName":"search_term_string"}}],"inLanguage":"es"},{"@type":"Organization","@id":"https:\/\/noticiasmercedinas.com\/site\/#organization","name":"NOTICIASMERCEDINAS.COM","url":"https:\/\/noticiasmercedinas.com\/site\/","logo":{"@type":"ImageObject","inLanguage":"es","@id":"https:\/\/noticiasmercedinas.com\/site\/#\/schema\/logo\/image\/","url":"https:\/\/noticiasmercedinas.com\/site\/wp-content\/uploads\/2020\/06\/LOGO-512.jpg","contentUrl":"https:\/\/noticiasmercedinas.com\/site\/wp-content\/uploads\/2020\/06\/LOGO-512.jpg","width":512,"height":512,"caption":"NOTICIASMERCEDINAS.COM"},"image":{"@id":"https:\/\/noticiasmercedinas.com\/site\/#\/schema\/logo\/image\/"},"sameAs":["https:\/\/www.facebook.com\/noticiasmercedinas\/","https:\/\/x.com\/notmercedinas","https:\/\/www.instagram.com\/noticiasmercedinas\/"]},{"@type":"Person","@id":"https:\/\/noticiasmercedinas.com\/site\/#\/schema\/person\/84b59c099c28ff2e8b77d4ceec5d8063","name":"NOTICIASMERCEDINAS.COM","image":{"@type":"ImageObject","inLanguage":"es","@id":"https:\/\/secure.gravatar.com\/avatar\/4dfbf16b4d17945bfb6341b2d19043457132fcf478a5ee04f42e959fd8f5df0a?s=96&d=mm&r=g","url":"https:\/\/secure.gravatar.com\/avatar\/4dfbf16b4d17945bfb6341b2d19043457132fcf478a5ee04f42e959fd8f5df0a?s=96&d=mm&r=g","contentUrl":"https:\/\/secure.gravatar.com\/avatar\/4dfbf16b4d17945bfb6341b2d19043457132fcf478a5ee04f42e959fd8f5df0a?s=96&d=mm&r=g","caption":"NOTICIASMERCEDINAS.COM"},"url":"https:\/\/noticiasmercedinas.com\/site\/author\/anonimo\/"}]}},"amp_enabled":true,"_links":{"self":[{"href":"https:\/\/noticiasmercedinas.com\/site\/wp-json\/wp\/v2\/posts\/145641","targetHints":{"allow":["GET"]}}],"collection":[{"href":"https:\/\/noticiasmercedinas.com\/site\/wp-json\/wp\/v2\/posts"}],"about":[{"href":"https:\/\/noticiasmercedinas.com\/site\/wp-json\/wp\/v2\/types\/post"}],"author":[{"embeddable":true,"href":"https:\/\/noticiasmercedinas.com\/site\/wp-json\/wp\/v2\/users\/16"}],"replies":[{"embeddable":true,"href":"https:\/\/noticiasmercedinas.com\/site\/wp-json\/wp\/v2\/comments?post=145641"}],"version-history":[{"count":6,"href":"https:\/\/noticiasmercedinas.com\/site\/wp-json\/wp\/v2\/posts\/145641\/revisions"}],"predecessor-version":[{"id":145739,"href":"https:\/\/noticiasmercedinas.com\/site\/wp-json\/wp\/v2\/posts\/145641\/revisions\/145739"}],"wp:featuredmedia":[{"embeddable":true,"href":"https:\/\/noticiasmercedinas.com\/site\/wp-json\/wp\/v2\/media\/145643"}],"wp:attachment":[{"href":"https:\/\/noticiasmercedinas.com\/site\/wp-json\/wp\/v2\/media?parent=145641"}],"wp:term":[{"taxonomy":"category","embeddable":true,"href":"https:\/\/noticiasmercedinas.com\/site\/wp-json\/wp\/v2\/categories?post=145641"},{"taxonomy":"post_tag","embeddable":true,"href":"https:\/\/noticiasmercedinas.com\/site\/wp-json\/wp\/v2\/tags?post=145641"}],"curies":[{"name":"wp","href":"https:\/\/api.w.org\/{rel}","templated":true}]}}