{"id":145709,"date":"2024-10-08T09:37:42","date_gmt":"2024-10-08T12:37:42","guid":{"rendered":"https:\/\/noticiasmercedinas.com\/site\/?p=145709"},"modified":"2024-10-08T09:37:42","modified_gmt":"2024-10-08T12:37:42","slug":"reclaman-reparaciones-urgentes-en-el-puente-de-la-ruta-41-por-falta-de-seguridad-vial","status":"publish","type":"post","link":"https:\/\/noticiasmercedinas.com\/site\/2024\/10\/08\/reclaman-reparaciones-urgentes-en-el-puente-de-la-ruta-41-por-falta-de-seguridad-vial\/","title":{"rendered":"Reclaman reparaciones urgentes en el puente de la Ruta 41 por falta de seguridad vial"},"content":{"rendered":"<p><img loading=\"lazy\" decoding=\"async\" class=\"alignnone size-full wp-image-145710\" src=\"https:\/\/noticiasmercedinas.com\/site\/wp-content\/uploads\/2024\/10\/PUENTER41.jpg\" alt=\"\" width=\"985\" height=\"534\" srcset=\"https:\/\/noticiasmercedinas.com\/site\/wp-content\/uploads\/2024\/10\/PUENTER41.jpg 985w, https:\/\/noticiasmercedinas.com\/site\/wp-content\/uploads\/2024\/10\/PUENTER41-300x163.jpg 300w, https:\/\/noticiasmercedinas.com\/site\/wp-content\/uploads\/2024\/10\/PUENTER41-768x416.jpg 768w, https:\/\/noticiasmercedinas.com\/site\/wp-content\/uploads\/2024\/10\/PUENTER41-640x347.jpg 640w, https:\/\/noticiasmercedinas.com\/site\/wp-content\/uploads\/2024\/10\/PUENTER41-681x369.jpg 681w\" sizes=\"auto, (max-width: 985px) 100vw, 985px\" \/><\/p>\n<p>Los vecinos de Mercedes, alarmados por el deterioro del puente de la Ruta 41, que cruza sobre las v\u00edas de los ferrocarriles San Mart\u00edn y Sarmiento, as\u00ed como sobre la Ruta Nacional 5, han expresado su preocupaci\u00f3n por el grave riesgo que implica para la seguridad vial. La falta de mantenimiento en el corte de pasto, los baches profundos y el hundimiento del asfalto han convertido a esta v\u00eda en un peligro para los automovilistas.<\/p>\n<p>Por caso el vecino Marcelo Su\u00e1rez fue uno de los primeros en alertar a los concejales locales sobre la situaci\u00f3n. A trav\u00e9s de un mensaje dirigido a los ediles del distrito, Su\u00e1rez pidi\u00f3 que se tomen medidas inmediatas para reparar el tramo de la Ruta 41 afectado, destacando que la situaci\u00f3n se agrava por la falta de iluminaci\u00f3n en algunas \u00e1reas de la rotonda.\u00a0\u00abSolicitamos de manera urgente el pedido de reparaci\u00f3n a quien corresponda del tramo de la Ruta 41, que est\u00e1 en estado muy peligroso por los hundimientos y baches sobre los puentes de la Ruta 5 y los ferrocarriles. Todo esto se agrava por la falta de luz en algunos lugares de la rotonda\u00bb, dijo.<\/p>\n<p>A pesar de que Su\u00e1rez no present\u00f3 formalmente su reclamo en Mesa de Entradas, ha estado comunic\u00e1ndose directamente con los concejales, quienes le han mostrado preocupaci\u00f3n por la situaci\u00f3n. \u201cAlgunos ya me dieron bolilla, saben del tema. Ahora que se ocupen, porque es un tema de vida o muerte\u201d, se\u00f1al\u00f3. Asimismo, mencion\u00f3 que los baches sobre el puente de la Ruta 5 son especialmente peligrosos: \u201cEs un cr\u00e1ter, no se puede creer\u201d, a\u00f1adi\u00f3.<\/p>\n<p>En respuesta a este pedido, varios concejales se comprometieron a abordar el tema en la pr\u00f3xima sesi\u00f3n del lunes, donde se espera que se emita una resoluci\u00f3n conjunta para exigir una pronta soluci\u00f3n a este problema que afecta a la seguridad de todos los que transitan por la zona.<\/p>\n","protected":false},"excerpt":{"rendered":"<p>\u25a0 El planteo lleg\u00f3 de manera informal al Concejo Deliberante, donde se espera que se emita una resoluci\u00f3n conjunta para exigir una pronta soluci\u00f3n a este problema que afecta a la seguridad<\/p>\n","protected":false},"author":16,"featured_media":145710,"comment_status":"closed","ping_status":"closed","sticky":false,"template":"","format":"standard","meta":{"footnotes":""},"categories":[7],"tags":[243,890,4112,185,47],"class_list":["post-145709","post","type-post","status-publish","format-standard","has-post-thumbnail","hentry","category-policiales","tag-concejo-deliberante","tag-marcelo-suarez","tag-puente","tag-ruta-41","tag-seguridad"],"yoast_head":"<!-- This site is optimized with the Yoast SEO plugin v27.4 - https:\/\/yoast.com\/product\/yoast-seo-wordpress\/ -->\n<title>Reclaman reparaciones urgentes en el puente de la Ruta 41 por falta de seguridad vial<\/title>\n<meta name=\"robots\" content=\"index, follow, max-snippet:-1, max-image-preview:large, max-video-preview:-1\" \/>\n<link rel=\"canonical\" href=\"https:\/\/noticiasmercedinas.com\/site\/2024\/10\/08\/reclaman-reparaciones-urgentes-en-el-puente-de-la-ruta-41-por-falta-de-seguridad-vial\/\" \/>\n<meta property=\"og:locale\" content=\"es_ES\" \/>\n<meta property=\"og:type\" content=\"article\" \/>\n<meta property=\"og:title\" content=\"Reclaman reparaciones urgentes en el puente de la Ruta 41 por falta de seguridad vial\" \/>\n<meta property=\"og:description\" content=\"\u25a0 El planteo lleg\u00f3 de manera informal al Concejo Deliberante, donde se espera que se emita una resoluci\u00f3n conjunta para exigir una pronta soluci\u00f3n a este problema que afecta a la seguridad\" \/>\n<meta property=\"og:url\" content=\"https:\/\/noticiasmercedinas.com\/site\/2024\/10\/08\/reclaman-reparaciones-urgentes-en-el-puente-de-la-ruta-41-por-falta-de-seguridad-vial\/\" \/>\n<meta property=\"og:site_name\" content=\"NOTICIASMERCEDINAS.COM\" \/>\n<meta property=\"article:publisher\" content=\"https:\/\/www.facebook.com\/noticiasmercedinas\/\" \/>\n<meta property=\"article:published_time\" content=\"2024-10-08T12:37:42+00:00\" \/>\n<meta property=\"og:image\" content=\"https:\/\/noticiasmercedinas.com\/site\/wp-content\/uploads\/2024\/10\/PUENTER41.jpg\" \/>\n\t<meta property=\"og:image:width\" content=\"985\" \/>\n\t<meta property=\"og:image:height\" content=\"534\" \/>\n\t<meta property=\"og:image:type\" content=\"image\/jpeg\" \/>\n<meta name=\"author\" content=\"NOTICIASMERCEDINAS.COM\" \/>\n<meta name=\"twitter:card\" content=\"summary_large_image\" \/>\n<meta name=\"twitter:creator\" content=\"@notmercedinas\" \/>\n<meta name=\"twitter:site\" content=\"@notmercedinas\" \/>\n<meta name=\"twitter:label1\" content=\"Escrito por\" \/>\n\t<meta name=\"twitter:data1\" content=\"NOTICIASMERCEDINAS.COM\" \/>\n\t<meta name=\"twitter:label2\" content=\"Tiempo de lectura\" \/>\n\t<meta name=\"twitter:data2\" content=\"2 minutos\" \/>\n<script type=\"application\/ld+json\" class=\"yoast-schema-graph\">{\"@context\":\"https:\\\/\\\/schema.org\",\"@graph\":[{\"@type\":\"Article\",\"@id\":\"https:\\\/\\\/noticiasmercedinas.com\\\/site\\\/2024\\\/10\\\/08\\\/reclaman-reparaciones-urgentes-en-el-puente-de-la-ruta-41-por-falta-de-seguridad-vial\\\/#article\",\"isPartOf\":{\"@id\":\"https:\\\/\\\/noticiasmercedinas.com\\\/site\\\/2024\\\/10\\\/08\\\/reclaman-reparaciones-urgentes-en-el-puente-de-la-ruta-41-por-falta-de-seguridad-vial\\\/\"},\"author\":{\"name\":\"NOTICIASMERCEDINAS.COM\",\"@id\":\"https:\\\/\\\/noticiasmercedinas.com\\\/site\\\/#\\\/schema\\\/person\\\/84b59c099c28ff2e8b77d4ceec5d8063\"},\"headline\":\"Reclaman reparaciones urgentes en el puente de la Ruta 41 por falta de seguridad vial\",\"datePublished\":\"2024-10-08T12:37:42+00:00\",\"mainEntityOfPage\":{\"@id\":\"https:\\\/\\\/noticiasmercedinas.com\\\/site\\\/2024\\\/10\\\/08\\\/reclaman-reparaciones-urgentes-en-el-puente-de-la-ruta-41-por-falta-de-seguridad-vial\\\/\"},\"wordCount\":345,\"publisher\":{\"@id\":\"https:\\\/\\\/noticiasmercedinas.com\\\/site\\\/#organization\"},\"image\":{\"@id\":\"https:\\\/\\\/noticiasmercedinas.com\\\/site\\\/2024\\\/10\\\/08\\\/reclaman-reparaciones-urgentes-en-el-puente-de-la-ruta-41-por-falta-de-seguridad-vial\\\/#primaryimage\"},\"thumbnailUrl\":\"https:\\\/\\\/noticiasmercedinas.com\\\/site\\\/wp-content\\\/uploads\\\/2024\\\/10\\\/PUENTER41.jpg\",\"keywords\":[\"concejo deliberante\",\"Marcelo suarez\",\"puente\",\"ruta 41\",\"seguridad\"],\"articleSection\":[\"Seguridad\"],\"inLanguage\":\"es\"},{\"@type\":\"WebPage\",\"@id\":\"https:\\\/\\\/noticiasmercedinas.com\\\/site\\\/2024\\\/10\\\/08\\\/reclaman-reparaciones-urgentes-en-el-puente-de-la-ruta-41-por-falta-de-seguridad-vial\\\/\",\"url\":\"https:\\\/\\\/noticiasmercedinas.com\\\/site\\\/2024\\\/10\\\/08\\\/reclaman-reparaciones-urgentes-en-el-puente-de-la-ruta-41-por-falta-de-seguridad-vial\\\/\",\"name\":\"Reclaman reparaciones urgentes en el puente de la Ruta 41 por falta de seguridad vial\",\"isPartOf\":{\"@id\":\"https:\\\/\\\/noticiasmercedinas.com\\\/site\\\/#website\"},\"primaryImageOfPage\":{\"@id\":\"https:\\\/\\\/noticiasmercedinas.com\\\/site\\\/2024\\\/10\\\/08\\\/reclaman-reparaciones-urgentes-en-el-puente-de-la-ruta-41-por-falta-de-seguridad-vial\\\/#primaryimage\"},\"image\":{\"@id\":\"https:\\\/\\\/noticiasmercedinas.com\\\/site\\\/2024\\\/10\\\/08\\\/reclaman-reparaciones-urgentes-en-el-puente-de-la-ruta-41-por-falta-de-seguridad-vial\\\/#primaryimage\"},\"thumbnailUrl\":\"https:\\\/\\\/noticiasmercedinas.com\\\/site\\\/wp-content\\\/uploads\\\/2024\\\/10\\\/PUENTER41.jpg\",\"datePublished\":\"2024-10-08T12:37:42+00:00\",\"breadcrumb\":{\"@id\":\"https:\\\/\\\/noticiasmercedinas.com\\\/site\\\/2024\\\/10\\\/08\\\/reclaman-reparaciones-urgentes-en-el-puente-de-la-ruta-41-por-falta-de-seguridad-vial\\\/#breadcrumb\"},\"inLanguage\":\"es\",\"potentialAction\":[{\"@type\":\"ReadAction\",\"target\":[\"https:\\\/\\\/noticiasmercedinas.com\\\/site\\\/2024\\\/10\\\/08\\\/reclaman-reparaciones-urgentes-en-el-puente-de-la-ruta-41-por-falta-de-seguridad-vial\\\/\"]}]},{\"@type\":\"ImageObject\",\"inLanguage\":\"es\",\"@id\":\"https:\\\/\\\/noticiasmercedinas.com\\\/site\\\/2024\\\/10\\\/08\\\/reclaman-reparaciones-urgentes-en-el-puente-de-la-ruta-41-por-falta-de-seguridad-vial\\\/#primaryimage\",\"url\":\"https:\\\/\\\/noticiasmercedinas.com\\\/site\\\/wp-content\\\/uploads\\\/2024\\\/10\\\/PUENTER41.jpg\",\"contentUrl\":\"https:\\\/\\\/noticiasmercedinas.com\\\/site\\\/wp-content\\\/uploads\\\/2024\\\/10\\\/PUENTER41.jpg\",\"width\":985,\"height\":534},{\"@type\":\"BreadcrumbList\",\"@id\":\"https:\\\/\\\/noticiasmercedinas.com\\\/site\\\/2024\\\/10\\\/08\\\/reclaman-reparaciones-urgentes-en-el-puente-de-la-ruta-41-por-falta-de-seguridad-vial\\\/#breadcrumb\",\"itemListElement\":[{\"@type\":\"ListItem\",\"position\":1,\"name\":\"Portada\",\"item\":\"https:\\\/\\\/noticiasmercedinas.com\\\/site\\\/\"},{\"@type\":\"ListItem\",\"position\":2,\"name\":\"Reclaman reparaciones urgentes en el puente de la Ruta 41 por falta de seguridad vial\"}]},{\"@type\":\"WebSite\",\"@id\":\"https:\\\/\\\/noticiasmercedinas.com\\\/site\\\/#website\",\"url\":\"https:\\\/\\\/noticiasmercedinas.com\\\/site\\\/\",\"name\":\"NOTICIASMERCEDINAS.COM\",\"description\":\"Mercedes, Buenos Aires, Argentina\",\"publisher\":{\"@id\":\"https:\\\/\\\/noticiasmercedinas.com\\\/site\\\/#organization\"},\"potentialAction\":[{\"@type\":\"SearchAction\",\"target\":{\"@type\":\"EntryPoint\",\"urlTemplate\":\"https:\\\/\\\/noticiasmercedinas.com\\\/site\\\/?s={search_term_string}\"},\"query-input\":{\"@type\":\"PropertyValueSpecification\",\"valueRequired\":true,\"valueName\":\"search_term_string\"}}],\"inLanguage\":\"es\"},{\"@type\":\"Organization\",\"@id\":\"https:\\\/\\\/noticiasmercedinas.com\\\/site\\\/#organization\",\"name\":\"NOTICIASMERCEDINAS.COM\",\"url\":\"https:\\\/\\\/noticiasmercedinas.com\\\/site\\\/\",\"logo\":{\"@type\":\"ImageObject\",\"inLanguage\":\"es\",\"@id\":\"https:\\\/\\\/noticiasmercedinas.com\\\/site\\\/#\\\/schema\\\/logo\\\/image\\\/\",\"url\":\"https:\\\/\\\/noticiasmercedinas.com\\\/site\\\/wp-content\\\/uploads\\\/2020\\\/06\\\/LOGO-512.jpg\",\"contentUrl\":\"https:\\\/\\\/noticiasmercedinas.com\\\/site\\\/wp-content\\\/uploads\\\/2020\\\/06\\\/LOGO-512.jpg\",\"width\":512,\"height\":512,\"caption\":\"NOTICIASMERCEDINAS.COM\"},\"image\":{\"@id\":\"https:\\\/\\\/noticiasmercedinas.com\\\/site\\\/#\\\/schema\\\/logo\\\/image\\\/\"},\"sameAs\":[\"https:\\\/\\\/www.facebook.com\\\/noticiasmercedinas\\\/\",\"https:\\\/\\\/x.com\\\/notmercedinas\",\"https:\\\/\\\/www.instagram.com\\\/noticiasmercedinas\\\/\"]},{\"@type\":\"Person\",\"@id\":\"https:\\\/\\\/noticiasmercedinas.com\\\/site\\\/#\\\/schema\\\/person\\\/84b59c099c28ff2e8b77d4ceec5d8063\",\"name\":\"NOTICIASMERCEDINAS.COM\",\"image\":{\"@type\":\"ImageObject\",\"inLanguage\":\"es\",\"@id\":\"https:\\\/\\\/secure.gravatar.com\\\/avatar\\\/4dfbf16b4d17945bfb6341b2d19043457132fcf478a5ee04f42e959fd8f5df0a?s=96&d=mm&r=g\",\"url\":\"https:\\\/\\\/secure.gravatar.com\\\/avatar\\\/4dfbf16b4d17945bfb6341b2d19043457132fcf478a5ee04f42e959fd8f5df0a?s=96&d=mm&r=g\",\"contentUrl\":\"https:\\\/\\\/secure.gravatar.com\\\/avatar\\\/4dfbf16b4d17945bfb6341b2d19043457132fcf478a5ee04f42e959fd8f5df0a?s=96&d=mm&r=g\",\"caption\":\"NOTICIASMERCEDINAS.COM\"},\"url\":\"https:\\\/\\\/noticiasmercedinas.com\\\/site\\\/author\\\/anonimo\\\/\"}]}<\/script>\n<!-- \/ Yoast SEO plugin. -->","yoast_head_json":{"title":"Reclaman reparaciones urgentes en el puente de la Ruta 41 por falta de seguridad vial","robots":{"index":"index","follow":"follow","max-snippet":"max-snippet:-1","max-image-preview":"max-image-preview:large","max-video-preview":"max-video-preview:-1"},"canonical":"https:\/\/noticiasmercedinas.com\/site\/2024\/10\/08\/reclaman-reparaciones-urgentes-en-el-puente-de-la-ruta-41-por-falta-de-seguridad-vial\/","og_locale":"es_ES","og_type":"article","og_title":"Reclaman reparaciones urgentes en el puente de la Ruta 41 por falta de seguridad vial","og_description":"\u25a0 El planteo lleg\u00f3 de manera informal al Concejo Deliberante, donde se espera que se emita una resoluci\u00f3n conjunta para exigir una pronta soluci\u00f3n a este problema que afecta a la seguridad","og_url":"https:\/\/noticiasmercedinas.com\/site\/2024\/10\/08\/reclaman-reparaciones-urgentes-en-el-puente-de-la-ruta-41-por-falta-de-seguridad-vial\/","og_site_name":"NOTICIASMERCEDINAS.COM","article_publisher":"https:\/\/www.facebook.com\/noticiasmercedinas\/","article_published_time":"2024-10-08T12:37:42+00:00","og_image":[{"width":985,"height":534,"url":"https:\/\/noticiasmercedinas.com\/site\/wp-content\/uploads\/2024\/10\/PUENTER41.jpg","type":"image\/jpeg"}],"author":"NOTICIASMERCEDINAS.COM","twitter_card":"summary_large_image","twitter_creator":"@notmercedinas","twitter_site":"@notmercedinas","twitter_misc":{"Escrito por":"NOTICIASMERCEDINAS.COM","Tiempo de lectura":"2 minutos"},"schema":{"@context":"https:\/\/schema.org","@graph":[{"@type":"Article","@id":"https:\/\/noticiasmercedinas.com\/site\/2024\/10\/08\/reclaman-reparaciones-urgentes-en-el-puente-de-la-ruta-41-por-falta-de-seguridad-vial\/#article","isPartOf":{"@id":"https:\/\/noticiasmercedinas.com\/site\/2024\/10\/08\/reclaman-reparaciones-urgentes-en-el-puente-de-la-ruta-41-por-falta-de-seguridad-vial\/"},"author":{"name":"NOTICIASMERCEDINAS.COM","@id":"https:\/\/noticiasmercedinas.com\/site\/#\/schema\/person\/84b59c099c28ff2e8b77d4ceec5d8063"},"headline":"Reclaman reparaciones urgentes en el puente de la Ruta 41 por falta de seguridad vial","datePublished":"2024-10-08T12:37:42+00:00","mainEntityOfPage":{"@id":"https:\/\/noticiasmercedinas.com\/site\/2024\/10\/08\/reclaman-reparaciones-urgentes-en-el-puente-de-la-ruta-41-por-falta-de-seguridad-vial\/"},"wordCount":345,"publisher":{"@id":"https:\/\/noticiasmercedinas.com\/site\/#organization"},"image":{"@id":"https:\/\/noticiasmercedinas.com\/site\/2024\/10\/08\/reclaman-reparaciones-urgentes-en-el-puente-de-la-ruta-41-por-falta-de-seguridad-vial\/#primaryimage"},"thumbnailUrl":"https:\/\/noticiasmercedinas.com\/site\/wp-content\/uploads\/2024\/10\/PUENTER41.jpg","keywords":["concejo deliberante","Marcelo suarez","puente","ruta 41","seguridad"],"articleSection":["Seguridad"],"inLanguage":"es"},{"@type":"WebPage","@id":"https:\/\/noticiasmercedinas.com\/site\/2024\/10\/08\/reclaman-reparaciones-urgentes-en-el-puente-de-la-ruta-41-por-falta-de-seguridad-vial\/","url":"https:\/\/noticiasmercedinas.com\/site\/2024\/10\/08\/reclaman-reparaciones-urgentes-en-el-puente-de-la-ruta-41-por-falta-de-seguridad-vial\/","name":"Reclaman reparaciones urgentes en el puente de la Ruta 41 por falta de seguridad vial","isPartOf":{"@id":"https:\/\/noticiasmercedinas.com\/site\/#website"},"primaryImageOfPage":{"@id":"https:\/\/noticiasmercedinas.com\/site\/2024\/10\/08\/reclaman-reparaciones-urgentes-en-el-puente-de-la-ruta-41-por-falta-de-seguridad-vial\/#primaryimage"},"image":{"@id":"https:\/\/noticiasmercedinas.com\/site\/2024\/10\/08\/reclaman-reparaciones-urgentes-en-el-puente-de-la-ruta-41-por-falta-de-seguridad-vial\/#primaryimage"},"thumbnailUrl":"https:\/\/noticiasmercedinas.com\/site\/wp-content\/uploads\/2024\/10\/PUENTER41.jpg","datePublished":"2024-10-08T12:37:42+00:00","breadcrumb":{"@id":"https:\/\/noticiasmercedinas.com\/site\/2024\/10\/08\/reclaman-reparaciones-urgentes-en-el-puente-de-la-ruta-41-por-falta-de-seguridad-vial\/#breadcrumb"},"inLanguage":"es","potentialAction":[{"@type":"ReadAction","target":["https:\/\/noticiasmercedinas.com\/site\/2024\/10\/08\/reclaman-reparaciones-urgentes-en-el-puente-de-la-ruta-41-por-falta-de-seguridad-vial\/"]}]},{"@type":"ImageObject","inLanguage":"es","@id":"https:\/\/noticiasmercedinas.com\/site\/2024\/10\/08\/reclaman-reparaciones-urgentes-en-el-puente-de-la-ruta-41-por-falta-de-seguridad-vial\/#primaryimage","url":"https:\/\/noticiasmercedinas.com\/site\/wp-content\/uploads\/2024\/10\/PUENTER41.jpg","contentUrl":"https:\/\/noticiasmercedinas.com\/site\/wp-content\/uploads\/2024\/10\/PUENTER41.jpg","width":985,"height":534},{"@type":"BreadcrumbList","@id":"https:\/\/noticiasmercedinas.com\/site\/2024\/10\/08\/reclaman-reparaciones-urgentes-en-el-puente-de-la-ruta-41-por-falta-de-seguridad-vial\/#breadcrumb","itemListElement":[{"@type":"ListItem","position":1,"name":"Portada","item":"https:\/\/noticiasmercedinas.com\/site\/"},{"@type":"ListItem","position":2,"name":"Reclaman reparaciones urgentes en el puente de la Ruta 41 por falta de seguridad vial"}]},{"@type":"WebSite","@id":"https:\/\/noticiasmercedinas.com\/site\/#website","url":"https:\/\/noticiasmercedinas.com\/site\/","name":"NOTICIASMERCEDINAS.COM","description":"Mercedes, Buenos Aires, Argentina","publisher":{"@id":"https:\/\/noticiasmercedinas.com\/site\/#organization"},"potentialAction":[{"@type":"SearchAction","target":{"@type":"EntryPoint","urlTemplate":"https:\/\/noticiasmercedinas.com\/site\/?s={search_term_string}"},"query-input":{"@type":"PropertyValueSpecification","valueRequired":true,"valueName":"search_term_string"}}],"inLanguage":"es"},{"@type":"Organization","@id":"https:\/\/noticiasmercedinas.com\/site\/#organization","name":"NOTICIASMERCEDINAS.COM","url":"https:\/\/noticiasmercedinas.com\/site\/","logo":{"@type":"ImageObject","inLanguage":"es","@id":"https:\/\/noticiasmercedinas.com\/site\/#\/schema\/logo\/image\/","url":"https:\/\/noticiasmercedinas.com\/site\/wp-content\/uploads\/2020\/06\/LOGO-512.jpg","contentUrl":"https:\/\/noticiasmercedinas.com\/site\/wp-content\/uploads\/2020\/06\/LOGO-512.jpg","width":512,"height":512,"caption":"NOTICIASMERCEDINAS.COM"},"image":{"@id":"https:\/\/noticiasmercedinas.com\/site\/#\/schema\/logo\/image\/"},"sameAs":["https:\/\/www.facebook.com\/noticiasmercedinas\/","https:\/\/x.com\/notmercedinas","https:\/\/www.instagram.com\/noticiasmercedinas\/"]},{"@type":"Person","@id":"https:\/\/noticiasmercedinas.com\/site\/#\/schema\/person\/84b59c099c28ff2e8b77d4ceec5d8063","name":"NOTICIASMERCEDINAS.COM","image":{"@type":"ImageObject","inLanguage":"es","@id":"https:\/\/secure.gravatar.com\/avatar\/4dfbf16b4d17945bfb6341b2d19043457132fcf478a5ee04f42e959fd8f5df0a?s=96&d=mm&r=g","url":"https:\/\/secure.gravatar.com\/avatar\/4dfbf16b4d17945bfb6341b2d19043457132fcf478a5ee04f42e959fd8f5df0a?s=96&d=mm&r=g","contentUrl":"https:\/\/secure.gravatar.com\/avatar\/4dfbf16b4d17945bfb6341b2d19043457132fcf478a5ee04f42e959fd8f5df0a?s=96&d=mm&r=g","caption":"NOTICIASMERCEDINAS.COM"},"url":"https:\/\/noticiasmercedinas.com\/site\/author\/anonimo\/"}]}},"amp_enabled":true,"_links":{"self":[{"href":"https:\/\/noticiasmercedinas.com\/site\/wp-json\/wp\/v2\/posts\/145709","targetHints":{"allow":["GET"]}}],"collection":[{"href":"https:\/\/noticiasmercedinas.com\/site\/wp-json\/wp\/v2\/posts"}],"about":[{"href":"https:\/\/noticiasmercedinas.com\/site\/wp-json\/wp\/v2\/types\/post"}],"author":[{"embeddable":true,"href":"https:\/\/noticiasmercedinas.com\/site\/wp-json\/wp\/v2\/users\/16"}],"replies":[{"embeddable":true,"href":"https:\/\/noticiasmercedinas.com\/site\/wp-json\/wp\/v2\/comments?post=145709"}],"version-history":[{"count":1,"href":"https:\/\/noticiasmercedinas.com\/site\/wp-json\/wp\/v2\/posts\/145709\/revisions"}],"predecessor-version":[{"id":145711,"href":"https:\/\/noticiasmercedinas.com\/site\/wp-json\/wp\/v2\/posts\/145709\/revisions\/145711"}],"wp:featuredmedia":[{"embeddable":true,"href":"https:\/\/noticiasmercedinas.com\/site\/wp-json\/wp\/v2\/media\/145710"}],"wp:attachment":[{"href":"https:\/\/noticiasmercedinas.com\/site\/wp-json\/wp\/v2\/media?parent=145709"}],"wp:term":[{"taxonomy":"category","embeddable":true,"href":"https:\/\/noticiasmercedinas.com\/site\/wp-json\/wp\/v2\/categories?post=145709"},{"taxonomy":"post_tag","embeddable":true,"href":"https:\/\/noticiasmercedinas.com\/site\/wp-json\/wp\/v2\/tags?post=145709"}],"curies":[{"name":"wp","href":"https:\/\/api.w.org\/{rel}","templated":true}]}}