{"id":145825,"date":"2024-10-09T20:18:06","date_gmt":"2024-10-09T23:18:06","guid":{"rendered":"https:\/\/noticiasmercedinas.com\/site\/?p=145825"},"modified":"2024-10-09T20:40:28","modified_gmt":"2024-10-09T23:40:28","slug":"el-intendente-ustarroz-participo-de-un-ensayo-general-con-la-orquesta-escuela-municipal","status":"publish","type":"post","link":"https:\/\/noticiasmercedinas.com\/site\/2024\/10\/09\/el-intendente-ustarroz-participo-de-un-ensayo-general-con-la-orquesta-escuela-municipal\/","title":{"rendered":"El intendente Ustarroz particip\u00f3 de un ensayo general con la Orquesta Escuela Municipal"},"content":{"rendered":"<p><img loading=\"lazy\" decoding=\"async\" class=\"alignnone size-full wp-image-145826\" src=\"https:\/\/noticiasmercedinas.com\/site\/wp-content\/uploads\/2024\/10\/fdd2d0c5-67f5-425c-9b1c-9b720523626c.jpeg\" alt=\"\" width=\"1600\" height=\"1204\" srcset=\"https:\/\/noticiasmercedinas.com\/site\/wp-content\/uploads\/2024\/10\/fdd2d0c5-67f5-425c-9b1c-9b720523626c.jpeg 1600w, https:\/\/noticiasmercedinas.com\/site\/wp-content\/uploads\/2024\/10\/fdd2d0c5-67f5-425c-9b1c-9b720523626c-300x226.jpeg 300w, https:\/\/noticiasmercedinas.com\/site\/wp-content\/uploads\/2024\/10\/fdd2d0c5-67f5-425c-9b1c-9b720523626c-1024x771.jpeg 1024w, https:\/\/noticiasmercedinas.com\/site\/wp-content\/uploads\/2024\/10\/fdd2d0c5-67f5-425c-9b1c-9b720523626c-768x578.jpeg 768w, https:\/\/noticiasmercedinas.com\/site\/wp-content\/uploads\/2024\/10\/fdd2d0c5-67f5-425c-9b1c-9b720523626c-1536x1156.jpeg 1536w, https:\/\/noticiasmercedinas.com\/site\/wp-content\/uploads\/2024\/10\/fdd2d0c5-67f5-425c-9b1c-9b720523626c-80x60.jpeg 80w, https:\/\/noticiasmercedinas.com\/site\/wp-content\/uploads\/2024\/10\/fdd2d0c5-67f5-425c-9b1c-9b720523626c-160x120.jpeg 160w, https:\/\/noticiasmercedinas.com\/site\/wp-content\/uploads\/2024\/10\/fdd2d0c5-67f5-425c-9b1c-9b720523626c-100x75.jpeg 100w, https:\/\/noticiasmercedinas.com\/site\/wp-content\/uploads\/2024\/10\/fdd2d0c5-67f5-425c-9b1c-9b720523626c-200x150.jpeg 200w, https:\/\/noticiasmercedinas.com\/site\/wp-content\/uploads\/2024\/10\/fdd2d0c5-67f5-425c-9b1c-9b720523626c-180x135.jpeg 180w, https:\/\/noticiasmercedinas.com\/site\/wp-content\/uploads\/2024\/10\/fdd2d0c5-67f5-425c-9b1c-9b720523626c-360x270.jpeg 360w, https:\/\/noticiasmercedinas.com\/site\/wp-content\/uploads\/2024\/10\/fdd2d0c5-67f5-425c-9b1c-9b720523626c-238x178.jpeg 238w, https:\/\/noticiasmercedinas.com\/site\/wp-content\/uploads\/2024\/10\/fdd2d0c5-67f5-425c-9b1c-9b720523626c-640x482.jpeg 640w, https:\/\/noticiasmercedinas.com\/site\/wp-content\/uploads\/2024\/10\/fdd2d0c5-67f5-425c-9b1c-9b720523626c-1280x963.jpeg 1280w, https:\/\/noticiasmercedinas.com\/site\/wp-content\/uploads\/2024\/10\/fdd2d0c5-67f5-425c-9b1c-9b720523626c-681x512.jpeg 681w, https:\/\/noticiasmercedinas.com\/site\/wp-content\/uploads\/2024\/10\/fdd2d0c5-67f5-425c-9b1c-9b720523626c-1362x1025.jpeg 1362w\" sizes=\"auto, (max-width: 1600px) 100vw, 1600px\" \/><\/p>\n<p>Este mi\u00e9rcoles por la tarde, el intendente de Mercedes, <strong>Juan Ignacio Ustarroz<\/strong>, acompa\u00f1\u00f3 a la Orquesta Escuela Municipal en un ensayo general, en un encuentro que tambi\u00e9n cont\u00f3 con la presencia de autoridades educativas como el inspector <strong>Christian Ponce<\/strong> y el secretario de Educaci\u00f3n, <strong>Jos\u00e9 Luis Pisano<\/strong>. La actividad se desarroll\u00f3 junto a la comunidad educativa de la orquesta, liderada por el profesor <strong>Manuel Maturo<\/strong>.<\/p>\n<p>El ensayo incluy\u00f3 la participaci\u00f3n entre el p\u00fablico de la directora de Cultura municipal, <strong>Jimena Rivas<\/strong>, y padres de los ni\u00f1os y ni\u00f1as que forman parte de la Orquesta Escuela.<\/p>\n<blockquote class=\"td_quote_box td_box_center\"><p>Ver m\u00e1s<br \/>\n<a title=\"Horacio Vivares, director de la Orquesta Escuela: \u00abLa m\u00fasica transforma y moldea el esp\u00edritu de los chicos\u00bb\" href=\"https:\/\/noticiasmercedinas.com\/site\/2024\/09\/16\/horacio-vivares-director-de-la-orquesta-escuela-la-musica-transforma-y-moldea-el-espiritu-de-los-chicos\/\" rel=\"bookmark\">Horacio Vivares, director de la Orquesta Escuela: \u00abLa m\u00fasica transforma y moldea el esp\u00edritu de los chicos\u00bb<\/a><\/p><\/blockquote>\n<p>El maestro <strong>Horacio Vivares<\/strong>, director de la orquesta, junto con los profesores de los distintos instrumentos, mostraron parte del trabajo realizado, interpretando tres tangos cl\u00e1sicos y una chacarera, como parte del comienzo del ensayo orquestal de cada mi\u00e9rcoles.<\/p>\n<p>Las autoridades presentes elogiaron la labor de los docentes y estudiantes, destacando el esfuerzo de los padres por acompa\u00f1ar este proyecto. Como gesto de gratitud, se entregaron mochilas con \u00fatiles escolares, gentileza del Gobierno de la Provincia de Buenos Aires, a cada uno de los ni\u00f1os y ni\u00f1as.<\/p>\n<p>\u00abEsta Orquesta Escuela es un orgullo y un ejemplo de trabajo en esta gesti\u00f3n\u00bb, afirm\u00f3 el intendente Ustarroz. A su vez, el inspector Ponce resalt\u00f3 la calidad art\u00edstica, docente y humana de Manuel Maturo y Horacio Vivares, destacando el compromiso de todo el equipo de la instituci\u00f3n por acompa\u00f1ar a los chicos en este valioso proceso de inclusi\u00f3n art\u00edstica y social.<\/p>\n<p><img loading=\"lazy\" decoding=\"async\" class=\"alignnone size-full wp-image-145828\" src=\"https:\/\/noticiasmercedinas.com\/site\/wp-content\/uploads\/2024\/10\/0fdf0997-1bb9-42b1-8604-3915d90c1eb6.jpeg\" alt=\"\" width=\"1600\" height=\"1204\" srcset=\"https:\/\/noticiasmercedinas.com\/site\/wp-content\/uploads\/2024\/10\/0fdf0997-1bb9-42b1-8604-3915d90c1eb6.jpeg 1600w, https:\/\/noticiasmercedinas.com\/site\/wp-content\/uploads\/2024\/10\/0fdf0997-1bb9-42b1-8604-3915d90c1eb6-300x226.jpeg 300w, https:\/\/noticiasmercedinas.com\/site\/wp-content\/uploads\/2024\/10\/0fdf0997-1bb9-42b1-8604-3915d90c1eb6-1024x771.jpeg 1024w, https:\/\/noticiasmercedinas.com\/site\/wp-content\/uploads\/2024\/10\/0fdf0997-1bb9-42b1-8604-3915d90c1eb6-768x578.jpeg 768w, https:\/\/noticiasmercedinas.com\/site\/wp-content\/uploads\/2024\/10\/0fdf0997-1bb9-42b1-8604-3915d90c1eb6-1536x1156.jpeg 1536w, https:\/\/noticiasmercedinas.com\/site\/wp-content\/uploads\/2024\/10\/0fdf0997-1bb9-42b1-8604-3915d90c1eb6-80x60.jpeg 80w, https:\/\/noticiasmercedinas.com\/site\/wp-content\/uploads\/2024\/10\/0fdf0997-1bb9-42b1-8604-3915d90c1eb6-160x120.jpeg 160w, https:\/\/noticiasmercedinas.com\/site\/wp-content\/uploads\/2024\/10\/0fdf0997-1bb9-42b1-8604-3915d90c1eb6-100x75.jpeg 100w, https:\/\/noticiasmercedinas.com\/site\/wp-content\/uploads\/2024\/10\/0fdf0997-1bb9-42b1-8604-3915d90c1eb6-200x150.jpeg 200w, https:\/\/noticiasmercedinas.com\/site\/wp-content\/uploads\/2024\/10\/0fdf0997-1bb9-42b1-8604-3915d90c1eb6-180x135.jpeg 180w, https:\/\/noticiasmercedinas.com\/site\/wp-content\/uploads\/2024\/10\/0fdf0997-1bb9-42b1-8604-3915d90c1eb6-360x270.jpeg 360w, https:\/\/noticiasmercedinas.com\/site\/wp-content\/uploads\/2024\/10\/0fdf0997-1bb9-42b1-8604-3915d90c1eb6-238x178.jpeg 238w, https:\/\/noticiasmercedinas.com\/site\/wp-content\/uploads\/2024\/10\/0fdf0997-1bb9-42b1-8604-3915d90c1eb6-640x482.jpeg 640w, https:\/\/noticiasmercedinas.com\/site\/wp-content\/uploads\/2024\/10\/0fdf0997-1bb9-42b1-8604-3915d90c1eb6-1280x963.jpeg 1280w, https:\/\/noticiasmercedinas.com\/site\/wp-content\/uploads\/2024\/10\/0fdf0997-1bb9-42b1-8604-3915d90c1eb6-681x512.jpeg 681w, https:\/\/noticiasmercedinas.com\/site\/wp-content\/uploads\/2024\/10\/0fdf0997-1bb9-42b1-8604-3915d90c1eb6-1362x1025.jpeg 1362w\" sizes=\"auto, (max-width: 1600px) 100vw, 1600px\" \/><\/p>\n<p>La Orquesta Escuela Municipal es un espacio donde se respeta la igualdad y se brinda justicia y oportunidades para todos. No se exigen ex\u00e1menes de ingreso y cualquier persona que desee formar parte es bienvenida, incluso aquellos que no tienen conocimientos musicales previos. Desde el primer d\u00eda, los chicos y chicas pueden comenzar a tocar alguna nota, sin hacer distinciones ni categorizaciones.<\/p>\n<blockquote><p>Como gesto de gratitud, se entregaron mochilas con \u00fatiles escolares, gentileza del Gobierno de la Provincia de Buenos Aires, a cada uno de los ni\u00f1os y ni\u00f1as.<\/p><\/blockquote>\n<p>La din\u00e1mica de la orquesta se basa en la colaboraci\u00f3n y la solidaridad. Los alumnos m\u00e1s experimentados asisten a los que reci\u00e9n empiezan, ayud\u00e1ndoles a armar los atriles, a seguir las partituras o a posicionar correctamente los dedos en los instrumentos. Este tipo de cooperaci\u00f3n refleja una sociedad ideal, en la que aquellos que tienen m\u00e1s oportunidades apoyan a los que tienen menos.<\/p>\n<p>El objetivo de la orquesta no es que sus integrantes destaquen individualmente, sino que logren tocar juntos en armon\u00eda. El esfuerzo se enfoca en el bienestar del grupo, una idea que, si se aplicara en otros aspectos de la vida social, podr\u00eda transformar positivamente a la comunidad.<\/p>\n<p><img loading=\"lazy\" decoding=\"async\" class=\"alignnone size-full wp-image-145827\" src=\"https:\/\/noticiasmercedinas.com\/site\/wp-content\/uploads\/2024\/10\/2694afb9-93ba-4a3c-bd51-e4480224c994-e1728515795660.jpeg\" alt=\"\" width=\"1488\" height=\"938\" srcset=\"https:\/\/noticiasmercedinas.com\/site\/wp-content\/uploads\/2024\/10\/2694afb9-93ba-4a3c-bd51-e4480224c994-e1728515795660.jpeg 1488w, https:\/\/noticiasmercedinas.com\/site\/wp-content\/uploads\/2024\/10\/2694afb9-93ba-4a3c-bd51-e4480224c994-e1728515795660-300x189.jpeg 300w, https:\/\/noticiasmercedinas.com\/site\/wp-content\/uploads\/2024\/10\/2694afb9-93ba-4a3c-bd51-e4480224c994-e1728515795660-1024x646.jpeg 1024w, https:\/\/noticiasmercedinas.com\/site\/wp-content\/uploads\/2024\/10\/2694afb9-93ba-4a3c-bd51-e4480224c994-e1728515795660-768x484.jpeg 768w, https:\/\/noticiasmercedinas.com\/site\/wp-content\/uploads\/2024\/10\/2694afb9-93ba-4a3c-bd51-e4480224c994-e1728515795660-640x403.jpeg 640w, https:\/\/noticiasmercedinas.com\/site\/wp-content\/uploads\/2024\/10\/2694afb9-93ba-4a3c-bd51-e4480224c994-e1728515795660-1280x807.jpeg 1280w, https:\/\/noticiasmercedinas.com\/site\/wp-content\/uploads\/2024\/10\/2694afb9-93ba-4a3c-bd51-e4480224c994-e1728515795660-681x429.jpeg 681w, https:\/\/noticiasmercedinas.com\/site\/wp-content\/uploads\/2024\/10\/2694afb9-93ba-4a3c-bd51-e4480224c994-e1728515795660-1362x859.jpeg 1362w\" sizes=\"auto, (max-width: 1488px) 100vw, 1488px\" \/><\/p>\n","protected":false},"excerpt":{"rendered":"<p>\u25a0 El maestro Horacio Vivares, director de la orquesta, junto con los profesores de los distintos instrumentos, mostraron parte del trabajo realizado, interpretando tres tangos cl\u00e1sicos y una chacarera<\/p>\n","protected":false},"author":16,"featured_media":145826,"comment_status":"closed","ping_status":"closed","sticky":false,"template":"","format":"standard","meta":{"footnotes":""},"categories":[4],"tags":[18827,266,7745,2885],"class_list":["post-145825","post","type-post","status-publish","format-standard","has-post-thumbnail","hentry","category-cultura","tag-horacio-vivares","tag-juan-ignacio-ustarroz","tag-manuel-maturo","tag-orquesta-escuela"],"yoast_head":"<!-- This site is optimized with the Yoast SEO plugin v27.4 - https:\/\/yoast.com\/product\/yoast-seo-wordpress\/ -->\n<title>El intendente Ustarroz particip\u00f3 de un ensayo general con la Orquesta Escuela Municipal<\/title>\n<meta name=\"robots\" content=\"index, follow, max-snippet:-1, max-image-preview:large, max-video-preview:-1\" \/>\n<link rel=\"canonical\" href=\"https:\/\/noticiasmercedinas.com\/site\/2024\/10\/09\/el-intendente-ustarroz-participo-de-un-ensayo-general-con-la-orquesta-escuela-municipal\/\" \/>\n<meta property=\"og:locale\" content=\"es_ES\" \/>\n<meta property=\"og:type\" content=\"article\" \/>\n<meta property=\"og:title\" content=\"El intendente Ustarroz particip\u00f3 de un ensayo general con la Orquesta Escuela Municipal\" \/>\n<meta property=\"og:description\" content=\"\u25a0 El maestro Horacio Vivares, director de la orquesta, junto con los profesores de los distintos instrumentos, mostraron parte del trabajo realizado, interpretando tres tangos cl\u00e1sicos y una chacarera\" \/>\n<meta property=\"og:url\" content=\"https:\/\/noticiasmercedinas.com\/site\/2024\/10\/09\/el-intendente-ustarroz-participo-de-un-ensayo-general-con-la-orquesta-escuela-municipal\/\" \/>\n<meta property=\"og:site_name\" content=\"NOTICIASMERCEDINAS.COM\" \/>\n<meta property=\"article:publisher\" content=\"https:\/\/www.facebook.com\/noticiasmercedinas\/\" \/>\n<meta property=\"article:published_time\" content=\"2024-10-09T23:18:06+00:00\" \/>\n<meta property=\"article:modified_time\" content=\"2024-10-09T23:40:28+00:00\" \/>\n<meta property=\"og:image\" content=\"https:\/\/noticiasmercedinas.com\/site\/wp-content\/uploads\/2024\/10\/fdd2d0c5-67f5-425c-9b1c-9b720523626c.jpeg\" \/>\n\t<meta property=\"og:image:width\" content=\"1600\" \/>\n\t<meta property=\"og:image:height\" content=\"1204\" \/>\n\t<meta property=\"og:image:type\" content=\"image\/jpeg\" \/>\n<meta name=\"author\" content=\"NOTICIASMERCEDINAS.COM\" \/>\n<meta name=\"twitter:card\" content=\"summary_large_image\" \/>\n<meta name=\"twitter:creator\" content=\"@notmercedinas\" \/>\n<meta name=\"twitter:site\" content=\"@notmercedinas\" \/>\n<meta name=\"twitter:label1\" content=\"Escrito por\" \/>\n\t<meta name=\"twitter:data1\" content=\"NOTICIASMERCEDINAS.COM\" \/>\n\t<meta name=\"twitter:label2\" content=\"Tiempo de lectura\" \/>\n\t<meta name=\"twitter:data2\" content=\"2 minutos\" \/>\n<script type=\"application\/ld+json\" class=\"yoast-schema-graph\">{\"@context\":\"https:\\\/\\\/schema.org\",\"@graph\":[{\"@type\":\"Article\",\"@id\":\"https:\\\/\\\/noticiasmercedinas.com\\\/site\\\/2024\\\/10\\\/09\\\/el-intendente-ustarroz-participo-de-un-ensayo-general-con-la-orquesta-escuela-municipal\\\/#article\",\"isPartOf\":{\"@id\":\"https:\\\/\\\/noticiasmercedinas.com\\\/site\\\/2024\\\/10\\\/09\\\/el-intendente-ustarroz-participo-de-un-ensayo-general-con-la-orquesta-escuela-municipal\\\/\"},\"author\":{\"name\":\"NOTICIASMERCEDINAS.COM\",\"@id\":\"https:\\\/\\\/noticiasmercedinas.com\\\/site\\\/#\\\/schema\\\/person\\\/84b59c099c28ff2e8b77d4ceec5d8063\"},\"headline\":\"El intendente Ustarroz particip\u00f3 de un ensayo general con la Orquesta Escuela Municipal\",\"datePublished\":\"2024-10-09T23:18:06+00:00\",\"dateModified\":\"2024-10-09T23:40:28+00:00\",\"mainEntityOfPage\":{\"@id\":\"https:\\\/\\\/noticiasmercedinas.com\\\/site\\\/2024\\\/10\\\/09\\\/el-intendente-ustarroz-participo-de-un-ensayo-general-con-la-orquesta-escuela-municipal\\\/\"},\"wordCount\":507,\"publisher\":{\"@id\":\"https:\\\/\\\/noticiasmercedinas.com\\\/site\\\/#organization\"},\"image\":{\"@id\":\"https:\\\/\\\/noticiasmercedinas.com\\\/site\\\/2024\\\/10\\\/09\\\/el-intendente-ustarroz-participo-de-un-ensayo-general-con-la-orquesta-escuela-municipal\\\/#primaryimage\"},\"thumbnailUrl\":\"https:\\\/\\\/noticiasmercedinas.com\\\/site\\\/wp-content\\\/uploads\\\/2024\\\/10\\\/fdd2d0c5-67f5-425c-9b1c-9b720523626c.jpeg\",\"keywords\":[\"horacio vivares\",\"juan ignacio ustarroz\",\"Manuel Maturo\",\"orquesta escuela\"],\"articleSection\":[\"Cultura\"],\"inLanguage\":\"es\"},{\"@type\":\"WebPage\",\"@id\":\"https:\\\/\\\/noticiasmercedinas.com\\\/site\\\/2024\\\/10\\\/09\\\/el-intendente-ustarroz-participo-de-un-ensayo-general-con-la-orquesta-escuela-municipal\\\/\",\"url\":\"https:\\\/\\\/noticiasmercedinas.com\\\/site\\\/2024\\\/10\\\/09\\\/el-intendente-ustarroz-participo-de-un-ensayo-general-con-la-orquesta-escuela-municipal\\\/\",\"name\":\"El intendente Ustarroz particip\u00f3 de un ensayo general con la Orquesta Escuela Municipal\",\"isPartOf\":{\"@id\":\"https:\\\/\\\/noticiasmercedinas.com\\\/site\\\/#website\"},\"primaryImageOfPage\":{\"@id\":\"https:\\\/\\\/noticiasmercedinas.com\\\/site\\\/2024\\\/10\\\/09\\\/el-intendente-ustarroz-participo-de-un-ensayo-general-con-la-orquesta-escuela-municipal\\\/#primaryimage\"},\"image\":{\"@id\":\"https:\\\/\\\/noticiasmercedinas.com\\\/site\\\/2024\\\/10\\\/09\\\/el-intendente-ustarroz-participo-de-un-ensayo-general-con-la-orquesta-escuela-municipal\\\/#primaryimage\"},\"thumbnailUrl\":\"https:\\\/\\\/noticiasmercedinas.com\\\/site\\\/wp-content\\\/uploads\\\/2024\\\/10\\\/fdd2d0c5-67f5-425c-9b1c-9b720523626c.jpeg\",\"datePublished\":\"2024-10-09T23:18:06+00:00\",\"dateModified\":\"2024-10-09T23:40:28+00:00\",\"breadcrumb\":{\"@id\":\"https:\\\/\\\/noticiasmercedinas.com\\\/site\\\/2024\\\/10\\\/09\\\/el-intendente-ustarroz-participo-de-un-ensayo-general-con-la-orquesta-escuela-municipal\\\/#breadcrumb\"},\"inLanguage\":\"es\",\"potentialAction\":[{\"@type\":\"ReadAction\",\"target\":[\"https:\\\/\\\/noticiasmercedinas.com\\\/site\\\/2024\\\/10\\\/09\\\/el-intendente-ustarroz-participo-de-un-ensayo-general-con-la-orquesta-escuela-municipal\\\/\"]}]},{\"@type\":\"ImageObject\",\"inLanguage\":\"es\",\"@id\":\"https:\\\/\\\/noticiasmercedinas.com\\\/site\\\/2024\\\/10\\\/09\\\/el-intendente-ustarroz-participo-de-un-ensayo-general-con-la-orquesta-escuela-municipal\\\/#primaryimage\",\"url\":\"https:\\\/\\\/noticiasmercedinas.com\\\/site\\\/wp-content\\\/uploads\\\/2024\\\/10\\\/fdd2d0c5-67f5-425c-9b1c-9b720523626c.jpeg\",\"contentUrl\":\"https:\\\/\\\/noticiasmercedinas.com\\\/site\\\/wp-content\\\/uploads\\\/2024\\\/10\\\/fdd2d0c5-67f5-425c-9b1c-9b720523626c.jpeg\",\"width\":1600,\"height\":1204},{\"@type\":\"BreadcrumbList\",\"@id\":\"https:\\\/\\\/noticiasmercedinas.com\\\/site\\\/2024\\\/10\\\/09\\\/el-intendente-ustarroz-participo-de-un-ensayo-general-con-la-orquesta-escuela-municipal\\\/#breadcrumb\",\"itemListElement\":[{\"@type\":\"ListItem\",\"position\":1,\"name\":\"Portada\",\"item\":\"https:\\\/\\\/noticiasmercedinas.com\\\/site\\\/\"},{\"@type\":\"ListItem\",\"position\":2,\"name\":\"El intendente Ustarroz particip\u00f3 de un ensayo general con la Orquesta Escuela Municipal\"}]},{\"@type\":\"WebSite\",\"@id\":\"https:\\\/\\\/noticiasmercedinas.com\\\/site\\\/#website\",\"url\":\"https:\\\/\\\/noticiasmercedinas.com\\\/site\\\/\",\"name\":\"NOTICIASMERCEDINAS.COM\",\"description\":\"Mercedes, Buenos Aires, Argentina\",\"publisher\":{\"@id\":\"https:\\\/\\\/noticiasmercedinas.com\\\/site\\\/#organization\"},\"potentialAction\":[{\"@type\":\"SearchAction\",\"target\":{\"@type\":\"EntryPoint\",\"urlTemplate\":\"https:\\\/\\\/noticiasmercedinas.com\\\/site\\\/?s={search_term_string}\"},\"query-input\":{\"@type\":\"PropertyValueSpecification\",\"valueRequired\":true,\"valueName\":\"search_term_string\"}}],\"inLanguage\":\"es\"},{\"@type\":\"Organization\",\"@id\":\"https:\\\/\\\/noticiasmercedinas.com\\\/site\\\/#organization\",\"name\":\"NOTICIASMERCEDINAS.COM\",\"url\":\"https:\\\/\\\/noticiasmercedinas.com\\\/site\\\/\",\"logo\":{\"@type\":\"ImageObject\",\"inLanguage\":\"es\",\"@id\":\"https:\\\/\\\/noticiasmercedinas.com\\\/site\\\/#\\\/schema\\\/logo\\\/image\\\/\",\"url\":\"https:\\\/\\\/noticiasmercedinas.com\\\/site\\\/wp-content\\\/uploads\\\/2020\\\/06\\\/LOGO-512.jpg\",\"contentUrl\":\"https:\\\/\\\/noticiasmercedinas.com\\\/site\\\/wp-content\\\/uploads\\\/2020\\\/06\\\/LOGO-512.jpg\",\"width\":512,\"height\":512,\"caption\":\"NOTICIASMERCEDINAS.COM\"},\"image\":{\"@id\":\"https:\\\/\\\/noticiasmercedinas.com\\\/site\\\/#\\\/schema\\\/logo\\\/image\\\/\"},\"sameAs\":[\"https:\\\/\\\/www.facebook.com\\\/noticiasmercedinas\\\/\",\"https:\\\/\\\/x.com\\\/notmercedinas\",\"https:\\\/\\\/www.instagram.com\\\/noticiasmercedinas\\\/\"]},{\"@type\":\"Person\",\"@id\":\"https:\\\/\\\/noticiasmercedinas.com\\\/site\\\/#\\\/schema\\\/person\\\/84b59c099c28ff2e8b77d4ceec5d8063\",\"name\":\"NOTICIASMERCEDINAS.COM\",\"image\":{\"@type\":\"ImageObject\",\"inLanguage\":\"es\",\"@id\":\"https:\\\/\\\/secure.gravatar.com\\\/avatar\\\/4dfbf16b4d17945bfb6341b2d19043457132fcf478a5ee04f42e959fd8f5df0a?s=96&d=mm&r=g\",\"url\":\"https:\\\/\\\/secure.gravatar.com\\\/avatar\\\/4dfbf16b4d17945bfb6341b2d19043457132fcf478a5ee04f42e959fd8f5df0a?s=96&d=mm&r=g\",\"contentUrl\":\"https:\\\/\\\/secure.gravatar.com\\\/avatar\\\/4dfbf16b4d17945bfb6341b2d19043457132fcf478a5ee04f42e959fd8f5df0a?s=96&d=mm&r=g\",\"caption\":\"NOTICIASMERCEDINAS.COM\"},\"url\":\"https:\\\/\\\/noticiasmercedinas.com\\\/site\\\/author\\\/anonimo\\\/\"}]}<\/script>\n<!-- \/ Yoast SEO plugin. -->","yoast_head_json":{"title":"El intendente Ustarroz particip\u00f3 de un ensayo general con la Orquesta Escuela Municipal","robots":{"index":"index","follow":"follow","max-snippet":"max-snippet:-1","max-image-preview":"max-image-preview:large","max-video-preview":"max-video-preview:-1"},"canonical":"https:\/\/noticiasmercedinas.com\/site\/2024\/10\/09\/el-intendente-ustarroz-participo-de-un-ensayo-general-con-la-orquesta-escuela-municipal\/","og_locale":"es_ES","og_type":"article","og_title":"El intendente Ustarroz particip\u00f3 de un ensayo general con la Orquesta Escuela Municipal","og_description":"\u25a0 El maestro Horacio Vivares, director de la orquesta, junto con los profesores de los distintos instrumentos, mostraron parte del trabajo realizado, interpretando tres tangos cl\u00e1sicos y una chacarera","og_url":"https:\/\/noticiasmercedinas.com\/site\/2024\/10\/09\/el-intendente-ustarroz-participo-de-un-ensayo-general-con-la-orquesta-escuela-municipal\/","og_site_name":"NOTICIASMERCEDINAS.COM","article_publisher":"https:\/\/www.facebook.com\/noticiasmercedinas\/","article_published_time":"2024-10-09T23:18:06+00:00","article_modified_time":"2024-10-09T23:40:28+00:00","og_image":[{"width":1600,"height":1204,"url":"https:\/\/noticiasmercedinas.com\/site\/wp-content\/uploads\/2024\/10\/fdd2d0c5-67f5-425c-9b1c-9b720523626c.jpeg","type":"image\/jpeg"}],"author":"NOTICIASMERCEDINAS.COM","twitter_card":"summary_large_image","twitter_creator":"@notmercedinas","twitter_site":"@notmercedinas","twitter_misc":{"Escrito por":"NOTICIASMERCEDINAS.COM","Tiempo de lectura":"2 minutos"},"schema":{"@context":"https:\/\/schema.org","@graph":[{"@type":"Article","@id":"https:\/\/noticiasmercedinas.com\/site\/2024\/10\/09\/el-intendente-ustarroz-participo-de-un-ensayo-general-con-la-orquesta-escuela-municipal\/#article","isPartOf":{"@id":"https:\/\/noticiasmercedinas.com\/site\/2024\/10\/09\/el-intendente-ustarroz-participo-de-un-ensayo-general-con-la-orquesta-escuela-municipal\/"},"author":{"name":"NOTICIASMERCEDINAS.COM","@id":"https:\/\/noticiasmercedinas.com\/site\/#\/schema\/person\/84b59c099c28ff2e8b77d4ceec5d8063"},"headline":"El intendente Ustarroz particip\u00f3 de un ensayo general con la Orquesta Escuela Municipal","datePublished":"2024-10-09T23:18:06+00:00","dateModified":"2024-10-09T23:40:28+00:00","mainEntityOfPage":{"@id":"https:\/\/noticiasmercedinas.com\/site\/2024\/10\/09\/el-intendente-ustarroz-participo-de-un-ensayo-general-con-la-orquesta-escuela-municipal\/"},"wordCount":507,"publisher":{"@id":"https:\/\/noticiasmercedinas.com\/site\/#organization"},"image":{"@id":"https:\/\/noticiasmercedinas.com\/site\/2024\/10\/09\/el-intendente-ustarroz-participo-de-un-ensayo-general-con-la-orquesta-escuela-municipal\/#primaryimage"},"thumbnailUrl":"https:\/\/noticiasmercedinas.com\/site\/wp-content\/uploads\/2024\/10\/fdd2d0c5-67f5-425c-9b1c-9b720523626c.jpeg","keywords":["horacio vivares","juan ignacio ustarroz","Manuel Maturo","orquesta escuela"],"articleSection":["Cultura"],"inLanguage":"es"},{"@type":"WebPage","@id":"https:\/\/noticiasmercedinas.com\/site\/2024\/10\/09\/el-intendente-ustarroz-participo-de-un-ensayo-general-con-la-orquesta-escuela-municipal\/","url":"https:\/\/noticiasmercedinas.com\/site\/2024\/10\/09\/el-intendente-ustarroz-participo-de-un-ensayo-general-con-la-orquesta-escuela-municipal\/","name":"El intendente Ustarroz particip\u00f3 de un ensayo general con la Orquesta Escuela Municipal","isPartOf":{"@id":"https:\/\/noticiasmercedinas.com\/site\/#website"},"primaryImageOfPage":{"@id":"https:\/\/noticiasmercedinas.com\/site\/2024\/10\/09\/el-intendente-ustarroz-participo-de-un-ensayo-general-con-la-orquesta-escuela-municipal\/#primaryimage"},"image":{"@id":"https:\/\/noticiasmercedinas.com\/site\/2024\/10\/09\/el-intendente-ustarroz-participo-de-un-ensayo-general-con-la-orquesta-escuela-municipal\/#primaryimage"},"thumbnailUrl":"https:\/\/noticiasmercedinas.com\/site\/wp-content\/uploads\/2024\/10\/fdd2d0c5-67f5-425c-9b1c-9b720523626c.jpeg","datePublished":"2024-10-09T23:18:06+00:00","dateModified":"2024-10-09T23:40:28+00:00","breadcrumb":{"@id":"https:\/\/noticiasmercedinas.com\/site\/2024\/10\/09\/el-intendente-ustarroz-participo-de-un-ensayo-general-con-la-orquesta-escuela-municipal\/#breadcrumb"},"inLanguage":"es","potentialAction":[{"@type":"ReadAction","target":["https:\/\/noticiasmercedinas.com\/site\/2024\/10\/09\/el-intendente-ustarroz-participo-de-un-ensayo-general-con-la-orquesta-escuela-municipal\/"]}]},{"@type":"ImageObject","inLanguage":"es","@id":"https:\/\/noticiasmercedinas.com\/site\/2024\/10\/09\/el-intendente-ustarroz-participo-de-un-ensayo-general-con-la-orquesta-escuela-municipal\/#primaryimage","url":"https:\/\/noticiasmercedinas.com\/site\/wp-content\/uploads\/2024\/10\/fdd2d0c5-67f5-425c-9b1c-9b720523626c.jpeg","contentUrl":"https:\/\/noticiasmercedinas.com\/site\/wp-content\/uploads\/2024\/10\/fdd2d0c5-67f5-425c-9b1c-9b720523626c.jpeg","width":1600,"height":1204},{"@type":"BreadcrumbList","@id":"https:\/\/noticiasmercedinas.com\/site\/2024\/10\/09\/el-intendente-ustarroz-participo-de-un-ensayo-general-con-la-orquesta-escuela-municipal\/#breadcrumb","itemListElement":[{"@type":"ListItem","position":1,"name":"Portada","item":"https:\/\/noticiasmercedinas.com\/site\/"},{"@type":"ListItem","position":2,"name":"El intendente Ustarroz particip\u00f3 de un ensayo general con la Orquesta Escuela Municipal"}]},{"@type":"WebSite","@id":"https:\/\/noticiasmercedinas.com\/site\/#website","url":"https:\/\/noticiasmercedinas.com\/site\/","name":"NOTICIASMERCEDINAS.COM","description":"Mercedes, Buenos Aires, Argentina","publisher":{"@id":"https:\/\/noticiasmercedinas.com\/site\/#organization"},"potentialAction":[{"@type":"SearchAction","target":{"@type":"EntryPoint","urlTemplate":"https:\/\/noticiasmercedinas.com\/site\/?s={search_term_string}"},"query-input":{"@type":"PropertyValueSpecification","valueRequired":true,"valueName":"search_term_string"}}],"inLanguage":"es"},{"@type":"Organization","@id":"https:\/\/noticiasmercedinas.com\/site\/#organization","name":"NOTICIASMERCEDINAS.COM","url":"https:\/\/noticiasmercedinas.com\/site\/","logo":{"@type":"ImageObject","inLanguage":"es","@id":"https:\/\/noticiasmercedinas.com\/site\/#\/schema\/logo\/image\/","url":"https:\/\/noticiasmercedinas.com\/site\/wp-content\/uploads\/2020\/06\/LOGO-512.jpg","contentUrl":"https:\/\/noticiasmercedinas.com\/site\/wp-content\/uploads\/2020\/06\/LOGO-512.jpg","width":512,"height":512,"caption":"NOTICIASMERCEDINAS.COM"},"image":{"@id":"https:\/\/noticiasmercedinas.com\/site\/#\/schema\/logo\/image\/"},"sameAs":["https:\/\/www.facebook.com\/noticiasmercedinas\/","https:\/\/x.com\/notmercedinas","https:\/\/www.instagram.com\/noticiasmercedinas\/"]},{"@type":"Person","@id":"https:\/\/noticiasmercedinas.com\/site\/#\/schema\/person\/84b59c099c28ff2e8b77d4ceec5d8063","name":"NOTICIASMERCEDINAS.COM","image":{"@type":"ImageObject","inLanguage":"es","@id":"https:\/\/secure.gravatar.com\/avatar\/4dfbf16b4d17945bfb6341b2d19043457132fcf478a5ee04f42e959fd8f5df0a?s=96&d=mm&r=g","url":"https:\/\/secure.gravatar.com\/avatar\/4dfbf16b4d17945bfb6341b2d19043457132fcf478a5ee04f42e959fd8f5df0a?s=96&d=mm&r=g","contentUrl":"https:\/\/secure.gravatar.com\/avatar\/4dfbf16b4d17945bfb6341b2d19043457132fcf478a5ee04f42e959fd8f5df0a?s=96&d=mm&r=g","caption":"NOTICIASMERCEDINAS.COM"},"url":"https:\/\/noticiasmercedinas.com\/site\/author\/anonimo\/"}]}},"amp_enabled":true,"_links":{"self":[{"href":"https:\/\/noticiasmercedinas.com\/site\/wp-json\/wp\/v2\/posts\/145825","targetHints":{"allow":["GET"]}}],"collection":[{"href":"https:\/\/noticiasmercedinas.com\/site\/wp-json\/wp\/v2\/posts"}],"about":[{"href":"https:\/\/noticiasmercedinas.com\/site\/wp-json\/wp\/v2\/types\/post"}],"author":[{"embeddable":true,"href":"https:\/\/noticiasmercedinas.com\/site\/wp-json\/wp\/v2\/users\/16"}],"replies":[{"embeddable":true,"href":"https:\/\/noticiasmercedinas.com\/site\/wp-json\/wp\/v2\/comments?post=145825"}],"version-history":[{"count":3,"href":"https:\/\/noticiasmercedinas.com\/site\/wp-json\/wp\/v2\/posts\/145825\/revisions"}],"predecessor-version":[{"id":145831,"href":"https:\/\/noticiasmercedinas.com\/site\/wp-json\/wp\/v2\/posts\/145825\/revisions\/145831"}],"wp:featuredmedia":[{"embeddable":true,"href":"https:\/\/noticiasmercedinas.com\/site\/wp-json\/wp\/v2\/media\/145826"}],"wp:attachment":[{"href":"https:\/\/noticiasmercedinas.com\/site\/wp-json\/wp\/v2\/media?parent=145825"}],"wp:term":[{"taxonomy":"category","embeddable":true,"href":"https:\/\/noticiasmercedinas.com\/site\/wp-json\/wp\/v2\/categories?post=145825"},{"taxonomy":"post_tag","embeddable":true,"href":"https:\/\/noticiasmercedinas.com\/site\/wp-json\/wp\/v2\/tags?post=145825"}],"curies":[{"name":"wp","href":"https:\/\/api.w.org\/{rel}","templated":true}]}}