{"id":145921,"date":"2024-10-11T11:58:03","date_gmt":"2024-10-11T14:58:03","guid":{"rendered":"https:\/\/noticiasmercedinas.com\/site\/?p=145921"},"modified":"2024-10-11T11:58:03","modified_gmt":"2024-10-11T14:58:03","slug":"maximiliano-salinas-subcampeon-en-los-5000-metros","status":"publish","type":"post","link":"https:\/\/noticiasmercedinas.com\/site\/2024\/10\/11\/maximiliano-salinas-subcampeon-en-los-5000-metros\/","title":{"rendered":"Maximiliano Salinas subcampe\u00f3n en los 5000 metros"},"content":{"rendered":"<figure id=\"attachment_145922\" aria-describedby=\"caption-attachment-145922\" style=\"width: 640px\" class=\"wp-caption alignnone\"><img loading=\"lazy\" decoding=\"async\" class=\"wp-image-145922 size-full\" src=\"https:\/\/noticiasmercedinas.com\/site\/wp-content\/uploads\/2024\/10\/4c574473-78ee-4055-a9c5-3d0a0ccc28d4.jpg\" alt=\"\" width=\"640\" height=\"430\" srcset=\"https:\/\/noticiasmercedinas.com\/site\/wp-content\/uploads\/2024\/10\/4c574473-78ee-4055-a9c5-3d0a0ccc28d4.jpg 640w, https:\/\/noticiasmercedinas.com\/site\/wp-content\/uploads\/2024\/10\/4c574473-78ee-4055-a9c5-3d0a0ccc28d4-300x202.jpg 300w, https:\/\/noticiasmercedinas.com\/site\/wp-content\/uploads\/2024\/10\/4c574473-78ee-4055-a9c5-3d0a0ccc28d4-537x360.jpg 537w\" sizes=\"auto, (max-width: 640px) 100vw, 640px\" \/><figcaption id=\"caption-attachment-145922\" class=\"wp-caption-text\">sobre al izquierda, Maximiliano Salinas, segundo en los 5000 metros.<\/figcaption><\/figure>\n<p>En 44\u00b0 Campeonato Argentino Master de Pista y Campo para el atletismo en la ciudad de Santa Rosa (La Pampa) tambi\u00e9n toma parte Maximiliano Salinas, habiendo tenido la primera de las dos pruebas que se plate\u00f3 <a href=\"https:\/\/noticiasmercedinas.com\/site\/2024\/10\/10\/debora-martinelli-inicio-el-argentino-de-master-con-un-buen-resultado\/\">D\u00e9bora Martinelli<\/a> en la jornada de ayer, jueves. D\u00eda donde adem\u00e1s tom\u00f3 parte Salinas en una de las pruebas de pista.<\/p>\n<p>Fue en los 5000 metros llanos, carrera que en principio lo tuvo en el tercer puesto, aunque una descalificaci\u00f3n por parte de los jueces lo termin\u00f3 dejando al mercedino en el segundo escal\u00f3n, subcampe\u00f3n argentino en la categor\u00eda de los Mayores de 45 a\u00f1os, con una marca de 17\u2019 40\u201d, pasando por la premiaci\u00f3n para tener el mismo d\u00eda otra prueba.<\/p>\n<p>En medio de un estado gripal y con el desgaste de los 5000 metros, no encontr\u00f3 el mejor de los rendimientos en los 800 metros. Para el venidero s\u00e1bado 12 Salinas cerrar\u00e1 el Argentino en los 1500 metros llanos.<\/p>\n","protected":false},"excerpt":{"rendered":"<p>\u25a0 El viernes logr\u00f3 llegar al podio en la categor\u00eda de los Mayores de 45 a\u00f1os. Tambi\u00e9n fue parte de los 800 metros y este s\u00e1bado cerrar\u00e1 su participaci\u00f3n con los 1500 metros llanos. <\/p>\n","protected":false},"author":6,"featured_media":145922,"comment_status":"closed","ping_status":"closed","sticky":false,"template":"","format":"standard","meta":{"footnotes":""},"categories":[5],"tags":[329,16352],"class_list":["post-145921","post","type-post","status-publish","format-standard","has-post-thumbnail","hentry","category-deportes","tag-atletismo","tag-maximiliano-salinas"],"yoast_head":"<!-- This site is optimized with the Yoast SEO plugin v27.5 - https:\/\/yoast.com\/product\/yoast-seo-wordpress\/ -->\n<title>Maximiliano Salinas subcampe\u00f3n en los 5000 metros<\/title>\n<meta name=\"robots\" content=\"index, follow, max-snippet:-1, max-image-preview:large, max-video-preview:-1\" \/>\n<link rel=\"canonical\" href=\"https:\/\/noticiasmercedinas.com\/site\/2024\/10\/11\/maximiliano-salinas-subcampeon-en-los-5000-metros\/\" \/>\n<meta property=\"og:locale\" content=\"es_ES\" \/>\n<meta property=\"og:type\" content=\"article\" \/>\n<meta property=\"og:title\" content=\"Maximiliano Salinas subcampe\u00f3n en los 5000 metros\" \/>\n<meta property=\"og:description\" content=\"\u25a0 El viernes logr\u00f3 llegar al podio en la categor\u00eda de los Mayores de 45 a\u00f1os. Tambi\u00e9n fue parte de los 800 metros y este s\u00e1bado cerrar\u00e1 su participaci\u00f3n con los 1500 metros llanos.\" \/>\n<meta property=\"og:url\" content=\"https:\/\/noticiasmercedinas.com\/site\/2024\/10\/11\/maximiliano-salinas-subcampeon-en-los-5000-metros\/\" \/>\n<meta property=\"og:site_name\" content=\"NOTICIASMERCEDINAS.COM\" \/>\n<meta property=\"article:publisher\" content=\"https:\/\/www.facebook.com\/noticiasmercedinas\/\" \/>\n<meta property=\"article:published_time\" content=\"2024-10-11T14:58:03+00:00\" \/>\n<meta property=\"og:image\" content=\"https:\/\/noticiasmercedinas.com\/site\/wp-content\/uploads\/2024\/10\/4c574473-78ee-4055-a9c5-3d0a0ccc28d4.jpg\" \/>\n\t<meta property=\"og:image:width\" content=\"640\" \/>\n\t<meta property=\"og:image:height\" content=\"430\" \/>\n\t<meta property=\"og:image:type\" content=\"image\/jpeg\" \/>\n<meta name=\"author\" content=\"Juan Dagnino NOTICIASMERCEDINAS.COM\" \/>\n<meta name=\"twitter:card\" content=\"summary_large_image\" \/>\n<meta name=\"twitter:creator\" content=\"@notmercedinas\" \/>\n<meta name=\"twitter:site\" content=\"@notmercedinas\" \/>\n<meta name=\"twitter:label1\" content=\"Escrito por\" \/>\n\t<meta name=\"twitter:data1\" content=\"Juan Dagnino NOTICIASMERCEDINAS.COM\" \/>\n\t<meta name=\"twitter:label2\" content=\"Tiempo de lectura\" \/>\n\t<meta name=\"twitter:data2\" content=\"1 minuto\" \/>\n<script type=\"application\/ld+json\" class=\"yoast-schema-graph\">{\"@context\":\"https:\\\/\\\/schema.org\",\"@graph\":[{\"@type\":\"Article\",\"@id\":\"https:\\\/\\\/noticiasmercedinas.com\\\/site\\\/2024\\\/10\\\/11\\\/maximiliano-salinas-subcampeon-en-los-5000-metros\\\/#article\",\"isPartOf\":{\"@id\":\"https:\\\/\\\/noticiasmercedinas.com\\\/site\\\/2024\\\/10\\\/11\\\/maximiliano-salinas-subcampeon-en-los-5000-metros\\\/\"},\"author\":{\"name\":\"Juan Dagnino NOTICIASMERCEDINAS.COM\",\"@id\":\"https:\\\/\\\/noticiasmercedinas.com\\\/site\\\/#\\\/schema\\\/person\\\/8f2f09d666ef40986eba4a5e6f2a06f9\"},\"headline\":\"Maximiliano Salinas subcampe\u00f3n en los 5000 metros\",\"datePublished\":\"2024-10-11T14:58:03+00:00\",\"mainEntityOfPage\":{\"@id\":\"https:\\\/\\\/noticiasmercedinas.com\\\/site\\\/2024\\\/10\\\/11\\\/maximiliano-salinas-subcampeon-en-los-5000-metros\\\/\"},\"wordCount\":183,\"publisher\":{\"@id\":\"https:\\\/\\\/noticiasmercedinas.com\\\/site\\\/#organization\"},\"image\":{\"@id\":\"https:\\\/\\\/noticiasmercedinas.com\\\/site\\\/2024\\\/10\\\/11\\\/maximiliano-salinas-subcampeon-en-los-5000-metros\\\/#primaryimage\"},\"thumbnailUrl\":\"https:\\\/\\\/noticiasmercedinas.com\\\/site\\\/wp-content\\\/uploads\\\/2024\\\/10\\\/4c574473-78ee-4055-a9c5-3d0a0ccc28d4.jpg\",\"keywords\":[\"atletismo\",\"maximiliano salinas\"],\"articleSection\":[\"Deportes\"],\"inLanguage\":\"es\"},{\"@type\":\"WebPage\",\"@id\":\"https:\\\/\\\/noticiasmercedinas.com\\\/site\\\/2024\\\/10\\\/11\\\/maximiliano-salinas-subcampeon-en-los-5000-metros\\\/\",\"url\":\"https:\\\/\\\/noticiasmercedinas.com\\\/site\\\/2024\\\/10\\\/11\\\/maximiliano-salinas-subcampeon-en-los-5000-metros\\\/\",\"name\":\"Maximiliano Salinas subcampe\u00f3n en los 5000 metros\",\"isPartOf\":{\"@id\":\"https:\\\/\\\/noticiasmercedinas.com\\\/site\\\/#website\"},\"primaryImageOfPage\":{\"@id\":\"https:\\\/\\\/noticiasmercedinas.com\\\/site\\\/2024\\\/10\\\/11\\\/maximiliano-salinas-subcampeon-en-los-5000-metros\\\/#primaryimage\"},\"image\":{\"@id\":\"https:\\\/\\\/noticiasmercedinas.com\\\/site\\\/2024\\\/10\\\/11\\\/maximiliano-salinas-subcampeon-en-los-5000-metros\\\/#primaryimage\"},\"thumbnailUrl\":\"https:\\\/\\\/noticiasmercedinas.com\\\/site\\\/wp-content\\\/uploads\\\/2024\\\/10\\\/4c574473-78ee-4055-a9c5-3d0a0ccc28d4.jpg\",\"datePublished\":\"2024-10-11T14:58:03+00:00\",\"breadcrumb\":{\"@id\":\"https:\\\/\\\/noticiasmercedinas.com\\\/site\\\/2024\\\/10\\\/11\\\/maximiliano-salinas-subcampeon-en-los-5000-metros\\\/#breadcrumb\"},\"inLanguage\":\"es\",\"potentialAction\":[{\"@type\":\"ReadAction\",\"target\":[\"https:\\\/\\\/noticiasmercedinas.com\\\/site\\\/2024\\\/10\\\/11\\\/maximiliano-salinas-subcampeon-en-los-5000-metros\\\/\"]}]},{\"@type\":\"ImageObject\",\"inLanguage\":\"es\",\"@id\":\"https:\\\/\\\/noticiasmercedinas.com\\\/site\\\/2024\\\/10\\\/11\\\/maximiliano-salinas-subcampeon-en-los-5000-metros\\\/#primaryimage\",\"url\":\"https:\\\/\\\/noticiasmercedinas.com\\\/site\\\/wp-content\\\/uploads\\\/2024\\\/10\\\/4c574473-78ee-4055-a9c5-3d0a0ccc28d4.jpg\",\"contentUrl\":\"https:\\\/\\\/noticiasmercedinas.com\\\/site\\\/wp-content\\\/uploads\\\/2024\\\/10\\\/4c574473-78ee-4055-a9c5-3d0a0ccc28d4.jpg\",\"width\":640,\"height\":430},{\"@type\":\"BreadcrumbList\",\"@id\":\"https:\\\/\\\/noticiasmercedinas.com\\\/site\\\/2024\\\/10\\\/11\\\/maximiliano-salinas-subcampeon-en-los-5000-metros\\\/#breadcrumb\",\"itemListElement\":[{\"@type\":\"ListItem\",\"position\":1,\"name\":\"Portada\",\"item\":\"https:\\\/\\\/noticiasmercedinas.com\\\/site\\\/\"},{\"@type\":\"ListItem\",\"position\":2,\"name\":\"Maximiliano Salinas subcampe\u00f3n en los 5000 metros\"}]},{\"@type\":\"WebSite\",\"@id\":\"https:\\\/\\\/noticiasmercedinas.com\\\/site\\\/#website\",\"url\":\"https:\\\/\\\/noticiasmercedinas.com\\\/site\\\/\",\"name\":\"NOTICIASMERCEDINAS.COM\",\"description\":\"Mercedes, Buenos Aires, Argentina\",\"publisher\":{\"@id\":\"https:\\\/\\\/noticiasmercedinas.com\\\/site\\\/#organization\"},\"potentialAction\":[{\"@type\":\"SearchAction\",\"target\":{\"@type\":\"EntryPoint\",\"urlTemplate\":\"https:\\\/\\\/noticiasmercedinas.com\\\/site\\\/?s={search_term_string}\"},\"query-input\":{\"@type\":\"PropertyValueSpecification\",\"valueRequired\":true,\"valueName\":\"search_term_string\"}}],\"inLanguage\":\"es\"},{\"@type\":\"Organization\",\"@id\":\"https:\\\/\\\/noticiasmercedinas.com\\\/site\\\/#organization\",\"name\":\"NOTICIASMERCEDINAS.COM\",\"url\":\"https:\\\/\\\/noticiasmercedinas.com\\\/site\\\/\",\"logo\":{\"@type\":\"ImageObject\",\"inLanguage\":\"es\",\"@id\":\"https:\\\/\\\/noticiasmercedinas.com\\\/site\\\/#\\\/schema\\\/logo\\\/image\\\/\",\"url\":\"https:\\\/\\\/noticiasmercedinas.com\\\/site\\\/wp-content\\\/uploads\\\/2020\\\/06\\\/LOGO-512.jpg\",\"contentUrl\":\"https:\\\/\\\/noticiasmercedinas.com\\\/site\\\/wp-content\\\/uploads\\\/2020\\\/06\\\/LOGO-512.jpg\",\"width\":512,\"height\":512,\"caption\":\"NOTICIASMERCEDINAS.COM\"},\"image\":{\"@id\":\"https:\\\/\\\/noticiasmercedinas.com\\\/site\\\/#\\\/schema\\\/logo\\\/image\\\/\"},\"sameAs\":[\"https:\\\/\\\/www.facebook.com\\\/noticiasmercedinas\\\/\",\"https:\\\/\\\/x.com\\\/notmercedinas\",\"https:\\\/\\\/www.instagram.com\\\/noticiasmercedinas\\\/\"]},{\"@type\":\"Person\",\"@id\":\"https:\\\/\\\/noticiasmercedinas.com\\\/site\\\/#\\\/schema\\\/person\\\/8f2f09d666ef40986eba4a5e6f2a06f9\",\"name\":\"Juan Dagnino NOTICIASMERCEDINAS.COM\",\"image\":{\"@type\":\"ImageObject\",\"inLanguage\":\"es\",\"@id\":\"https:\\\/\\\/secure.gravatar.com\\\/avatar\\\/fc7059a769f5a3cae65fadb228a3e4accf3a64b4b2305020d0a27e6d5333c91b?s=96&d=mm&r=g\",\"url\":\"https:\\\/\\\/secure.gravatar.com\\\/avatar\\\/fc7059a769f5a3cae65fadb228a3e4accf3a64b4b2305020d0a27e6d5333c91b?s=96&d=mm&r=g\",\"contentUrl\":\"https:\\\/\\\/secure.gravatar.com\\\/avatar\\\/fc7059a769f5a3cae65fadb228a3e4accf3a64b4b2305020d0a27e6d5333c91b?s=96&d=mm&r=g\",\"caption\":\"Juan Dagnino NOTICIASMERCEDINAS.COM\"},\"url\":\"https:\\\/\\\/noticiasmercedinas.com\\\/site\\\/author\\\/juandagnino\\\/\"}]}<\/script>\n<!-- \/ Yoast SEO plugin. -->","yoast_head_json":{"title":"Maximiliano Salinas subcampe\u00f3n en los 5000 metros","robots":{"index":"index","follow":"follow","max-snippet":"max-snippet:-1","max-image-preview":"max-image-preview:large","max-video-preview":"max-video-preview:-1"},"canonical":"https:\/\/noticiasmercedinas.com\/site\/2024\/10\/11\/maximiliano-salinas-subcampeon-en-los-5000-metros\/","og_locale":"es_ES","og_type":"article","og_title":"Maximiliano Salinas subcampe\u00f3n en los 5000 metros","og_description":"\u25a0 El viernes logr\u00f3 llegar al podio en la categor\u00eda de los Mayores de 45 a\u00f1os. Tambi\u00e9n fue parte de los 800 metros y este s\u00e1bado cerrar\u00e1 su participaci\u00f3n con los 1500 metros llanos.","og_url":"https:\/\/noticiasmercedinas.com\/site\/2024\/10\/11\/maximiliano-salinas-subcampeon-en-los-5000-metros\/","og_site_name":"NOTICIASMERCEDINAS.COM","article_publisher":"https:\/\/www.facebook.com\/noticiasmercedinas\/","article_published_time":"2024-10-11T14:58:03+00:00","og_image":[{"width":640,"height":430,"url":"https:\/\/noticiasmercedinas.com\/site\/wp-content\/uploads\/2024\/10\/4c574473-78ee-4055-a9c5-3d0a0ccc28d4.jpg","type":"image\/jpeg"}],"author":"Juan Dagnino NOTICIASMERCEDINAS.COM","twitter_card":"summary_large_image","twitter_creator":"@notmercedinas","twitter_site":"@notmercedinas","twitter_misc":{"Escrito por":"Juan Dagnino NOTICIASMERCEDINAS.COM","Tiempo de lectura":"1 minuto"},"schema":{"@context":"https:\/\/schema.org","@graph":[{"@type":"Article","@id":"https:\/\/noticiasmercedinas.com\/site\/2024\/10\/11\/maximiliano-salinas-subcampeon-en-los-5000-metros\/#article","isPartOf":{"@id":"https:\/\/noticiasmercedinas.com\/site\/2024\/10\/11\/maximiliano-salinas-subcampeon-en-los-5000-metros\/"},"author":{"name":"Juan Dagnino NOTICIASMERCEDINAS.COM","@id":"https:\/\/noticiasmercedinas.com\/site\/#\/schema\/person\/8f2f09d666ef40986eba4a5e6f2a06f9"},"headline":"Maximiliano Salinas subcampe\u00f3n en los 5000 metros","datePublished":"2024-10-11T14:58:03+00:00","mainEntityOfPage":{"@id":"https:\/\/noticiasmercedinas.com\/site\/2024\/10\/11\/maximiliano-salinas-subcampeon-en-los-5000-metros\/"},"wordCount":183,"publisher":{"@id":"https:\/\/noticiasmercedinas.com\/site\/#organization"},"image":{"@id":"https:\/\/noticiasmercedinas.com\/site\/2024\/10\/11\/maximiliano-salinas-subcampeon-en-los-5000-metros\/#primaryimage"},"thumbnailUrl":"https:\/\/noticiasmercedinas.com\/site\/wp-content\/uploads\/2024\/10\/4c574473-78ee-4055-a9c5-3d0a0ccc28d4.jpg","keywords":["atletismo","maximiliano salinas"],"articleSection":["Deportes"],"inLanguage":"es"},{"@type":"WebPage","@id":"https:\/\/noticiasmercedinas.com\/site\/2024\/10\/11\/maximiliano-salinas-subcampeon-en-los-5000-metros\/","url":"https:\/\/noticiasmercedinas.com\/site\/2024\/10\/11\/maximiliano-salinas-subcampeon-en-los-5000-metros\/","name":"Maximiliano Salinas subcampe\u00f3n en los 5000 metros","isPartOf":{"@id":"https:\/\/noticiasmercedinas.com\/site\/#website"},"primaryImageOfPage":{"@id":"https:\/\/noticiasmercedinas.com\/site\/2024\/10\/11\/maximiliano-salinas-subcampeon-en-los-5000-metros\/#primaryimage"},"image":{"@id":"https:\/\/noticiasmercedinas.com\/site\/2024\/10\/11\/maximiliano-salinas-subcampeon-en-los-5000-metros\/#primaryimage"},"thumbnailUrl":"https:\/\/noticiasmercedinas.com\/site\/wp-content\/uploads\/2024\/10\/4c574473-78ee-4055-a9c5-3d0a0ccc28d4.jpg","datePublished":"2024-10-11T14:58:03+00:00","breadcrumb":{"@id":"https:\/\/noticiasmercedinas.com\/site\/2024\/10\/11\/maximiliano-salinas-subcampeon-en-los-5000-metros\/#breadcrumb"},"inLanguage":"es","potentialAction":[{"@type":"ReadAction","target":["https:\/\/noticiasmercedinas.com\/site\/2024\/10\/11\/maximiliano-salinas-subcampeon-en-los-5000-metros\/"]}]},{"@type":"ImageObject","inLanguage":"es","@id":"https:\/\/noticiasmercedinas.com\/site\/2024\/10\/11\/maximiliano-salinas-subcampeon-en-los-5000-metros\/#primaryimage","url":"https:\/\/noticiasmercedinas.com\/site\/wp-content\/uploads\/2024\/10\/4c574473-78ee-4055-a9c5-3d0a0ccc28d4.jpg","contentUrl":"https:\/\/noticiasmercedinas.com\/site\/wp-content\/uploads\/2024\/10\/4c574473-78ee-4055-a9c5-3d0a0ccc28d4.jpg","width":640,"height":430},{"@type":"BreadcrumbList","@id":"https:\/\/noticiasmercedinas.com\/site\/2024\/10\/11\/maximiliano-salinas-subcampeon-en-los-5000-metros\/#breadcrumb","itemListElement":[{"@type":"ListItem","position":1,"name":"Portada","item":"https:\/\/noticiasmercedinas.com\/site\/"},{"@type":"ListItem","position":2,"name":"Maximiliano Salinas subcampe\u00f3n en los 5000 metros"}]},{"@type":"WebSite","@id":"https:\/\/noticiasmercedinas.com\/site\/#website","url":"https:\/\/noticiasmercedinas.com\/site\/","name":"NOTICIASMERCEDINAS.COM","description":"Mercedes, Buenos Aires, Argentina","publisher":{"@id":"https:\/\/noticiasmercedinas.com\/site\/#organization"},"potentialAction":[{"@type":"SearchAction","target":{"@type":"EntryPoint","urlTemplate":"https:\/\/noticiasmercedinas.com\/site\/?s={search_term_string}"},"query-input":{"@type":"PropertyValueSpecification","valueRequired":true,"valueName":"search_term_string"}}],"inLanguage":"es"},{"@type":"Organization","@id":"https:\/\/noticiasmercedinas.com\/site\/#organization","name":"NOTICIASMERCEDINAS.COM","url":"https:\/\/noticiasmercedinas.com\/site\/","logo":{"@type":"ImageObject","inLanguage":"es","@id":"https:\/\/noticiasmercedinas.com\/site\/#\/schema\/logo\/image\/","url":"https:\/\/noticiasmercedinas.com\/site\/wp-content\/uploads\/2020\/06\/LOGO-512.jpg","contentUrl":"https:\/\/noticiasmercedinas.com\/site\/wp-content\/uploads\/2020\/06\/LOGO-512.jpg","width":512,"height":512,"caption":"NOTICIASMERCEDINAS.COM"},"image":{"@id":"https:\/\/noticiasmercedinas.com\/site\/#\/schema\/logo\/image\/"},"sameAs":["https:\/\/www.facebook.com\/noticiasmercedinas\/","https:\/\/x.com\/notmercedinas","https:\/\/www.instagram.com\/noticiasmercedinas\/"]},{"@type":"Person","@id":"https:\/\/noticiasmercedinas.com\/site\/#\/schema\/person\/8f2f09d666ef40986eba4a5e6f2a06f9","name":"Juan Dagnino NOTICIASMERCEDINAS.COM","image":{"@type":"ImageObject","inLanguage":"es","@id":"https:\/\/secure.gravatar.com\/avatar\/fc7059a769f5a3cae65fadb228a3e4accf3a64b4b2305020d0a27e6d5333c91b?s=96&d=mm&r=g","url":"https:\/\/secure.gravatar.com\/avatar\/fc7059a769f5a3cae65fadb228a3e4accf3a64b4b2305020d0a27e6d5333c91b?s=96&d=mm&r=g","contentUrl":"https:\/\/secure.gravatar.com\/avatar\/fc7059a769f5a3cae65fadb228a3e4accf3a64b4b2305020d0a27e6d5333c91b?s=96&d=mm&r=g","caption":"Juan Dagnino NOTICIASMERCEDINAS.COM"},"url":"https:\/\/noticiasmercedinas.com\/site\/author\/juandagnino\/"}]}},"amp_enabled":true,"_links":{"self":[{"href":"https:\/\/noticiasmercedinas.com\/site\/wp-json\/wp\/v2\/posts\/145921","targetHints":{"allow":["GET"]}}],"collection":[{"href":"https:\/\/noticiasmercedinas.com\/site\/wp-json\/wp\/v2\/posts"}],"about":[{"href":"https:\/\/noticiasmercedinas.com\/site\/wp-json\/wp\/v2\/types\/post"}],"author":[{"embeddable":true,"href":"https:\/\/noticiasmercedinas.com\/site\/wp-json\/wp\/v2\/users\/6"}],"replies":[{"embeddable":true,"href":"https:\/\/noticiasmercedinas.com\/site\/wp-json\/wp\/v2\/comments?post=145921"}],"version-history":[{"count":1,"href":"https:\/\/noticiasmercedinas.com\/site\/wp-json\/wp\/v2\/posts\/145921\/revisions"}],"predecessor-version":[{"id":145923,"href":"https:\/\/noticiasmercedinas.com\/site\/wp-json\/wp\/v2\/posts\/145921\/revisions\/145923"}],"wp:featuredmedia":[{"embeddable":true,"href":"https:\/\/noticiasmercedinas.com\/site\/wp-json\/wp\/v2\/media\/145922"}],"wp:attachment":[{"href":"https:\/\/noticiasmercedinas.com\/site\/wp-json\/wp\/v2\/media?parent=145921"}],"wp:term":[{"taxonomy":"category","embeddable":true,"href":"https:\/\/noticiasmercedinas.com\/site\/wp-json\/wp\/v2\/categories?post=145921"},{"taxonomy":"post_tag","embeddable":true,"href":"https:\/\/noticiasmercedinas.com\/site\/wp-json\/wp\/v2\/tags?post=145921"}],"curies":[{"name":"wp","href":"https:\/\/api.w.org\/{rel}","templated":true}]}}