{"id":146149,"date":"2024-10-14T07:37:36","date_gmt":"2024-10-14T10:37:36","guid":{"rendered":"https:\/\/noticiasmercedinas.com\/site\/?p=146149"},"modified":"2024-10-14T17:40:10","modified_gmt":"2024-10-14T20:40:10","slug":"ministro-rodriguez-en-la-expo-rural-estamos-fortaleciendo-nuestro-acompanamiento-al-sector-privado","status":"publish","type":"post","link":"https:\/\/noticiasmercedinas.com\/site\/2024\/10\/14\/ministro-rodriguez-en-la-expo-rural-estamos-fortaleciendo-nuestro-acompanamiento-al-sector-privado\/","title":{"rendered":"Ministro Rodr\u00edguez en la Expo Rural: \u00abEstamos fortaleciendo nuestro acompa\u00f1amiento al sector privado\u00bb"},"content":{"rendered":"<p><img loading=\"lazy\" decoding=\"async\" class=\"alignnone size-full wp-image-146150\" src=\"https:\/\/noticiasmercedinas.com\/site\/wp-content\/uploads\/2024\/10\/bragado-14102024.jpg\" alt=\"\" width=\"700\" height=\"466\" srcset=\"https:\/\/noticiasmercedinas.com\/site\/wp-content\/uploads\/2024\/10\/bragado-14102024.jpg 700w, https:\/\/noticiasmercedinas.com\/site\/wp-content\/uploads\/2024\/10\/bragado-14102024-300x200.jpg 300w, https:\/\/noticiasmercedinas.com\/site\/wp-content\/uploads\/2024\/10\/bragado-14102024-640x426.jpg 640w, https:\/\/noticiasmercedinas.com\/site\/wp-content\/uploads\/2024\/10\/bragado-14102024-681x453.jpg 681w\" sizes=\"auto, (max-width: 700px) 100vw, 700px\" \/><\/p>\n<p>El ministro de Desarrollo Agrario de la provincia de Buenos Aires, Javier Rodr\u00edguez, particip\u00f3 de la 76\u00b0 Exposici\u00f3n de Ganader\u00eda, Agricultura, Industria y Comercio en el municipio de Mercedes. All\u00ed destac\u00f3 los programas y l\u00edneas de financiamiento espec\u00edficas del MDA para acompa\u00f1ar y fortalecer la actividad productiva bonaerense.<\/p>\n<p>\u201cEn estos momentos dif\u00edciles, desde la Provincia estamos fortaleciendo nuestro acompa\u00f1amiento al sector privado, impulsando la producci\u00f3n y el trabajo, porque creemos que la articulaci\u00f3n entre el sector p\u00fablico y el privado es la \u00fanica manera de generar empleo, desarrollo y arraigo en cada uno de los 135 municipios bonaerenses\u201d, se\u00f1al\u00f3 el ministro.<\/p>\n<p>\u201cEstas exposiciones son muy importantes porque justamente permiten mostrar todo el trabajo que llevan adelante las y los productores locales, el impacto de las pol\u00edticas p\u00fablicas, y los resultados de su articulaci\u00f3n. Estamos convencidos de que el agro es un vector de desarrollo en todo el territorio bonaerense, por eso desde la Provincia ofrecemos l\u00edneas de financiamiento espec\u00edficas para el sector y programas que mejoran la productividad; como el Plan de prevenci\u00f3n de enfermedades ven\u00e9reas en bovinos\u201d, a\u00f1adi\u00f3.<\/p>\n<p>Este Plan tiene una gran adhesi\u00f3n por parte de los productores y consta de incentivos y financiamiento para la realizaci\u00f3n de testeos, reposici\u00f3n de toros e infraestructura, capacitaciones, asistencia y acompa\u00f1amiento t\u00e9cnico, con el objetivo de incrementar la prevenci\u00f3n de \u00e9stas enfermedades.<\/p>\n<p>Adem\u00e1s, el titular de la cartera agraria bonaerense destac\u00f3 el programa de Mejora de Caminos Rurales, que ya va por su cuarta etapa y el programa de Buenas Pr\u00e1cticas Agr\u00edcolas, que tiene por objetivo la mejora y conservaci\u00f3n de los suelos bonaerenses a trav\u00e9s de incentivos econ\u00f3micos para las y los productores que apliquen las BPA.<\/p>\n<p>La 76\u00b0 edici\u00f3n de la Expo Rural Mercedes se realiz\u00f3 en el predio de La Rural, ubicado en la Ruta 5, kil\u00f3metro 100. Adem\u00e1s de participar del acto de inauguraci\u00f3n, el ministro recorri\u00f3 el lugar junto al intendente Juan Ignacio Ustarroz, y el titular de la Sociedad Rural local, Leonardo Fagundez. Tambi\u00e9n estuvo presente el senador, Wado de Pedro.<\/p>\n<p>Por otro lado, el ministro tambi\u00e9n estuvo presente en la 53\u00ba Fiesta Nacional del Caballo en Bragado junto al intendente Sergio Barenghi. El evento cont\u00f3 con diferentes actividades tributo a la tradici\u00f3n gauchesca y al caballo en su papel fundamental en la vida rural argentina.<\/p>\n<p>Acompa\u00f1\u00f3 al ministro, el director provincial de Agricultura, Mariano Pinedo.<\/p>\n","protected":false},"excerpt":{"rendered":"<p>\u25a0 En Mercedes el funcionario provincial destac\u00f3 los programas y l\u00edneas de financiamiento espec\u00edficas del Ministerio de Desarrollo Agrario para acompa\u00f1ar y fortalecer la actividad productiva bonaerense.<\/p>\n","protected":false},"author":16,"featured_media":146150,"comment_status":"closed","ping_status":"closed","sticky":false,"template":"","format":"standard","meta":{"footnotes":""},"categories":[3],"tags":[1112,6989,9094],"class_list":["post-146149","post","type-post","status-publish","format-standard","has-post-thumbnail","hentry","category-sociedad","tag-exposicion-rural","tag-javier-rodriguez","tag-ministerio-de-desarrollo-agrario"],"yoast_head":"<!-- This site is optimized with the Yoast SEO plugin v27.4 - https:\/\/yoast.com\/product\/yoast-seo-wordpress\/ -->\n<title>Ministro Rodr\u00edguez en la Expo Rural: &quot;Estamos fortaleciendo nuestro acompa\u00f1amiento al sector privado&quot;<\/title>\n<meta name=\"robots\" content=\"index, follow, max-snippet:-1, max-image-preview:large, max-video-preview:-1\" \/>\n<link rel=\"canonical\" href=\"https:\/\/noticiasmercedinas.com\/site\/2024\/10\/14\/ministro-rodriguez-en-la-expo-rural-estamos-fortaleciendo-nuestro-acompanamiento-al-sector-privado\/\" \/>\n<meta property=\"og:locale\" content=\"es_ES\" \/>\n<meta property=\"og:type\" content=\"article\" \/>\n<meta property=\"og:title\" content=\"Ministro Rodr\u00edguez en la Expo Rural: &quot;Estamos fortaleciendo nuestro acompa\u00f1amiento al sector privado&quot;\" \/>\n<meta property=\"og:description\" content=\"\u25a0 En Mercedes el funcionario provincial destac\u00f3 los programas y l\u00edneas de financiamiento espec\u00edficas del Ministerio de Desarrollo Agrario para acompa\u00f1ar y fortalecer la actividad productiva bonaerense.\" \/>\n<meta property=\"og:url\" content=\"https:\/\/noticiasmercedinas.com\/site\/2024\/10\/14\/ministro-rodriguez-en-la-expo-rural-estamos-fortaleciendo-nuestro-acompanamiento-al-sector-privado\/\" \/>\n<meta property=\"og:site_name\" content=\"NOTICIASMERCEDINAS.COM\" \/>\n<meta property=\"article:publisher\" content=\"https:\/\/www.facebook.com\/noticiasmercedinas\/\" \/>\n<meta property=\"article:published_time\" content=\"2024-10-14T10:37:36+00:00\" \/>\n<meta property=\"article:modified_time\" content=\"2024-10-14T20:40:10+00:00\" \/>\n<meta property=\"og:image\" content=\"https:\/\/noticiasmercedinas.com\/site\/wp-content\/uploads\/2024\/10\/bragado-14102024.jpg\" \/>\n\t<meta property=\"og:image:width\" content=\"700\" \/>\n\t<meta property=\"og:image:height\" content=\"466\" \/>\n\t<meta property=\"og:image:type\" content=\"image\/jpeg\" \/>\n<meta name=\"author\" content=\"NOTICIASMERCEDINAS.COM\" \/>\n<meta name=\"twitter:card\" content=\"summary_large_image\" \/>\n<meta name=\"twitter:creator\" content=\"@notmercedinas\" \/>\n<meta name=\"twitter:site\" content=\"@notmercedinas\" \/>\n<meta name=\"twitter:label1\" content=\"Escrito por\" \/>\n\t<meta name=\"twitter:data1\" content=\"NOTICIASMERCEDINAS.COM\" \/>\n\t<meta name=\"twitter:label2\" content=\"Tiempo de lectura\" \/>\n\t<meta name=\"twitter:data2\" content=\"2 minutos\" \/>\n<script type=\"application\/ld+json\" class=\"yoast-schema-graph\">{\"@context\":\"https:\\\/\\\/schema.org\",\"@graph\":[{\"@type\":\"Article\",\"@id\":\"https:\\\/\\\/noticiasmercedinas.com\\\/site\\\/2024\\\/10\\\/14\\\/ministro-rodriguez-en-la-expo-rural-estamos-fortaleciendo-nuestro-acompanamiento-al-sector-privado\\\/#article\",\"isPartOf\":{\"@id\":\"https:\\\/\\\/noticiasmercedinas.com\\\/site\\\/2024\\\/10\\\/14\\\/ministro-rodriguez-en-la-expo-rural-estamos-fortaleciendo-nuestro-acompanamiento-al-sector-privado\\\/\"},\"author\":{\"name\":\"NOTICIASMERCEDINAS.COM\",\"@id\":\"https:\\\/\\\/noticiasmercedinas.com\\\/site\\\/#\\\/schema\\\/person\\\/84b59c099c28ff2e8b77d4ceec5d8063\"},\"headline\":\"Ministro Rodr\u00edguez en la Expo Rural: \u00abEstamos fortaleciendo nuestro acompa\u00f1amiento al sector privado\u00bb\",\"datePublished\":\"2024-10-14T10:37:36+00:00\",\"dateModified\":\"2024-10-14T20:40:10+00:00\",\"mainEntityOfPage\":{\"@id\":\"https:\\\/\\\/noticiasmercedinas.com\\\/site\\\/2024\\\/10\\\/14\\\/ministro-rodriguez-en-la-expo-rural-estamos-fortaleciendo-nuestro-acompanamiento-al-sector-privado\\\/\"},\"wordCount\":439,\"publisher\":{\"@id\":\"https:\\\/\\\/noticiasmercedinas.com\\\/site\\\/#organization\"},\"image\":{\"@id\":\"https:\\\/\\\/noticiasmercedinas.com\\\/site\\\/2024\\\/10\\\/14\\\/ministro-rodriguez-en-la-expo-rural-estamos-fortaleciendo-nuestro-acompanamiento-al-sector-privado\\\/#primaryimage\"},\"thumbnailUrl\":\"https:\\\/\\\/noticiasmercedinas.com\\\/site\\\/wp-content\\\/uploads\\\/2024\\\/10\\\/bragado-14102024.jpg\",\"keywords\":[\"exposicion rural\",\"Javier Rodr\u00edguez\",\"Ministerio de Desarrollo Agrario\"],\"articleSection\":[\"Sociedad\"],\"inLanguage\":\"es\"},{\"@type\":\"WebPage\",\"@id\":\"https:\\\/\\\/noticiasmercedinas.com\\\/site\\\/2024\\\/10\\\/14\\\/ministro-rodriguez-en-la-expo-rural-estamos-fortaleciendo-nuestro-acompanamiento-al-sector-privado\\\/\",\"url\":\"https:\\\/\\\/noticiasmercedinas.com\\\/site\\\/2024\\\/10\\\/14\\\/ministro-rodriguez-en-la-expo-rural-estamos-fortaleciendo-nuestro-acompanamiento-al-sector-privado\\\/\",\"name\":\"Ministro Rodr\u00edguez en la Expo Rural: \\\"Estamos fortaleciendo nuestro acompa\u00f1amiento al sector privado\\\"\",\"isPartOf\":{\"@id\":\"https:\\\/\\\/noticiasmercedinas.com\\\/site\\\/#website\"},\"primaryImageOfPage\":{\"@id\":\"https:\\\/\\\/noticiasmercedinas.com\\\/site\\\/2024\\\/10\\\/14\\\/ministro-rodriguez-en-la-expo-rural-estamos-fortaleciendo-nuestro-acompanamiento-al-sector-privado\\\/#primaryimage\"},\"image\":{\"@id\":\"https:\\\/\\\/noticiasmercedinas.com\\\/site\\\/2024\\\/10\\\/14\\\/ministro-rodriguez-en-la-expo-rural-estamos-fortaleciendo-nuestro-acompanamiento-al-sector-privado\\\/#primaryimage\"},\"thumbnailUrl\":\"https:\\\/\\\/noticiasmercedinas.com\\\/site\\\/wp-content\\\/uploads\\\/2024\\\/10\\\/bragado-14102024.jpg\",\"datePublished\":\"2024-10-14T10:37:36+00:00\",\"dateModified\":\"2024-10-14T20:40:10+00:00\",\"breadcrumb\":{\"@id\":\"https:\\\/\\\/noticiasmercedinas.com\\\/site\\\/2024\\\/10\\\/14\\\/ministro-rodriguez-en-la-expo-rural-estamos-fortaleciendo-nuestro-acompanamiento-al-sector-privado\\\/#breadcrumb\"},\"inLanguage\":\"es\",\"potentialAction\":[{\"@type\":\"ReadAction\",\"target\":[\"https:\\\/\\\/noticiasmercedinas.com\\\/site\\\/2024\\\/10\\\/14\\\/ministro-rodriguez-en-la-expo-rural-estamos-fortaleciendo-nuestro-acompanamiento-al-sector-privado\\\/\"]}]},{\"@type\":\"ImageObject\",\"inLanguage\":\"es\",\"@id\":\"https:\\\/\\\/noticiasmercedinas.com\\\/site\\\/2024\\\/10\\\/14\\\/ministro-rodriguez-en-la-expo-rural-estamos-fortaleciendo-nuestro-acompanamiento-al-sector-privado\\\/#primaryimage\",\"url\":\"https:\\\/\\\/noticiasmercedinas.com\\\/site\\\/wp-content\\\/uploads\\\/2024\\\/10\\\/bragado-14102024.jpg\",\"contentUrl\":\"https:\\\/\\\/noticiasmercedinas.com\\\/site\\\/wp-content\\\/uploads\\\/2024\\\/10\\\/bragado-14102024.jpg\",\"width\":700,\"height\":466},{\"@type\":\"BreadcrumbList\",\"@id\":\"https:\\\/\\\/noticiasmercedinas.com\\\/site\\\/2024\\\/10\\\/14\\\/ministro-rodriguez-en-la-expo-rural-estamos-fortaleciendo-nuestro-acompanamiento-al-sector-privado\\\/#breadcrumb\",\"itemListElement\":[{\"@type\":\"ListItem\",\"position\":1,\"name\":\"Portada\",\"item\":\"https:\\\/\\\/noticiasmercedinas.com\\\/site\\\/\"},{\"@type\":\"ListItem\",\"position\":2,\"name\":\"Ministro Rodr\u00edguez en la Expo Rural: \u00abEstamos fortaleciendo nuestro acompa\u00f1amiento al sector privado\u00bb\"}]},{\"@type\":\"WebSite\",\"@id\":\"https:\\\/\\\/noticiasmercedinas.com\\\/site\\\/#website\",\"url\":\"https:\\\/\\\/noticiasmercedinas.com\\\/site\\\/\",\"name\":\"NOTICIASMERCEDINAS.COM\",\"description\":\"Mercedes, Buenos Aires, Argentina\",\"publisher\":{\"@id\":\"https:\\\/\\\/noticiasmercedinas.com\\\/site\\\/#organization\"},\"potentialAction\":[{\"@type\":\"SearchAction\",\"target\":{\"@type\":\"EntryPoint\",\"urlTemplate\":\"https:\\\/\\\/noticiasmercedinas.com\\\/site\\\/?s={search_term_string}\"},\"query-input\":{\"@type\":\"PropertyValueSpecification\",\"valueRequired\":true,\"valueName\":\"search_term_string\"}}],\"inLanguage\":\"es\"},{\"@type\":\"Organization\",\"@id\":\"https:\\\/\\\/noticiasmercedinas.com\\\/site\\\/#organization\",\"name\":\"NOTICIASMERCEDINAS.COM\",\"url\":\"https:\\\/\\\/noticiasmercedinas.com\\\/site\\\/\",\"logo\":{\"@type\":\"ImageObject\",\"inLanguage\":\"es\",\"@id\":\"https:\\\/\\\/noticiasmercedinas.com\\\/site\\\/#\\\/schema\\\/logo\\\/image\\\/\",\"url\":\"https:\\\/\\\/noticiasmercedinas.com\\\/site\\\/wp-content\\\/uploads\\\/2020\\\/06\\\/LOGO-512.jpg\",\"contentUrl\":\"https:\\\/\\\/noticiasmercedinas.com\\\/site\\\/wp-content\\\/uploads\\\/2020\\\/06\\\/LOGO-512.jpg\",\"width\":512,\"height\":512,\"caption\":\"NOTICIASMERCEDINAS.COM\"},\"image\":{\"@id\":\"https:\\\/\\\/noticiasmercedinas.com\\\/site\\\/#\\\/schema\\\/logo\\\/image\\\/\"},\"sameAs\":[\"https:\\\/\\\/www.facebook.com\\\/noticiasmercedinas\\\/\",\"https:\\\/\\\/x.com\\\/notmercedinas\",\"https:\\\/\\\/www.instagram.com\\\/noticiasmercedinas\\\/\"]},{\"@type\":\"Person\",\"@id\":\"https:\\\/\\\/noticiasmercedinas.com\\\/site\\\/#\\\/schema\\\/person\\\/84b59c099c28ff2e8b77d4ceec5d8063\",\"name\":\"NOTICIASMERCEDINAS.COM\",\"image\":{\"@type\":\"ImageObject\",\"inLanguage\":\"es\",\"@id\":\"https:\\\/\\\/secure.gravatar.com\\\/avatar\\\/4dfbf16b4d17945bfb6341b2d19043457132fcf478a5ee04f42e959fd8f5df0a?s=96&d=mm&r=g\",\"url\":\"https:\\\/\\\/secure.gravatar.com\\\/avatar\\\/4dfbf16b4d17945bfb6341b2d19043457132fcf478a5ee04f42e959fd8f5df0a?s=96&d=mm&r=g\",\"contentUrl\":\"https:\\\/\\\/secure.gravatar.com\\\/avatar\\\/4dfbf16b4d17945bfb6341b2d19043457132fcf478a5ee04f42e959fd8f5df0a?s=96&d=mm&r=g\",\"caption\":\"NOTICIASMERCEDINAS.COM\"},\"url\":\"https:\\\/\\\/noticiasmercedinas.com\\\/site\\\/author\\\/anonimo\\\/\"}]}<\/script>\n<!-- \/ Yoast SEO plugin. -->","yoast_head_json":{"title":"Ministro Rodr\u00edguez en la Expo Rural: \"Estamos fortaleciendo nuestro acompa\u00f1amiento al sector privado\"","robots":{"index":"index","follow":"follow","max-snippet":"max-snippet:-1","max-image-preview":"max-image-preview:large","max-video-preview":"max-video-preview:-1"},"canonical":"https:\/\/noticiasmercedinas.com\/site\/2024\/10\/14\/ministro-rodriguez-en-la-expo-rural-estamos-fortaleciendo-nuestro-acompanamiento-al-sector-privado\/","og_locale":"es_ES","og_type":"article","og_title":"Ministro Rodr\u00edguez en la Expo Rural: \"Estamos fortaleciendo nuestro acompa\u00f1amiento al sector privado\"","og_description":"\u25a0 En Mercedes el funcionario provincial destac\u00f3 los programas y l\u00edneas de financiamiento espec\u00edficas del Ministerio de Desarrollo Agrario para acompa\u00f1ar y fortalecer la actividad productiva bonaerense.","og_url":"https:\/\/noticiasmercedinas.com\/site\/2024\/10\/14\/ministro-rodriguez-en-la-expo-rural-estamos-fortaleciendo-nuestro-acompanamiento-al-sector-privado\/","og_site_name":"NOTICIASMERCEDINAS.COM","article_publisher":"https:\/\/www.facebook.com\/noticiasmercedinas\/","article_published_time":"2024-10-14T10:37:36+00:00","article_modified_time":"2024-10-14T20:40:10+00:00","og_image":[{"width":700,"height":466,"url":"https:\/\/noticiasmercedinas.com\/site\/wp-content\/uploads\/2024\/10\/bragado-14102024.jpg","type":"image\/jpeg"}],"author":"NOTICIASMERCEDINAS.COM","twitter_card":"summary_large_image","twitter_creator":"@notmercedinas","twitter_site":"@notmercedinas","twitter_misc":{"Escrito por":"NOTICIASMERCEDINAS.COM","Tiempo de lectura":"2 minutos"},"schema":{"@context":"https:\/\/schema.org","@graph":[{"@type":"Article","@id":"https:\/\/noticiasmercedinas.com\/site\/2024\/10\/14\/ministro-rodriguez-en-la-expo-rural-estamos-fortaleciendo-nuestro-acompanamiento-al-sector-privado\/#article","isPartOf":{"@id":"https:\/\/noticiasmercedinas.com\/site\/2024\/10\/14\/ministro-rodriguez-en-la-expo-rural-estamos-fortaleciendo-nuestro-acompanamiento-al-sector-privado\/"},"author":{"name":"NOTICIASMERCEDINAS.COM","@id":"https:\/\/noticiasmercedinas.com\/site\/#\/schema\/person\/84b59c099c28ff2e8b77d4ceec5d8063"},"headline":"Ministro Rodr\u00edguez en la Expo Rural: \u00abEstamos fortaleciendo nuestro acompa\u00f1amiento al sector privado\u00bb","datePublished":"2024-10-14T10:37:36+00:00","dateModified":"2024-10-14T20:40:10+00:00","mainEntityOfPage":{"@id":"https:\/\/noticiasmercedinas.com\/site\/2024\/10\/14\/ministro-rodriguez-en-la-expo-rural-estamos-fortaleciendo-nuestro-acompanamiento-al-sector-privado\/"},"wordCount":439,"publisher":{"@id":"https:\/\/noticiasmercedinas.com\/site\/#organization"},"image":{"@id":"https:\/\/noticiasmercedinas.com\/site\/2024\/10\/14\/ministro-rodriguez-en-la-expo-rural-estamos-fortaleciendo-nuestro-acompanamiento-al-sector-privado\/#primaryimage"},"thumbnailUrl":"https:\/\/noticiasmercedinas.com\/site\/wp-content\/uploads\/2024\/10\/bragado-14102024.jpg","keywords":["exposicion rural","Javier Rodr\u00edguez","Ministerio de Desarrollo Agrario"],"articleSection":["Sociedad"],"inLanguage":"es"},{"@type":"WebPage","@id":"https:\/\/noticiasmercedinas.com\/site\/2024\/10\/14\/ministro-rodriguez-en-la-expo-rural-estamos-fortaleciendo-nuestro-acompanamiento-al-sector-privado\/","url":"https:\/\/noticiasmercedinas.com\/site\/2024\/10\/14\/ministro-rodriguez-en-la-expo-rural-estamos-fortaleciendo-nuestro-acompanamiento-al-sector-privado\/","name":"Ministro Rodr\u00edguez en la Expo Rural: \"Estamos fortaleciendo nuestro acompa\u00f1amiento al sector privado\"","isPartOf":{"@id":"https:\/\/noticiasmercedinas.com\/site\/#website"},"primaryImageOfPage":{"@id":"https:\/\/noticiasmercedinas.com\/site\/2024\/10\/14\/ministro-rodriguez-en-la-expo-rural-estamos-fortaleciendo-nuestro-acompanamiento-al-sector-privado\/#primaryimage"},"image":{"@id":"https:\/\/noticiasmercedinas.com\/site\/2024\/10\/14\/ministro-rodriguez-en-la-expo-rural-estamos-fortaleciendo-nuestro-acompanamiento-al-sector-privado\/#primaryimage"},"thumbnailUrl":"https:\/\/noticiasmercedinas.com\/site\/wp-content\/uploads\/2024\/10\/bragado-14102024.jpg","datePublished":"2024-10-14T10:37:36+00:00","dateModified":"2024-10-14T20:40:10+00:00","breadcrumb":{"@id":"https:\/\/noticiasmercedinas.com\/site\/2024\/10\/14\/ministro-rodriguez-en-la-expo-rural-estamos-fortaleciendo-nuestro-acompanamiento-al-sector-privado\/#breadcrumb"},"inLanguage":"es","potentialAction":[{"@type":"ReadAction","target":["https:\/\/noticiasmercedinas.com\/site\/2024\/10\/14\/ministro-rodriguez-en-la-expo-rural-estamos-fortaleciendo-nuestro-acompanamiento-al-sector-privado\/"]}]},{"@type":"ImageObject","inLanguage":"es","@id":"https:\/\/noticiasmercedinas.com\/site\/2024\/10\/14\/ministro-rodriguez-en-la-expo-rural-estamos-fortaleciendo-nuestro-acompanamiento-al-sector-privado\/#primaryimage","url":"https:\/\/noticiasmercedinas.com\/site\/wp-content\/uploads\/2024\/10\/bragado-14102024.jpg","contentUrl":"https:\/\/noticiasmercedinas.com\/site\/wp-content\/uploads\/2024\/10\/bragado-14102024.jpg","width":700,"height":466},{"@type":"BreadcrumbList","@id":"https:\/\/noticiasmercedinas.com\/site\/2024\/10\/14\/ministro-rodriguez-en-la-expo-rural-estamos-fortaleciendo-nuestro-acompanamiento-al-sector-privado\/#breadcrumb","itemListElement":[{"@type":"ListItem","position":1,"name":"Portada","item":"https:\/\/noticiasmercedinas.com\/site\/"},{"@type":"ListItem","position":2,"name":"Ministro Rodr\u00edguez en la Expo Rural: \u00abEstamos fortaleciendo nuestro acompa\u00f1amiento al sector privado\u00bb"}]},{"@type":"WebSite","@id":"https:\/\/noticiasmercedinas.com\/site\/#website","url":"https:\/\/noticiasmercedinas.com\/site\/","name":"NOTICIASMERCEDINAS.COM","description":"Mercedes, Buenos Aires, Argentina","publisher":{"@id":"https:\/\/noticiasmercedinas.com\/site\/#organization"},"potentialAction":[{"@type":"SearchAction","target":{"@type":"EntryPoint","urlTemplate":"https:\/\/noticiasmercedinas.com\/site\/?s={search_term_string}"},"query-input":{"@type":"PropertyValueSpecification","valueRequired":true,"valueName":"search_term_string"}}],"inLanguage":"es"},{"@type":"Organization","@id":"https:\/\/noticiasmercedinas.com\/site\/#organization","name":"NOTICIASMERCEDINAS.COM","url":"https:\/\/noticiasmercedinas.com\/site\/","logo":{"@type":"ImageObject","inLanguage":"es","@id":"https:\/\/noticiasmercedinas.com\/site\/#\/schema\/logo\/image\/","url":"https:\/\/noticiasmercedinas.com\/site\/wp-content\/uploads\/2020\/06\/LOGO-512.jpg","contentUrl":"https:\/\/noticiasmercedinas.com\/site\/wp-content\/uploads\/2020\/06\/LOGO-512.jpg","width":512,"height":512,"caption":"NOTICIASMERCEDINAS.COM"},"image":{"@id":"https:\/\/noticiasmercedinas.com\/site\/#\/schema\/logo\/image\/"},"sameAs":["https:\/\/www.facebook.com\/noticiasmercedinas\/","https:\/\/x.com\/notmercedinas","https:\/\/www.instagram.com\/noticiasmercedinas\/"]},{"@type":"Person","@id":"https:\/\/noticiasmercedinas.com\/site\/#\/schema\/person\/84b59c099c28ff2e8b77d4ceec5d8063","name":"NOTICIASMERCEDINAS.COM","image":{"@type":"ImageObject","inLanguage":"es","@id":"https:\/\/secure.gravatar.com\/avatar\/4dfbf16b4d17945bfb6341b2d19043457132fcf478a5ee04f42e959fd8f5df0a?s=96&d=mm&r=g","url":"https:\/\/secure.gravatar.com\/avatar\/4dfbf16b4d17945bfb6341b2d19043457132fcf478a5ee04f42e959fd8f5df0a?s=96&d=mm&r=g","contentUrl":"https:\/\/secure.gravatar.com\/avatar\/4dfbf16b4d17945bfb6341b2d19043457132fcf478a5ee04f42e959fd8f5df0a?s=96&d=mm&r=g","caption":"NOTICIASMERCEDINAS.COM"},"url":"https:\/\/noticiasmercedinas.com\/site\/author\/anonimo\/"}]}},"amp_enabled":true,"_links":{"self":[{"href":"https:\/\/noticiasmercedinas.com\/site\/wp-json\/wp\/v2\/posts\/146149","targetHints":{"allow":["GET"]}}],"collection":[{"href":"https:\/\/noticiasmercedinas.com\/site\/wp-json\/wp\/v2\/posts"}],"about":[{"href":"https:\/\/noticiasmercedinas.com\/site\/wp-json\/wp\/v2\/types\/post"}],"author":[{"embeddable":true,"href":"https:\/\/noticiasmercedinas.com\/site\/wp-json\/wp\/v2\/users\/16"}],"replies":[{"embeddable":true,"href":"https:\/\/noticiasmercedinas.com\/site\/wp-json\/wp\/v2\/comments?post=146149"}],"version-history":[{"count":1,"href":"https:\/\/noticiasmercedinas.com\/site\/wp-json\/wp\/v2\/posts\/146149\/revisions"}],"predecessor-version":[{"id":146151,"href":"https:\/\/noticiasmercedinas.com\/site\/wp-json\/wp\/v2\/posts\/146149\/revisions\/146151"}],"wp:featuredmedia":[{"embeddable":true,"href":"https:\/\/noticiasmercedinas.com\/site\/wp-json\/wp\/v2\/media\/146150"}],"wp:attachment":[{"href":"https:\/\/noticiasmercedinas.com\/site\/wp-json\/wp\/v2\/media?parent=146149"}],"wp:term":[{"taxonomy":"category","embeddable":true,"href":"https:\/\/noticiasmercedinas.com\/site\/wp-json\/wp\/v2\/categories?post=146149"},{"taxonomy":"post_tag","embeddable":true,"href":"https:\/\/noticiasmercedinas.com\/site\/wp-json\/wp\/v2\/tags?post=146149"}],"curies":[{"name":"wp","href":"https:\/\/api.w.org\/{rel}","templated":true}]}}