{"id":146235,"date":"2024-10-15T16:51:46","date_gmt":"2024-10-15T19:51:46","guid":{"rendered":"https:\/\/noticiasmercedinas.com\/site\/?p=146235"},"modified":"2024-10-15T16:51:46","modified_gmt":"2024-10-15T19:51:46","slug":"ivaldis-critico-al-ejecutivo-por-la-falta-de-implementacion-de-proyectos-aprobados","status":"publish","type":"post","link":"https:\/\/noticiasmercedinas.com\/site\/2024\/10\/15\/ivaldis-critico-al-ejecutivo-por-la-falta-de-implementacion-de-proyectos-aprobados\/","title":{"rendered":"Ivaldis critic\u00f3 al Ejecutivo por la falta de implementaci\u00f3n de proyectos aprobados"},"content":{"rendered":"<p><img loading=\"lazy\" decoding=\"async\" class=\"alignnone size-full wp-image-146236\" src=\"https:\/\/noticiasmercedinas.com\/site\/wp-content\/uploads\/2024\/10\/IVALDIS.jpg\" alt=\"\" width=\"640\" height=\"329\" srcset=\"https:\/\/noticiasmercedinas.com\/site\/wp-content\/uploads\/2024\/10\/IVALDIS.jpg 640w, https:\/\/noticiasmercedinas.com\/site\/wp-content\/uploads\/2024\/10\/IVALDIS-300x154.jpg 300w\" sizes=\"auto, (max-width: 640px) 100vw, 640px\" \/><\/p>\n<p>El concejal Daniel Ivaldis, integrante del bloque Juntos por el Cambio dentro de la Uni\u00f3n C\u00edvica Radical (UCR) de Mercedes, critic\u00f3 al Ejecutivo municipal por la falta de avance en la implementaci\u00f3n de proyectos ya aprobados por el Concejo Deliberante. Tras la sesi\u00f3n ordinaria que se llev\u00f3 a cabo ayer en el Centro de D\u00eda Villa Juanita, el edil destac\u00f3 su iniciativa de llevar las reuniones legislativas a espacios inclusivos, pero manifest\u00f3 su preocupaci\u00f3n por la demora en la ejecuci\u00f3n de varias propuestas votadas por unanimidad.<\/p>\n<p>\u00abEl Poder Ejecutivo, de alguna manera, no refleja la decisi\u00f3n del Deliberante\u00bb, sostuvo Ivaldis. En este sentido, mencion\u00f3 como ejemplo la falta de avance en la construcci\u00f3n de una rampa inclusiva para el Palacio Municipal, proyecto presentado en marzo y que a\u00fan no ha sido concretado a pesar de compromisos previos. \u00abNada de eso estar\u00eda ocurriendo\u00bb, lament\u00f3 el concejal, quien subray\u00f3 que la rampa deb\u00eda respetar la fachada del edificio hist\u00f3rico.<\/p>\n<blockquote><p>\u00abEl intendente es elegido por el pueblo y diagrama la forma de organizar los problemas de los vecinos, pero los que conformamos el Concejo Deliberante tambi\u00e9n tenemos nuestra representaci\u00f3n y queremos hacerla valer\u00bb<\/p><\/blockquote>\n<p>Otra de las iniciativas se\u00f1aladas por el edil fue el proyecto para mejorar la higiene de los contenedores de basura en la ciudad, aprobado en junio. \u00abFue votado por todo el cuerpo deliberativo y el Ejecutivo no ha comenzado al menos con algunos contenedores\u00bb, explic\u00f3 Ivaldis, advirtiendo sobre los riesgos para la salud p\u00fablica de cara al verano, cuando proliferan insectos que pueden generar problemas sanitarios.<\/p>\n<p>Asimismo, el concejal record\u00f3 que en junio tambi\u00e9n se present\u00f3 una propuesta para establecer un transporte p\u00fablico en la localidad de Tom\u00e1s Jofr\u00e9, destinada a mejorar la conectividad de los vecinos con el jard\u00edn y la escuela de la zona. A pesar de varias reuniones con el Ejecutivo y el compromiso de implementar una frecuencia m\u00ednima de tres veces por semana, hasta el momento no se ha registrado ning\u00fan avance. \u00abPasaron dos meses, el compromiso era avanzar en el transcurso de este a\u00f1o, pero nada de eso ha ocurrido\u00bb, afirm\u00f3.<\/p>\n<p>Ivaldis concluy\u00f3 haciendo un llamado al Ejecutivo para que ejecute los proyectos aprobados: \u00abEl intendente es elegido por el pueblo y diagrama la forma de organizar los problemas de los vecinos, pero los que conformamos el Concejo Deliberante tambi\u00e9n tenemos nuestra representaci\u00f3n y queremos hacerla valer\u00bb.<\/p>\n<p>&nbsp;<\/p>\n","protected":false},"excerpt":{"rendered":"<p>\u25a0 El concejal de Juntos por el Cambio cuestion\u00f3 la demora en la ejecuci\u00f3n de iniciativas votadas por unanimidad. \u00abEl Poder Ejecutivo no refleja la decisi\u00f3n del Deliberante\u00bb, afirm\u00f3.<\/p>\n","protected":false},"author":16,"featured_media":146236,"comment_status":"closed","ping_status":"closed","sticky":false,"template":"","format":"standard","meta":{"footnotes":""},"categories":[16],"tags":[243,5431,5269,6161],"class_list":["post-146235","post","type-post","status-publish","format-standard","has-post-thumbnail","hentry","category-politica","tag-concejo-deliberante","tag-daniel-ivaldis","tag-juntos-por-el-cambio","tag-proyectos"],"yoast_head":"<!-- This site is optimized with the Yoast SEO plugin v27.5 - https:\/\/yoast.com\/product\/yoast-seo-wordpress\/ -->\n<title>Ivaldis critic\u00f3 al Ejecutivo por la falta de implementaci\u00f3n de proyectos aprobados<\/title>\n<meta name=\"robots\" content=\"index, follow, max-snippet:-1, max-image-preview:large, max-video-preview:-1\" \/>\n<link rel=\"canonical\" href=\"https:\/\/noticiasmercedinas.com\/site\/2024\/10\/15\/ivaldis-critico-al-ejecutivo-por-la-falta-de-implementacion-de-proyectos-aprobados\/\" \/>\n<meta property=\"og:locale\" content=\"es_ES\" \/>\n<meta property=\"og:type\" content=\"article\" \/>\n<meta property=\"og:title\" content=\"Ivaldis critic\u00f3 al Ejecutivo por la falta de implementaci\u00f3n de proyectos aprobados\" \/>\n<meta property=\"og:description\" content=\"\u25a0 El concejal de Juntos por el Cambio cuestion\u00f3 la demora en la ejecuci\u00f3n de iniciativas votadas por unanimidad. &quot;El Poder Ejecutivo no refleja la decisi\u00f3n del Deliberante&quot;, afirm\u00f3.\" \/>\n<meta property=\"og:url\" content=\"https:\/\/noticiasmercedinas.com\/site\/2024\/10\/15\/ivaldis-critico-al-ejecutivo-por-la-falta-de-implementacion-de-proyectos-aprobados\/\" \/>\n<meta property=\"og:site_name\" content=\"NOTICIASMERCEDINAS.COM\" \/>\n<meta property=\"article:publisher\" content=\"https:\/\/www.facebook.com\/noticiasmercedinas\/\" \/>\n<meta property=\"article:published_time\" content=\"2024-10-15T19:51:46+00:00\" \/>\n<meta property=\"og:image\" content=\"https:\/\/noticiasmercedinas.com\/site\/wp-content\/uploads\/2024\/10\/IVALDIS.jpg\" \/>\n\t<meta property=\"og:image:width\" content=\"640\" \/>\n\t<meta property=\"og:image:height\" content=\"329\" \/>\n\t<meta property=\"og:image:type\" content=\"image\/jpeg\" \/>\n<meta name=\"author\" content=\"NOTICIASMERCEDINAS.COM\" \/>\n<meta name=\"twitter:card\" content=\"summary_large_image\" \/>\n<meta name=\"twitter:creator\" content=\"@notmercedinas\" \/>\n<meta name=\"twitter:site\" content=\"@notmercedinas\" \/>\n<meta name=\"twitter:label1\" content=\"Escrito por\" \/>\n\t<meta name=\"twitter:data1\" content=\"NOTICIASMERCEDINAS.COM\" \/>\n\t<meta name=\"twitter:label2\" content=\"Tiempo de lectura\" \/>\n\t<meta name=\"twitter:data2\" content=\"2 minutos\" \/>\n<script type=\"application\/ld+json\" class=\"yoast-schema-graph\">{\"@context\":\"https:\\\/\\\/schema.org\",\"@graph\":[{\"@type\":\"Article\",\"@id\":\"https:\\\/\\\/noticiasmercedinas.com\\\/site\\\/2024\\\/10\\\/15\\\/ivaldis-critico-al-ejecutivo-por-la-falta-de-implementacion-de-proyectos-aprobados\\\/#article\",\"isPartOf\":{\"@id\":\"https:\\\/\\\/noticiasmercedinas.com\\\/site\\\/2024\\\/10\\\/15\\\/ivaldis-critico-al-ejecutivo-por-la-falta-de-implementacion-de-proyectos-aprobados\\\/\"},\"author\":{\"name\":\"NOTICIASMERCEDINAS.COM\",\"@id\":\"https:\\\/\\\/noticiasmercedinas.com\\\/site\\\/#\\\/schema\\\/person\\\/84b59c099c28ff2e8b77d4ceec5d8063\"},\"headline\":\"Ivaldis critic\u00f3 al Ejecutivo por la falta de implementaci\u00f3n de proyectos aprobados\",\"datePublished\":\"2024-10-15T19:51:46+00:00\",\"mainEntityOfPage\":{\"@id\":\"https:\\\/\\\/noticiasmercedinas.com\\\/site\\\/2024\\\/10\\\/15\\\/ivaldis-critico-al-ejecutivo-por-la-falta-de-implementacion-de-proyectos-aprobados\\\/\"},\"wordCount\":432,\"publisher\":{\"@id\":\"https:\\\/\\\/noticiasmercedinas.com\\\/site\\\/#organization\"},\"image\":{\"@id\":\"https:\\\/\\\/noticiasmercedinas.com\\\/site\\\/2024\\\/10\\\/15\\\/ivaldis-critico-al-ejecutivo-por-la-falta-de-implementacion-de-proyectos-aprobados\\\/#primaryimage\"},\"thumbnailUrl\":\"https:\\\/\\\/noticiasmercedinas.com\\\/site\\\/wp-content\\\/uploads\\\/2024\\\/10\\\/IVALDIS.jpg\",\"keywords\":[\"concejo deliberante\",\"Daniel Ivaldis\",\"juntos por el cambio\",\"proyectos\"],\"articleSection\":[\"Politica\"],\"inLanguage\":\"es\"},{\"@type\":\"WebPage\",\"@id\":\"https:\\\/\\\/noticiasmercedinas.com\\\/site\\\/2024\\\/10\\\/15\\\/ivaldis-critico-al-ejecutivo-por-la-falta-de-implementacion-de-proyectos-aprobados\\\/\",\"url\":\"https:\\\/\\\/noticiasmercedinas.com\\\/site\\\/2024\\\/10\\\/15\\\/ivaldis-critico-al-ejecutivo-por-la-falta-de-implementacion-de-proyectos-aprobados\\\/\",\"name\":\"Ivaldis critic\u00f3 al Ejecutivo por la falta de implementaci\u00f3n de proyectos aprobados\",\"isPartOf\":{\"@id\":\"https:\\\/\\\/noticiasmercedinas.com\\\/site\\\/#website\"},\"primaryImageOfPage\":{\"@id\":\"https:\\\/\\\/noticiasmercedinas.com\\\/site\\\/2024\\\/10\\\/15\\\/ivaldis-critico-al-ejecutivo-por-la-falta-de-implementacion-de-proyectos-aprobados\\\/#primaryimage\"},\"image\":{\"@id\":\"https:\\\/\\\/noticiasmercedinas.com\\\/site\\\/2024\\\/10\\\/15\\\/ivaldis-critico-al-ejecutivo-por-la-falta-de-implementacion-de-proyectos-aprobados\\\/#primaryimage\"},\"thumbnailUrl\":\"https:\\\/\\\/noticiasmercedinas.com\\\/site\\\/wp-content\\\/uploads\\\/2024\\\/10\\\/IVALDIS.jpg\",\"datePublished\":\"2024-10-15T19:51:46+00:00\",\"breadcrumb\":{\"@id\":\"https:\\\/\\\/noticiasmercedinas.com\\\/site\\\/2024\\\/10\\\/15\\\/ivaldis-critico-al-ejecutivo-por-la-falta-de-implementacion-de-proyectos-aprobados\\\/#breadcrumb\"},\"inLanguage\":\"es\",\"potentialAction\":[{\"@type\":\"ReadAction\",\"target\":[\"https:\\\/\\\/noticiasmercedinas.com\\\/site\\\/2024\\\/10\\\/15\\\/ivaldis-critico-al-ejecutivo-por-la-falta-de-implementacion-de-proyectos-aprobados\\\/\"]}]},{\"@type\":\"ImageObject\",\"inLanguage\":\"es\",\"@id\":\"https:\\\/\\\/noticiasmercedinas.com\\\/site\\\/2024\\\/10\\\/15\\\/ivaldis-critico-al-ejecutivo-por-la-falta-de-implementacion-de-proyectos-aprobados\\\/#primaryimage\",\"url\":\"https:\\\/\\\/noticiasmercedinas.com\\\/site\\\/wp-content\\\/uploads\\\/2024\\\/10\\\/IVALDIS.jpg\",\"contentUrl\":\"https:\\\/\\\/noticiasmercedinas.com\\\/site\\\/wp-content\\\/uploads\\\/2024\\\/10\\\/IVALDIS.jpg\",\"width\":640,\"height\":329},{\"@type\":\"BreadcrumbList\",\"@id\":\"https:\\\/\\\/noticiasmercedinas.com\\\/site\\\/2024\\\/10\\\/15\\\/ivaldis-critico-al-ejecutivo-por-la-falta-de-implementacion-de-proyectos-aprobados\\\/#breadcrumb\",\"itemListElement\":[{\"@type\":\"ListItem\",\"position\":1,\"name\":\"Portada\",\"item\":\"https:\\\/\\\/noticiasmercedinas.com\\\/site\\\/\"},{\"@type\":\"ListItem\",\"position\":2,\"name\":\"Ivaldis critic\u00f3 al Ejecutivo por la falta de implementaci\u00f3n de proyectos aprobados\"}]},{\"@type\":\"WebSite\",\"@id\":\"https:\\\/\\\/noticiasmercedinas.com\\\/site\\\/#website\",\"url\":\"https:\\\/\\\/noticiasmercedinas.com\\\/site\\\/\",\"name\":\"NOTICIASMERCEDINAS.COM\",\"description\":\"Mercedes, Buenos Aires, Argentina\",\"publisher\":{\"@id\":\"https:\\\/\\\/noticiasmercedinas.com\\\/site\\\/#organization\"},\"potentialAction\":[{\"@type\":\"SearchAction\",\"target\":{\"@type\":\"EntryPoint\",\"urlTemplate\":\"https:\\\/\\\/noticiasmercedinas.com\\\/site\\\/?s={search_term_string}\"},\"query-input\":{\"@type\":\"PropertyValueSpecification\",\"valueRequired\":true,\"valueName\":\"search_term_string\"}}],\"inLanguage\":\"es\"},{\"@type\":\"Organization\",\"@id\":\"https:\\\/\\\/noticiasmercedinas.com\\\/site\\\/#organization\",\"name\":\"NOTICIASMERCEDINAS.COM\",\"url\":\"https:\\\/\\\/noticiasmercedinas.com\\\/site\\\/\",\"logo\":{\"@type\":\"ImageObject\",\"inLanguage\":\"es\",\"@id\":\"https:\\\/\\\/noticiasmercedinas.com\\\/site\\\/#\\\/schema\\\/logo\\\/image\\\/\",\"url\":\"https:\\\/\\\/noticiasmercedinas.com\\\/site\\\/wp-content\\\/uploads\\\/2020\\\/06\\\/LOGO-512.jpg\",\"contentUrl\":\"https:\\\/\\\/noticiasmercedinas.com\\\/site\\\/wp-content\\\/uploads\\\/2020\\\/06\\\/LOGO-512.jpg\",\"width\":512,\"height\":512,\"caption\":\"NOTICIASMERCEDINAS.COM\"},\"image\":{\"@id\":\"https:\\\/\\\/noticiasmercedinas.com\\\/site\\\/#\\\/schema\\\/logo\\\/image\\\/\"},\"sameAs\":[\"https:\\\/\\\/www.facebook.com\\\/noticiasmercedinas\\\/\",\"https:\\\/\\\/x.com\\\/notmercedinas\",\"https:\\\/\\\/www.instagram.com\\\/noticiasmercedinas\\\/\"]},{\"@type\":\"Person\",\"@id\":\"https:\\\/\\\/noticiasmercedinas.com\\\/site\\\/#\\\/schema\\\/person\\\/84b59c099c28ff2e8b77d4ceec5d8063\",\"name\":\"NOTICIASMERCEDINAS.COM\",\"image\":{\"@type\":\"ImageObject\",\"inLanguage\":\"es\",\"@id\":\"https:\\\/\\\/secure.gravatar.com\\\/avatar\\\/4dfbf16b4d17945bfb6341b2d19043457132fcf478a5ee04f42e959fd8f5df0a?s=96&d=mm&r=g\",\"url\":\"https:\\\/\\\/secure.gravatar.com\\\/avatar\\\/4dfbf16b4d17945bfb6341b2d19043457132fcf478a5ee04f42e959fd8f5df0a?s=96&d=mm&r=g\",\"contentUrl\":\"https:\\\/\\\/secure.gravatar.com\\\/avatar\\\/4dfbf16b4d17945bfb6341b2d19043457132fcf478a5ee04f42e959fd8f5df0a?s=96&d=mm&r=g\",\"caption\":\"NOTICIASMERCEDINAS.COM\"},\"url\":\"https:\\\/\\\/noticiasmercedinas.com\\\/site\\\/author\\\/anonimo\\\/\"}]}<\/script>\n<!-- \/ Yoast SEO plugin. -->","yoast_head_json":{"title":"Ivaldis critic\u00f3 al Ejecutivo por la falta de implementaci\u00f3n de proyectos aprobados","robots":{"index":"index","follow":"follow","max-snippet":"max-snippet:-1","max-image-preview":"max-image-preview:large","max-video-preview":"max-video-preview:-1"},"canonical":"https:\/\/noticiasmercedinas.com\/site\/2024\/10\/15\/ivaldis-critico-al-ejecutivo-por-la-falta-de-implementacion-de-proyectos-aprobados\/","og_locale":"es_ES","og_type":"article","og_title":"Ivaldis critic\u00f3 al Ejecutivo por la falta de implementaci\u00f3n de proyectos aprobados","og_description":"\u25a0 El concejal de Juntos por el Cambio cuestion\u00f3 la demora en la ejecuci\u00f3n de iniciativas votadas por unanimidad. \"El Poder Ejecutivo no refleja la decisi\u00f3n del Deliberante\", afirm\u00f3.","og_url":"https:\/\/noticiasmercedinas.com\/site\/2024\/10\/15\/ivaldis-critico-al-ejecutivo-por-la-falta-de-implementacion-de-proyectos-aprobados\/","og_site_name":"NOTICIASMERCEDINAS.COM","article_publisher":"https:\/\/www.facebook.com\/noticiasmercedinas\/","article_published_time":"2024-10-15T19:51:46+00:00","og_image":[{"width":640,"height":329,"url":"https:\/\/noticiasmercedinas.com\/site\/wp-content\/uploads\/2024\/10\/IVALDIS.jpg","type":"image\/jpeg"}],"author":"NOTICIASMERCEDINAS.COM","twitter_card":"summary_large_image","twitter_creator":"@notmercedinas","twitter_site":"@notmercedinas","twitter_misc":{"Escrito por":"NOTICIASMERCEDINAS.COM","Tiempo de lectura":"2 minutos"},"schema":{"@context":"https:\/\/schema.org","@graph":[{"@type":"Article","@id":"https:\/\/noticiasmercedinas.com\/site\/2024\/10\/15\/ivaldis-critico-al-ejecutivo-por-la-falta-de-implementacion-de-proyectos-aprobados\/#article","isPartOf":{"@id":"https:\/\/noticiasmercedinas.com\/site\/2024\/10\/15\/ivaldis-critico-al-ejecutivo-por-la-falta-de-implementacion-de-proyectos-aprobados\/"},"author":{"name":"NOTICIASMERCEDINAS.COM","@id":"https:\/\/noticiasmercedinas.com\/site\/#\/schema\/person\/84b59c099c28ff2e8b77d4ceec5d8063"},"headline":"Ivaldis critic\u00f3 al Ejecutivo por la falta de implementaci\u00f3n de proyectos aprobados","datePublished":"2024-10-15T19:51:46+00:00","mainEntityOfPage":{"@id":"https:\/\/noticiasmercedinas.com\/site\/2024\/10\/15\/ivaldis-critico-al-ejecutivo-por-la-falta-de-implementacion-de-proyectos-aprobados\/"},"wordCount":432,"publisher":{"@id":"https:\/\/noticiasmercedinas.com\/site\/#organization"},"image":{"@id":"https:\/\/noticiasmercedinas.com\/site\/2024\/10\/15\/ivaldis-critico-al-ejecutivo-por-la-falta-de-implementacion-de-proyectos-aprobados\/#primaryimage"},"thumbnailUrl":"https:\/\/noticiasmercedinas.com\/site\/wp-content\/uploads\/2024\/10\/IVALDIS.jpg","keywords":["concejo deliberante","Daniel Ivaldis","juntos por el cambio","proyectos"],"articleSection":["Politica"],"inLanguage":"es"},{"@type":"WebPage","@id":"https:\/\/noticiasmercedinas.com\/site\/2024\/10\/15\/ivaldis-critico-al-ejecutivo-por-la-falta-de-implementacion-de-proyectos-aprobados\/","url":"https:\/\/noticiasmercedinas.com\/site\/2024\/10\/15\/ivaldis-critico-al-ejecutivo-por-la-falta-de-implementacion-de-proyectos-aprobados\/","name":"Ivaldis critic\u00f3 al Ejecutivo por la falta de implementaci\u00f3n de proyectos aprobados","isPartOf":{"@id":"https:\/\/noticiasmercedinas.com\/site\/#website"},"primaryImageOfPage":{"@id":"https:\/\/noticiasmercedinas.com\/site\/2024\/10\/15\/ivaldis-critico-al-ejecutivo-por-la-falta-de-implementacion-de-proyectos-aprobados\/#primaryimage"},"image":{"@id":"https:\/\/noticiasmercedinas.com\/site\/2024\/10\/15\/ivaldis-critico-al-ejecutivo-por-la-falta-de-implementacion-de-proyectos-aprobados\/#primaryimage"},"thumbnailUrl":"https:\/\/noticiasmercedinas.com\/site\/wp-content\/uploads\/2024\/10\/IVALDIS.jpg","datePublished":"2024-10-15T19:51:46+00:00","breadcrumb":{"@id":"https:\/\/noticiasmercedinas.com\/site\/2024\/10\/15\/ivaldis-critico-al-ejecutivo-por-la-falta-de-implementacion-de-proyectos-aprobados\/#breadcrumb"},"inLanguage":"es","potentialAction":[{"@type":"ReadAction","target":["https:\/\/noticiasmercedinas.com\/site\/2024\/10\/15\/ivaldis-critico-al-ejecutivo-por-la-falta-de-implementacion-de-proyectos-aprobados\/"]}]},{"@type":"ImageObject","inLanguage":"es","@id":"https:\/\/noticiasmercedinas.com\/site\/2024\/10\/15\/ivaldis-critico-al-ejecutivo-por-la-falta-de-implementacion-de-proyectos-aprobados\/#primaryimage","url":"https:\/\/noticiasmercedinas.com\/site\/wp-content\/uploads\/2024\/10\/IVALDIS.jpg","contentUrl":"https:\/\/noticiasmercedinas.com\/site\/wp-content\/uploads\/2024\/10\/IVALDIS.jpg","width":640,"height":329},{"@type":"BreadcrumbList","@id":"https:\/\/noticiasmercedinas.com\/site\/2024\/10\/15\/ivaldis-critico-al-ejecutivo-por-la-falta-de-implementacion-de-proyectos-aprobados\/#breadcrumb","itemListElement":[{"@type":"ListItem","position":1,"name":"Portada","item":"https:\/\/noticiasmercedinas.com\/site\/"},{"@type":"ListItem","position":2,"name":"Ivaldis critic\u00f3 al Ejecutivo por la falta de implementaci\u00f3n de proyectos aprobados"}]},{"@type":"WebSite","@id":"https:\/\/noticiasmercedinas.com\/site\/#website","url":"https:\/\/noticiasmercedinas.com\/site\/","name":"NOTICIASMERCEDINAS.COM","description":"Mercedes, Buenos Aires, Argentina","publisher":{"@id":"https:\/\/noticiasmercedinas.com\/site\/#organization"},"potentialAction":[{"@type":"SearchAction","target":{"@type":"EntryPoint","urlTemplate":"https:\/\/noticiasmercedinas.com\/site\/?s={search_term_string}"},"query-input":{"@type":"PropertyValueSpecification","valueRequired":true,"valueName":"search_term_string"}}],"inLanguage":"es"},{"@type":"Organization","@id":"https:\/\/noticiasmercedinas.com\/site\/#organization","name":"NOTICIASMERCEDINAS.COM","url":"https:\/\/noticiasmercedinas.com\/site\/","logo":{"@type":"ImageObject","inLanguage":"es","@id":"https:\/\/noticiasmercedinas.com\/site\/#\/schema\/logo\/image\/","url":"https:\/\/noticiasmercedinas.com\/site\/wp-content\/uploads\/2020\/06\/LOGO-512.jpg","contentUrl":"https:\/\/noticiasmercedinas.com\/site\/wp-content\/uploads\/2020\/06\/LOGO-512.jpg","width":512,"height":512,"caption":"NOTICIASMERCEDINAS.COM"},"image":{"@id":"https:\/\/noticiasmercedinas.com\/site\/#\/schema\/logo\/image\/"},"sameAs":["https:\/\/www.facebook.com\/noticiasmercedinas\/","https:\/\/x.com\/notmercedinas","https:\/\/www.instagram.com\/noticiasmercedinas\/"]},{"@type":"Person","@id":"https:\/\/noticiasmercedinas.com\/site\/#\/schema\/person\/84b59c099c28ff2e8b77d4ceec5d8063","name":"NOTICIASMERCEDINAS.COM","image":{"@type":"ImageObject","inLanguage":"es","@id":"https:\/\/secure.gravatar.com\/avatar\/4dfbf16b4d17945bfb6341b2d19043457132fcf478a5ee04f42e959fd8f5df0a?s=96&d=mm&r=g","url":"https:\/\/secure.gravatar.com\/avatar\/4dfbf16b4d17945bfb6341b2d19043457132fcf478a5ee04f42e959fd8f5df0a?s=96&d=mm&r=g","contentUrl":"https:\/\/secure.gravatar.com\/avatar\/4dfbf16b4d17945bfb6341b2d19043457132fcf478a5ee04f42e959fd8f5df0a?s=96&d=mm&r=g","caption":"NOTICIASMERCEDINAS.COM"},"url":"https:\/\/noticiasmercedinas.com\/site\/author\/anonimo\/"}]}},"amp_enabled":true,"_links":{"self":[{"href":"https:\/\/noticiasmercedinas.com\/site\/wp-json\/wp\/v2\/posts\/146235","targetHints":{"allow":["GET"]}}],"collection":[{"href":"https:\/\/noticiasmercedinas.com\/site\/wp-json\/wp\/v2\/posts"}],"about":[{"href":"https:\/\/noticiasmercedinas.com\/site\/wp-json\/wp\/v2\/types\/post"}],"author":[{"embeddable":true,"href":"https:\/\/noticiasmercedinas.com\/site\/wp-json\/wp\/v2\/users\/16"}],"replies":[{"embeddable":true,"href":"https:\/\/noticiasmercedinas.com\/site\/wp-json\/wp\/v2\/comments?post=146235"}],"version-history":[{"count":1,"href":"https:\/\/noticiasmercedinas.com\/site\/wp-json\/wp\/v2\/posts\/146235\/revisions"}],"predecessor-version":[{"id":146237,"href":"https:\/\/noticiasmercedinas.com\/site\/wp-json\/wp\/v2\/posts\/146235\/revisions\/146237"}],"wp:featuredmedia":[{"embeddable":true,"href":"https:\/\/noticiasmercedinas.com\/site\/wp-json\/wp\/v2\/media\/146236"}],"wp:attachment":[{"href":"https:\/\/noticiasmercedinas.com\/site\/wp-json\/wp\/v2\/media?parent=146235"}],"wp:term":[{"taxonomy":"category","embeddable":true,"href":"https:\/\/noticiasmercedinas.com\/site\/wp-json\/wp\/v2\/categories?post=146235"},{"taxonomy":"post_tag","embeddable":true,"href":"https:\/\/noticiasmercedinas.com\/site\/wp-json\/wp\/v2\/tags?post=146235"}],"curies":[{"name":"wp","href":"https:\/\/api.w.org\/{rel}","templated":true}]}}