{"id":146245,"date":"2024-10-15T18:47:38","date_gmt":"2024-10-15T21:47:38","guid":{"rendered":"https:\/\/noticiasmercedinas.com\/site\/?p=146245"},"modified":"2024-10-15T18:52:56","modified_gmt":"2024-10-15T21:52:56","slug":"salon-de-fiestas-wiii-y-eventos-los-presidentes-se-unieron-y-ofrecen-experiencias-completas","status":"publish","type":"post","link":"https:\/\/noticiasmercedinas.com\/site\/2024\/10\/15\/salon-de-fiestas-wiii-y-eventos-los-presidentes-se-unieron-y-ofrecen-experiencias-completas\/","title":{"rendered":"Sal\u00f3n de fiestas Wiii!!! y Eventos Los Presidentes se unieron y ofrecen experiencias completas"},"content":{"rendered":"<p><img loading=\"lazy\" decoding=\"async\" class=\"alignnone wp-image-146246 size-full\" src=\"https:\/\/noticiasmercedinas.com\/site\/wp-content\/uploads\/2024\/10\/3660622e-0559-4fee-9fe4-73005a4544ee-e1729028712349.jpeg\" alt=\"\" width=\"720\" height=\"576\" srcset=\"https:\/\/noticiasmercedinas.com\/site\/wp-content\/uploads\/2024\/10\/3660622e-0559-4fee-9fe4-73005a4544ee-e1729028712349.jpeg 720w, https:\/\/noticiasmercedinas.com\/site\/wp-content\/uploads\/2024\/10\/3660622e-0559-4fee-9fe4-73005a4544ee-e1729028712349-300x240.jpeg 300w, https:\/\/noticiasmercedinas.com\/site\/wp-content\/uploads\/2024\/10\/3660622e-0559-4fee-9fe4-73005a4544ee-e1729028712349-640x512.jpeg 640w, https:\/\/noticiasmercedinas.com\/site\/wp-content\/uploads\/2024\/10\/3660622e-0559-4fee-9fe4-73005a4544ee-e1729028712349-681x545.jpeg 681w\" sizes=\"auto, (max-width: 720px) 100vw, 720px\" \/><\/p>\n<p>El sal\u00f3n de eventos <strong>Wiii!!!<\/strong> y <strong>Eventos Los Presidentes<\/strong> han anunciado que desde octubre ofrecen juntos una propuesta integral en celebraciones en Mercedes y la zona. Desde fiestas infantiles hasta reuniones empresariales, esta fusi\u00f3n brinda una experiencia completa, con servicios que combinan el entretenimiento y la gastronom\u00eda.<\/p>\n<p>Oscar Coronel, titular de Los Presidentes, comparti\u00f3 su entusiasmo por esta alianza y destac\u00f3 la confianza que sus clientes han depositado en ellos a lo largo de los a\u00f1os.<\/p>\n<p>\u00abEstamos muy contentos de poder sumar esta posibilidad de tener un sal\u00f3n de eventos propio. Con Los Presidentes comenzamos con el alquiler de vajilla \u2013algo que a\u00fan hacemos\u2013, pero fuimos creciendo y ahora tambi\u00e9n ofrecemos un servicio de eventos integral\u00bb, se\u00f1al\u00f3 Coronel.<\/p>\n<p><img loading=\"lazy\" decoding=\"async\" class=\"alignnone wp-image-146248 size-full\" src=\"https:\/\/noticiasmercedinas.com\/site\/wp-content\/uploads\/2024\/10\/b4eb099c-35b6-4268-89e1-e453956523a4-e1729028747392.jpeg\" alt=\"\" width=\"1200\" height=\"938\" srcset=\"https:\/\/noticiasmercedinas.com\/site\/wp-content\/uploads\/2024\/10\/b4eb099c-35b6-4268-89e1-e453956523a4-e1729028747392.jpeg 1200w, https:\/\/noticiasmercedinas.com\/site\/wp-content\/uploads\/2024\/10\/b4eb099c-35b6-4268-89e1-e453956523a4-e1729028747392-300x235.jpeg 300w, https:\/\/noticiasmercedinas.com\/site\/wp-content\/uploads\/2024\/10\/b4eb099c-35b6-4268-89e1-e453956523a4-e1729028747392-1024x800.jpeg 1024w, https:\/\/noticiasmercedinas.com\/site\/wp-content\/uploads\/2024\/10\/b4eb099c-35b6-4268-89e1-e453956523a4-e1729028747392-768x600.jpeg 768w, https:\/\/noticiasmercedinas.com\/site\/wp-content\/uploads\/2024\/10\/b4eb099c-35b6-4268-89e1-e453956523a4-e1729028747392-640x500.jpeg 640w, https:\/\/noticiasmercedinas.com\/site\/wp-content\/uploads\/2024\/10\/b4eb099c-35b6-4268-89e1-e453956523a4-e1729028747392-681x532.jpeg 681w\" sizes=\"auto, (max-width: 1200px) 100vw, 1200px\" \/><\/p>\n<p>El sal\u00f3n <strong>Wiii!!!<\/strong>, renovado recientemente, ofrece un espacio de diversi\u00f3n para chicos y grandes, incluyendo un pelotero, inflables, metegol, tejo, tenis de mesa y plaza blanda, todos elementos nuevos para garantizar una celebraci\u00f3n inolvidable.<\/p>\n<p>En cuanto a la capacidad, el sal\u00f3n puede recibir hasta 90 personas, con mesas y vajilla para 70 adultos y en cuanto a cumplea\u00f1os infantiles se reciben hasta 30 ni\u00f1os.<\/p>\n<p><img loading=\"lazy\" decoding=\"async\" class=\"alignnone size-full wp-image-146253\" src=\"https:\/\/noticiasmercedinas.com\/site\/wp-content\/uploads\/2024\/10\/3032cb31-f487-4323-b558-2f862b9aba94-e1729028768583.jpeg\" alt=\"\" width=\"1200\" height=\"896\" srcset=\"https:\/\/noticiasmercedinas.com\/site\/wp-content\/uploads\/2024\/10\/3032cb31-f487-4323-b558-2f862b9aba94-e1729028768583.jpeg 1200w, https:\/\/noticiasmercedinas.com\/site\/wp-content\/uploads\/2024\/10\/3032cb31-f487-4323-b558-2f862b9aba94-e1729028768583-300x224.jpeg 300w, https:\/\/noticiasmercedinas.com\/site\/wp-content\/uploads\/2024\/10\/3032cb31-f487-4323-b558-2f862b9aba94-e1729028768583-1024x765.jpeg 1024w, https:\/\/noticiasmercedinas.com\/site\/wp-content\/uploads\/2024\/10\/3032cb31-f487-4323-b558-2f862b9aba94-e1729028768583-768x573.jpeg 768w, https:\/\/noticiasmercedinas.com\/site\/wp-content\/uploads\/2024\/10\/3032cb31-f487-4323-b558-2f862b9aba94-e1729028768583-80x60.jpeg 80w, https:\/\/noticiasmercedinas.com\/site\/wp-content\/uploads\/2024\/10\/3032cb31-f487-4323-b558-2f862b9aba94-e1729028768583-160x120.jpeg 160w, https:\/\/noticiasmercedinas.com\/site\/wp-content\/uploads\/2024\/10\/3032cb31-f487-4323-b558-2f862b9aba94-e1729028768583-100x75.jpeg 100w, https:\/\/noticiasmercedinas.com\/site\/wp-content\/uploads\/2024\/10\/3032cb31-f487-4323-b558-2f862b9aba94-e1729028768583-200x150.jpeg 200w, https:\/\/noticiasmercedinas.com\/site\/wp-content\/uploads\/2024\/10\/3032cb31-f487-4323-b558-2f862b9aba94-e1729028768583-180x135.jpeg 180w, https:\/\/noticiasmercedinas.com\/site\/wp-content\/uploads\/2024\/10\/3032cb31-f487-4323-b558-2f862b9aba94-e1729028768583-360x270.jpeg 360w, https:\/\/noticiasmercedinas.com\/site\/wp-content\/uploads\/2024\/10\/3032cb31-f487-4323-b558-2f862b9aba94-e1729028768583-238x178.jpeg 238w, https:\/\/noticiasmercedinas.com\/site\/wp-content\/uploads\/2024\/10\/3032cb31-f487-4323-b558-2f862b9aba94-e1729028768583-476x356.jpeg 476w, https:\/\/noticiasmercedinas.com\/site\/wp-content\/uploads\/2024\/10\/3032cb31-f487-4323-b558-2f862b9aba94-e1729028768583-640x478.jpeg 640w, https:\/\/noticiasmercedinas.com\/site\/wp-content\/uploads\/2024\/10\/3032cb31-f487-4323-b558-2f862b9aba94-e1729028768583-681x508.jpeg 681w\" sizes=\"auto, (max-width: 1200px) 100vw, 1200px\" \/><\/p>\n<p><strong>Eventos Los Presidentes<\/strong>, que desde 2017 ha sido reconocido por su servicio de catering en la regi\u00f3n, se encargar\u00e1 del men\u00fa para complementar las celebraciones, manteniendo su calidad y atenci\u00f3n a los detalles.<\/p>\n<p>El sal\u00f3n cuenta adem\u00e1s con cocina industrial, dos heladeras y un freezer grande, aire acondicionado, calefacci\u00f3n y tres ba\u00f1os, uno de ellos con cambiador para beb\u00e9s.<\/p>\n<p>Las reservas ya est\u00e1n abiertas, con fechas disponibles hasta marzo de 2025. Seg\u00fan el tipo de servicio, los precios para fiestas infantiles var\u00edan entre 90.000 y 130.000 pesos, con la posibilidad de alquilar el sal\u00f3n solo o con catering incluido. \u00abEn lo que hace a las formas de pago se puede hacer en efectivo o por transferencia. Y si bien hay fechas reservadas todav\u00eda quedan. Por ahora los turnos son desde las 10 de la ma\u00f1ana hasta las 20 horas. Al sal\u00f3n lo pueden utilizar todo el d\u00eda\u00bb, explic\u00f3 Coronel.<\/p>\n<p>Para m\u00e1s informaci\u00f3n o para reservar, los interesados pueden comunicarse al tel\u00e9fono y WhatsApp <strong>2324-591216<\/strong>.<\/p>\n<p><img loading=\"lazy\" decoding=\"async\" class=\"alignnone wp-image-146250 size-full\" src=\"https:\/\/noticiasmercedinas.com\/site\/wp-content\/uploads\/2024\/10\/42dae65d-e019-4e5c-9c2c-7d1f020218e1-e1729028800439.jpeg\" alt=\"\" width=\"1200\" height=\"1106\" srcset=\"https:\/\/noticiasmercedinas.com\/site\/wp-content\/uploads\/2024\/10\/42dae65d-e019-4e5c-9c2c-7d1f020218e1-e1729028800439.jpeg 1200w, https:\/\/noticiasmercedinas.com\/site\/wp-content\/uploads\/2024\/10\/42dae65d-e019-4e5c-9c2c-7d1f020218e1-e1729028800439-300x277.jpeg 300w, https:\/\/noticiasmercedinas.com\/site\/wp-content\/uploads\/2024\/10\/42dae65d-e019-4e5c-9c2c-7d1f020218e1-e1729028800439-1024x944.jpeg 1024w, https:\/\/noticiasmercedinas.com\/site\/wp-content\/uploads\/2024\/10\/42dae65d-e019-4e5c-9c2c-7d1f020218e1-e1729028800439-768x708.jpeg 768w, https:\/\/noticiasmercedinas.com\/site\/wp-content\/uploads\/2024\/10\/42dae65d-e019-4e5c-9c2c-7d1f020218e1-e1729028800439-640x590.jpeg 640w, https:\/\/noticiasmercedinas.com\/site\/wp-content\/uploads\/2024\/10\/42dae65d-e019-4e5c-9c2c-7d1f020218e1-e1729028800439-681x628.jpeg 681w\" sizes=\"auto, (max-width: 1200px) 100vw, 1200px\" \/> <img loading=\"lazy\" decoding=\"async\" class=\"alignnone size-full wp-image-146247\" src=\"https:\/\/noticiasmercedinas.com\/site\/wp-content\/uploads\/2024\/10\/6a6773b1-1ba0-4c0c-8304-245d0f6a25df.jpeg\" alt=\"\" width=\"1280\" height=\"963\" srcset=\"https:\/\/noticiasmercedinas.com\/site\/wp-content\/uploads\/2024\/10\/6a6773b1-1ba0-4c0c-8304-245d0f6a25df.jpeg 1280w, https:\/\/noticiasmercedinas.com\/site\/wp-content\/uploads\/2024\/10\/6a6773b1-1ba0-4c0c-8304-245d0f6a25df-300x226.jpeg 300w, https:\/\/noticiasmercedinas.com\/site\/wp-content\/uploads\/2024\/10\/6a6773b1-1ba0-4c0c-8304-245d0f6a25df-1024x770.jpeg 1024w, https:\/\/noticiasmercedinas.com\/site\/wp-content\/uploads\/2024\/10\/6a6773b1-1ba0-4c0c-8304-245d0f6a25df-768x578.jpeg 768w, https:\/\/noticiasmercedinas.com\/site\/wp-content\/uploads\/2024\/10\/6a6773b1-1ba0-4c0c-8304-245d0f6a25df-80x60.jpeg 80w, https:\/\/noticiasmercedinas.com\/site\/wp-content\/uploads\/2024\/10\/6a6773b1-1ba0-4c0c-8304-245d0f6a25df-160x120.jpeg 160w, https:\/\/noticiasmercedinas.com\/site\/wp-content\/uploads\/2024\/10\/6a6773b1-1ba0-4c0c-8304-245d0f6a25df-100x75.jpeg 100w, https:\/\/noticiasmercedinas.com\/site\/wp-content\/uploads\/2024\/10\/6a6773b1-1ba0-4c0c-8304-245d0f6a25df-200x150.jpeg 200w, https:\/\/noticiasmercedinas.com\/site\/wp-content\/uploads\/2024\/10\/6a6773b1-1ba0-4c0c-8304-245d0f6a25df-180x135.jpeg 180w, https:\/\/noticiasmercedinas.com\/site\/wp-content\/uploads\/2024\/10\/6a6773b1-1ba0-4c0c-8304-245d0f6a25df-360x270.jpeg 360w, https:\/\/noticiasmercedinas.com\/site\/wp-content\/uploads\/2024\/10\/6a6773b1-1ba0-4c0c-8304-245d0f6a25df-238x178.jpeg 238w, https:\/\/noticiasmercedinas.com\/site\/wp-content\/uploads\/2024\/10\/6a6773b1-1ba0-4c0c-8304-245d0f6a25df-640x482.jpeg 640w, https:\/\/noticiasmercedinas.com\/site\/wp-content\/uploads\/2024\/10\/6a6773b1-1ba0-4c0c-8304-245d0f6a25df-681x512.jpeg 681w\" sizes=\"auto, (max-width: 1280px) 100vw, 1280px\" \/> <img loading=\"lazy\" decoding=\"async\" class=\"alignnone size-full wp-image-146254\" src=\"https:\/\/noticiasmercedinas.com\/site\/wp-content\/uploads\/2024\/10\/692843a7-41ff-4f20-a8fd-90b5216ad645.jpeg\" alt=\"\" width=\"1200\" height=\"1600\" srcset=\"https:\/\/noticiasmercedinas.com\/site\/wp-content\/uploads\/2024\/10\/692843a7-41ff-4f20-a8fd-90b5216ad645.jpeg 1200w, https:\/\/noticiasmercedinas.com\/site\/wp-content\/uploads\/2024\/10\/692843a7-41ff-4f20-a8fd-90b5216ad645-225x300.jpeg 225w, https:\/\/noticiasmercedinas.com\/site\/wp-content\/uploads\/2024\/10\/692843a7-41ff-4f20-a8fd-90b5216ad645-768x1024.jpeg 768w, https:\/\/noticiasmercedinas.com\/site\/wp-content\/uploads\/2024\/10\/692843a7-41ff-4f20-a8fd-90b5216ad645-1152x1536.jpeg 1152w, https:\/\/noticiasmercedinas.com\/site\/wp-content\/uploads\/2024\/10\/692843a7-41ff-4f20-a8fd-90b5216ad645-640x853.jpeg 640w, https:\/\/noticiasmercedinas.com\/site\/wp-content\/uploads\/2024\/10\/692843a7-41ff-4f20-a8fd-90b5216ad645-681x908.jpeg 681w\" sizes=\"auto, (max-width: 1200px) 100vw, 1200px\" \/><\/p>\n","protected":false},"excerpt":{"rendered":"<p>El sal\u00f3n de eventos Wiii!!! y Eventos Los Presidentes han anunciado que desde octubre ofrecen juntos una propuesta integral en celebraciones en Mercedes y la zona. Desde fiestas infantiles hasta reuniones empresariales, esta fusi\u00f3n brinda una experiencia completa, con servicios que combinan el entretenimiento y la gastronom\u00eda. Oscar Coronel, titular de Los Presidentes, comparti\u00f3 su [&hellip;]<\/p>\n","protected":false},"author":16,"featured_media":146246,"comment_status":"closed","ping_status":"closed","sticky":false,"template":"","format":"standard","meta":{"footnotes":""},"categories":[74],"tags":[18977,6115,10265,2512,18975,18837,5010,18976,18834],"class_list":["post-146245","post","type-post","status-publish","format-standard","has-post-thumbnail","hentry","category-emprendimientos","tag-bautismos","tag-cumpleanos","tag-eventos","tag-fiestas","tag-fiestas-infantles","tag-los-presidentes","tag-salon","tag-vajilla","tag-wiii"],"yoast_head":"<!-- This site is optimized with the Yoast SEO plugin v27.4 - https:\/\/yoast.com\/product\/yoast-seo-wordpress\/ -->\n<title>Sal\u00f3n de fiestas Wiii!!! y Eventos Los Presidentes se unieron y ofrecen experiencias completas<\/title>\n<meta name=\"robots\" content=\"index, follow, max-snippet:-1, max-image-preview:large, max-video-preview:-1\" \/>\n<link rel=\"canonical\" href=\"https:\/\/noticiasmercedinas.com\/site\/2024\/10\/15\/salon-de-fiestas-wiii-y-eventos-los-presidentes-se-unieron-y-ofrecen-experiencias-completas\/\" \/>\n<meta property=\"og:locale\" content=\"es_ES\" \/>\n<meta property=\"og:type\" content=\"article\" \/>\n<meta property=\"og:title\" content=\"Sal\u00f3n de fiestas Wiii!!! y Eventos Los Presidentes se unieron y ofrecen experiencias completas\" \/>\n<meta property=\"og:description\" content=\"El sal\u00f3n de eventos Wiii!!! y Eventos Los Presidentes han anunciado que desde octubre ofrecen juntos una propuesta integral en celebraciones en Mercedes y la zona. Desde fiestas infantiles hasta reuniones empresariales, esta fusi\u00f3n brinda una experiencia completa, con servicios que combinan el entretenimiento y la gastronom\u00eda. Oscar Coronel, titular de Los Presidentes, comparti\u00f3 su [&hellip;]\" \/>\n<meta property=\"og:url\" content=\"https:\/\/noticiasmercedinas.com\/site\/2024\/10\/15\/salon-de-fiestas-wiii-y-eventos-los-presidentes-se-unieron-y-ofrecen-experiencias-completas\/\" \/>\n<meta property=\"og:site_name\" content=\"NOTICIASMERCEDINAS.COM\" \/>\n<meta property=\"article:publisher\" content=\"https:\/\/www.facebook.com\/noticiasmercedinas\/\" \/>\n<meta property=\"article:published_time\" content=\"2024-10-15T21:47:38+00:00\" \/>\n<meta property=\"article:modified_time\" content=\"2024-10-15T21:52:56+00:00\" \/>\n<meta property=\"og:image\" content=\"https:\/\/noticiasmercedinas.com\/site\/wp-content\/uploads\/2024\/10\/3660622e-0559-4fee-9fe4-73005a4544ee-e1729028712349.jpeg\" \/>\n\t<meta property=\"og:image:width\" content=\"720\" \/>\n\t<meta property=\"og:image:height\" content=\"576\" \/>\n\t<meta property=\"og:image:type\" content=\"image\/jpeg\" \/>\n<meta name=\"author\" content=\"NOTICIASMERCEDINAS.COM\" \/>\n<meta name=\"twitter:card\" content=\"summary_large_image\" \/>\n<meta name=\"twitter:creator\" content=\"@notmercedinas\" \/>\n<meta name=\"twitter:site\" content=\"@notmercedinas\" \/>\n<meta name=\"twitter:label1\" content=\"Escrito por\" \/>\n\t<meta name=\"twitter:data1\" content=\"NOTICIASMERCEDINAS.COM\" \/>\n\t<meta name=\"twitter:label2\" content=\"Tiempo de lectura\" \/>\n\t<meta name=\"twitter:data2\" content=\"2 minutos\" \/>\n<script type=\"application\/ld+json\" class=\"yoast-schema-graph\">{\"@context\":\"https:\\\/\\\/schema.org\",\"@graph\":[{\"@type\":\"Article\",\"@id\":\"https:\\\/\\\/noticiasmercedinas.com\\\/site\\\/2024\\\/10\\\/15\\\/salon-de-fiestas-wiii-y-eventos-los-presidentes-se-unieron-y-ofrecen-experiencias-completas\\\/#article\",\"isPartOf\":{\"@id\":\"https:\\\/\\\/noticiasmercedinas.com\\\/site\\\/2024\\\/10\\\/15\\\/salon-de-fiestas-wiii-y-eventos-los-presidentes-se-unieron-y-ofrecen-experiencias-completas\\\/\"},\"author\":{\"name\":\"NOTICIASMERCEDINAS.COM\",\"@id\":\"https:\\\/\\\/noticiasmercedinas.com\\\/site\\\/#\\\/schema\\\/person\\\/84b59c099c28ff2e8b77d4ceec5d8063\"},\"headline\":\"Sal\u00f3n de fiestas Wiii!!! y Eventos Los Presidentes se unieron y ofrecen experiencias completas\",\"datePublished\":\"2024-10-15T21:47:38+00:00\",\"dateModified\":\"2024-10-15T21:52:56+00:00\",\"mainEntityOfPage\":{\"@id\":\"https:\\\/\\\/noticiasmercedinas.com\\\/site\\\/2024\\\/10\\\/15\\\/salon-de-fiestas-wiii-y-eventos-los-presidentes-se-unieron-y-ofrecen-experiencias-completas\\\/\"},\"wordCount\":384,\"publisher\":{\"@id\":\"https:\\\/\\\/noticiasmercedinas.com\\\/site\\\/#organization\"},\"image\":{\"@id\":\"https:\\\/\\\/noticiasmercedinas.com\\\/site\\\/2024\\\/10\\\/15\\\/salon-de-fiestas-wiii-y-eventos-los-presidentes-se-unieron-y-ofrecen-experiencias-completas\\\/#primaryimage\"},\"thumbnailUrl\":\"https:\\\/\\\/noticiasmercedinas.com\\\/site\\\/wp-content\\\/uploads\\\/2024\\\/10\\\/3660622e-0559-4fee-9fe4-73005a4544ee-e1729028712349.jpeg\",\"keywords\":[\"bautismos\",\"cumplea\u00f1os\",\"eventos\",\"fiestas\",\"fiestas infantles\",\"los presidentes\",\"salon\",\"vajilla\",\"wiii\"],\"articleSection\":[\"Emprendimientos\"],\"inLanguage\":\"es\"},{\"@type\":\"WebPage\",\"@id\":\"https:\\\/\\\/noticiasmercedinas.com\\\/site\\\/2024\\\/10\\\/15\\\/salon-de-fiestas-wiii-y-eventos-los-presidentes-se-unieron-y-ofrecen-experiencias-completas\\\/\",\"url\":\"https:\\\/\\\/noticiasmercedinas.com\\\/site\\\/2024\\\/10\\\/15\\\/salon-de-fiestas-wiii-y-eventos-los-presidentes-se-unieron-y-ofrecen-experiencias-completas\\\/\",\"name\":\"Sal\u00f3n de fiestas Wiii!!! y Eventos Los Presidentes se unieron y ofrecen experiencias completas\",\"isPartOf\":{\"@id\":\"https:\\\/\\\/noticiasmercedinas.com\\\/site\\\/#website\"},\"primaryImageOfPage\":{\"@id\":\"https:\\\/\\\/noticiasmercedinas.com\\\/site\\\/2024\\\/10\\\/15\\\/salon-de-fiestas-wiii-y-eventos-los-presidentes-se-unieron-y-ofrecen-experiencias-completas\\\/#primaryimage\"},\"image\":{\"@id\":\"https:\\\/\\\/noticiasmercedinas.com\\\/site\\\/2024\\\/10\\\/15\\\/salon-de-fiestas-wiii-y-eventos-los-presidentes-se-unieron-y-ofrecen-experiencias-completas\\\/#primaryimage\"},\"thumbnailUrl\":\"https:\\\/\\\/noticiasmercedinas.com\\\/site\\\/wp-content\\\/uploads\\\/2024\\\/10\\\/3660622e-0559-4fee-9fe4-73005a4544ee-e1729028712349.jpeg\",\"datePublished\":\"2024-10-15T21:47:38+00:00\",\"dateModified\":\"2024-10-15T21:52:56+00:00\",\"breadcrumb\":{\"@id\":\"https:\\\/\\\/noticiasmercedinas.com\\\/site\\\/2024\\\/10\\\/15\\\/salon-de-fiestas-wiii-y-eventos-los-presidentes-se-unieron-y-ofrecen-experiencias-completas\\\/#breadcrumb\"},\"inLanguage\":\"es\",\"potentialAction\":[{\"@type\":\"ReadAction\",\"target\":[\"https:\\\/\\\/noticiasmercedinas.com\\\/site\\\/2024\\\/10\\\/15\\\/salon-de-fiestas-wiii-y-eventos-los-presidentes-se-unieron-y-ofrecen-experiencias-completas\\\/\"]}]},{\"@type\":\"ImageObject\",\"inLanguage\":\"es\",\"@id\":\"https:\\\/\\\/noticiasmercedinas.com\\\/site\\\/2024\\\/10\\\/15\\\/salon-de-fiestas-wiii-y-eventos-los-presidentes-se-unieron-y-ofrecen-experiencias-completas\\\/#primaryimage\",\"url\":\"https:\\\/\\\/noticiasmercedinas.com\\\/site\\\/wp-content\\\/uploads\\\/2024\\\/10\\\/3660622e-0559-4fee-9fe4-73005a4544ee-e1729028712349.jpeg\",\"contentUrl\":\"https:\\\/\\\/noticiasmercedinas.com\\\/site\\\/wp-content\\\/uploads\\\/2024\\\/10\\\/3660622e-0559-4fee-9fe4-73005a4544ee-e1729028712349.jpeg\",\"width\":720,\"height\":576},{\"@type\":\"BreadcrumbList\",\"@id\":\"https:\\\/\\\/noticiasmercedinas.com\\\/site\\\/2024\\\/10\\\/15\\\/salon-de-fiestas-wiii-y-eventos-los-presidentes-se-unieron-y-ofrecen-experiencias-completas\\\/#breadcrumb\",\"itemListElement\":[{\"@type\":\"ListItem\",\"position\":1,\"name\":\"Portada\",\"item\":\"https:\\\/\\\/noticiasmercedinas.com\\\/site\\\/\"},{\"@type\":\"ListItem\",\"position\":2,\"name\":\"Sal\u00f3n de fiestas Wiii!!! y Eventos Los Presidentes se unieron y ofrecen experiencias completas\"}]},{\"@type\":\"WebSite\",\"@id\":\"https:\\\/\\\/noticiasmercedinas.com\\\/site\\\/#website\",\"url\":\"https:\\\/\\\/noticiasmercedinas.com\\\/site\\\/\",\"name\":\"NOTICIASMERCEDINAS.COM\",\"description\":\"Mercedes, Buenos Aires, Argentina\",\"publisher\":{\"@id\":\"https:\\\/\\\/noticiasmercedinas.com\\\/site\\\/#organization\"},\"potentialAction\":[{\"@type\":\"SearchAction\",\"target\":{\"@type\":\"EntryPoint\",\"urlTemplate\":\"https:\\\/\\\/noticiasmercedinas.com\\\/site\\\/?s={search_term_string}\"},\"query-input\":{\"@type\":\"PropertyValueSpecification\",\"valueRequired\":true,\"valueName\":\"search_term_string\"}}],\"inLanguage\":\"es\"},{\"@type\":\"Organization\",\"@id\":\"https:\\\/\\\/noticiasmercedinas.com\\\/site\\\/#organization\",\"name\":\"NOTICIASMERCEDINAS.COM\",\"url\":\"https:\\\/\\\/noticiasmercedinas.com\\\/site\\\/\",\"logo\":{\"@type\":\"ImageObject\",\"inLanguage\":\"es\",\"@id\":\"https:\\\/\\\/noticiasmercedinas.com\\\/site\\\/#\\\/schema\\\/logo\\\/image\\\/\",\"url\":\"https:\\\/\\\/noticiasmercedinas.com\\\/site\\\/wp-content\\\/uploads\\\/2020\\\/06\\\/LOGO-512.jpg\",\"contentUrl\":\"https:\\\/\\\/noticiasmercedinas.com\\\/site\\\/wp-content\\\/uploads\\\/2020\\\/06\\\/LOGO-512.jpg\",\"width\":512,\"height\":512,\"caption\":\"NOTICIASMERCEDINAS.COM\"},\"image\":{\"@id\":\"https:\\\/\\\/noticiasmercedinas.com\\\/site\\\/#\\\/schema\\\/logo\\\/image\\\/\"},\"sameAs\":[\"https:\\\/\\\/www.facebook.com\\\/noticiasmercedinas\\\/\",\"https:\\\/\\\/x.com\\\/notmercedinas\",\"https:\\\/\\\/www.instagram.com\\\/noticiasmercedinas\\\/\"]},{\"@type\":\"Person\",\"@id\":\"https:\\\/\\\/noticiasmercedinas.com\\\/site\\\/#\\\/schema\\\/person\\\/84b59c099c28ff2e8b77d4ceec5d8063\",\"name\":\"NOTICIASMERCEDINAS.COM\",\"image\":{\"@type\":\"ImageObject\",\"inLanguage\":\"es\",\"@id\":\"https:\\\/\\\/secure.gravatar.com\\\/avatar\\\/4dfbf16b4d17945bfb6341b2d19043457132fcf478a5ee04f42e959fd8f5df0a?s=96&d=mm&r=g\",\"url\":\"https:\\\/\\\/secure.gravatar.com\\\/avatar\\\/4dfbf16b4d17945bfb6341b2d19043457132fcf478a5ee04f42e959fd8f5df0a?s=96&d=mm&r=g\",\"contentUrl\":\"https:\\\/\\\/secure.gravatar.com\\\/avatar\\\/4dfbf16b4d17945bfb6341b2d19043457132fcf478a5ee04f42e959fd8f5df0a?s=96&d=mm&r=g\",\"caption\":\"NOTICIASMERCEDINAS.COM\"},\"url\":\"https:\\\/\\\/noticiasmercedinas.com\\\/site\\\/author\\\/anonimo\\\/\"}]}<\/script>\n<!-- \/ Yoast SEO plugin. -->","yoast_head_json":{"title":"Sal\u00f3n de fiestas Wiii!!! y Eventos Los Presidentes se unieron y ofrecen experiencias completas","robots":{"index":"index","follow":"follow","max-snippet":"max-snippet:-1","max-image-preview":"max-image-preview:large","max-video-preview":"max-video-preview:-1"},"canonical":"https:\/\/noticiasmercedinas.com\/site\/2024\/10\/15\/salon-de-fiestas-wiii-y-eventos-los-presidentes-se-unieron-y-ofrecen-experiencias-completas\/","og_locale":"es_ES","og_type":"article","og_title":"Sal\u00f3n de fiestas Wiii!!! y Eventos Los Presidentes se unieron y ofrecen experiencias completas","og_description":"El sal\u00f3n de eventos Wiii!!! y Eventos Los Presidentes han anunciado que desde octubre ofrecen juntos una propuesta integral en celebraciones en Mercedes y la zona. Desde fiestas infantiles hasta reuniones empresariales, esta fusi\u00f3n brinda una experiencia completa, con servicios que combinan el entretenimiento y la gastronom\u00eda. Oscar Coronel, titular de Los Presidentes, comparti\u00f3 su [&hellip;]","og_url":"https:\/\/noticiasmercedinas.com\/site\/2024\/10\/15\/salon-de-fiestas-wiii-y-eventos-los-presidentes-se-unieron-y-ofrecen-experiencias-completas\/","og_site_name":"NOTICIASMERCEDINAS.COM","article_publisher":"https:\/\/www.facebook.com\/noticiasmercedinas\/","article_published_time":"2024-10-15T21:47:38+00:00","article_modified_time":"2024-10-15T21:52:56+00:00","og_image":[{"width":720,"height":576,"url":"https:\/\/noticiasmercedinas.com\/site\/wp-content\/uploads\/2024\/10\/3660622e-0559-4fee-9fe4-73005a4544ee-e1729028712349.jpeg","type":"image\/jpeg"}],"author":"NOTICIASMERCEDINAS.COM","twitter_card":"summary_large_image","twitter_creator":"@notmercedinas","twitter_site":"@notmercedinas","twitter_misc":{"Escrito por":"NOTICIASMERCEDINAS.COM","Tiempo de lectura":"2 minutos"},"schema":{"@context":"https:\/\/schema.org","@graph":[{"@type":"Article","@id":"https:\/\/noticiasmercedinas.com\/site\/2024\/10\/15\/salon-de-fiestas-wiii-y-eventos-los-presidentes-se-unieron-y-ofrecen-experiencias-completas\/#article","isPartOf":{"@id":"https:\/\/noticiasmercedinas.com\/site\/2024\/10\/15\/salon-de-fiestas-wiii-y-eventos-los-presidentes-se-unieron-y-ofrecen-experiencias-completas\/"},"author":{"name":"NOTICIASMERCEDINAS.COM","@id":"https:\/\/noticiasmercedinas.com\/site\/#\/schema\/person\/84b59c099c28ff2e8b77d4ceec5d8063"},"headline":"Sal\u00f3n de fiestas Wiii!!! y Eventos Los Presidentes se unieron y ofrecen experiencias completas","datePublished":"2024-10-15T21:47:38+00:00","dateModified":"2024-10-15T21:52:56+00:00","mainEntityOfPage":{"@id":"https:\/\/noticiasmercedinas.com\/site\/2024\/10\/15\/salon-de-fiestas-wiii-y-eventos-los-presidentes-se-unieron-y-ofrecen-experiencias-completas\/"},"wordCount":384,"publisher":{"@id":"https:\/\/noticiasmercedinas.com\/site\/#organization"},"image":{"@id":"https:\/\/noticiasmercedinas.com\/site\/2024\/10\/15\/salon-de-fiestas-wiii-y-eventos-los-presidentes-se-unieron-y-ofrecen-experiencias-completas\/#primaryimage"},"thumbnailUrl":"https:\/\/noticiasmercedinas.com\/site\/wp-content\/uploads\/2024\/10\/3660622e-0559-4fee-9fe4-73005a4544ee-e1729028712349.jpeg","keywords":["bautismos","cumplea\u00f1os","eventos","fiestas","fiestas infantles","los presidentes","salon","vajilla","wiii"],"articleSection":["Emprendimientos"],"inLanguage":"es"},{"@type":"WebPage","@id":"https:\/\/noticiasmercedinas.com\/site\/2024\/10\/15\/salon-de-fiestas-wiii-y-eventos-los-presidentes-se-unieron-y-ofrecen-experiencias-completas\/","url":"https:\/\/noticiasmercedinas.com\/site\/2024\/10\/15\/salon-de-fiestas-wiii-y-eventos-los-presidentes-se-unieron-y-ofrecen-experiencias-completas\/","name":"Sal\u00f3n de fiestas Wiii!!! y Eventos Los Presidentes se unieron y ofrecen experiencias completas","isPartOf":{"@id":"https:\/\/noticiasmercedinas.com\/site\/#website"},"primaryImageOfPage":{"@id":"https:\/\/noticiasmercedinas.com\/site\/2024\/10\/15\/salon-de-fiestas-wiii-y-eventos-los-presidentes-se-unieron-y-ofrecen-experiencias-completas\/#primaryimage"},"image":{"@id":"https:\/\/noticiasmercedinas.com\/site\/2024\/10\/15\/salon-de-fiestas-wiii-y-eventos-los-presidentes-se-unieron-y-ofrecen-experiencias-completas\/#primaryimage"},"thumbnailUrl":"https:\/\/noticiasmercedinas.com\/site\/wp-content\/uploads\/2024\/10\/3660622e-0559-4fee-9fe4-73005a4544ee-e1729028712349.jpeg","datePublished":"2024-10-15T21:47:38+00:00","dateModified":"2024-10-15T21:52:56+00:00","breadcrumb":{"@id":"https:\/\/noticiasmercedinas.com\/site\/2024\/10\/15\/salon-de-fiestas-wiii-y-eventos-los-presidentes-se-unieron-y-ofrecen-experiencias-completas\/#breadcrumb"},"inLanguage":"es","potentialAction":[{"@type":"ReadAction","target":["https:\/\/noticiasmercedinas.com\/site\/2024\/10\/15\/salon-de-fiestas-wiii-y-eventos-los-presidentes-se-unieron-y-ofrecen-experiencias-completas\/"]}]},{"@type":"ImageObject","inLanguage":"es","@id":"https:\/\/noticiasmercedinas.com\/site\/2024\/10\/15\/salon-de-fiestas-wiii-y-eventos-los-presidentes-se-unieron-y-ofrecen-experiencias-completas\/#primaryimage","url":"https:\/\/noticiasmercedinas.com\/site\/wp-content\/uploads\/2024\/10\/3660622e-0559-4fee-9fe4-73005a4544ee-e1729028712349.jpeg","contentUrl":"https:\/\/noticiasmercedinas.com\/site\/wp-content\/uploads\/2024\/10\/3660622e-0559-4fee-9fe4-73005a4544ee-e1729028712349.jpeg","width":720,"height":576},{"@type":"BreadcrumbList","@id":"https:\/\/noticiasmercedinas.com\/site\/2024\/10\/15\/salon-de-fiestas-wiii-y-eventos-los-presidentes-se-unieron-y-ofrecen-experiencias-completas\/#breadcrumb","itemListElement":[{"@type":"ListItem","position":1,"name":"Portada","item":"https:\/\/noticiasmercedinas.com\/site\/"},{"@type":"ListItem","position":2,"name":"Sal\u00f3n de fiestas Wiii!!! y Eventos Los Presidentes se unieron y ofrecen experiencias completas"}]},{"@type":"WebSite","@id":"https:\/\/noticiasmercedinas.com\/site\/#website","url":"https:\/\/noticiasmercedinas.com\/site\/","name":"NOTICIASMERCEDINAS.COM","description":"Mercedes, Buenos Aires, Argentina","publisher":{"@id":"https:\/\/noticiasmercedinas.com\/site\/#organization"},"potentialAction":[{"@type":"SearchAction","target":{"@type":"EntryPoint","urlTemplate":"https:\/\/noticiasmercedinas.com\/site\/?s={search_term_string}"},"query-input":{"@type":"PropertyValueSpecification","valueRequired":true,"valueName":"search_term_string"}}],"inLanguage":"es"},{"@type":"Organization","@id":"https:\/\/noticiasmercedinas.com\/site\/#organization","name":"NOTICIASMERCEDINAS.COM","url":"https:\/\/noticiasmercedinas.com\/site\/","logo":{"@type":"ImageObject","inLanguage":"es","@id":"https:\/\/noticiasmercedinas.com\/site\/#\/schema\/logo\/image\/","url":"https:\/\/noticiasmercedinas.com\/site\/wp-content\/uploads\/2020\/06\/LOGO-512.jpg","contentUrl":"https:\/\/noticiasmercedinas.com\/site\/wp-content\/uploads\/2020\/06\/LOGO-512.jpg","width":512,"height":512,"caption":"NOTICIASMERCEDINAS.COM"},"image":{"@id":"https:\/\/noticiasmercedinas.com\/site\/#\/schema\/logo\/image\/"},"sameAs":["https:\/\/www.facebook.com\/noticiasmercedinas\/","https:\/\/x.com\/notmercedinas","https:\/\/www.instagram.com\/noticiasmercedinas\/"]},{"@type":"Person","@id":"https:\/\/noticiasmercedinas.com\/site\/#\/schema\/person\/84b59c099c28ff2e8b77d4ceec5d8063","name":"NOTICIASMERCEDINAS.COM","image":{"@type":"ImageObject","inLanguage":"es","@id":"https:\/\/secure.gravatar.com\/avatar\/4dfbf16b4d17945bfb6341b2d19043457132fcf478a5ee04f42e959fd8f5df0a?s=96&d=mm&r=g","url":"https:\/\/secure.gravatar.com\/avatar\/4dfbf16b4d17945bfb6341b2d19043457132fcf478a5ee04f42e959fd8f5df0a?s=96&d=mm&r=g","contentUrl":"https:\/\/secure.gravatar.com\/avatar\/4dfbf16b4d17945bfb6341b2d19043457132fcf478a5ee04f42e959fd8f5df0a?s=96&d=mm&r=g","caption":"NOTICIASMERCEDINAS.COM"},"url":"https:\/\/noticiasmercedinas.com\/site\/author\/anonimo\/"}]}},"amp_enabled":true,"_links":{"self":[{"href":"https:\/\/noticiasmercedinas.com\/site\/wp-json\/wp\/v2\/posts\/146245","targetHints":{"allow":["GET"]}}],"collection":[{"href":"https:\/\/noticiasmercedinas.com\/site\/wp-json\/wp\/v2\/posts"}],"about":[{"href":"https:\/\/noticiasmercedinas.com\/site\/wp-json\/wp\/v2\/types\/post"}],"author":[{"embeddable":true,"href":"https:\/\/noticiasmercedinas.com\/site\/wp-json\/wp\/v2\/users\/16"}],"replies":[{"embeddable":true,"href":"https:\/\/noticiasmercedinas.com\/site\/wp-json\/wp\/v2\/comments?post=146245"}],"version-history":[{"count":2,"href":"https:\/\/noticiasmercedinas.com\/site\/wp-json\/wp\/v2\/posts\/146245\/revisions"}],"predecessor-version":[{"id":146257,"href":"https:\/\/noticiasmercedinas.com\/site\/wp-json\/wp\/v2\/posts\/146245\/revisions\/146257"}],"wp:featuredmedia":[{"embeddable":true,"href":"https:\/\/noticiasmercedinas.com\/site\/wp-json\/wp\/v2\/media\/146246"}],"wp:attachment":[{"href":"https:\/\/noticiasmercedinas.com\/site\/wp-json\/wp\/v2\/media?parent=146245"}],"wp:term":[{"taxonomy":"category","embeddable":true,"href":"https:\/\/noticiasmercedinas.com\/site\/wp-json\/wp\/v2\/categories?post=146245"},{"taxonomy":"post_tag","embeddable":true,"href":"https:\/\/noticiasmercedinas.com\/site\/wp-json\/wp\/v2\/tags?post=146245"}],"curies":[{"name":"wp","href":"https:\/\/api.w.org\/{rel}","templated":true}]}}