{"id":146269,"date":"2024-10-15T22:29:44","date_gmt":"2024-10-16T01:29:44","guid":{"rendered":"https:\/\/noticiasmercedinas.com\/site\/?p=146269"},"modified":"2024-10-15T22:33:15","modified_gmt":"2024-10-16T01:33:15","slug":"capacitan-a-casi-160-remiseros-y-taxistas-en-politicas-de-genero-en-mercedes","status":"publish","type":"post","link":"https:\/\/noticiasmercedinas.com\/site\/2024\/10\/15\/capacitan-a-casi-160-remiseros-y-taxistas-en-politicas-de-genero-en-mercedes\/","title":{"rendered":"Capacitan a casi 160 remiseros y taxistas en pol\u00edticas de g\u00e9nero en Mercedes"},"content":{"rendered":"<p><img loading=\"lazy\" decoding=\"async\" class=\"alignnone size-full wp-image-146270\" src=\"https:\/\/noticiasmercedinas.com\/site\/wp-content\/uploads\/2024\/10\/C-1.jpg\" alt=\"\" width=\"1600\" height=\"1200\" srcset=\"https:\/\/noticiasmercedinas.com\/site\/wp-content\/uploads\/2024\/10\/C-1.jpg 1600w, https:\/\/noticiasmercedinas.com\/site\/wp-content\/uploads\/2024\/10\/C-1-300x225.jpg 300w, https:\/\/noticiasmercedinas.com\/site\/wp-content\/uploads\/2024\/10\/C-1-1024x768.jpg 1024w, https:\/\/noticiasmercedinas.com\/site\/wp-content\/uploads\/2024\/10\/C-1-768x576.jpg 768w, https:\/\/noticiasmercedinas.com\/site\/wp-content\/uploads\/2024\/10\/C-1-1536x1152.jpg 1536w, https:\/\/noticiasmercedinas.com\/site\/wp-content\/uploads\/2024\/10\/C-1-80x60.jpg 80w, https:\/\/noticiasmercedinas.com\/site\/wp-content\/uploads\/2024\/10\/C-1-160x120.jpg 160w, https:\/\/noticiasmercedinas.com\/site\/wp-content\/uploads\/2024\/10\/C-1-100x75.jpg 100w, https:\/\/noticiasmercedinas.com\/site\/wp-content\/uploads\/2024\/10\/C-1-200x150.jpg 200w, https:\/\/noticiasmercedinas.com\/site\/wp-content\/uploads\/2024\/10\/C-1-180x135.jpg 180w, https:\/\/noticiasmercedinas.com\/site\/wp-content\/uploads\/2024\/10\/C-1-360x270.jpg 360w, https:\/\/noticiasmercedinas.com\/site\/wp-content\/uploads\/2024\/10\/C-1-238x178.jpg 238w, https:\/\/noticiasmercedinas.com\/site\/wp-content\/uploads\/2024\/10\/C-1-476x356.jpg 476w, https:\/\/noticiasmercedinas.com\/site\/wp-content\/uploads\/2024\/10\/C-1-640x480.jpg 640w, https:\/\/noticiasmercedinas.com\/site\/wp-content\/uploads\/2024\/10\/C-1-1280x960.jpg 1280w, https:\/\/noticiasmercedinas.com\/site\/wp-content\/uploads\/2024\/10\/C-1-681x511.jpg 681w, https:\/\/noticiasmercedinas.com\/site\/wp-content\/uploads\/2024\/10\/C-1-1362x1022.jpg 1362w\" sizes=\"auto, (max-width: 1600px) 100vw, 1600px\" \/><\/p>\n<p>En el marco de la Ley Micaela, el \u00e1rea de G\u00e9nero y Seguridad de la Municipalidad realiz\u00f3 una jornada de formaci\u00f3n dirigida a transportistas p\u00fablicos de la ciudad. La capacitaci\u00f3n incluy\u00f3 charlas, debates y talleres, con el objetivo de sensibilizar sobre la violencia por motivos de g\u00e9nero y promover un trato igualitario en el servicio.<\/p>\n<p>En el predio de La Trocha, remiseros y taxistas participaron activamente en la primera tanda de capacitaciones organizada por la Direcci\u00f3n de Pol\u00edticas de G\u00e9nero y el \u00e1rea de Seguridad de Mercedes. Casi 160 transportistas completaron esta formaci\u00f3n que, seg\u00fan la directora de Pol\u00edticas de G\u00e9nero, Guadalupe Gonz\u00e1lez, \u201cprofundiza la implementaci\u00f3n de la Ley Micaela en nuestra comunidad\u201d. La funcionaria subray\u00f3 la importancia de incluir a los servidores p\u00fablicos en esta iniciativa y destac\u00f3 que \u201ccon un enfoque participativo, el taller permiti\u00f3 reflexionar sobre las violencias por motivos de g\u00e9nero\u201d.<\/p>\n<p>El secretario de Seguridad, Mat\u00edas Maresca, tambi\u00e9n se refiri\u00f3 a la capacitaci\u00f3n: \u201cAgradecemos el compromiso de los taxistas y remiseros, as\u00ed como del equipo de G\u00e9nero y Seguridad. La Ley Micaela es obligatoria para los tres poderes del Estado, y extenderla a otros sectores resulta valioso para construir una sociedad m\u00e1s justa\u201d.<\/p>\n<p>Ana De Cunto, una de las capacitadoras, resalt\u00f3 el entusiasmo de los participantes: \u201cHubo un gran intercambio, donde se abordaron temas generacionales y emergentes. Fue un espacio de debate enriquecedor\u201d. Maximiliano Gim\u00e9nez, otro de los capacitadores, a\u00f1adi\u00f3 que el formato taller facilit\u00f3 la participaci\u00f3n activa de los transportistas, permitiendo que el aprendizaje fuera m\u00e1s din\u00e1mico e inclusivo.<\/p>\n<p>Esta formaci\u00f3n, pionera en Mercedes, continuar\u00e1 en los pr\u00f3ximos meses, buscando alcanzar a m\u00e1s sectores de la comunidad en su compromiso con la equidad de g\u00e9nero.<\/p>\n","protected":false},"excerpt":{"rendered":"<p>\u25a0 La capacitaci\u00f3n incluy\u00f3 charlas, debates y talleres, con el objetivo de sensibilizar sobre la violencia por motivos de g\u00e9nero y promover un trato igualitario en el servicio.<\/p>\n","protected":false},"author":16,"featured_media":146270,"comment_status":"closed","ping_status":"closed","sticky":false,"template":"","format":"standard","meta":{"footnotes":""},"categories":[3],"tags":[11819,4450,18979,9339],"class_list":["post-146269","post","type-post","status-publish","format-standard","has-post-thumbnail","hentry","category-sociedad","tag-direccion-de-politicas-de-genero-y-diversidad","tag-guadalupe-gonzalez","tag-remiseros","tag-taxistas"],"yoast_head":"<!-- This site is optimized with the Yoast SEO plugin v27.4 - https:\/\/yoast.com\/product\/yoast-seo-wordpress\/ -->\n<title>Capacitan a casi 160 remiseros y taxistas en pol\u00edticas de g\u00e9nero en Mercedes<\/title>\n<meta name=\"robots\" content=\"index, follow, max-snippet:-1, max-image-preview:large, max-video-preview:-1\" \/>\n<link rel=\"canonical\" href=\"https:\/\/noticiasmercedinas.com\/site\/2024\/10\/15\/capacitan-a-casi-160-remiseros-y-taxistas-en-politicas-de-genero-en-mercedes\/\" \/>\n<meta property=\"og:locale\" content=\"es_ES\" \/>\n<meta property=\"og:type\" content=\"article\" \/>\n<meta property=\"og:title\" content=\"Capacitan a casi 160 remiseros y taxistas en pol\u00edticas de g\u00e9nero en Mercedes\" \/>\n<meta property=\"og:description\" content=\"\u25a0 La capacitaci\u00f3n incluy\u00f3 charlas, debates y talleres, con el objetivo de sensibilizar sobre la violencia por motivos de g\u00e9nero y promover un trato igualitario en el servicio.\" \/>\n<meta property=\"og:url\" content=\"https:\/\/noticiasmercedinas.com\/site\/2024\/10\/15\/capacitan-a-casi-160-remiseros-y-taxistas-en-politicas-de-genero-en-mercedes\/\" \/>\n<meta property=\"og:site_name\" content=\"NOTICIASMERCEDINAS.COM\" \/>\n<meta property=\"article:publisher\" content=\"https:\/\/www.facebook.com\/noticiasmercedinas\/\" \/>\n<meta property=\"article:published_time\" content=\"2024-10-16T01:29:44+00:00\" \/>\n<meta property=\"article:modified_time\" content=\"2024-10-16T01:33:15+00:00\" \/>\n<meta property=\"og:image\" content=\"https:\/\/noticiasmercedinas.com\/site\/wp-content\/uploads\/2024\/10\/C-1.jpg\" \/>\n\t<meta property=\"og:image:width\" content=\"1600\" \/>\n\t<meta property=\"og:image:height\" content=\"1200\" \/>\n\t<meta property=\"og:image:type\" content=\"image\/jpeg\" \/>\n<meta name=\"author\" content=\"NOTICIASMERCEDINAS.COM\" \/>\n<meta name=\"twitter:card\" content=\"summary_large_image\" \/>\n<meta name=\"twitter:creator\" content=\"@notmercedinas\" \/>\n<meta name=\"twitter:site\" content=\"@notmercedinas\" \/>\n<meta name=\"twitter:label1\" content=\"Escrito por\" \/>\n\t<meta name=\"twitter:data1\" content=\"NOTICIASMERCEDINAS.COM\" \/>\n\t<meta name=\"twitter:label2\" content=\"Tiempo de lectura\" \/>\n\t<meta name=\"twitter:data2\" content=\"2 minutos\" \/>\n<script type=\"application\/ld+json\" class=\"yoast-schema-graph\">{\"@context\":\"https:\\\/\\\/schema.org\",\"@graph\":[{\"@type\":\"Article\",\"@id\":\"https:\\\/\\\/noticiasmercedinas.com\\\/site\\\/2024\\\/10\\\/15\\\/capacitan-a-casi-160-remiseros-y-taxistas-en-politicas-de-genero-en-mercedes\\\/#article\",\"isPartOf\":{\"@id\":\"https:\\\/\\\/noticiasmercedinas.com\\\/site\\\/2024\\\/10\\\/15\\\/capacitan-a-casi-160-remiseros-y-taxistas-en-politicas-de-genero-en-mercedes\\\/\"},\"author\":{\"name\":\"NOTICIASMERCEDINAS.COM\",\"@id\":\"https:\\\/\\\/noticiasmercedinas.com\\\/site\\\/#\\\/schema\\\/person\\\/84b59c099c28ff2e8b77d4ceec5d8063\"},\"headline\":\"Capacitan a casi 160 remiseros y taxistas en pol\u00edticas de g\u00e9nero en Mercedes\",\"datePublished\":\"2024-10-16T01:29:44+00:00\",\"dateModified\":\"2024-10-16T01:33:15+00:00\",\"mainEntityOfPage\":{\"@id\":\"https:\\\/\\\/noticiasmercedinas.com\\\/site\\\/2024\\\/10\\\/15\\\/capacitan-a-casi-160-remiseros-y-taxistas-en-politicas-de-genero-en-mercedes\\\/\"},\"wordCount\":323,\"publisher\":{\"@id\":\"https:\\\/\\\/noticiasmercedinas.com\\\/site\\\/#organization\"},\"image\":{\"@id\":\"https:\\\/\\\/noticiasmercedinas.com\\\/site\\\/2024\\\/10\\\/15\\\/capacitan-a-casi-160-remiseros-y-taxistas-en-politicas-de-genero-en-mercedes\\\/#primaryimage\"},\"thumbnailUrl\":\"https:\\\/\\\/noticiasmercedinas.com\\\/site\\\/wp-content\\\/uploads\\\/2024\\\/10\\\/C-1.jpg\",\"keywords\":[\"Direcci\u00f3n de Pol\u00edticas de G\u00e9nero y Diversidad\",\"guadalupe gonzalez\",\"Remiseros\",\"Taxistas\"],\"articleSection\":[\"Sociedad\"],\"inLanguage\":\"es\"},{\"@type\":\"WebPage\",\"@id\":\"https:\\\/\\\/noticiasmercedinas.com\\\/site\\\/2024\\\/10\\\/15\\\/capacitan-a-casi-160-remiseros-y-taxistas-en-politicas-de-genero-en-mercedes\\\/\",\"url\":\"https:\\\/\\\/noticiasmercedinas.com\\\/site\\\/2024\\\/10\\\/15\\\/capacitan-a-casi-160-remiseros-y-taxistas-en-politicas-de-genero-en-mercedes\\\/\",\"name\":\"Capacitan a casi 160 remiseros y taxistas en pol\u00edticas de g\u00e9nero en Mercedes\",\"isPartOf\":{\"@id\":\"https:\\\/\\\/noticiasmercedinas.com\\\/site\\\/#website\"},\"primaryImageOfPage\":{\"@id\":\"https:\\\/\\\/noticiasmercedinas.com\\\/site\\\/2024\\\/10\\\/15\\\/capacitan-a-casi-160-remiseros-y-taxistas-en-politicas-de-genero-en-mercedes\\\/#primaryimage\"},\"image\":{\"@id\":\"https:\\\/\\\/noticiasmercedinas.com\\\/site\\\/2024\\\/10\\\/15\\\/capacitan-a-casi-160-remiseros-y-taxistas-en-politicas-de-genero-en-mercedes\\\/#primaryimage\"},\"thumbnailUrl\":\"https:\\\/\\\/noticiasmercedinas.com\\\/site\\\/wp-content\\\/uploads\\\/2024\\\/10\\\/C-1.jpg\",\"datePublished\":\"2024-10-16T01:29:44+00:00\",\"dateModified\":\"2024-10-16T01:33:15+00:00\",\"breadcrumb\":{\"@id\":\"https:\\\/\\\/noticiasmercedinas.com\\\/site\\\/2024\\\/10\\\/15\\\/capacitan-a-casi-160-remiseros-y-taxistas-en-politicas-de-genero-en-mercedes\\\/#breadcrumb\"},\"inLanguage\":\"es\",\"potentialAction\":[{\"@type\":\"ReadAction\",\"target\":[\"https:\\\/\\\/noticiasmercedinas.com\\\/site\\\/2024\\\/10\\\/15\\\/capacitan-a-casi-160-remiseros-y-taxistas-en-politicas-de-genero-en-mercedes\\\/\"]}]},{\"@type\":\"ImageObject\",\"inLanguage\":\"es\",\"@id\":\"https:\\\/\\\/noticiasmercedinas.com\\\/site\\\/2024\\\/10\\\/15\\\/capacitan-a-casi-160-remiseros-y-taxistas-en-politicas-de-genero-en-mercedes\\\/#primaryimage\",\"url\":\"https:\\\/\\\/noticiasmercedinas.com\\\/site\\\/wp-content\\\/uploads\\\/2024\\\/10\\\/C-1.jpg\",\"contentUrl\":\"https:\\\/\\\/noticiasmercedinas.com\\\/site\\\/wp-content\\\/uploads\\\/2024\\\/10\\\/C-1.jpg\",\"width\":1600,\"height\":1200},{\"@type\":\"BreadcrumbList\",\"@id\":\"https:\\\/\\\/noticiasmercedinas.com\\\/site\\\/2024\\\/10\\\/15\\\/capacitan-a-casi-160-remiseros-y-taxistas-en-politicas-de-genero-en-mercedes\\\/#breadcrumb\",\"itemListElement\":[{\"@type\":\"ListItem\",\"position\":1,\"name\":\"Portada\",\"item\":\"https:\\\/\\\/noticiasmercedinas.com\\\/site\\\/\"},{\"@type\":\"ListItem\",\"position\":2,\"name\":\"Capacitan a casi 160 remiseros y taxistas en pol\u00edticas de g\u00e9nero en Mercedes\"}]},{\"@type\":\"WebSite\",\"@id\":\"https:\\\/\\\/noticiasmercedinas.com\\\/site\\\/#website\",\"url\":\"https:\\\/\\\/noticiasmercedinas.com\\\/site\\\/\",\"name\":\"NOTICIASMERCEDINAS.COM\",\"description\":\"Mercedes, Buenos Aires, Argentina\",\"publisher\":{\"@id\":\"https:\\\/\\\/noticiasmercedinas.com\\\/site\\\/#organization\"},\"potentialAction\":[{\"@type\":\"SearchAction\",\"target\":{\"@type\":\"EntryPoint\",\"urlTemplate\":\"https:\\\/\\\/noticiasmercedinas.com\\\/site\\\/?s={search_term_string}\"},\"query-input\":{\"@type\":\"PropertyValueSpecification\",\"valueRequired\":true,\"valueName\":\"search_term_string\"}}],\"inLanguage\":\"es\"},{\"@type\":\"Organization\",\"@id\":\"https:\\\/\\\/noticiasmercedinas.com\\\/site\\\/#organization\",\"name\":\"NOTICIASMERCEDINAS.COM\",\"url\":\"https:\\\/\\\/noticiasmercedinas.com\\\/site\\\/\",\"logo\":{\"@type\":\"ImageObject\",\"inLanguage\":\"es\",\"@id\":\"https:\\\/\\\/noticiasmercedinas.com\\\/site\\\/#\\\/schema\\\/logo\\\/image\\\/\",\"url\":\"https:\\\/\\\/noticiasmercedinas.com\\\/site\\\/wp-content\\\/uploads\\\/2020\\\/06\\\/LOGO-512.jpg\",\"contentUrl\":\"https:\\\/\\\/noticiasmercedinas.com\\\/site\\\/wp-content\\\/uploads\\\/2020\\\/06\\\/LOGO-512.jpg\",\"width\":512,\"height\":512,\"caption\":\"NOTICIASMERCEDINAS.COM\"},\"image\":{\"@id\":\"https:\\\/\\\/noticiasmercedinas.com\\\/site\\\/#\\\/schema\\\/logo\\\/image\\\/\"},\"sameAs\":[\"https:\\\/\\\/www.facebook.com\\\/noticiasmercedinas\\\/\",\"https:\\\/\\\/x.com\\\/notmercedinas\",\"https:\\\/\\\/www.instagram.com\\\/noticiasmercedinas\\\/\"]},{\"@type\":\"Person\",\"@id\":\"https:\\\/\\\/noticiasmercedinas.com\\\/site\\\/#\\\/schema\\\/person\\\/84b59c099c28ff2e8b77d4ceec5d8063\",\"name\":\"NOTICIASMERCEDINAS.COM\",\"image\":{\"@type\":\"ImageObject\",\"inLanguage\":\"es\",\"@id\":\"https:\\\/\\\/secure.gravatar.com\\\/avatar\\\/4dfbf16b4d17945bfb6341b2d19043457132fcf478a5ee04f42e959fd8f5df0a?s=96&d=mm&r=g\",\"url\":\"https:\\\/\\\/secure.gravatar.com\\\/avatar\\\/4dfbf16b4d17945bfb6341b2d19043457132fcf478a5ee04f42e959fd8f5df0a?s=96&d=mm&r=g\",\"contentUrl\":\"https:\\\/\\\/secure.gravatar.com\\\/avatar\\\/4dfbf16b4d17945bfb6341b2d19043457132fcf478a5ee04f42e959fd8f5df0a?s=96&d=mm&r=g\",\"caption\":\"NOTICIASMERCEDINAS.COM\"},\"url\":\"https:\\\/\\\/noticiasmercedinas.com\\\/site\\\/author\\\/anonimo\\\/\"}]}<\/script>\n<!-- \/ Yoast SEO plugin. -->","yoast_head_json":{"title":"Capacitan a casi 160 remiseros y taxistas en pol\u00edticas de g\u00e9nero en Mercedes","robots":{"index":"index","follow":"follow","max-snippet":"max-snippet:-1","max-image-preview":"max-image-preview:large","max-video-preview":"max-video-preview:-1"},"canonical":"https:\/\/noticiasmercedinas.com\/site\/2024\/10\/15\/capacitan-a-casi-160-remiseros-y-taxistas-en-politicas-de-genero-en-mercedes\/","og_locale":"es_ES","og_type":"article","og_title":"Capacitan a casi 160 remiseros y taxistas en pol\u00edticas de g\u00e9nero en Mercedes","og_description":"\u25a0 La capacitaci\u00f3n incluy\u00f3 charlas, debates y talleres, con el objetivo de sensibilizar sobre la violencia por motivos de g\u00e9nero y promover un trato igualitario en el servicio.","og_url":"https:\/\/noticiasmercedinas.com\/site\/2024\/10\/15\/capacitan-a-casi-160-remiseros-y-taxistas-en-politicas-de-genero-en-mercedes\/","og_site_name":"NOTICIASMERCEDINAS.COM","article_publisher":"https:\/\/www.facebook.com\/noticiasmercedinas\/","article_published_time":"2024-10-16T01:29:44+00:00","article_modified_time":"2024-10-16T01:33:15+00:00","og_image":[{"width":1600,"height":1200,"url":"https:\/\/noticiasmercedinas.com\/site\/wp-content\/uploads\/2024\/10\/C-1.jpg","type":"image\/jpeg"}],"author":"NOTICIASMERCEDINAS.COM","twitter_card":"summary_large_image","twitter_creator":"@notmercedinas","twitter_site":"@notmercedinas","twitter_misc":{"Escrito por":"NOTICIASMERCEDINAS.COM","Tiempo de lectura":"2 minutos"},"schema":{"@context":"https:\/\/schema.org","@graph":[{"@type":"Article","@id":"https:\/\/noticiasmercedinas.com\/site\/2024\/10\/15\/capacitan-a-casi-160-remiseros-y-taxistas-en-politicas-de-genero-en-mercedes\/#article","isPartOf":{"@id":"https:\/\/noticiasmercedinas.com\/site\/2024\/10\/15\/capacitan-a-casi-160-remiseros-y-taxistas-en-politicas-de-genero-en-mercedes\/"},"author":{"name":"NOTICIASMERCEDINAS.COM","@id":"https:\/\/noticiasmercedinas.com\/site\/#\/schema\/person\/84b59c099c28ff2e8b77d4ceec5d8063"},"headline":"Capacitan a casi 160 remiseros y taxistas en pol\u00edticas de g\u00e9nero en Mercedes","datePublished":"2024-10-16T01:29:44+00:00","dateModified":"2024-10-16T01:33:15+00:00","mainEntityOfPage":{"@id":"https:\/\/noticiasmercedinas.com\/site\/2024\/10\/15\/capacitan-a-casi-160-remiseros-y-taxistas-en-politicas-de-genero-en-mercedes\/"},"wordCount":323,"publisher":{"@id":"https:\/\/noticiasmercedinas.com\/site\/#organization"},"image":{"@id":"https:\/\/noticiasmercedinas.com\/site\/2024\/10\/15\/capacitan-a-casi-160-remiseros-y-taxistas-en-politicas-de-genero-en-mercedes\/#primaryimage"},"thumbnailUrl":"https:\/\/noticiasmercedinas.com\/site\/wp-content\/uploads\/2024\/10\/C-1.jpg","keywords":["Direcci\u00f3n de Pol\u00edticas de G\u00e9nero y Diversidad","guadalupe gonzalez","Remiseros","Taxistas"],"articleSection":["Sociedad"],"inLanguage":"es"},{"@type":"WebPage","@id":"https:\/\/noticiasmercedinas.com\/site\/2024\/10\/15\/capacitan-a-casi-160-remiseros-y-taxistas-en-politicas-de-genero-en-mercedes\/","url":"https:\/\/noticiasmercedinas.com\/site\/2024\/10\/15\/capacitan-a-casi-160-remiseros-y-taxistas-en-politicas-de-genero-en-mercedes\/","name":"Capacitan a casi 160 remiseros y taxistas en pol\u00edticas de g\u00e9nero en Mercedes","isPartOf":{"@id":"https:\/\/noticiasmercedinas.com\/site\/#website"},"primaryImageOfPage":{"@id":"https:\/\/noticiasmercedinas.com\/site\/2024\/10\/15\/capacitan-a-casi-160-remiseros-y-taxistas-en-politicas-de-genero-en-mercedes\/#primaryimage"},"image":{"@id":"https:\/\/noticiasmercedinas.com\/site\/2024\/10\/15\/capacitan-a-casi-160-remiseros-y-taxistas-en-politicas-de-genero-en-mercedes\/#primaryimage"},"thumbnailUrl":"https:\/\/noticiasmercedinas.com\/site\/wp-content\/uploads\/2024\/10\/C-1.jpg","datePublished":"2024-10-16T01:29:44+00:00","dateModified":"2024-10-16T01:33:15+00:00","breadcrumb":{"@id":"https:\/\/noticiasmercedinas.com\/site\/2024\/10\/15\/capacitan-a-casi-160-remiseros-y-taxistas-en-politicas-de-genero-en-mercedes\/#breadcrumb"},"inLanguage":"es","potentialAction":[{"@type":"ReadAction","target":["https:\/\/noticiasmercedinas.com\/site\/2024\/10\/15\/capacitan-a-casi-160-remiseros-y-taxistas-en-politicas-de-genero-en-mercedes\/"]}]},{"@type":"ImageObject","inLanguage":"es","@id":"https:\/\/noticiasmercedinas.com\/site\/2024\/10\/15\/capacitan-a-casi-160-remiseros-y-taxistas-en-politicas-de-genero-en-mercedes\/#primaryimage","url":"https:\/\/noticiasmercedinas.com\/site\/wp-content\/uploads\/2024\/10\/C-1.jpg","contentUrl":"https:\/\/noticiasmercedinas.com\/site\/wp-content\/uploads\/2024\/10\/C-1.jpg","width":1600,"height":1200},{"@type":"BreadcrumbList","@id":"https:\/\/noticiasmercedinas.com\/site\/2024\/10\/15\/capacitan-a-casi-160-remiseros-y-taxistas-en-politicas-de-genero-en-mercedes\/#breadcrumb","itemListElement":[{"@type":"ListItem","position":1,"name":"Portada","item":"https:\/\/noticiasmercedinas.com\/site\/"},{"@type":"ListItem","position":2,"name":"Capacitan a casi 160 remiseros y taxistas en pol\u00edticas de g\u00e9nero en Mercedes"}]},{"@type":"WebSite","@id":"https:\/\/noticiasmercedinas.com\/site\/#website","url":"https:\/\/noticiasmercedinas.com\/site\/","name":"NOTICIASMERCEDINAS.COM","description":"Mercedes, Buenos Aires, Argentina","publisher":{"@id":"https:\/\/noticiasmercedinas.com\/site\/#organization"},"potentialAction":[{"@type":"SearchAction","target":{"@type":"EntryPoint","urlTemplate":"https:\/\/noticiasmercedinas.com\/site\/?s={search_term_string}"},"query-input":{"@type":"PropertyValueSpecification","valueRequired":true,"valueName":"search_term_string"}}],"inLanguage":"es"},{"@type":"Organization","@id":"https:\/\/noticiasmercedinas.com\/site\/#organization","name":"NOTICIASMERCEDINAS.COM","url":"https:\/\/noticiasmercedinas.com\/site\/","logo":{"@type":"ImageObject","inLanguage":"es","@id":"https:\/\/noticiasmercedinas.com\/site\/#\/schema\/logo\/image\/","url":"https:\/\/noticiasmercedinas.com\/site\/wp-content\/uploads\/2020\/06\/LOGO-512.jpg","contentUrl":"https:\/\/noticiasmercedinas.com\/site\/wp-content\/uploads\/2020\/06\/LOGO-512.jpg","width":512,"height":512,"caption":"NOTICIASMERCEDINAS.COM"},"image":{"@id":"https:\/\/noticiasmercedinas.com\/site\/#\/schema\/logo\/image\/"},"sameAs":["https:\/\/www.facebook.com\/noticiasmercedinas\/","https:\/\/x.com\/notmercedinas","https:\/\/www.instagram.com\/noticiasmercedinas\/"]},{"@type":"Person","@id":"https:\/\/noticiasmercedinas.com\/site\/#\/schema\/person\/84b59c099c28ff2e8b77d4ceec5d8063","name":"NOTICIASMERCEDINAS.COM","image":{"@type":"ImageObject","inLanguage":"es","@id":"https:\/\/secure.gravatar.com\/avatar\/4dfbf16b4d17945bfb6341b2d19043457132fcf478a5ee04f42e959fd8f5df0a?s=96&d=mm&r=g","url":"https:\/\/secure.gravatar.com\/avatar\/4dfbf16b4d17945bfb6341b2d19043457132fcf478a5ee04f42e959fd8f5df0a?s=96&d=mm&r=g","contentUrl":"https:\/\/secure.gravatar.com\/avatar\/4dfbf16b4d17945bfb6341b2d19043457132fcf478a5ee04f42e959fd8f5df0a?s=96&d=mm&r=g","caption":"NOTICIASMERCEDINAS.COM"},"url":"https:\/\/noticiasmercedinas.com\/site\/author\/anonimo\/"}]}},"amp_enabled":true,"_links":{"self":[{"href":"https:\/\/noticiasmercedinas.com\/site\/wp-json\/wp\/v2\/posts\/146269","targetHints":{"allow":["GET"]}}],"collection":[{"href":"https:\/\/noticiasmercedinas.com\/site\/wp-json\/wp\/v2\/posts"}],"about":[{"href":"https:\/\/noticiasmercedinas.com\/site\/wp-json\/wp\/v2\/types\/post"}],"author":[{"embeddable":true,"href":"https:\/\/noticiasmercedinas.com\/site\/wp-json\/wp\/v2\/users\/16"}],"replies":[{"embeddable":true,"href":"https:\/\/noticiasmercedinas.com\/site\/wp-json\/wp\/v2\/comments?post=146269"}],"version-history":[{"count":2,"href":"https:\/\/noticiasmercedinas.com\/site\/wp-json\/wp\/v2\/posts\/146269\/revisions"}],"predecessor-version":[{"id":146272,"href":"https:\/\/noticiasmercedinas.com\/site\/wp-json\/wp\/v2\/posts\/146269\/revisions\/146272"}],"wp:featuredmedia":[{"embeddable":true,"href":"https:\/\/noticiasmercedinas.com\/site\/wp-json\/wp\/v2\/media\/146270"}],"wp:attachment":[{"href":"https:\/\/noticiasmercedinas.com\/site\/wp-json\/wp\/v2\/media?parent=146269"}],"wp:term":[{"taxonomy":"category","embeddable":true,"href":"https:\/\/noticiasmercedinas.com\/site\/wp-json\/wp\/v2\/categories?post=146269"},{"taxonomy":"post_tag","embeddable":true,"href":"https:\/\/noticiasmercedinas.com\/site\/wp-json\/wp\/v2\/tags?post=146269"}],"curies":[{"name":"wp","href":"https:\/\/api.w.org\/{rel}","templated":true}]}}