{"id":146315,"date":"2024-10-16T10:41:09","date_gmt":"2024-10-16T13:41:09","guid":{"rendered":"https:\/\/noticiasmercedinas.com\/site\/?p=146315"},"modified":"2024-10-16T18:06:06","modified_gmt":"2024-10-16T21:06:06","slug":"accidente-en-rotonda-de-2-y-1-concejal-pollacchi-ya-habia-advertido-sobre-la-peligrosidad-de-la-zona","status":"publish","type":"post","link":"https:\/\/noticiasmercedinas.com\/site\/2024\/10\/16\/accidente-en-rotonda-de-2-y-1-concejal-pollacchi-ya-habia-advertido-sobre-la-peligrosidad-de-la-zona\/","title":{"rendered":"Accidente en rotonda de 2 y 1: concejal Pollacchi ya hab\u00eda advertido sobre la peligrosidad de la zona"},"content":{"rendered":"<p><img loading=\"lazy\" decoding=\"async\" class=\"alignnone size-full wp-image-127964\" src=\"https:\/\/noticiasmercedinas.com\/site\/wp-content\/uploads\/2023\/12\/SESION2-POLLACHI.jpg\" alt=\"\" width=\"640\" height=\"369\" srcset=\"https:\/\/noticiasmercedinas.com\/site\/wp-content\/uploads\/2023\/12\/SESION2-POLLACHI.jpg 640w, https:\/\/noticiasmercedinas.com\/site\/wp-content\/uploads\/2023\/12\/SESION2-POLLACHI-300x173.jpg 300w\" sizes=\"auto, (max-width: 640px) 100vw, 640px\" \/><\/p>\n<p>En la intersecci\u00f3n de las avenidas 2 y 1 de Mercedes, se produjo un accidente que involucr\u00f3 a un ciclista en la rotonda, lo que encendi\u00f3 nuevamente el debate sobre la seguridad vial en esa \u00e1rea.<\/p>\n<p><strong>Mauricio Pollacchi<\/strong>, concejal del bloque La Libertad Avanza, record\u00f3 que desde el Concejo Deliberante hab\u00eda alertado al Ejecutivo municipal sobre el peligro latente en esa rotonda, destacando que ya hab\u00eda presentado proyectos para prevenir este tipo de incidentes.<\/p>\n<p>Pollacchi present\u00f3 el 6 de junio de este a\u00f1o un proyecto de resoluci\u00f3n (expediente 99\/2024) en el cual solicitaba la implementaci\u00f3n de un paso peatonal elevado o un reductor de velocidad en la entrada de la rotonda, con el objetivo de obligar a los conductores a frenar al ingresar. Seg\u00fan el concejal, los veh\u00edculos circulan a altas velocidades en ese sector, a pesar de la se\u00f1alizaci\u00f3n que indica ceder el paso a quienes ya est\u00e1n dentro de la rotonda.<\/p>\n<p>\u00abPresent\u00e9 este proyecto porque vi que los veh\u00edculos no frenan al llegar a la rotonda y sab\u00eda que tarde o temprano \u00edbamos a lamentar un accidente\u00bb, expres\u00f3 el edil. A trav\u00e9s de esta iniciativa, se buscaba implementar medidas concretas para mejorar la seguridad vial en el lugar, ya que las campa\u00f1as de concientizaci\u00f3n no hab\u00edan logrado el efecto deseado.<\/p>\n<p><strong>Proyectos enviados al Ejecutivo para evaluaci\u00f3n<\/strong><br \/>\nAdem\u00e1s del pedido de paso peatonal elevado, desde La Libertad Avanza impuls\u00f3 un segundo proyecto vinculado a la se\u00f1alizaci\u00f3n vial en la rotonda, que ingres\u00f3 con el expediente 208\/2024. Ambos proyectos fueron enviados al Departamento Ejecutivo para su evaluaci\u00f3n el pasado 26 de septiembre, sin que hasta el momento se hayan implementado las soluciones propuestas.<\/p>\n<p>El proyecto de resoluci\u00f3n destaca que las campa\u00f1as de concientizaci\u00f3n sobre el uso de rotondas no han sido suficientes para cambiar los h\u00e1bitos de los conductores, quienes contin\u00faan sin respetar la se\u00f1al\u00e9tica de ceder el paso. Por ello, se pidi\u00f3 al Departamento Ejecutivo que, a trav\u00e9s del Observatorio de Seguridad Vial y otras \u00e1reas correspondientes, tome cartas en el asunto y eval\u00fae la implementaci\u00f3n de las medidas propuestas.<\/p>\n<p>El concejal concluy\u00f3: \u00abEste tipo de accidentes son evitables. Espero que el Ejecutivo tome en cuenta lo que planteamos desde el Concejo para que no tengamos que lamentar m\u00e1s incidentes en esa rotonda\u00bb.<\/p>\n<p>El accidente ocurrido refuerza la urgencia de aplicar cambios en la infraestructura vial y de garantizar que las normativas de tr\u00e1nsito se respeten en beneficio de la seguridad de peatones, ciclistas y conductores.<\/p>\n","protected":false},"excerpt":{"rendered":"<p>\u25a0 El concejal de La Libertad Avanza record\u00f3 que desde el Concejo hab\u00eda alertado al Ejecutivo sobre el peligro latente en esa rotonda, destacando que ya hab\u00eda presentado proyectos.<\/p>\n","protected":false},"author":16,"featured_media":127964,"comment_status":"closed","ping_status":"closed","sticky":false,"template":"","format":"standard","meta":{"footnotes":""},"categories":[16],"tags":[435,15388,18981,1633],"class_list":["post-146315","post","type-post","status-publish","format-standard","has-post-thumbnail","hentry","category-politica","tag-accidentes","tag-la-libertad-avanza","tag-mauricio-polllacchi","tag-seguridad-vial"],"yoast_head":"<!-- This site is optimized with the Yoast SEO plugin v27.5 - https:\/\/yoast.com\/product\/yoast-seo-wordpress\/ -->\n<title>Accidente en rotonda de 2 y 1: concejal Pollacchi ya hab\u00eda advertido sobre la peligrosidad de la zona<\/title>\n<meta name=\"robots\" content=\"index, follow, max-snippet:-1, max-image-preview:large, max-video-preview:-1\" \/>\n<link rel=\"canonical\" href=\"https:\/\/noticiasmercedinas.com\/site\/2024\/10\/16\/accidente-en-rotonda-de-2-y-1-concejal-pollacchi-ya-habia-advertido-sobre-la-peligrosidad-de-la-zona\/\" \/>\n<meta property=\"og:locale\" content=\"es_ES\" \/>\n<meta property=\"og:type\" content=\"article\" \/>\n<meta property=\"og:title\" content=\"Accidente en rotonda de 2 y 1: concejal Pollacchi ya hab\u00eda advertido sobre la peligrosidad de la zona\" \/>\n<meta property=\"og:description\" content=\"\u25a0 El concejal de La Libertad Avanza record\u00f3 que desde el Concejo hab\u00eda alertado al Ejecutivo sobre el peligro latente en esa rotonda, destacando que ya hab\u00eda presentado proyectos.\" \/>\n<meta property=\"og:url\" content=\"https:\/\/noticiasmercedinas.com\/site\/2024\/10\/16\/accidente-en-rotonda-de-2-y-1-concejal-pollacchi-ya-habia-advertido-sobre-la-peligrosidad-de-la-zona\/\" \/>\n<meta property=\"og:site_name\" content=\"NOTICIASMERCEDINAS.COM\" \/>\n<meta property=\"article:publisher\" content=\"https:\/\/www.facebook.com\/noticiasmercedinas\/\" \/>\n<meta property=\"article:published_time\" content=\"2024-10-16T13:41:09+00:00\" \/>\n<meta property=\"article:modified_time\" content=\"2024-10-16T21:06:06+00:00\" \/>\n<meta property=\"og:image\" content=\"https:\/\/noticiasmercedinas.com\/site\/wp-content\/uploads\/2023\/12\/SESION2-POLLACHI.jpg\" \/>\n\t<meta property=\"og:image:width\" content=\"640\" \/>\n\t<meta property=\"og:image:height\" content=\"369\" \/>\n\t<meta property=\"og:image:type\" content=\"image\/jpeg\" \/>\n<meta name=\"author\" content=\"NOTICIASMERCEDINAS.COM\" \/>\n<meta name=\"twitter:card\" content=\"summary_large_image\" \/>\n<meta name=\"twitter:creator\" content=\"@notmercedinas\" \/>\n<meta name=\"twitter:site\" content=\"@notmercedinas\" \/>\n<meta name=\"twitter:label1\" content=\"Escrito por\" \/>\n\t<meta name=\"twitter:data1\" content=\"NOTICIASMERCEDINAS.COM\" \/>\n\t<meta name=\"twitter:label2\" content=\"Tiempo de lectura\" \/>\n\t<meta name=\"twitter:data2\" content=\"2 minutos\" \/>\n<script type=\"application\/ld+json\" class=\"yoast-schema-graph\">{\"@context\":\"https:\\\/\\\/schema.org\",\"@graph\":[{\"@type\":\"Article\",\"@id\":\"https:\\\/\\\/noticiasmercedinas.com\\\/site\\\/2024\\\/10\\\/16\\\/accidente-en-rotonda-de-2-y-1-concejal-pollacchi-ya-habia-advertido-sobre-la-peligrosidad-de-la-zona\\\/#article\",\"isPartOf\":{\"@id\":\"https:\\\/\\\/noticiasmercedinas.com\\\/site\\\/2024\\\/10\\\/16\\\/accidente-en-rotonda-de-2-y-1-concejal-pollacchi-ya-habia-advertido-sobre-la-peligrosidad-de-la-zona\\\/\"},\"author\":{\"name\":\"NOTICIASMERCEDINAS.COM\",\"@id\":\"https:\\\/\\\/noticiasmercedinas.com\\\/site\\\/#\\\/schema\\\/person\\\/84b59c099c28ff2e8b77d4ceec5d8063\"},\"headline\":\"Accidente en rotonda de 2 y 1: concejal Pollacchi ya hab\u00eda advertido sobre la peligrosidad de la zona\",\"datePublished\":\"2024-10-16T13:41:09+00:00\",\"dateModified\":\"2024-10-16T21:06:06+00:00\",\"mainEntityOfPage\":{\"@id\":\"https:\\\/\\\/noticiasmercedinas.com\\\/site\\\/2024\\\/10\\\/16\\\/accidente-en-rotonda-de-2-y-1-concejal-pollacchi-ya-habia-advertido-sobre-la-peligrosidad-de-la-zona\\\/\"},\"wordCount\":452,\"publisher\":{\"@id\":\"https:\\\/\\\/noticiasmercedinas.com\\\/site\\\/#organization\"},\"image\":{\"@id\":\"https:\\\/\\\/noticiasmercedinas.com\\\/site\\\/2024\\\/10\\\/16\\\/accidente-en-rotonda-de-2-y-1-concejal-pollacchi-ya-habia-advertido-sobre-la-peligrosidad-de-la-zona\\\/#primaryimage\"},\"thumbnailUrl\":\"https:\\\/\\\/noticiasmercedinas.com\\\/site\\\/wp-content\\\/uploads\\\/2023\\\/12\\\/SESION2-POLLACHI.jpg\",\"keywords\":[\"accidentes\",\"la libertad avanza\",\"mauricio polllacchi\",\"Seguridad Vial\"],\"articleSection\":[\"Politica\"],\"inLanguage\":\"es\"},{\"@type\":\"WebPage\",\"@id\":\"https:\\\/\\\/noticiasmercedinas.com\\\/site\\\/2024\\\/10\\\/16\\\/accidente-en-rotonda-de-2-y-1-concejal-pollacchi-ya-habia-advertido-sobre-la-peligrosidad-de-la-zona\\\/\",\"url\":\"https:\\\/\\\/noticiasmercedinas.com\\\/site\\\/2024\\\/10\\\/16\\\/accidente-en-rotonda-de-2-y-1-concejal-pollacchi-ya-habia-advertido-sobre-la-peligrosidad-de-la-zona\\\/\",\"name\":\"Accidente en rotonda de 2 y 1: concejal Pollacchi ya hab\u00eda advertido sobre la peligrosidad de la zona\",\"isPartOf\":{\"@id\":\"https:\\\/\\\/noticiasmercedinas.com\\\/site\\\/#website\"},\"primaryImageOfPage\":{\"@id\":\"https:\\\/\\\/noticiasmercedinas.com\\\/site\\\/2024\\\/10\\\/16\\\/accidente-en-rotonda-de-2-y-1-concejal-pollacchi-ya-habia-advertido-sobre-la-peligrosidad-de-la-zona\\\/#primaryimage\"},\"image\":{\"@id\":\"https:\\\/\\\/noticiasmercedinas.com\\\/site\\\/2024\\\/10\\\/16\\\/accidente-en-rotonda-de-2-y-1-concejal-pollacchi-ya-habia-advertido-sobre-la-peligrosidad-de-la-zona\\\/#primaryimage\"},\"thumbnailUrl\":\"https:\\\/\\\/noticiasmercedinas.com\\\/site\\\/wp-content\\\/uploads\\\/2023\\\/12\\\/SESION2-POLLACHI.jpg\",\"datePublished\":\"2024-10-16T13:41:09+00:00\",\"dateModified\":\"2024-10-16T21:06:06+00:00\",\"breadcrumb\":{\"@id\":\"https:\\\/\\\/noticiasmercedinas.com\\\/site\\\/2024\\\/10\\\/16\\\/accidente-en-rotonda-de-2-y-1-concejal-pollacchi-ya-habia-advertido-sobre-la-peligrosidad-de-la-zona\\\/#breadcrumb\"},\"inLanguage\":\"es\",\"potentialAction\":[{\"@type\":\"ReadAction\",\"target\":[\"https:\\\/\\\/noticiasmercedinas.com\\\/site\\\/2024\\\/10\\\/16\\\/accidente-en-rotonda-de-2-y-1-concejal-pollacchi-ya-habia-advertido-sobre-la-peligrosidad-de-la-zona\\\/\"]}]},{\"@type\":\"ImageObject\",\"inLanguage\":\"es\",\"@id\":\"https:\\\/\\\/noticiasmercedinas.com\\\/site\\\/2024\\\/10\\\/16\\\/accidente-en-rotonda-de-2-y-1-concejal-pollacchi-ya-habia-advertido-sobre-la-peligrosidad-de-la-zona\\\/#primaryimage\",\"url\":\"https:\\\/\\\/noticiasmercedinas.com\\\/site\\\/wp-content\\\/uploads\\\/2023\\\/12\\\/SESION2-POLLACHI.jpg\",\"contentUrl\":\"https:\\\/\\\/noticiasmercedinas.com\\\/site\\\/wp-content\\\/uploads\\\/2023\\\/12\\\/SESION2-POLLACHI.jpg\",\"width\":640,\"height\":369},{\"@type\":\"BreadcrumbList\",\"@id\":\"https:\\\/\\\/noticiasmercedinas.com\\\/site\\\/2024\\\/10\\\/16\\\/accidente-en-rotonda-de-2-y-1-concejal-pollacchi-ya-habia-advertido-sobre-la-peligrosidad-de-la-zona\\\/#breadcrumb\",\"itemListElement\":[{\"@type\":\"ListItem\",\"position\":1,\"name\":\"Portada\",\"item\":\"https:\\\/\\\/noticiasmercedinas.com\\\/site\\\/\"},{\"@type\":\"ListItem\",\"position\":2,\"name\":\"Accidente en rotonda de 2 y 1: concejal Pollacchi ya hab\u00eda advertido sobre la peligrosidad de la zona\"}]},{\"@type\":\"WebSite\",\"@id\":\"https:\\\/\\\/noticiasmercedinas.com\\\/site\\\/#website\",\"url\":\"https:\\\/\\\/noticiasmercedinas.com\\\/site\\\/\",\"name\":\"NOTICIASMERCEDINAS.COM\",\"description\":\"Mercedes, Buenos Aires, Argentina\",\"publisher\":{\"@id\":\"https:\\\/\\\/noticiasmercedinas.com\\\/site\\\/#organization\"},\"potentialAction\":[{\"@type\":\"SearchAction\",\"target\":{\"@type\":\"EntryPoint\",\"urlTemplate\":\"https:\\\/\\\/noticiasmercedinas.com\\\/site\\\/?s={search_term_string}\"},\"query-input\":{\"@type\":\"PropertyValueSpecification\",\"valueRequired\":true,\"valueName\":\"search_term_string\"}}],\"inLanguage\":\"es\"},{\"@type\":\"Organization\",\"@id\":\"https:\\\/\\\/noticiasmercedinas.com\\\/site\\\/#organization\",\"name\":\"NOTICIASMERCEDINAS.COM\",\"url\":\"https:\\\/\\\/noticiasmercedinas.com\\\/site\\\/\",\"logo\":{\"@type\":\"ImageObject\",\"inLanguage\":\"es\",\"@id\":\"https:\\\/\\\/noticiasmercedinas.com\\\/site\\\/#\\\/schema\\\/logo\\\/image\\\/\",\"url\":\"https:\\\/\\\/noticiasmercedinas.com\\\/site\\\/wp-content\\\/uploads\\\/2020\\\/06\\\/LOGO-512.jpg\",\"contentUrl\":\"https:\\\/\\\/noticiasmercedinas.com\\\/site\\\/wp-content\\\/uploads\\\/2020\\\/06\\\/LOGO-512.jpg\",\"width\":512,\"height\":512,\"caption\":\"NOTICIASMERCEDINAS.COM\"},\"image\":{\"@id\":\"https:\\\/\\\/noticiasmercedinas.com\\\/site\\\/#\\\/schema\\\/logo\\\/image\\\/\"},\"sameAs\":[\"https:\\\/\\\/www.facebook.com\\\/noticiasmercedinas\\\/\",\"https:\\\/\\\/x.com\\\/notmercedinas\",\"https:\\\/\\\/www.instagram.com\\\/noticiasmercedinas\\\/\"]},{\"@type\":\"Person\",\"@id\":\"https:\\\/\\\/noticiasmercedinas.com\\\/site\\\/#\\\/schema\\\/person\\\/84b59c099c28ff2e8b77d4ceec5d8063\",\"name\":\"NOTICIASMERCEDINAS.COM\",\"image\":{\"@type\":\"ImageObject\",\"inLanguage\":\"es\",\"@id\":\"https:\\\/\\\/secure.gravatar.com\\\/avatar\\\/4dfbf16b4d17945bfb6341b2d19043457132fcf478a5ee04f42e959fd8f5df0a?s=96&d=mm&r=g\",\"url\":\"https:\\\/\\\/secure.gravatar.com\\\/avatar\\\/4dfbf16b4d17945bfb6341b2d19043457132fcf478a5ee04f42e959fd8f5df0a?s=96&d=mm&r=g\",\"contentUrl\":\"https:\\\/\\\/secure.gravatar.com\\\/avatar\\\/4dfbf16b4d17945bfb6341b2d19043457132fcf478a5ee04f42e959fd8f5df0a?s=96&d=mm&r=g\",\"caption\":\"NOTICIASMERCEDINAS.COM\"},\"url\":\"https:\\\/\\\/noticiasmercedinas.com\\\/site\\\/author\\\/anonimo\\\/\"}]}<\/script>\n<!-- \/ Yoast SEO plugin. -->","yoast_head_json":{"title":"Accidente en rotonda de 2 y 1: concejal Pollacchi ya hab\u00eda advertido sobre la peligrosidad de la zona","robots":{"index":"index","follow":"follow","max-snippet":"max-snippet:-1","max-image-preview":"max-image-preview:large","max-video-preview":"max-video-preview:-1"},"canonical":"https:\/\/noticiasmercedinas.com\/site\/2024\/10\/16\/accidente-en-rotonda-de-2-y-1-concejal-pollacchi-ya-habia-advertido-sobre-la-peligrosidad-de-la-zona\/","og_locale":"es_ES","og_type":"article","og_title":"Accidente en rotonda de 2 y 1: concejal Pollacchi ya hab\u00eda advertido sobre la peligrosidad de la zona","og_description":"\u25a0 El concejal de La Libertad Avanza record\u00f3 que desde el Concejo hab\u00eda alertado al Ejecutivo sobre el peligro latente en esa rotonda, destacando que ya hab\u00eda presentado proyectos.","og_url":"https:\/\/noticiasmercedinas.com\/site\/2024\/10\/16\/accidente-en-rotonda-de-2-y-1-concejal-pollacchi-ya-habia-advertido-sobre-la-peligrosidad-de-la-zona\/","og_site_name":"NOTICIASMERCEDINAS.COM","article_publisher":"https:\/\/www.facebook.com\/noticiasmercedinas\/","article_published_time":"2024-10-16T13:41:09+00:00","article_modified_time":"2024-10-16T21:06:06+00:00","og_image":[{"width":640,"height":369,"url":"https:\/\/noticiasmercedinas.com\/site\/wp-content\/uploads\/2023\/12\/SESION2-POLLACHI.jpg","type":"image\/jpeg"}],"author":"NOTICIASMERCEDINAS.COM","twitter_card":"summary_large_image","twitter_creator":"@notmercedinas","twitter_site":"@notmercedinas","twitter_misc":{"Escrito por":"NOTICIASMERCEDINAS.COM","Tiempo de lectura":"2 minutos"},"schema":{"@context":"https:\/\/schema.org","@graph":[{"@type":"Article","@id":"https:\/\/noticiasmercedinas.com\/site\/2024\/10\/16\/accidente-en-rotonda-de-2-y-1-concejal-pollacchi-ya-habia-advertido-sobre-la-peligrosidad-de-la-zona\/#article","isPartOf":{"@id":"https:\/\/noticiasmercedinas.com\/site\/2024\/10\/16\/accidente-en-rotonda-de-2-y-1-concejal-pollacchi-ya-habia-advertido-sobre-la-peligrosidad-de-la-zona\/"},"author":{"name":"NOTICIASMERCEDINAS.COM","@id":"https:\/\/noticiasmercedinas.com\/site\/#\/schema\/person\/84b59c099c28ff2e8b77d4ceec5d8063"},"headline":"Accidente en rotonda de 2 y 1: concejal Pollacchi ya hab\u00eda advertido sobre la peligrosidad de la zona","datePublished":"2024-10-16T13:41:09+00:00","dateModified":"2024-10-16T21:06:06+00:00","mainEntityOfPage":{"@id":"https:\/\/noticiasmercedinas.com\/site\/2024\/10\/16\/accidente-en-rotonda-de-2-y-1-concejal-pollacchi-ya-habia-advertido-sobre-la-peligrosidad-de-la-zona\/"},"wordCount":452,"publisher":{"@id":"https:\/\/noticiasmercedinas.com\/site\/#organization"},"image":{"@id":"https:\/\/noticiasmercedinas.com\/site\/2024\/10\/16\/accidente-en-rotonda-de-2-y-1-concejal-pollacchi-ya-habia-advertido-sobre-la-peligrosidad-de-la-zona\/#primaryimage"},"thumbnailUrl":"https:\/\/noticiasmercedinas.com\/site\/wp-content\/uploads\/2023\/12\/SESION2-POLLACHI.jpg","keywords":["accidentes","la libertad avanza","mauricio polllacchi","Seguridad Vial"],"articleSection":["Politica"],"inLanguage":"es"},{"@type":"WebPage","@id":"https:\/\/noticiasmercedinas.com\/site\/2024\/10\/16\/accidente-en-rotonda-de-2-y-1-concejal-pollacchi-ya-habia-advertido-sobre-la-peligrosidad-de-la-zona\/","url":"https:\/\/noticiasmercedinas.com\/site\/2024\/10\/16\/accidente-en-rotonda-de-2-y-1-concejal-pollacchi-ya-habia-advertido-sobre-la-peligrosidad-de-la-zona\/","name":"Accidente en rotonda de 2 y 1: concejal Pollacchi ya hab\u00eda advertido sobre la peligrosidad de la zona","isPartOf":{"@id":"https:\/\/noticiasmercedinas.com\/site\/#website"},"primaryImageOfPage":{"@id":"https:\/\/noticiasmercedinas.com\/site\/2024\/10\/16\/accidente-en-rotonda-de-2-y-1-concejal-pollacchi-ya-habia-advertido-sobre-la-peligrosidad-de-la-zona\/#primaryimage"},"image":{"@id":"https:\/\/noticiasmercedinas.com\/site\/2024\/10\/16\/accidente-en-rotonda-de-2-y-1-concejal-pollacchi-ya-habia-advertido-sobre-la-peligrosidad-de-la-zona\/#primaryimage"},"thumbnailUrl":"https:\/\/noticiasmercedinas.com\/site\/wp-content\/uploads\/2023\/12\/SESION2-POLLACHI.jpg","datePublished":"2024-10-16T13:41:09+00:00","dateModified":"2024-10-16T21:06:06+00:00","breadcrumb":{"@id":"https:\/\/noticiasmercedinas.com\/site\/2024\/10\/16\/accidente-en-rotonda-de-2-y-1-concejal-pollacchi-ya-habia-advertido-sobre-la-peligrosidad-de-la-zona\/#breadcrumb"},"inLanguage":"es","potentialAction":[{"@type":"ReadAction","target":["https:\/\/noticiasmercedinas.com\/site\/2024\/10\/16\/accidente-en-rotonda-de-2-y-1-concejal-pollacchi-ya-habia-advertido-sobre-la-peligrosidad-de-la-zona\/"]}]},{"@type":"ImageObject","inLanguage":"es","@id":"https:\/\/noticiasmercedinas.com\/site\/2024\/10\/16\/accidente-en-rotonda-de-2-y-1-concejal-pollacchi-ya-habia-advertido-sobre-la-peligrosidad-de-la-zona\/#primaryimage","url":"https:\/\/noticiasmercedinas.com\/site\/wp-content\/uploads\/2023\/12\/SESION2-POLLACHI.jpg","contentUrl":"https:\/\/noticiasmercedinas.com\/site\/wp-content\/uploads\/2023\/12\/SESION2-POLLACHI.jpg","width":640,"height":369},{"@type":"BreadcrumbList","@id":"https:\/\/noticiasmercedinas.com\/site\/2024\/10\/16\/accidente-en-rotonda-de-2-y-1-concejal-pollacchi-ya-habia-advertido-sobre-la-peligrosidad-de-la-zona\/#breadcrumb","itemListElement":[{"@type":"ListItem","position":1,"name":"Portada","item":"https:\/\/noticiasmercedinas.com\/site\/"},{"@type":"ListItem","position":2,"name":"Accidente en rotonda de 2 y 1: concejal Pollacchi ya hab\u00eda advertido sobre la peligrosidad de la zona"}]},{"@type":"WebSite","@id":"https:\/\/noticiasmercedinas.com\/site\/#website","url":"https:\/\/noticiasmercedinas.com\/site\/","name":"NOTICIASMERCEDINAS.COM","description":"Mercedes, Buenos Aires, Argentina","publisher":{"@id":"https:\/\/noticiasmercedinas.com\/site\/#organization"},"potentialAction":[{"@type":"SearchAction","target":{"@type":"EntryPoint","urlTemplate":"https:\/\/noticiasmercedinas.com\/site\/?s={search_term_string}"},"query-input":{"@type":"PropertyValueSpecification","valueRequired":true,"valueName":"search_term_string"}}],"inLanguage":"es"},{"@type":"Organization","@id":"https:\/\/noticiasmercedinas.com\/site\/#organization","name":"NOTICIASMERCEDINAS.COM","url":"https:\/\/noticiasmercedinas.com\/site\/","logo":{"@type":"ImageObject","inLanguage":"es","@id":"https:\/\/noticiasmercedinas.com\/site\/#\/schema\/logo\/image\/","url":"https:\/\/noticiasmercedinas.com\/site\/wp-content\/uploads\/2020\/06\/LOGO-512.jpg","contentUrl":"https:\/\/noticiasmercedinas.com\/site\/wp-content\/uploads\/2020\/06\/LOGO-512.jpg","width":512,"height":512,"caption":"NOTICIASMERCEDINAS.COM"},"image":{"@id":"https:\/\/noticiasmercedinas.com\/site\/#\/schema\/logo\/image\/"},"sameAs":["https:\/\/www.facebook.com\/noticiasmercedinas\/","https:\/\/x.com\/notmercedinas","https:\/\/www.instagram.com\/noticiasmercedinas\/"]},{"@type":"Person","@id":"https:\/\/noticiasmercedinas.com\/site\/#\/schema\/person\/84b59c099c28ff2e8b77d4ceec5d8063","name":"NOTICIASMERCEDINAS.COM","image":{"@type":"ImageObject","inLanguage":"es","@id":"https:\/\/secure.gravatar.com\/avatar\/4dfbf16b4d17945bfb6341b2d19043457132fcf478a5ee04f42e959fd8f5df0a?s=96&d=mm&r=g","url":"https:\/\/secure.gravatar.com\/avatar\/4dfbf16b4d17945bfb6341b2d19043457132fcf478a5ee04f42e959fd8f5df0a?s=96&d=mm&r=g","contentUrl":"https:\/\/secure.gravatar.com\/avatar\/4dfbf16b4d17945bfb6341b2d19043457132fcf478a5ee04f42e959fd8f5df0a?s=96&d=mm&r=g","caption":"NOTICIASMERCEDINAS.COM"},"url":"https:\/\/noticiasmercedinas.com\/site\/author\/anonimo\/"}]}},"amp_enabled":true,"_links":{"self":[{"href":"https:\/\/noticiasmercedinas.com\/site\/wp-json\/wp\/v2\/posts\/146315","targetHints":{"allow":["GET"]}}],"collection":[{"href":"https:\/\/noticiasmercedinas.com\/site\/wp-json\/wp\/v2\/posts"}],"about":[{"href":"https:\/\/noticiasmercedinas.com\/site\/wp-json\/wp\/v2\/types\/post"}],"author":[{"embeddable":true,"href":"https:\/\/noticiasmercedinas.com\/site\/wp-json\/wp\/v2\/users\/16"}],"replies":[{"embeddable":true,"href":"https:\/\/noticiasmercedinas.com\/site\/wp-json\/wp\/v2\/comments?post=146315"}],"version-history":[{"count":2,"href":"https:\/\/noticiasmercedinas.com\/site\/wp-json\/wp\/v2\/posts\/146315\/revisions"}],"predecessor-version":[{"id":146332,"href":"https:\/\/noticiasmercedinas.com\/site\/wp-json\/wp\/v2\/posts\/146315\/revisions\/146332"}],"wp:featuredmedia":[{"embeddable":true,"href":"https:\/\/noticiasmercedinas.com\/site\/wp-json\/wp\/v2\/media\/127964"}],"wp:attachment":[{"href":"https:\/\/noticiasmercedinas.com\/site\/wp-json\/wp\/v2\/media?parent=146315"}],"wp:term":[{"taxonomy":"category","embeddable":true,"href":"https:\/\/noticiasmercedinas.com\/site\/wp-json\/wp\/v2\/categories?post=146315"},{"taxonomy":"post_tag","embeddable":true,"href":"https:\/\/noticiasmercedinas.com\/site\/wp-json\/wp\/v2\/tags?post=146315"}],"curies":[{"name":"wp","href":"https:\/\/api.w.org\/{rel}","templated":true}]}}