{"id":146383,"date":"2024-10-17T15:02:52","date_gmt":"2024-10-17T18:02:52","guid":{"rendered":"https:\/\/noticiasmercedinas.com\/site\/?p=146383"},"modified":"2024-10-17T20:13:25","modified_gmt":"2024-10-17T23:13:25","slug":"brillante-presentacion-de-joaquin-oliva-uberuaga-en-el-ciclo-proarte","status":"publish","type":"post","link":"https:\/\/noticiasmercedinas.com\/site\/2024\/10\/17\/brillante-presentacion-de-joaquin-oliva-uberuaga-en-el-ciclo-proarte\/","title":{"rendered":"Brillante presentaci\u00f3n de Joaqu\u00edn Oliva Uberuaga en el ciclo PROARTE"},"content":{"rendered":"<p><img loading=\"lazy\" decoding=\"async\" class=\"alignnone wp-image-146384\" src=\"https:\/\/noticiasmercedinas.com\/site\/wp-content\/uploads\/2024\/10\/JOAQUIN-e1729188090422.jpeg\" alt=\"\" width=\"640\" height=\"508\" srcset=\"https:\/\/noticiasmercedinas.com\/site\/wp-content\/uploads\/2024\/10\/JOAQUIN-e1729188090422.jpeg 552w, https:\/\/noticiasmercedinas.com\/site\/wp-content\/uploads\/2024\/10\/JOAQUIN-e1729188090422-300x238.jpeg 300w\" sizes=\"auto, (max-width: 640px) 100vw, 640px\" \/><\/p>\n<p>El 12 de octubre se present\u00f3 en el ciclo <strong>PROARTE MERCEDES &#8211;\u00a0 Centro de Egresados del Colegio Nacional Florentino Ameghino &#8211;<\/strong> el joven pianista <strong>Joaqu\u00edn Oliva<\/strong> <strong>Uberuaga<\/strong>, que brind\u00f3 un recital de excelencia con obras de gran aliento.<\/p>\n<p>El concierto comenz\u00f3 con la <strong>Sonata N\u00b02, en Fa Mayor, K 280 de Mozart<\/strong>, una obra fundamental del repertorio pian\u00edstico cl\u00e1sico que el int\u00e9rprete transmiti\u00f3, combinando su belleza l\u00edrica y elegancia estructural, sorteando sin dificultad las exigencias de la partitura.<\/p>\n<p>La segunda pieza elegida fue <strong>\u201cLas Variaciones de Brahms sobre un tema de Ha\u00ebndel\u201d Op 24. <\/strong><\/p>\n<p>Esta obra monumental, un verdadero \u00edcono de la producci\u00f3n pian\u00edstica de<strong> Brahms<\/strong>, fue concebida\u00a0 sobre un <strong>Aria del Tercer Movimiento de la Suite para Clavec\u00edn N\u00b0 1, en si bemol mayor \u2013 HWV 434 \u2013 de Ha\u00ebndel <\/strong>que constaba originalmente de 5 variaciones y Brahms ampli\u00f3 a 25, agregando una fuga final.<\/p>\n<p><strong>Joaqu\u00edn Oliva<\/strong> abord\u00f3 la composici\u00f3n presentando la\u00a0 peque\u00f1a melod\u00eda galante de <strong>Ha\u00ebndel<\/strong>, y a partir de all\u00ed, en un brillante despliegue t\u00e9cnico, encaden\u00f3 las variaciones con gran potencia, exhibiendo su \u00a0destreza para afrontar los pasajes m\u00e1s complejos de la obra<\/p>\n<p>A continuaci\u00f3n interpret\u00f3<strong> \u201cIm\u00e1genes\u201d Libro I de Debussy <\/strong><\/p>\n<p><strong>El Libro 1 de \u201cImages\u201d<\/strong> fue compuesto entre 1901 &#8211; 1905 y Debussy lo concibi\u00f3 como una pieza personal, elegante y refinada, que marc\u00f3 una diferencia notable en su \u00e9poca, proyectando sensaciones y climas \u00edntimos.<\/p>\n<p><strong>Joaqu\u00edn Oliva<\/strong> mostr\u00f3 una digitaci\u00f3n admirable en la ejecuci\u00f3n de la obra, destac\u00e1ndose<strong> \u201cReflejos en el Agua\u201d, <\/strong>donde comunic\u00f3 de manera precisa la evocaci\u00f3n del agua, tanto en reposo como en movimiento, profunda y misteriosa, brillando bajo el sol.<\/p>\n<p>Para el final del concierto \u00a0eligi\u00f3 el \u201c<strong>Vals de la \u00d3pera Fausto\u201d, <\/strong>que constituy\u00f3 el momento m\u00e1s alto de su presentaci\u00f3n, a trav\u00e9s de una versi\u00f3n brillante, apasionada y dram\u00e1tica del <strong>Vals del Fausto de Gounod<\/strong> que<strong> Liszt<\/strong> adapt\u00f3 a partir del primer acto y la escena de amor del segundo de la \u00f3pera hom\u00f3nima.<\/p>\n<blockquote><p>Su interpretaci\u00f3n t\u00e9cnica y expresiva confirm\u00f3 su gran talento y lo posiciona como una promesa destacada de la m\u00fasica cl\u00e1sica argentina.<\/p><\/blockquote>\n<p>En esta\u00a0 dif\u00edcil composici\u00f3n,<strong> Joaqu\u00edn Oliva<\/strong> exhibi\u00f3 una digitaci\u00f3n precisa y transparente, a trav\u00e9s de la cual transmiti\u00f3 la brillantez y grandeza de la obra.<\/p>\n<p>El p\u00fablico, de pie, aplaudi\u00f3 a este pianista que, con solo 15 a\u00f1os, fue capaz de afrontar un exigente \u00a0programa, un verdadero <strong><em>\u201ctour de force\u201d<\/em><\/strong> en el que demostr\u00f3 sus virtudes t\u00e9cnicas y expresivas.<\/p>\n<p>Tres obras fuera de programa cerraron esta notable actuaci\u00f3n<strong>: \u201cLa Campanella\u201d de Liszt; \u201cWidmung\u201d de<\/strong> <strong>Schumann\/Liszt<\/strong>\u00a0\u00a0 y un arreglo\u00a0 del int\u00e9rprete de \u201c<strong>Libertango\u201d<\/strong>\u00a0 <strong>de Piazzolla<\/strong> para piano solo.<\/p>\n<p>El 12 de octubre quienes asistimos al concierto de <strong>PROARTE MERCEDES,<\/strong> quedamos gratamente impresionados por el talento y las condiciones de esta joven promesa de la\u00a0 m\u00fasica cl\u00e1sica argentina, a quien le aguardan grandes acontecimientos en su \u00a0promisoria carrera.<\/p>\n<p><iframe loading=\"lazy\" title=\"Concierto de Joaqu\u00edn Olivera Uberuaga en PROARTE MERCEDES Vals de la \u00d3pera \u201cFausto\u201d  Gounod \/ Liszt\" width=\"640\" height=\"360\" src=\"https:\/\/www.youtube.com\/embed\/jVsjNTK28cA?feature=oembed\" frameborder=\"0\" allow=\"accelerometer; autoplay; clipboard-write; encrypted-media; gyroscope; picture-in-picture; web-share\" referrerpolicy=\"strict-origin-when-cross-origin\" allowfullscreen><\/iframe><\/p>\n<p>&nbsp;<\/p>\n","protected":false},"excerpt":{"rendered":"<p>\u25a0 El joven pianista Joaqu\u00edn Oliva Uberuaga, de solo 15 a\u00f1os, deslumbr\u00f3 al p\u00fablico en el ciclo PROARTE Mercedes con un recital que incluy\u00f3 obras de Mozart, Brahms, Debussy y Liszt. <\/p>\n","protected":false},"author":24,"featured_media":146384,"comment_status":"closed","ping_status":"closed","sticky":false,"template":"","format":"standard","meta":{"footnotes":""},"categories":[4],"tags":[18932,88,5218,614],"class_list":["post-146383","post","type-post","status-publish","format-standard","has-post-thumbnail","hentry","category-cultura","tag-joaquin-oliva-uberuaga","tag-musica","tag-piano","tag-pro-arte"],"yoast_head":"<!-- This site is optimized with the Yoast SEO plugin v27.4 - https:\/\/yoast.com\/product\/yoast-seo-wordpress\/ -->\n<title>Brillante presentaci\u00f3n de Joaqu\u00edn Oliva Uberuaga en el ciclo PROARTE<\/title>\n<meta name=\"robots\" content=\"index, follow, max-snippet:-1, max-image-preview:large, max-video-preview:-1\" \/>\n<link rel=\"canonical\" href=\"https:\/\/noticiasmercedinas.com\/site\/2024\/10\/17\/brillante-presentacion-de-joaquin-oliva-uberuaga-en-el-ciclo-proarte\/\" \/>\n<meta property=\"og:locale\" content=\"es_ES\" \/>\n<meta property=\"og:type\" content=\"article\" \/>\n<meta property=\"og:title\" content=\"Brillante presentaci\u00f3n de Joaqu\u00edn Oliva Uberuaga en el ciclo PROARTE\" \/>\n<meta property=\"og:description\" content=\"\u25a0 El joven pianista Joaqu\u00edn Oliva Uberuaga, de solo 15 a\u00f1os, deslumbr\u00f3 al p\u00fablico en el ciclo PROARTE Mercedes con un recital que incluy\u00f3 obras de Mozart, Brahms, Debussy y Liszt.\" \/>\n<meta property=\"og:url\" content=\"https:\/\/noticiasmercedinas.com\/site\/2024\/10\/17\/brillante-presentacion-de-joaquin-oliva-uberuaga-en-el-ciclo-proarte\/\" \/>\n<meta property=\"og:site_name\" content=\"NOTICIASMERCEDINAS.COM\" \/>\n<meta property=\"article:publisher\" content=\"https:\/\/www.facebook.com\/noticiasmercedinas\/\" \/>\n<meta property=\"article:published_time\" content=\"2024-10-17T18:02:52+00:00\" \/>\n<meta property=\"article:modified_time\" content=\"2024-10-17T23:13:25+00:00\" \/>\n<meta property=\"og:image\" content=\"https:\/\/noticiasmercedinas.com\/site\/wp-content\/uploads\/2024\/10\/JOAQUIN-e1729188090422.jpeg\" \/>\n\t<meta property=\"og:image:width\" content=\"552\" \/>\n\t<meta property=\"og:image:height\" content=\"438\" \/>\n\t<meta property=\"og:image:type\" content=\"image\/jpeg\" \/>\n<meta name=\"author\" content=\"Susana Spano\" \/>\n<meta name=\"twitter:card\" content=\"summary_large_image\" \/>\n<meta name=\"twitter:creator\" content=\"@notmercedinas\" \/>\n<meta name=\"twitter:site\" content=\"@notmercedinas\" \/>\n<meta name=\"twitter:label1\" content=\"Escrito por\" \/>\n\t<meta name=\"twitter:data1\" content=\"Susana Spano\" \/>\n\t<meta name=\"twitter:label2\" content=\"Tiempo de lectura\" \/>\n\t<meta name=\"twitter:data2\" content=\"3 minutos\" \/>\n<script type=\"application\/ld+json\" class=\"yoast-schema-graph\">{\"@context\":\"https:\\\/\\\/schema.org\",\"@graph\":[{\"@type\":\"Article\",\"@id\":\"https:\\\/\\\/noticiasmercedinas.com\\\/site\\\/2024\\\/10\\\/17\\\/brillante-presentacion-de-joaquin-oliva-uberuaga-en-el-ciclo-proarte\\\/#article\",\"isPartOf\":{\"@id\":\"https:\\\/\\\/noticiasmercedinas.com\\\/site\\\/2024\\\/10\\\/17\\\/brillante-presentacion-de-joaquin-oliva-uberuaga-en-el-ciclo-proarte\\\/\"},\"author\":{\"name\":\"Susana Spano\",\"@id\":\"https:\\\/\\\/noticiasmercedinas.com\\\/site\\\/#\\\/schema\\\/person\\\/6c6decb6bf2ace51790c3ae1860466d7\"},\"headline\":\"Brillante presentaci\u00f3n de Joaqu\u00edn Oliva Uberuaga en el ciclo PROARTE\",\"datePublished\":\"2024-10-17T18:02:52+00:00\",\"dateModified\":\"2024-10-17T23:13:25+00:00\",\"mainEntityOfPage\":{\"@id\":\"https:\\\/\\\/noticiasmercedinas.com\\\/site\\\/2024\\\/10\\\/17\\\/brillante-presentacion-de-joaquin-oliva-uberuaga-en-el-ciclo-proarte\\\/\"},\"wordCount\":524,\"publisher\":{\"@id\":\"https:\\\/\\\/noticiasmercedinas.com\\\/site\\\/#organization\"},\"image\":{\"@id\":\"https:\\\/\\\/noticiasmercedinas.com\\\/site\\\/2024\\\/10\\\/17\\\/brillante-presentacion-de-joaquin-oliva-uberuaga-en-el-ciclo-proarte\\\/#primaryimage\"},\"thumbnailUrl\":\"https:\\\/\\\/noticiasmercedinas.com\\\/site\\\/wp-content\\\/uploads\\\/2024\\\/10\\\/JOAQUIN-e1729188090422.jpeg\",\"keywords\":[\"Joaqu\u00edn Oliva Uberuaga\",\"musica\",\"piano\",\"pro arte\"],\"articleSection\":[\"Cultura\"],\"inLanguage\":\"es\"},{\"@type\":\"WebPage\",\"@id\":\"https:\\\/\\\/noticiasmercedinas.com\\\/site\\\/2024\\\/10\\\/17\\\/brillante-presentacion-de-joaquin-oliva-uberuaga-en-el-ciclo-proarte\\\/\",\"url\":\"https:\\\/\\\/noticiasmercedinas.com\\\/site\\\/2024\\\/10\\\/17\\\/brillante-presentacion-de-joaquin-oliva-uberuaga-en-el-ciclo-proarte\\\/\",\"name\":\"Brillante presentaci\u00f3n de Joaqu\u00edn Oliva Uberuaga en el ciclo PROARTE\",\"isPartOf\":{\"@id\":\"https:\\\/\\\/noticiasmercedinas.com\\\/site\\\/#website\"},\"primaryImageOfPage\":{\"@id\":\"https:\\\/\\\/noticiasmercedinas.com\\\/site\\\/2024\\\/10\\\/17\\\/brillante-presentacion-de-joaquin-oliva-uberuaga-en-el-ciclo-proarte\\\/#primaryimage\"},\"image\":{\"@id\":\"https:\\\/\\\/noticiasmercedinas.com\\\/site\\\/2024\\\/10\\\/17\\\/brillante-presentacion-de-joaquin-oliva-uberuaga-en-el-ciclo-proarte\\\/#primaryimage\"},\"thumbnailUrl\":\"https:\\\/\\\/noticiasmercedinas.com\\\/site\\\/wp-content\\\/uploads\\\/2024\\\/10\\\/JOAQUIN-e1729188090422.jpeg\",\"datePublished\":\"2024-10-17T18:02:52+00:00\",\"dateModified\":\"2024-10-17T23:13:25+00:00\",\"breadcrumb\":{\"@id\":\"https:\\\/\\\/noticiasmercedinas.com\\\/site\\\/2024\\\/10\\\/17\\\/brillante-presentacion-de-joaquin-oliva-uberuaga-en-el-ciclo-proarte\\\/#breadcrumb\"},\"inLanguage\":\"es\",\"potentialAction\":[{\"@type\":\"ReadAction\",\"target\":[\"https:\\\/\\\/noticiasmercedinas.com\\\/site\\\/2024\\\/10\\\/17\\\/brillante-presentacion-de-joaquin-oliva-uberuaga-en-el-ciclo-proarte\\\/\"]}]},{\"@type\":\"ImageObject\",\"inLanguage\":\"es\",\"@id\":\"https:\\\/\\\/noticiasmercedinas.com\\\/site\\\/2024\\\/10\\\/17\\\/brillante-presentacion-de-joaquin-oliva-uberuaga-en-el-ciclo-proarte\\\/#primaryimage\",\"url\":\"https:\\\/\\\/noticiasmercedinas.com\\\/site\\\/wp-content\\\/uploads\\\/2024\\\/10\\\/JOAQUIN-e1729188090422.jpeg\",\"contentUrl\":\"https:\\\/\\\/noticiasmercedinas.com\\\/site\\\/wp-content\\\/uploads\\\/2024\\\/10\\\/JOAQUIN-e1729188090422.jpeg\",\"width\":552,\"height\":438},{\"@type\":\"BreadcrumbList\",\"@id\":\"https:\\\/\\\/noticiasmercedinas.com\\\/site\\\/2024\\\/10\\\/17\\\/brillante-presentacion-de-joaquin-oliva-uberuaga-en-el-ciclo-proarte\\\/#breadcrumb\",\"itemListElement\":[{\"@type\":\"ListItem\",\"position\":1,\"name\":\"Portada\",\"item\":\"https:\\\/\\\/noticiasmercedinas.com\\\/site\\\/\"},{\"@type\":\"ListItem\",\"position\":2,\"name\":\"Brillante presentaci\u00f3n de Joaqu\u00edn Oliva Uberuaga en el ciclo PROARTE\"}]},{\"@type\":\"WebSite\",\"@id\":\"https:\\\/\\\/noticiasmercedinas.com\\\/site\\\/#website\",\"url\":\"https:\\\/\\\/noticiasmercedinas.com\\\/site\\\/\",\"name\":\"NOTICIASMERCEDINAS.COM\",\"description\":\"Mercedes, Buenos Aires, Argentina\",\"publisher\":{\"@id\":\"https:\\\/\\\/noticiasmercedinas.com\\\/site\\\/#organization\"},\"potentialAction\":[{\"@type\":\"SearchAction\",\"target\":{\"@type\":\"EntryPoint\",\"urlTemplate\":\"https:\\\/\\\/noticiasmercedinas.com\\\/site\\\/?s={search_term_string}\"},\"query-input\":{\"@type\":\"PropertyValueSpecification\",\"valueRequired\":true,\"valueName\":\"search_term_string\"}}],\"inLanguage\":\"es\"},{\"@type\":\"Organization\",\"@id\":\"https:\\\/\\\/noticiasmercedinas.com\\\/site\\\/#organization\",\"name\":\"NOTICIASMERCEDINAS.COM\",\"url\":\"https:\\\/\\\/noticiasmercedinas.com\\\/site\\\/\",\"logo\":{\"@type\":\"ImageObject\",\"inLanguage\":\"es\",\"@id\":\"https:\\\/\\\/noticiasmercedinas.com\\\/site\\\/#\\\/schema\\\/logo\\\/image\\\/\",\"url\":\"https:\\\/\\\/noticiasmercedinas.com\\\/site\\\/wp-content\\\/uploads\\\/2020\\\/06\\\/LOGO-512.jpg\",\"contentUrl\":\"https:\\\/\\\/noticiasmercedinas.com\\\/site\\\/wp-content\\\/uploads\\\/2020\\\/06\\\/LOGO-512.jpg\",\"width\":512,\"height\":512,\"caption\":\"NOTICIASMERCEDINAS.COM\"},\"image\":{\"@id\":\"https:\\\/\\\/noticiasmercedinas.com\\\/site\\\/#\\\/schema\\\/logo\\\/image\\\/\"},\"sameAs\":[\"https:\\\/\\\/www.facebook.com\\\/noticiasmercedinas\\\/\",\"https:\\\/\\\/x.com\\\/notmercedinas\",\"https:\\\/\\\/www.instagram.com\\\/noticiasmercedinas\\\/\"]},{\"@type\":\"Person\",\"@id\":\"https:\\\/\\\/noticiasmercedinas.com\\\/site\\\/#\\\/schema\\\/person\\\/6c6decb6bf2ace51790c3ae1860466d7\",\"name\":\"Susana Spano\",\"image\":{\"@type\":\"ImageObject\",\"inLanguage\":\"es\",\"@id\":\"https:\\\/\\\/secure.gravatar.com\\\/avatar\\\/8b943981637969c1ccbbca2f9b95cbe5dac8e434c0c759eef9552e95d86c38f4?s=96&d=mm&r=g\",\"url\":\"https:\\\/\\\/secure.gravatar.com\\\/avatar\\\/8b943981637969c1ccbbca2f9b95cbe5dac8e434c0c759eef9552e95d86c38f4?s=96&d=mm&r=g\",\"contentUrl\":\"https:\\\/\\\/secure.gravatar.com\\\/avatar\\\/8b943981637969c1ccbbca2f9b95cbe5dac8e434c0c759eef9552e95d86c38f4?s=96&d=mm&r=g\",\"caption\":\"Susana Spano\"},\"url\":\"https:\\\/\\\/noticiasmercedinas.com\\\/site\\\/author\\\/susana-spano\\\/\"}]}<\/script>\n<!-- \/ Yoast SEO plugin. -->","yoast_head_json":{"title":"Brillante presentaci\u00f3n de Joaqu\u00edn Oliva Uberuaga en el ciclo PROARTE","robots":{"index":"index","follow":"follow","max-snippet":"max-snippet:-1","max-image-preview":"max-image-preview:large","max-video-preview":"max-video-preview:-1"},"canonical":"https:\/\/noticiasmercedinas.com\/site\/2024\/10\/17\/brillante-presentacion-de-joaquin-oliva-uberuaga-en-el-ciclo-proarte\/","og_locale":"es_ES","og_type":"article","og_title":"Brillante presentaci\u00f3n de Joaqu\u00edn Oliva Uberuaga en el ciclo PROARTE","og_description":"\u25a0 El joven pianista Joaqu\u00edn Oliva Uberuaga, de solo 15 a\u00f1os, deslumbr\u00f3 al p\u00fablico en el ciclo PROARTE Mercedes con un recital que incluy\u00f3 obras de Mozart, Brahms, Debussy y Liszt.","og_url":"https:\/\/noticiasmercedinas.com\/site\/2024\/10\/17\/brillante-presentacion-de-joaquin-oliva-uberuaga-en-el-ciclo-proarte\/","og_site_name":"NOTICIASMERCEDINAS.COM","article_publisher":"https:\/\/www.facebook.com\/noticiasmercedinas\/","article_published_time":"2024-10-17T18:02:52+00:00","article_modified_time":"2024-10-17T23:13:25+00:00","og_image":[{"width":552,"height":438,"url":"https:\/\/noticiasmercedinas.com\/site\/wp-content\/uploads\/2024\/10\/JOAQUIN-e1729188090422.jpeg","type":"image\/jpeg"}],"author":"Susana Spano","twitter_card":"summary_large_image","twitter_creator":"@notmercedinas","twitter_site":"@notmercedinas","twitter_misc":{"Escrito por":"Susana Spano","Tiempo de lectura":"3 minutos"},"schema":{"@context":"https:\/\/schema.org","@graph":[{"@type":"Article","@id":"https:\/\/noticiasmercedinas.com\/site\/2024\/10\/17\/brillante-presentacion-de-joaquin-oliva-uberuaga-en-el-ciclo-proarte\/#article","isPartOf":{"@id":"https:\/\/noticiasmercedinas.com\/site\/2024\/10\/17\/brillante-presentacion-de-joaquin-oliva-uberuaga-en-el-ciclo-proarte\/"},"author":{"name":"Susana Spano","@id":"https:\/\/noticiasmercedinas.com\/site\/#\/schema\/person\/6c6decb6bf2ace51790c3ae1860466d7"},"headline":"Brillante presentaci\u00f3n de Joaqu\u00edn Oliva Uberuaga en el ciclo PROARTE","datePublished":"2024-10-17T18:02:52+00:00","dateModified":"2024-10-17T23:13:25+00:00","mainEntityOfPage":{"@id":"https:\/\/noticiasmercedinas.com\/site\/2024\/10\/17\/brillante-presentacion-de-joaquin-oliva-uberuaga-en-el-ciclo-proarte\/"},"wordCount":524,"publisher":{"@id":"https:\/\/noticiasmercedinas.com\/site\/#organization"},"image":{"@id":"https:\/\/noticiasmercedinas.com\/site\/2024\/10\/17\/brillante-presentacion-de-joaquin-oliva-uberuaga-en-el-ciclo-proarte\/#primaryimage"},"thumbnailUrl":"https:\/\/noticiasmercedinas.com\/site\/wp-content\/uploads\/2024\/10\/JOAQUIN-e1729188090422.jpeg","keywords":["Joaqu\u00edn Oliva Uberuaga","musica","piano","pro arte"],"articleSection":["Cultura"],"inLanguage":"es"},{"@type":"WebPage","@id":"https:\/\/noticiasmercedinas.com\/site\/2024\/10\/17\/brillante-presentacion-de-joaquin-oliva-uberuaga-en-el-ciclo-proarte\/","url":"https:\/\/noticiasmercedinas.com\/site\/2024\/10\/17\/brillante-presentacion-de-joaquin-oliva-uberuaga-en-el-ciclo-proarte\/","name":"Brillante presentaci\u00f3n de Joaqu\u00edn Oliva Uberuaga en el ciclo PROARTE","isPartOf":{"@id":"https:\/\/noticiasmercedinas.com\/site\/#website"},"primaryImageOfPage":{"@id":"https:\/\/noticiasmercedinas.com\/site\/2024\/10\/17\/brillante-presentacion-de-joaquin-oliva-uberuaga-en-el-ciclo-proarte\/#primaryimage"},"image":{"@id":"https:\/\/noticiasmercedinas.com\/site\/2024\/10\/17\/brillante-presentacion-de-joaquin-oliva-uberuaga-en-el-ciclo-proarte\/#primaryimage"},"thumbnailUrl":"https:\/\/noticiasmercedinas.com\/site\/wp-content\/uploads\/2024\/10\/JOAQUIN-e1729188090422.jpeg","datePublished":"2024-10-17T18:02:52+00:00","dateModified":"2024-10-17T23:13:25+00:00","breadcrumb":{"@id":"https:\/\/noticiasmercedinas.com\/site\/2024\/10\/17\/brillante-presentacion-de-joaquin-oliva-uberuaga-en-el-ciclo-proarte\/#breadcrumb"},"inLanguage":"es","potentialAction":[{"@type":"ReadAction","target":["https:\/\/noticiasmercedinas.com\/site\/2024\/10\/17\/brillante-presentacion-de-joaquin-oliva-uberuaga-en-el-ciclo-proarte\/"]}]},{"@type":"ImageObject","inLanguage":"es","@id":"https:\/\/noticiasmercedinas.com\/site\/2024\/10\/17\/brillante-presentacion-de-joaquin-oliva-uberuaga-en-el-ciclo-proarte\/#primaryimage","url":"https:\/\/noticiasmercedinas.com\/site\/wp-content\/uploads\/2024\/10\/JOAQUIN-e1729188090422.jpeg","contentUrl":"https:\/\/noticiasmercedinas.com\/site\/wp-content\/uploads\/2024\/10\/JOAQUIN-e1729188090422.jpeg","width":552,"height":438},{"@type":"BreadcrumbList","@id":"https:\/\/noticiasmercedinas.com\/site\/2024\/10\/17\/brillante-presentacion-de-joaquin-oliva-uberuaga-en-el-ciclo-proarte\/#breadcrumb","itemListElement":[{"@type":"ListItem","position":1,"name":"Portada","item":"https:\/\/noticiasmercedinas.com\/site\/"},{"@type":"ListItem","position":2,"name":"Brillante presentaci\u00f3n de Joaqu\u00edn Oliva Uberuaga en el ciclo PROARTE"}]},{"@type":"WebSite","@id":"https:\/\/noticiasmercedinas.com\/site\/#website","url":"https:\/\/noticiasmercedinas.com\/site\/","name":"NOTICIASMERCEDINAS.COM","description":"Mercedes, Buenos Aires, Argentina","publisher":{"@id":"https:\/\/noticiasmercedinas.com\/site\/#organization"},"potentialAction":[{"@type":"SearchAction","target":{"@type":"EntryPoint","urlTemplate":"https:\/\/noticiasmercedinas.com\/site\/?s={search_term_string}"},"query-input":{"@type":"PropertyValueSpecification","valueRequired":true,"valueName":"search_term_string"}}],"inLanguage":"es"},{"@type":"Organization","@id":"https:\/\/noticiasmercedinas.com\/site\/#organization","name":"NOTICIASMERCEDINAS.COM","url":"https:\/\/noticiasmercedinas.com\/site\/","logo":{"@type":"ImageObject","inLanguage":"es","@id":"https:\/\/noticiasmercedinas.com\/site\/#\/schema\/logo\/image\/","url":"https:\/\/noticiasmercedinas.com\/site\/wp-content\/uploads\/2020\/06\/LOGO-512.jpg","contentUrl":"https:\/\/noticiasmercedinas.com\/site\/wp-content\/uploads\/2020\/06\/LOGO-512.jpg","width":512,"height":512,"caption":"NOTICIASMERCEDINAS.COM"},"image":{"@id":"https:\/\/noticiasmercedinas.com\/site\/#\/schema\/logo\/image\/"},"sameAs":["https:\/\/www.facebook.com\/noticiasmercedinas\/","https:\/\/x.com\/notmercedinas","https:\/\/www.instagram.com\/noticiasmercedinas\/"]},{"@type":"Person","@id":"https:\/\/noticiasmercedinas.com\/site\/#\/schema\/person\/6c6decb6bf2ace51790c3ae1860466d7","name":"Susana Spano","image":{"@type":"ImageObject","inLanguage":"es","@id":"https:\/\/secure.gravatar.com\/avatar\/8b943981637969c1ccbbca2f9b95cbe5dac8e434c0c759eef9552e95d86c38f4?s=96&d=mm&r=g","url":"https:\/\/secure.gravatar.com\/avatar\/8b943981637969c1ccbbca2f9b95cbe5dac8e434c0c759eef9552e95d86c38f4?s=96&d=mm&r=g","contentUrl":"https:\/\/secure.gravatar.com\/avatar\/8b943981637969c1ccbbca2f9b95cbe5dac8e434c0c759eef9552e95d86c38f4?s=96&d=mm&r=g","caption":"Susana Spano"},"url":"https:\/\/noticiasmercedinas.com\/site\/author\/susana-spano\/"}]}},"amp_enabled":true,"_links":{"self":[{"href":"https:\/\/noticiasmercedinas.com\/site\/wp-json\/wp\/v2\/posts\/146383","targetHints":{"allow":["GET"]}}],"collection":[{"href":"https:\/\/noticiasmercedinas.com\/site\/wp-json\/wp\/v2\/posts"}],"about":[{"href":"https:\/\/noticiasmercedinas.com\/site\/wp-json\/wp\/v2\/types\/post"}],"author":[{"embeddable":true,"href":"https:\/\/noticiasmercedinas.com\/site\/wp-json\/wp\/v2\/users\/24"}],"replies":[{"embeddable":true,"href":"https:\/\/noticiasmercedinas.com\/site\/wp-json\/wp\/v2\/comments?post=146383"}],"version-history":[{"count":4,"href":"https:\/\/noticiasmercedinas.com\/site\/wp-json\/wp\/v2\/posts\/146383\/revisions"}],"predecessor-version":[{"id":146408,"href":"https:\/\/noticiasmercedinas.com\/site\/wp-json\/wp\/v2\/posts\/146383\/revisions\/146408"}],"wp:featuredmedia":[{"embeddable":true,"href":"https:\/\/noticiasmercedinas.com\/site\/wp-json\/wp\/v2\/media\/146384"}],"wp:attachment":[{"href":"https:\/\/noticiasmercedinas.com\/site\/wp-json\/wp\/v2\/media?parent=146383"}],"wp:term":[{"taxonomy":"category","embeddable":true,"href":"https:\/\/noticiasmercedinas.com\/site\/wp-json\/wp\/v2\/categories?post=146383"},{"taxonomy":"post_tag","embeddable":true,"href":"https:\/\/noticiasmercedinas.com\/site\/wp-json\/wp\/v2\/tags?post=146383"}],"curies":[{"name":"wp","href":"https:\/\/api.w.org\/{rel}","templated":true}]}}