{"id":146470,"date":"2024-10-19T09:51:00","date_gmt":"2024-10-19T12:51:00","guid":{"rendered":"https:\/\/noticiasmercedinas.com\/site\/?p=146470"},"modified":"2024-10-19T09:51:00","modified_gmt":"2024-10-19T12:51:00","slug":"trfa-villa-corina-en-arsenal-recibe-a-atletico-roque-perez","status":"publish","type":"post","link":"https:\/\/noticiasmercedinas.com\/site\/2024\/10\/19\/trfa-villa-corina-en-arsenal-recibe-a-atletico-roque-perez\/","title":{"rendered":"TRFA: Villa Corina en Arsenal recibe a Atl\u00e9tico Roque P\u00e9rez"},"content":{"rendered":"<figure id=\"attachment_146471\" aria-describedby=\"caption-attachment-146471\" style=\"width: 640px\" class=\"wp-caption alignnone\"><img loading=\"lazy\" decoding=\"async\" class=\"wp-image-146471 size-full\" src=\"https:\/\/noticiasmercedinas.com\/site\/wp-content\/uploads\/2024\/10\/cancha.jpg\" alt=\"\" width=\"640\" height=\"396\" srcset=\"https:\/\/noticiasmercedinas.com\/site\/wp-content\/uploads\/2024\/10\/cancha.jpg 640w, https:\/\/noticiasmercedinas.com\/site\/wp-content\/uploads\/2024\/10\/cancha-300x186.jpg 300w\" sizes=\"auto, (max-width: 640px) 100vw, 640px\" \/><figcaption id=\"caption-attachment-146471\" class=\"wp-caption-text\">En la cancha auxiliar de Arsenal juegan este domingo.<\/figcaption><\/figure>\n<p>Por la segunda fecha del Torneo Regional Federal Amateur en su fase de grupos tendr\u00e1 jornada libre V\u00e9lez que viene de caer por la m\u00ednima ante Atl\u00e9tico Roque P\u00e9rez como visitante. Este domingo 20 ser\u00e1 el turno del debut de Villa Corina, el representante de la Liga de Luj\u00e1n.<\/p>\n<p>El club fundado hace dos a\u00f1os en el municipio de Avellaneda fue cuarto en la primera rueda de su liga y hoy marcha puntero junto a Camioneros en su certamen dom\u00e9stico. Ser\u00e1 local en la cancha Auxiliar de Arsenal en Sarand\u00ed con venta de entradas s\u00f3lo para el p\u00fablico local.<\/p>\n<p><strong>Segunda fecha<br \/>\nDomingo 20<br \/>\nCancha:<\/strong> Auxiliar de Arsenal.<br \/>\nA las 16 Villa Corina vs. Atl. Roque P\u00e9rez.<br \/>\n<strong>Arbitro:<\/strong> Sergio Monz\u00f3n.<br \/>\n<strong>Asistentes:<\/strong> Cristian Sgro y Mat\u00edas Saintecluque (Liga Mercedina).<\/p>\n<p><strong>Libre:<\/strong>\u00a0 V\u00e9lez S\u00e1rsfield.<\/p>\n<p><img loading=\"lazy\" decoding=\"async\" class=\"alignnone size-full wp-image-146472\" src=\"https:\/\/noticiasmercedinas.com\/site\/wp-content\/uploads\/2024\/10\/TRFA.jpg\" alt=\"\" width=\"640\" height=\"161\" srcset=\"https:\/\/noticiasmercedinas.com\/site\/wp-content\/uploads\/2024\/10\/TRFA.jpg 640w, https:\/\/noticiasmercedinas.com\/site\/wp-content\/uploads\/2024\/10\/TRFA-300x75.jpg 300w\" sizes=\"auto, (max-width: 640px) 100vw, 640px\" \/><br \/>\n<strong><br \/>\nNo jugaron<\/strong><br \/>\nEn la primera fecha fueron designados para Central Buenos Aires y Escocia, cruce de la Liga Zarate\u00f1a por el TRFA, Sergio Monz\u00f3n como \u00e1rbitro principal y los asistentes Santiago Cuenca y Juan Silvero. Un error en el local a la hora de anunciar el partido llev\u00f3 a que la terna fuera el pasado domingo 13, como estaba anunciado por el CF, cuando se pas\u00f3 al lunes 14 sin comunicarlo como corresponde el local. Ahora queda esperar la resoluci\u00f3n por parte del ente organizador.<\/p>\n","protected":false},"excerpt":{"rendered":"<p>\u25a0 La segunda fecha con V\u00e9lez libre tendr\u00e1 el debut del equipo de la Liga de Luj\u00e1n ante el que gan\u00f3 en la primera jornada en Sarand\u00ed. Los \u00e1rbitros designados son de la Liga Mercedina de F\u00fatbol. <\/p>\n","protected":false},"author":6,"featured_media":146471,"comment_status":"closed","ping_status":"closed","sticky":false,"template":"","format":"standard","meta":{"footnotes":""},"categories":[5],"tags":[18956,3405,18331,18997],"class_list":["post-146470","post","type-post","status-publish","format-standard","has-post-thumbnail","hentry","category-deportes","tag-atletico-roque-perez","tag-torneo-regional-federal-amateur","tag-trfaf","tag-villa-corina"],"yoast_head":"<!-- This site is optimized with the Yoast SEO plugin v27.5 - https:\/\/yoast.com\/product\/yoast-seo-wordpress\/ -->\n<title>TRFA: Villa Corina en Arsenal recibe a Atl\u00e9tico Roque P\u00e9rez<\/title>\n<meta name=\"robots\" content=\"index, follow, max-snippet:-1, max-image-preview:large, max-video-preview:-1\" \/>\n<link rel=\"canonical\" href=\"https:\/\/noticiasmercedinas.com\/site\/2024\/10\/19\/trfa-villa-corina-en-arsenal-recibe-a-atletico-roque-perez\/\" \/>\n<meta property=\"og:locale\" content=\"es_ES\" \/>\n<meta property=\"og:type\" content=\"article\" \/>\n<meta property=\"og:title\" content=\"TRFA: Villa Corina en Arsenal recibe a Atl\u00e9tico Roque P\u00e9rez\" \/>\n<meta property=\"og:description\" content=\"\u25a0 La segunda fecha con V\u00e9lez libre tendr\u00e1 el debut del equipo de la Liga de Luj\u00e1n ante el que gan\u00f3 en la primera jornada en Sarand\u00ed. Los \u00e1rbitros designados son de la Liga Mercedina de F\u00fatbol.\" \/>\n<meta property=\"og:url\" content=\"https:\/\/noticiasmercedinas.com\/site\/2024\/10\/19\/trfa-villa-corina-en-arsenal-recibe-a-atletico-roque-perez\/\" \/>\n<meta property=\"og:site_name\" content=\"NOTICIASMERCEDINAS.COM\" \/>\n<meta property=\"article:publisher\" content=\"https:\/\/www.facebook.com\/noticiasmercedinas\/\" \/>\n<meta property=\"article:published_time\" content=\"2024-10-19T12:51:00+00:00\" \/>\n<meta property=\"og:image\" content=\"https:\/\/noticiasmercedinas.com\/site\/wp-content\/uploads\/2024\/10\/cancha.jpg\" \/>\n\t<meta property=\"og:image:width\" content=\"640\" \/>\n\t<meta property=\"og:image:height\" content=\"396\" \/>\n\t<meta property=\"og:image:type\" content=\"image\/jpeg\" \/>\n<meta name=\"author\" content=\"Juan Dagnino NOTICIASMERCEDINAS.COM\" \/>\n<meta name=\"twitter:card\" content=\"summary_large_image\" \/>\n<meta name=\"twitter:creator\" content=\"@notmercedinas\" \/>\n<meta name=\"twitter:site\" content=\"@notmercedinas\" \/>\n<meta name=\"twitter:label1\" content=\"Escrito por\" \/>\n\t<meta name=\"twitter:data1\" content=\"Juan Dagnino NOTICIASMERCEDINAS.COM\" \/>\n\t<meta name=\"twitter:label2\" content=\"Tiempo de lectura\" \/>\n\t<meta name=\"twitter:data2\" content=\"1 minuto\" \/>\n<script type=\"application\/ld+json\" class=\"yoast-schema-graph\">{\"@context\":\"https:\\\/\\\/schema.org\",\"@graph\":[{\"@type\":\"Article\",\"@id\":\"https:\\\/\\\/noticiasmercedinas.com\\\/site\\\/2024\\\/10\\\/19\\\/trfa-villa-corina-en-arsenal-recibe-a-atletico-roque-perez\\\/#article\",\"isPartOf\":{\"@id\":\"https:\\\/\\\/noticiasmercedinas.com\\\/site\\\/2024\\\/10\\\/19\\\/trfa-villa-corina-en-arsenal-recibe-a-atletico-roque-perez\\\/\"},\"author\":{\"name\":\"Juan Dagnino NOTICIASMERCEDINAS.COM\",\"@id\":\"https:\\\/\\\/noticiasmercedinas.com\\\/site\\\/#\\\/schema\\\/person\\\/8f2f09d666ef40986eba4a5e6f2a06f9\"},\"headline\":\"TRFA: Villa Corina en Arsenal recibe a Atl\u00e9tico Roque P\u00e9rez\",\"datePublished\":\"2024-10-19T12:51:00+00:00\",\"mainEntityOfPage\":{\"@id\":\"https:\\\/\\\/noticiasmercedinas.com\\\/site\\\/2024\\\/10\\\/19\\\/trfa-villa-corina-en-arsenal-recibe-a-atletico-roque-perez\\\/\"},\"wordCount\":255,\"publisher\":{\"@id\":\"https:\\\/\\\/noticiasmercedinas.com\\\/site\\\/#organization\"},\"image\":{\"@id\":\"https:\\\/\\\/noticiasmercedinas.com\\\/site\\\/2024\\\/10\\\/19\\\/trfa-villa-corina-en-arsenal-recibe-a-atletico-roque-perez\\\/#primaryimage\"},\"thumbnailUrl\":\"https:\\\/\\\/noticiasmercedinas.com\\\/site\\\/wp-content\\\/uploads\\\/2024\\\/10\\\/cancha.jpg\",\"keywords\":[\"atletico roque perez\",\"Torneo Regional Federal Amateur\",\"TRFAF\",\"Villa Corina\"],\"articleSection\":[\"Deportes\"],\"inLanguage\":\"es\"},{\"@type\":\"WebPage\",\"@id\":\"https:\\\/\\\/noticiasmercedinas.com\\\/site\\\/2024\\\/10\\\/19\\\/trfa-villa-corina-en-arsenal-recibe-a-atletico-roque-perez\\\/\",\"url\":\"https:\\\/\\\/noticiasmercedinas.com\\\/site\\\/2024\\\/10\\\/19\\\/trfa-villa-corina-en-arsenal-recibe-a-atletico-roque-perez\\\/\",\"name\":\"TRFA: Villa Corina en Arsenal recibe a Atl\u00e9tico Roque P\u00e9rez\",\"isPartOf\":{\"@id\":\"https:\\\/\\\/noticiasmercedinas.com\\\/site\\\/#website\"},\"primaryImageOfPage\":{\"@id\":\"https:\\\/\\\/noticiasmercedinas.com\\\/site\\\/2024\\\/10\\\/19\\\/trfa-villa-corina-en-arsenal-recibe-a-atletico-roque-perez\\\/#primaryimage\"},\"image\":{\"@id\":\"https:\\\/\\\/noticiasmercedinas.com\\\/site\\\/2024\\\/10\\\/19\\\/trfa-villa-corina-en-arsenal-recibe-a-atletico-roque-perez\\\/#primaryimage\"},\"thumbnailUrl\":\"https:\\\/\\\/noticiasmercedinas.com\\\/site\\\/wp-content\\\/uploads\\\/2024\\\/10\\\/cancha.jpg\",\"datePublished\":\"2024-10-19T12:51:00+00:00\",\"breadcrumb\":{\"@id\":\"https:\\\/\\\/noticiasmercedinas.com\\\/site\\\/2024\\\/10\\\/19\\\/trfa-villa-corina-en-arsenal-recibe-a-atletico-roque-perez\\\/#breadcrumb\"},\"inLanguage\":\"es\",\"potentialAction\":[{\"@type\":\"ReadAction\",\"target\":[\"https:\\\/\\\/noticiasmercedinas.com\\\/site\\\/2024\\\/10\\\/19\\\/trfa-villa-corina-en-arsenal-recibe-a-atletico-roque-perez\\\/\"]}]},{\"@type\":\"ImageObject\",\"inLanguage\":\"es\",\"@id\":\"https:\\\/\\\/noticiasmercedinas.com\\\/site\\\/2024\\\/10\\\/19\\\/trfa-villa-corina-en-arsenal-recibe-a-atletico-roque-perez\\\/#primaryimage\",\"url\":\"https:\\\/\\\/noticiasmercedinas.com\\\/site\\\/wp-content\\\/uploads\\\/2024\\\/10\\\/cancha.jpg\",\"contentUrl\":\"https:\\\/\\\/noticiasmercedinas.com\\\/site\\\/wp-content\\\/uploads\\\/2024\\\/10\\\/cancha.jpg\",\"width\":640,\"height\":396},{\"@type\":\"BreadcrumbList\",\"@id\":\"https:\\\/\\\/noticiasmercedinas.com\\\/site\\\/2024\\\/10\\\/19\\\/trfa-villa-corina-en-arsenal-recibe-a-atletico-roque-perez\\\/#breadcrumb\",\"itemListElement\":[{\"@type\":\"ListItem\",\"position\":1,\"name\":\"Portada\",\"item\":\"https:\\\/\\\/noticiasmercedinas.com\\\/site\\\/\"},{\"@type\":\"ListItem\",\"position\":2,\"name\":\"TRFA: Villa Corina en Arsenal recibe a Atl\u00e9tico Roque P\u00e9rez\"}]},{\"@type\":\"WebSite\",\"@id\":\"https:\\\/\\\/noticiasmercedinas.com\\\/site\\\/#website\",\"url\":\"https:\\\/\\\/noticiasmercedinas.com\\\/site\\\/\",\"name\":\"NOTICIASMERCEDINAS.COM\",\"description\":\"Mercedes, Buenos Aires, Argentina\",\"publisher\":{\"@id\":\"https:\\\/\\\/noticiasmercedinas.com\\\/site\\\/#organization\"},\"potentialAction\":[{\"@type\":\"SearchAction\",\"target\":{\"@type\":\"EntryPoint\",\"urlTemplate\":\"https:\\\/\\\/noticiasmercedinas.com\\\/site\\\/?s={search_term_string}\"},\"query-input\":{\"@type\":\"PropertyValueSpecification\",\"valueRequired\":true,\"valueName\":\"search_term_string\"}}],\"inLanguage\":\"es\"},{\"@type\":\"Organization\",\"@id\":\"https:\\\/\\\/noticiasmercedinas.com\\\/site\\\/#organization\",\"name\":\"NOTICIASMERCEDINAS.COM\",\"url\":\"https:\\\/\\\/noticiasmercedinas.com\\\/site\\\/\",\"logo\":{\"@type\":\"ImageObject\",\"inLanguage\":\"es\",\"@id\":\"https:\\\/\\\/noticiasmercedinas.com\\\/site\\\/#\\\/schema\\\/logo\\\/image\\\/\",\"url\":\"https:\\\/\\\/noticiasmercedinas.com\\\/site\\\/wp-content\\\/uploads\\\/2020\\\/06\\\/LOGO-512.jpg\",\"contentUrl\":\"https:\\\/\\\/noticiasmercedinas.com\\\/site\\\/wp-content\\\/uploads\\\/2020\\\/06\\\/LOGO-512.jpg\",\"width\":512,\"height\":512,\"caption\":\"NOTICIASMERCEDINAS.COM\"},\"image\":{\"@id\":\"https:\\\/\\\/noticiasmercedinas.com\\\/site\\\/#\\\/schema\\\/logo\\\/image\\\/\"},\"sameAs\":[\"https:\\\/\\\/www.facebook.com\\\/noticiasmercedinas\\\/\",\"https:\\\/\\\/x.com\\\/notmercedinas\",\"https:\\\/\\\/www.instagram.com\\\/noticiasmercedinas\\\/\"]},{\"@type\":\"Person\",\"@id\":\"https:\\\/\\\/noticiasmercedinas.com\\\/site\\\/#\\\/schema\\\/person\\\/8f2f09d666ef40986eba4a5e6f2a06f9\",\"name\":\"Juan Dagnino NOTICIASMERCEDINAS.COM\",\"image\":{\"@type\":\"ImageObject\",\"inLanguage\":\"es\",\"@id\":\"https:\\\/\\\/secure.gravatar.com\\\/avatar\\\/fc7059a769f5a3cae65fadb228a3e4accf3a64b4b2305020d0a27e6d5333c91b?s=96&d=mm&r=g\",\"url\":\"https:\\\/\\\/secure.gravatar.com\\\/avatar\\\/fc7059a769f5a3cae65fadb228a3e4accf3a64b4b2305020d0a27e6d5333c91b?s=96&d=mm&r=g\",\"contentUrl\":\"https:\\\/\\\/secure.gravatar.com\\\/avatar\\\/fc7059a769f5a3cae65fadb228a3e4accf3a64b4b2305020d0a27e6d5333c91b?s=96&d=mm&r=g\",\"caption\":\"Juan Dagnino NOTICIASMERCEDINAS.COM\"},\"url\":\"https:\\\/\\\/noticiasmercedinas.com\\\/site\\\/author\\\/juandagnino\\\/\"}]}<\/script>\n<!-- \/ Yoast SEO plugin. -->","yoast_head_json":{"title":"TRFA: Villa Corina en Arsenal recibe a Atl\u00e9tico Roque P\u00e9rez","robots":{"index":"index","follow":"follow","max-snippet":"max-snippet:-1","max-image-preview":"max-image-preview:large","max-video-preview":"max-video-preview:-1"},"canonical":"https:\/\/noticiasmercedinas.com\/site\/2024\/10\/19\/trfa-villa-corina-en-arsenal-recibe-a-atletico-roque-perez\/","og_locale":"es_ES","og_type":"article","og_title":"TRFA: Villa Corina en Arsenal recibe a Atl\u00e9tico Roque P\u00e9rez","og_description":"\u25a0 La segunda fecha con V\u00e9lez libre tendr\u00e1 el debut del equipo de la Liga de Luj\u00e1n ante el que gan\u00f3 en la primera jornada en Sarand\u00ed. Los \u00e1rbitros designados son de la Liga Mercedina de F\u00fatbol.","og_url":"https:\/\/noticiasmercedinas.com\/site\/2024\/10\/19\/trfa-villa-corina-en-arsenal-recibe-a-atletico-roque-perez\/","og_site_name":"NOTICIASMERCEDINAS.COM","article_publisher":"https:\/\/www.facebook.com\/noticiasmercedinas\/","article_published_time":"2024-10-19T12:51:00+00:00","og_image":[{"width":640,"height":396,"url":"https:\/\/noticiasmercedinas.com\/site\/wp-content\/uploads\/2024\/10\/cancha.jpg","type":"image\/jpeg"}],"author":"Juan Dagnino NOTICIASMERCEDINAS.COM","twitter_card":"summary_large_image","twitter_creator":"@notmercedinas","twitter_site":"@notmercedinas","twitter_misc":{"Escrito por":"Juan Dagnino NOTICIASMERCEDINAS.COM","Tiempo de lectura":"1 minuto"},"schema":{"@context":"https:\/\/schema.org","@graph":[{"@type":"Article","@id":"https:\/\/noticiasmercedinas.com\/site\/2024\/10\/19\/trfa-villa-corina-en-arsenal-recibe-a-atletico-roque-perez\/#article","isPartOf":{"@id":"https:\/\/noticiasmercedinas.com\/site\/2024\/10\/19\/trfa-villa-corina-en-arsenal-recibe-a-atletico-roque-perez\/"},"author":{"name":"Juan Dagnino NOTICIASMERCEDINAS.COM","@id":"https:\/\/noticiasmercedinas.com\/site\/#\/schema\/person\/8f2f09d666ef40986eba4a5e6f2a06f9"},"headline":"TRFA: Villa Corina en Arsenal recibe a Atl\u00e9tico Roque P\u00e9rez","datePublished":"2024-10-19T12:51:00+00:00","mainEntityOfPage":{"@id":"https:\/\/noticiasmercedinas.com\/site\/2024\/10\/19\/trfa-villa-corina-en-arsenal-recibe-a-atletico-roque-perez\/"},"wordCount":255,"publisher":{"@id":"https:\/\/noticiasmercedinas.com\/site\/#organization"},"image":{"@id":"https:\/\/noticiasmercedinas.com\/site\/2024\/10\/19\/trfa-villa-corina-en-arsenal-recibe-a-atletico-roque-perez\/#primaryimage"},"thumbnailUrl":"https:\/\/noticiasmercedinas.com\/site\/wp-content\/uploads\/2024\/10\/cancha.jpg","keywords":["atletico roque perez","Torneo Regional Federal Amateur","TRFAF","Villa Corina"],"articleSection":["Deportes"],"inLanguage":"es"},{"@type":"WebPage","@id":"https:\/\/noticiasmercedinas.com\/site\/2024\/10\/19\/trfa-villa-corina-en-arsenal-recibe-a-atletico-roque-perez\/","url":"https:\/\/noticiasmercedinas.com\/site\/2024\/10\/19\/trfa-villa-corina-en-arsenal-recibe-a-atletico-roque-perez\/","name":"TRFA: Villa Corina en Arsenal recibe a Atl\u00e9tico Roque P\u00e9rez","isPartOf":{"@id":"https:\/\/noticiasmercedinas.com\/site\/#website"},"primaryImageOfPage":{"@id":"https:\/\/noticiasmercedinas.com\/site\/2024\/10\/19\/trfa-villa-corina-en-arsenal-recibe-a-atletico-roque-perez\/#primaryimage"},"image":{"@id":"https:\/\/noticiasmercedinas.com\/site\/2024\/10\/19\/trfa-villa-corina-en-arsenal-recibe-a-atletico-roque-perez\/#primaryimage"},"thumbnailUrl":"https:\/\/noticiasmercedinas.com\/site\/wp-content\/uploads\/2024\/10\/cancha.jpg","datePublished":"2024-10-19T12:51:00+00:00","breadcrumb":{"@id":"https:\/\/noticiasmercedinas.com\/site\/2024\/10\/19\/trfa-villa-corina-en-arsenal-recibe-a-atletico-roque-perez\/#breadcrumb"},"inLanguage":"es","potentialAction":[{"@type":"ReadAction","target":["https:\/\/noticiasmercedinas.com\/site\/2024\/10\/19\/trfa-villa-corina-en-arsenal-recibe-a-atletico-roque-perez\/"]}]},{"@type":"ImageObject","inLanguage":"es","@id":"https:\/\/noticiasmercedinas.com\/site\/2024\/10\/19\/trfa-villa-corina-en-arsenal-recibe-a-atletico-roque-perez\/#primaryimage","url":"https:\/\/noticiasmercedinas.com\/site\/wp-content\/uploads\/2024\/10\/cancha.jpg","contentUrl":"https:\/\/noticiasmercedinas.com\/site\/wp-content\/uploads\/2024\/10\/cancha.jpg","width":640,"height":396},{"@type":"BreadcrumbList","@id":"https:\/\/noticiasmercedinas.com\/site\/2024\/10\/19\/trfa-villa-corina-en-arsenal-recibe-a-atletico-roque-perez\/#breadcrumb","itemListElement":[{"@type":"ListItem","position":1,"name":"Portada","item":"https:\/\/noticiasmercedinas.com\/site\/"},{"@type":"ListItem","position":2,"name":"TRFA: Villa Corina en Arsenal recibe a Atl\u00e9tico Roque P\u00e9rez"}]},{"@type":"WebSite","@id":"https:\/\/noticiasmercedinas.com\/site\/#website","url":"https:\/\/noticiasmercedinas.com\/site\/","name":"NOTICIASMERCEDINAS.COM","description":"Mercedes, Buenos Aires, Argentina","publisher":{"@id":"https:\/\/noticiasmercedinas.com\/site\/#organization"},"potentialAction":[{"@type":"SearchAction","target":{"@type":"EntryPoint","urlTemplate":"https:\/\/noticiasmercedinas.com\/site\/?s={search_term_string}"},"query-input":{"@type":"PropertyValueSpecification","valueRequired":true,"valueName":"search_term_string"}}],"inLanguage":"es"},{"@type":"Organization","@id":"https:\/\/noticiasmercedinas.com\/site\/#organization","name":"NOTICIASMERCEDINAS.COM","url":"https:\/\/noticiasmercedinas.com\/site\/","logo":{"@type":"ImageObject","inLanguage":"es","@id":"https:\/\/noticiasmercedinas.com\/site\/#\/schema\/logo\/image\/","url":"https:\/\/noticiasmercedinas.com\/site\/wp-content\/uploads\/2020\/06\/LOGO-512.jpg","contentUrl":"https:\/\/noticiasmercedinas.com\/site\/wp-content\/uploads\/2020\/06\/LOGO-512.jpg","width":512,"height":512,"caption":"NOTICIASMERCEDINAS.COM"},"image":{"@id":"https:\/\/noticiasmercedinas.com\/site\/#\/schema\/logo\/image\/"},"sameAs":["https:\/\/www.facebook.com\/noticiasmercedinas\/","https:\/\/x.com\/notmercedinas","https:\/\/www.instagram.com\/noticiasmercedinas\/"]},{"@type":"Person","@id":"https:\/\/noticiasmercedinas.com\/site\/#\/schema\/person\/8f2f09d666ef40986eba4a5e6f2a06f9","name":"Juan Dagnino NOTICIASMERCEDINAS.COM","image":{"@type":"ImageObject","inLanguage":"es","@id":"https:\/\/secure.gravatar.com\/avatar\/fc7059a769f5a3cae65fadb228a3e4accf3a64b4b2305020d0a27e6d5333c91b?s=96&d=mm&r=g","url":"https:\/\/secure.gravatar.com\/avatar\/fc7059a769f5a3cae65fadb228a3e4accf3a64b4b2305020d0a27e6d5333c91b?s=96&d=mm&r=g","contentUrl":"https:\/\/secure.gravatar.com\/avatar\/fc7059a769f5a3cae65fadb228a3e4accf3a64b4b2305020d0a27e6d5333c91b?s=96&d=mm&r=g","caption":"Juan Dagnino NOTICIASMERCEDINAS.COM"},"url":"https:\/\/noticiasmercedinas.com\/site\/author\/juandagnino\/"}]}},"amp_enabled":true,"_links":{"self":[{"href":"https:\/\/noticiasmercedinas.com\/site\/wp-json\/wp\/v2\/posts\/146470","targetHints":{"allow":["GET"]}}],"collection":[{"href":"https:\/\/noticiasmercedinas.com\/site\/wp-json\/wp\/v2\/posts"}],"about":[{"href":"https:\/\/noticiasmercedinas.com\/site\/wp-json\/wp\/v2\/types\/post"}],"author":[{"embeddable":true,"href":"https:\/\/noticiasmercedinas.com\/site\/wp-json\/wp\/v2\/users\/6"}],"replies":[{"embeddable":true,"href":"https:\/\/noticiasmercedinas.com\/site\/wp-json\/wp\/v2\/comments?post=146470"}],"version-history":[{"count":1,"href":"https:\/\/noticiasmercedinas.com\/site\/wp-json\/wp\/v2\/posts\/146470\/revisions"}],"predecessor-version":[{"id":146473,"href":"https:\/\/noticiasmercedinas.com\/site\/wp-json\/wp\/v2\/posts\/146470\/revisions\/146473"}],"wp:featuredmedia":[{"embeddable":true,"href":"https:\/\/noticiasmercedinas.com\/site\/wp-json\/wp\/v2\/media\/146471"}],"wp:attachment":[{"href":"https:\/\/noticiasmercedinas.com\/site\/wp-json\/wp\/v2\/media?parent=146470"}],"wp:term":[{"taxonomy":"category","embeddable":true,"href":"https:\/\/noticiasmercedinas.com\/site\/wp-json\/wp\/v2\/categories?post=146470"},{"taxonomy":"post_tag","embeddable":true,"href":"https:\/\/noticiasmercedinas.com\/site\/wp-json\/wp\/v2\/tags?post=146470"}],"curies":[{"name":"wp","href":"https:\/\/api.w.org\/{rel}","templated":true}]}}