{"id":146628,"date":"2024-10-21T10:39:44","date_gmt":"2024-10-21T13:39:44","guid":{"rendered":"https:\/\/noticiasmercedinas.com\/site\/?p=146628"},"modified":"2024-10-21T10:48:06","modified_gmt":"2024-10-21T13:48:06","slug":"mercado-inmobiliario-convenio-entre-martilleros-y-universidad-para-brindar-estadisticas-relevantes-del-sector","status":"publish","type":"post","link":"https:\/\/noticiasmercedinas.com\/site\/2024\/10\/21\/mercado-inmobiliario-convenio-entre-martilleros-y-universidad-para-brindar-estadisticas-relevantes-del-sector\/","title":{"rendered":"Mercado inmobiliario: convenio entre martilleros y universidad para brindar estad\u00edsticas relevantes del sector"},"content":{"rendered":"<p><img loading=\"lazy\" decoding=\"async\" class=\"alignnone size-full wp-image-146629\" src=\"https:\/\/noticiasmercedinas.com\/site\/wp-content\/uploads\/2024\/10\/IMG-20241021-WA0004.jpg\" alt=\"\" width=\"1280\" height=\"785\" srcset=\"https:\/\/noticiasmercedinas.com\/site\/wp-content\/uploads\/2024\/10\/IMG-20241021-WA0004.jpg 1280w, https:\/\/noticiasmercedinas.com\/site\/wp-content\/uploads\/2024\/10\/IMG-20241021-WA0004-300x184.jpg 300w, https:\/\/noticiasmercedinas.com\/site\/wp-content\/uploads\/2024\/10\/IMG-20241021-WA0004-1024x628.jpg 1024w, https:\/\/noticiasmercedinas.com\/site\/wp-content\/uploads\/2024\/10\/IMG-20241021-WA0004-768x471.jpg 768w, https:\/\/noticiasmercedinas.com\/site\/wp-content\/uploads\/2024\/10\/IMG-20241021-WA0004-640x393.jpg 640w, https:\/\/noticiasmercedinas.com\/site\/wp-content\/uploads\/2024\/10\/IMG-20241021-WA0004-681x418.jpg 681w\" sizes=\"auto, (max-width: 1280px) 100vw, 1280px\" \/><\/p>\n<p>El Colegio de Martilleros y Corredores P\u00fablicos de la Provincia de Buenos Aires (CMCPPBA) y la Universidad Nacional del Noroeste de la Provincia de Buenos Aires (UNNOBA) firmaron un convenio clave que tiene como objetivo generar estad\u00edsticas confiables sobre el mercado inmobiliario. Este acuerdo busca ofrecer informaci\u00f3n de calidad tanto para los profesionales matriculados como para la poblaci\u00f3n en general, facilitando la toma de decisiones.<\/p>\n<p>La firma del convenio tuvo lugar el s\u00e1bado 19 en la sede del Colegio de Martilleros de Jun\u00edn. El acuerdo fue refrendado por el presidente del Colegio, Luis Eusebio Colao, y la codirectora del Instituto de Pol\u00edtica y Gobierno de la UNNOBA, Mariana S\u00e1enz, en representaci\u00f3n del rector de la universidad, Guillermo Tamarit. Tambi\u00e9n asistieron otras autoridades, como Alfredo Lavalle, vicepresidente del Colegio, y Mariana Pasarello, secretaria general de la UNNOBA.<\/p>\n<p>Luis Colao destac\u00f3 que este acuerdo es una respuesta a la necesidad de contar con indicadores fidedignos que permitan medir la evoluci\u00f3n de la actividad inmobiliaria en la provincia de Buenos Aires. Seg\u00fan explic\u00f3, en muchas ocasiones los datos utilizados por legisladores y funcionarios provienen de fuentes poco confiables o centradas en la realidad de la Ciudad Aut\u00f3noma de Buenos Aires, lo que no refleja la situaci\u00f3n en otras regiones de la provincia.<\/p>\n<p>\u00abNos planteamos la necesidad de procesar estad\u00edsticas con una metodolog\u00eda cient\u00edfica y a trav\u00e9s de una universidad p\u00fablica, para reflejar la realidad de los 14 millones de bonaerenses\u00bb, se\u00f1al\u00f3 Colao. Adem\u00e1s, subray\u00f3 que esta informaci\u00f3n ser\u00e1 fundamental tanto para los profesionales como para los inversores, permitiendo tomar decisiones basadas en la realidad local, ya sea en ciudades como Jun\u00edn, Mercedes, Mar del Plata o Bah\u00eda Blanca, entre otras.<\/p>\n<p>Por su parte, Mariana S\u00e1enz explic\u00f3 que el proyecto comenzar\u00e1 con el dise\u00f1o de una metodolog\u00eda espec\u00edfica para el relevamiento de variables en cada departamento judicial de la provincia. Este proceso permitir\u00e1 identificar la situaci\u00f3n particular de cada regi\u00f3n y realizar comparaciones peri\u00f3dicas a trav\u00e9s de tres informes.<\/p>\n<p>La UNNOBA, a trav\u00e9s de su Instituto de Pol\u00edtica y Gobierno, ser\u00e1 la encargada de desarrollar la metodolog\u00eda, realizar capacitaciones y analizar los datos recolectados, garantizando que los informes sean representativos y \u00fatiles para todo el sector.<\/p>\n","protected":false},"excerpt":{"rendered":"<p>\u25a0 \u00abNos planteamos la necesidad de procesar estad\u00edsticas con una metodolog\u00eda cient\u00edfica y a trav\u00e9s de una universidad p\u00fablica, para reflejar la realidad de los 14 millones de bonaerenses\u00bb, se\u00f1al\u00f3 Luis Colao.<\/p>\n","protected":false},"author":16,"featured_media":146629,"comment_status":"closed","ping_status":"closed","sticky":false,"template":"","format":"standard","meta":{"footnotes":""},"categories":[3],"tags":[172,322,13250],"class_list":["post-146628","post","type-post","status-publish","format-standard","has-post-thumbnail","hentry","category-sociedad","tag-colegio-de-martilleros","tag-luis-colao","tag-unnoba"],"yoast_head":"<!-- This site is optimized with the Yoast SEO plugin v27.5 - https:\/\/yoast.com\/product\/yoast-seo-wordpress\/ -->\n<title>Mercado inmobiliario: convenio entre martilleros y universidad para brindar estad\u00edsticas relevantes del sector<\/title>\n<meta name=\"robots\" content=\"index, follow, max-snippet:-1, max-image-preview:large, max-video-preview:-1\" \/>\n<link rel=\"canonical\" href=\"https:\/\/noticiasmercedinas.com\/site\/2024\/10\/21\/mercado-inmobiliario-convenio-entre-martilleros-y-universidad-para-brindar-estadisticas-relevantes-del-sector\/\" \/>\n<meta property=\"og:locale\" content=\"es_ES\" \/>\n<meta property=\"og:type\" content=\"article\" \/>\n<meta property=\"og:title\" content=\"Mercado inmobiliario: convenio entre martilleros y universidad para brindar estad\u00edsticas relevantes del sector\" \/>\n<meta property=\"og:description\" content=\"\u25a0 &quot;Nos planteamos la necesidad de procesar estad\u00edsticas con una metodolog\u00eda cient\u00edfica y a trav\u00e9s de una universidad p\u00fablica, para reflejar la realidad de los 14 millones de bonaerenses&quot;, se\u00f1al\u00f3 Luis Colao.\" \/>\n<meta property=\"og:url\" content=\"https:\/\/noticiasmercedinas.com\/site\/2024\/10\/21\/mercado-inmobiliario-convenio-entre-martilleros-y-universidad-para-brindar-estadisticas-relevantes-del-sector\/\" \/>\n<meta property=\"og:site_name\" content=\"NOTICIASMERCEDINAS.COM\" \/>\n<meta property=\"article:publisher\" content=\"https:\/\/www.facebook.com\/noticiasmercedinas\/\" \/>\n<meta property=\"article:published_time\" content=\"2024-10-21T13:39:44+00:00\" \/>\n<meta property=\"article:modified_time\" content=\"2024-10-21T13:48:06+00:00\" \/>\n<meta property=\"og:image\" content=\"https:\/\/noticiasmercedinas.com\/site\/wp-content\/uploads\/2024\/10\/IMG-20241021-WA0004.jpg\" \/>\n\t<meta property=\"og:image:width\" content=\"1280\" \/>\n\t<meta property=\"og:image:height\" content=\"785\" \/>\n\t<meta property=\"og:image:type\" content=\"image\/jpeg\" \/>\n<meta name=\"author\" content=\"NOTICIASMERCEDINAS.COM\" \/>\n<meta name=\"twitter:card\" content=\"summary_large_image\" \/>\n<meta name=\"twitter:creator\" content=\"@notmercedinas\" \/>\n<meta name=\"twitter:site\" content=\"@notmercedinas\" \/>\n<meta name=\"twitter:label1\" content=\"Escrito por\" \/>\n\t<meta name=\"twitter:data1\" content=\"NOTICIASMERCEDINAS.COM\" \/>\n\t<meta name=\"twitter:label2\" content=\"Tiempo de lectura\" \/>\n\t<meta name=\"twitter:data2\" content=\"2 minutos\" \/>\n<script type=\"application\/ld+json\" class=\"yoast-schema-graph\">{\"@context\":\"https:\\\/\\\/schema.org\",\"@graph\":[{\"@type\":\"Article\",\"@id\":\"https:\\\/\\\/noticiasmercedinas.com\\\/site\\\/2024\\\/10\\\/21\\\/mercado-inmobiliario-convenio-entre-martilleros-y-universidad-para-brindar-estadisticas-relevantes-del-sector\\\/#article\",\"isPartOf\":{\"@id\":\"https:\\\/\\\/noticiasmercedinas.com\\\/site\\\/2024\\\/10\\\/21\\\/mercado-inmobiliario-convenio-entre-martilleros-y-universidad-para-brindar-estadisticas-relevantes-del-sector\\\/\"},\"author\":{\"name\":\"NOTICIASMERCEDINAS.COM\",\"@id\":\"https:\\\/\\\/noticiasmercedinas.com\\\/site\\\/#\\\/schema\\\/person\\\/84b59c099c28ff2e8b77d4ceec5d8063\"},\"headline\":\"Mercado inmobiliario: convenio entre martilleros y universidad para brindar estad\u00edsticas relevantes del sector\",\"datePublished\":\"2024-10-21T13:39:44+00:00\",\"dateModified\":\"2024-10-21T13:48:06+00:00\",\"mainEntityOfPage\":{\"@id\":\"https:\\\/\\\/noticiasmercedinas.com\\\/site\\\/2024\\\/10\\\/21\\\/mercado-inmobiliario-convenio-entre-martilleros-y-universidad-para-brindar-estadisticas-relevantes-del-sector\\\/\"},\"wordCount\":409,\"publisher\":{\"@id\":\"https:\\\/\\\/noticiasmercedinas.com\\\/site\\\/#organization\"},\"image\":{\"@id\":\"https:\\\/\\\/noticiasmercedinas.com\\\/site\\\/2024\\\/10\\\/21\\\/mercado-inmobiliario-convenio-entre-martilleros-y-universidad-para-brindar-estadisticas-relevantes-del-sector\\\/#primaryimage\"},\"thumbnailUrl\":\"https:\\\/\\\/noticiasmercedinas.com\\\/site\\\/wp-content\\\/uploads\\\/2024\\\/10\\\/IMG-20241021-WA0004.jpg\",\"keywords\":[\"colegio de martilleros\",\"luis colao\",\"UNNOBA\"],\"articleSection\":[\"Sociedad\"],\"inLanguage\":\"es\"},{\"@type\":\"WebPage\",\"@id\":\"https:\\\/\\\/noticiasmercedinas.com\\\/site\\\/2024\\\/10\\\/21\\\/mercado-inmobiliario-convenio-entre-martilleros-y-universidad-para-brindar-estadisticas-relevantes-del-sector\\\/\",\"url\":\"https:\\\/\\\/noticiasmercedinas.com\\\/site\\\/2024\\\/10\\\/21\\\/mercado-inmobiliario-convenio-entre-martilleros-y-universidad-para-brindar-estadisticas-relevantes-del-sector\\\/\",\"name\":\"Mercado inmobiliario: convenio entre martilleros y universidad para brindar estad\u00edsticas relevantes del sector\",\"isPartOf\":{\"@id\":\"https:\\\/\\\/noticiasmercedinas.com\\\/site\\\/#website\"},\"primaryImageOfPage\":{\"@id\":\"https:\\\/\\\/noticiasmercedinas.com\\\/site\\\/2024\\\/10\\\/21\\\/mercado-inmobiliario-convenio-entre-martilleros-y-universidad-para-brindar-estadisticas-relevantes-del-sector\\\/#primaryimage\"},\"image\":{\"@id\":\"https:\\\/\\\/noticiasmercedinas.com\\\/site\\\/2024\\\/10\\\/21\\\/mercado-inmobiliario-convenio-entre-martilleros-y-universidad-para-brindar-estadisticas-relevantes-del-sector\\\/#primaryimage\"},\"thumbnailUrl\":\"https:\\\/\\\/noticiasmercedinas.com\\\/site\\\/wp-content\\\/uploads\\\/2024\\\/10\\\/IMG-20241021-WA0004.jpg\",\"datePublished\":\"2024-10-21T13:39:44+00:00\",\"dateModified\":\"2024-10-21T13:48:06+00:00\",\"breadcrumb\":{\"@id\":\"https:\\\/\\\/noticiasmercedinas.com\\\/site\\\/2024\\\/10\\\/21\\\/mercado-inmobiliario-convenio-entre-martilleros-y-universidad-para-brindar-estadisticas-relevantes-del-sector\\\/#breadcrumb\"},\"inLanguage\":\"es\",\"potentialAction\":[{\"@type\":\"ReadAction\",\"target\":[\"https:\\\/\\\/noticiasmercedinas.com\\\/site\\\/2024\\\/10\\\/21\\\/mercado-inmobiliario-convenio-entre-martilleros-y-universidad-para-brindar-estadisticas-relevantes-del-sector\\\/\"]}]},{\"@type\":\"ImageObject\",\"inLanguage\":\"es\",\"@id\":\"https:\\\/\\\/noticiasmercedinas.com\\\/site\\\/2024\\\/10\\\/21\\\/mercado-inmobiliario-convenio-entre-martilleros-y-universidad-para-brindar-estadisticas-relevantes-del-sector\\\/#primaryimage\",\"url\":\"https:\\\/\\\/noticiasmercedinas.com\\\/site\\\/wp-content\\\/uploads\\\/2024\\\/10\\\/IMG-20241021-WA0004.jpg\",\"contentUrl\":\"https:\\\/\\\/noticiasmercedinas.com\\\/site\\\/wp-content\\\/uploads\\\/2024\\\/10\\\/IMG-20241021-WA0004.jpg\",\"width\":1280,\"height\":785},{\"@type\":\"BreadcrumbList\",\"@id\":\"https:\\\/\\\/noticiasmercedinas.com\\\/site\\\/2024\\\/10\\\/21\\\/mercado-inmobiliario-convenio-entre-martilleros-y-universidad-para-brindar-estadisticas-relevantes-del-sector\\\/#breadcrumb\",\"itemListElement\":[{\"@type\":\"ListItem\",\"position\":1,\"name\":\"Portada\",\"item\":\"https:\\\/\\\/noticiasmercedinas.com\\\/site\\\/\"},{\"@type\":\"ListItem\",\"position\":2,\"name\":\"Mercado inmobiliario: convenio entre martilleros y universidad para brindar estad\u00edsticas relevantes del sector\"}]},{\"@type\":\"WebSite\",\"@id\":\"https:\\\/\\\/noticiasmercedinas.com\\\/site\\\/#website\",\"url\":\"https:\\\/\\\/noticiasmercedinas.com\\\/site\\\/\",\"name\":\"NOTICIASMERCEDINAS.COM\",\"description\":\"Mercedes, Buenos Aires, Argentina\",\"publisher\":{\"@id\":\"https:\\\/\\\/noticiasmercedinas.com\\\/site\\\/#organization\"},\"potentialAction\":[{\"@type\":\"SearchAction\",\"target\":{\"@type\":\"EntryPoint\",\"urlTemplate\":\"https:\\\/\\\/noticiasmercedinas.com\\\/site\\\/?s={search_term_string}\"},\"query-input\":{\"@type\":\"PropertyValueSpecification\",\"valueRequired\":true,\"valueName\":\"search_term_string\"}}],\"inLanguage\":\"es\"},{\"@type\":\"Organization\",\"@id\":\"https:\\\/\\\/noticiasmercedinas.com\\\/site\\\/#organization\",\"name\":\"NOTICIASMERCEDINAS.COM\",\"url\":\"https:\\\/\\\/noticiasmercedinas.com\\\/site\\\/\",\"logo\":{\"@type\":\"ImageObject\",\"inLanguage\":\"es\",\"@id\":\"https:\\\/\\\/noticiasmercedinas.com\\\/site\\\/#\\\/schema\\\/logo\\\/image\\\/\",\"url\":\"https:\\\/\\\/noticiasmercedinas.com\\\/site\\\/wp-content\\\/uploads\\\/2020\\\/06\\\/LOGO-512.jpg\",\"contentUrl\":\"https:\\\/\\\/noticiasmercedinas.com\\\/site\\\/wp-content\\\/uploads\\\/2020\\\/06\\\/LOGO-512.jpg\",\"width\":512,\"height\":512,\"caption\":\"NOTICIASMERCEDINAS.COM\"},\"image\":{\"@id\":\"https:\\\/\\\/noticiasmercedinas.com\\\/site\\\/#\\\/schema\\\/logo\\\/image\\\/\"},\"sameAs\":[\"https:\\\/\\\/www.facebook.com\\\/noticiasmercedinas\\\/\",\"https:\\\/\\\/x.com\\\/notmercedinas\",\"https:\\\/\\\/www.instagram.com\\\/noticiasmercedinas\\\/\"]},{\"@type\":\"Person\",\"@id\":\"https:\\\/\\\/noticiasmercedinas.com\\\/site\\\/#\\\/schema\\\/person\\\/84b59c099c28ff2e8b77d4ceec5d8063\",\"name\":\"NOTICIASMERCEDINAS.COM\",\"image\":{\"@type\":\"ImageObject\",\"inLanguage\":\"es\",\"@id\":\"https:\\\/\\\/secure.gravatar.com\\\/avatar\\\/4dfbf16b4d17945bfb6341b2d19043457132fcf478a5ee04f42e959fd8f5df0a?s=96&d=mm&r=g\",\"url\":\"https:\\\/\\\/secure.gravatar.com\\\/avatar\\\/4dfbf16b4d17945bfb6341b2d19043457132fcf478a5ee04f42e959fd8f5df0a?s=96&d=mm&r=g\",\"contentUrl\":\"https:\\\/\\\/secure.gravatar.com\\\/avatar\\\/4dfbf16b4d17945bfb6341b2d19043457132fcf478a5ee04f42e959fd8f5df0a?s=96&d=mm&r=g\",\"caption\":\"NOTICIASMERCEDINAS.COM\"},\"url\":\"https:\\\/\\\/noticiasmercedinas.com\\\/site\\\/author\\\/anonimo\\\/\"}]}<\/script>\n<!-- \/ Yoast SEO plugin. -->","yoast_head_json":{"title":"Mercado inmobiliario: convenio entre martilleros y universidad para brindar estad\u00edsticas relevantes del sector","robots":{"index":"index","follow":"follow","max-snippet":"max-snippet:-1","max-image-preview":"max-image-preview:large","max-video-preview":"max-video-preview:-1"},"canonical":"https:\/\/noticiasmercedinas.com\/site\/2024\/10\/21\/mercado-inmobiliario-convenio-entre-martilleros-y-universidad-para-brindar-estadisticas-relevantes-del-sector\/","og_locale":"es_ES","og_type":"article","og_title":"Mercado inmobiliario: convenio entre martilleros y universidad para brindar estad\u00edsticas relevantes del sector","og_description":"\u25a0 \"Nos planteamos la necesidad de procesar estad\u00edsticas con una metodolog\u00eda cient\u00edfica y a trav\u00e9s de una universidad p\u00fablica, para reflejar la realidad de los 14 millones de bonaerenses\", se\u00f1al\u00f3 Luis Colao.","og_url":"https:\/\/noticiasmercedinas.com\/site\/2024\/10\/21\/mercado-inmobiliario-convenio-entre-martilleros-y-universidad-para-brindar-estadisticas-relevantes-del-sector\/","og_site_name":"NOTICIASMERCEDINAS.COM","article_publisher":"https:\/\/www.facebook.com\/noticiasmercedinas\/","article_published_time":"2024-10-21T13:39:44+00:00","article_modified_time":"2024-10-21T13:48:06+00:00","og_image":[{"width":1280,"height":785,"url":"https:\/\/noticiasmercedinas.com\/site\/wp-content\/uploads\/2024\/10\/IMG-20241021-WA0004.jpg","type":"image\/jpeg"}],"author":"NOTICIASMERCEDINAS.COM","twitter_card":"summary_large_image","twitter_creator":"@notmercedinas","twitter_site":"@notmercedinas","twitter_misc":{"Escrito por":"NOTICIASMERCEDINAS.COM","Tiempo de lectura":"2 minutos"},"schema":{"@context":"https:\/\/schema.org","@graph":[{"@type":"Article","@id":"https:\/\/noticiasmercedinas.com\/site\/2024\/10\/21\/mercado-inmobiliario-convenio-entre-martilleros-y-universidad-para-brindar-estadisticas-relevantes-del-sector\/#article","isPartOf":{"@id":"https:\/\/noticiasmercedinas.com\/site\/2024\/10\/21\/mercado-inmobiliario-convenio-entre-martilleros-y-universidad-para-brindar-estadisticas-relevantes-del-sector\/"},"author":{"name":"NOTICIASMERCEDINAS.COM","@id":"https:\/\/noticiasmercedinas.com\/site\/#\/schema\/person\/84b59c099c28ff2e8b77d4ceec5d8063"},"headline":"Mercado inmobiliario: convenio entre martilleros y universidad para brindar estad\u00edsticas relevantes del sector","datePublished":"2024-10-21T13:39:44+00:00","dateModified":"2024-10-21T13:48:06+00:00","mainEntityOfPage":{"@id":"https:\/\/noticiasmercedinas.com\/site\/2024\/10\/21\/mercado-inmobiliario-convenio-entre-martilleros-y-universidad-para-brindar-estadisticas-relevantes-del-sector\/"},"wordCount":409,"publisher":{"@id":"https:\/\/noticiasmercedinas.com\/site\/#organization"},"image":{"@id":"https:\/\/noticiasmercedinas.com\/site\/2024\/10\/21\/mercado-inmobiliario-convenio-entre-martilleros-y-universidad-para-brindar-estadisticas-relevantes-del-sector\/#primaryimage"},"thumbnailUrl":"https:\/\/noticiasmercedinas.com\/site\/wp-content\/uploads\/2024\/10\/IMG-20241021-WA0004.jpg","keywords":["colegio de martilleros","luis colao","UNNOBA"],"articleSection":["Sociedad"],"inLanguage":"es"},{"@type":"WebPage","@id":"https:\/\/noticiasmercedinas.com\/site\/2024\/10\/21\/mercado-inmobiliario-convenio-entre-martilleros-y-universidad-para-brindar-estadisticas-relevantes-del-sector\/","url":"https:\/\/noticiasmercedinas.com\/site\/2024\/10\/21\/mercado-inmobiliario-convenio-entre-martilleros-y-universidad-para-brindar-estadisticas-relevantes-del-sector\/","name":"Mercado inmobiliario: convenio entre martilleros y universidad para brindar estad\u00edsticas relevantes del sector","isPartOf":{"@id":"https:\/\/noticiasmercedinas.com\/site\/#website"},"primaryImageOfPage":{"@id":"https:\/\/noticiasmercedinas.com\/site\/2024\/10\/21\/mercado-inmobiliario-convenio-entre-martilleros-y-universidad-para-brindar-estadisticas-relevantes-del-sector\/#primaryimage"},"image":{"@id":"https:\/\/noticiasmercedinas.com\/site\/2024\/10\/21\/mercado-inmobiliario-convenio-entre-martilleros-y-universidad-para-brindar-estadisticas-relevantes-del-sector\/#primaryimage"},"thumbnailUrl":"https:\/\/noticiasmercedinas.com\/site\/wp-content\/uploads\/2024\/10\/IMG-20241021-WA0004.jpg","datePublished":"2024-10-21T13:39:44+00:00","dateModified":"2024-10-21T13:48:06+00:00","breadcrumb":{"@id":"https:\/\/noticiasmercedinas.com\/site\/2024\/10\/21\/mercado-inmobiliario-convenio-entre-martilleros-y-universidad-para-brindar-estadisticas-relevantes-del-sector\/#breadcrumb"},"inLanguage":"es","potentialAction":[{"@type":"ReadAction","target":["https:\/\/noticiasmercedinas.com\/site\/2024\/10\/21\/mercado-inmobiliario-convenio-entre-martilleros-y-universidad-para-brindar-estadisticas-relevantes-del-sector\/"]}]},{"@type":"ImageObject","inLanguage":"es","@id":"https:\/\/noticiasmercedinas.com\/site\/2024\/10\/21\/mercado-inmobiliario-convenio-entre-martilleros-y-universidad-para-brindar-estadisticas-relevantes-del-sector\/#primaryimage","url":"https:\/\/noticiasmercedinas.com\/site\/wp-content\/uploads\/2024\/10\/IMG-20241021-WA0004.jpg","contentUrl":"https:\/\/noticiasmercedinas.com\/site\/wp-content\/uploads\/2024\/10\/IMG-20241021-WA0004.jpg","width":1280,"height":785},{"@type":"BreadcrumbList","@id":"https:\/\/noticiasmercedinas.com\/site\/2024\/10\/21\/mercado-inmobiliario-convenio-entre-martilleros-y-universidad-para-brindar-estadisticas-relevantes-del-sector\/#breadcrumb","itemListElement":[{"@type":"ListItem","position":1,"name":"Portada","item":"https:\/\/noticiasmercedinas.com\/site\/"},{"@type":"ListItem","position":2,"name":"Mercado inmobiliario: convenio entre martilleros y universidad para brindar estad\u00edsticas relevantes del sector"}]},{"@type":"WebSite","@id":"https:\/\/noticiasmercedinas.com\/site\/#website","url":"https:\/\/noticiasmercedinas.com\/site\/","name":"NOTICIASMERCEDINAS.COM","description":"Mercedes, Buenos Aires, Argentina","publisher":{"@id":"https:\/\/noticiasmercedinas.com\/site\/#organization"},"potentialAction":[{"@type":"SearchAction","target":{"@type":"EntryPoint","urlTemplate":"https:\/\/noticiasmercedinas.com\/site\/?s={search_term_string}"},"query-input":{"@type":"PropertyValueSpecification","valueRequired":true,"valueName":"search_term_string"}}],"inLanguage":"es"},{"@type":"Organization","@id":"https:\/\/noticiasmercedinas.com\/site\/#organization","name":"NOTICIASMERCEDINAS.COM","url":"https:\/\/noticiasmercedinas.com\/site\/","logo":{"@type":"ImageObject","inLanguage":"es","@id":"https:\/\/noticiasmercedinas.com\/site\/#\/schema\/logo\/image\/","url":"https:\/\/noticiasmercedinas.com\/site\/wp-content\/uploads\/2020\/06\/LOGO-512.jpg","contentUrl":"https:\/\/noticiasmercedinas.com\/site\/wp-content\/uploads\/2020\/06\/LOGO-512.jpg","width":512,"height":512,"caption":"NOTICIASMERCEDINAS.COM"},"image":{"@id":"https:\/\/noticiasmercedinas.com\/site\/#\/schema\/logo\/image\/"},"sameAs":["https:\/\/www.facebook.com\/noticiasmercedinas\/","https:\/\/x.com\/notmercedinas","https:\/\/www.instagram.com\/noticiasmercedinas\/"]},{"@type":"Person","@id":"https:\/\/noticiasmercedinas.com\/site\/#\/schema\/person\/84b59c099c28ff2e8b77d4ceec5d8063","name":"NOTICIASMERCEDINAS.COM","image":{"@type":"ImageObject","inLanguage":"es","@id":"https:\/\/secure.gravatar.com\/avatar\/4dfbf16b4d17945bfb6341b2d19043457132fcf478a5ee04f42e959fd8f5df0a?s=96&d=mm&r=g","url":"https:\/\/secure.gravatar.com\/avatar\/4dfbf16b4d17945bfb6341b2d19043457132fcf478a5ee04f42e959fd8f5df0a?s=96&d=mm&r=g","contentUrl":"https:\/\/secure.gravatar.com\/avatar\/4dfbf16b4d17945bfb6341b2d19043457132fcf478a5ee04f42e959fd8f5df0a?s=96&d=mm&r=g","caption":"NOTICIASMERCEDINAS.COM"},"url":"https:\/\/noticiasmercedinas.com\/site\/author\/anonimo\/"}]}},"amp_enabled":true,"_links":{"self":[{"href":"https:\/\/noticiasmercedinas.com\/site\/wp-json\/wp\/v2\/posts\/146628","targetHints":{"allow":["GET"]}}],"collection":[{"href":"https:\/\/noticiasmercedinas.com\/site\/wp-json\/wp\/v2\/posts"}],"about":[{"href":"https:\/\/noticiasmercedinas.com\/site\/wp-json\/wp\/v2\/types\/post"}],"author":[{"embeddable":true,"href":"https:\/\/noticiasmercedinas.com\/site\/wp-json\/wp\/v2\/users\/16"}],"replies":[{"embeddable":true,"href":"https:\/\/noticiasmercedinas.com\/site\/wp-json\/wp\/v2\/comments?post=146628"}],"version-history":[{"count":2,"href":"https:\/\/noticiasmercedinas.com\/site\/wp-json\/wp\/v2\/posts\/146628\/revisions"}],"predecessor-version":[{"id":146635,"href":"https:\/\/noticiasmercedinas.com\/site\/wp-json\/wp\/v2\/posts\/146628\/revisions\/146635"}],"wp:featuredmedia":[{"embeddable":true,"href":"https:\/\/noticiasmercedinas.com\/site\/wp-json\/wp\/v2\/media\/146629"}],"wp:attachment":[{"href":"https:\/\/noticiasmercedinas.com\/site\/wp-json\/wp\/v2\/media?parent=146628"}],"wp:term":[{"taxonomy":"category","embeddable":true,"href":"https:\/\/noticiasmercedinas.com\/site\/wp-json\/wp\/v2\/categories?post=146628"},{"taxonomy":"post_tag","embeddable":true,"href":"https:\/\/noticiasmercedinas.com\/site\/wp-json\/wp\/v2\/tags?post=146628"}],"curies":[{"name":"wp","href":"https:\/\/api.w.org\/{rel}","templated":true}]}}