{"id":146660,"date":"2024-10-21T18:02:08","date_gmt":"2024-10-21T21:02:08","guid":{"rendered":"https:\/\/noticiasmercedinas.com\/site\/?p=146660"},"modified":"2024-10-21T18:02:08","modified_gmt":"2024-10-21T21:02:08","slug":"llego-el-calor-y-emotiva-se-anticipa-al-verano-con-mallas-en-todas-sus-variedades-y-ofertas","status":"publish","type":"post","link":"https:\/\/noticiasmercedinas.com\/site\/2024\/10\/21\/llego-el-calor-y-emotiva-se-anticipa-al-verano-con-mallas-en-todas-sus-variedades-y-ofertas\/","title":{"rendered":"Lleg\u00f3 el calor y Emotiva se anticipa al verano con mallas en todas sus variedades y ofertas"},"content":{"rendered":"<p><img loading=\"lazy\" decoding=\"async\" class=\"alignnone size-full wp-image-146663\" src=\"https:\/\/noticiasmercedinas.com\/site\/wp-content\/uploads\/2024\/10\/177a1616-ee3a-4382-898e-f1d984b2ee8c.jpeg\" alt=\"\" width=\"1280\" height=\"720\" srcset=\"https:\/\/noticiasmercedinas.com\/site\/wp-content\/uploads\/2024\/10\/177a1616-ee3a-4382-898e-f1d984b2ee8c.jpeg 1280w, https:\/\/noticiasmercedinas.com\/site\/wp-content\/uploads\/2024\/10\/177a1616-ee3a-4382-898e-f1d984b2ee8c-300x169.jpeg 300w, https:\/\/noticiasmercedinas.com\/site\/wp-content\/uploads\/2024\/10\/177a1616-ee3a-4382-898e-f1d984b2ee8c-1024x576.jpeg 1024w, https:\/\/noticiasmercedinas.com\/site\/wp-content\/uploads\/2024\/10\/177a1616-ee3a-4382-898e-f1d984b2ee8c-768x432.jpeg 768w, https:\/\/noticiasmercedinas.com\/site\/wp-content\/uploads\/2024\/10\/177a1616-ee3a-4382-898e-f1d984b2ee8c-640x360.jpeg 640w, https:\/\/noticiasmercedinas.com\/site\/wp-content\/uploads\/2024\/10\/177a1616-ee3a-4382-898e-f1d984b2ee8c-681x383.jpeg 681w\" sizes=\"auto, (max-width: 1280px) 100vw, 1280px\" \/><\/p>\n<p>El calor del verano lleg\u00f3 antes de lo esperado este mes de octubre, y con \u00e9l, la demanda de mallas se dispar\u00f3 en Mercedes. Por ello las vecinas ya se acercan a \u00abEmotiva\u00bb, la tienda especializada en trajes de ba\u00f1o, ropa \u00edntima y ropa deportiva, para encontrar el atuendo perfecto para disfrutar del sol.<\/p>\n<p>Ivana, responsable de \u00abEmotiva\u00bb, comenta sobre el cambio repentino en la temporada: \u201cLa gente est\u00e1 desesperada porque el calor lleg\u00f3 con todo. No sabemos qu\u00e9 ponernos, si tenemos una escapadita, vamos a tomar sol en casa o algo m\u00e1s. En Emotiva trajimos colecciones completas, con opciones para combinar diferentes cortes de bombachas y corpi\u00f1os. Tenemos talles muy variados, as\u00ed que cada clienta puede armar su conjunto seg\u00fan su gusto y necesidad\u201d.<\/p>\n<p><img loading=\"lazy\" decoding=\"async\" class=\"alignnone size-full wp-image-146661\" src=\"https:\/\/noticiasmercedinas.com\/site\/wp-content\/uploads\/2024\/10\/d518db17-adb4-4b97-bcd5-5f37a54e34c6.jpeg\" alt=\"\" width=\"1148\" height=\"1414\" srcset=\"https:\/\/noticiasmercedinas.com\/site\/wp-content\/uploads\/2024\/10\/d518db17-adb4-4b97-bcd5-5f37a54e34c6.jpeg 1148w, https:\/\/noticiasmercedinas.com\/site\/wp-content\/uploads\/2024\/10\/d518db17-adb4-4b97-bcd5-5f37a54e34c6-244x300.jpeg 244w, https:\/\/noticiasmercedinas.com\/site\/wp-content\/uploads\/2024\/10\/d518db17-adb4-4b97-bcd5-5f37a54e34c6-831x1024.jpeg 831w, https:\/\/noticiasmercedinas.com\/site\/wp-content\/uploads\/2024\/10\/d518db17-adb4-4b97-bcd5-5f37a54e34c6-768x946.jpeg 768w, https:\/\/noticiasmercedinas.com\/site\/wp-content\/uploads\/2024\/10\/d518db17-adb4-4b97-bcd5-5f37a54e34c6-640x788.jpeg 640w, https:\/\/noticiasmercedinas.com\/site\/wp-content\/uploads\/2024\/10\/d518db17-adb4-4b97-bcd5-5f37a54e34c6-681x839.jpeg 681w\" sizes=\"auto, (max-width: 1148px) 100vw, 1148px\" \/><\/p>\n<p>Una de las ventajas que ofrece la tienda es la posibilidad de personalizar el conjunto. Si una clienta tiene una bombacha de una temporada anterior, puede encontrar un corpi\u00f1o que combine perfectamente, o viceversa.<\/p>\n<p>Adem\u00e1s, Ivana asegura que los precios son accesibles para todos los bolsillos. \u201cNo es necesario gastar un mont\u00f3n de dinero. Tenemos opciones s\u00faper econ\u00f3micas, con precios que van desde los 18.000 hasta los 25.000 pesos en mallas discontinuas del a\u00f1o pasado\u201d, agrega.<\/p>\n<blockquote><p>\u00abTenemos opciones s\u00faper econ\u00f3micas, con precios que van desde los 18.000 hasta los 25.000 pesos en mallas discontinuas del a\u00f1o pasado\u00bb<\/p><\/blockquote>\n<p>La tienda ofrece una amplia variedad de modelos, incluyendo enterizos, y dispone de talles que llegan hasta el n\u00famero 8.<\/p>\n<p>Los descuentos y promociones tambi\u00e9n son un atractivo especial: el jueves, las clientas pueden aprovechar las tres cuotas sin inter\u00e9s con el Banco Santander, y todos los d\u00edas tienen un 20% de descuento por pagos en efectivo o transferencia.<\/p>\n<p>Con su horario habitual de 9 a 13 horas y de 16.30 a 20.30 horas, \u00abEmotiva\u00bb se ha convertido en una opci\u00f3n sin igual para quienes buscan calidad, comodidad y precios justos. La tienda tambi\u00e9n ha ganado visibilidad con su nueva ubicaci\u00f3n en calle 23 casi esquina 28 donde hay un gran show room y adem\u00e1s un perchero en la calle lleno de ofertas en trajes de ba\u00f1o para aprovechar.<\/p>\n<p>Para quienes desean estar al tanto de las novedades, \u00abEmotiva\u00bb se encuentra activa en las redes sociales, donde publican ofertas y promociones especiales.<\/p>\n<p>Pueden encontrarla como Emotiva Ivana en Instagram y Facebook&#8230;<\/p>\n<p>Instagram:<a href=\"https:\/\/www.instagram.com\/ivanaemotiva\/\">\u00a0https:\/\/www.instagram.com\/ivanaemotiva\/<\/a><\/p>\n<p>Facebook:\u00a0<a href=\"https:\/\/www.facebook.com\/ivana.peinado.739\">Ivana Emotiva<\/a><\/p>\n<p><img loading=\"lazy\" decoding=\"async\" class=\"alignnone size-full wp-image-146664\" src=\"https:\/\/noticiasmercedinas.com\/site\/wp-content\/uploads\/2024\/10\/98e7bc6d-6e02-44ad-98b3-12eeb1a60a3a.jpeg\" alt=\"\" width=\"1204\" height=\"1600\" srcset=\"https:\/\/noticiasmercedinas.com\/site\/wp-content\/uploads\/2024\/10\/98e7bc6d-6e02-44ad-98b3-12eeb1a60a3a.jpeg 1204w, https:\/\/noticiasmercedinas.com\/site\/wp-content\/uploads\/2024\/10\/98e7bc6d-6e02-44ad-98b3-12eeb1a60a3a-226x300.jpeg 226w, https:\/\/noticiasmercedinas.com\/site\/wp-content\/uploads\/2024\/10\/98e7bc6d-6e02-44ad-98b3-12eeb1a60a3a-771x1024.jpeg 771w, https:\/\/noticiasmercedinas.com\/site\/wp-content\/uploads\/2024\/10\/98e7bc6d-6e02-44ad-98b3-12eeb1a60a3a-768x1021.jpeg 768w, https:\/\/noticiasmercedinas.com\/site\/wp-content\/uploads\/2024\/10\/98e7bc6d-6e02-44ad-98b3-12eeb1a60a3a-1156x1536.jpeg 1156w, https:\/\/noticiasmercedinas.com\/site\/wp-content\/uploads\/2024\/10\/98e7bc6d-6e02-44ad-98b3-12eeb1a60a3a-640x850.jpeg 640w, https:\/\/noticiasmercedinas.com\/site\/wp-content\/uploads\/2024\/10\/98e7bc6d-6e02-44ad-98b3-12eeb1a60a3a-681x905.jpeg 681w\" sizes=\"auto, (max-width: 1204px) 100vw, 1204px\" \/><\/p>\n","protected":false},"excerpt":{"rendered":"<p>El calor del verano lleg\u00f3 antes de lo esperado este mes de octubre, y con \u00e9l, la demanda de mallas se dispar\u00f3 en Mercedes. Por ello las vecinas ya se acercan a \u00abEmotiva\u00bb, la tienda especializada en trajes de ba\u00f1o, ropa \u00edntima y ropa deportiva, para encontrar el atuendo perfecto para disfrutar del sol. Ivana, [&hellip;]<\/p>\n","protected":false},"author":16,"featured_media":146663,"comment_status":"closed","ping_status":"closed","sticky":false,"template":"","format":"standard","meta":{"footnotes":""},"categories":[74],"tags":[1360,1361,1376,1355,1362,603],"class_list":["post-146660","post","type-post","status-publish","format-standard","has-post-thumbnail","hentry","category-emprendimientos","tag-bikinis","tag-mallas","tag-ofertas","tag-ropa-deportiva","tag-trajes-de-bano","tag-verano"],"yoast_head":"<!-- This site is optimized with the Yoast SEO plugin v27.4 - https:\/\/yoast.com\/product\/yoast-seo-wordpress\/ -->\n<title>Lleg\u00f3 el calor y Emotiva se anticipa al verano con mallas en todas sus variedades y ofertas<\/title>\n<meta name=\"robots\" content=\"index, follow, max-snippet:-1, max-image-preview:large, max-video-preview:-1\" \/>\n<link rel=\"canonical\" href=\"https:\/\/noticiasmercedinas.com\/site\/2024\/10\/21\/llego-el-calor-y-emotiva-se-anticipa-al-verano-con-mallas-en-todas-sus-variedades-y-ofertas\/\" \/>\n<meta property=\"og:locale\" content=\"es_ES\" \/>\n<meta property=\"og:type\" content=\"article\" \/>\n<meta property=\"og:title\" content=\"Lleg\u00f3 el calor y Emotiva se anticipa al verano con mallas en todas sus variedades y ofertas\" \/>\n<meta property=\"og:description\" content=\"El calor del verano lleg\u00f3 antes de lo esperado este mes de octubre, y con \u00e9l, la demanda de mallas se dispar\u00f3 en Mercedes. Por ello las vecinas ya se acercan a \u00abEmotiva\u00bb, la tienda especializada en trajes de ba\u00f1o, ropa \u00edntima y ropa deportiva, para encontrar el atuendo perfecto para disfrutar del sol. Ivana, [&hellip;]\" \/>\n<meta property=\"og:url\" content=\"https:\/\/noticiasmercedinas.com\/site\/2024\/10\/21\/llego-el-calor-y-emotiva-se-anticipa-al-verano-con-mallas-en-todas-sus-variedades-y-ofertas\/\" \/>\n<meta property=\"og:site_name\" content=\"NOTICIASMERCEDINAS.COM\" \/>\n<meta property=\"article:publisher\" content=\"https:\/\/www.facebook.com\/noticiasmercedinas\/\" \/>\n<meta property=\"article:published_time\" content=\"2024-10-21T21:02:08+00:00\" \/>\n<meta property=\"og:image\" content=\"https:\/\/noticiasmercedinas.com\/site\/wp-content\/uploads\/2024\/10\/177a1616-ee3a-4382-898e-f1d984b2ee8c.jpeg\" \/>\n\t<meta property=\"og:image:width\" content=\"1280\" \/>\n\t<meta property=\"og:image:height\" content=\"720\" \/>\n\t<meta property=\"og:image:type\" content=\"image\/jpeg\" \/>\n<meta name=\"author\" content=\"NOTICIASMERCEDINAS.COM\" \/>\n<meta name=\"twitter:card\" content=\"summary_large_image\" \/>\n<meta name=\"twitter:creator\" content=\"@notmercedinas\" \/>\n<meta name=\"twitter:site\" content=\"@notmercedinas\" \/>\n<meta name=\"twitter:label1\" content=\"Escrito por\" \/>\n\t<meta name=\"twitter:data1\" content=\"NOTICIASMERCEDINAS.COM\" \/>\n\t<meta name=\"twitter:label2\" content=\"Tiempo de lectura\" \/>\n\t<meta name=\"twitter:data2\" content=\"2 minutos\" \/>\n<script type=\"application\/ld+json\" class=\"yoast-schema-graph\">{\"@context\":\"https:\\\/\\\/schema.org\",\"@graph\":[{\"@type\":\"Article\",\"@id\":\"https:\\\/\\\/noticiasmercedinas.com\\\/site\\\/2024\\\/10\\\/21\\\/llego-el-calor-y-emotiva-se-anticipa-al-verano-con-mallas-en-todas-sus-variedades-y-ofertas\\\/#article\",\"isPartOf\":{\"@id\":\"https:\\\/\\\/noticiasmercedinas.com\\\/site\\\/2024\\\/10\\\/21\\\/llego-el-calor-y-emotiva-se-anticipa-al-verano-con-mallas-en-todas-sus-variedades-y-ofertas\\\/\"},\"author\":{\"name\":\"NOTICIASMERCEDINAS.COM\",\"@id\":\"https:\\\/\\\/noticiasmercedinas.com\\\/site\\\/#\\\/schema\\\/person\\\/84b59c099c28ff2e8b77d4ceec5d8063\"},\"headline\":\"Lleg\u00f3 el calor y Emotiva se anticipa al verano con mallas en todas sus variedades y ofertas\",\"datePublished\":\"2024-10-21T21:02:08+00:00\",\"mainEntityOfPage\":{\"@id\":\"https:\\\/\\\/noticiasmercedinas.com\\\/site\\\/2024\\\/10\\\/21\\\/llego-el-calor-y-emotiva-se-anticipa-al-verano-con-mallas-en-todas-sus-variedades-y-ofertas\\\/\"},\"wordCount\":419,\"publisher\":{\"@id\":\"https:\\\/\\\/noticiasmercedinas.com\\\/site\\\/#organization\"},\"image\":{\"@id\":\"https:\\\/\\\/noticiasmercedinas.com\\\/site\\\/2024\\\/10\\\/21\\\/llego-el-calor-y-emotiva-se-anticipa-al-verano-con-mallas-en-todas-sus-variedades-y-ofertas\\\/#primaryimage\"},\"thumbnailUrl\":\"https:\\\/\\\/noticiasmercedinas.com\\\/site\\\/wp-content\\\/uploads\\\/2024\\\/10\\\/177a1616-ee3a-4382-898e-f1d984b2ee8c.jpeg\",\"keywords\":[\"bikinis\",\"mallas\",\"ofertas\",\"ropa deportiva\",\"trajes de ba\u00f1o\",\"verano\"],\"articleSection\":[\"Emprendimientos\"],\"inLanguage\":\"es\"},{\"@type\":\"WebPage\",\"@id\":\"https:\\\/\\\/noticiasmercedinas.com\\\/site\\\/2024\\\/10\\\/21\\\/llego-el-calor-y-emotiva-se-anticipa-al-verano-con-mallas-en-todas-sus-variedades-y-ofertas\\\/\",\"url\":\"https:\\\/\\\/noticiasmercedinas.com\\\/site\\\/2024\\\/10\\\/21\\\/llego-el-calor-y-emotiva-se-anticipa-al-verano-con-mallas-en-todas-sus-variedades-y-ofertas\\\/\",\"name\":\"Lleg\u00f3 el calor y Emotiva se anticipa al verano con mallas en todas sus variedades y ofertas\",\"isPartOf\":{\"@id\":\"https:\\\/\\\/noticiasmercedinas.com\\\/site\\\/#website\"},\"primaryImageOfPage\":{\"@id\":\"https:\\\/\\\/noticiasmercedinas.com\\\/site\\\/2024\\\/10\\\/21\\\/llego-el-calor-y-emotiva-se-anticipa-al-verano-con-mallas-en-todas-sus-variedades-y-ofertas\\\/#primaryimage\"},\"image\":{\"@id\":\"https:\\\/\\\/noticiasmercedinas.com\\\/site\\\/2024\\\/10\\\/21\\\/llego-el-calor-y-emotiva-se-anticipa-al-verano-con-mallas-en-todas-sus-variedades-y-ofertas\\\/#primaryimage\"},\"thumbnailUrl\":\"https:\\\/\\\/noticiasmercedinas.com\\\/site\\\/wp-content\\\/uploads\\\/2024\\\/10\\\/177a1616-ee3a-4382-898e-f1d984b2ee8c.jpeg\",\"datePublished\":\"2024-10-21T21:02:08+00:00\",\"breadcrumb\":{\"@id\":\"https:\\\/\\\/noticiasmercedinas.com\\\/site\\\/2024\\\/10\\\/21\\\/llego-el-calor-y-emotiva-se-anticipa-al-verano-con-mallas-en-todas-sus-variedades-y-ofertas\\\/#breadcrumb\"},\"inLanguage\":\"es\",\"potentialAction\":[{\"@type\":\"ReadAction\",\"target\":[\"https:\\\/\\\/noticiasmercedinas.com\\\/site\\\/2024\\\/10\\\/21\\\/llego-el-calor-y-emotiva-se-anticipa-al-verano-con-mallas-en-todas-sus-variedades-y-ofertas\\\/\"]}]},{\"@type\":\"ImageObject\",\"inLanguage\":\"es\",\"@id\":\"https:\\\/\\\/noticiasmercedinas.com\\\/site\\\/2024\\\/10\\\/21\\\/llego-el-calor-y-emotiva-se-anticipa-al-verano-con-mallas-en-todas-sus-variedades-y-ofertas\\\/#primaryimage\",\"url\":\"https:\\\/\\\/noticiasmercedinas.com\\\/site\\\/wp-content\\\/uploads\\\/2024\\\/10\\\/177a1616-ee3a-4382-898e-f1d984b2ee8c.jpeg\",\"contentUrl\":\"https:\\\/\\\/noticiasmercedinas.com\\\/site\\\/wp-content\\\/uploads\\\/2024\\\/10\\\/177a1616-ee3a-4382-898e-f1d984b2ee8c.jpeg\",\"width\":1280,\"height\":720},{\"@type\":\"BreadcrumbList\",\"@id\":\"https:\\\/\\\/noticiasmercedinas.com\\\/site\\\/2024\\\/10\\\/21\\\/llego-el-calor-y-emotiva-se-anticipa-al-verano-con-mallas-en-todas-sus-variedades-y-ofertas\\\/#breadcrumb\",\"itemListElement\":[{\"@type\":\"ListItem\",\"position\":1,\"name\":\"Portada\",\"item\":\"https:\\\/\\\/noticiasmercedinas.com\\\/site\\\/\"},{\"@type\":\"ListItem\",\"position\":2,\"name\":\"Lleg\u00f3 el calor y Emotiva se anticipa al verano con mallas en todas sus variedades y ofertas\"}]},{\"@type\":\"WebSite\",\"@id\":\"https:\\\/\\\/noticiasmercedinas.com\\\/site\\\/#website\",\"url\":\"https:\\\/\\\/noticiasmercedinas.com\\\/site\\\/\",\"name\":\"NOTICIASMERCEDINAS.COM\",\"description\":\"Mercedes, Buenos Aires, Argentina\",\"publisher\":{\"@id\":\"https:\\\/\\\/noticiasmercedinas.com\\\/site\\\/#organization\"},\"potentialAction\":[{\"@type\":\"SearchAction\",\"target\":{\"@type\":\"EntryPoint\",\"urlTemplate\":\"https:\\\/\\\/noticiasmercedinas.com\\\/site\\\/?s={search_term_string}\"},\"query-input\":{\"@type\":\"PropertyValueSpecification\",\"valueRequired\":true,\"valueName\":\"search_term_string\"}}],\"inLanguage\":\"es\"},{\"@type\":\"Organization\",\"@id\":\"https:\\\/\\\/noticiasmercedinas.com\\\/site\\\/#organization\",\"name\":\"NOTICIASMERCEDINAS.COM\",\"url\":\"https:\\\/\\\/noticiasmercedinas.com\\\/site\\\/\",\"logo\":{\"@type\":\"ImageObject\",\"inLanguage\":\"es\",\"@id\":\"https:\\\/\\\/noticiasmercedinas.com\\\/site\\\/#\\\/schema\\\/logo\\\/image\\\/\",\"url\":\"https:\\\/\\\/noticiasmercedinas.com\\\/site\\\/wp-content\\\/uploads\\\/2020\\\/06\\\/LOGO-512.jpg\",\"contentUrl\":\"https:\\\/\\\/noticiasmercedinas.com\\\/site\\\/wp-content\\\/uploads\\\/2020\\\/06\\\/LOGO-512.jpg\",\"width\":512,\"height\":512,\"caption\":\"NOTICIASMERCEDINAS.COM\"},\"image\":{\"@id\":\"https:\\\/\\\/noticiasmercedinas.com\\\/site\\\/#\\\/schema\\\/logo\\\/image\\\/\"},\"sameAs\":[\"https:\\\/\\\/www.facebook.com\\\/noticiasmercedinas\\\/\",\"https:\\\/\\\/x.com\\\/notmercedinas\",\"https:\\\/\\\/www.instagram.com\\\/noticiasmercedinas\\\/\"]},{\"@type\":\"Person\",\"@id\":\"https:\\\/\\\/noticiasmercedinas.com\\\/site\\\/#\\\/schema\\\/person\\\/84b59c099c28ff2e8b77d4ceec5d8063\",\"name\":\"NOTICIASMERCEDINAS.COM\",\"image\":{\"@type\":\"ImageObject\",\"inLanguage\":\"es\",\"@id\":\"https:\\\/\\\/secure.gravatar.com\\\/avatar\\\/4dfbf16b4d17945bfb6341b2d19043457132fcf478a5ee04f42e959fd8f5df0a?s=96&d=mm&r=g\",\"url\":\"https:\\\/\\\/secure.gravatar.com\\\/avatar\\\/4dfbf16b4d17945bfb6341b2d19043457132fcf478a5ee04f42e959fd8f5df0a?s=96&d=mm&r=g\",\"contentUrl\":\"https:\\\/\\\/secure.gravatar.com\\\/avatar\\\/4dfbf16b4d17945bfb6341b2d19043457132fcf478a5ee04f42e959fd8f5df0a?s=96&d=mm&r=g\",\"caption\":\"NOTICIASMERCEDINAS.COM\"},\"url\":\"https:\\\/\\\/noticiasmercedinas.com\\\/site\\\/author\\\/anonimo\\\/\"}]}<\/script>\n<!-- \/ Yoast SEO plugin. -->","yoast_head_json":{"title":"Lleg\u00f3 el calor y Emotiva se anticipa al verano con mallas en todas sus variedades y ofertas","robots":{"index":"index","follow":"follow","max-snippet":"max-snippet:-1","max-image-preview":"max-image-preview:large","max-video-preview":"max-video-preview:-1"},"canonical":"https:\/\/noticiasmercedinas.com\/site\/2024\/10\/21\/llego-el-calor-y-emotiva-se-anticipa-al-verano-con-mallas-en-todas-sus-variedades-y-ofertas\/","og_locale":"es_ES","og_type":"article","og_title":"Lleg\u00f3 el calor y Emotiva se anticipa al verano con mallas en todas sus variedades y ofertas","og_description":"El calor del verano lleg\u00f3 antes de lo esperado este mes de octubre, y con \u00e9l, la demanda de mallas se dispar\u00f3 en Mercedes. Por ello las vecinas ya se acercan a \u00abEmotiva\u00bb, la tienda especializada en trajes de ba\u00f1o, ropa \u00edntima y ropa deportiva, para encontrar el atuendo perfecto para disfrutar del sol. Ivana, [&hellip;]","og_url":"https:\/\/noticiasmercedinas.com\/site\/2024\/10\/21\/llego-el-calor-y-emotiva-se-anticipa-al-verano-con-mallas-en-todas-sus-variedades-y-ofertas\/","og_site_name":"NOTICIASMERCEDINAS.COM","article_publisher":"https:\/\/www.facebook.com\/noticiasmercedinas\/","article_published_time":"2024-10-21T21:02:08+00:00","og_image":[{"width":1280,"height":720,"url":"https:\/\/noticiasmercedinas.com\/site\/wp-content\/uploads\/2024\/10\/177a1616-ee3a-4382-898e-f1d984b2ee8c.jpeg","type":"image\/jpeg"}],"author":"NOTICIASMERCEDINAS.COM","twitter_card":"summary_large_image","twitter_creator":"@notmercedinas","twitter_site":"@notmercedinas","twitter_misc":{"Escrito por":"NOTICIASMERCEDINAS.COM","Tiempo de lectura":"2 minutos"},"schema":{"@context":"https:\/\/schema.org","@graph":[{"@type":"Article","@id":"https:\/\/noticiasmercedinas.com\/site\/2024\/10\/21\/llego-el-calor-y-emotiva-se-anticipa-al-verano-con-mallas-en-todas-sus-variedades-y-ofertas\/#article","isPartOf":{"@id":"https:\/\/noticiasmercedinas.com\/site\/2024\/10\/21\/llego-el-calor-y-emotiva-se-anticipa-al-verano-con-mallas-en-todas-sus-variedades-y-ofertas\/"},"author":{"name":"NOTICIASMERCEDINAS.COM","@id":"https:\/\/noticiasmercedinas.com\/site\/#\/schema\/person\/84b59c099c28ff2e8b77d4ceec5d8063"},"headline":"Lleg\u00f3 el calor y Emotiva se anticipa al verano con mallas en todas sus variedades y ofertas","datePublished":"2024-10-21T21:02:08+00:00","mainEntityOfPage":{"@id":"https:\/\/noticiasmercedinas.com\/site\/2024\/10\/21\/llego-el-calor-y-emotiva-se-anticipa-al-verano-con-mallas-en-todas-sus-variedades-y-ofertas\/"},"wordCount":419,"publisher":{"@id":"https:\/\/noticiasmercedinas.com\/site\/#organization"},"image":{"@id":"https:\/\/noticiasmercedinas.com\/site\/2024\/10\/21\/llego-el-calor-y-emotiva-se-anticipa-al-verano-con-mallas-en-todas-sus-variedades-y-ofertas\/#primaryimage"},"thumbnailUrl":"https:\/\/noticiasmercedinas.com\/site\/wp-content\/uploads\/2024\/10\/177a1616-ee3a-4382-898e-f1d984b2ee8c.jpeg","keywords":["bikinis","mallas","ofertas","ropa deportiva","trajes de ba\u00f1o","verano"],"articleSection":["Emprendimientos"],"inLanguage":"es"},{"@type":"WebPage","@id":"https:\/\/noticiasmercedinas.com\/site\/2024\/10\/21\/llego-el-calor-y-emotiva-se-anticipa-al-verano-con-mallas-en-todas-sus-variedades-y-ofertas\/","url":"https:\/\/noticiasmercedinas.com\/site\/2024\/10\/21\/llego-el-calor-y-emotiva-se-anticipa-al-verano-con-mallas-en-todas-sus-variedades-y-ofertas\/","name":"Lleg\u00f3 el calor y Emotiva se anticipa al verano con mallas en todas sus variedades y ofertas","isPartOf":{"@id":"https:\/\/noticiasmercedinas.com\/site\/#website"},"primaryImageOfPage":{"@id":"https:\/\/noticiasmercedinas.com\/site\/2024\/10\/21\/llego-el-calor-y-emotiva-se-anticipa-al-verano-con-mallas-en-todas-sus-variedades-y-ofertas\/#primaryimage"},"image":{"@id":"https:\/\/noticiasmercedinas.com\/site\/2024\/10\/21\/llego-el-calor-y-emotiva-se-anticipa-al-verano-con-mallas-en-todas-sus-variedades-y-ofertas\/#primaryimage"},"thumbnailUrl":"https:\/\/noticiasmercedinas.com\/site\/wp-content\/uploads\/2024\/10\/177a1616-ee3a-4382-898e-f1d984b2ee8c.jpeg","datePublished":"2024-10-21T21:02:08+00:00","breadcrumb":{"@id":"https:\/\/noticiasmercedinas.com\/site\/2024\/10\/21\/llego-el-calor-y-emotiva-se-anticipa-al-verano-con-mallas-en-todas-sus-variedades-y-ofertas\/#breadcrumb"},"inLanguage":"es","potentialAction":[{"@type":"ReadAction","target":["https:\/\/noticiasmercedinas.com\/site\/2024\/10\/21\/llego-el-calor-y-emotiva-se-anticipa-al-verano-con-mallas-en-todas-sus-variedades-y-ofertas\/"]}]},{"@type":"ImageObject","inLanguage":"es","@id":"https:\/\/noticiasmercedinas.com\/site\/2024\/10\/21\/llego-el-calor-y-emotiva-se-anticipa-al-verano-con-mallas-en-todas-sus-variedades-y-ofertas\/#primaryimage","url":"https:\/\/noticiasmercedinas.com\/site\/wp-content\/uploads\/2024\/10\/177a1616-ee3a-4382-898e-f1d984b2ee8c.jpeg","contentUrl":"https:\/\/noticiasmercedinas.com\/site\/wp-content\/uploads\/2024\/10\/177a1616-ee3a-4382-898e-f1d984b2ee8c.jpeg","width":1280,"height":720},{"@type":"BreadcrumbList","@id":"https:\/\/noticiasmercedinas.com\/site\/2024\/10\/21\/llego-el-calor-y-emotiva-se-anticipa-al-verano-con-mallas-en-todas-sus-variedades-y-ofertas\/#breadcrumb","itemListElement":[{"@type":"ListItem","position":1,"name":"Portada","item":"https:\/\/noticiasmercedinas.com\/site\/"},{"@type":"ListItem","position":2,"name":"Lleg\u00f3 el calor y Emotiva se anticipa al verano con mallas en todas sus variedades y ofertas"}]},{"@type":"WebSite","@id":"https:\/\/noticiasmercedinas.com\/site\/#website","url":"https:\/\/noticiasmercedinas.com\/site\/","name":"NOTICIASMERCEDINAS.COM","description":"Mercedes, Buenos Aires, Argentina","publisher":{"@id":"https:\/\/noticiasmercedinas.com\/site\/#organization"},"potentialAction":[{"@type":"SearchAction","target":{"@type":"EntryPoint","urlTemplate":"https:\/\/noticiasmercedinas.com\/site\/?s={search_term_string}"},"query-input":{"@type":"PropertyValueSpecification","valueRequired":true,"valueName":"search_term_string"}}],"inLanguage":"es"},{"@type":"Organization","@id":"https:\/\/noticiasmercedinas.com\/site\/#organization","name":"NOTICIASMERCEDINAS.COM","url":"https:\/\/noticiasmercedinas.com\/site\/","logo":{"@type":"ImageObject","inLanguage":"es","@id":"https:\/\/noticiasmercedinas.com\/site\/#\/schema\/logo\/image\/","url":"https:\/\/noticiasmercedinas.com\/site\/wp-content\/uploads\/2020\/06\/LOGO-512.jpg","contentUrl":"https:\/\/noticiasmercedinas.com\/site\/wp-content\/uploads\/2020\/06\/LOGO-512.jpg","width":512,"height":512,"caption":"NOTICIASMERCEDINAS.COM"},"image":{"@id":"https:\/\/noticiasmercedinas.com\/site\/#\/schema\/logo\/image\/"},"sameAs":["https:\/\/www.facebook.com\/noticiasmercedinas\/","https:\/\/x.com\/notmercedinas","https:\/\/www.instagram.com\/noticiasmercedinas\/"]},{"@type":"Person","@id":"https:\/\/noticiasmercedinas.com\/site\/#\/schema\/person\/84b59c099c28ff2e8b77d4ceec5d8063","name":"NOTICIASMERCEDINAS.COM","image":{"@type":"ImageObject","inLanguage":"es","@id":"https:\/\/secure.gravatar.com\/avatar\/4dfbf16b4d17945bfb6341b2d19043457132fcf478a5ee04f42e959fd8f5df0a?s=96&d=mm&r=g","url":"https:\/\/secure.gravatar.com\/avatar\/4dfbf16b4d17945bfb6341b2d19043457132fcf478a5ee04f42e959fd8f5df0a?s=96&d=mm&r=g","contentUrl":"https:\/\/secure.gravatar.com\/avatar\/4dfbf16b4d17945bfb6341b2d19043457132fcf478a5ee04f42e959fd8f5df0a?s=96&d=mm&r=g","caption":"NOTICIASMERCEDINAS.COM"},"url":"https:\/\/noticiasmercedinas.com\/site\/author\/anonimo\/"}]}},"amp_enabled":true,"_links":{"self":[{"href":"https:\/\/noticiasmercedinas.com\/site\/wp-json\/wp\/v2\/posts\/146660","targetHints":{"allow":["GET"]}}],"collection":[{"href":"https:\/\/noticiasmercedinas.com\/site\/wp-json\/wp\/v2\/posts"}],"about":[{"href":"https:\/\/noticiasmercedinas.com\/site\/wp-json\/wp\/v2\/types\/post"}],"author":[{"embeddable":true,"href":"https:\/\/noticiasmercedinas.com\/site\/wp-json\/wp\/v2\/users\/16"}],"replies":[{"embeddable":true,"href":"https:\/\/noticiasmercedinas.com\/site\/wp-json\/wp\/v2\/comments?post=146660"}],"version-history":[{"count":1,"href":"https:\/\/noticiasmercedinas.com\/site\/wp-json\/wp\/v2\/posts\/146660\/revisions"}],"predecessor-version":[{"id":146665,"href":"https:\/\/noticiasmercedinas.com\/site\/wp-json\/wp\/v2\/posts\/146660\/revisions\/146665"}],"wp:featuredmedia":[{"embeddable":true,"href":"https:\/\/noticiasmercedinas.com\/site\/wp-json\/wp\/v2\/media\/146663"}],"wp:attachment":[{"href":"https:\/\/noticiasmercedinas.com\/site\/wp-json\/wp\/v2\/media?parent=146660"}],"wp:term":[{"taxonomy":"category","embeddable":true,"href":"https:\/\/noticiasmercedinas.com\/site\/wp-json\/wp\/v2\/categories?post=146660"},{"taxonomy":"post_tag","embeddable":true,"href":"https:\/\/noticiasmercedinas.com\/site\/wp-json\/wp\/v2\/tags?post=146660"}],"curies":[{"name":"wp","href":"https:\/\/api.w.org\/{rel}","templated":true}]}}