{"id":146757,"date":"2024-10-22T20:56:47","date_gmt":"2024-10-22T23:56:47","guid":{"rendered":"https:\/\/noticiasmercedinas.com\/site\/?p=146757"},"modified":"2024-10-22T21:02:20","modified_gmt":"2024-10-23T00:02:20","slug":"la-comunidad-educativa-y-el-municipio-se-unen-para-mejorar-las-escuelas","status":"publish","type":"post","link":"https:\/\/noticiasmercedinas.com\/site\/2024\/10\/22\/la-comunidad-educativa-y-el-municipio-se-unen-para-mejorar-las-escuelas\/","title":{"rendered":"La comunidad educativa y el municipio se unen para mejorar las escuelas"},"content":{"rendered":"<p><img loading=\"lazy\" decoding=\"async\" class=\"alignnone size-full wp-image-146758\" src=\"https:\/\/noticiasmercedinas.com\/site\/wp-content\/uploads\/2024\/10\/CooperadorasEscolaras.jpg\" alt=\"\" width=\"1319\" height=\"879\" srcset=\"https:\/\/noticiasmercedinas.com\/site\/wp-content\/uploads\/2024\/10\/CooperadorasEscolaras.jpg 1319w, https:\/\/noticiasmercedinas.com\/site\/wp-content\/uploads\/2024\/10\/CooperadorasEscolaras-300x200.jpg 300w, https:\/\/noticiasmercedinas.com\/site\/wp-content\/uploads\/2024\/10\/CooperadorasEscolaras-1024x682.jpg 1024w, https:\/\/noticiasmercedinas.com\/site\/wp-content\/uploads\/2024\/10\/CooperadorasEscolaras-768x512.jpg 768w, https:\/\/noticiasmercedinas.com\/site\/wp-content\/uploads\/2024\/10\/CooperadorasEscolaras-640x427.jpg 640w, https:\/\/noticiasmercedinas.com\/site\/wp-content\/uploads\/2024\/10\/CooperadorasEscolaras-1280x853.jpg 1280w, https:\/\/noticiasmercedinas.com\/site\/wp-content\/uploads\/2024\/10\/CooperadorasEscolaras-681x454.jpg 681w\" sizes=\"auto, (max-width: 1319px) 100vw, 1319px\" \/><\/p>\n<p>El municipio de Mercedes, en una nueva muestra de solidaridad y compromiso, otorgar\u00e1 m\u00e1s de 70 millones de pesos a 34 proyectos de cooperadoras escolares a trav\u00e9s de un programa de Presupuesto Participativo dise\u00f1ado para el sector educativo.<\/p>\n<p>Este plan busca mejorar las condiciones edilicias y la infraestructura de las escuelas, fortaleciendo as\u00ed a la comunidad educativa local.<\/p>\n<p>El secretario de Educaci\u00f3n, Jos\u00e9 Luis Pisano, destac\u00f3 la importancia de esta iniciativa: \u00abSon 34 los proyectos aprobados, en su mayor\u00eda destinados a obras de infraestructura y adquisici\u00f3n de diversos elementos. Creemos que es un gran primer paso en esta nueva modalidad de trabajo conjunto entre la comunidad educativa y el municipio\u00bb.<\/p>\n<p>Adem\u00e1s, Pisano se\u00f1al\u00f3 que si bien algunas cooperadoras no pudieron participar en esta oportunidad, se espera que lo hagan en futuras convocatorias.<\/p>\n<p>El programa, parte del plan Mercedes Aprende Unida, impulsado por el intendente Juani Ustarroz, representa un importante avance en el desarrollo educativo local. Desde su creaci\u00f3n, el municipio ha implementado diversas acciones como el Programa de Educaci\u00f3n Barrial (Proeba), destinado al apoyo escolar y alfabetizaci\u00f3n, coordinado por la concejala Florencia Comalini.<\/p>\n<p>La ejecuci\u00f3n de los proyectos aprobados estar\u00e1 acompa\u00f1ada de un compromiso de transparencia y acceso a la informaci\u00f3n firmado por las cooperadoras, en conjunto con la Secretar\u00eda de Gobierno a cargo de Clara Zunino. Esto garantiza el uso responsable de los recursos asignados, asegurando que todas las obras est\u00e9n finalizadas antes de fin de a\u00f1o.<\/p>\n<p>Pisano subray\u00f3 el enfoque participativo del programa, que busca no solo mejorar las instalaciones escolares, sino tambi\u00e9n fomentar la participaci\u00f3n de toda la comunidad educativa: \u00abLa educaci\u00f3n es la base para la construcci\u00f3n de una sociedad mejor. El compromiso de las familias, docentes y estudiantes es clave para lograrlo\u00bb.<\/p>\n<p>Este apoyo econ\u00f3mico a las escuelas es visto como un ejemplo de transparencia y solidaridad, en tiempos donde, seg\u00fan Pisano, \u00abse busca fomentar el individualismo, el Presupuesto Participativo representa una oportunidad para fortalecer la comunidad a trav\u00e9s de la participaci\u00f3n activa y el compromiso con la educaci\u00f3n\u00bb.<\/p>\n","protected":false},"excerpt":{"rendered":"<p>\u25a0 M\u00e1s de 30 cooperadoras recibir\u00e1n apoyo econ\u00f3mico a trav\u00e9s del Presupuesto Participativo. Si bien algunas cooperadoras no pudieron participar en esta oportunidad, se espera que lo hagan en futuras convocatorias.<\/p>\n","protected":false},"author":16,"featured_media":146758,"comment_status":"closed","ping_status":"closed","sticky":false,"template":"","format":"standard","meta":{"footnotes":""},"categories":[3],"tags":[17944,268,2551],"class_list":["post-146757","post","type-post","status-publish","format-standard","has-post-thumbnail","hentry","category-sociedad","tag-cooperadoras-escolares","tag-jose-luis-pisano","tag-presupuesto-participativo"],"yoast_head":"<!-- This site is optimized with the Yoast SEO plugin v27.5 - https:\/\/yoast.com\/product\/yoast-seo-wordpress\/ -->\n<title>La comunidad educativa y el municipio se unen para mejorar las escuelas<\/title>\n<meta name=\"robots\" content=\"index, follow, max-snippet:-1, max-image-preview:large, max-video-preview:-1\" \/>\n<link rel=\"canonical\" href=\"https:\/\/noticiasmercedinas.com\/site\/2024\/10\/22\/la-comunidad-educativa-y-el-municipio-se-unen-para-mejorar-las-escuelas\/\" \/>\n<meta property=\"og:locale\" content=\"es_ES\" \/>\n<meta property=\"og:type\" content=\"article\" \/>\n<meta property=\"og:title\" content=\"La comunidad educativa y el municipio se unen para mejorar las escuelas\" \/>\n<meta property=\"og:description\" content=\"\u25a0 M\u00e1s de 30 cooperadoras recibir\u00e1n apoyo econ\u00f3mico a trav\u00e9s del Presupuesto Participativo. Si bien algunas cooperadoras no pudieron participar en esta oportunidad, se espera que lo hagan en futuras convocatorias.\" \/>\n<meta property=\"og:url\" content=\"https:\/\/noticiasmercedinas.com\/site\/2024\/10\/22\/la-comunidad-educativa-y-el-municipio-se-unen-para-mejorar-las-escuelas\/\" \/>\n<meta property=\"og:site_name\" content=\"NOTICIASMERCEDINAS.COM\" \/>\n<meta property=\"article:publisher\" content=\"https:\/\/www.facebook.com\/noticiasmercedinas\/\" \/>\n<meta property=\"article:published_time\" content=\"2024-10-22T23:56:47+00:00\" \/>\n<meta property=\"article:modified_time\" content=\"2024-10-23T00:02:20+00:00\" \/>\n<meta property=\"og:image\" content=\"https:\/\/noticiasmercedinas.com\/site\/wp-content\/uploads\/2024\/10\/CooperadorasEscolaras.jpg\" \/>\n\t<meta property=\"og:image:width\" content=\"1319\" \/>\n\t<meta property=\"og:image:height\" content=\"879\" \/>\n\t<meta property=\"og:image:type\" content=\"image\/jpeg\" \/>\n<meta name=\"author\" content=\"NOTICIASMERCEDINAS.COM\" \/>\n<meta name=\"twitter:card\" content=\"summary_large_image\" \/>\n<meta name=\"twitter:creator\" content=\"@notmercedinas\" \/>\n<meta name=\"twitter:site\" content=\"@notmercedinas\" \/>\n<meta name=\"twitter:label1\" content=\"Escrito por\" \/>\n\t<meta name=\"twitter:data1\" content=\"NOTICIASMERCEDINAS.COM\" \/>\n\t<meta name=\"twitter:label2\" content=\"Tiempo de lectura\" \/>\n\t<meta name=\"twitter:data2\" content=\"2 minutos\" \/>\n<script type=\"application\/ld+json\" class=\"yoast-schema-graph\">{\"@context\":\"https:\\\/\\\/schema.org\",\"@graph\":[{\"@type\":\"Article\",\"@id\":\"https:\\\/\\\/noticiasmercedinas.com\\\/site\\\/2024\\\/10\\\/22\\\/la-comunidad-educativa-y-el-municipio-se-unen-para-mejorar-las-escuelas\\\/#article\",\"isPartOf\":{\"@id\":\"https:\\\/\\\/noticiasmercedinas.com\\\/site\\\/2024\\\/10\\\/22\\\/la-comunidad-educativa-y-el-municipio-se-unen-para-mejorar-las-escuelas\\\/\"},\"author\":{\"name\":\"NOTICIASMERCEDINAS.COM\",\"@id\":\"https:\\\/\\\/noticiasmercedinas.com\\\/site\\\/#\\\/schema\\\/person\\\/84b59c099c28ff2e8b77d4ceec5d8063\"},\"headline\":\"La comunidad educativa y el municipio se unen para mejorar las escuelas\",\"datePublished\":\"2024-10-22T23:56:47+00:00\",\"dateModified\":\"2024-10-23T00:02:20+00:00\",\"mainEntityOfPage\":{\"@id\":\"https:\\\/\\\/noticiasmercedinas.com\\\/site\\\/2024\\\/10\\\/22\\\/la-comunidad-educativa-y-el-municipio-se-unen-para-mejorar-las-escuelas\\\/\"},\"wordCount\":369,\"publisher\":{\"@id\":\"https:\\\/\\\/noticiasmercedinas.com\\\/site\\\/#organization\"},\"image\":{\"@id\":\"https:\\\/\\\/noticiasmercedinas.com\\\/site\\\/2024\\\/10\\\/22\\\/la-comunidad-educativa-y-el-municipio-se-unen-para-mejorar-las-escuelas\\\/#primaryimage\"},\"thumbnailUrl\":\"https:\\\/\\\/noticiasmercedinas.com\\\/site\\\/wp-content\\\/uploads\\\/2024\\\/10\\\/CooperadorasEscolaras.jpg\",\"keywords\":[\"cooperadoras escolares\",\"jose luis pisano\",\"presupuesto participativo\"],\"articleSection\":[\"Sociedad\"],\"inLanguage\":\"es\"},{\"@type\":\"WebPage\",\"@id\":\"https:\\\/\\\/noticiasmercedinas.com\\\/site\\\/2024\\\/10\\\/22\\\/la-comunidad-educativa-y-el-municipio-se-unen-para-mejorar-las-escuelas\\\/\",\"url\":\"https:\\\/\\\/noticiasmercedinas.com\\\/site\\\/2024\\\/10\\\/22\\\/la-comunidad-educativa-y-el-municipio-se-unen-para-mejorar-las-escuelas\\\/\",\"name\":\"La comunidad educativa y el municipio se unen para mejorar las escuelas\",\"isPartOf\":{\"@id\":\"https:\\\/\\\/noticiasmercedinas.com\\\/site\\\/#website\"},\"primaryImageOfPage\":{\"@id\":\"https:\\\/\\\/noticiasmercedinas.com\\\/site\\\/2024\\\/10\\\/22\\\/la-comunidad-educativa-y-el-municipio-se-unen-para-mejorar-las-escuelas\\\/#primaryimage\"},\"image\":{\"@id\":\"https:\\\/\\\/noticiasmercedinas.com\\\/site\\\/2024\\\/10\\\/22\\\/la-comunidad-educativa-y-el-municipio-se-unen-para-mejorar-las-escuelas\\\/#primaryimage\"},\"thumbnailUrl\":\"https:\\\/\\\/noticiasmercedinas.com\\\/site\\\/wp-content\\\/uploads\\\/2024\\\/10\\\/CooperadorasEscolaras.jpg\",\"datePublished\":\"2024-10-22T23:56:47+00:00\",\"dateModified\":\"2024-10-23T00:02:20+00:00\",\"breadcrumb\":{\"@id\":\"https:\\\/\\\/noticiasmercedinas.com\\\/site\\\/2024\\\/10\\\/22\\\/la-comunidad-educativa-y-el-municipio-se-unen-para-mejorar-las-escuelas\\\/#breadcrumb\"},\"inLanguage\":\"es\",\"potentialAction\":[{\"@type\":\"ReadAction\",\"target\":[\"https:\\\/\\\/noticiasmercedinas.com\\\/site\\\/2024\\\/10\\\/22\\\/la-comunidad-educativa-y-el-municipio-se-unen-para-mejorar-las-escuelas\\\/\"]}]},{\"@type\":\"ImageObject\",\"inLanguage\":\"es\",\"@id\":\"https:\\\/\\\/noticiasmercedinas.com\\\/site\\\/2024\\\/10\\\/22\\\/la-comunidad-educativa-y-el-municipio-se-unen-para-mejorar-las-escuelas\\\/#primaryimage\",\"url\":\"https:\\\/\\\/noticiasmercedinas.com\\\/site\\\/wp-content\\\/uploads\\\/2024\\\/10\\\/CooperadorasEscolaras.jpg\",\"contentUrl\":\"https:\\\/\\\/noticiasmercedinas.com\\\/site\\\/wp-content\\\/uploads\\\/2024\\\/10\\\/CooperadorasEscolaras.jpg\",\"width\":1319,\"height\":879},{\"@type\":\"BreadcrumbList\",\"@id\":\"https:\\\/\\\/noticiasmercedinas.com\\\/site\\\/2024\\\/10\\\/22\\\/la-comunidad-educativa-y-el-municipio-se-unen-para-mejorar-las-escuelas\\\/#breadcrumb\",\"itemListElement\":[{\"@type\":\"ListItem\",\"position\":1,\"name\":\"Portada\",\"item\":\"https:\\\/\\\/noticiasmercedinas.com\\\/site\\\/\"},{\"@type\":\"ListItem\",\"position\":2,\"name\":\"La comunidad educativa y el municipio se unen para mejorar las escuelas\"}]},{\"@type\":\"WebSite\",\"@id\":\"https:\\\/\\\/noticiasmercedinas.com\\\/site\\\/#website\",\"url\":\"https:\\\/\\\/noticiasmercedinas.com\\\/site\\\/\",\"name\":\"NOTICIASMERCEDINAS.COM\",\"description\":\"Mercedes, Buenos Aires, Argentina\",\"publisher\":{\"@id\":\"https:\\\/\\\/noticiasmercedinas.com\\\/site\\\/#organization\"},\"potentialAction\":[{\"@type\":\"SearchAction\",\"target\":{\"@type\":\"EntryPoint\",\"urlTemplate\":\"https:\\\/\\\/noticiasmercedinas.com\\\/site\\\/?s={search_term_string}\"},\"query-input\":{\"@type\":\"PropertyValueSpecification\",\"valueRequired\":true,\"valueName\":\"search_term_string\"}}],\"inLanguage\":\"es\"},{\"@type\":\"Organization\",\"@id\":\"https:\\\/\\\/noticiasmercedinas.com\\\/site\\\/#organization\",\"name\":\"NOTICIASMERCEDINAS.COM\",\"url\":\"https:\\\/\\\/noticiasmercedinas.com\\\/site\\\/\",\"logo\":{\"@type\":\"ImageObject\",\"inLanguage\":\"es\",\"@id\":\"https:\\\/\\\/noticiasmercedinas.com\\\/site\\\/#\\\/schema\\\/logo\\\/image\\\/\",\"url\":\"https:\\\/\\\/noticiasmercedinas.com\\\/site\\\/wp-content\\\/uploads\\\/2020\\\/06\\\/LOGO-512.jpg\",\"contentUrl\":\"https:\\\/\\\/noticiasmercedinas.com\\\/site\\\/wp-content\\\/uploads\\\/2020\\\/06\\\/LOGO-512.jpg\",\"width\":512,\"height\":512,\"caption\":\"NOTICIASMERCEDINAS.COM\"},\"image\":{\"@id\":\"https:\\\/\\\/noticiasmercedinas.com\\\/site\\\/#\\\/schema\\\/logo\\\/image\\\/\"},\"sameAs\":[\"https:\\\/\\\/www.facebook.com\\\/noticiasmercedinas\\\/\",\"https:\\\/\\\/x.com\\\/notmercedinas\",\"https:\\\/\\\/www.instagram.com\\\/noticiasmercedinas\\\/\"]},{\"@type\":\"Person\",\"@id\":\"https:\\\/\\\/noticiasmercedinas.com\\\/site\\\/#\\\/schema\\\/person\\\/84b59c099c28ff2e8b77d4ceec5d8063\",\"name\":\"NOTICIASMERCEDINAS.COM\",\"image\":{\"@type\":\"ImageObject\",\"inLanguage\":\"es\",\"@id\":\"https:\\\/\\\/secure.gravatar.com\\\/avatar\\\/4dfbf16b4d17945bfb6341b2d19043457132fcf478a5ee04f42e959fd8f5df0a?s=96&d=mm&r=g\",\"url\":\"https:\\\/\\\/secure.gravatar.com\\\/avatar\\\/4dfbf16b4d17945bfb6341b2d19043457132fcf478a5ee04f42e959fd8f5df0a?s=96&d=mm&r=g\",\"contentUrl\":\"https:\\\/\\\/secure.gravatar.com\\\/avatar\\\/4dfbf16b4d17945bfb6341b2d19043457132fcf478a5ee04f42e959fd8f5df0a?s=96&d=mm&r=g\",\"caption\":\"NOTICIASMERCEDINAS.COM\"},\"url\":\"https:\\\/\\\/noticiasmercedinas.com\\\/site\\\/author\\\/anonimo\\\/\"}]}<\/script>\n<!-- \/ Yoast SEO plugin. -->","yoast_head_json":{"title":"La comunidad educativa y el municipio se unen para mejorar las escuelas","robots":{"index":"index","follow":"follow","max-snippet":"max-snippet:-1","max-image-preview":"max-image-preview:large","max-video-preview":"max-video-preview:-1"},"canonical":"https:\/\/noticiasmercedinas.com\/site\/2024\/10\/22\/la-comunidad-educativa-y-el-municipio-se-unen-para-mejorar-las-escuelas\/","og_locale":"es_ES","og_type":"article","og_title":"La comunidad educativa y el municipio se unen para mejorar las escuelas","og_description":"\u25a0 M\u00e1s de 30 cooperadoras recibir\u00e1n apoyo econ\u00f3mico a trav\u00e9s del Presupuesto Participativo. Si bien algunas cooperadoras no pudieron participar en esta oportunidad, se espera que lo hagan en futuras convocatorias.","og_url":"https:\/\/noticiasmercedinas.com\/site\/2024\/10\/22\/la-comunidad-educativa-y-el-municipio-se-unen-para-mejorar-las-escuelas\/","og_site_name":"NOTICIASMERCEDINAS.COM","article_publisher":"https:\/\/www.facebook.com\/noticiasmercedinas\/","article_published_time":"2024-10-22T23:56:47+00:00","article_modified_time":"2024-10-23T00:02:20+00:00","og_image":[{"width":1319,"height":879,"url":"https:\/\/noticiasmercedinas.com\/site\/wp-content\/uploads\/2024\/10\/CooperadorasEscolaras.jpg","type":"image\/jpeg"}],"author":"NOTICIASMERCEDINAS.COM","twitter_card":"summary_large_image","twitter_creator":"@notmercedinas","twitter_site":"@notmercedinas","twitter_misc":{"Escrito por":"NOTICIASMERCEDINAS.COM","Tiempo de lectura":"2 minutos"},"schema":{"@context":"https:\/\/schema.org","@graph":[{"@type":"Article","@id":"https:\/\/noticiasmercedinas.com\/site\/2024\/10\/22\/la-comunidad-educativa-y-el-municipio-se-unen-para-mejorar-las-escuelas\/#article","isPartOf":{"@id":"https:\/\/noticiasmercedinas.com\/site\/2024\/10\/22\/la-comunidad-educativa-y-el-municipio-se-unen-para-mejorar-las-escuelas\/"},"author":{"name":"NOTICIASMERCEDINAS.COM","@id":"https:\/\/noticiasmercedinas.com\/site\/#\/schema\/person\/84b59c099c28ff2e8b77d4ceec5d8063"},"headline":"La comunidad educativa y el municipio se unen para mejorar las escuelas","datePublished":"2024-10-22T23:56:47+00:00","dateModified":"2024-10-23T00:02:20+00:00","mainEntityOfPage":{"@id":"https:\/\/noticiasmercedinas.com\/site\/2024\/10\/22\/la-comunidad-educativa-y-el-municipio-se-unen-para-mejorar-las-escuelas\/"},"wordCount":369,"publisher":{"@id":"https:\/\/noticiasmercedinas.com\/site\/#organization"},"image":{"@id":"https:\/\/noticiasmercedinas.com\/site\/2024\/10\/22\/la-comunidad-educativa-y-el-municipio-se-unen-para-mejorar-las-escuelas\/#primaryimage"},"thumbnailUrl":"https:\/\/noticiasmercedinas.com\/site\/wp-content\/uploads\/2024\/10\/CooperadorasEscolaras.jpg","keywords":["cooperadoras escolares","jose luis pisano","presupuesto participativo"],"articleSection":["Sociedad"],"inLanguage":"es"},{"@type":"WebPage","@id":"https:\/\/noticiasmercedinas.com\/site\/2024\/10\/22\/la-comunidad-educativa-y-el-municipio-se-unen-para-mejorar-las-escuelas\/","url":"https:\/\/noticiasmercedinas.com\/site\/2024\/10\/22\/la-comunidad-educativa-y-el-municipio-se-unen-para-mejorar-las-escuelas\/","name":"La comunidad educativa y el municipio se unen para mejorar las escuelas","isPartOf":{"@id":"https:\/\/noticiasmercedinas.com\/site\/#website"},"primaryImageOfPage":{"@id":"https:\/\/noticiasmercedinas.com\/site\/2024\/10\/22\/la-comunidad-educativa-y-el-municipio-se-unen-para-mejorar-las-escuelas\/#primaryimage"},"image":{"@id":"https:\/\/noticiasmercedinas.com\/site\/2024\/10\/22\/la-comunidad-educativa-y-el-municipio-se-unen-para-mejorar-las-escuelas\/#primaryimage"},"thumbnailUrl":"https:\/\/noticiasmercedinas.com\/site\/wp-content\/uploads\/2024\/10\/CooperadorasEscolaras.jpg","datePublished":"2024-10-22T23:56:47+00:00","dateModified":"2024-10-23T00:02:20+00:00","breadcrumb":{"@id":"https:\/\/noticiasmercedinas.com\/site\/2024\/10\/22\/la-comunidad-educativa-y-el-municipio-se-unen-para-mejorar-las-escuelas\/#breadcrumb"},"inLanguage":"es","potentialAction":[{"@type":"ReadAction","target":["https:\/\/noticiasmercedinas.com\/site\/2024\/10\/22\/la-comunidad-educativa-y-el-municipio-se-unen-para-mejorar-las-escuelas\/"]}]},{"@type":"ImageObject","inLanguage":"es","@id":"https:\/\/noticiasmercedinas.com\/site\/2024\/10\/22\/la-comunidad-educativa-y-el-municipio-se-unen-para-mejorar-las-escuelas\/#primaryimage","url":"https:\/\/noticiasmercedinas.com\/site\/wp-content\/uploads\/2024\/10\/CooperadorasEscolaras.jpg","contentUrl":"https:\/\/noticiasmercedinas.com\/site\/wp-content\/uploads\/2024\/10\/CooperadorasEscolaras.jpg","width":1319,"height":879},{"@type":"BreadcrumbList","@id":"https:\/\/noticiasmercedinas.com\/site\/2024\/10\/22\/la-comunidad-educativa-y-el-municipio-se-unen-para-mejorar-las-escuelas\/#breadcrumb","itemListElement":[{"@type":"ListItem","position":1,"name":"Portada","item":"https:\/\/noticiasmercedinas.com\/site\/"},{"@type":"ListItem","position":2,"name":"La comunidad educativa y el municipio se unen para mejorar las escuelas"}]},{"@type":"WebSite","@id":"https:\/\/noticiasmercedinas.com\/site\/#website","url":"https:\/\/noticiasmercedinas.com\/site\/","name":"NOTICIASMERCEDINAS.COM","description":"Mercedes, Buenos Aires, Argentina","publisher":{"@id":"https:\/\/noticiasmercedinas.com\/site\/#organization"},"potentialAction":[{"@type":"SearchAction","target":{"@type":"EntryPoint","urlTemplate":"https:\/\/noticiasmercedinas.com\/site\/?s={search_term_string}"},"query-input":{"@type":"PropertyValueSpecification","valueRequired":true,"valueName":"search_term_string"}}],"inLanguage":"es"},{"@type":"Organization","@id":"https:\/\/noticiasmercedinas.com\/site\/#organization","name":"NOTICIASMERCEDINAS.COM","url":"https:\/\/noticiasmercedinas.com\/site\/","logo":{"@type":"ImageObject","inLanguage":"es","@id":"https:\/\/noticiasmercedinas.com\/site\/#\/schema\/logo\/image\/","url":"https:\/\/noticiasmercedinas.com\/site\/wp-content\/uploads\/2020\/06\/LOGO-512.jpg","contentUrl":"https:\/\/noticiasmercedinas.com\/site\/wp-content\/uploads\/2020\/06\/LOGO-512.jpg","width":512,"height":512,"caption":"NOTICIASMERCEDINAS.COM"},"image":{"@id":"https:\/\/noticiasmercedinas.com\/site\/#\/schema\/logo\/image\/"},"sameAs":["https:\/\/www.facebook.com\/noticiasmercedinas\/","https:\/\/x.com\/notmercedinas","https:\/\/www.instagram.com\/noticiasmercedinas\/"]},{"@type":"Person","@id":"https:\/\/noticiasmercedinas.com\/site\/#\/schema\/person\/84b59c099c28ff2e8b77d4ceec5d8063","name":"NOTICIASMERCEDINAS.COM","image":{"@type":"ImageObject","inLanguage":"es","@id":"https:\/\/secure.gravatar.com\/avatar\/4dfbf16b4d17945bfb6341b2d19043457132fcf478a5ee04f42e959fd8f5df0a?s=96&d=mm&r=g","url":"https:\/\/secure.gravatar.com\/avatar\/4dfbf16b4d17945bfb6341b2d19043457132fcf478a5ee04f42e959fd8f5df0a?s=96&d=mm&r=g","contentUrl":"https:\/\/secure.gravatar.com\/avatar\/4dfbf16b4d17945bfb6341b2d19043457132fcf478a5ee04f42e959fd8f5df0a?s=96&d=mm&r=g","caption":"NOTICIASMERCEDINAS.COM"},"url":"https:\/\/noticiasmercedinas.com\/site\/author\/anonimo\/"}]}},"amp_enabled":true,"_links":{"self":[{"href":"https:\/\/noticiasmercedinas.com\/site\/wp-json\/wp\/v2\/posts\/146757","targetHints":{"allow":["GET"]}}],"collection":[{"href":"https:\/\/noticiasmercedinas.com\/site\/wp-json\/wp\/v2\/posts"}],"about":[{"href":"https:\/\/noticiasmercedinas.com\/site\/wp-json\/wp\/v2\/types\/post"}],"author":[{"embeddable":true,"href":"https:\/\/noticiasmercedinas.com\/site\/wp-json\/wp\/v2\/users\/16"}],"replies":[{"embeddable":true,"href":"https:\/\/noticiasmercedinas.com\/site\/wp-json\/wp\/v2\/comments?post=146757"}],"version-history":[{"count":2,"href":"https:\/\/noticiasmercedinas.com\/site\/wp-json\/wp\/v2\/posts\/146757\/revisions"}],"predecessor-version":[{"id":146760,"href":"https:\/\/noticiasmercedinas.com\/site\/wp-json\/wp\/v2\/posts\/146757\/revisions\/146760"}],"wp:featuredmedia":[{"embeddable":true,"href":"https:\/\/noticiasmercedinas.com\/site\/wp-json\/wp\/v2\/media\/146758"}],"wp:attachment":[{"href":"https:\/\/noticiasmercedinas.com\/site\/wp-json\/wp\/v2\/media?parent=146757"}],"wp:term":[{"taxonomy":"category","embeddable":true,"href":"https:\/\/noticiasmercedinas.com\/site\/wp-json\/wp\/v2\/categories?post=146757"},{"taxonomy":"post_tag","embeddable":true,"href":"https:\/\/noticiasmercedinas.com\/site\/wp-json\/wp\/v2\/tags?post=146757"}],"curies":[{"name":"wp","href":"https:\/\/api.w.org\/{rel}","templated":true}]}}