{"id":146762,"date":"2024-10-22T21:17:50","date_gmt":"2024-10-23T00:17:50","guid":{"rendered":"https:\/\/noticiasmercedinas.com\/site\/?p=146762"},"modified":"2024-10-22T21:30:38","modified_gmt":"2024-10-23T00:30:38","slug":"vanesa-siley-participo-en-el-lanzamiento-de-la-mesa-cristina-presidenta-nuestro-desafio-es-revalidar-el-poder-popular","status":"publish","type":"post","link":"https:\/\/noticiasmercedinas.com\/site\/2024\/10\/22\/vanesa-siley-participo-en-el-lanzamiento-de-la-mesa-cristina-presidenta-nuestro-desafio-es-revalidar-el-poder-popular\/","title":{"rendered":"Vanesa Siley particip\u00f3 en el lanzamiento de la Mesa Cristina Presidenta: \u00abNuestro desaf\u00edo es revalidar el poder popular\u00bb"},"content":{"rendered":"<p><img loading=\"lazy\" decoding=\"async\" class=\"alignnone size-full wp-image-146763\" src=\"https:\/\/noticiasmercedinas.com\/site\/wp-content\/uploads\/2024\/10\/FB_IMG_1729641435604.jpg\" alt=\"\" width=\"720\" height=\"480\" srcset=\"https:\/\/noticiasmercedinas.com\/site\/wp-content\/uploads\/2024\/10\/FB_IMG_1729641435604.jpg 720w, https:\/\/noticiasmercedinas.com\/site\/wp-content\/uploads\/2024\/10\/FB_IMG_1729641435604-300x200.jpg 300w, https:\/\/noticiasmercedinas.com\/site\/wp-content\/uploads\/2024\/10\/FB_IMG_1729641435604-640x427.jpg 640w, https:\/\/noticiasmercedinas.com\/site\/wp-content\/uploads\/2024\/10\/FB_IMG_1729641435604-681x454.jpg 681w\" sizes=\"auto, (max-width: 720px) 100vw, 720px\" \/><\/p>\n<p>La diputada de origen mercedino Vanesa Siley estuvo presente en el lanzamiento de la Mesa Cristina Presidenta, un espacio destinado a fortalecer el respaldo popular hacia Cristina Fern\u00e1ndez de Kirchner de cara a las pr\u00f3ximas internas del Partido Justicialista (PJ), programadas para el 17 de noviembre. Siley destac\u00f3 la importancia de movilizar a la militancia y asegur\u00f3 que el desaf\u00edo es \u00abrevalidar el poder popular que tiene Cristina en el Partido Justicialista\u00bb.<\/p>\n<p>Durante el acto, realizado en Quilmes, la diputada subray\u00f3: \u00abQue podamos trasladar ese amor a las urnas, en una interna que claramente es injusta, pero que va a ser hist\u00f3rica. Tenemos que lograr que se haga la interna, y que la ganemos 9 a 1 compa\u00f1eros y compa\u00f1eras. Ese tiene que ser el desaf\u00edo\u00bb.<\/p>\n<p><img loading=\"lazy\" decoding=\"async\" class=\"alignnone size-full wp-image-146764\" src=\"https:\/\/noticiasmercedinas.com\/site\/wp-content\/uploads\/2024\/10\/FB_IMG_1729641440360.jpg\" alt=\"\" width=\"720\" height=\"480\" srcset=\"https:\/\/noticiasmercedinas.com\/site\/wp-content\/uploads\/2024\/10\/FB_IMG_1729641440360.jpg 720w, https:\/\/noticiasmercedinas.com\/site\/wp-content\/uploads\/2024\/10\/FB_IMG_1729641440360-300x200.jpg 300w, https:\/\/noticiasmercedinas.com\/site\/wp-content\/uploads\/2024\/10\/FB_IMG_1729641440360-640x427.jpg 640w, https:\/\/noticiasmercedinas.com\/site\/wp-content\/uploads\/2024\/10\/FB_IMG_1729641440360-681x454.jpg 681w\" sizes=\"auto, (max-width: 720px) 100vw, 720px\" \/><\/p>\n<p>Siley tambi\u00e9n hizo un llamado a la militancia para que acompa\u00f1en a Fern\u00e1ndez de Kirchner: \u00abDemostremos que somos un Pueblo agradecido con la mujer que dio todo para hacernos la vida mejor\u00bb. Y reforz\u00f3 el mensaje hacia los militantes: \u00abA militarla toda compa\u00f1eros y compa\u00f1eras, que el 17 de noviembre vamos a reventar las urnas del Partido Justicialista Nacional de votos con la boleta de Cristina Fern\u00e1ndez de Kirchner\u00bb.<\/p>\n<p>El evento cont\u00f3 con la participaci\u00f3n de la intendenta de Quilmes, Mayra Mendoza, el secretario adjunto del SMATA, Paco Manrique, y representantes del PJ local, quienes tambi\u00e9n mostraron su apoyo a la ex presidenta. Siley agradeci\u00f3 a los organizadores y afirm\u00f3: \u00abGracias por la invitaci\u00f3n, la organizaci\u00f3n y el compromiso, a la compa\u00f1era intendenta de Quilmes, Mayra Mendoza, al secretario adjunto del SMATA, Paco Manrique, y a los compa\u00f1eros del SMATA Quilmes, PJ Quilmes\u00bb.<\/p>\n<p>Con un fuerte sentido de unidad, la diputada concluy\u00f3 reafirmando el lema del espacio: \u00abPrimero la Patria\u00bb.<\/p>\n<p><img loading=\"lazy\" decoding=\"async\" class=\"alignnone size-full wp-image-146765\" src=\"https:\/\/noticiasmercedinas.com\/site\/wp-content\/uploads\/2024\/10\/FB_IMG_1729641446421.jpg\" alt=\"\" width=\"720\" height=\"480\" srcset=\"https:\/\/noticiasmercedinas.com\/site\/wp-content\/uploads\/2024\/10\/FB_IMG_1729641446421.jpg 720w, https:\/\/noticiasmercedinas.com\/site\/wp-content\/uploads\/2024\/10\/FB_IMG_1729641446421-300x200.jpg 300w, https:\/\/noticiasmercedinas.com\/site\/wp-content\/uploads\/2024\/10\/FB_IMG_1729641446421-640x427.jpg 640w, https:\/\/noticiasmercedinas.com\/site\/wp-content\/uploads\/2024\/10\/FB_IMG_1729641446421-681x454.jpg 681w\" sizes=\"auto, (max-width: 720px) 100vw, 720px\" \/><\/p>\n","protected":false},"excerpt":{"rendered":"<p>\u25a0 La diputada mercedina llam\u00f3 a la militancia peronista a movilizarse en apoyo a Cristina Fern\u00e1ndez de Kirchner en las internas del Partido Justicialista<\/p>\n","protected":false},"author":16,"featured_media":146763,"comment_status":"closed","ping_status":"closed","sticky":false,"template":"","format":"standard","meta":{"footnotes":""},"categories":[16],"tags":[5425,1489,51],"class_list":["post-146762","post","type-post","status-publish","format-standard","has-post-thumbnail","hentry","category-politica","tag-cristina-fernandez-de-kirchner","tag-pj","tag-vanesa-siley"],"yoast_head":"<!-- This site is optimized with the Yoast SEO plugin v27.5 - https:\/\/yoast.com\/product\/yoast-seo-wordpress\/ -->\n<title>Vanesa Siley particip\u00f3 en el lanzamiento de la Mesa Cristina Presidenta: &quot;Nuestro desaf\u00edo es revalidar el poder popular&quot;<\/title>\n<meta name=\"robots\" content=\"index, follow, max-snippet:-1, max-image-preview:large, max-video-preview:-1\" \/>\n<link rel=\"canonical\" href=\"https:\/\/noticiasmercedinas.com\/site\/2024\/10\/22\/vanesa-siley-participo-en-el-lanzamiento-de-la-mesa-cristina-presidenta-nuestro-desafio-es-revalidar-el-poder-popular\/\" \/>\n<meta property=\"og:locale\" content=\"es_ES\" \/>\n<meta property=\"og:type\" content=\"article\" \/>\n<meta property=\"og:title\" content=\"Vanesa Siley particip\u00f3 en el lanzamiento de la Mesa Cristina Presidenta: &quot;Nuestro desaf\u00edo es revalidar el poder popular&quot;\" \/>\n<meta property=\"og:description\" content=\"\u25a0 La diputada mercedina llam\u00f3 a la militancia peronista a movilizarse en apoyo a Cristina Fern\u00e1ndez de Kirchner en las internas del Partido Justicialista\" \/>\n<meta property=\"og:url\" content=\"https:\/\/noticiasmercedinas.com\/site\/2024\/10\/22\/vanesa-siley-participo-en-el-lanzamiento-de-la-mesa-cristina-presidenta-nuestro-desafio-es-revalidar-el-poder-popular\/\" \/>\n<meta property=\"og:site_name\" content=\"NOTICIASMERCEDINAS.COM\" \/>\n<meta property=\"article:publisher\" content=\"https:\/\/www.facebook.com\/noticiasmercedinas\/\" \/>\n<meta property=\"article:published_time\" content=\"2024-10-23T00:17:50+00:00\" \/>\n<meta property=\"article:modified_time\" content=\"2024-10-23T00:30:38+00:00\" \/>\n<meta property=\"og:image\" content=\"https:\/\/noticiasmercedinas.com\/site\/wp-content\/uploads\/2024\/10\/FB_IMG_1729641435604.jpg\" \/>\n\t<meta property=\"og:image:width\" content=\"720\" \/>\n\t<meta property=\"og:image:height\" content=\"480\" \/>\n\t<meta property=\"og:image:type\" content=\"image\/jpeg\" \/>\n<meta name=\"author\" content=\"NOTICIASMERCEDINAS.COM\" \/>\n<meta name=\"twitter:card\" content=\"summary_large_image\" \/>\n<meta name=\"twitter:creator\" content=\"@notmercedinas\" \/>\n<meta name=\"twitter:site\" content=\"@notmercedinas\" \/>\n<meta name=\"twitter:label1\" content=\"Escrito por\" \/>\n\t<meta name=\"twitter:data1\" content=\"NOTICIASMERCEDINAS.COM\" \/>\n\t<meta name=\"twitter:label2\" content=\"Tiempo de lectura\" \/>\n\t<meta name=\"twitter:data2\" content=\"2 minutos\" \/>\n<script type=\"application\/ld+json\" class=\"yoast-schema-graph\">{\"@context\":\"https:\\\/\\\/schema.org\",\"@graph\":[{\"@type\":\"Article\",\"@id\":\"https:\\\/\\\/noticiasmercedinas.com\\\/site\\\/2024\\\/10\\\/22\\\/vanesa-siley-participo-en-el-lanzamiento-de-la-mesa-cristina-presidenta-nuestro-desafio-es-revalidar-el-poder-popular\\\/#article\",\"isPartOf\":{\"@id\":\"https:\\\/\\\/noticiasmercedinas.com\\\/site\\\/2024\\\/10\\\/22\\\/vanesa-siley-participo-en-el-lanzamiento-de-la-mesa-cristina-presidenta-nuestro-desafio-es-revalidar-el-poder-popular\\\/\"},\"author\":{\"name\":\"NOTICIASMERCEDINAS.COM\",\"@id\":\"https:\\\/\\\/noticiasmercedinas.com\\\/site\\\/#\\\/schema\\\/person\\\/84b59c099c28ff2e8b77d4ceec5d8063\"},\"headline\":\"Vanesa Siley particip\u00f3 en el lanzamiento de la Mesa Cristina Presidenta: \u00abNuestro desaf\u00edo es revalidar el poder popular\u00bb\",\"datePublished\":\"2024-10-23T00:17:50+00:00\",\"dateModified\":\"2024-10-23T00:30:38+00:00\",\"mainEntityOfPage\":{\"@id\":\"https:\\\/\\\/noticiasmercedinas.com\\\/site\\\/2024\\\/10\\\/22\\\/vanesa-siley-participo-en-el-lanzamiento-de-la-mesa-cristina-presidenta-nuestro-desafio-es-revalidar-el-poder-popular\\\/\"},\"wordCount\":320,\"publisher\":{\"@id\":\"https:\\\/\\\/noticiasmercedinas.com\\\/site\\\/#organization\"},\"image\":{\"@id\":\"https:\\\/\\\/noticiasmercedinas.com\\\/site\\\/2024\\\/10\\\/22\\\/vanesa-siley-participo-en-el-lanzamiento-de-la-mesa-cristina-presidenta-nuestro-desafio-es-revalidar-el-poder-popular\\\/#primaryimage\"},\"thumbnailUrl\":\"https:\\\/\\\/noticiasmercedinas.com\\\/site\\\/wp-content\\\/uploads\\\/2024\\\/10\\\/FB_IMG_1729641435604.jpg\",\"keywords\":[\"Cristina Fern\u00e1ndez de Kirchner\",\"pj\",\"vanesa siley\"],\"articleSection\":[\"Politica\"],\"inLanguage\":\"es\"},{\"@type\":\"WebPage\",\"@id\":\"https:\\\/\\\/noticiasmercedinas.com\\\/site\\\/2024\\\/10\\\/22\\\/vanesa-siley-participo-en-el-lanzamiento-de-la-mesa-cristina-presidenta-nuestro-desafio-es-revalidar-el-poder-popular\\\/\",\"url\":\"https:\\\/\\\/noticiasmercedinas.com\\\/site\\\/2024\\\/10\\\/22\\\/vanesa-siley-participo-en-el-lanzamiento-de-la-mesa-cristina-presidenta-nuestro-desafio-es-revalidar-el-poder-popular\\\/\",\"name\":\"Vanesa Siley particip\u00f3 en el lanzamiento de la Mesa Cristina Presidenta: \\\"Nuestro desaf\u00edo es revalidar el poder popular\\\"\",\"isPartOf\":{\"@id\":\"https:\\\/\\\/noticiasmercedinas.com\\\/site\\\/#website\"},\"primaryImageOfPage\":{\"@id\":\"https:\\\/\\\/noticiasmercedinas.com\\\/site\\\/2024\\\/10\\\/22\\\/vanesa-siley-participo-en-el-lanzamiento-de-la-mesa-cristina-presidenta-nuestro-desafio-es-revalidar-el-poder-popular\\\/#primaryimage\"},\"image\":{\"@id\":\"https:\\\/\\\/noticiasmercedinas.com\\\/site\\\/2024\\\/10\\\/22\\\/vanesa-siley-participo-en-el-lanzamiento-de-la-mesa-cristina-presidenta-nuestro-desafio-es-revalidar-el-poder-popular\\\/#primaryimage\"},\"thumbnailUrl\":\"https:\\\/\\\/noticiasmercedinas.com\\\/site\\\/wp-content\\\/uploads\\\/2024\\\/10\\\/FB_IMG_1729641435604.jpg\",\"datePublished\":\"2024-10-23T00:17:50+00:00\",\"dateModified\":\"2024-10-23T00:30:38+00:00\",\"breadcrumb\":{\"@id\":\"https:\\\/\\\/noticiasmercedinas.com\\\/site\\\/2024\\\/10\\\/22\\\/vanesa-siley-participo-en-el-lanzamiento-de-la-mesa-cristina-presidenta-nuestro-desafio-es-revalidar-el-poder-popular\\\/#breadcrumb\"},\"inLanguage\":\"es\",\"potentialAction\":[{\"@type\":\"ReadAction\",\"target\":[\"https:\\\/\\\/noticiasmercedinas.com\\\/site\\\/2024\\\/10\\\/22\\\/vanesa-siley-participo-en-el-lanzamiento-de-la-mesa-cristina-presidenta-nuestro-desafio-es-revalidar-el-poder-popular\\\/\"]}]},{\"@type\":\"ImageObject\",\"inLanguage\":\"es\",\"@id\":\"https:\\\/\\\/noticiasmercedinas.com\\\/site\\\/2024\\\/10\\\/22\\\/vanesa-siley-participo-en-el-lanzamiento-de-la-mesa-cristina-presidenta-nuestro-desafio-es-revalidar-el-poder-popular\\\/#primaryimage\",\"url\":\"https:\\\/\\\/noticiasmercedinas.com\\\/site\\\/wp-content\\\/uploads\\\/2024\\\/10\\\/FB_IMG_1729641435604.jpg\",\"contentUrl\":\"https:\\\/\\\/noticiasmercedinas.com\\\/site\\\/wp-content\\\/uploads\\\/2024\\\/10\\\/FB_IMG_1729641435604.jpg\",\"width\":720,\"height\":480},{\"@type\":\"BreadcrumbList\",\"@id\":\"https:\\\/\\\/noticiasmercedinas.com\\\/site\\\/2024\\\/10\\\/22\\\/vanesa-siley-participo-en-el-lanzamiento-de-la-mesa-cristina-presidenta-nuestro-desafio-es-revalidar-el-poder-popular\\\/#breadcrumb\",\"itemListElement\":[{\"@type\":\"ListItem\",\"position\":1,\"name\":\"Portada\",\"item\":\"https:\\\/\\\/noticiasmercedinas.com\\\/site\\\/\"},{\"@type\":\"ListItem\",\"position\":2,\"name\":\"Vanesa Siley particip\u00f3 en el lanzamiento de la Mesa Cristina Presidenta: \u00abNuestro desaf\u00edo es revalidar el poder popular\u00bb\"}]},{\"@type\":\"WebSite\",\"@id\":\"https:\\\/\\\/noticiasmercedinas.com\\\/site\\\/#website\",\"url\":\"https:\\\/\\\/noticiasmercedinas.com\\\/site\\\/\",\"name\":\"NOTICIASMERCEDINAS.COM\",\"description\":\"Mercedes, Buenos Aires, Argentina\",\"publisher\":{\"@id\":\"https:\\\/\\\/noticiasmercedinas.com\\\/site\\\/#organization\"},\"potentialAction\":[{\"@type\":\"SearchAction\",\"target\":{\"@type\":\"EntryPoint\",\"urlTemplate\":\"https:\\\/\\\/noticiasmercedinas.com\\\/site\\\/?s={search_term_string}\"},\"query-input\":{\"@type\":\"PropertyValueSpecification\",\"valueRequired\":true,\"valueName\":\"search_term_string\"}}],\"inLanguage\":\"es\"},{\"@type\":\"Organization\",\"@id\":\"https:\\\/\\\/noticiasmercedinas.com\\\/site\\\/#organization\",\"name\":\"NOTICIASMERCEDINAS.COM\",\"url\":\"https:\\\/\\\/noticiasmercedinas.com\\\/site\\\/\",\"logo\":{\"@type\":\"ImageObject\",\"inLanguage\":\"es\",\"@id\":\"https:\\\/\\\/noticiasmercedinas.com\\\/site\\\/#\\\/schema\\\/logo\\\/image\\\/\",\"url\":\"https:\\\/\\\/noticiasmercedinas.com\\\/site\\\/wp-content\\\/uploads\\\/2020\\\/06\\\/LOGO-512.jpg\",\"contentUrl\":\"https:\\\/\\\/noticiasmercedinas.com\\\/site\\\/wp-content\\\/uploads\\\/2020\\\/06\\\/LOGO-512.jpg\",\"width\":512,\"height\":512,\"caption\":\"NOTICIASMERCEDINAS.COM\"},\"image\":{\"@id\":\"https:\\\/\\\/noticiasmercedinas.com\\\/site\\\/#\\\/schema\\\/logo\\\/image\\\/\"},\"sameAs\":[\"https:\\\/\\\/www.facebook.com\\\/noticiasmercedinas\\\/\",\"https:\\\/\\\/x.com\\\/notmercedinas\",\"https:\\\/\\\/www.instagram.com\\\/noticiasmercedinas\\\/\"]},{\"@type\":\"Person\",\"@id\":\"https:\\\/\\\/noticiasmercedinas.com\\\/site\\\/#\\\/schema\\\/person\\\/84b59c099c28ff2e8b77d4ceec5d8063\",\"name\":\"NOTICIASMERCEDINAS.COM\",\"image\":{\"@type\":\"ImageObject\",\"inLanguage\":\"es\",\"@id\":\"https:\\\/\\\/secure.gravatar.com\\\/avatar\\\/4dfbf16b4d17945bfb6341b2d19043457132fcf478a5ee04f42e959fd8f5df0a?s=96&d=mm&r=g\",\"url\":\"https:\\\/\\\/secure.gravatar.com\\\/avatar\\\/4dfbf16b4d17945bfb6341b2d19043457132fcf478a5ee04f42e959fd8f5df0a?s=96&d=mm&r=g\",\"contentUrl\":\"https:\\\/\\\/secure.gravatar.com\\\/avatar\\\/4dfbf16b4d17945bfb6341b2d19043457132fcf478a5ee04f42e959fd8f5df0a?s=96&d=mm&r=g\",\"caption\":\"NOTICIASMERCEDINAS.COM\"},\"url\":\"https:\\\/\\\/noticiasmercedinas.com\\\/site\\\/author\\\/anonimo\\\/\"}]}<\/script>\n<!-- \/ Yoast SEO plugin. -->","yoast_head_json":{"title":"Vanesa Siley particip\u00f3 en el lanzamiento de la Mesa Cristina Presidenta: \"Nuestro desaf\u00edo es revalidar el poder popular\"","robots":{"index":"index","follow":"follow","max-snippet":"max-snippet:-1","max-image-preview":"max-image-preview:large","max-video-preview":"max-video-preview:-1"},"canonical":"https:\/\/noticiasmercedinas.com\/site\/2024\/10\/22\/vanesa-siley-participo-en-el-lanzamiento-de-la-mesa-cristina-presidenta-nuestro-desafio-es-revalidar-el-poder-popular\/","og_locale":"es_ES","og_type":"article","og_title":"Vanesa Siley particip\u00f3 en el lanzamiento de la Mesa Cristina Presidenta: \"Nuestro desaf\u00edo es revalidar el poder popular\"","og_description":"\u25a0 La diputada mercedina llam\u00f3 a la militancia peronista a movilizarse en apoyo a Cristina Fern\u00e1ndez de Kirchner en las internas del Partido Justicialista","og_url":"https:\/\/noticiasmercedinas.com\/site\/2024\/10\/22\/vanesa-siley-participo-en-el-lanzamiento-de-la-mesa-cristina-presidenta-nuestro-desafio-es-revalidar-el-poder-popular\/","og_site_name":"NOTICIASMERCEDINAS.COM","article_publisher":"https:\/\/www.facebook.com\/noticiasmercedinas\/","article_published_time":"2024-10-23T00:17:50+00:00","article_modified_time":"2024-10-23T00:30:38+00:00","og_image":[{"width":720,"height":480,"url":"https:\/\/noticiasmercedinas.com\/site\/wp-content\/uploads\/2024\/10\/FB_IMG_1729641435604.jpg","type":"image\/jpeg"}],"author":"NOTICIASMERCEDINAS.COM","twitter_card":"summary_large_image","twitter_creator":"@notmercedinas","twitter_site":"@notmercedinas","twitter_misc":{"Escrito por":"NOTICIASMERCEDINAS.COM","Tiempo de lectura":"2 minutos"},"schema":{"@context":"https:\/\/schema.org","@graph":[{"@type":"Article","@id":"https:\/\/noticiasmercedinas.com\/site\/2024\/10\/22\/vanesa-siley-participo-en-el-lanzamiento-de-la-mesa-cristina-presidenta-nuestro-desafio-es-revalidar-el-poder-popular\/#article","isPartOf":{"@id":"https:\/\/noticiasmercedinas.com\/site\/2024\/10\/22\/vanesa-siley-participo-en-el-lanzamiento-de-la-mesa-cristina-presidenta-nuestro-desafio-es-revalidar-el-poder-popular\/"},"author":{"name":"NOTICIASMERCEDINAS.COM","@id":"https:\/\/noticiasmercedinas.com\/site\/#\/schema\/person\/84b59c099c28ff2e8b77d4ceec5d8063"},"headline":"Vanesa Siley particip\u00f3 en el lanzamiento de la Mesa Cristina Presidenta: \u00abNuestro desaf\u00edo es revalidar el poder popular\u00bb","datePublished":"2024-10-23T00:17:50+00:00","dateModified":"2024-10-23T00:30:38+00:00","mainEntityOfPage":{"@id":"https:\/\/noticiasmercedinas.com\/site\/2024\/10\/22\/vanesa-siley-participo-en-el-lanzamiento-de-la-mesa-cristina-presidenta-nuestro-desafio-es-revalidar-el-poder-popular\/"},"wordCount":320,"publisher":{"@id":"https:\/\/noticiasmercedinas.com\/site\/#organization"},"image":{"@id":"https:\/\/noticiasmercedinas.com\/site\/2024\/10\/22\/vanesa-siley-participo-en-el-lanzamiento-de-la-mesa-cristina-presidenta-nuestro-desafio-es-revalidar-el-poder-popular\/#primaryimage"},"thumbnailUrl":"https:\/\/noticiasmercedinas.com\/site\/wp-content\/uploads\/2024\/10\/FB_IMG_1729641435604.jpg","keywords":["Cristina Fern\u00e1ndez de Kirchner","pj","vanesa siley"],"articleSection":["Politica"],"inLanguage":"es"},{"@type":"WebPage","@id":"https:\/\/noticiasmercedinas.com\/site\/2024\/10\/22\/vanesa-siley-participo-en-el-lanzamiento-de-la-mesa-cristina-presidenta-nuestro-desafio-es-revalidar-el-poder-popular\/","url":"https:\/\/noticiasmercedinas.com\/site\/2024\/10\/22\/vanesa-siley-participo-en-el-lanzamiento-de-la-mesa-cristina-presidenta-nuestro-desafio-es-revalidar-el-poder-popular\/","name":"Vanesa Siley particip\u00f3 en el lanzamiento de la Mesa Cristina Presidenta: \"Nuestro desaf\u00edo es revalidar el poder popular\"","isPartOf":{"@id":"https:\/\/noticiasmercedinas.com\/site\/#website"},"primaryImageOfPage":{"@id":"https:\/\/noticiasmercedinas.com\/site\/2024\/10\/22\/vanesa-siley-participo-en-el-lanzamiento-de-la-mesa-cristina-presidenta-nuestro-desafio-es-revalidar-el-poder-popular\/#primaryimage"},"image":{"@id":"https:\/\/noticiasmercedinas.com\/site\/2024\/10\/22\/vanesa-siley-participo-en-el-lanzamiento-de-la-mesa-cristina-presidenta-nuestro-desafio-es-revalidar-el-poder-popular\/#primaryimage"},"thumbnailUrl":"https:\/\/noticiasmercedinas.com\/site\/wp-content\/uploads\/2024\/10\/FB_IMG_1729641435604.jpg","datePublished":"2024-10-23T00:17:50+00:00","dateModified":"2024-10-23T00:30:38+00:00","breadcrumb":{"@id":"https:\/\/noticiasmercedinas.com\/site\/2024\/10\/22\/vanesa-siley-participo-en-el-lanzamiento-de-la-mesa-cristina-presidenta-nuestro-desafio-es-revalidar-el-poder-popular\/#breadcrumb"},"inLanguage":"es","potentialAction":[{"@type":"ReadAction","target":["https:\/\/noticiasmercedinas.com\/site\/2024\/10\/22\/vanesa-siley-participo-en-el-lanzamiento-de-la-mesa-cristina-presidenta-nuestro-desafio-es-revalidar-el-poder-popular\/"]}]},{"@type":"ImageObject","inLanguage":"es","@id":"https:\/\/noticiasmercedinas.com\/site\/2024\/10\/22\/vanesa-siley-participo-en-el-lanzamiento-de-la-mesa-cristina-presidenta-nuestro-desafio-es-revalidar-el-poder-popular\/#primaryimage","url":"https:\/\/noticiasmercedinas.com\/site\/wp-content\/uploads\/2024\/10\/FB_IMG_1729641435604.jpg","contentUrl":"https:\/\/noticiasmercedinas.com\/site\/wp-content\/uploads\/2024\/10\/FB_IMG_1729641435604.jpg","width":720,"height":480},{"@type":"BreadcrumbList","@id":"https:\/\/noticiasmercedinas.com\/site\/2024\/10\/22\/vanesa-siley-participo-en-el-lanzamiento-de-la-mesa-cristina-presidenta-nuestro-desafio-es-revalidar-el-poder-popular\/#breadcrumb","itemListElement":[{"@type":"ListItem","position":1,"name":"Portada","item":"https:\/\/noticiasmercedinas.com\/site\/"},{"@type":"ListItem","position":2,"name":"Vanesa Siley particip\u00f3 en el lanzamiento de la Mesa Cristina Presidenta: \u00abNuestro desaf\u00edo es revalidar el poder popular\u00bb"}]},{"@type":"WebSite","@id":"https:\/\/noticiasmercedinas.com\/site\/#website","url":"https:\/\/noticiasmercedinas.com\/site\/","name":"NOTICIASMERCEDINAS.COM","description":"Mercedes, Buenos Aires, Argentina","publisher":{"@id":"https:\/\/noticiasmercedinas.com\/site\/#organization"},"potentialAction":[{"@type":"SearchAction","target":{"@type":"EntryPoint","urlTemplate":"https:\/\/noticiasmercedinas.com\/site\/?s={search_term_string}"},"query-input":{"@type":"PropertyValueSpecification","valueRequired":true,"valueName":"search_term_string"}}],"inLanguage":"es"},{"@type":"Organization","@id":"https:\/\/noticiasmercedinas.com\/site\/#organization","name":"NOTICIASMERCEDINAS.COM","url":"https:\/\/noticiasmercedinas.com\/site\/","logo":{"@type":"ImageObject","inLanguage":"es","@id":"https:\/\/noticiasmercedinas.com\/site\/#\/schema\/logo\/image\/","url":"https:\/\/noticiasmercedinas.com\/site\/wp-content\/uploads\/2020\/06\/LOGO-512.jpg","contentUrl":"https:\/\/noticiasmercedinas.com\/site\/wp-content\/uploads\/2020\/06\/LOGO-512.jpg","width":512,"height":512,"caption":"NOTICIASMERCEDINAS.COM"},"image":{"@id":"https:\/\/noticiasmercedinas.com\/site\/#\/schema\/logo\/image\/"},"sameAs":["https:\/\/www.facebook.com\/noticiasmercedinas\/","https:\/\/x.com\/notmercedinas","https:\/\/www.instagram.com\/noticiasmercedinas\/"]},{"@type":"Person","@id":"https:\/\/noticiasmercedinas.com\/site\/#\/schema\/person\/84b59c099c28ff2e8b77d4ceec5d8063","name":"NOTICIASMERCEDINAS.COM","image":{"@type":"ImageObject","inLanguage":"es","@id":"https:\/\/secure.gravatar.com\/avatar\/4dfbf16b4d17945bfb6341b2d19043457132fcf478a5ee04f42e959fd8f5df0a?s=96&d=mm&r=g","url":"https:\/\/secure.gravatar.com\/avatar\/4dfbf16b4d17945bfb6341b2d19043457132fcf478a5ee04f42e959fd8f5df0a?s=96&d=mm&r=g","contentUrl":"https:\/\/secure.gravatar.com\/avatar\/4dfbf16b4d17945bfb6341b2d19043457132fcf478a5ee04f42e959fd8f5df0a?s=96&d=mm&r=g","caption":"NOTICIASMERCEDINAS.COM"},"url":"https:\/\/noticiasmercedinas.com\/site\/author\/anonimo\/"}]}},"amp_enabled":true,"_links":{"self":[{"href":"https:\/\/noticiasmercedinas.com\/site\/wp-json\/wp\/v2\/posts\/146762","targetHints":{"allow":["GET"]}}],"collection":[{"href":"https:\/\/noticiasmercedinas.com\/site\/wp-json\/wp\/v2\/posts"}],"about":[{"href":"https:\/\/noticiasmercedinas.com\/site\/wp-json\/wp\/v2\/types\/post"}],"author":[{"embeddable":true,"href":"https:\/\/noticiasmercedinas.com\/site\/wp-json\/wp\/v2\/users\/16"}],"replies":[{"embeddable":true,"href":"https:\/\/noticiasmercedinas.com\/site\/wp-json\/wp\/v2\/comments?post=146762"}],"version-history":[{"count":2,"href":"https:\/\/noticiasmercedinas.com\/site\/wp-json\/wp\/v2\/posts\/146762\/revisions"}],"predecessor-version":[{"id":146767,"href":"https:\/\/noticiasmercedinas.com\/site\/wp-json\/wp\/v2\/posts\/146762\/revisions\/146767"}],"wp:featuredmedia":[{"embeddable":true,"href":"https:\/\/noticiasmercedinas.com\/site\/wp-json\/wp\/v2\/media\/146763"}],"wp:attachment":[{"href":"https:\/\/noticiasmercedinas.com\/site\/wp-json\/wp\/v2\/media?parent=146762"}],"wp:term":[{"taxonomy":"category","embeddable":true,"href":"https:\/\/noticiasmercedinas.com\/site\/wp-json\/wp\/v2\/categories?post=146762"},{"taxonomy":"post_tag","embeddable":true,"href":"https:\/\/noticiasmercedinas.com\/site\/wp-json\/wp\/v2\/tags?post=146762"}],"curies":[{"name":"wp","href":"https:\/\/api.w.org\/{rel}","templated":true}]}}