{"id":146774,"date":"2024-10-23T08:12:07","date_gmt":"2024-10-23T11:12:07","guid":{"rendered":"https:\/\/noticiasmercedinas.com\/site\/?p=146774"},"modified":"2024-10-23T08:12:07","modified_gmt":"2024-10-23T11:12:07","slug":"el-municipio-de-mercedes-inauguro-una-nueva-direccion-de-salud-mental","status":"publish","type":"post","link":"https:\/\/noticiasmercedinas.com\/site\/2024\/10\/23\/el-municipio-de-mercedes-inauguro-una-nueva-direccion-de-salud-mental\/","title":{"rendered":"El Municipio de Mercedes inaugur\u00f3 una nueva Direcci\u00f3n de Salud Mental"},"content":{"rendered":"<p><img loading=\"lazy\" decoding=\"async\" class=\"alignnone size-full wp-image-146775\" src=\"https:\/\/noticiasmercedinas.com\/site\/wp-content\/uploads\/2024\/10\/DSC07348.jpg\" alt=\"\" width=\"1319\" height=\"879\" srcset=\"https:\/\/noticiasmercedinas.com\/site\/wp-content\/uploads\/2024\/10\/DSC07348.jpg 1319w, https:\/\/noticiasmercedinas.com\/site\/wp-content\/uploads\/2024\/10\/DSC07348-300x200.jpg 300w, https:\/\/noticiasmercedinas.com\/site\/wp-content\/uploads\/2024\/10\/DSC07348-1024x682.jpg 1024w, https:\/\/noticiasmercedinas.com\/site\/wp-content\/uploads\/2024\/10\/DSC07348-768x512.jpg 768w, https:\/\/noticiasmercedinas.com\/site\/wp-content\/uploads\/2024\/10\/DSC07348-640x427.jpg 640w, https:\/\/noticiasmercedinas.com\/site\/wp-content\/uploads\/2024\/10\/DSC07348-1280x853.jpg 1280w, https:\/\/noticiasmercedinas.com\/site\/wp-content\/uploads\/2024\/10\/DSC07348-681x454.jpg 681w\" sizes=\"auto, (max-width: 1319px) 100vw, 1319px\" \/><\/p>\n<p>El martes se llev\u00f3 a cabo la apertura oficial de la nueva Direcci\u00f3n de Salud Mental en Mercedes, un \u00e1rea clave que estar\u00e1 bajo la conducci\u00f3n de la licenciada Lorena Abinal. Esta creaci\u00f3n es parte de una pol\u00edtica impulsada por el intendente Juan Ignacio Ustarroz y busca fortalecer la atenci\u00f3n de la salud mental desde una mirada integral y comunitaria. El acto de presentaci\u00f3n se realiz\u00f3 en el Centro Cultural Teatro Argentino y cont\u00f3 con la presencia de la subsecretaria de Salud Mental, Consumos Problem\u00e1ticos y Violencias del Ministerio de Salud de la Provincia de Buenos Aires, Julieta Calmels.<\/p>\n<p>La flamante direcci\u00f3n formar\u00e1 parte de la Secretar\u00eda de Desarrollo de la Comunidad, a cargo de Jorgelina Silva, y trabajar\u00e1 en articulaci\u00f3n con la Secretar\u00eda de Salud, liderada por N\u00e9stor Pisapia. Durante la inauguraci\u00f3n, Ustarroz destac\u00f3 el rol del Estado en la generaci\u00f3n de pol\u00edticas p\u00fablicas robustas en tiempos dif\u00edciles. \u00abSon tiempos duros y el padecimiento se ve en distintos niveles. Los que defendemos al Estado debemos generar pol\u00edticas p\u00fablicas cada vez m\u00e1s fuertes, con mayor participaci\u00f3n. La Direcci\u00f3n de Salud Mental es un paso concreto en ese sentido\u00bb, expres\u00f3 el jefe comunal.<\/p>\n<p>Ustarroz tambi\u00e9n subray\u00f3 la importancia de pensar en la salud mental en t\u00e9rminos de comunidad y participaci\u00f3n, fomentando el arte, el deporte y el medio ambiente como pilares para el bienestar colectivo. \u00abEl objetivo es construir una comunidad m\u00e1s sana, siempre con respeto y participaci\u00f3n de las instituciones\u00bb, sostuvo.<\/p>\n<blockquote><p>La licenciada Abinal, quien estar\u00e1 al frente de la nueva direcci\u00f3n, se\u00f1al\u00f3 que su objetivo es articular los dispositivos existentes y mejorar la primera escucha y orientaci\u00f3n en temas de salud mental.<\/p><\/blockquote>\n<p>Por su parte, Calmels elogi\u00f3 la iniciativa del municipio al darle espacio a una direcci\u00f3n espec\u00edfica para abordar la salud mental. \u00abEs un momento de alegr\u00eda. Esto sintetiza el trabajo que hace tiempo se realiza en Mercedes para construir una nueva mirada sobre la salud mental\u00bb, manifest\u00f3, y agreg\u00f3 que la salud mental no se limita a los servicios de salud, sino que se construye desde diversas \u00e1reas de gobierno y comunidades.<\/p>\n<p>La licenciada Abinal, quien estar\u00e1 al frente de la nueva direcci\u00f3n, se\u00f1al\u00f3 que su objetivo es articular los dispositivos existentes y mejorar la primera escucha y orientaci\u00f3n en temas de salud mental. \u00abDebemos pensar en los abordajes y optimizar recursos en un contexto donde las pol\u00edticas p\u00fablicas nacionales nos desfinancian\u00bb, afirm\u00f3, y subray\u00f3 que el enfoque ser\u00e1 comunitario, alej\u00e1ndose de una visi\u00f3n exclusivamente individual de lo terap\u00e9utico.<\/p>\n<p>Esta nueva Direcci\u00f3n de Salud Mental representa un avance importante para Mercedes en la consolidaci\u00f3n de pol\u00edticas p\u00fablicas que buscan mejorar el bienestar social desde una perspectiva multidisciplinaria y participativa.<\/p>\n","protected":false},"excerpt":{"rendered":"<p>\u25a0 La subsecretaria de Salud Mental, Consumos Problem\u00e1ticos y Violencias del Ministerio de Salud de la Provincia, Julieta Calmels, y el intendente destacaron la importancia de una pol\u00edtica p\u00fablica comunitaria<\/p>\n","protected":false},"author":16,"featured_media":146775,"comment_status":"closed","ping_status":"closed","sticky":false,"template":"","format":"standard","meta":{"footnotes":""},"categories":[3],"tags":[10316,12980,1190],"class_list":["post-146774","post","type-post","status-publish","format-standard","has-post-thumbnail","hentry","category-sociedad","tag-julieta-calmels","tag-lorena-abinal","tag-salud-mental"],"yoast_head":"<!-- This site is optimized with the Yoast SEO plugin v27.4 - https:\/\/yoast.com\/product\/yoast-seo-wordpress\/ -->\n<title>El Municipio de Mercedes inaugur\u00f3 una nueva Direcci\u00f3n de Salud Mental<\/title>\n<meta name=\"robots\" content=\"index, follow, max-snippet:-1, max-image-preview:large, max-video-preview:-1\" \/>\n<link rel=\"canonical\" href=\"https:\/\/noticiasmercedinas.com\/site\/2024\/10\/23\/el-municipio-de-mercedes-inauguro-una-nueva-direccion-de-salud-mental\/\" \/>\n<meta property=\"og:locale\" content=\"es_ES\" \/>\n<meta property=\"og:type\" content=\"article\" \/>\n<meta property=\"og:title\" content=\"El Municipio de Mercedes inaugur\u00f3 una nueva Direcci\u00f3n de Salud Mental\" \/>\n<meta property=\"og:description\" content=\"\u25a0 La subsecretaria de Salud Mental, Consumos Problem\u00e1ticos y Violencias del Ministerio de Salud de la Provincia, Julieta Calmels, y el intendente destacaron la importancia de una pol\u00edtica p\u00fablica comunitaria\" \/>\n<meta property=\"og:url\" content=\"https:\/\/noticiasmercedinas.com\/site\/2024\/10\/23\/el-municipio-de-mercedes-inauguro-una-nueva-direccion-de-salud-mental\/\" \/>\n<meta property=\"og:site_name\" content=\"NOTICIASMERCEDINAS.COM\" \/>\n<meta property=\"article:publisher\" content=\"https:\/\/www.facebook.com\/noticiasmercedinas\/\" \/>\n<meta property=\"article:published_time\" content=\"2024-10-23T11:12:07+00:00\" \/>\n<meta property=\"og:image\" content=\"https:\/\/noticiasmercedinas.com\/site\/wp-content\/uploads\/2024\/10\/DSC07348.jpg\" \/>\n\t<meta property=\"og:image:width\" content=\"1319\" \/>\n\t<meta property=\"og:image:height\" content=\"879\" \/>\n\t<meta property=\"og:image:type\" content=\"image\/jpeg\" \/>\n<meta name=\"author\" content=\"NOTICIASMERCEDINAS.COM\" \/>\n<meta name=\"twitter:card\" content=\"summary_large_image\" \/>\n<meta name=\"twitter:creator\" content=\"@notmercedinas\" \/>\n<meta name=\"twitter:site\" content=\"@notmercedinas\" \/>\n<meta name=\"twitter:label1\" content=\"Escrito por\" \/>\n\t<meta name=\"twitter:data1\" content=\"NOTICIASMERCEDINAS.COM\" \/>\n\t<meta name=\"twitter:label2\" content=\"Tiempo de lectura\" \/>\n\t<meta name=\"twitter:data2\" content=\"2 minutos\" \/>\n<script type=\"application\/ld+json\" class=\"yoast-schema-graph\">{\"@context\":\"https:\\\/\\\/schema.org\",\"@graph\":[{\"@type\":\"Article\",\"@id\":\"https:\\\/\\\/noticiasmercedinas.com\\\/site\\\/2024\\\/10\\\/23\\\/el-municipio-de-mercedes-inauguro-una-nueva-direccion-de-salud-mental\\\/#article\",\"isPartOf\":{\"@id\":\"https:\\\/\\\/noticiasmercedinas.com\\\/site\\\/2024\\\/10\\\/23\\\/el-municipio-de-mercedes-inauguro-una-nueva-direccion-de-salud-mental\\\/\"},\"author\":{\"name\":\"NOTICIASMERCEDINAS.COM\",\"@id\":\"https:\\\/\\\/noticiasmercedinas.com\\\/site\\\/#\\\/schema\\\/person\\\/84b59c099c28ff2e8b77d4ceec5d8063\"},\"headline\":\"El Municipio de Mercedes inaugur\u00f3 una nueva Direcci\u00f3n de Salud Mental\",\"datePublished\":\"2024-10-23T11:12:07+00:00\",\"mainEntityOfPage\":{\"@id\":\"https:\\\/\\\/noticiasmercedinas.com\\\/site\\\/2024\\\/10\\\/23\\\/el-municipio-de-mercedes-inauguro-una-nueva-direccion-de-salud-mental\\\/\"},\"wordCount\":499,\"publisher\":{\"@id\":\"https:\\\/\\\/noticiasmercedinas.com\\\/site\\\/#organization\"},\"image\":{\"@id\":\"https:\\\/\\\/noticiasmercedinas.com\\\/site\\\/2024\\\/10\\\/23\\\/el-municipio-de-mercedes-inauguro-una-nueva-direccion-de-salud-mental\\\/#primaryimage\"},\"thumbnailUrl\":\"https:\\\/\\\/noticiasmercedinas.com\\\/site\\\/wp-content\\\/uploads\\\/2024\\\/10\\\/DSC07348.jpg\",\"keywords\":[\"julieta calmels\",\"lorena abinal\",\"salud mental\"],\"articleSection\":[\"Sociedad\"],\"inLanguage\":\"es\"},{\"@type\":\"WebPage\",\"@id\":\"https:\\\/\\\/noticiasmercedinas.com\\\/site\\\/2024\\\/10\\\/23\\\/el-municipio-de-mercedes-inauguro-una-nueva-direccion-de-salud-mental\\\/\",\"url\":\"https:\\\/\\\/noticiasmercedinas.com\\\/site\\\/2024\\\/10\\\/23\\\/el-municipio-de-mercedes-inauguro-una-nueva-direccion-de-salud-mental\\\/\",\"name\":\"El Municipio de Mercedes inaugur\u00f3 una nueva Direcci\u00f3n de Salud Mental\",\"isPartOf\":{\"@id\":\"https:\\\/\\\/noticiasmercedinas.com\\\/site\\\/#website\"},\"primaryImageOfPage\":{\"@id\":\"https:\\\/\\\/noticiasmercedinas.com\\\/site\\\/2024\\\/10\\\/23\\\/el-municipio-de-mercedes-inauguro-una-nueva-direccion-de-salud-mental\\\/#primaryimage\"},\"image\":{\"@id\":\"https:\\\/\\\/noticiasmercedinas.com\\\/site\\\/2024\\\/10\\\/23\\\/el-municipio-de-mercedes-inauguro-una-nueva-direccion-de-salud-mental\\\/#primaryimage\"},\"thumbnailUrl\":\"https:\\\/\\\/noticiasmercedinas.com\\\/site\\\/wp-content\\\/uploads\\\/2024\\\/10\\\/DSC07348.jpg\",\"datePublished\":\"2024-10-23T11:12:07+00:00\",\"breadcrumb\":{\"@id\":\"https:\\\/\\\/noticiasmercedinas.com\\\/site\\\/2024\\\/10\\\/23\\\/el-municipio-de-mercedes-inauguro-una-nueva-direccion-de-salud-mental\\\/#breadcrumb\"},\"inLanguage\":\"es\",\"potentialAction\":[{\"@type\":\"ReadAction\",\"target\":[\"https:\\\/\\\/noticiasmercedinas.com\\\/site\\\/2024\\\/10\\\/23\\\/el-municipio-de-mercedes-inauguro-una-nueva-direccion-de-salud-mental\\\/\"]}]},{\"@type\":\"ImageObject\",\"inLanguage\":\"es\",\"@id\":\"https:\\\/\\\/noticiasmercedinas.com\\\/site\\\/2024\\\/10\\\/23\\\/el-municipio-de-mercedes-inauguro-una-nueva-direccion-de-salud-mental\\\/#primaryimage\",\"url\":\"https:\\\/\\\/noticiasmercedinas.com\\\/site\\\/wp-content\\\/uploads\\\/2024\\\/10\\\/DSC07348.jpg\",\"contentUrl\":\"https:\\\/\\\/noticiasmercedinas.com\\\/site\\\/wp-content\\\/uploads\\\/2024\\\/10\\\/DSC07348.jpg\",\"width\":1319,\"height\":879},{\"@type\":\"BreadcrumbList\",\"@id\":\"https:\\\/\\\/noticiasmercedinas.com\\\/site\\\/2024\\\/10\\\/23\\\/el-municipio-de-mercedes-inauguro-una-nueva-direccion-de-salud-mental\\\/#breadcrumb\",\"itemListElement\":[{\"@type\":\"ListItem\",\"position\":1,\"name\":\"Portada\",\"item\":\"https:\\\/\\\/noticiasmercedinas.com\\\/site\\\/\"},{\"@type\":\"ListItem\",\"position\":2,\"name\":\"El Municipio de Mercedes inaugur\u00f3 una nueva Direcci\u00f3n de Salud Mental\"}]},{\"@type\":\"WebSite\",\"@id\":\"https:\\\/\\\/noticiasmercedinas.com\\\/site\\\/#website\",\"url\":\"https:\\\/\\\/noticiasmercedinas.com\\\/site\\\/\",\"name\":\"NOTICIASMERCEDINAS.COM\",\"description\":\"Mercedes, Buenos Aires, Argentina\",\"publisher\":{\"@id\":\"https:\\\/\\\/noticiasmercedinas.com\\\/site\\\/#organization\"},\"potentialAction\":[{\"@type\":\"SearchAction\",\"target\":{\"@type\":\"EntryPoint\",\"urlTemplate\":\"https:\\\/\\\/noticiasmercedinas.com\\\/site\\\/?s={search_term_string}\"},\"query-input\":{\"@type\":\"PropertyValueSpecification\",\"valueRequired\":true,\"valueName\":\"search_term_string\"}}],\"inLanguage\":\"es\"},{\"@type\":\"Organization\",\"@id\":\"https:\\\/\\\/noticiasmercedinas.com\\\/site\\\/#organization\",\"name\":\"NOTICIASMERCEDINAS.COM\",\"url\":\"https:\\\/\\\/noticiasmercedinas.com\\\/site\\\/\",\"logo\":{\"@type\":\"ImageObject\",\"inLanguage\":\"es\",\"@id\":\"https:\\\/\\\/noticiasmercedinas.com\\\/site\\\/#\\\/schema\\\/logo\\\/image\\\/\",\"url\":\"https:\\\/\\\/noticiasmercedinas.com\\\/site\\\/wp-content\\\/uploads\\\/2020\\\/06\\\/LOGO-512.jpg\",\"contentUrl\":\"https:\\\/\\\/noticiasmercedinas.com\\\/site\\\/wp-content\\\/uploads\\\/2020\\\/06\\\/LOGO-512.jpg\",\"width\":512,\"height\":512,\"caption\":\"NOTICIASMERCEDINAS.COM\"},\"image\":{\"@id\":\"https:\\\/\\\/noticiasmercedinas.com\\\/site\\\/#\\\/schema\\\/logo\\\/image\\\/\"},\"sameAs\":[\"https:\\\/\\\/www.facebook.com\\\/noticiasmercedinas\\\/\",\"https:\\\/\\\/x.com\\\/notmercedinas\",\"https:\\\/\\\/www.instagram.com\\\/noticiasmercedinas\\\/\"]},{\"@type\":\"Person\",\"@id\":\"https:\\\/\\\/noticiasmercedinas.com\\\/site\\\/#\\\/schema\\\/person\\\/84b59c099c28ff2e8b77d4ceec5d8063\",\"name\":\"NOTICIASMERCEDINAS.COM\",\"image\":{\"@type\":\"ImageObject\",\"inLanguage\":\"es\",\"@id\":\"https:\\\/\\\/secure.gravatar.com\\\/avatar\\\/4dfbf16b4d17945bfb6341b2d19043457132fcf478a5ee04f42e959fd8f5df0a?s=96&d=mm&r=g\",\"url\":\"https:\\\/\\\/secure.gravatar.com\\\/avatar\\\/4dfbf16b4d17945bfb6341b2d19043457132fcf478a5ee04f42e959fd8f5df0a?s=96&d=mm&r=g\",\"contentUrl\":\"https:\\\/\\\/secure.gravatar.com\\\/avatar\\\/4dfbf16b4d17945bfb6341b2d19043457132fcf478a5ee04f42e959fd8f5df0a?s=96&d=mm&r=g\",\"caption\":\"NOTICIASMERCEDINAS.COM\"},\"url\":\"https:\\\/\\\/noticiasmercedinas.com\\\/site\\\/author\\\/anonimo\\\/\"}]}<\/script>\n<!-- \/ Yoast SEO plugin. -->","yoast_head_json":{"title":"El Municipio de Mercedes inaugur\u00f3 una nueva Direcci\u00f3n de Salud Mental","robots":{"index":"index","follow":"follow","max-snippet":"max-snippet:-1","max-image-preview":"max-image-preview:large","max-video-preview":"max-video-preview:-1"},"canonical":"https:\/\/noticiasmercedinas.com\/site\/2024\/10\/23\/el-municipio-de-mercedes-inauguro-una-nueva-direccion-de-salud-mental\/","og_locale":"es_ES","og_type":"article","og_title":"El Municipio de Mercedes inaugur\u00f3 una nueva Direcci\u00f3n de Salud Mental","og_description":"\u25a0 La subsecretaria de Salud Mental, Consumos Problem\u00e1ticos y Violencias del Ministerio de Salud de la Provincia, Julieta Calmels, y el intendente destacaron la importancia de una pol\u00edtica p\u00fablica comunitaria","og_url":"https:\/\/noticiasmercedinas.com\/site\/2024\/10\/23\/el-municipio-de-mercedes-inauguro-una-nueva-direccion-de-salud-mental\/","og_site_name":"NOTICIASMERCEDINAS.COM","article_publisher":"https:\/\/www.facebook.com\/noticiasmercedinas\/","article_published_time":"2024-10-23T11:12:07+00:00","og_image":[{"width":1319,"height":879,"url":"https:\/\/noticiasmercedinas.com\/site\/wp-content\/uploads\/2024\/10\/DSC07348.jpg","type":"image\/jpeg"}],"author":"NOTICIASMERCEDINAS.COM","twitter_card":"summary_large_image","twitter_creator":"@notmercedinas","twitter_site":"@notmercedinas","twitter_misc":{"Escrito por":"NOTICIASMERCEDINAS.COM","Tiempo de lectura":"2 minutos"},"schema":{"@context":"https:\/\/schema.org","@graph":[{"@type":"Article","@id":"https:\/\/noticiasmercedinas.com\/site\/2024\/10\/23\/el-municipio-de-mercedes-inauguro-una-nueva-direccion-de-salud-mental\/#article","isPartOf":{"@id":"https:\/\/noticiasmercedinas.com\/site\/2024\/10\/23\/el-municipio-de-mercedes-inauguro-una-nueva-direccion-de-salud-mental\/"},"author":{"name":"NOTICIASMERCEDINAS.COM","@id":"https:\/\/noticiasmercedinas.com\/site\/#\/schema\/person\/84b59c099c28ff2e8b77d4ceec5d8063"},"headline":"El Municipio de Mercedes inaugur\u00f3 una nueva Direcci\u00f3n de Salud Mental","datePublished":"2024-10-23T11:12:07+00:00","mainEntityOfPage":{"@id":"https:\/\/noticiasmercedinas.com\/site\/2024\/10\/23\/el-municipio-de-mercedes-inauguro-una-nueva-direccion-de-salud-mental\/"},"wordCount":499,"publisher":{"@id":"https:\/\/noticiasmercedinas.com\/site\/#organization"},"image":{"@id":"https:\/\/noticiasmercedinas.com\/site\/2024\/10\/23\/el-municipio-de-mercedes-inauguro-una-nueva-direccion-de-salud-mental\/#primaryimage"},"thumbnailUrl":"https:\/\/noticiasmercedinas.com\/site\/wp-content\/uploads\/2024\/10\/DSC07348.jpg","keywords":["julieta calmels","lorena abinal","salud mental"],"articleSection":["Sociedad"],"inLanguage":"es"},{"@type":"WebPage","@id":"https:\/\/noticiasmercedinas.com\/site\/2024\/10\/23\/el-municipio-de-mercedes-inauguro-una-nueva-direccion-de-salud-mental\/","url":"https:\/\/noticiasmercedinas.com\/site\/2024\/10\/23\/el-municipio-de-mercedes-inauguro-una-nueva-direccion-de-salud-mental\/","name":"El Municipio de Mercedes inaugur\u00f3 una nueva Direcci\u00f3n de Salud Mental","isPartOf":{"@id":"https:\/\/noticiasmercedinas.com\/site\/#website"},"primaryImageOfPage":{"@id":"https:\/\/noticiasmercedinas.com\/site\/2024\/10\/23\/el-municipio-de-mercedes-inauguro-una-nueva-direccion-de-salud-mental\/#primaryimage"},"image":{"@id":"https:\/\/noticiasmercedinas.com\/site\/2024\/10\/23\/el-municipio-de-mercedes-inauguro-una-nueva-direccion-de-salud-mental\/#primaryimage"},"thumbnailUrl":"https:\/\/noticiasmercedinas.com\/site\/wp-content\/uploads\/2024\/10\/DSC07348.jpg","datePublished":"2024-10-23T11:12:07+00:00","breadcrumb":{"@id":"https:\/\/noticiasmercedinas.com\/site\/2024\/10\/23\/el-municipio-de-mercedes-inauguro-una-nueva-direccion-de-salud-mental\/#breadcrumb"},"inLanguage":"es","potentialAction":[{"@type":"ReadAction","target":["https:\/\/noticiasmercedinas.com\/site\/2024\/10\/23\/el-municipio-de-mercedes-inauguro-una-nueva-direccion-de-salud-mental\/"]}]},{"@type":"ImageObject","inLanguage":"es","@id":"https:\/\/noticiasmercedinas.com\/site\/2024\/10\/23\/el-municipio-de-mercedes-inauguro-una-nueva-direccion-de-salud-mental\/#primaryimage","url":"https:\/\/noticiasmercedinas.com\/site\/wp-content\/uploads\/2024\/10\/DSC07348.jpg","contentUrl":"https:\/\/noticiasmercedinas.com\/site\/wp-content\/uploads\/2024\/10\/DSC07348.jpg","width":1319,"height":879},{"@type":"BreadcrumbList","@id":"https:\/\/noticiasmercedinas.com\/site\/2024\/10\/23\/el-municipio-de-mercedes-inauguro-una-nueva-direccion-de-salud-mental\/#breadcrumb","itemListElement":[{"@type":"ListItem","position":1,"name":"Portada","item":"https:\/\/noticiasmercedinas.com\/site\/"},{"@type":"ListItem","position":2,"name":"El Municipio de Mercedes inaugur\u00f3 una nueva Direcci\u00f3n de Salud Mental"}]},{"@type":"WebSite","@id":"https:\/\/noticiasmercedinas.com\/site\/#website","url":"https:\/\/noticiasmercedinas.com\/site\/","name":"NOTICIASMERCEDINAS.COM","description":"Mercedes, Buenos Aires, Argentina","publisher":{"@id":"https:\/\/noticiasmercedinas.com\/site\/#organization"},"potentialAction":[{"@type":"SearchAction","target":{"@type":"EntryPoint","urlTemplate":"https:\/\/noticiasmercedinas.com\/site\/?s={search_term_string}"},"query-input":{"@type":"PropertyValueSpecification","valueRequired":true,"valueName":"search_term_string"}}],"inLanguage":"es"},{"@type":"Organization","@id":"https:\/\/noticiasmercedinas.com\/site\/#organization","name":"NOTICIASMERCEDINAS.COM","url":"https:\/\/noticiasmercedinas.com\/site\/","logo":{"@type":"ImageObject","inLanguage":"es","@id":"https:\/\/noticiasmercedinas.com\/site\/#\/schema\/logo\/image\/","url":"https:\/\/noticiasmercedinas.com\/site\/wp-content\/uploads\/2020\/06\/LOGO-512.jpg","contentUrl":"https:\/\/noticiasmercedinas.com\/site\/wp-content\/uploads\/2020\/06\/LOGO-512.jpg","width":512,"height":512,"caption":"NOTICIASMERCEDINAS.COM"},"image":{"@id":"https:\/\/noticiasmercedinas.com\/site\/#\/schema\/logo\/image\/"},"sameAs":["https:\/\/www.facebook.com\/noticiasmercedinas\/","https:\/\/x.com\/notmercedinas","https:\/\/www.instagram.com\/noticiasmercedinas\/"]},{"@type":"Person","@id":"https:\/\/noticiasmercedinas.com\/site\/#\/schema\/person\/84b59c099c28ff2e8b77d4ceec5d8063","name":"NOTICIASMERCEDINAS.COM","image":{"@type":"ImageObject","inLanguage":"es","@id":"https:\/\/secure.gravatar.com\/avatar\/4dfbf16b4d17945bfb6341b2d19043457132fcf478a5ee04f42e959fd8f5df0a?s=96&d=mm&r=g","url":"https:\/\/secure.gravatar.com\/avatar\/4dfbf16b4d17945bfb6341b2d19043457132fcf478a5ee04f42e959fd8f5df0a?s=96&d=mm&r=g","contentUrl":"https:\/\/secure.gravatar.com\/avatar\/4dfbf16b4d17945bfb6341b2d19043457132fcf478a5ee04f42e959fd8f5df0a?s=96&d=mm&r=g","caption":"NOTICIASMERCEDINAS.COM"},"url":"https:\/\/noticiasmercedinas.com\/site\/author\/anonimo\/"}]}},"amp_enabled":true,"_links":{"self":[{"href":"https:\/\/noticiasmercedinas.com\/site\/wp-json\/wp\/v2\/posts\/146774","targetHints":{"allow":["GET"]}}],"collection":[{"href":"https:\/\/noticiasmercedinas.com\/site\/wp-json\/wp\/v2\/posts"}],"about":[{"href":"https:\/\/noticiasmercedinas.com\/site\/wp-json\/wp\/v2\/types\/post"}],"author":[{"embeddable":true,"href":"https:\/\/noticiasmercedinas.com\/site\/wp-json\/wp\/v2\/users\/16"}],"replies":[{"embeddable":true,"href":"https:\/\/noticiasmercedinas.com\/site\/wp-json\/wp\/v2\/comments?post=146774"}],"version-history":[{"count":1,"href":"https:\/\/noticiasmercedinas.com\/site\/wp-json\/wp\/v2\/posts\/146774\/revisions"}],"predecessor-version":[{"id":146776,"href":"https:\/\/noticiasmercedinas.com\/site\/wp-json\/wp\/v2\/posts\/146774\/revisions\/146776"}],"wp:featuredmedia":[{"embeddable":true,"href":"https:\/\/noticiasmercedinas.com\/site\/wp-json\/wp\/v2\/media\/146775"}],"wp:attachment":[{"href":"https:\/\/noticiasmercedinas.com\/site\/wp-json\/wp\/v2\/media?parent=146774"}],"wp:term":[{"taxonomy":"category","embeddable":true,"href":"https:\/\/noticiasmercedinas.com\/site\/wp-json\/wp\/v2\/categories?post=146774"},{"taxonomy":"post_tag","embeddable":true,"href":"https:\/\/noticiasmercedinas.com\/site\/wp-json\/wp\/v2\/tags?post=146774"}],"curies":[{"name":"wp","href":"https:\/\/api.w.org\/{rel}","templated":true}]}}