{"id":146777,"date":"2024-10-23T08:22:32","date_gmt":"2024-10-23T11:22:32","guid":{"rendered":"https:\/\/noticiasmercedinas.com\/site\/?p=146777"},"modified":"2024-10-23T08:22:32","modified_gmt":"2024-10-23T11:22:32","slug":"da-skate-inicia-su-primera-gira-en-mexico-celebrando-20-anos-de-trayectoria","status":"publish","type":"post","link":"https:\/\/noticiasmercedinas.com\/site\/2024\/10\/23\/da-skate-inicia-su-primera-gira-en-mexico-celebrando-20-anos-de-trayectoria\/","title":{"rendered":"Da Skate inicia su primera gira en M\u00e9xico celebrando 20 a\u00f1os de trayectoria"},"content":{"rendered":"<p><img loading=\"lazy\" decoding=\"async\" class=\"alignnone size-full wp-image-146778\" src=\"https:\/\/noticiasmercedinas.com\/site\/wp-content\/uploads\/2024\/10\/464178136_10236267191159949_6380329620793499813_n.jpg\" alt=\"\" width=\"1440\" height=\"1440\" srcset=\"https:\/\/noticiasmercedinas.com\/site\/wp-content\/uploads\/2024\/10\/464178136_10236267191159949_6380329620793499813_n.jpg 1440w, https:\/\/noticiasmercedinas.com\/site\/wp-content\/uploads\/2024\/10\/464178136_10236267191159949_6380329620793499813_n-300x300.jpg 300w, https:\/\/noticiasmercedinas.com\/site\/wp-content\/uploads\/2024\/10\/464178136_10236267191159949_6380329620793499813_n-1024x1024.jpg 1024w, https:\/\/noticiasmercedinas.com\/site\/wp-content\/uploads\/2024\/10\/464178136_10236267191159949_6380329620793499813_n-150x150.jpg 150w, https:\/\/noticiasmercedinas.com\/site\/wp-content\/uploads\/2024\/10\/464178136_10236267191159949_6380329620793499813_n-768x768.jpg 768w, https:\/\/noticiasmercedinas.com\/site\/wp-content\/uploads\/2024\/10\/464178136_10236267191159949_6380329620793499813_n-640x640.jpg 640w, https:\/\/noticiasmercedinas.com\/site\/wp-content\/uploads\/2024\/10\/464178136_10236267191159949_6380329620793499813_n-1280x1280.jpg 1280w, https:\/\/noticiasmercedinas.com\/site\/wp-content\/uploads\/2024\/10\/464178136_10236267191159949_6380329620793499813_n-681x681.jpg 681w, https:\/\/noticiasmercedinas.com\/site\/wp-content\/uploads\/2024\/10\/464178136_10236267191159949_6380329620793499813_n-1362x1362.jpg 1362w\" sizes=\"auto, (max-width: 1440px) 100vw, 1440px\" \/><\/p>\n<p>Este mi\u00e9rcoles 23 de octubre, la banda mercedina Da Skate dar\u00e1 inicio a su tan esperada gira por M\u00e9xico, en el marco de la celebraci\u00f3n de sus 20 a\u00f1os de carrera. Por primera vez, el grupo llevar\u00e1 su potente energ\u00eda y compromiso musical a escenarios mexicanos, donde compartir\u00e1n con un p\u00fablico que llevan tiempo anhelando conocer.<\/p>\n<p>\u00abVamos a estar festejando nuestros 20 a\u00f1os de banda en un pa\u00eds tan so\u00f1ado y querido para nosotros. Hace tiempo que nos estamos esperando, lleg\u00f3 el d\u00eda\u00bb, expres\u00f3 la bajista Eugenia Valle desde sus redes sociales. La emoci\u00f3n y gratitud de la banda se palpita en cada palabra: \u201cGracias a ustedes. Ya fluye la emoci\u00f3n, ah\u00ed vamos otra vez, y las distancias se acortan hoy una vez m\u00e1s, uniendo nuestra amistad\u201d, mencion\u00f3, mostrando el v\u00ednculo que han construido con su p\u00fablico.<\/p>\n<p>El <strong>M\u00e9xico Tour 2024<\/strong> comenzar\u00e1 en Guadalajara, donde Da Skate se presentar\u00e1 hoy 23 de octubre en el Foro Independencia. Los boletos est\u00e1n a la venta en puntos oficiales como Anexo Independencia y La Victory Store. Luego seguir\u00e1n en San Luis Potos\u00ed el 24 de octubre, con un show gratuito en Franky&#8217;s SLP, al que se podr\u00e1 asistir con pulsera. El 25 de octubre ser\u00e1 el turno de Quer\u00e9taro, donde tocar\u00e1n en Peluquer\u00eda El Borrego, y el 26 cerrar\u00e1n su paso por M\u00e9xico en la Ciudad de M\u00e9xico, con una presentaci\u00f3n en el Fuck Off Room, con boletos disponibles en Wegow.<\/p>\n<p><strong>Da Skate<\/strong> est\u00e1 integrada por <strong>Leandro Flores<\/strong> en voces, <strong>Marcos Di Federico<\/strong> y <strong>Nicol\u00e1s Malinosky<\/strong> en guitarras, <strong>Germ\u00e1n Pace<\/strong> en bater\u00eda y <strong>Eugenia Valle<\/strong> en el bajo. Con 20 a\u00f1os de trayectoria, la banda ha mantenido su presencia activa en la escena musical argentina, realizando m\u00faltiples presentaciones en su pa\u00eds antes de embarcarse en esta nueva aventura internacional.<\/p>\n<p>El p\u00fablico mexicano tendr\u00e1 la oportunidad de vivir de cerca la fuerza y el mensaje de Da Skate, en una gira que ser\u00e1 inolvidable tanto para la banda como para sus seguidores.<\/p>\n","protected":false},"excerpt":{"rendered":"<p>\u25a0 Tienen 4 presentaciones comprometidas y todo comenzar\u00e1 en Guadalajara, donde Da Skate se presentar\u00e1 hoy 23 de octubre en el Foro Independencia. Una gira que ser\u00e1 inolvidable<\/p>\n","protected":false},"author":16,"featured_media":146778,"comment_status":"closed","ping_status":"closed","sticky":false,"template":"","format":"standard","meta":{"footnotes":""},"categories":[4],"tags":[2229,2233,2234,13795,2232,2235,4010,88,19013],"class_list":["post-146777","post","type-post","status-publish","format-standard","has-post-thumbnail","hentry","category-cultura","tag-da-skate","tag-eugenia-valle","tag-german-pace","tag-gira","tag-leandro-flores","tag-marcos-di-federico","tag-mexico","tag-musica","tag-nicolas-malinosky"],"yoast_head":"<!-- This site is optimized with the Yoast SEO plugin v27.4 - https:\/\/yoast.com\/product\/yoast-seo-wordpress\/ -->\n<title>Da Skate inicia su primera gira en M\u00e9xico celebrando 20 a\u00f1os de trayectoria<\/title>\n<meta name=\"robots\" content=\"index, follow, max-snippet:-1, max-image-preview:large, max-video-preview:-1\" \/>\n<link rel=\"canonical\" href=\"https:\/\/noticiasmercedinas.com\/site\/2024\/10\/23\/da-skate-inicia-su-primera-gira-en-mexico-celebrando-20-anos-de-trayectoria\/\" \/>\n<meta property=\"og:locale\" content=\"es_ES\" \/>\n<meta property=\"og:type\" content=\"article\" \/>\n<meta property=\"og:title\" content=\"Da Skate inicia su primera gira en M\u00e9xico celebrando 20 a\u00f1os de trayectoria\" \/>\n<meta property=\"og:description\" content=\"\u25a0 Tienen 4 presentaciones comprometidas y todo comenzar\u00e1 en Guadalajara, donde Da Skate se presentar\u00e1 hoy 23 de octubre en el Foro Independencia. Una gira que ser\u00e1 inolvidable\" \/>\n<meta property=\"og:url\" content=\"https:\/\/noticiasmercedinas.com\/site\/2024\/10\/23\/da-skate-inicia-su-primera-gira-en-mexico-celebrando-20-anos-de-trayectoria\/\" \/>\n<meta property=\"og:site_name\" content=\"NOTICIASMERCEDINAS.COM\" \/>\n<meta property=\"article:publisher\" content=\"https:\/\/www.facebook.com\/noticiasmercedinas\/\" \/>\n<meta property=\"article:published_time\" content=\"2024-10-23T11:22:32+00:00\" \/>\n<meta property=\"og:image\" content=\"https:\/\/noticiasmercedinas.com\/site\/wp-content\/uploads\/2024\/10\/464178136_10236267191159949_6380329620793499813_n.jpg\" \/>\n\t<meta property=\"og:image:width\" content=\"1440\" \/>\n\t<meta property=\"og:image:height\" content=\"1440\" \/>\n\t<meta property=\"og:image:type\" content=\"image\/jpeg\" \/>\n<meta name=\"author\" content=\"NOTICIASMERCEDINAS.COM\" \/>\n<meta name=\"twitter:card\" content=\"summary_large_image\" \/>\n<meta name=\"twitter:creator\" content=\"@notmercedinas\" \/>\n<meta name=\"twitter:site\" content=\"@notmercedinas\" \/>\n<meta name=\"twitter:label1\" content=\"Escrito por\" \/>\n\t<meta name=\"twitter:data1\" content=\"NOTICIASMERCEDINAS.COM\" \/>\n\t<meta name=\"twitter:label2\" content=\"Tiempo de lectura\" \/>\n\t<meta name=\"twitter:data2\" content=\"2 minutos\" \/>\n<script type=\"application\/ld+json\" class=\"yoast-schema-graph\">{\"@context\":\"https:\\\/\\\/schema.org\",\"@graph\":[{\"@type\":\"Article\",\"@id\":\"https:\\\/\\\/noticiasmercedinas.com\\\/site\\\/2024\\\/10\\\/23\\\/da-skate-inicia-su-primera-gira-en-mexico-celebrando-20-anos-de-trayectoria\\\/#article\",\"isPartOf\":{\"@id\":\"https:\\\/\\\/noticiasmercedinas.com\\\/site\\\/2024\\\/10\\\/23\\\/da-skate-inicia-su-primera-gira-en-mexico-celebrando-20-anos-de-trayectoria\\\/\"},\"author\":{\"name\":\"NOTICIASMERCEDINAS.COM\",\"@id\":\"https:\\\/\\\/noticiasmercedinas.com\\\/site\\\/#\\\/schema\\\/person\\\/84b59c099c28ff2e8b77d4ceec5d8063\"},\"headline\":\"Da Skate inicia su primera gira en M\u00e9xico celebrando 20 a\u00f1os de trayectoria\",\"datePublished\":\"2024-10-23T11:22:32+00:00\",\"mainEntityOfPage\":{\"@id\":\"https:\\\/\\\/noticiasmercedinas.com\\\/site\\\/2024\\\/10\\\/23\\\/da-skate-inicia-su-primera-gira-en-mexico-celebrando-20-anos-de-trayectoria\\\/\"},\"wordCount\":367,\"publisher\":{\"@id\":\"https:\\\/\\\/noticiasmercedinas.com\\\/site\\\/#organization\"},\"image\":{\"@id\":\"https:\\\/\\\/noticiasmercedinas.com\\\/site\\\/2024\\\/10\\\/23\\\/da-skate-inicia-su-primera-gira-en-mexico-celebrando-20-anos-de-trayectoria\\\/#primaryimage\"},\"thumbnailUrl\":\"https:\\\/\\\/noticiasmercedinas.com\\\/site\\\/wp-content\\\/uploads\\\/2024\\\/10\\\/464178136_10236267191159949_6380329620793499813_n.jpg\",\"keywords\":[\"da skate\",\"Eugenia Valle\",\"German Pace\",\"gira\",\"Leandro Flores\",\"Marcos Di Federico\",\"mexico\",\"musica\",\"Nicol\u00e1s Malinosky\"],\"articleSection\":[\"Cultura\"],\"inLanguage\":\"es\"},{\"@type\":\"WebPage\",\"@id\":\"https:\\\/\\\/noticiasmercedinas.com\\\/site\\\/2024\\\/10\\\/23\\\/da-skate-inicia-su-primera-gira-en-mexico-celebrando-20-anos-de-trayectoria\\\/\",\"url\":\"https:\\\/\\\/noticiasmercedinas.com\\\/site\\\/2024\\\/10\\\/23\\\/da-skate-inicia-su-primera-gira-en-mexico-celebrando-20-anos-de-trayectoria\\\/\",\"name\":\"Da Skate inicia su primera gira en M\u00e9xico celebrando 20 a\u00f1os de trayectoria\",\"isPartOf\":{\"@id\":\"https:\\\/\\\/noticiasmercedinas.com\\\/site\\\/#website\"},\"primaryImageOfPage\":{\"@id\":\"https:\\\/\\\/noticiasmercedinas.com\\\/site\\\/2024\\\/10\\\/23\\\/da-skate-inicia-su-primera-gira-en-mexico-celebrando-20-anos-de-trayectoria\\\/#primaryimage\"},\"image\":{\"@id\":\"https:\\\/\\\/noticiasmercedinas.com\\\/site\\\/2024\\\/10\\\/23\\\/da-skate-inicia-su-primera-gira-en-mexico-celebrando-20-anos-de-trayectoria\\\/#primaryimage\"},\"thumbnailUrl\":\"https:\\\/\\\/noticiasmercedinas.com\\\/site\\\/wp-content\\\/uploads\\\/2024\\\/10\\\/464178136_10236267191159949_6380329620793499813_n.jpg\",\"datePublished\":\"2024-10-23T11:22:32+00:00\",\"breadcrumb\":{\"@id\":\"https:\\\/\\\/noticiasmercedinas.com\\\/site\\\/2024\\\/10\\\/23\\\/da-skate-inicia-su-primera-gira-en-mexico-celebrando-20-anos-de-trayectoria\\\/#breadcrumb\"},\"inLanguage\":\"es\",\"potentialAction\":[{\"@type\":\"ReadAction\",\"target\":[\"https:\\\/\\\/noticiasmercedinas.com\\\/site\\\/2024\\\/10\\\/23\\\/da-skate-inicia-su-primera-gira-en-mexico-celebrando-20-anos-de-trayectoria\\\/\"]}]},{\"@type\":\"ImageObject\",\"inLanguage\":\"es\",\"@id\":\"https:\\\/\\\/noticiasmercedinas.com\\\/site\\\/2024\\\/10\\\/23\\\/da-skate-inicia-su-primera-gira-en-mexico-celebrando-20-anos-de-trayectoria\\\/#primaryimage\",\"url\":\"https:\\\/\\\/noticiasmercedinas.com\\\/site\\\/wp-content\\\/uploads\\\/2024\\\/10\\\/464178136_10236267191159949_6380329620793499813_n.jpg\",\"contentUrl\":\"https:\\\/\\\/noticiasmercedinas.com\\\/site\\\/wp-content\\\/uploads\\\/2024\\\/10\\\/464178136_10236267191159949_6380329620793499813_n.jpg\",\"width\":1440,\"height\":1440},{\"@type\":\"BreadcrumbList\",\"@id\":\"https:\\\/\\\/noticiasmercedinas.com\\\/site\\\/2024\\\/10\\\/23\\\/da-skate-inicia-su-primera-gira-en-mexico-celebrando-20-anos-de-trayectoria\\\/#breadcrumb\",\"itemListElement\":[{\"@type\":\"ListItem\",\"position\":1,\"name\":\"Portada\",\"item\":\"https:\\\/\\\/noticiasmercedinas.com\\\/site\\\/\"},{\"@type\":\"ListItem\",\"position\":2,\"name\":\"Da Skate inicia su primera gira en M\u00e9xico celebrando 20 a\u00f1os de trayectoria\"}]},{\"@type\":\"WebSite\",\"@id\":\"https:\\\/\\\/noticiasmercedinas.com\\\/site\\\/#website\",\"url\":\"https:\\\/\\\/noticiasmercedinas.com\\\/site\\\/\",\"name\":\"NOTICIASMERCEDINAS.COM\",\"description\":\"Mercedes, Buenos Aires, Argentina\",\"publisher\":{\"@id\":\"https:\\\/\\\/noticiasmercedinas.com\\\/site\\\/#organization\"},\"potentialAction\":[{\"@type\":\"SearchAction\",\"target\":{\"@type\":\"EntryPoint\",\"urlTemplate\":\"https:\\\/\\\/noticiasmercedinas.com\\\/site\\\/?s={search_term_string}\"},\"query-input\":{\"@type\":\"PropertyValueSpecification\",\"valueRequired\":true,\"valueName\":\"search_term_string\"}}],\"inLanguage\":\"es\"},{\"@type\":\"Organization\",\"@id\":\"https:\\\/\\\/noticiasmercedinas.com\\\/site\\\/#organization\",\"name\":\"NOTICIASMERCEDINAS.COM\",\"url\":\"https:\\\/\\\/noticiasmercedinas.com\\\/site\\\/\",\"logo\":{\"@type\":\"ImageObject\",\"inLanguage\":\"es\",\"@id\":\"https:\\\/\\\/noticiasmercedinas.com\\\/site\\\/#\\\/schema\\\/logo\\\/image\\\/\",\"url\":\"https:\\\/\\\/noticiasmercedinas.com\\\/site\\\/wp-content\\\/uploads\\\/2020\\\/06\\\/LOGO-512.jpg\",\"contentUrl\":\"https:\\\/\\\/noticiasmercedinas.com\\\/site\\\/wp-content\\\/uploads\\\/2020\\\/06\\\/LOGO-512.jpg\",\"width\":512,\"height\":512,\"caption\":\"NOTICIASMERCEDINAS.COM\"},\"image\":{\"@id\":\"https:\\\/\\\/noticiasmercedinas.com\\\/site\\\/#\\\/schema\\\/logo\\\/image\\\/\"},\"sameAs\":[\"https:\\\/\\\/www.facebook.com\\\/noticiasmercedinas\\\/\",\"https:\\\/\\\/x.com\\\/notmercedinas\",\"https:\\\/\\\/www.instagram.com\\\/noticiasmercedinas\\\/\"]},{\"@type\":\"Person\",\"@id\":\"https:\\\/\\\/noticiasmercedinas.com\\\/site\\\/#\\\/schema\\\/person\\\/84b59c099c28ff2e8b77d4ceec5d8063\",\"name\":\"NOTICIASMERCEDINAS.COM\",\"image\":{\"@type\":\"ImageObject\",\"inLanguage\":\"es\",\"@id\":\"https:\\\/\\\/secure.gravatar.com\\\/avatar\\\/4dfbf16b4d17945bfb6341b2d19043457132fcf478a5ee04f42e959fd8f5df0a?s=96&d=mm&r=g\",\"url\":\"https:\\\/\\\/secure.gravatar.com\\\/avatar\\\/4dfbf16b4d17945bfb6341b2d19043457132fcf478a5ee04f42e959fd8f5df0a?s=96&d=mm&r=g\",\"contentUrl\":\"https:\\\/\\\/secure.gravatar.com\\\/avatar\\\/4dfbf16b4d17945bfb6341b2d19043457132fcf478a5ee04f42e959fd8f5df0a?s=96&d=mm&r=g\",\"caption\":\"NOTICIASMERCEDINAS.COM\"},\"url\":\"https:\\\/\\\/noticiasmercedinas.com\\\/site\\\/author\\\/anonimo\\\/\"}]}<\/script>\n<!-- \/ Yoast SEO plugin. -->","yoast_head_json":{"title":"Da Skate inicia su primera gira en M\u00e9xico celebrando 20 a\u00f1os de trayectoria","robots":{"index":"index","follow":"follow","max-snippet":"max-snippet:-1","max-image-preview":"max-image-preview:large","max-video-preview":"max-video-preview:-1"},"canonical":"https:\/\/noticiasmercedinas.com\/site\/2024\/10\/23\/da-skate-inicia-su-primera-gira-en-mexico-celebrando-20-anos-de-trayectoria\/","og_locale":"es_ES","og_type":"article","og_title":"Da Skate inicia su primera gira en M\u00e9xico celebrando 20 a\u00f1os de trayectoria","og_description":"\u25a0 Tienen 4 presentaciones comprometidas y todo comenzar\u00e1 en Guadalajara, donde Da Skate se presentar\u00e1 hoy 23 de octubre en el Foro Independencia. Una gira que ser\u00e1 inolvidable","og_url":"https:\/\/noticiasmercedinas.com\/site\/2024\/10\/23\/da-skate-inicia-su-primera-gira-en-mexico-celebrando-20-anos-de-trayectoria\/","og_site_name":"NOTICIASMERCEDINAS.COM","article_publisher":"https:\/\/www.facebook.com\/noticiasmercedinas\/","article_published_time":"2024-10-23T11:22:32+00:00","og_image":[{"width":1440,"height":1440,"url":"https:\/\/noticiasmercedinas.com\/site\/wp-content\/uploads\/2024\/10\/464178136_10236267191159949_6380329620793499813_n.jpg","type":"image\/jpeg"}],"author":"NOTICIASMERCEDINAS.COM","twitter_card":"summary_large_image","twitter_creator":"@notmercedinas","twitter_site":"@notmercedinas","twitter_misc":{"Escrito por":"NOTICIASMERCEDINAS.COM","Tiempo de lectura":"2 minutos"},"schema":{"@context":"https:\/\/schema.org","@graph":[{"@type":"Article","@id":"https:\/\/noticiasmercedinas.com\/site\/2024\/10\/23\/da-skate-inicia-su-primera-gira-en-mexico-celebrando-20-anos-de-trayectoria\/#article","isPartOf":{"@id":"https:\/\/noticiasmercedinas.com\/site\/2024\/10\/23\/da-skate-inicia-su-primera-gira-en-mexico-celebrando-20-anos-de-trayectoria\/"},"author":{"name":"NOTICIASMERCEDINAS.COM","@id":"https:\/\/noticiasmercedinas.com\/site\/#\/schema\/person\/84b59c099c28ff2e8b77d4ceec5d8063"},"headline":"Da Skate inicia su primera gira en M\u00e9xico celebrando 20 a\u00f1os de trayectoria","datePublished":"2024-10-23T11:22:32+00:00","mainEntityOfPage":{"@id":"https:\/\/noticiasmercedinas.com\/site\/2024\/10\/23\/da-skate-inicia-su-primera-gira-en-mexico-celebrando-20-anos-de-trayectoria\/"},"wordCount":367,"publisher":{"@id":"https:\/\/noticiasmercedinas.com\/site\/#organization"},"image":{"@id":"https:\/\/noticiasmercedinas.com\/site\/2024\/10\/23\/da-skate-inicia-su-primera-gira-en-mexico-celebrando-20-anos-de-trayectoria\/#primaryimage"},"thumbnailUrl":"https:\/\/noticiasmercedinas.com\/site\/wp-content\/uploads\/2024\/10\/464178136_10236267191159949_6380329620793499813_n.jpg","keywords":["da skate","Eugenia Valle","German Pace","gira","Leandro Flores","Marcos Di Federico","mexico","musica","Nicol\u00e1s Malinosky"],"articleSection":["Cultura"],"inLanguage":"es"},{"@type":"WebPage","@id":"https:\/\/noticiasmercedinas.com\/site\/2024\/10\/23\/da-skate-inicia-su-primera-gira-en-mexico-celebrando-20-anos-de-trayectoria\/","url":"https:\/\/noticiasmercedinas.com\/site\/2024\/10\/23\/da-skate-inicia-su-primera-gira-en-mexico-celebrando-20-anos-de-trayectoria\/","name":"Da Skate inicia su primera gira en M\u00e9xico celebrando 20 a\u00f1os de trayectoria","isPartOf":{"@id":"https:\/\/noticiasmercedinas.com\/site\/#website"},"primaryImageOfPage":{"@id":"https:\/\/noticiasmercedinas.com\/site\/2024\/10\/23\/da-skate-inicia-su-primera-gira-en-mexico-celebrando-20-anos-de-trayectoria\/#primaryimage"},"image":{"@id":"https:\/\/noticiasmercedinas.com\/site\/2024\/10\/23\/da-skate-inicia-su-primera-gira-en-mexico-celebrando-20-anos-de-trayectoria\/#primaryimage"},"thumbnailUrl":"https:\/\/noticiasmercedinas.com\/site\/wp-content\/uploads\/2024\/10\/464178136_10236267191159949_6380329620793499813_n.jpg","datePublished":"2024-10-23T11:22:32+00:00","breadcrumb":{"@id":"https:\/\/noticiasmercedinas.com\/site\/2024\/10\/23\/da-skate-inicia-su-primera-gira-en-mexico-celebrando-20-anos-de-trayectoria\/#breadcrumb"},"inLanguage":"es","potentialAction":[{"@type":"ReadAction","target":["https:\/\/noticiasmercedinas.com\/site\/2024\/10\/23\/da-skate-inicia-su-primera-gira-en-mexico-celebrando-20-anos-de-trayectoria\/"]}]},{"@type":"ImageObject","inLanguage":"es","@id":"https:\/\/noticiasmercedinas.com\/site\/2024\/10\/23\/da-skate-inicia-su-primera-gira-en-mexico-celebrando-20-anos-de-trayectoria\/#primaryimage","url":"https:\/\/noticiasmercedinas.com\/site\/wp-content\/uploads\/2024\/10\/464178136_10236267191159949_6380329620793499813_n.jpg","contentUrl":"https:\/\/noticiasmercedinas.com\/site\/wp-content\/uploads\/2024\/10\/464178136_10236267191159949_6380329620793499813_n.jpg","width":1440,"height":1440},{"@type":"BreadcrumbList","@id":"https:\/\/noticiasmercedinas.com\/site\/2024\/10\/23\/da-skate-inicia-su-primera-gira-en-mexico-celebrando-20-anos-de-trayectoria\/#breadcrumb","itemListElement":[{"@type":"ListItem","position":1,"name":"Portada","item":"https:\/\/noticiasmercedinas.com\/site\/"},{"@type":"ListItem","position":2,"name":"Da Skate inicia su primera gira en M\u00e9xico celebrando 20 a\u00f1os de trayectoria"}]},{"@type":"WebSite","@id":"https:\/\/noticiasmercedinas.com\/site\/#website","url":"https:\/\/noticiasmercedinas.com\/site\/","name":"NOTICIASMERCEDINAS.COM","description":"Mercedes, Buenos Aires, Argentina","publisher":{"@id":"https:\/\/noticiasmercedinas.com\/site\/#organization"},"potentialAction":[{"@type":"SearchAction","target":{"@type":"EntryPoint","urlTemplate":"https:\/\/noticiasmercedinas.com\/site\/?s={search_term_string}"},"query-input":{"@type":"PropertyValueSpecification","valueRequired":true,"valueName":"search_term_string"}}],"inLanguage":"es"},{"@type":"Organization","@id":"https:\/\/noticiasmercedinas.com\/site\/#organization","name":"NOTICIASMERCEDINAS.COM","url":"https:\/\/noticiasmercedinas.com\/site\/","logo":{"@type":"ImageObject","inLanguage":"es","@id":"https:\/\/noticiasmercedinas.com\/site\/#\/schema\/logo\/image\/","url":"https:\/\/noticiasmercedinas.com\/site\/wp-content\/uploads\/2020\/06\/LOGO-512.jpg","contentUrl":"https:\/\/noticiasmercedinas.com\/site\/wp-content\/uploads\/2020\/06\/LOGO-512.jpg","width":512,"height":512,"caption":"NOTICIASMERCEDINAS.COM"},"image":{"@id":"https:\/\/noticiasmercedinas.com\/site\/#\/schema\/logo\/image\/"},"sameAs":["https:\/\/www.facebook.com\/noticiasmercedinas\/","https:\/\/x.com\/notmercedinas","https:\/\/www.instagram.com\/noticiasmercedinas\/"]},{"@type":"Person","@id":"https:\/\/noticiasmercedinas.com\/site\/#\/schema\/person\/84b59c099c28ff2e8b77d4ceec5d8063","name":"NOTICIASMERCEDINAS.COM","image":{"@type":"ImageObject","inLanguage":"es","@id":"https:\/\/secure.gravatar.com\/avatar\/4dfbf16b4d17945bfb6341b2d19043457132fcf478a5ee04f42e959fd8f5df0a?s=96&d=mm&r=g","url":"https:\/\/secure.gravatar.com\/avatar\/4dfbf16b4d17945bfb6341b2d19043457132fcf478a5ee04f42e959fd8f5df0a?s=96&d=mm&r=g","contentUrl":"https:\/\/secure.gravatar.com\/avatar\/4dfbf16b4d17945bfb6341b2d19043457132fcf478a5ee04f42e959fd8f5df0a?s=96&d=mm&r=g","caption":"NOTICIASMERCEDINAS.COM"},"url":"https:\/\/noticiasmercedinas.com\/site\/author\/anonimo\/"}]}},"amp_enabled":true,"_links":{"self":[{"href":"https:\/\/noticiasmercedinas.com\/site\/wp-json\/wp\/v2\/posts\/146777","targetHints":{"allow":["GET"]}}],"collection":[{"href":"https:\/\/noticiasmercedinas.com\/site\/wp-json\/wp\/v2\/posts"}],"about":[{"href":"https:\/\/noticiasmercedinas.com\/site\/wp-json\/wp\/v2\/types\/post"}],"author":[{"embeddable":true,"href":"https:\/\/noticiasmercedinas.com\/site\/wp-json\/wp\/v2\/users\/16"}],"replies":[{"embeddable":true,"href":"https:\/\/noticiasmercedinas.com\/site\/wp-json\/wp\/v2\/comments?post=146777"}],"version-history":[{"count":1,"href":"https:\/\/noticiasmercedinas.com\/site\/wp-json\/wp\/v2\/posts\/146777\/revisions"}],"predecessor-version":[{"id":146779,"href":"https:\/\/noticiasmercedinas.com\/site\/wp-json\/wp\/v2\/posts\/146777\/revisions\/146779"}],"wp:featuredmedia":[{"embeddable":true,"href":"https:\/\/noticiasmercedinas.com\/site\/wp-json\/wp\/v2\/media\/146778"}],"wp:attachment":[{"href":"https:\/\/noticiasmercedinas.com\/site\/wp-json\/wp\/v2\/media?parent=146777"}],"wp:term":[{"taxonomy":"category","embeddable":true,"href":"https:\/\/noticiasmercedinas.com\/site\/wp-json\/wp\/v2\/categories?post=146777"},{"taxonomy":"post_tag","embeddable":true,"href":"https:\/\/noticiasmercedinas.com\/site\/wp-json\/wp\/v2\/tags?post=146777"}],"curies":[{"name":"wp","href":"https:\/\/api.w.org\/{rel}","templated":true}]}}